{"id":18076,"date":"2022-03-09T00:01:00","date_gmt":"2022-03-08T23:01:00","guid":{"rendered":"https:\/\/lasentinelle.dz\/?p=18076"},"modified":"2022-03-08T17:50:59","modified_gmt":"2022-03-08T16:50:59","slug":"climat-des-affaires-plaidoyer-pour-la-stabilite-reglementaire","status":"publish","type":"post","link":"https:\/\/lasentinelle.dz\/index.php\/2022\/03\/09\/climat-des-affaires-plaidoyer-pour-la-stabilite-reglementaire\/","title":{"rendered":"Climat des affaires\u00a0: Plaidoyer pour la stabilit\u00e9 r\u00e9glementaire"},"content":{"rendered":"\n<p>Prenant part \u00e0 une rencontre intitul\u00e9e \u00ab\u00a0Legal Business Forum\u00a0\u00bb tenue hier \u00e0 Alger, de nombreux op\u00e9rateurs \u00e9conomiques s&rsquo;accordaient \u00e0 dire que l&rsquo;am\u00e9lioration du climat des affaires en Alg\u00e9rie \u00e0 m\u00eame d&rsquo;encourager l&rsquo;investissement notamment \u00e9tranger passe n\u00e9cessairement par une grande stabilisation des textes juridiques et l&rsquo;acc\u00e9l\u00e9ration des op\u00e9rations de num\u00e9risation et de digitalisation du monde \u00e9conomique et surtout de l&rsquo;administration outre le syst\u00e8me financier et bancaire.&nbsp;&nbsp;&nbsp;\u201cLa stabilit\u00e9 des lois pendant au moins une dizaine d&rsquo;ann\u00e9es est primordiale\u201d, a ainsi consid\u00e9r\u00e9 le pr\u00e9sident de la Conf\u00e9d\u00e9ration Alg\u00e9rienne du Patronat Citoyen, Samy Agli, qui a \u00e9galement estim\u00e9 comme \u201cimp\u00e9rieuse et cruciale la num\u00e9risation et la digitalisation de tous les domaines\u201d. Pour parvenir \u00e0 \u00ab\u00a0d\u00e9materialiser\u00a0\u00bb l&rsquo;\u00e9conomie, Ajoute-t-il, \u201cil faut que les lois suivent le rythme de l&rsquo;\u00e9volution du monde \u00e9conomique au niveau national et au niveau international\u201d.&nbsp;Un point de vue partag\u00e9 par le P.DG de la compagnie d&rsquo;assurance MacirVie, Mohamed Hakim Soufi, qui a expliqu\u00e9 que \u201cla stabilit\u00e9 des lois contribuerait \u00e0 construire un climat de&nbsp;&nbsp;confiance et \u00e0 rassurer les investisseurs locaux ou \u00e9trangers\u00a0\u00bb. Soufi recommandera cependant la r\u00e9vision du cadre juridique pour parvenir \u00e0 mettre en place les jalons juridiques n\u00e9cessaires&nbsp;&nbsp;et \u00e0 m\u00eame de booster l&rsquo;InsureTech (l&rsquo;assurance digitale), un domaine dans lequel les startups sont en mesure de r\u00e9aliser une croissance \u00e9conomique \u00ab\u00a0tr\u00e8s rapide\u00a0\u00bb, note-t-il.&nbsp;&nbsp;Quant \u00e0 elle, la Pr\u00e9sidente Directrice G\u00e9n\u00e9rale de la compagnie d&rsquo;assurance Cash Assurance, Wided Belhouchet, celle-ci a consid\u00e9r\u00e9 que l&rsquo;investissement n\u00e9cessite \u00a0\u00bb un environnement stable et encourageant\u00a0\u00bb, particuli\u00e8rement en mati\u00e8re de cadre juridique. La m\u00eame responsable regrettera que \u201cla publication des lois est d&rsquo;une grande lenteur\u201d. Chose pour laquelle, estime-t-elle, \u201cil faudra mettre en place un dispositif complet\u00a0\u00bb pour pouvoir se projeter localement ou \u00e0 l&rsquo;international, notamment en mati\u00e8re de fiscalit\u00e9.Par ailleurs, tout en appelant \u00e0 l&rsquo;encouragement des investisseurs \u00e9trangers pour aller au-del\u00e0 de l&rsquo;exploration et de l&rsquo;exploitation des gisements, en activant dans le traitement et la transformation des minerais, le directeur g\u00e9n\u00e9ral du Groupe industriel minier Manadjim El Djazair (MANAL), Mohamed Sakhr Harami, a fait \u00e9tat, quant \u00e0 lui, de l&rsquo;existence d&rsquo;\u00e9normes opportunit\u00e9s d&rsquo;investissement dans le domaine minier en Alg\u00e9rie.&nbsp;Partageant le m\u00eame point de vue que les participants au panel, le Directeur G\u00e9n\u00e9ral de CitiBank, Ramz Hamzaoui, a, pour sa part, pr\u00e9conis\u00e9 de lever la r\u00e8gle 49\/51 sur plusieurs secteurs afin de rendre l&rsquo;Alg\u00e9rie \u00ab\u00a0plus attractive\u00a0\u00bb pour les investisseurs \u00e9trangers. Le m\u00eame responsable a \u00e9galement insist\u00e9 sur la n\u00e9cessit\u00e9 d&rsquo;assurer une stabilit\u00e9 du cadre r\u00e9glementaire pour une dur\u00e9e de 10 ans au minimum.&nbsp;Enfin, il est rappeler que le panel est organis\u00e9 par&nbsp;&nbsp;la startup alg\u00e9rienne Legal Doctrine, sp\u00e9cialis\u00e9e dans la collecte et la mise en ligne de textes de loi et d\u00e9cisions de justice des pays en Afrique.&nbsp;<\/p>\n\n\n\n<p><strong>K. Nait Ameur<\/strong><\/p>\n","protected":false},"excerpt":{"rendered":"<p>Prenant part \u00e0 une rencontre intitul\u00e9e \u00ab\u00a0Legal Business Forum\u00a0\u00bb tenue hier \u00e0 Alger, de nombreux op\u00e9rateurs \u00e9conomiques s&rsquo;accordaient \u00e0 dire<\/p>\n","protected":false},"author":3,"featured_media":18098,"comment_status":"open","ping_status":"closed","sticky":false,"template":"","format":"standard","meta":{"colormag_page_container_layout":"default_layout","colormag_page_sidebar_layout":"default_layout","om_disable_all_campaigns":false,"_monsterinsights_skip_tracking":false,"_monsterinsights_sitenote_active":false,"_monsterinsights_sitenote_note":"","_monsterinsights_sitenote_category":0,"footnotes":"","_wpscppro_dont_share_socialmedia":false,"_wpscppro_custom_social_share_image":0,"_facebook_share_type":"","_twitter_share_type":"","_linkedin_share_type":"","_pinterest_share_type":"","_linkedin_share_type_page":"","_instagram_share_type":"","_medium_share_type":"","_threads_share_type":"","_google_business_share_type":"","_selected_social_profile":[],"_wpsp_enable_custom_social_template":false,"_wpsp_social_scheduling":{"enabled":false,"datetime":null,"platforms":[],"status":"template_only","dateOption":"today","timeOption":"now","customDays":"","customHours":"","customDate":"","customTime":"","schedulingType":"absolute"},"_wpsp_active_default_template":true},"categories":[29],"tags":[],"class_list":["post-18076","post","type-post","status-publish","format-standard","has-post-thumbnail","hentry","category-economie"],"aioseo_notices":[],"yoast_head":"<!-- This site is optimized with the Yoast SEO plugin v27.5 - https:\/\/yoast.com\/product\/yoast-seo-wordpress\/ -->\n<title>Climat des affaires\u00a0: Plaidoyer pour la stabilit\u00e9 r\u00e9glementaire - La Sentinelle<\/title>\n<meta name=\"robots\" content=\"index, follow, max-snippet:-1, max-image-preview:large, max-video-preview:-1\" \/>\n<link rel=\"canonical\" href=\"https:\/\/lasentinelle.dz\/index.php\/2022\/03\/09\/climat-des-affaires-plaidoyer-pour-la-stabilite-reglementaire\/\" \/>\n<meta property=\"og:locale\" content=\"fr_FR\" \/>\n<meta property=\"og:type\" content=\"article\" \/>\n<meta property=\"og:title\" content=\"Climat des affaires\u00a0: Plaidoyer pour la stabilit\u00e9 r\u00e9glementaire - La Sentinelle\" \/>\n<meta property=\"og:description\" content=\"Prenant part \u00e0 une rencontre intitul\u00e9e \u00ab\u00a0Legal Business Forum\u00a0\u00bb tenue hier \u00e0 Alger, de nombreux op\u00e9rateurs \u00e9conomiques s&rsquo;accordaient \u00e0 dire\" \/>\n<meta property=\"og:url\" content=\"https:\/\/lasentinelle.dz\/index.php\/2022\/03\/09\/climat-des-affaires-plaidoyer-pour-la-stabilite-reglementaire\/\" \/>\n<meta property=\"og:site_name\" content=\"La Sentinelle\" \/>\n<meta property=\"article:publisher\" content=\"https:\/\/www.facebook.com\/La-Sentinelle-104059864394773\" \/>\n<meta property=\"article:published_time\" content=\"2022-03-08T23:01:00+00:00\" \/>\n<meta property=\"og:image\" content=\"https:\/\/lasentinelle.dz\/wp-content\/uploads\/2022\/03\/19071541lpw-19071568-article-jpg_6319650_1250x625.jpg\" \/>\n\t<meta property=\"og:image:width\" content=\"1250\" \/>\n\t<meta property=\"og:image:height\" content=\"625\" \/>\n\t<meta property=\"og:image:type\" content=\"image\/jpeg\" \/>\n<meta name=\"author\" content=\"La Sentinelle\" \/>\n<meta name=\"twitter:card\" content=\"summary_large_image\" \/>\n<meta name=\"twitter:label1\" content=\"\u00c9crit par\" \/>\n\t<meta name=\"twitter:data1\" content=\"La Sentinelle\" \/>\n\t<meta name=\"twitter:label2\" content=\"Dur\u00e9e de lecture estim\u00e9e\" \/>\n\t<meta name=\"twitter:data2\" content=\"3 minutes\" \/>\n<script type=\"application\/ld+json\" class=\"yoast-schema-graph\">{\"@context\":\"https:\\\/\\\/schema.org\",\"@graph\":[{\"@type\":\"Article\",\"@id\":\"https:\\\/\\\/lasentinelle.dz\\\/index.php\\\/2022\\\/03\\\/09\\\/climat-des-affaires-plaidoyer-pour-la-stabilite-reglementaire\\\/#article\",\"isPartOf\":{\"@id\":\"https:\\\/\\\/lasentinelle.dz\\\/index.php\\\/2022\\\/03\\\/09\\\/climat-des-affaires-plaidoyer-pour-la-stabilite-reglementaire\\\/\"},\"author\":{\"name\":\"La Sentinelle\",\"@id\":\"https:\\\/\\\/lasentinelle.dz\\\/#\\\/schema\\\/person\\\/d865044e22e70a75174ce8bcad3acfb3\"},\"headline\":\"Climat des affaires\u00a0: Plaidoyer pour la stabilit\u00e9 r\u00e9glementaire\",\"datePublished\":\"2022-03-08T23:01:00+00:00\",\"mainEntityOfPage\":{\"@id\":\"https:\\\/\\\/lasentinelle.dz\\\/index.php\\\/2022\\\/03\\\/09\\\/climat-des-affaires-plaidoyer-pour-la-stabilite-reglementaire\\\/\"},\"wordCount\":536,\"commentCount\":0,\"publisher\":{\"@id\":\"https:\\\/\\\/lasentinelle.dz\\\/#organization\"},\"image\":{\"@id\":\"https:\\\/\\\/lasentinelle.dz\\\/index.php\\\/2022\\\/03\\\/09\\\/climat-des-affaires-plaidoyer-pour-la-stabilite-reglementaire\\\/#primaryimage\"},\"thumbnailUrl\":\"https:\\\/\\\/lasentinelle.dz\\\/wp-content\\\/uploads\\\/2022\\\/03\\\/19071541lpw-19071568-article-jpg_6319650_1250x625.jpg\",\"articleSection\":[\"\u00c9conomie\"],\"inLanguage\":\"fr-FR\",\"potentialAction\":[{\"@type\":\"CommentAction\",\"name\":\"Comment\",\"target\":[\"https:\\\/\\\/lasentinelle.dz\\\/index.php\\\/2022\\\/03\\\/09\\\/climat-des-affaires-plaidoyer-pour-la-stabilite-reglementaire\\\/#respond\"]}]},{\"@type\":\"WebPage\",\"@id\":\"https:\\\/\\\/lasentinelle.dz\\\/index.php\\\/2022\\\/03\\\/09\\\/climat-des-affaires-plaidoyer-pour-la-stabilite-reglementaire\\\/\",\"url\":\"https:\\\/\\\/lasentinelle.dz\\\/index.php\\\/2022\\\/03\\\/09\\\/climat-des-affaires-plaidoyer-pour-la-stabilite-reglementaire\\\/\",\"name\":\"Climat des affaires\u00a0: Plaidoyer pour la stabilit\u00e9 r\u00e9glementaire - La Sentinelle\",\"isPartOf\":{\"@id\":\"https:\\\/\\\/lasentinelle.dz\\\/#website\"},\"primaryImageOfPage\":{\"@id\":\"https:\\\/\\\/lasentinelle.dz\\\/index.php\\\/2022\\\/03\\\/09\\\/climat-des-affaires-plaidoyer-pour-la-stabilite-reglementaire\\\/#primaryimage\"},\"image\":{\"@id\":\"https:\\\/\\\/lasentinelle.dz\\\/index.php\\\/2022\\\/03\\\/09\\\/climat-des-affaires-plaidoyer-pour-la-stabilite-reglementaire\\\/#primaryimage\"},\"thumbnailUrl\":\"https:\\\/\\\/lasentinelle.dz\\\/wp-content\\\/uploads\\\/2022\\\/03\\\/19071541lpw-19071568-article-jpg_6319650_1250x625.jpg\",\"datePublished\":\"2022-03-08T23:01:00+00:00\",\"breadcrumb\":{\"@id\":\"https:\\\/\\\/lasentinelle.dz\\\/index.php\\\/2022\\\/03\\\/09\\\/climat-des-affaires-plaidoyer-pour-la-stabilite-reglementaire\\\/#breadcrumb\"},\"inLanguage\":\"fr-FR\",\"potentialAction\":[{\"@type\":\"ReadAction\",\"target\":[\"https:\\\/\\\/lasentinelle.dz\\\/index.php\\\/2022\\\/03\\\/09\\\/climat-des-affaires-plaidoyer-pour-la-stabilite-reglementaire\\\/\"]}]},{\"@type\":\"ImageObject\",\"inLanguage\":\"fr-FR\",\"@id\":\"https:\\\/\\\/lasentinelle.dz\\\/index.php\\\/2022\\\/03\\\/09\\\/climat-des-affaires-plaidoyer-pour-la-stabilite-reglementaire\\\/#primaryimage\",\"url\":\"https:\\\/\\\/lasentinelle.dz\\\/wp-content\\\/uploads\\\/2022\\\/03\\\/19071541lpw-19071568-article-jpg_6319650_1250x625.jpg\",\"contentUrl\":\"https:\\\/\\\/lasentinelle.dz\\\/wp-content\\\/uploads\\\/2022\\\/03\\\/19071541lpw-19071568-article-jpg_6319650_1250x625.jpg\",\"width\":1250,\"height\":625},{\"@type\":\"BreadcrumbList\",\"@id\":\"https:\\\/\\\/lasentinelle.dz\\\/index.php\\\/2022\\\/03\\\/09\\\/climat-des-affaires-plaidoyer-pour-la-stabilite-reglementaire\\\/#breadcrumb\",\"itemListElement\":[{\"@type\":\"ListItem\",\"position\":1,\"name\":\"Accueil\",\"item\":\"https:\\\/\\\/lasentinelle.dz\\\/\"},{\"@type\":\"ListItem\",\"position\":2,\"name\":\"Climat des affaires\u00a0: Plaidoyer pour la stabilit\u00e9 r\u00e9glementaire\"}]},{\"@type\":\"WebSite\",\"@id\":\"https:\\\/\\\/lasentinelle.dz\\\/#website\",\"url\":\"https:\\\/\\\/lasentinelle.dz\\\/\",\"name\":\"La Sentinelle\",\"description\":\"Quotidien national d&#039;information\",\"publisher\":{\"@id\":\"https:\\\/\\\/lasentinelle.dz\\\/#organization\"},\"potentialAction\":[{\"@type\":\"SearchAction\",\"target\":{\"@type\":\"EntryPoint\",\"urlTemplate\":\"https:\\\/\\\/lasentinelle.dz\\\/?s={search_term_string}\"},\"query-input\":{\"@type\":\"PropertyValueSpecification\",\"valueRequired\":true,\"valueName\":\"search_term_string\"}}],\"inLanguage\":\"fr-FR\"},{\"@type\":\"Organization\",\"@id\":\"https:\\\/\\\/lasentinelle.dz\\\/#organization\",\"name\":\"Quotidien La Sentinelle\",\"url\":\"https:\\\/\\\/lasentinelle.dz\\\/\",\"logo\":{\"@type\":\"ImageObject\",\"inLanguage\":\"fr-FR\",\"@id\":\"https:\\\/\\\/lasentinelle.dz\\\/#\\\/schema\\\/logo\\\/image\\\/\",\"url\":\"https:\\\/\\\/lasentinelle.dz\\\/wp-content\\\/uploads\\\/2021\\\/09\\\/logo-sentinelleSLOGAN-1.png\",\"contentUrl\":\"https:\\\/\\\/lasentinelle.dz\\\/wp-content\\\/uploads\\\/2021\\\/09\\\/logo-sentinelleSLOGAN-1.png\",\"width\":615,\"height\":142,\"caption\":\"Quotidien La Sentinelle\"},\"image\":{\"@id\":\"https:\\\/\\\/lasentinelle.dz\\\/#\\\/schema\\\/logo\\\/image\\\/\"},\"sameAs\":[\"https:\\\/\\\/www.facebook.com\\\/La-Sentinelle-104059864394773\"]},{\"@type\":\"Person\",\"@id\":\"https:\\\/\\\/lasentinelle.dz\\\/#\\\/schema\\\/person\\\/d865044e22e70a75174ce8bcad3acfb3\",\"name\":\"La Sentinelle\",\"image\":{\"@type\":\"ImageObject\",\"inLanguage\":\"fr-FR\",\"@id\":\"https:\\\/\\\/secure.gravatar.com\\\/avatar\\\/57de8e5d4b15d43fb361a71fbb36338450fe67865b528a43dd10ef7c51a20392?s=96&d=mm&r=g\",\"url\":\"https:\\\/\\\/secure.gravatar.com\\\/avatar\\\/57de8e5d4b15d43fb361a71fbb36338450fe67865b528a43dd10ef7c51a20392?s=96&d=mm&r=g\",\"contentUrl\":\"https:\\\/\\\/secure.gravatar.com\\\/avatar\\\/57de8e5d4b15d43fb361a71fbb36338450fe67865b528a43dd10ef7c51a20392?s=96&d=mm&r=g\",\"caption\":\"La Sentinelle\"},\"sameAs\":[\"http:\\\/\\\/www.lasentinelle.dz\"],\"url\":\"https:\\\/\\\/lasentinelle.dz\\\/author\\\/redaction\\\/\"}]}<\/script>\n<!-- \/ Yoast SEO plugin. -->","yoast_head_json":{"title":"Climat des affaires\u00a0: Plaidoyer pour la stabilit\u00e9 r\u00e9glementaire - La Sentinelle","robots":{"index":"index","follow":"follow","max-snippet":"max-snippet:-1","max-image-preview":"max-image-preview:large","max-video-preview":"max-video-preview:-1"},"canonical":"https:\/\/lasentinelle.dz\/index.php\/2022\/03\/09\/climat-des-affaires-plaidoyer-pour-la-stabilite-reglementaire\/","og_locale":"fr_FR","og_type":"article","og_title":"Climat des affaires\u00a0: Plaidoyer pour la stabilit\u00e9 r\u00e9glementaire - La Sentinelle","og_description":"Prenant part \u00e0 une rencontre intitul\u00e9e \u00ab\u00a0Legal Business Forum\u00a0\u00bb tenue hier \u00e0 Alger, de nombreux op\u00e9rateurs \u00e9conomiques s&rsquo;accordaient \u00e0 dire","og_url":"https:\/\/lasentinelle.dz\/index.php\/2022\/03\/09\/climat-des-affaires-plaidoyer-pour-la-stabilite-reglementaire\/","og_site_name":"La Sentinelle","article_publisher":"https:\/\/www.facebook.com\/La-Sentinelle-104059864394773","article_published_time":"2022-03-08T23:01:00+00:00","og_image":[{"width":1250,"height":625,"url":"https:\/\/lasentinelle.dz\/wp-content\/uploads\/2022\/03\/19071541lpw-19071568-article-jpg_6319650_1250x625.jpg","type":"image\/jpeg"}],"author":"La Sentinelle","twitter_card":"summary_large_image","twitter_misc":{"\u00c9crit par":"La Sentinelle","Dur\u00e9e de lecture estim\u00e9e":"3 minutes"},"schema":{"@context":"https:\/\/schema.org","@graph":[{"@type":"Article","@id":"https:\/\/lasentinelle.dz\/index.php\/2022\/03\/09\/climat-des-affaires-plaidoyer-pour-la-stabilite-reglementaire\/#article","isPartOf":{"@id":"https:\/\/lasentinelle.dz\/index.php\/2022\/03\/09\/climat-des-affaires-plaidoyer-pour-la-stabilite-reglementaire\/"},"author":{"name":"La Sentinelle","@id":"https:\/\/lasentinelle.dz\/#\/schema\/person\/d865044e22e70a75174ce8bcad3acfb3"},"headline":"Climat des affaires\u00a0: Plaidoyer pour la stabilit\u00e9 r\u00e9glementaire","datePublished":"2022-03-08T23:01:00+00:00","mainEntityOfPage":{"@id":"https:\/\/lasentinelle.dz\/index.php\/2022\/03\/09\/climat-des-affaires-plaidoyer-pour-la-stabilite-reglementaire\/"},"wordCount":536,"commentCount":0,"publisher":{"@id":"https:\/\/lasentinelle.dz\/#organization"},"image":{"@id":"https:\/\/lasentinelle.dz\/index.php\/2022\/03\/09\/climat-des-affaires-plaidoyer-pour-la-stabilite-reglementaire\/#primaryimage"},"thumbnailUrl":"https:\/\/lasentinelle.dz\/wp-content\/uploads\/2022\/03\/19071541lpw-19071568-article-jpg_6319650_1250x625.jpg","articleSection":["\u00c9conomie"],"inLanguage":"fr-FR","potentialAction":[{"@type":"CommentAction","name":"Comment","target":["https:\/\/lasentinelle.dz\/index.php\/2022\/03\/09\/climat-des-affaires-plaidoyer-pour-la-stabilite-reglementaire\/#respond"]}]},{"@type":"WebPage","@id":"https:\/\/lasentinelle.dz\/index.php\/2022\/03\/09\/climat-des-affaires-plaidoyer-pour-la-stabilite-reglementaire\/","url":"https:\/\/lasentinelle.dz\/index.php\/2022\/03\/09\/climat-des-affaires-plaidoyer-pour-la-stabilite-reglementaire\/","name":"Climat des affaires\u00a0: Plaidoyer pour la stabilit\u00e9 r\u00e9glementaire - La Sentinelle","isPartOf":{"@id":"https:\/\/lasentinelle.dz\/#website"},"primaryImageOfPage":{"@id":"https:\/\/lasentinelle.dz\/index.php\/2022\/03\/09\/climat-des-affaires-plaidoyer-pour-la-stabilite-reglementaire\/#primaryimage"},"image":{"@id":"https:\/\/lasentinelle.dz\/index.php\/2022\/03\/09\/climat-des-affaires-plaidoyer-pour-la-stabilite-reglementaire\/#primaryimage"},"thumbnailUrl":"https:\/\/lasentinelle.dz\/wp-content\/uploads\/2022\/03\/19071541lpw-19071568-article-jpg_6319650_1250x625.jpg","datePublished":"2022-03-08T23:01:00+00:00","breadcrumb":{"@id":"https:\/\/lasentinelle.dz\/index.php\/2022\/03\/09\/climat-des-affaires-plaidoyer-pour-la-stabilite-reglementaire\/#breadcrumb"},"inLanguage":"fr-FR","potentialAction":[{"@type":"ReadAction","target":["https:\/\/lasentinelle.dz\/index.php\/2022\/03\/09\/climat-des-affaires-plaidoyer-pour-la-stabilite-reglementaire\/"]}]},{"@type":"ImageObject","inLanguage":"fr-FR","@id":"https:\/\/lasentinelle.dz\/index.php\/2022\/03\/09\/climat-des-affaires-plaidoyer-pour-la-stabilite-reglementaire\/#primaryimage","url":"https:\/\/lasentinelle.dz\/wp-content\/uploads\/2022\/03\/19071541lpw-19071568-article-jpg_6319650_1250x625.jpg","contentUrl":"https:\/\/lasentinelle.dz\/wp-content\/uploads\/2022\/03\/19071541lpw-19071568-article-jpg_6319650_1250x625.jpg","width":1250,"height":625},{"@type":"BreadcrumbList","@id":"https:\/\/lasentinelle.dz\/index.php\/2022\/03\/09\/climat-des-affaires-plaidoyer-pour-la-stabilite-reglementaire\/#breadcrumb","itemListElement":[{"@type":"ListItem","position":1,"name":"Accueil","item":"https:\/\/lasentinelle.dz\/"},{"@type":"ListItem","position":2,"name":"Climat des affaires\u00a0: Plaidoyer pour la stabilit\u00e9 r\u00e9glementaire"}]},{"@type":"WebSite","@id":"https:\/\/lasentinelle.dz\/#website","url":"https:\/\/lasentinelle.dz\/","name":"La Sentinelle","description":"Quotidien national d&#039;information","publisher":{"@id":"https:\/\/lasentinelle.dz\/#organization"},"potentialAction":[{"@type":"SearchAction","target":{"@type":"EntryPoint","urlTemplate":"https:\/\/lasentinelle.dz\/?s={search_term_string}"},"query-input":{"@type":"PropertyValueSpecification","valueRequired":true,"valueName":"search_term_string"}}],"inLanguage":"fr-FR"},{"@type":"Organization","@id":"https:\/\/lasentinelle.dz\/#organization","name":"Quotidien La Sentinelle","url":"https:\/\/lasentinelle.dz\/","logo":{"@type":"ImageObject","inLanguage":"fr-FR","@id":"https:\/\/lasentinelle.dz\/#\/schema\/logo\/image\/","url":"https:\/\/lasentinelle.dz\/wp-content\/uploads\/2021\/09\/logo-sentinelleSLOGAN-1.png","contentUrl":"https:\/\/lasentinelle.dz\/wp-content\/uploads\/2021\/09\/logo-sentinelleSLOGAN-1.png","width":615,"height":142,"caption":"Quotidien La Sentinelle"},"image":{"@id":"https:\/\/lasentinelle.dz\/#\/schema\/logo\/image\/"},"sameAs":["https:\/\/www.facebook.com\/La-Sentinelle-104059864394773"]},{"@type":"Person","@id":"https:\/\/lasentinelle.dz\/#\/schema\/person\/d865044e22e70a75174ce8bcad3acfb3","name":"La Sentinelle","image":{"@type":"ImageObject","inLanguage":"fr-FR","@id":"https:\/\/secure.gravatar.com\/avatar\/57de8e5d4b15d43fb361a71fbb36338450fe67865b528a43dd10ef7c51a20392?s=96&d=mm&r=g","url":"https:\/\/secure.gravatar.com\/avatar\/57de8e5d4b15d43fb361a71fbb36338450fe67865b528a43dd10ef7c51a20392?s=96&d=mm&r=g","contentUrl":"https:\/\/secure.gravatar.com\/avatar\/57de8e5d4b15d43fb361a71fbb36338450fe67865b528a43dd10ef7c51a20392?s=96&d=mm&r=g","caption":"La Sentinelle"},"sameAs":["http:\/\/www.lasentinelle.dz"],"url":"https:\/\/lasentinelle.dz\/author\/redaction\/"}]}},"_links":{"self":[{"href":"https:\/\/lasentinelle.dz\/index.php\/wp-json\/wp\/v2\/posts\/18076","targetHints":{"allow":["GET"]}}],"collection":[{"href":"https:\/\/lasentinelle.dz\/index.php\/wp-json\/wp\/v2\/posts"}],"about":[{"href":"https:\/\/lasentinelle.dz\/index.php\/wp-json\/wp\/v2\/types\/post"}],"author":[{"embeddable":true,"href":"https:\/\/lasentinelle.dz\/index.php\/wp-json\/wp\/v2\/users\/3"}],"replies":[{"embeddable":true,"href":"https:\/\/lasentinelle.dz\/index.php\/wp-json\/wp\/v2\/comments?post=18076"}],"version-history":[{"count":1,"href":"https:\/\/lasentinelle.dz\/index.php\/wp-json\/wp\/v2\/posts\/18076\/revisions"}],"predecessor-version":[{"id":18099,"href":"https:\/\/lasentinelle.dz\/index.php\/wp-json\/wp\/v2\/posts\/18076\/revisions\/18099"}],"wp:featuredmedia":[{"embeddable":true,"href":"https:\/\/lasentinelle.dz\/index.php\/wp-json\/wp\/v2\/media\/18098"}],"wp:attachment":[{"href":"https:\/\/lasentinelle.dz\/index.php\/wp-json\/wp\/v2\/media?parent=18076"}],"wp:term":[{"taxonomy":"category","embeddable":true,"href":"https:\/\/lasentinelle.dz\/index.php\/wp-json\/wp\/v2\/categories?post=18076"},{"taxonomy":"post_tag","embeddable":true,"href":"https:\/\/lasentinelle.dz\/index.php\/wp-json\/wp\/v2\/tags?post=18076"}],"curies":[{"name":"wp","href":"https:\/\/api.w.org\/{rel}","templated":true}]}}