{"id":18082,"date":"2022-03-09T00:01:00","date_gmt":"2022-03-08T23:01:00","guid":{"rendered":"https:\/\/lasentinelle.dz\/?p=18082"},"modified":"2022-03-08T16:49:56","modified_gmt":"2022-03-08T15:49:56","slug":"rehabilitation-du-stade-hamlaoui-de-constantine-sebgag-appelle-a-accelerer-les-travaux","status":"publish","type":"post","link":"https:\/\/lasentinelle.dz\/index.php\/2022\/03\/09\/rehabilitation-du-stade-hamlaoui-de-constantine-sebgag-appelle-a-accelerer-les-travaux\/","title":{"rendered":"R\u00e9habilitation du stade Hamlaoui de Constantine\u00a0: Sebgag appelle \u00e0 acc\u00e9l\u00e9rer les travaux"},"content":{"rendered":"\n<p>Le ministre de la Jeunesse et des Sports, Abderrezak Sebgag, a appell\u00e9 \u00e0 acc\u00e9l\u00e9rer les travaux de r\u00e9habilitation du stade Chahid Mohamed-Hamlaoui de Constantine, en vue du CHAN-2023.<\/p>\n\n\n\n<p>Le premier responsable du secteur de la Jeunesse et des Sports, Abderezzak Sebgag, a appel\u00e9 \u00e0 Constantine \u00e0 acc\u00e9l\u00e9rer les travaux de r\u00e9habilitation du stade Chahid Mohamed-Hamlaoui pour qu&rsquo;il soit pr\u00eat \u00e0 abriter des matchs du CHAN pr\u00e9vu en Alg\u00e9rie du 8 au 31 janvier 2023. En marge d&rsquo;une visite de travail dans la wilaya de Constantine, en compagnie du pr\u00e9sident de la F\u00e9d\u00e9ration alg\u00e9rienne de football (FAF), Charaf-Eddine Amara, pour inspecter les travaux de r\u00e9novation et de r\u00e9habilitation du stade Chahid Mohamed-Hamlaoui, le ministre a appel\u00e9 le responsable du secteur dans la wilaya \u00e0 adopter imm\u00e9diatement le syst\u00e8me de rotation de nuit et \u00e0 installer trois \u00e9quipes de travail par jour pour rattraper le grand retard accus\u00e9 dans les travaux. Apr\u00e8s avoir \u00e9cout\u00e9 un expos\u00e9 sur les 11 op\u00e9rations dont a b\u00e9n\u00e9fici\u00e9 le stade dans le cadre de ce projet, le ministre a affirm\u00e9 que son d\u00e9partement \u00ab\u00a0a mobilis\u00e9 les cr\u00e9dits financiers n\u00e9cessaires et tous les \u00e9quipements et moyens de r\u00e9alisation requis pour la concr\u00e9tisation du projet selon les normes internationales\u00a0\u00bb. \u00ab\u00a0Il n&rsquo;y a aucune raison de retarder sa livraison\u00a0\u00bb, a-t-il dit. L&rsquo;expos\u00e9 a port\u00e9 sur la r\u00e9alisation d&rsquo;une pelouse en gazon naturel, l&rsquo;installation d&rsquo;un \u00e9cran g\u00e9ant dot\u00e9 d&rsquo;une image haute r\u00e9solution, la restauration des tribunes, le renforcement de la toiture, l&rsquo;am\u00e9nagement de nouvelles entr\u00e9es et all\u00e9es de cette structure et l&rsquo;\u00e9quipement des portails du syst\u00e8me de la billetterie \u00e9lectronique. Inspectant la pelouse, Sebgag a donn\u00e9 des instructions pour le suivi \u00ab\u00a0heure par heure\u00a0\u00bb de l&rsquo;op\u00e9ration de la pose du gazon, affirmant que \u00ab\u00a0le pr\u00e9texte des conditions climatiques n&rsquo;est plus valable\u00a0\u00bb. Le projet de r\u00e9novation et de r\u00e9habilitation du stade devait \u00eatre livr\u00e9 mars en cours, suite \u00e0 quoi, les entreprises d\u00e9faillantes seront sanctionn\u00e9es, a-t-il soutenu. D\u00e9plorant la gestion administrative des chantiers des projets, Henni a exhort\u00e9 les entreprises de r\u00e9alisation \u00e0 l&rsquo;imp\u00e9ratif de changer de mentalit\u00e9 et de s&rsquo;inscrire dans l&rsquo;approche de la nouvelle Alg\u00e9rie, ax\u00e9e sur \u00ab\u00a0la concr\u00e9tisation des projets de fa\u00e7on participative selon les normes du management efficace\u00a0\u00bb. Il a \u00e9galement annonc\u00e9 qu&rsquo;il effectuera, avril prochain, une visite d&rsquo;inspection au stade, pour s&rsquo;enqu\u00e9rir du respect des instructions donn\u00e9es. \u00ab\u00a0Le stade du Chahid Mohamed-Hamlaoui rev\u00eat une grande symbolique pour la wilaya de Constantine, un ville que nous tenons \u00e0 promouvoir \u00e0 travers d&rsquo;autres projets \u00e0 l&rsquo;instar d&rsquo;un lyc\u00e9e de math\u00e9matiques r\u00e9gional, d&rsquo;un centre d&rsquo;entrainement pour l&rsquo;\u00e9lite nationale et un p\u00f4le sportif\u00a0\u00bb, a soulign\u00e9 le ministre, assurant que la tutelle \u00e9tait dispos\u00e9e \u00e0 apporter le soutien financier et technique n\u00e9cessaire pour le r\u00e9am\u00e9nagement du stade Chahid Mohamed-Hamlaoui. Dans la matin\u00e9e, le ministre a inspect\u00e9 le stade du 19 mai 1956 \u00e0 Annaba, \u00e9galement programm\u00e9 pour abriter une partie des comp\u00e9titions du championnat d\u2019Afrique des nations CHAN-2023, r\u00e9serv\u00e9 aux joueurs locaux.<\/p>\n\n\n\n<p>R. S.<\/p>\n","protected":false},"excerpt":{"rendered":"<p>Le ministre de la Jeunesse et des Sports, Abderrezak Sebgag, a appell\u00e9 \u00e0 acc\u00e9l\u00e9rer les travaux de r\u00e9habilitation du stade<\/p>\n","protected":false},"author":3,"featured_media":18088,"comment_status":"open","ping_status":"closed","sticky":false,"template":"","format":"standard","meta":{"colormag_page_container_layout":"default_layout","colormag_page_sidebar_layout":"default_layout","om_disable_all_campaigns":false,"_monsterinsights_skip_tracking":false,"_monsterinsights_sitenote_active":false,"_monsterinsights_sitenote_note":"","_monsterinsights_sitenote_category":0,"footnotes":"","_wpscppro_dont_share_socialmedia":false,"_wpscppro_custom_social_share_image":0,"_facebook_share_type":"","_twitter_share_type":"","_linkedin_share_type":"","_pinterest_share_type":"","_linkedin_share_type_page":"","_instagram_share_type":"","_medium_share_type":"","_threads_share_type":"","_google_business_share_type":"","_selected_social_profile":[],"_wpsp_enable_custom_social_template":false,"_wpsp_social_scheduling":{"enabled":false,"datetime":null,"platforms":[],"status":"template_only","dateOption":"today","timeOption":"now","customDays":"","customHours":"","customDate":"","customTime":"","schedulingType":"absolute"},"_wpsp_active_default_template":true},"categories":[33],"tags":[],"class_list":["post-18082","post","type-post","status-publish","format-standard","has-post-thumbnail","hentry","category-sports"],"aioseo_notices":[],"yoast_head":"<!-- This site is optimized with the Yoast SEO plugin v27.5 - https:\/\/yoast.com\/product\/yoast-seo-wordpress\/ -->\n<title>R\u00e9habilitation du stade Hamlaoui de Constantine\u00a0: Sebgag appelle \u00e0 acc\u00e9l\u00e9rer les travaux - La Sentinelle<\/title>\n<meta name=\"robots\" content=\"index, follow, max-snippet:-1, max-image-preview:large, max-video-preview:-1\" \/>\n<link rel=\"canonical\" href=\"https:\/\/lasentinelle.dz\/index.php\/2022\/03\/09\/rehabilitation-du-stade-hamlaoui-de-constantine-sebgag-appelle-a-accelerer-les-travaux\/\" \/>\n<meta property=\"og:locale\" content=\"fr_FR\" \/>\n<meta property=\"og:type\" content=\"article\" \/>\n<meta property=\"og:title\" content=\"R\u00e9habilitation du stade Hamlaoui de Constantine\u00a0: Sebgag appelle \u00e0 acc\u00e9l\u00e9rer les travaux - La Sentinelle\" \/>\n<meta property=\"og:description\" content=\"Le ministre de la Jeunesse et des Sports, Abderrezak Sebgag, a appell\u00e9 \u00e0 acc\u00e9l\u00e9rer les travaux de r\u00e9habilitation du stade\" \/>\n<meta property=\"og:url\" content=\"https:\/\/lasentinelle.dz\/index.php\/2022\/03\/09\/rehabilitation-du-stade-hamlaoui-de-constantine-sebgag-appelle-a-accelerer-les-travaux\/\" \/>\n<meta property=\"og:site_name\" content=\"La Sentinelle\" \/>\n<meta property=\"article:publisher\" content=\"https:\/\/www.facebook.com\/La-Sentinelle-104059864394773\" \/>\n<meta property=\"article:published_time\" content=\"2022-03-08T23:01:00+00:00\" \/>\n<meta property=\"og:image\" content=\"https:\/\/lasentinelle.dz\/wp-content\/uploads\/2022\/03\/Sebgag.jpeg\" \/>\n\t<meta property=\"og:image:width\" content=\"1080\" \/>\n\t<meta property=\"og:image:height\" content=\"720\" \/>\n\t<meta property=\"og:image:type\" content=\"image\/jpeg\" \/>\n<meta name=\"author\" content=\"La Sentinelle\" \/>\n<meta name=\"twitter:card\" content=\"summary_large_image\" \/>\n<meta name=\"twitter:label1\" content=\"\u00c9crit par\" \/>\n\t<meta name=\"twitter:data1\" content=\"La Sentinelle\" \/>\n\t<meta name=\"twitter:label2\" content=\"Dur\u00e9e de lecture estim\u00e9e\" \/>\n\t<meta name=\"twitter:data2\" content=\"3 minutes\" \/>\n<script type=\"application\/ld+json\" class=\"yoast-schema-graph\">{\"@context\":\"https:\\\/\\\/schema.org\",\"@graph\":[{\"@type\":\"Article\",\"@id\":\"https:\\\/\\\/lasentinelle.dz\\\/index.php\\\/2022\\\/03\\\/09\\\/rehabilitation-du-stade-hamlaoui-de-constantine-sebgag-appelle-a-accelerer-les-travaux\\\/#article\",\"isPartOf\":{\"@id\":\"https:\\\/\\\/lasentinelle.dz\\\/index.php\\\/2022\\\/03\\\/09\\\/rehabilitation-du-stade-hamlaoui-de-constantine-sebgag-appelle-a-accelerer-les-travaux\\\/\"},\"author\":{\"name\":\"La Sentinelle\",\"@id\":\"https:\\\/\\\/lasentinelle.dz\\\/#\\\/schema\\\/person\\\/d865044e22e70a75174ce8bcad3acfb3\"},\"headline\":\"R\u00e9habilitation du stade Hamlaoui de Constantine\u00a0: Sebgag appelle \u00e0 acc\u00e9l\u00e9rer les travaux\",\"datePublished\":\"2022-03-08T23:01:00+00:00\",\"mainEntityOfPage\":{\"@id\":\"https:\\\/\\\/lasentinelle.dz\\\/index.php\\\/2022\\\/03\\\/09\\\/rehabilitation-du-stade-hamlaoui-de-constantine-sebgag-appelle-a-accelerer-les-travaux\\\/\"},\"wordCount\":562,\"commentCount\":0,\"publisher\":{\"@id\":\"https:\\\/\\\/lasentinelle.dz\\\/#organization\"},\"image\":{\"@id\":\"https:\\\/\\\/lasentinelle.dz\\\/index.php\\\/2022\\\/03\\\/09\\\/rehabilitation-du-stade-hamlaoui-de-constantine-sebgag-appelle-a-accelerer-les-travaux\\\/#primaryimage\"},\"thumbnailUrl\":\"https:\\\/\\\/lasentinelle.dz\\\/wp-content\\\/uploads\\\/2022\\\/03\\\/Sebgag.jpeg\",\"articleSection\":[\"Sports\"],\"inLanguage\":\"fr-FR\",\"potentialAction\":[{\"@type\":\"CommentAction\",\"name\":\"Comment\",\"target\":[\"https:\\\/\\\/lasentinelle.dz\\\/index.php\\\/2022\\\/03\\\/09\\\/rehabilitation-du-stade-hamlaoui-de-constantine-sebgag-appelle-a-accelerer-les-travaux\\\/#respond\"]}]},{\"@type\":\"WebPage\",\"@id\":\"https:\\\/\\\/lasentinelle.dz\\\/index.php\\\/2022\\\/03\\\/09\\\/rehabilitation-du-stade-hamlaoui-de-constantine-sebgag-appelle-a-accelerer-les-travaux\\\/\",\"url\":\"https:\\\/\\\/lasentinelle.dz\\\/index.php\\\/2022\\\/03\\\/09\\\/rehabilitation-du-stade-hamlaoui-de-constantine-sebgag-appelle-a-accelerer-les-travaux\\\/\",\"name\":\"R\u00e9habilitation du stade Hamlaoui de Constantine\u00a0: Sebgag appelle \u00e0 acc\u00e9l\u00e9rer les travaux - La Sentinelle\",\"isPartOf\":{\"@id\":\"https:\\\/\\\/lasentinelle.dz\\\/#website\"},\"primaryImageOfPage\":{\"@id\":\"https:\\\/\\\/lasentinelle.dz\\\/index.php\\\/2022\\\/03\\\/09\\\/rehabilitation-du-stade-hamlaoui-de-constantine-sebgag-appelle-a-accelerer-les-travaux\\\/#primaryimage\"},\"image\":{\"@id\":\"https:\\\/\\\/lasentinelle.dz\\\/index.php\\\/2022\\\/03\\\/09\\\/rehabilitation-du-stade-hamlaoui-de-constantine-sebgag-appelle-a-accelerer-les-travaux\\\/#primaryimage\"},\"thumbnailUrl\":\"https:\\\/\\\/lasentinelle.dz\\\/wp-content\\\/uploads\\\/2022\\\/03\\\/Sebgag.jpeg\",\"datePublished\":\"2022-03-08T23:01:00+00:00\",\"breadcrumb\":{\"@id\":\"https:\\\/\\\/lasentinelle.dz\\\/index.php\\\/2022\\\/03\\\/09\\\/rehabilitation-du-stade-hamlaoui-de-constantine-sebgag-appelle-a-accelerer-les-travaux\\\/#breadcrumb\"},\"inLanguage\":\"fr-FR\",\"potentialAction\":[{\"@type\":\"ReadAction\",\"target\":[\"https:\\\/\\\/lasentinelle.dz\\\/index.php\\\/2022\\\/03\\\/09\\\/rehabilitation-du-stade-hamlaoui-de-constantine-sebgag-appelle-a-accelerer-les-travaux\\\/\"]}]},{\"@type\":\"ImageObject\",\"inLanguage\":\"fr-FR\",\"@id\":\"https:\\\/\\\/lasentinelle.dz\\\/index.php\\\/2022\\\/03\\\/09\\\/rehabilitation-du-stade-hamlaoui-de-constantine-sebgag-appelle-a-accelerer-les-travaux\\\/#primaryimage\",\"url\":\"https:\\\/\\\/lasentinelle.dz\\\/wp-content\\\/uploads\\\/2022\\\/03\\\/Sebgag.jpeg\",\"contentUrl\":\"https:\\\/\\\/lasentinelle.dz\\\/wp-content\\\/uploads\\\/2022\\\/03\\\/Sebgag.jpeg\",\"width\":1080,\"height\":720},{\"@type\":\"BreadcrumbList\",\"@id\":\"https:\\\/\\\/lasentinelle.dz\\\/index.php\\\/2022\\\/03\\\/09\\\/rehabilitation-du-stade-hamlaoui-de-constantine-sebgag-appelle-a-accelerer-les-travaux\\\/#breadcrumb\",\"itemListElement\":[{\"@type\":\"ListItem\",\"position\":1,\"name\":\"Accueil\",\"item\":\"https:\\\/\\\/lasentinelle.dz\\\/\"},{\"@type\":\"ListItem\",\"position\":2,\"name\":\"R\u00e9habilitation du stade Hamlaoui de Constantine\u00a0: Sebgag appelle \u00e0 acc\u00e9l\u00e9rer les travaux\"}]},{\"@type\":\"WebSite\",\"@id\":\"https:\\\/\\\/lasentinelle.dz\\\/#website\",\"url\":\"https:\\\/\\\/lasentinelle.dz\\\/\",\"name\":\"La Sentinelle\",\"description\":\"Quotidien national d&#039;information\",\"publisher\":{\"@id\":\"https:\\\/\\\/lasentinelle.dz\\\/#organization\"},\"potentialAction\":[{\"@type\":\"SearchAction\",\"target\":{\"@type\":\"EntryPoint\",\"urlTemplate\":\"https:\\\/\\\/lasentinelle.dz\\\/?s={search_term_string}\"},\"query-input\":{\"@type\":\"PropertyValueSpecification\",\"valueRequired\":true,\"valueName\":\"search_term_string\"}}],\"inLanguage\":\"fr-FR\"},{\"@type\":\"Organization\",\"@id\":\"https:\\\/\\\/lasentinelle.dz\\\/#organization\",\"name\":\"Quotidien La Sentinelle\",\"url\":\"https:\\\/\\\/lasentinelle.dz\\\/\",\"logo\":{\"@type\":\"ImageObject\",\"inLanguage\":\"fr-FR\",\"@id\":\"https:\\\/\\\/lasentinelle.dz\\\/#\\\/schema\\\/logo\\\/image\\\/\",\"url\":\"https:\\\/\\\/lasentinelle.dz\\\/wp-content\\\/uploads\\\/2021\\\/09\\\/logo-sentinelleSLOGAN-1.png\",\"contentUrl\":\"https:\\\/\\\/lasentinelle.dz\\\/wp-content\\\/uploads\\\/2021\\\/09\\\/logo-sentinelleSLOGAN-1.png\",\"width\":615,\"height\":142,\"caption\":\"Quotidien La Sentinelle\"},\"image\":{\"@id\":\"https:\\\/\\\/lasentinelle.dz\\\/#\\\/schema\\\/logo\\\/image\\\/\"},\"sameAs\":[\"https:\\\/\\\/www.facebook.com\\\/La-Sentinelle-104059864394773\"]},{\"@type\":\"Person\",\"@id\":\"https:\\\/\\\/lasentinelle.dz\\\/#\\\/schema\\\/person\\\/d865044e22e70a75174ce8bcad3acfb3\",\"name\":\"La Sentinelle\",\"image\":{\"@type\":\"ImageObject\",\"inLanguage\":\"fr-FR\",\"@id\":\"https:\\\/\\\/secure.gravatar.com\\\/avatar\\\/57de8e5d4b15d43fb361a71fbb36338450fe67865b528a43dd10ef7c51a20392?s=96&d=mm&r=g\",\"url\":\"https:\\\/\\\/secure.gravatar.com\\\/avatar\\\/57de8e5d4b15d43fb361a71fbb36338450fe67865b528a43dd10ef7c51a20392?s=96&d=mm&r=g\",\"contentUrl\":\"https:\\\/\\\/secure.gravatar.com\\\/avatar\\\/57de8e5d4b15d43fb361a71fbb36338450fe67865b528a43dd10ef7c51a20392?s=96&d=mm&r=g\",\"caption\":\"La Sentinelle\"},\"sameAs\":[\"http:\\\/\\\/www.lasentinelle.dz\"],\"url\":\"https:\\\/\\\/lasentinelle.dz\\\/author\\\/redaction\\\/\"}]}<\/script>\n<!-- \/ Yoast SEO plugin. -->","yoast_head_json":{"title":"R\u00e9habilitation du stade Hamlaoui de Constantine\u00a0: Sebgag appelle \u00e0 acc\u00e9l\u00e9rer les travaux - La Sentinelle","robots":{"index":"index","follow":"follow","max-snippet":"max-snippet:-1","max-image-preview":"max-image-preview:large","max-video-preview":"max-video-preview:-1"},"canonical":"https:\/\/lasentinelle.dz\/index.php\/2022\/03\/09\/rehabilitation-du-stade-hamlaoui-de-constantine-sebgag-appelle-a-accelerer-les-travaux\/","og_locale":"fr_FR","og_type":"article","og_title":"R\u00e9habilitation du stade Hamlaoui de Constantine\u00a0: Sebgag appelle \u00e0 acc\u00e9l\u00e9rer les travaux - La Sentinelle","og_description":"Le ministre de la Jeunesse et des Sports, Abderrezak Sebgag, a appell\u00e9 \u00e0 acc\u00e9l\u00e9rer les travaux de r\u00e9habilitation du stade","og_url":"https:\/\/lasentinelle.dz\/index.php\/2022\/03\/09\/rehabilitation-du-stade-hamlaoui-de-constantine-sebgag-appelle-a-accelerer-les-travaux\/","og_site_name":"La Sentinelle","article_publisher":"https:\/\/www.facebook.com\/La-Sentinelle-104059864394773","article_published_time":"2022-03-08T23:01:00+00:00","og_image":[{"width":1080,"height":720,"url":"https:\/\/lasentinelle.dz\/wp-content\/uploads\/2022\/03\/Sebgag.jpeg","type":"image\/jpeg"}],"author":"La Sentinelle","twitter_card":"summary_large_image","twitter_misc":{"\u00c9crit par":"La Sentinelle","Dur\u00e9e de lecture estim\u00e9e":"3 minutes"},"schema":{"@context":"https:\/\/schema.org","@graph":[{"@type":"Article","@id":"https:\/\/lasentinelle.dz\/index.php\/2022\/03\/09\/rehabilitation-du-stade-hamlaoui-de-constantine-sebgag-appelle-a-accelerer-les-travaux\/#article","isPartOf":{"@id":"https:\/\/lasentinelle.dz\/index.php\/2022\/03\/09\/rehabilitation-du-stade-hamlaoui-de-constantine-sebgag-appelle-a-accelerer-les-travaux\/"},"author":{"name":"La Sentinelle","@id":"https:\/\/lasentinelle.dz\/#\/schema\/person\/d865044e22e70a75174ce8bcad3acfb3"},"headline":"R\u00e9habilitation du stade Hamlaoui de Constantine\u00a0: Sebgag appelle \u00e0 acc\u00e9l\u00e9rer les travaux","datePublished":"2022-03-08T23:01:00+00:00","mainEntityOfPage":{"@id":"https:\/\/lasentinelle.dz\/index.php\/2022\/03\/09\/rehabilitation-du-stade-hamlaoui-de-constantine-sebgag-appelle-a-accelerer-les-travaux\/"},"wordCount":562,"commentCount":0,"publisher":{"@id":"https:\/\/lasentinelle.dz\/#organization"},"image":{"@id":"https:\/\/lasentinelle.dz\/index.php\/2022\/03\/09\/rehabilitation-du-stade-hamlaoui-de-constantine-sebgag-appelle-a-accelerer-les-travaux\/#primaryimage"},"thumbnailUrl":"https:\/\/lasentinelle.dz\/wp-content\/uploads\/2022\/03\/Sebgag.jpeg","articleSection":["Sports"],"inLanguage":"fr-FR","potentialAction":[{"@type":"CommentAction","name":"Comment","target":["https:\/\/lasentinelle.dz\/index.php\/2022\/03\/09\/rehabilitation-du-stade-hamlaoui-de-constantine-sebgag-appelle-a-accelerer-les-travaux\/#respond"]}]},{"@type":"WebPage","@id":"https:\/\/lasentinelle.dz\/index.php\/2022\/03\/09\/rehabilitation-du-stade-hamlaoui-de-constantine-sebgag-appelle-a-accelerer-les-travaux\/","url":"https:\/\/lasentinelle.dz\/index.php\/2022\/03\/09\/rehabilitation-du-stade-hamlaoui-de-constantine-sebgag-appelle-a-accelerer-les-travaux\/","name":"R\u00e9habilitation du stade Hamlaoui de Constantine\u00a0: Sebgag appelle \u00e0 acc\u00e9l\u00e9rer les travaux - La Sentinelle","isPartOf":{"@id":"https:\/\/lasentinelle.dz\/#website"},"primaryImageOfPage":{"@id":"https:\/\/lasentinelle.dz\/index.php\/2022\/03\/09\/rehabilitation-du-stade-hamlaoui-de-constantine-sebgag-appelle-a-accelerer-les-travaux\/#primaryimage"},"image":{"@id":"https:\/\/lasentinelle.dz\/index.php\/2022\/03\/09\/rehabilitation-du-stade-hamlaoui-de-constantine-sebgag-appelle-a-accelerer-les-travaux\/#primaryimage"},"thumbnailUrl":"https:\/\/lasentinelle.dz\/wp-content\/uploads\/2022\/03\/Sebgag.jpeg","datePublished":"2022-03-08T23:01:00+00:00","breadcrumb":{"@id":"https:\/\/lasentinelle.dz\/index.php\/2022\/03\/09\/rehabilitation-du-stade-hamlaoui-de-constantine-sebgag-appelle-a-accelerer-les-travaux\/#breadcrumb"},"inLanguage":"fr-FR","potentialAction":[{"@type":"ReadAction","target":["https:\/\/lasentinelle.dz\/index.php\/2022\/03\/09\/rehabilitation-du-stade-hamlaoui-de-constantine-sebgag-appelle-a-accelerer-les-travaux\/"]}]},{"@type":"ImageObject","inLanguage":"fr-FR","@id":"https:\/\/lasentinelle.dz\/index.php\/2022\/03\/09\/rehabilitation-du-stade-hamlaoui-de-constantine-sebgag-appelle-a-accelerer-les-travaux\/#primaryimage","url":"https:\/\/lasentinelle.dz\/wp-content\/uploads\/2022\/03\/Sebgag.jpeg","contentUrl":"https:\/\/lasentinelle.dz\/wp-content\/uploads\/2022\/03\/Sebgag.jpeg","width":1080,"height":720},{"@type":"BreadcrumbList","@id":"https:\/\/lasentinelle.dz\/index.php\/2022\/03\/09\/rehabilitation-du-stade-hamlaoui-de-constantine-sebgag-appelle-a-accelerer-les-travaux\/#breadcrumb","itemListElement":[{"@type":"ListItem","position":1,"name":"Accueil","item":"https:\/\/lasentinelle.dz\/"},{"@type":"ListItem","position":2,"name":"R\u00e9habilitation du stade Hamlaoui de Constantine\u00a0: Sebgag appelle \u00e0 acc\u00e9l\u00e9rer les travaux"}]},{"@type":"WebSite","@id":"https:\/\/lasentinelle.dz\/#website","url":"https:\/\/lasentinelle.dz\/","name":"La Sentinelle","description":"Quotidien national d&#039;information","publisher":{"@id":"https:\/\/lasentinelle.dz\/#organization"},"potentialAction":[{"@type":"SearchAction","target":{"@type":"EntryPoint","urlTemplate":"https:\/\/lasentinelle.dz\/?s={search_term_string}"},"query-input":{"@type":"PropertyValueSpecification","valueRequired":true,"valueName":"search_term_string"}}],"inLanguage":"fr-FR"},{"@type":"Organization","@id":"https:\/\/lasentinelle.dz\/#organization","name":"Quotidien La Sentinelle","url":"https:\/\/lasentinelle.dz\/","logo":{"@type":"ImageObject","inLanguage":"fr-FR","@id":"https:\/\/lasentinelle.dz\/#\/schema\/logo\/image\/","url":"https:\/\/lasentinelle.dz\/wp-content\/uploads\/2021\/09\/logo-sentinelleSLOGAN-1.png","contentUrl":"https:\/\/lasentinelle.dz\/wp-content\/uploads\/2021\/09\/logo-sentinelleSLOGAN-1.png","width":615,"height":142,"caption":"Quotidien La Sentinelle"},"image":{"@id":"https:\/\/lasentinelle.dz\/#\/schema\/logo\/image\/"},"sameAs":["https:\/\/www.facebook.com\/La-Sentinelle-104059864394773"]},{"@type":"Person","@id":"https:\/\/lasentinelle.dz\/#\/schema\/person\/d865044e22e70a75174ce8bcad3acfb3","name":"La Sentinelle","image":{"@type":"ImageObject","inLanguage":"fr-FR","@id":"https:\/\/secure.gravatar.com\/avatar\/57de8e5d4b15d43fb361a71fbb36338450fe67865b528a43dd10ef7c51a20392?s=96&d=mm&r=g","url":"https:\/\/secure.gravatar.com\/avatar\/57de8e5d4b15d43fb361a71fbb36338450fe67865b528a43dd10ef7c51a20392?s=96&d=mm&r=g","contentUrl":"https:\/\/secure.gravatar.com\/avatar\/57de8e5d4b15d43fb361a71fbb36338450fe67865b528a43dd10ef7c51a20392?s=96&d=mm&r=g","caption":"La Sentinelle"},"sameAs":["http:\/\/www.lasentinelle.dz"],"url":"https:\/\/lasentinelle.dz\/author\/redaction\/"}]}},"_links":{"self":[{"href":"https:\/\/lasentinelle.dz\/index.php\/wp-json\/wp\/v2\/posts\/18082","targetHints":{"allow":["GET"]}}],"collection":[{"href":"https:\/\/lasentinelle.dz\/index.php\/wp-json\/wp\/v2\/posts"}],"about":[{"href":"https:\/\/lasentinelle.dz\/index.php\/wp-json\/wp\/v2\/types\/post"}],"author":[{"embeddable":true,"href":"https:\/\/lasentinelle.dz\/index.php\/wp-json\/wp\/v2\/users\/3"}],"replies":[{"embeddable":true,"href":"https:\/\/lasentinelle.dz\/index.php\/wp-json\/wp\/v2\/comments?post=18082"}],"version-history":[{"count":1,"href":"https:\/\/lasentinelle.dz\/index.php\/wp-json\/wp\/v2\/posts\/18082\/revisions"}],"predecessor-version":[{"id":18089,"href":"https:\/\/lasentinelle.dz\/index.php\/wp-json\/wp\/v2\/posts\/18082\/revisions\/18089"}],"wp:featuredmedia":[{"embeddable":true,"href":"https:\/\/lasentinelle.dz\/index.php\/wp-json\/wp\/v2\/media\/18088"}],"wp:attachment":[{"href":"https:\/\/lasentinelle.dz\/index.php\/wp-json\/wp\/v2\/media?parent=18082"}],"wp:term":[{"taxonomy":"category","embeddable":true,"href":"https:\/\/lasentinelle.dz\/index.php\/wp-json\/wp\/v2\/categories?post=18082"},{"taxonomy":"post_tag","embeddable":true,"href":"https:\/\/lasentinelle.dz\/index.php\/wp-json\/wp\/v2\/tags?post=18082"}],"curies":[{"name":"wp","href":"https:\/\/api.w.org\/{rel}","templated":true}]}}