{"id":18102,"date":"2022-03-09T00:01:00","date_gmt":"2022-03-08T23:01:00","guid":{"rendered":"https:\/\/lasentinelle.dz\/?p=18102"},"modified":"2022-03-08T18:34:41","modified_gmt":"2022-03-08T17:34:41","slug":"ccls-de-tiaret-le-directeur-sous-controle-judiciaire","status":"publish","type":"post","link":"https:\/\/lasentinelle.dz\/index.php\/2022\/03\/09\/ccls-de-tiaret-le-directeur-sous-controle-judiciaire\/","title":{"rendered":"CCLS de Tiaret\u00a0:\u00a0Le directeur sous contr\u00f4le judiciaire"},"content":{"rendered":"\n<p>Le juge d&rsquo;instruction pr\u00e8s le tribunal de Mahdia relevant de la Cour de&nbsp;&nbsp;Tiaret a plac\u00e9 le directeur de la coop\u00e9rative des c\u00e9r\u00e9ales et l\u00e9gumes secs (CCLS), sous contr\u00f4le judiciaire, affirme une source s\u00e9curitaire. Selon les informations rapport\u00e9es par la m\u00eame source, la mesure est intervenue deux jours avant que le responsable ne soit d\u00e9mis de ses fonctions et&nbsp;&nbsp;d\u00e9f\u00e9r\u00e9 devant le juge d\u2019instruction pr\u00e8s de la m\u00eame instance&nbsp;&nbsp;judiciaire. \u00c0 l\u2019origine de ces deux d\u00e9cisions, la s\u00e9rie de plaintes introduites par les fellahs de la r\u00e9gion qui ont, nous explique-t-on,&nbsp;&nbsp;d\u00e9nonc\u00e9 la m\u00e9thode de travail de la direction de la CCLS qui a fortement affect\u00e9e leurs r\u00e9coltes. D\u2019o\u00f9 la d\u00e9cision de la tutelle de mettre fin aux fonctions du directeur et son remplacement par un cadre de la wilaya de Bordj Bou Arreridj pour assurer la direction de la Coop\u00e9rative de c\u00e9r\u00e9ales et l\u00e9gumes secs de Tiaret. Quant \u00e0 la mesure de la mise du d\u00e9sormais ex directeur de ladite CCLS sous contr\u00f4le judiciaire nos sources l&rsquo;ont imput\u00e9 au transfert par le responsable des engins agricoles, \u00e0 savoir les moissonneuses batteuses, \u00e0 une destination inconnue, sans que les agents de s\u00e9curit\u00e9 ne s\u2019en aper\u00e7oivent comment ce mat\u00e9riel \u00e0 quitt\u00e9 le parc de la CCLS et au profit de qui.&nbsp;&nbsp;Car, aux termes de toute cette affaire,&nbsp;&nbsp;il s\u2019agit du vol de toutes les pi\u00e8ces d\u00e9tach\u00e9es de ces engins, nous dit-on. L\u2019absence des agents de s\u00e9curit\u00e9 a suscit\u00e9 moult interrogations. Ces derniers pourraient, selon la m\u00eame source, \u00eatre complices dans cette affaire qui a fait l\u2019objet d\u2019une enqu\u00eate diligent\u00e9e par les services de s\u00e9curit\u00e9 de la s\u00fbret\u00e9 de da\u00efra de Tiaret. Au titre de cette information judiciaire, le directeur ainsi qu&rsquo;un certain nombre d&#8217;employ\u00e9s et d&rsquo;ouvriers ont \u00e9t\u00e9 convoqu\u00e9s et entendus&nbsp;&nbsp;avant d\u2019\u00eatre d\u00e9f\u00e9r\u00e9s&nbsp;&nbsp;devant le juge d&rsquo;instruction qui a d\u00e9cid\u00e9 de placer le directeur de la coop\u00e9rative sous contr\u00f4le judiciaire et \u00e0 convoquer les t\u00e9moins dans cette affaire, dont la programmation du proc\u00e8s est pr\u00e9vue dans les prochaines semaines, affirme la m\u00eame source.<\/p>\n\n\n\n<p>SOFIA CHAHINE<\/p>\n","protected":false},"excerpt":{"rendered":"<p>Le juge d&rsquo;instruction pr\u00e8s le tribunal de Mahdia relevant de la Cour de&nbsp;&nbsp;Tiaret a plac\u00e9 le directeur de la coop\u00e9rative<\/p>\n","protected":false},"author":3,"featured_media":18106,"comment_status":"open","ping_status":"closed","sticky":false,"template":"","format":"standard","meta":{"colormag_page_container_layout":"default_layout","colormag_page_sidebar_layout":"default_layout","om_disable_all_campaigns":false,"_monsterinsights_skip_tracking":false,"_monsterinsights_sitenote_active":false,"_monsterinsights_sitenote_note":"","_monsterinsights_sitenote_category":0,"footnotes":"","_wpscppro_dont_share_socialmedia":false,"_wpscppro_custom_social_share_image":0,"_facebook_share_type":"","_twitter_share_type":"","_linkedin_share_type":"","_pinterest_share_type":"","_linkedin_share_type_page":"","_instagram_share_type":"","_medium_share_type":"","_threads_share_type":"","_google_business_share_type":"","_selected_social_profile":[],"_wpsp_enable_custom_social_template":false,"_wpsp_social_scheduling":{"enabled":false,"datetime":null,"platforms":[],"status":"template_only","dateOption":"today","timeOption":"now","customDays":"","customHours":"","customDate":"","customTime":"","schedulingType":"absolute"},"_wpsp_active_default_template":true},"categories":[27],"tags":[],"class_list":["post-18102","post","type-post","status-publish","format-standard","has-post-thumbnail","hentry","category-actualite"],"aioseo_notices":[],"yoast_head":"<!-- This site is optimized with the Yoast SEO plugin v27.4 - https:\/\/yoast.com\/product\/yoast-seo-wordpress\/ -->\n<title>CCLS de Tiaret\u00a0:\u00a0Le directeur sous contr\u00f4le judiciaire - La Sentinelle<\/title>\n<meta name=\"robots\" content=\"index, follow, max-snippet:-1, max-image-preview:large, max-video-preview:-1\" \/>\n<link rel=\"canonical\" href=\"https:\/\/lasentinelle.dz\/index.php\/2022\/03\/09\/ccls-de-tiaret-le-directeur-sous-controle-judiciaire\/\" \/>\n<meta property=\"og:locale\" content=\"fr_FR\" \/>\n<meta property=\"og:type\" content=\"article\" \/>\n<meta property=\"og:title\" content=\"CCLS de Tiaret\u00a0:\u00a0Le directeur sous contr\u00f4le judiciaire - La Sentinelle\" \/>\n<meta property=\"og:description\" content=\"Le juge d&rsquo;instruction pr\u00e8s le tribunal de Mahdia relevant de la Cour de&nbsp;&nbsp;Tiaret a plac\u00e9 le directeur de la coop\u00e9rative\" \/>\n<meta property=\"og:url\" content=\"https:\/\/lasentinelle.dz\/index.php\/2022\/03\/09\/ccls-de-tiaret-le-directeur-sous-controle-judiciaire\/\" \/>\n<meta property=\"og:site_name\" content=\"La Sentinelle\" \/>\n<meta property=\"article:publisher\" content=\"https:\/\/www.facebook.com\/La-Sentinelle-104059864394773\" \/>\n<meta property=\"article:published_time\" content=\"2022-03-08T23:01:00+00:00\" \/>\n<meta property=\"og:image\" content=\"https:\/\/lasentinelle.dz\/wp-content\/uploads\/2022\/03\/5414.png\" \/>\n\t<meta property=\"og:image:width\" content=\"1598\" \/>\n\t<meta property=\"og:image:height\" content=\"900\" \/>\n\t<meta property=\"og:image:type\" content=\"image\/png\" \/>\n<meta name=\"author\" content=\"La Sentinelle\" \/>\n<meta name=\"twitter:card\" content=\"summary_large_image\" \/>\n<meta name=\"twitter:label1\" content=\"\u00c9crit par\" \/>\n\t<meta name=\"twitter:data1\" content=\"La Sentinelle\" \/>\n\t<meta name=\"twitter:label2\" content=\"Dur\u00e9e de lecture estim\u00e9e\" \/>\n\t<meta name=\"twitter:data2\" content=\"2 minutes\" \/>\n<script type=\"application\/ld+json\" class=\"yoast-schema-graph\">{\"@context\":\"https:\\\/\\\/schema.org\",\"@graph\":[{\"@type\":\"Article\",\"@id\":\"https:\\\/\\\/lasentinelle.dz\\\/index.php\\\/2022\\\/03\\\/09\\\/ccls-de-tiaret-le-directeur-sous-controle-judiciaire\\\/#article\",\"isPartOf\":{\"@id\":\"https:\\\/\\\/lasentinelle.dz\\\/index.php\\\/2022\\\/03\\\/09\\\/ccls-de-tiaret-le-directeur-sous-controle-judiciaire\\\/\"},\"author\":{\"name\":\"La Sentinelle\",\"@id\":\"https:\\\/\\\/lasentinelle.dz\\\/#\\\/schema\\\/person\\\/d865044e22e70a75174ce8bcad3acfb3\"},\"headline\":\"CCLS de Tiaret\u00a0:\u00a0Le directeur sous contr\u00f4le judiciaire\",\"datePublished\":\"2022-03-08T23:01:00+00:00\",\"mainEntityOfPage\":{\"@id\":\"https:\\\/\\\/lasentinelle.dz\\\/index.php\\\/2022\\\/03\\\/09\\\/ccls-de-tiaret-le-directeur-sous-controle-judiciaire\\\/\"},\"wordCount\":423,\"commentCount\":0,\"publisher\":{\"@id\":\"https:\\\/\\\/lasentinelle.dz\\\/#organization\"},\"image\":{\"@id\":\"https:\\\/\\\/lasentinelle.dz\\\/index.php\\\/2022\\\/03\\\/09\\\/ccls-de-tiaret-le-directeur-sous-controle-judiciaire\\\/#primaryimage\"},\"thumbnailUrl\":\"https:\\\/\\\/lasentinelle.dz\\\/wp-content\\\/uploads\\\/2022\\\/03\\\/5414.png\",\"articleSection\":[\"Actualit\u00e9\"],\"inLanguage\":\"fr-FR\",\"potentialAction\":[{\"@type\":\"CommentAction\",\"name\":\"Comment\",\"target\":[\"https:\\\/\\\/lasentinelle.dz\\\/index.php\\\/2022\\\/03\\\/09\\\/ccls-de-tiaret-le-directeur-sous-controle-judiciaire\\\/#respond\"]}]},{\"@type\":\"WebPage\",\"@id\":\"https:\\\/\\\/lasentinelle.dz\\\/index.php\\\/2022\\\/03\\\/09\\\/ccls-de-tiaret-le-directeur-sous-controle-judiciaire\\\/\",\"url\":\"https:\\\/\\\/lasentinelle.dz\\\/index.php\\\/2022\\\/03\\\/09\\\/ccls-de-tiaret-le-directeur-sous-controle-judiciaire\\\/\",\"name\":\"CCLS de Tiaret\u00a0:\u00a0Le directeur sous contr\u00f4le judiciaire - La Sentinelle\",\"isPartOf\":{\"@id\":\"https:\\\/\\\/lasentinelle.dz\\\/#website\"},\"primaryImageOfPage\":{\"@id\":\"https:\\\/\\\/lasentinelle.dz\\\/index.php\\\/2022\\\/03\\\/09\\\/ccls-de-tiaret-le-directeur-sous-controle-judiciaire\\\/#primaryimage\"},\"image\":{\"@id\":\"https:\\\/\\\/lasentinelle.dz\\\/index.php\\\/2022\\\/03\\\/09\\\/ccls-de-tiaret-le-directeur-sous-controle-judiciaire\\\/#primaryimage\"},\"thumbnailUrl\":\"https:\\\/\\\/lasentinelle.dz\\\/wp-content\\\/uploads\\\/2022\\\/03\\\/5414.png\",\"datePublished\":\"2022-03-08T23:01:00+00:00\",\"breadcrumb\":{\"@id\":\"https:\\\/\\\/lasentinelle.dz\\\/index.php\\\/2022\\\/03\\\/09\\\/ccls-de-tiaret-le-directeur-sous-controle-judiciaire\\\/#breadcrumb\"},\"inLanguage\":\"fr-FR\",\"potentialAction\":[{\"@type\":\"ReadAction\",\"target\":[\"https:\\\/\\\/lasentinelle.dz\\\/index.php\\\/2022\\\/03\\\/09\\\/ccls-de-tiaret-le-directeur-sous-controle-judiciaire\\\/\"]}]},{\"@type\":\"ImageObject\",\"inLanguage\":\"fr-FR\",\"@id\":\"https:\\\/\\\/lasentinelle.dz\\\/index.php\\\/2022\\\/03\\\/09\\\/ccls-de-tiaret-le-directeur-sous-controle-judiciaire\\\/#primaryimage\",\"url\":\"https:\\\/\\\/lasentinelle.dz\\\/wp-content\\\/uploads\\\/2022\\\/03\\\/5414.png\",\"contentUrl\":\"https:\\\/\\\/lasentinelle.dz\\\/wp-content\\\/uploads\\\/2022\\\/03\\\/5414.png\",\"width\":1598,\"height\":900},{\"@type\":\"BreadcrumbList\",\"@id\":\"https:\\\/\\\/lasentinelle.dz\\\/index.php\\\/2022\\\/03\\\/09\\\/ccls-de-tiaret-le-directeur-sous-controle-judiciaire\\\/#breadcrumb\",\"itemListElement\":[{\"@type\":\"ListItem\",\"position\":1,\"name\":\"Accueil\",\"item\":\"https:\\\/\\\/lasentinelle.dz\\\/\"},{\"@type\":\"ListItem\",\"position\":2,\"name\":\"CCLS de Tiaret\u00a0:\u00a0Le directeur sous contr\u00f4le judiciaire\"}]},{\"@type\":\"WebSite\",\"@id\":\"https:\\\/\\\/lasentinelle.dz\\\/#website\",\"url\":\"https:\\\/\\\/lasentinelle.dz\\\/\",\"name\":\"La Sentinelle\",\"description\":\"Quotidien national d&#039;information\",\"publisher\":{\"@id\":\"https:\\\/\\\/lasentinelle.dz\\\/#organization\"},\"potentialAction\":[{\"@type\":\"SearchAction\",\"target\":{\"@type\":\"EntryPoint\",\"urlTemplate\":\"https:\\\/\\\/lasentinelle.dz\\\/?s={search_term_string}\"},\"query-input\":{\"@type\":\"PropertyValueSpecification\",\"valueRequired\":true,\"valueName\":\"search_term_string\"}}],\"inLanguage\":\"fr-FR\"},{\"@type\":\"Organization\",\"@id\":\"https:\\\/\\\/lasentinelle.dz\\\/#organization\",\"name\":\"Quotidien La Sentinelle\",\"url\":\"https:\\\/\\\/lasentinelle.dz\\\/\",\"logo\":{\"@type\":\"ImageObject\",\"inLanguage\":\"fr-FR\",\"@id\":\"https:\\\/\\\/lasentinelle.dz\\\/#\\\/schema\\\/logo\\\/image\\\/\",\"url\":\"https:\\\/\\\/lasentinelle.dz\\\/wp-content\\\/uploads\\\/2021\\\/09\\\/logo-sentinelleSLOGAN-1.png\",\"contentUrl\":\"https:\\\/\\\/lasentinelle.dz\\\/wp-content\\\/uploads\\\/2021\\\/09\\\/logo-sentinelleSLOGAN-1.png\",\"width\":615,\"height\":142,\"caption\":\"Quotidien La Sentinelle\"},\"image\":{\"@id\":\"https:\\\/\\\/lasentinelle.dz\\\/#\\\/schema\\\/logo\\\/image\\\/\"},\"sameAs\":[\"https:\\\/\\\/www.facebook.com\\\/La-Sentinelle-104059864394773\"]},{\"@type\":\"Person\",\"@id\":\"https:\\\/\\\/lasentinelle.dz\\\/#\\\/schema\\\/person\\\/d865044e22e70a75174ce8bcad3acfb3\",\"name\":\"La Sentinelle\",\"image\":{\"@type\":\"ImageObject\",\"inLanguage\":\"fr-FR\",\"@id\":\"https:\\\/\\\/secure.gravatar.com\\\/avatar\\\/57de8e5d4b15d43fb361a71fbb36338450fe67865b528a43dd10ef7c51a20392?s=96&d=mm&r=g\",\"url\":\"https:\\\/\\\/secure.gravatar.com\\\/avatar\\\/57de8e5d4b15d43fb361a71fbb36338450fe67865b528a43dd10ef7c51a20392?s=96&d=mm&r=g\",\"contentUrl\":\"https:\\\/\\\/secure.gravatar.com\\\/avatar\\\/57de8e5d4b15d43fb361a71fbb36338450fe67865b528a43dd10ef7c51a20392?s=96&d=mm&r=g\",\"caption\":\"La Sentinelle\"},\"sameAs\":[\"http:\\\/\\\/www.lasentinelle.dz\"],\"url\":\"https:\\\/\\\/lasentinelle.dz\\\/author\\\/redaction\\\/\"}]}<\/script>\n<!-- \/ Yoast SEO plugin. -->","yoast_head_json":{"title":"CCLS de Tiaret\u00a0:\u00a0Le directeur sous contr\u00f4le judiciaire - La Sentinelle","robots":{"index":"index","follow":"follow","max-snippet":"max-snippet:-1","max-image-preview":"max-image-preview:large","max-video-preview":"max-video-preview:-1"},"canonical":"https:\/\/lasentinelle.dz\/index.php\/2022\/03\/09\/ccls-de-tiaret-le-directeur-sous-controle-judiciaire\/","og_locale":"fr_FR","og_type":"article","og_title":"CCLS de Tiaret\u00a0:\u00a0Le directeur sous contr\u00f4le judiciaire - La Sentinelle","og_description":"Le juge d&rsquo;instruction pr\u00e8s le tribunal de Mahdia relevant de la Cour de&nbsp;&nbsp;Tiaret a plac\u00e9 le directeur de la coop\u00e9rative","og_url":"https:\/\/lasentinelle.dz\/index.php\/2022\/03\/09\/ccls-de-tiaret-le-directeur-sous-controle-judiciaire\/","og_site_name":"La Sentinelle","article_publisher":"https:\/\/www.facebook.com\/La-Sentinelle-104059864394773","article_published_time":"2022-03-08T23:01:00+00:00","og_image":[{"width":1598,"height":900,"url":"https:\/\/lasentinelle.dz\/wp-content\/uploads\/2022\/03\/5414.png","type":"image\/png"}],"author":"La Sentinelle","twitter_card":"summary_large_image","twitter_misc":{"\u00c9crit par":"La Sentinelle","Dur\u00e9e de lecture estim\u00e9e":"2 minutes"},"schema":{"@context":"https:\/\/schema.org","@graph":[{"@type":"Article","@id":"https:\/\/lasentinelle.dz\/index.php\/2022\/03\/09\/ccls-de-tiaret-le-directeur-sous-controle-judiciaire\/#article","isPartOf":{"@id":"https:\/\/lasentinelle.dz\/index.php\/2022\/03\/09\/ccls-de-tiaret-le-directeur-sous-controle-judiciaire\/"},"author":{"name":"La Sentinelle","@id":"https:\/\/lasentinelle.dz\/#\/schema\/person\/d865044e22e70a75174ce8bcad3acfb3"},"headline":"CCLS de Tiaret\u00a0:\u00a0Le directeur sous contr\u00f4le judiciaire","datePublished":"2022-03-08T23:01:00+00:00","mainEntityOfPage":{"@id":"https:\/\/lasentinelle.dz\/index.php\/2022\/03\/09\/ccls-de-tiaret-le-directeur-sous-controle-judiciaire\/"},"wordCount":423,"commentCount":0,"publisher":{"@id":"https:\/\/lasentinelle.dz\/#organization"},"image":{"@id":"https:\/\/lasentinelle.dz\/index.php\/2022\/03\/09\/ccls-de-tiaret-le-directeur-sous-controle-judiciaire\/#primaryimage"},"thumbnailUrl":"https:\/\/lasentinelle.dz\/wp-content\/uploads\/2022\/03\/5414.png","articleSection":["Actualit\u00e9"],"inLanguage":"fr-FR","potentialAction":[{"@type":"CommentAction","name":"Comment","target":["https:\/\/lasentinelle.dz\/index.php\/2022\/03\/09\/ccls-de-tiaret-le-directeur-sous-controle-judiciaire\/#respond"]}]},{"@type":"WebPage","@id":"https:\/\/lasentinelle.dz\/index.php\/2022\/03\/09\/ccls-de-tiaret-le-directeur-sous-controle-judiciaire\/","url":"https:\/\/lasentinelle.dz\/index.php\/2022\/03\/09\/ccls-de-tiaret-le-directeur-sous-controle-judiciaire\/","name":"CCLS de Tiaret\u00a0:\u00a0Le directeur sous contr\u00f4le judiciaire - La Sentinelle","isPartOf":{"@id":"https:\/\/lasentinelle.dz\/#website"},"primaryImageOfPage":{"@id":"https:\/\/lasentinelle.dz\/index.php\/2022\/03\/09\/ccls-de-tiaret-le-directeur-sous-controle-judiciaire\/#primaryimage"},"image":{"@id":"https:\/\/lasentinelle.dz\/index.php\/2022\/03\/09\/ccls-de-tiaret-le-directeur-sous-controle-judiciaire\/#primaryimage"},"thumbnailUrl":"https:\/\/lasentinelle.dz\/wp-content\/uploads\/2022\/03\/5414.png","datePublished":"2022-03-08T23:01:00+00:00","breadcrumb":{"@id":"https:\/\/lasentinelle.dz\/index.php\/2022\/03\/09\/ccls-de-tiaret-le-directeur-sous-controle-judiciaire\/#breadcrumb"},"inLanguage":"fr-FR","potentialAction":[{"@type":"ReadAction","target":["https:\/\/lasentinelle.dz\/index.php\/2022\/03\/09\/ccls-de-tiaret-le-directeur-sous-controle-judiciaire\/"]}]},{"@type":"ImageObject","inLanguage":"fr-FR","@id":"https:\/\/lasentinelle.dz\/index.php\/2022\/03\/09\/ccls-de-tiaret-le-directeur-sous-controle-judiciaire\/#primaryimage","url":"https:\/\/lasentinelle.dz\/wp-content\/uploads\/2022\/03\/5414.png","contentUrl":"https:\/\/lasentinelle.dz\/wp-content\/uploads\/2022\/03\/5414.png","width":1598,"height":900},{"@type":"BreadcrumbList","@id":"https:\/\/lasentinelle.dz\/index.php\/2022\/03\/09\/ccls-de-tiaret-le-directeur-sous-controle-judiciaire\/#breadcrumb","itemListElement":[{"@type":"ListItem","position":1,"name":"Accueil","item":"https:\/\/lasentinelle.dz\/"},{"@type":"ListItem","position":2,"name":"CCLS de Tiaret\u00a0:\u00a0Le directeur sous contr\u00f4le judiciaire"}]},{"@type":"WebSite","@id":"https:\/\/lasentinelle.dz\/#website","url":"https:\/\/lasentinelle.dz\/","name":"La Sentinelle","description":"Quotidien national d&#039;information","publisher":{"@id":"https:\/\/lasentinelle.dz\/#organization"},"potentialAction":[{"@type":"SearchAction","target":{"@type":"EntryPoint","urlTemplate":"https:\/\/lasentinelle.dz\/?s={search_term_string}"},"query-input":{"@type":"PropertyValueSpecification","valueRequired":true,"valueName":"search_term_string"}}],"inLanguage":"fr-FR"},{"@type":"Organization","@id":"https:\/\/lasentinelle.dz\/#organization","name":"Quotidien La Sentinelle","url":"https:\/\/lasentinelle.dz\/","logo":{"@type":"ImageObject","inLanguage":"fr-FR","@id":"https:\/\/lasentinelle.dz\/#\/schema\/logo\/image\/","url":"https:\/\/lasentinelle.dz\/wp-content\/uploads\/2021\/09\/logo-sentinelleSLOGAN-1.png","contentUrl":"https:\/\/lasentinelle.dz\/wp-content\/uploads\/2021\/09\/logo-sentinelleSLOGAN-1.png","width":615,"height":142,"caption":"Quotidien La Sentinelle"},"image":{"@id":"https:\/\/lasentinelle.dz\/#\/schema\/logo\/image\/"},"sameAs":["https:\/\/www.facebook.com\/La-Sentinelle-104059864394773"]},{"@type":"Person","@id":"https:\/\/lasentinelle.dz\/#\/schema\/person\/d865044e22e70a75174ce8bcad3acfb3","name":"La Sentinelle","image":{"@type":"ImageObject","inLanguage":"fr-FR","@id":"https:\/\/secure.gravatar.com\/avatar\/57de8e5d4b15d43fb361a71fbb36338450fe67865b528a43dd10ef7c51a20392?s=96&d=mm&r=g","url":"https:\/\/secure.gravatar.com\/avatar\/57de8e5d4b15d43fb361a71fbb36338450fe67865b528a43dd10ef7c51a20392?s=96&d=mm&r=g","contentUrl":"https:\/\/secure.gravatar.com\/avatar\/57de8e5d4b15d43fb361a71fbb36338450fe67865b528a43dd10ef7c51a20392?s=96&d=mm&r=g","caption":"La Sentinelle"},"sameAs":["http:\/\/www.lasentinelle.dz"],"url":"https:\/\/lasentinelle.dz\/author\/redaction\/"}]}},"_links":{"self":[{"href":"https:\/\/lasentinelle.dz\/index.php\/wp-json\/wp\/v2\/posts\/18102","targetHints":{"allow":["GET"]}}],"collection":[{"href":"https:\/\/lasentinelle.dz\/index.php\/wp-json\/wp\/v2\/posts"}],"about":[{"href":"https:\/\/lasentinelle.dz\/index.php\/wp-json\/wp\/v2\/types\/post"}],"author":[{"embeddable":true,"href":"https:\/\/lasentinelle.dz\/index.php\/wp-json\/wp\/v2\/users\/3"}],"replies":[{"embeddable":true,"href":"https:\/\/lasentinelle.dz\/index.php\/wp-json\/wp\/v2\/comments?post=18102"}],"version-history":[{"count":1,"href":"https:\/\/lasentinelle.dz\/index.php\/wp-json\/wp\/v2\/posts\/18102\/revisions"}],"predecessor-version":[{"id":18107,"href":"https:\/\/lasentinelle.dz\/index.php\/wp-json\/wp\/v2\/posts\/18102\/revisions\/18107"}],"wp:featuredmedia":[{"embeddable":true,"href":"https:\/\/lasentinelle.dz\/index.php\/wp-json\/wp\/v2\/media\/18106"}],"wp:attachment":[{"href":"https:\/\/lasentinelle.dz\/index.php\/wp-json\/wp\/v2\/media?parent=18102"}],"wp:term":[{"taxonomy":"category","embeddable":true,"href":"https:\/\/lasentinelle.dz\/index.php\/wp-json\/wp\/v2\/categories?post=18102"},{"taxonomy":"post_tag","embeddable":true,"href":"https:\/\/lasentinelle.dz\/index.php\/wp-json\/wp\/v2\/tags?post=18102"}],"curies":[{"name":"wp","href":"https:\/\/api.w.org\/{rel}","templated":true}]}}