{"id":18103,"date":"2022-03-09T00:01:00","date_gmt":"2022-03-08T23:01:00","guid":{"rendered":"https:\/\/lasentinelle.dz\/?p=18103"},"modified":"2022-03-08T18:35:55","modified_gmt":"2022-03-08T17:35:55","slug":"said-chanegriha-installe-le-nouveau-directeur-de-lecole-superieure-de-guerre-lengagement-de-lanp-reaffirme","status":"publish","type":"post","link":"https:\/\/lasentinelle.dz\/index.php\/2022\/03\/09\/said-chanegriha-installe-le-nouveau-directeur-de-lecole-superieure-de-guerre-lengagement-de-lanp-reaffirme\/","title":{"rendered":"Sa\u00efd Chanegriha\u00a0installe le nouveau directeur de l\u2019\u00c9cole sup\u00e9rieure de Guerre\u00a0: L\u2019engagement de l\u2019ANP r\u00e9affirm\u00e9"},"content":{"rendered":"\n<p>Intervenant lors de l\u2019installation officielle hier du G\u00e9n\u00e9ral-major Hamid Fekane dans les fonctions du Directeur de l&rsquo;Ecole sup\u00e9rieure de Guerre,&nbsp;&nbsp;le chef d\u2019Etat-major de l&rsquo;Arm\u00e9e nationale populaire, le G\u00e9n\u00e9ral de Corps d\u2019Arm\u00e9e, Sa\u00efd Chanegriha, est revenu sur la F\u00eate de la Victoire. Il s\u2019agit d\u2019une \u00abdate marquant le triomphe de l\u2019Alg\u00e9rie sur le colonialisme barbare \u00bb, a-t-il d\u00e9clar\u00e9. Par ailleurs, il a salu\u00e9 \u00abl\u2019\u00e9lan dynamique enregistr\u00e9 actuellement dans notre pays\u00bb et consid\u00e8re qu\u2019il est \u00abmarqu\u00e9 par la r\u00e9alisation d\u2019un nombre consid\u00e9rable d\u2019exploits sur la voie du d\u00e9veloppement, et la consolidation des acquis dans les diff\u00e9rents domaines, politique, \u00e9conomique, social et culturel\u00bb. \u00abJe suis fort de la conviction que ces grandes r\u00e9alisations n\u2019auraient pu se mat\u00e9rialiser sur le terrain sans les efforts consentis par des hommes imbus de patriotisme et de fid\u00e9lit\u00e9\u00bb, a-t-il affirm\u00e9. Chanegriha soulignera qu\u2019\u00abils (hommes NDLR) ont pour seul souci de voir l\u2019Alg\u00e9rie progresser et occuper sa place m\u00e9rit\u00e9e dans le giron des nations\u00bb. Et d\u2019ajouter que \u00abnotre rencontre d\u2019aujourd\u2019hui intervient au moment o\u00f9 notre cher pays s\u2019appr\u00eate \u00e0 c\u00e9l\u00e9brer le soixanti\u00e8me anniversaire de la F\u00eate de la Victoire, correspondant au 19 mars de chaque ann\u00e9e\u00bb. Il s\u2019agit d\u2019une date anniversaire m\u00e9morable, o\u00f9 l\u2019on c\u00e9l\u00e8bre une victoire qui a couronn\u00e9 le combat arm\u00e9 men\u00e9 par nos braves h\u00e9ros, parmi les vaillants moudjahidine et les valeureux Chouhada, depuis que le colonialisme barbare a foul\u00e9 notre sainte terre\u00bb. \u00c0 ce sujet, il a fait savoir&nbsp;&nbsp;que \u00abce combat \u00e9tait amer, mais d\u00e9cisif\u00bb. Ce combat, a affirm\u00e9 Chanegriha, a \u00e9t\u00e9 couronn\u00e9 par \u00able d\u00e9clenchement de la glorieuse r\u00e9volution du 1er Novembre et suivie de la victoire \u00e9clatante\u00bb. Le Chef d\u2019Etat-Major de l\u2019ANP est revenu sur \u201cles bienfaits de l\u2019ind\u00e9pendance, de la s\u00e9curit\u00e9 et de la stabilit\u00e9 dont jouit le pays, en plus des succ\u00e8s sanctionnant les efforts de l\u2019Arm\u00e9e Nationale Populaire, d\u00e9ploy\u00e9s sous la conduite du Pr\u00e9sident de la R\u00e9publique, \u00e0 la hauteur des missions constitutionnelles qui lui sont assign\u00e9es\u00bb. Saluant \u00abla dynamique enregistr\u00e9e par notre pays dans les diff\u00e9rents domaines\u00bb, Sa\u00efd Chanegriha a r\u00e9it\u00e9r\u00e9 \u00abl\u2019enti\u00e8re disponibilit\u00e9 du Haut Commandement de l\u2019ANP \u00e0 continuer d\u2019accompagner et d\u2019apporter le soutien n\u00e9cessaire aux cadres de l\u2019Ecole Sup\u00e9rieure de Guerre, en vue de leur permettre de concr\u00e9tiser les objectifs fix\u00e9s pour ce p\u00f4le de formation pionnier\u00bb.<\/p>\n\n\n\n<p>Salim Abdenour<\/p>\n","protected":false},"excerpt":{"rendered":"<p>Intervenant lors de l\u2019installation officielle hier du G\u00e9n\u00e9ral-major Hamid Fekane dans les fonctions du Directeur de l&rsquo;Ecole sup\u00e9rieure de Guerre,&nbsp;&nbsp;le<\/p>\n","protected":false},"author":3,"featured_media":18108,"comment_status":"open","ping_status":"closed","sticky":false,"template":"","format":"standard","meta":{"colormag_page_container_layout":"default_layout","colormag_page_sidebar_layout":"default_layout","om_disable_all_campaigns":false,"_monsterinsights_skip_tracking":false,"_monsterinsights_sitenote_active":false,"_monsterinsights_sitenote_note":"","_monsterinsights_sitenote_category":0,"footnotes":"","_wpscppro_dont_share_socialmedia":false,"_wpscppro_custom_social_share_image":0,"_facebook_share_type":"","_twitter_share_type":"","_linkedin_share_type":"","_pinterest_share_type":"","_linkedin_share_type_page":"","_instagram_share_type":"","_medium_share_type":"","_threads_share_type":"","_google_business_share_type":"","_selected_social_profile":[],"_wpsp_enable_custom_social_template":false,"_wpsp_social_scheduling":{"enabled":false,"datetime":null,"platforms":[],"status":"template_only","dateOption":"today","timeOption":"now","customDays":"","customHours":"","customDate":"","customTime":"","schedulingType":"absolute"},"_wpsp_active_default_template":true},"categories":[27],"tags":[],"class_list":["post-18103","post","type-post","status-publish","format-standard","has-post-thumbnail","hentry","category-actualite"],"aioseo_notices":[],"yoast_head":"<!-- This site is optimized with the Yoast SEO plugin v27.4 - https:\/\/yoast.com\/product\/yoast-seo-wordpress\/ -->\n<title>Sa\u00efd Chanegriha\u00a0installe le nouveau directeur de l\u2019\u00c9cole sup\u00e9rieure de Guerre\u00a0: L\u2019engagement de l\u2019ANP r\u00e9affirm\u00e9 - La Sentinelle<\/title>\n<meta name=\"robots\" content=\"index, follow, max-snippet:-1, max-image-preview:large, max-video-preview:-1\" \/>\n<link rel=\"canonical\" href=\"https:\/\/lasentinelle.dz\/index.php\/2022\/03\/09\/said-chanegriha-installe-le-nouveau-directeur-de-lecole-superieure-de-guerre-lengagement-de-lanp-reaffirme\/\" \/>\n<meta property=\"og:locale\" content=\"fr_FR\" \/>\n<meta property=\"og:type\" content=\"article\" \/>\n<meta property=\"og:title\" content=\"Sa\u00efd Chanegriha\u00a0installe le nouveau directeur de l\u2019\u00c9cole sup\u00e9rieure de Guerre\u00a0: L\u2019engagement de l\u2019ANP r\u00e9affirm\u00e9 - La Sentinelle\" \/>\n<meta property=\"og:description\" content=\"Intervenant lors de l\u2019installation officielle hier du G\u00e9n\u00e9ral-major Hamid Fekane dans les fonctions du Directeur de l&rsquo;Ecole sup\u00e9rieure de Guerre,&nbsp;&nbsp;le\" \/>\n<meta property=\"og:url\" content=\"https:\/\/lasentinelle.dz\/index.php\/2022\/03\/09\/said-chanegriha-installe-le-nouveau-directeur-de-lecole-superieure-de-guerre-lengagement-de-lanp-reaffirme\/\" \/>\n<meta property=\"og:site_name\" content=\"La Sentinelle\" \/>\n<meta property=\"article:publisher\" content=\"https:\/\/www.facebook.com\/La-Sentinelle-104059864394773\" \/>\n<meta property=\"article:published_time\" content=\"2022-03-08T23:01:00+00:00\" \/>\n<meta property=\"og:image\" content=\"https:\/\/lasentinelle.dz\/wp-content\/uploads\/2022\/03\/changriha.png\" \/>\n\t<meta property=\"og:image:width\" content=\"1491\" \/>\n\t<meta property=\"og:image:height\" content=\"900\" \/>\n\t<meta property=\"og:image:type\" content=\"image\/png\" \/>\n<meta name=\"author\" content=\"La Sentinelle\" \/>\n<meta name=\"twitter:card\" content=\"summary_large_image\" \/>\n<meta name=\"twitter:label1\" content=\"\u00c9crit par\" \/>\n\t<meta name=\"twitter:data1\" content=\"La Sentinelle\" \/>\n\t<meta name=\"twitter:label2\" content=\"Dur\u00e9e de lecture estim\u00e9e\" \/>\n\t<meta name=\"twitter:data2\" content=\"2 minutes\" \/>\n<script type=\"application\/ld+json\" class=\"yoast-schema-graph\">{\"@context\":\"https:\\\/\\\/schema.org\",\"@graph\":[{\"@type\":\"Article\",\"@id\":\"https:\\\/\\\/lasentinelle.dz\\\/index.php\\\/2022\\\/03\\\/09\\\/said-chanegriha-installe-le-nouveau-directeur-de-lecole-superieure-de-guerre-lengagement-de-lanp-reaffirme\\\/#article\",\"isPartOf\":{\"@id\":\"https:\\\/\\\/lasentinelle.dz\\\/index.php\\\/2022\\\/03\\\/09\\\/said-chanegriha-installe-le-nouveau-directeur-de-lecole-superieure-de-guerre-lengagement-de-lanp-reaffirme\\\/\"},\"author\":{\"name\":\"La Sentinelle\",\"@id\":\"https:\\\/\\\/lasentinelle.dz\\\/#\\\/schema\\\/person\\\/d865044e22e70a75174ce8bcad3acfb3\"},\"headline\":\"Sa\u00efd Chanegriha\u00a0installe le nouveau directeur de l\u2019\u00c9cole sup\u00e9rieure de Guerre\u00a0: L\u2019engagement de l\u2019ANP r\u00e9affirm\u00e9\",\"datePublished\":\"2022-03-08T23:01:00+00:00\",\"mainEntityOfPage\":{\"@id\":\"https:\\\/\\\/lasentinelle.dz\\\/index.php\\\/2022\\\/03\\\/09\\\/said-chanegriha-installe-le-nouveau-directeur-de-lecole-superieure-de-guerre-lengagement-de-lanp-reaffirme\\\/\"},\"wordCount\":479,\"commentCount\":0,\"publisher\":{\"@id\":\"https:\\\/\\\/lasentinelle.dz\\\/#organization\"},\"image\":{\"@id\":\"https:\\\/\\\/lasentinelle.dz\\\/index.php\\\/2022\\\/03\\\/09\\\/said-chanegriha-installe-le-nouveau-directeur-de-lecole-superieure-de-guerre-lengagement-de-lanp-reaffirme\\\/#primaryimage\"},\"thumbnailUrl\":\"https:\\\/\\\/lasentinelle.dz\\\/wp-content\\\/uploads\\\/2022\\\/03\\\/changriha.png\",\"articleSection\":[\"Actualit\u00e9\"],\"inLanguage\":\"fr-FR\",\"potentialAction\":[{\"@type\":\"CommentAction\",\"name\":\"Comment\",\"target\":[\"https:\\\/\\\/lasentinelle.dz\\\/index.php\\\/2022\\\/03\\\/09\\\/said-chanegriha-installe-le-nouveau-directeur-de-lecole-superieure-de-guerre-lengagement-de-lanp-reaffirme\\\/#respond\"]}]},{\"@type\":\"WebPage\",\"@id\":\"https:\\\/\\\/lasentinelle.dz\\\/index.php\\\/2022\\\/03\\\/09\\\/said-chanegriha-installe-le-nouveau-directeur-de-lecole-superieure-de-guerre-lengagement-de-lanp-reaffirme\\\/\",\"url\":\"https:\\\/\\\/lasentinelle.dz\\\/index.php\\\/2022\\\/03\\\/09\\\/said-chanegriha-installe-le-nouveau-directeur-de-lecole-superieure-de-guerre-lengagement-de-lanp-reaffirme\\\/\",\"name\":\"Sa\u00efd Chanegriha\u00a0installe le nouveau directeur de l\u2019\u00c9cole sup\u00e9rieure de Guerre\u00a0: L\u2019engagement de l\u2019ANP r\u00e9affirm\u00e9 - La Sentinelle\",\"isPartOf\":{\"@id\":\"https:\\\/\\\/lasentinelle.dz\\\/#website\"},\"primaryImageOfPage\":{\"@id\":\"https:\\\/\\\/lasentinelle.dz\\\/index.php\\\/2022\\\/03\\\/09\\\/said-chanegriha-installe-le-nouveau-directeur-de-lecole-superieure-de-guerre-lengagement-de-lanp-reaffirme\\\/#primaryimage\"},\"image\":{\"@id\":\"https:\\\/\\\/lasentinelle.dz\\\/index.php\\\/2022\\\/03\\\/09\\\/said-chanegriha-installe-le-nouveau-directeur-de-lecole-superieure-de-guerre-lengagement-de-lanp-reaffirme\\\/#primaryimage\"},\"thumbnailUrl\":\"https:\\\/\\\/lasentinelle.dz\\\/wp-content\\\/uploads\\\/2022\\\/03\\\/changriha.png\",\"datePublished\":\"2022-03-08T23:01:00+00:00\",\"breadcrumb\":{\"@id\":\"https:\\\/\\\/lasentinelle.dz\\\/index.php\\\/2022\\\/03\\\/09\\\/said-chanegriha-installe-le-nouveau-directeur-de-lecole-superieure-de-guerre-lengagement-de-lanp-reaffirme\\\/#breadcrumb\"},\"inLanguage\":\"fr-FR\",\"potentialAction\":[{\"@type\":\"ReadAction\",\"target\":[\"https:\\\/\\\/lasentinelle.dz\\\/index.php\\\/2022\\\/03\\\/09\\\/said-chanegriha-installe-le-nouveau-directeur-de-lecole-superieure-de-guerre-lengagement-de-lanp-reaffirme\\\/\"]}]},{\"@type\":\"ImageObject\",\"inLanguage\":\"fr-FR\",\"@id\":\"https:\\\/\\\/lasentinelle.dz\\\/index.php\\\/2022\\\/03\\\/09\\\/said-chanegriha-installe-le-nouveau-directeur-de-lecole-superieure-de-guerre-lengagement-de-lanp-reaffirme\\\/#primaryimage\",\"url\":\"https:\\\/\\\/lasentinelle.dz\\\/wp-content\\\/uploads\\\/2022\\\/03\\\/changriha.png\",\"contentUrl\":\"https:\\\/\\\/lasentinelle.dz\\\/wp-content\\\/uploads\\\/2022\\\/03\\\/changriha.png\",\"width\":1491,\"height\":900},{\"@type\":\"BreadcrumbList\",\"@id\":\"https:\\\/\\\/lasentinelle.dz\\\/index.php\\\/2022\\\/03\\\/09\\\/said-chanegriha-installe-le-nouveau-directeur-de-lecole-superieure-de-guerre-lengagement-de-lanp-reaffirme\\\/#breadcrumb\",\"itemListElement\":[{\"@type\":\"ListItem\",\"position\":1,\"name\":\"Accueil\",\"item\":\"https:\\\/\\\/lasentinelle.dz\\\/\"},{\"@type\":\"ListItem\",\"position\":2,\"name\":\"Sa\u00efd Chanegriha\u00a0installe le nouveau directeur de l\u2019\u00c9cole sup\u00e9rieure de Guerre\u00a0: L\u2019engagement de l\u2019ANP r\u00e9affirm\u00e9\"}]},{\"@type\":\"WebSite\",\"@id\":\"https:\\\/\\\/lasentinelle.dz\\\/#website\",\"url\":\"https:\\\/\\\/lasentinelle.dz\\\/\",\"name\":\"La Sentinelle\",\"description\":\"Quotidien national d&#039;information\",\"publisher\":{\"@id\":\"https:\\\/\\\/lasentinelle.dz\\\/#organization\"},\"potentialAction\":[{\"@type\":\"SearchAction\",\"target\":{\"@type\":\"EntryPoint\",\"urlTemplate\":\"https:\\\/\\\/lasentinelle.dz\\\/?s={search_term_string}\"},\"query-input\":{\"@type\":\"PropertyValueSpecification\",\"valueRequired\":true,\"valueName\":\"search_term_string\"}}],\"inLanguage\":\"fr-FR\"},{\"@type\":\"Organization\",\"@id\":\"https:\\\/\\\/lasentinelle.dz\\\/#organization\",\"name\":\"Quotidien La Sentinelle\",\"url\":\"https:\\\/\\\/lasentinelle.dz\\\/\",\"logo\":{\"@type\":\"ImageObject\",\"inLanguage\":\"fr-FR\",\"@id\":\"https:\\\/\\\/lasentinelle.dz\\\/#\\\/schema\\\/logo\\\/image\\\/\",\"url\":\"https:\\\/\\\/lasentinelle.dz\\\/wp-content\\\/uploads\\\/2021\\\/09\\\/logo-sentinelleSLOGAN-1.png\",\"contentUrl\":\"https:\\\/\\\/lasentinelle.dz\\\/wp-content\\\/uploads\\\/2021\\\/09\\\/logo-sentinelleSLOGAN-1.png\",\"width\":615,\"height\":142,\"caption\":\"Quotidien La Sentinelle\"},\"image\":{\"@id\":\"https:\\\/\\\/lasentinelle.dz\\\/#\\\/schema\\\/logo\\\/image\\\/\"},\"sameAs\":[\"https:\\\/\\\/www.facebook.com\\\/La-Sentinelle-104059864394773\"]},{\"@type\":\"Person\",\"@id\":\"https:\\\/\\\/lasentinelle.dz\\\/#\\\/schema\\\/person\\\/d865044e22e70a75174ce8bcad3acfb3\",\"name\":\"La Sentinelle\",\"image\":{\"@type\":\"ImageObject\",\"inLanguage\":\"fr-FR\",\"@id\":\"https:\\\/\\\/secure.gravatar.com\\\/avatar\\\/57de8e5d4b15d43fb361a71fbb36338450fe67865b528a43dd10ef7c51a20392?s=96&d=mm&r=g\",\"url\":\"https:\\\/\\\/secure.gravatar.com\\\/avatar\\\/57de8e5d4b15d43fb361a71fbb36338450fe67865b528a43dd10ef7c51a20392?s=96&d=mm&r=g\",\"contentUrl\":\"https:\\\/\\\/secure.gravatar.com\\\/avatar\\\/57de8e5d4b15d43fb361a71fbb36338450fe67865b528a43dd10ef7c51a20392?s=96&d=mm&r=g\",\"caption\":\"La Sentinelle\"},\"sameAs\":[\"http:\\\/\\\/www.lasentinelle.dz\"],\"url\":\"https:\\\/\\\/lasentinelle.dz\\\/author\\\/redaction\\\/\"}]}<\/script>\n<!-- \/ Yoast SEO plugin. -->","yoast_head_json":{"title":"Sa\u00efd Chanegriha\u00a0installe le nouveau directeur de l\u2019\u00c9cole sup\u00e9rieure de Guerre\u00a0: L\u2019engagement de l\u2019ANP r\u00e9affirm\u00e9 - La Sentinelle","robots":{"index":"index","follow":"follow","max-snippet":"max-snippet:-1","max-image-preview":"max-image-preview:large","max-video-preview":"max-video-preview:-1"},"canonical":"https:\/\/lasentinelle.dz\/index.php\/2022\/03\/09\/said-chanegriha-installe-le-nouveau-directeur-de-lecole-superieure-de-guerre-lengagement-de-lanp-reaffirme\/","og_locale":"fr_FR","og_type":"article","og_title":"Sa\u00efd Chanegriha\u00a0installe le nouveau directeur de l\u2019\u00c9cole sup\u00e9rieure de Guerre\u00a0: L\u2019engagement de l\u2019ANP r\u00e9affirm\u00e9 - La Sentinelle","og_description":"Intervenant lors de l\u2019installation officielle hier du G\u00e9n\u00e9ral-major Hamid Fekane dans les fonctions du Directeur de l&rsquo;Ecole sup\u00e9rieure de Guerre,&nbsp;&nbsp;le","og_url":"https:\/\/lasentinelle.dz\/index.php\/2022\/03\/09\/said-chanegriha-installe-le-nouveau-directeur-de-lecole-superieure-de-guerre-lengagement-de-lanp-reaffirme\/","og_site_name":"La Sentinelle","article_publisher":"https:\/\/www.facebook.com\/La-Sentinelle-104059864394773","article_published_time":"2022-03-08T23:01:00+00:00","og_image":[{"width":1491,"height":900,"url":"https:\/\/lasentinelle.dz\/wp-content\/uploads\/2022\/03\/changriha.png","type":"image\/png"}],"author":"La Sentinelle","twitter_card":"summary_large_image","twitter_misc":{"\u00c9crit par":"La Sentinelle","Dur\u00e9e de lecture estim\u00e9e":"2 minutes"},"schema":{"@context":"https:\/\/schema.org","@graph":[{"@type":"Article","@id":"https:\/\/lasentinelle.dz\/index.php\/2022\/03\/09\/said-chanegriha-installe-le-nouveau-directeur-de-lecole-superieure-de-guerre-lengagement-de-lanp-reaffirme\/#article","isPartOf":{"@id":"https:\/\/lasentinelle.dz\/index.php\/2022\/03\/09\/said-chanegriha-installe-le-nouveau-directeur-de-lecole-superieure-de-guerre-lengagement-de-lanp-reaffirme\/"},"author":{"name":"La Sentinelle","@id":"https:\/\/lasentinelle.dz\/#\/schema\/person\/d865044e22e70a75174ce8bcad3acfb3"},"headline":"Sa\u00efd Chanegriha\u00a0installe le nouveau directeur de l\u2019\u00c9cole sup\u00e9rieure de Guerre\u00a0: L\u2019engagement de l\u2019ANP r\u00e9affirm\u00e9","datePublished":"2022-03-08T23:01:00+00:00","mainEntityOfPage":{"@id":"https:\/\/lasentinelle.dz\/index.php\/2022\/03\/09\/said-chanegriha-installe-le-nouveau-directeur-de-lecole-superieure-de-guerre-lengagement-de-lanp-reaffirme\/"},"wordCount":479,"commentCount":0,"publisher":{"@id":"https:\/\/lasentinelle.dz\/#organization"},"image":{"@id":"https:\/\/lasentinelle.dz\/index.php\/2022\/03\/09\/said-chanegriha-installe-le-nouveau-directeur-de-lecole-superieure-de-guerre-lengagement-de-lanp-reaffirme\/#primaryimage"},"thumbnailUrl":"https:\/\/lasentinelle.dz\/wp-content\/uploads\/2022\/03\/changriha.png","articleSection":["Actualit\u00e9"],"inLanguage":"fr-FR","potentialAction":[{"@type":"CommentAction","name":"Comment","target":["https:\/\/lasentinelle.dz\/index.php\/2022\/03\/09\/said-chanegriha-installe-le-nouveau-directeur-de-lecole-superieure-de-guerre-lengagement-de-lanp-reaffirme\/#respond"]}]},{"@type":"WebPage","@id":"https:\/\/lasentinelle.dz\/index.php\/2022\/03\/09\/said-chanegriha-installe-le-nouveau-directeur-de-lecole-superieure-de-guerre-lengagement-de-lanp-reaffirme\/","url":"https:\/\/lasentinelle.dz\/index.php\/2022\/03\/09\/said-chanegriha-installe-le-nouveau-directeur-de-lecole-superieure-de-guerre-lengagement-de-lanp-reaffirme\/","name":"Sa\u00efd Chanegriha\u00a0installe le nouveau directeur de l\u2019\u00c9cole sup\u00e9rieure de Guerre\u00a0: L\u2019engagement de l\u2019ANP r\u00e9affirm\u00e9 - La Sentinelle","isPartOf":{"@id":"https:\/\/lasentinelle.dz\/#website"},"primaryImageOfPage":{"@id":"https:\/\/lasentinelle.dz\/index.php\/2022\/03\/09\/said-chanegriha-installe-le-nouveau-directeur-de-lecole-superieure-de-guerre-lengagement-de-lanp-reaffirme\/#primaryimage"},"image":{"@id":"https:\/\/lasentinelle.dz\/index.php\/2022\/03\/09\/said-chanegriha-installe-le-nouveau-directeur-de-lecole-superieure-de-guerre-lengagement-de-lanp-reaffirme\/#primaryimage"},"thumbnailUrl":"https:\/\/lasentinelle.dz\/wp-content\/uploads\/2022\/03\/changriha.png","datePublished":"2022-03-08T23:01:00+00:00","breadcrumb":{"@id":"https:\/\/lasentinelle.dz\/index.php\/2022\/03\/09\/said-chanegriha-installe-le-nouveau-directeur-de-lecole-superieure-de-guerre-lengagement-de-lanp-reaffirme\/#breadcrumb"},"inLanguage":"fr-FR","potentialAction":[{"@type":"ReadAction","target":["https:\/\/lasentinelle.dz\/index.php\/2022\/03\/09\/said-chanegriha-installe-le-nouveau-directeur-de-lecole-superieure-de-guerre-lengagement-de-lanp-reaffirme\/"]}]},{"@type":"ImageObject","inLanguage":"fr-FR","@id":"https:\/\/lasentinelle.dz\/index.php\/2022\/03\/09\/said-chanegriha-installe-le-nouveau-directeur-de-lecole-superieure-de-guerre-lengagement-de-lanp-reaffirme\/#primaryimage","url":"https:\/\/lasentinelle.dz\/wp-content\/uploads\/2022\/03\/changriha.png","contentUrl":"https:\/\/lasentinelle.dz\/wp-content\/uploads\/2022\/03\/changriha.png","width":1491,"height":900},{"@type":"BreadcrumbList","@id":"https:\/\/lasentinelle.dz\/index.php\/2022\/03\/09\/said-chanegriha-installe-le-nouveau-directeur-de-lecole-superieure-de-guerre-lengagement-de-lanp-reaffirme\/#breadcrumb","itemListElement":[{"@type":"ListItem","position":1,"name":"Accueil","item":"https:\/\/lasentinelle.dz\/"},{"@type":"ListItem","position":2,"name":"Sa\u00efd Chanegriha\u00a0installe le nouveau directeur de l\u2019\u00c9cole sup\u00e9rieure de Guerre\u00a0: L\u2019engagement de l\u2019ANP r\u00e9affirm\u00e9"}]},{"@type":"WebSite","@id":"https:\/\/lasentinelle.dz\/#website","url":"https:\/\/lasentinelle.dz\/","name":"La Sentinelle","description":"Quotidien national d&#039;information","publisher":{"@id":"https:\/\/lasentinelle.dz\/#organization"},"potentialAction":[{"@type":"SearchAction","target":{"@type":"EntryPoint","urlTemplate":"https:\/\/lasentinelle.dz\/?s={search_term_string}"},"query-input":{"@type":"PropertyValueSpecification","valueRequired":true,"valueName":"search_term_string"}}],"inLanguage":"fr-FR"},{"@type":"Organization","@id":"https:\/\/lasentinelle.dz\/#organization","name":"Quotidien La Sentinelle","url":"https:\/\/lasentinelle.dz\/","logo":{"@type":"ImageObject","inLanguage":"fr-FR","@id":"https:\/\/lasentinelle.dz\/#\/schema\/logo\/image\/","url":"https:\/\/lasentinelle.dz\/wp-content\/uploads\/2021\/09\/logo-sentinelleSLOGAN-1.png","contentUrl":"https:\/\/lasentinelle.dz\/wp-content\/uploads\/2021\/09\/logo-sentinelleSLOGAN-1.png","width":615,"height":142,"caption":"Quotidien La Sentinelle"},"image":{"@id":"https:\/\/lasentinelle.dz\/#\/schema\/logo\/image\/"},"sameAs":["https:\/\/www.facebook.com\/La-Sentinelle-104059864394773"]},{"@type":"Person","@id":"https:\/\/lasentinelle.dz\/#\/schema\/person\/d865044e22e70a75174ce8bcad3acfb3","name":"La Sentinelle","image":{"@type":"ImageObject","inLanguage":"fr-FR","@id":"https:\/\/secure.gravatar.com\/avatar\/57de8e5d4b15d43fb361a71fbb36338450fe67865b528a43dd10ef7c51a20392?s=96&d=mm&r=g","url":"https:\/\/secure.gravatar.com\/avatar\/57de8e5d4b15d43fb361a71fbb36338450fe67865b528a43dd10ef7c51a20392?s=96&d=mm&r=g","contentUrl":"https:\/\/secure.gravatar.com\/avatar\/57de8e5d4b15d43fb361a71fbb36338450fe67865b528a43dd10ef7c51a20392?s=96&d=mm&r=g","caption":"La Sentinelle"},"sameAs":["http:\/\/www.lasentinelle.dz"],"url":"https:\/\/lasentinelle.dz\/author\/redaction\/"}]}},"_links":{"self":[{"href":"https:\/\/lasentinelle.dz\/index.php\/wp-json\/wp\/v2\/posts\/18103","targetHints":{"allow":["GET"]}}],"collection":[{"href":"https:\/\/lasentinelle.dz\/index.php\/wp-json\/wp\/v2\/posts"}],"about":[{"href":"https:\/\/lasentinelle.dz\/index.php\/wp-json\/wp\/v2\/types\/post"}],"author":[{"embeddable":true,"href":"https:\/\/lasentinelle.dz\/index.php\/wp-json\/wp\/v2\/users\/3"}],"replies":[{"embeddable":true,"href":"https:\/\/lasentinelle.dz\/index.php\/wp-json\/wp\/v2\/comments?post=18103"}],"version-history":[{"count":1,"href":"https:\/\/lasentinelle.dz\/index.php\/wp-json\/wp\/v2\/posts\/18103\/revisions"}],"predecessor-version":[{"id":18109,"href":"https:\/\/lasentinelle.dz\/index.php\/wp-json\/wp\/v2\/posts\/18103\/revisions\/18109"}],"wp:featuredmedia":[{"embeddable":true,"href":"https:\/\/lasentinelle.dz\/index.php\/wp-json\/wp\/v2\/media\/18108"}],"wp:attachment":[{"href":"https:\/\/lasentinelle.dz\/index.php\/wp-json\/wp\/v2\/media?parent=18103"}],"wp:term":[{"taxonomy":"category","embeddable":true,"href":"https:\/\/lasentinelle.dz\/index.php\/wp-json\/wp\/v2\/categories?post=18103"},{"taxonomy":"post_tag","embeddable":true,"href":"https:\/\/lasentinelle.dz\/index.php\/wp-json\/wp\/v2\/tags?post=18103"}],"curies":[{"name":"wp","href":"https:\/\/api.w.org\/{rel}","templated":true}]}}