{"id":18137,"date":"2022-03-10T00:01:00","date_gmt":"2022-03-09T23:01:00","guid":{"rendered":"https:\/\/lasentinelle.dz\/?p=18137"},"modified":"2022-03-09T18:13:20","modified_gmt":"2022-03-09T17:13:20","slug":"retards-et-reevaluations-des-projets-publics-les-assurances-de-raouya","status":"publish","type":"post","link":"https:\/\/lasentinelle.dz\/index.php\/2022\/03\/10\/retards-et-reevaluations-des-projets-publics-les-assurances-de-raouya\/","title":{"rendered":"Retards et r\u00e9\u00e9valuations des projets publics\u00a0: Les assurances de Raouya"},"content":{"rendered":"\n<p>Le ministre des Finances, Abderrahmane Raouya qui r\u00e9pondait hier en pl\u00e9ni\u00e8re consacr\u00e9e au vote du projet de loi portant r\u00e8glement budg\u00e9taire de 2019 aux questions des d\u00e9put\u00e9s de l&rsquo;Assembl\u00e9e populaire nationale les rassurant que l&rsquo;entr\u00e9e en vigueur l&rsquo;ann\u00e9e prochaine de la loi organique relative aux lois de finances permettra de pallier les lacunes du syst\u00e8me actuel de gestion de la finance publique.&nbsp;&nbsp;Les lacunes du syst\u00e8me actuel de gestion de la finance publique, explique-t-il, \u00ab seront corrig\u00e9es gr\u00e2ce aux r\u00e9formes entreprises par les services du minist\u00e8re des Finances en application de la loi organique 18-15 qui constitue une nouvelle base de la finance publique \u00bb. Raouya citera, entre autres, la r\u00e9forme budg\u00e9taire visant le passage de l&rsquo;inscription budg\u00e9taire fond\u00e9e sur les moyens \u00e0 une inscription bas\u00e9e sur les objectifs, ainsi que la r\u00e9forme comptable visant le passage de la comptabilit\u00e9 de caisse \u00e0 celle des \u00ab droits constat\u00e9s\u00a0\u00bb en compl\u00e9ment de la comptabilit\u00e9 budg\u00e9taire \u00e0 travers la comptabilit\u00e9 g\u00e9n\u00e9rale et celle analytique.Par ailleurs, annon\u00e7ant la mise en \u0153uvre de la r\u00e9forme pour 2023, le ministre des Finances expliquera que \u00ab le manque de ma\u00eetrise des pr\u00e9visions budg\u00e9taires sera palli\u00e9 par le recours \u00e0 des m\u00e9thodes \u00e9conom\u00e9triques connues telles que les mod\u00e8les normalis\u00e9s et les s\u00e9ries chronologiques \u00bb. Il estime que \u00ab les marges d&rsquo;erreur dans les pr\u00e9visions des agr\u00e9gats macro\u00e9conomiques en Alg\u00e9rie restent raisonnables par rapport aux pr\u00e9visions dans d&rsquo;autres pays \u00bb.<\/p>\n\n\n\n<p>Raouya \u00e9voquera \u00e9galement le retard accus\u00e9 dans le lancement de certains projets entra\u00eenant souvent des r\u00e9\u00e9valuations avec ce que cela engendre comme co\u00fbts suppl\u00e9mentaires. Il expliquera ainsi que cela \u00ab est d\u00fb aux entraves administratives qui seront, assure-t-il, lev\u00e9es \u00e0 la faveur de l&rsquo;entr\u00e9e en vigueur, d\u00e9but 2023, de la loi organique relative aux lois de finances en date de septembre 2018 \u00bb. Au chapitre du taux de couverture de la fiscalit\u00e9 ordinaire des d\u00e9penses de fonctionnement en 2019, le ministre fera savoir que celle-ci \u00ab s&rsquo;\u00e9tait \u00e9lev\u00e9e \u00e0 85%, en passant de 1179 milliards Da en 2008 \u00e0 4076,16 milliards Da en 2019 \u00bb.&nbsp;La dette publique, quant \u00e0 elle, s\u2019\u00e9tablissait \u00e0 9320,2 milliards Da en 2019, soit 45,62% du produit int\u00e9rieur brut (PIB). Une dette, explique-t-il, \u00ab r\u00e9partie entre dette int\u00e9rieure de 9186,6 milliards Da, et dette ext\u00e9rieure de 133 milliards Da (moins d&rsquo;un milliard Usd) \u00bb.<\/p>\n\n\n\n<p>Enfin, Raouya a indiqu\u00e9 que la pr\u00e9sentation du projet de loi portant r\u00e8glement budg\u00e9taire pour l&rsquo;exercice N-2 aura lieu \u00e0 partir de l&rsquo;ann\u00e9e 2023 \u00e0 titre transitoire pour l&rsquo;application de la r\u00e9f\u00e9rence de l&rsquo;exercice N-1 \u00e0 compter de l&rsquo;ann\u00e9e 2026.&nbsp;Une r\u00e9forme, explique-t-il,&nbsp;&nbsp;qui intervient&nbsp;&nbsp;en application de la loi organique 18-15 du 2 septembre 2018 relative aux lois de finances&nbsp;&nbsp;stipulant dans son article 89 que \u00ab les projets de loi portant r\u00e8glement budg\u00e9taire aff\u00e9rents aux ann\u00e9es 2023, 2024 et 2025 sont pr\u00e9par\u00e9s, discut\u00e9s et adopt\u00e9s par r\u00e9f\u00e9rence \u00e0 l&rsquo;exercice budg\u00e9taire N-2. A partir de l&rsquo;ann\u00e9e 2026, le projet de loi portant r\u00e8glement budg\u00e9taire est pr\u00e9par\u00e9, discut\u00e9 et adopt\u00e9 par r\u00e9f\u00e9rence \u00e0 l&rsquo;exercice budg\u00e9taire N-1 \u00bb. Toutefois, ajoute-t-il, \u00ab la r\u00e9f\u00e9rence N-3 en vigueur jusqu&rsquo;\u00e0 pr\u00e9sent (le r\u00e8glement budg\u00e9taire de 2019 est discut\u00e9 en 2022, soit l&rsquo;ann\u00e9e N-3), est appliqu\u00e9e conform\u00e9ment \u00e0 la loi organique des pr\u00e9c\u00e9dentes lois de finances (loi de 1984) \u00bb.&nbsp;<\/p>\n\n\n\n<p><strong>Kamel Nait Ameur<\/strong><\/p>\n","protected":false},"excerpt":{"rendered":"<p>Le ministre des Finances, Abderrahmane Raouya qui r\u00e9pondait hier en pl\u00e9ni\u00e8re consacr\u00e9e au vote du projet de loi portant r\u00e8glement<\/p>\n","protected":false},"author":3,"featured_media":17241,"comment_status":"open","ping_status":"closed","sticky":false,"template":"","format":"standard","meta":{"colormag_page_container_layout":"default_layout","colormag_page_sidebar_layout":"default_layout","om_disable_all_campaigns":false,"_monsterinsights_skip_tracking":false,"_monsterinsights_sitenote_active":false,"_monsterinsights_sitenote_note":"","_monsterinsights_sitenote_category":0,"footnotes":"","_wpscppro_dont_share_socialmedia":false,"_wpscppro_custom_social_share_image":0,"_facebook_share_type":"","_twitter_share_type":"","_linkedin_share_type":"","_pinterest_share_type":"","_linkedin_share_type_page":"","_instagram_share_type":"","_medium_share_type":"","_threads_share_type":"","_google_business_share_type":"","_selected_social_profile":[],"_wpsp_enable_custom_social_template":false,"_wpsp_social_scheduling":{"enabled":false,"datetime":null,"platforms":[],"status":"template_only","dateOption":"today","timeOption":"now","customDays":"","customHours":"","customDate":"","customTime":"","schedulingType":"absolute"},"_wpsp_active_default_template":true},"categories":[29],"tags":[],"class_list":["post-18137","post","type-post","status-publish","format-standard","has-post-thumbnail","hentry","category-economie"],"aioseo_notices":[],"yoast_head":"<!-- This site is optimized with the Yoast SEO plugin v27.4 - https:\/\/yoast.com\/product\/yoast-seo-wordpress\/ -->\n<title>Retards et r\u00e9\u00e9valuations des projets publics\u00a0: Les assurances de Raouya - La Sentinelle<\/title>\n<meta name=\"robots\" content=\"index, follow, max-snippet:-1, max-image-preview:large, max-video-preview:-1\" \/>\n<link rel=\"canonical\" href=\"https:\/\/lasentinelle.dz\/index.php\/2022\/03\/10\/retards-et-reevaluations-des-projets-publics-les-assurances-de-raouya\/\" \/>\n<meta property=\"og:locale\" content=\"fr_FR\" \/>\n<meta property=\"og:type\" content=\"article\" \/>\n<meta property=\"og:title\" content=\"Retards et r\u00e9\u00e9valuations des projets publics\u00a0: Les assurances de Raouya - La Sentinelle\" \/>\n<meta property=\"og:description\" content=\"Le ministre des Finances, Abderrahmane Raouya qui r\u00e9pondait hier en pl\u00e9ni\u00e8re consacr\u00e9e au vote du projet de loi portant r\u00e8glement\" \/>\n<meta property=\"og:url\" content=\"https:\/\/lasentinelle.dz\/index.php\/2022\/03\/10\/retards-et-reevaluations-des-projets-publics-les-assurances-de-raouya\/\" \/>\n<meta property=\"og:site_name\" content=\"La Sentinelle\" \/>\n<meta property=\"article:publisher\" content=\"https:\/\/www.facebook.com\/La-Sentinelle-104059864394773\" \/>\n<meta property=\"article:published_time\" content=\"2022-03-09T23:01:00+00:00\" \/>\n<meta property=\"og:image\" content=\"https:\/\/lasentinelle.dz\/wp-content\/uploads\/2022\/02\/Raouya.png\" \/>\n\t<meta property=\"og:image:width\" content=\"1600\" \/>\n\t<meta property=\"og:image:height\" content=\"900\" \/>\n\t<meta property=\"og:image:type\" content=\"image\/png\" \/>\n<meta name=\"author\" content=\"La Sentinelle\" \/>\n<meta name=\"twitter:card\" content=\"summary_large_image\" \/>\n<meta name=\"twitter:label1\" content=\"\u00c9crit par\" \/>\n\t<meta name=\"twitter:data1\" content=\"La Sentinelle\" \/>\n\t<meta name=\"twitter:label2\" content=\"Dur\u00e9e de lecture estim\u00e9e\" \/>\n\t<meta name=\"twitter:data2\" content=\"3 minutes\" \/>\n<script type=\"application\/ld+json\" class=\"yoast-schema-graph\">{\"@context\":\"https:\\\/\\\/schema.org\",\"@graph\":[{\"@type\":\"Article\",\"@id\":\"https:\\\/\\\/lasentinelle.dz\\\/index.php\\\/2022\\\/03\\\/10\\\/retards-et-reevaluations-des-projets-publics-les-assurances-de-raouya\\\/#article\",\"isPartOf\":{\"@id\":\"https:\\\/\\\/lasentinelle.dz\\\/index.php\\\/2022\\\/03\\\/10\\\/retards-et-reevaluations-des-projets-publics-les-assurances-de-raouya\\\/\"},\"author\":{\"name\":\"La Sentinelle\",\"@id\":\"https:\\\/\\\/lasentinelle.dz\\\/#\\\/schema\\\/person\\\/d865044e22e70a75174ce8bcad3acfb3\"},\"headline\":\"Retards et r\u00e9\u00e9valuations des projets publics\u00a0: Les assurances de Raouya\",\"datePublished\":\"2022-03-09T23:01:00+00:00\",\"mainEntityOfPage\":{\"@id\":\"https:\\\/\\\/lasentinelle.dz\\\/index.php\\\/2022\\\/03\\\/10\\\/retards-et-reevaluations-des-projets-publics-les-assurances-de-raouya\\\/\"},\"wordCount\":614,\"commentCount\":0,\"publisher\":{\"@id\":\"https:\\\/\\\/lasentinelle.dz\\\/#organization\"},\"image\":{\"@id\":\"https:\\\/\\\/lasentinelle.dz\\\/index.php\\\/2022\\\/03\\\/10\\\/retards-et-reevaluations-des-projets-publics-les-assurances-de-raouya\\\/#primaryimage\"},\"thumbnailUrl\":\"https:\\\/\\\/lasentinelle.dz\\\/wp-content\\\/uploads\\\/2022\\\/02\\\/Raouya.png\",\"articleSection\":[\"\u00c9conomie\"],\"inLanguage\":\"fr-FR\",\"potentialAction\":[{\"@type\":\"CommentAction\",\"name\":\"Comment\",\"target\":[\"https:\\\/\\\/lasentinelle.dz\\\/index.php\\\/2022\\\/03\\\/10\\\/retards-et-reevaluations-des-projets-publics-les-assurances-de-raouya\\\/#respond\"]}]},{\"@type\":\"WebPage\",\"@id\":\"https:\\\/\\\/lasentinelle.dz\\\/index.php\\\/2022\\\/03\\\/10\\\/retards-et-reevaluations-des-projets-publics-les-assurances-de-raouya\\\/\",\"url\":\"https:\\\/\\\/lasentinelle.dz\\\/index.php\\\/2022\\\/03\\\/10\\\/retards-et-reevaluations-des-projets-publics-les-assurances-de-raouya\\\/\",\"name\":\"Retards et r\u00e9\u00e9valuations des projets publics\u00a0: Les assurances de Raouya - La Sentinelle\",\"isPartOf\":{\"@id\":\"https:\\\/\\\/lasentinelle.dz\\\/#website\"},\"primaryImageOfPage\":{\"@id\":\"https:\\\/\\\/lasentinelle.dz\\\/index.php\\\/2022\\\/03\\\/10\\\/retards-et-reevaluations-des-projets-publics-les-assurances-de-raouya\\\/#primaryimage\"},\"image\":{\"@id\":\"https:\\\/\\\/lasentinelle.dz\\\/index.php\\\/2022\\\/03\\\/10\\\/retards-et-reevaluations-des-projets-publics-les-assurances-de-raouya\\\/#primaryimage\"},\"thumbnailUrl\":\"https:\\\/\\\/lasentinelle.dz\\\/wp-content\\\/uploads\\\/2022\\\/02\\\/Raouya.png\",\"datePublished\":\"2022-03-09T23:01:00+00:00\",\"breadcrumb\":{\"@id\":\"https:\\\/\\\/lasentinelle.dz\\\/index.php\\\/2022\\\/03\\\/10\\\/retards-et-reevaluations-des-projets-publics-les-assurances-de-raouya\\\/#breadcrumb\"},\"inLanguage\":\"fr-FR\",\"potentialAction\":[{\"@type\":\"ReadAction\",\"target\":[\"https:\\\/\\\/lasentinelle.dz\\\/index.php\\\/2022\\\/03\\\/10\\\/retards-et-reevaluations-des-projets-publics-les-assurances-de-raouya\\\/\"]}]},{\"@type\":\"ImageObject\",\"inLanguage\":\"fr-FR\",\"@id\":\"https:\\\/\\\/lasentinelle.dz\\\/index.php\\\/2022\\\/03\\\/10\\\/retards-et-reevaluations-des-projets-publics-les-assurances-de-raouya\\\/#primaryimage\",\"url\":\"https:\\\/\\\/lasentinelle.dz\\\/wp-content\\\/uploads\\\/2022\\\/02\\\/Raouya.png\",\"contentUrl\":\"https:\\\/\\\/lasentinelle.dz\\\/wp-content\\\/uploads\\\/2022\\\/02\\\/Raouya.png\",\"width\":1600,\"height\":900},{\"@type\":\"BreadcrumbList\",\"@id\":\"https:\\\/\\\/lasentinelle.dz\\\/index.php\\\/2022\\\/03\\\/10\\\/retards-et-reevaluations-des-projets-publics-les-assurances-de-raouya\\\/#breadcrumb\",\"itemListElement\":[{\"@type\":\"ListItem\",\"position\":1,\"name\":\"Accueil\",\"item\":\"https:\\\/\\\/lasentinelle.dz\\\/\"},{\"@type\":\"ListItem\",\"position\":2,\"name\":\"Retards et r\u00e9\u00e9valuations des projets publics\u00a0: Les assurances de Raouya\"}]},{\"@type\":\"WebSite\",\"@id\":\"https:\\\/\\\/lasentinelle.dz\\\/#website\",\"url\":\"https:\\\/\\\/lasentinelle.dz\\\/\",\"name\":\"La Sentinelle\",\"description\":\"Quotidien national d&#039;information\",\"publisher\":{\"@id\":\"https:\\\/\\\/lasentinelle.dz\\\/#organization\"},\"potentialAction\":[{\"@type\":\"SearchAction\",\"target\":{\"@type\":\"EntryPoint\",\"urlTemplate\":\"https:\\\/\\\/lasentinelle.dz\\\/?s={search_term_string}\"},\"query-input\":{\"@type\":\"PropertyValueSpecification\",\"valueRequired\":true,\"valueName\":\"search_term_string\"}}],\"inLanguage\":\"fr-FR\"},{\"@type\":\"Organization\",\"@id\":\"https:\\\/\\\/lasentinelle.dz\\\/#organization\",\"name\":\"Quotidien La Sentinelle\",\"url\":\"https:\\\/\\\/lasentinelle.dz\\\/\",\"logo\":{\"@type\":\"ImageObject\",\"inLanguage\":\"fr-FR\",\"@id\":\"https:\\\/\\\/lasentinelle.dz\\\/#\\\/schema\\\/logo\\\/image\\\/\",\"url\":\"https:\\\/\\\/lasentinelle.dz\\\/wp-content\\\/uploads\\\/2021\\\/09\\\/logo-sentinelleSLOGAN-1.png\",\"contentUrl\":\"https:\\\/\\\/lasentinelle.dz\\\/wp-content\\\/uploads\\\/2021\\\/09\\\/logo-sentinelleSLOGAN-1.png\",\"width\":615,\"height\":142,\"caption\":\"Quotidien La Sentinelle\"},\"image\":{\"@id\":\"https:\\\/\\\/lasentinelle.dz\\\/#\\\/schema\\\/logo\\\/image\\\/\"},\"sameAs\":[\"https:\\\/\\\/www.facebook.com\\\/La-Sentinelle-104059864394773\"]},{\"@type\":\"Person\",\"@id\":\"https:\\\/\\\/lasentinelle.dz\\\/#\\\/schema\\\/person\\\/d865044e22e70a75174ce8bcad3acfb3\",\"name\":\"La Sentinelle\",\"image\":{\"@type\":\"ImageObject\",\"inLanguage\":\"fr-FR\",\"@id\":\"https:\\\/\\\/secure.gravatar.com\\\/avatar\\\/57de8e5d4b15d43fb361a71fbb36338450fe67865b528a43dd10ef7c51a20392?s=96&d=mm&r=g\",\"url\":\"https:\\\/\\\/secure.gravatar.com\\\/avatar\\\/57de8e5d4b15d43fb361a71fbb36338450fe67865b528a43dd10ef7c51a20392?s=96&d=mm&r=g\",\"contentUrl\":\"https:\\\/\\\/secure.gravatar.com\\\/avatar\\\/57de8e5d4b15d43fb361a71fbb36338450fe67865b528a43dd10ef7c51a20392?s=96&d=mm&r=g\",\"caption\":\"La Sentinelle\"},\"sameAs\":[\"http:\\\/\\\/www.lasentinelle.dz\"],\"url\":\"https:\\\/\\\/lasentinelle.dz\\\/author\\\/redaction\\\/\"}]}<\/script>\n<!-- \/ Yoast SEO plugin. -->","yoast_head_json":{"title":"Retards et r\u00e9\u00e9valuations des projets publics\u00a0: Les assurances de Raouya - La Sentinelle","robots":{"index":"index","follow":"follow","max-snippet":"max-snippet:-1","max-image-preview":"max-image-preview:large","max-video-preview":"max-video-preview:-1"},"canonical":"https:\/\/lasentinelle.dz\/index.php\/2022\/03\/10\/retards-et-reevaluations-des-projets-publics-les-assurances-de-raouya\/","og_locale":"fr_FR","og_type":"article","og_title":"Retards et r\u00e9\u00e9valuations des projets publics\u00a0: Les assurances de Raouya - La Sentinelle","og_description":"Le ministre des Finances, Abderrahmane Raouya qui r\u00e9pondait hier en pl\u00e9ni\u00e8re consacr\u00e9e au vote du projet de loi portant r\u00e8glement","og_url":"https:\/\/lasentinelle.dz\/index.php\/2022\/03\/10\/retards-et-reevaluations-des-projets-publics-les-assurances-de-raouya\/","og_site_name":"La Sentinelle","article_publisher":"https:\/\/www.facebook.com\/La-Sentinelle-104059864394773","article_published_time":"2022-03-09T23:01:00+00:00","og_image":[{"width":1600,"height":900,"url":"https:\/\/lasentinelle.dz\/wp-content\/uploads\/2022\/02\/Raouya.png","type":"image\/png"}],"author":"La Sentinelle","twitter_card":"summary_large_image","twitter_misc":{"\u00c9crit par":"La Sentinelle","Dur\u00e9e de lecture estim\u00e9e":"3 minutes"},"schema":{"@context":"https:\/\/schema.org","@graph":[{"@type":"Article","@id":"https:\/\/lasentinelle.dz\/index.php\/2022\/03\/10\/retards-et-reevaluations-des-projets-publics-les-assurances-de-raouya\/#article","isPartOf":{"@id":"https:\/\/lasentinelle.dz\/index.php\/2022\/03\/10\/retards-et-reevaluations-des-projets-publics-les-assurances-de-raouya\/"},"author":{"name":"La Sentinelle","@id":"https:\/\/lasentinelle.dz\/#\/schema\/person\/d865044e22e70a75174ce8bcad3acfb3"},"headline":"Retards et r\u00e9\u00e9valuations des projets publics\u00a0: Les assurances de Raouya","datePublished":"2022-03-09T23:01:00+00:00","mainEntityOfPage":{"@id":"https:\/\/lasentinelle.dz\/index.php\/2022\/03\/10\/retards-et-reevaluations-des-projets-publics-les-assurances-de-raouya\/"},"wordCount":614,"commentCount":0,"publisher":{"@id":"https:\/\/lasentinelle.dz\/#organization"},"image":{"@id":"https:\/\/lasentinelle.dz\/index.php\/2022\/03\/10\/retards-et-reevaluations-des-projets-publics-les-assurances-de-raouya\/#primaryimage"},"thumbnailUrl":"https:\/\/lasentinelle.dz\/wp-content\/uploads\/2022\/02\/Raouya.png","articleSection":["\u00c9conomie"],"inLanguage":"fr-FR","potentialAction":[{"@type":"CommentAction","name":"Comment","target":["https:\/\/lasentinelle.dz\/index.php\/2022\/03\/10\/retards-et-reevaluations-des-projets-publics-les-assurances-de-raouya\/#respond"]}]},{"@type":"WebPage","@id":"https:\/\/lasentinelle.dz\/index.php\/2022\/03\/10\/retards-et-reevaluations-des-projets-publics-les-assurances-de-raouya\/","url":"https:\/\/lasentinelle.dz\/index.php\/2022\/03\/10\/retards-et-reevaluations-des-projets-publics-les-assurances-de-raouya\/","name":"Retards et r\u00e9\u00e9valuations des projets publics\u00a0: Les assurances de Raouya - La Sentinelle","isPartOf":{"@id":"https:\/\/lasentinelle.dz\/#website"},"primaryImageOfPage":{"@id":"https:\/\/lasentinelle.dz\/index.php\/2022\/03\/10\/retards-et-reevaluations-des-projets-publics-les-assurances-de-raouya\/#primaryimage"},"image":{"@id":"https:\/\/lasentinelle.dz\/index.php\/2022\/03\/10\/retards-et-reevaluations-des-projets-publics-les-assurances-de-raouya\/#primaryimage"},"thumbnailUrl":"https:\/\/lasentinelle.dz\/wp-content\/uploads\/2022\/02\/Raouya.png","datePublished":"2022-03-09T23:01:00+00:00","breadcrumb":{"@id":"https:\/\/lasentinelle.dz\/index.php\/2022\/03\/10\/retards-et-reevaluations-des-projets-publics-les-assurances-de-raouya\/#breadcrumb"},"inLanguage":"fr-FR","potentialAction":[{"@type":"ReadAction","target":["https:\/\/lasentinelle.dz\/index.php\/2022\/03\/10\/retards-et-reevaluations-des-projets-publics-les-assurances-de-raouya\/"]}]},{"@type":"ImageObject","inLanguage":"fr-FR","@id":"https:\/\/lasentinelle.dz\/index.php\/2022\/03\/10\/retards-et-reevaluations-des-projets-publics-les-assurances-de-raouya\/#primaryimage","url":"https:\/\/lasentinelle.dz\/wp-content\/uploads\/2022\/02\/Raouya.png","contentUrl":"https:\/\/lasentinelle.dz\/wp-content\/uploads\/2022\/02\/Raouya.png","width":1600,"height":900},{"@type":"BreadcrumbList","@id":"https:\/\/lasentinelle.dz\/index.php\/2022\/03\/10\/retards-et-reevaluations-des-projets-publics-les-assurances-de-raouya\/#breadcrumb","itemListElement":[{"@type":"ListItem","position":1,"name":"Accueil","item":"https:\/\/lasentinelle.dz\/"},{"@type":"ListItem","position":2,"name":"Retards et r\u00e9\u00e9valuations des projets publics\u00a0: Les assurances de Raouya"}]},{"@type":"WebSite","@id":"https:\/\/lasentinelle.dz\/#website","url":"https:\/\/lasentinelle.dz\/","name":"La Sentinelle","description":"Quotidien national d&#039;information","publisher":{"@id":"https:\/\/lasentinelle.dz\/#organization"},"potentialAction":[{"@type":"SearchAction","target":{"@type":"EntryPoint","urlTemplate":"https:\/\/lasentinelle.dz\/?s={search_term_string}"},"query-input":{"@type":"PropertyValueSpecification","valueRequired":true,"valueName":"search_term_string"}}],"inLanguage":"fr-FR"},{"@type":"Organization","@id":"https:\/\/lasentinelle.dz\/#organization","name":"Quotidien La Sentinelle","url":"https:\/\/lasentinelle.dz\/","logo":{"@type":"ImageObject","inLanguage":"fr-FR","@id":"https:\/\/lasentinelle.dz\/#\/schema\/logo\/image\/","url":"https:\/\/lasentinelle.dz\/wp-content\/uploads\/2021\/09\/logo-sentinelleSLOGAN-1.png","contentUrl":"https:\/\/lasentinelle.dz\/wp-content\/uploads\/2021\/09\/logo-sentinelleSLOGAN-1.png","width":615,"height":142,"caption":"Quotidien La Sentinelle"},"image":{"@id":"https:\/\/lasentinelle.dz\/#\/schema\/logo\/image\/"},"sameAs":["https:\/\/www.facebook.com\/La-Sentinelle-104059864394773"]},{"@type":"Person","@id":"https:\/\/lasentinelle.dz\/#\/schema\/person\/d865044e22e70a75174ce8bcad3acfb3","name":"La Sentinelle","image":{"@type":"ImageObject","inLanguage":"fr-FR","@id":"https:\/\/secure.gravatar.com\/avatar\/57de8e5d4b15d43fb361a71fbb36338450fe67865b528a43dd10ef7c51a20392?s=96&d=mm&r=g","url":"https:\/\/secure.gravatar.com\/avatar\/57de8e5d4b15d43fb361a71fbb36338450fe67865b528a43dd10ef7c51a20392?s=96&d=mm&r=g","contentUrl":"https:\/\/secure.gravatar.com\/avatar\/57de8e5d4b15d43fb361a71fbb36338450fe67865b528a43dd10ef7c51a20392?s=96&d=mm&r=g","caption":"La Sentinelle"},"sameAs":["http:\/\/www.lasentinelle.dz"],"url":"https:\/\/lasentinelle.dz\/author\/redaction\/"}]}},"_links":{"self":[{"href":"https:\/\/lasentinelle.dz\/index.php\/wp-json\/wp\/v2\/posts\/18137","targetHints":{"allow":["GET"]}}],"collection":[{"href":"https:\/\/lasentinelle.dz\/index.php\/wp-json\/wp\/v2\/posts"}],"about":[{"href":"https:\/\/lasentinelle.dz\/index.php\/wp-json\/wp\/v2\/types\/post"}],"author":[{"embeddable":true,"href":"https:\/\/lasentinelle.dz\/index.php\/wp-json\/wp\/v2\/users\/3"}],"replies":[{"embeddable":true,"href":"https:\/\/lasentinelle.dz\/index.php\/wp-json\/wp\/v2\/comments?post=18137"}],"version-history":[{"count":1,"href":"https:\/\/lasentinelle.dz\/index.php\/wp-json\/wp\/v2\/posts\/18137\/revisions"}],"predecessor-version":[{"id":18150,"href":"https:\/\/lasentinelle.dz\/index.php\/wp-json\/wp\/v2\/posts\/18137\/revisions\/18150"}],"wp:featuredmedia":[{"embeddable":true,"href":"https:\/\/lasentinelle.dz\/index.php\/wp-json\/wp\/v2\/media\/17241"}],"wp:attachment":[{"href":"https:\/\/lasentinelle.dz\/index.php\/wp-json\/wp\/v2\/media?parent=18137"}],"wp:term":[{"taxonomy":"category","embeddable":true,"href":"https:\/\/lasentinelle.dz\/index.php\/wp-json\/wp\/v2\/categories?post=18137"},{"taxonomy":"post_tag","embeddable":true,"href":"https:\/\/lasentinelle.dz\/index.php\/wp-json\/wp\/v2\/tags?post=18137"}],"curies":[{"name":"wp","href":"https:\/\/api.w.org\/{rel}","templated":true}]}}