{"id":18153,"date":"2022-03-10T00:01:00","date_gmt":"2022-03-09T23:01:00","guid":{"rendered":"https:\/\/lasentinelle.dz\/?p=18153"},"modified":"2022-03-09T18:27:02","modified_gmt":"2022-03-09T17:27:02","slug":"assemblee-populaire-nationale-le-droit-syndical-renforce","status":"publish","type":"post","link":"https:\/\/lasentinelle.dz\/index.php\/2022\/03\/10\/assemblee-populaire-nationale-le-droit-syndical-renforce\/","title":{"rendered":"Assembl\u00e9e populaire nationale\u00a0:\u00a0Le droit syndical renforc\u00e9"},"content":{"rendered":"\n<p>Trente ans apr\u00e8s son premier amendement,&nbsp;&nbsp;la loi r\u00e9gissant 90-14 du 2 juin 1990 a, pour une seconde fois, fait l\u2019objet d\u2019une autre modification sugg\u00e9r\u00e9e, cette semaine, par le minist\u00e8re du Travail, de l&rsquo;Emploi et de la S\u00e9curit\u00e9 sociale. Ce projet de loi fixe les modalit\u00e9s li\u00e9es \u00e0 l&rsquo;exercice du droit syndical. Il a \u00e9t\u00e9 unanimement adopt\u00e9 par les parlementaires lors d\u2019une s\u00e9ance pl\u00e9ni\u00e8re pr\u00e9sid\u00e9e par Brahim Boughali, en pr\u00e9sence du ministre du Travail, de l&rsquo;Emploi et de la S\u00e9curit\u00e9 sociale, Youcef Cherfa et de la ministre des Relations avec le Parlement, Basma Azouar. Le projet consacre plusieurs chapitres fixant et explicitant le libre droit relatif \u00e0 l\u2019exercice syndical. Outre les m\u00e9canismes juridiques consacrant les fondements de l&rsquo;\u00c9tat de droit, le projet porte dans ses dimensions la consolidation des ateliers des r\u00e9formes et de d\u00e9mocratie, le renforcement du dialogue social et les libert\u00e9s individuelles et collectives. Cette loi consacre \u00e9galement le droit et la libert\u00e9 permettant la cr\u00e9ation des organisations syndicales, d\u2019adh\u00e9sion et d\u2019appartenance aux syndicats, en plus de la mise en place des garde-fous garantissant la protection et le soutien des libert\u00e9s syndicales, tel que r\u00e9glement\u00e9 par la loi r\u00e9gissant le travail syndical. Dans son allocution qui a suivi le quitus donn\u00e9 par les parlementaires, le ministre du Travail, de l&rsquo;Emploi et de la S\u00e9curit\u00e9 sociale, Youcef Cherfa, a affirm\u00e9 que \u00abl\u2019approbation, par le Parlement, de la loi sur l&rsquo;exercice du droit syndical traduit la forte volont\u00e9 des pouvoirs publics quant \u00e0 promouvoir l&rsquo;action syndicale en Alg\u00e9rie, en plus du renforcement de sa place dans les concerts internationaux \u00e0 travers la mise en \u0153uvre de ses engagements\u00bb. Il a ajout\u00e9 que \u00abcette loi, pl\u00e9biscit\u00e9e par les d\u00e9put\u00e9s, constitue un nouveau jalon dans notre syst\u00e8me l\u00e9gislatif\u00bb. \u00abElle (la loi NDLR) s\u2019ajoute \u00e0 l&rsquo;arsenal juridique important que rec\u00e8le notre pays en mati\u00e8re des droits et libert\u00e9s consacr\u00e9s par la r\u00e9vision de la Constitution de 2020\u00bb, a-t-il r\u00e9it\u00e9r\u00e9. Cherfa assurera que \u00abces droits et ces libert\u00e9s seront renforc\u00e9s davantage par l&rsquo;\u00e9laboration de la loi cadre r\u00e9gissant l&rsquo;action syndicale, en prenant en consid\u00e9ration les amendements et les propositions formul\u00e9s par les d\u00e9put\u00e9s lors de l&rsquo;examen de la loi relative aux modalit\u00e9s de l&rsquo;exercice du droit syndical\u00bb. Le ministre a, en ce sens, mis en avant \u00abl&rsquo;importance accord\u00e9e par les d\u00e9put\u00e9s \u00e0 cette loi\u00bb. Cherfa soulignera que cet int\u00e9r\u00eat particulier r\u00e9serv\u00e9 par les parlementaires au projet \u00abtraduit leur attachement \u00e0 consacrer les droits et les libert\u00e9s des citoyens, des travailleurs et repr\u00e9sentants syndicaux\u00bb. Cette approbation co\u00efncidant avec la c\u00e9l\u00e9bration de la Journ\u00e9e internationale de la Femme, le 08 mars, le ministre a f\u00e9licit\u00e9 \u00abl&rsquo;ensemble des femmes alg\u00e9riennes, en particulier les travailleuses et les syndicalistes\u00bb. Intervenant \u00e0 son tour, le pr\u00e9sident de la Commission de la sant\u00e9, des affaires sociales, du travail et de la formation professionnelle, Ali Rebidj a affirm\u00e9 que \u00abl&rsquo;adoption de cette loi entre dans le cadre&nbsp;&nbsp;de la mise en ouvre des engagements sign\u00e9s par l&rsquo;Alg\u00e9rie. Celles-ci sont en lien direct avec les conventions internationales de travail, en plus de la prise en charge des revendications syndicales en vue d&rsquo;organiser l&rsquo;action syndicale\u00bb.<\/p>\n\n\n\n<p><strong>Salim Abdenour&nbsp;<\/strong><\/p>\n","protected":false},"excerpt":{"rendered":"<p>Trente ans apr\u00e8s son premier amendement,&nbsp;&nbsp;la loi r\u00e9gissant 90-14 du 2 juin 1990 a, pour une seconde fois, fait l\u2019objet<\/p>\n","protected":false},"author":3,"featured_media":18162,"comment_status":"open","ping_status":"closed","sticky":false,"template":"","format":"standard","meta":{"colormag_page_container_layout":"default_layout","colormag_page_sidebar_layout":"default_layout","om_disable_all_campaigns":false,"_monsterinsights_skip_tracking":false,"_monsterinsights_sitenote_active":false,"_monsterinsights_sitenote_note":"","_monsterinsights_sitenote_category":0,"footnotes":"","_wpscppro_dont_share_socialmedia":false,"_wpscppro_custom_social_share_image":0,"_facebook_share_type":"","_twitter_share_type":"","_linkedin_share_type":"","_pinterest_share_type":"","_linkedin_share_type_page":"","_instagram_share_type":"","_medium_share_type":"","_threads_share_type":"","_google_business_share_type":"","_selected_social_profile":[],"_wpsp_enable_custom_social_template":false,"_wpsp_social_scheduling":{"enabled":false,"datetime":null,"platforms":[],"status":"template_only","dateOption":"today","timeOption":"now","customDays":"","customHours":"","customDate":"","customTime":"","schedulingType":"absolute"},"_wpsp_active_default_template":true},"categories":[27],"tags":[],"class_list":["post-18153","post","type-post","status-publish","format-standard","has-post-thumbnail","hentry","category-actualite"],"aioseo_notices":[],"yoast_head":"<!-- This site is optimized with the Yoast SEO plugin v27.5 - https:\/\/yoast.com\/product\/yoast-seo-wordpress\/ -->\n<title>Assembl\u00e9e populaire nationale\u00a0:\u00a0Le droit syndical renforc\u00e9 - La Sentinelle<\/title>\n<meta name=\"robots\" content=\"index, follow, max-snippet:-1, max-image-preview:large, max-video-preview:-1\" \/>\n<link rel=\"canonical\" href=\"https:\/\/lasentinelle.dz\/index.php\/2022\/03\/10\/assemblee-populaire-nationale-le-droit-syndical-renforce\/\" \/>\n<meta property=\"og:locale\" content=\"fr_FR\" \/>\n<meta property=\"og:type\" content=\"article\" \/>\n<meta property=\"og:title\" content=\"Assembl\u00e9e populaire nationale\u00a0:\u00a0Le droit syndical renforc\u00e9 - La Sentinelle\" \/>\n<meta property=\"og:description\" content=\"Trente ans apr\u00e8s son premier amendement,&nbsp;&nbsp;la loi r\u00e9gissant 90-14 du 2 juin 1990 a, pour une seconde fois, fait l\u2019objet\" \/>\n<meta property=\"og:url\" content=\"https:\/\/lasentinelle.dz\/index.php\/2022\/03\/10\/assemblee-populaire-nationale-le-droit-syndical-renforce\/\" \/>\n<meta property=\"og:site_name\" content=\"La Sentinelle\" \/>\n<meta property=\"article:publisher\" content=\"https:\/\/www.facebook.com\/La-Sentinelle-104059864394773\" \/>\n<meta property=\"article:published_time\" content=\"2022-03-09T23:01:00+00:00\" \/>\n<meta property=\"og:image\" content=\"https:\/\/lasentinelle.dz\/wp-content\/uploads\/2022\/03\/apn.png\" \/>\n\t<meta property=\"og:image:width\" content=\"1491\" \/>\n\t<meta property=\"og:image:height\" content=\"900\" \/>\n\t<meta property=\"og:image:type\" content=\"image\/png\" \/>\n<meta name=\"author\" content=\"La Sentinelle\" \/>\n<meta name=\"twitter:card\" content=\"summary_large_image\" \/>\n<meta name=\"twitter:label1\" content=\"\u00c9crit par\" \/>\n\t<meta name=\"twitter:data1\" content=\"La Sentinelle\" \/>\n\t<meta name=\"twitter:label2\" content=\"Dur\u00e9e de lecture estim\u00e9e\" \/>\n\t<meta name=\"twitter:data2\" content=\"3 minutes\" \/>\n<script type=\"application\/ld+json\" class=\"yoast-schema-graph\">{\"@context\":\"https:\\\/\\\/schema.org\",\"@graph\":[{\"@type\":\"Article\",\"@id\":\"https:\\\/\\\/lasentinelle.dz\\\/index.php\\\/2022\\\/03\\\/10\\\/assemblee-populaire-nationale-le-droit-syndical-renforce\\\/#article\",\"isPartOf\":{\"@id\":\"https:\\\/\\\/lasentinelle.dz\\\/index.php\\\/2022\\\/03\\\/10\\\/assemblee-populaire-nationale-le-droit-syndical-renforce\\\/\"},\"author\":{\"name\":\"La Sentinelle\",\"@id\":\"https:\\\/\\\/lasentinelle.dz\\\/#\\\/schema\\\/person\\\/d865044e22e70a75174ce8bcad3acfb3\"},\"headline\":\"Assembl\u00e9e populaire nationale\u00a0:\u00a0Le droit syndical renforc\u00e9\",\"datePublished\":\"2022-03-09T23:01:00+00:00\",\"mainEntityOfPage\":{\"@id\":\"https:\\\/\\\/lasentinelle.dz\\\/index.php\\\/2022\\\/03\\\/10\\\/assemblee-populaire-nationale-le-droit-syndical-renforce\\\/\"},\"wordCount\":604,\"commentCount\":0,\"publisher\":{\"@id\":\"https:\\\/\\\/lasentinelle.dz\\\/#organization\"},\"image\":{\"@id\":\"https:\\\/\\\/lasentinelle.dz\\\/index.php\\\/2022\\\/03\\\/10\\\/assemblee-populaire-nationale-le-droit-syndical-renforce\\\/#primaryimage\"},\"thumbnailUrl\":\"https:\\\/\\\/lasentinelle.dz\\\/wp-content\\\/uploads\\\/2022\\\/03\\\/apn.png\",\"articleSection\":[\"Actualit\u00e9\"],\"inLanguage\":\"fr-FR\",\"potentialAction\":[{\"@type\":\"CommentAction\",\"name\":\"Comment\",\"target\":[\"https:\\\/\\\/lasentinelle.dz\\\/index.php\\\/2022\\\/03\\\/10\\\/assemblee-populaire-nationale-le-droit-syndical-renforce\\\/#respond\"]}]},{\"@type\":\"WebPage\",\"@id\":\"https:\\\/\\\/lasentinelle.dz\\\/index.php\\\/2022\\\/03\\\/10\\\/assemblee-populaire-nationale-le-droit-syndical-renforce\\\/\",\"url\":\"https:\\\/\\\/lasentinelle.dz\\\/index.php\\\/2022\\\/03\\\/10\\\/assemblee-populaire-nationale-le-droit-syndical-renforce\\\/\",\"name\":\"Assembl\u00e9e populaire nationale\u00a0:\u00a0Le droit syndical renforc\u00e9 - La Sentinelle\",\"isPartOf\":{\"@id\":\"https:\\\/\\\/lasentinelle.dz\\\/#website\"},\"primaryImageOfPage\":{\"@id\":\"https:\\\/\\\/lasentinelle.dz\\\/index.php\\\/2022\\\/03\\\/10\\\/assemblee-populaire-nationale-le-droit-syndical-renforce\\\/#primaryimage\"},\"image\":{\"@id\":\"https:\\\/\\\/lasentinelle.dz\\\/index.php\\\/2022\\\/03\\\/10\\\/assemblee-populaire-nationale-le-droit-syndical-renforce\\\/#primaryimage\"},\"thumbnailUrl\":\"https:\\\/\\\/lasentinelle.dz\\\/wp-content\\\/uploads\\\/2022\\\/03\\\/apn.png\",\"datePublished\":\"2022-03-09T23:01:00+00:00\",\"breadcrumb\":{\"@id\":\"https:\\\/\\\/lasentinelle.dz\\\/index.php\\\/2022\\\/03\\\/10\\\/assemblee-populaire-nationale-le-droit-syndical-renforce\\\/#breadcrumb\"},\"inLanguage\":\"fr-FR\",\"potentialAction\":[{\"@type\":\"ReadAction\",\"target\":[\"https:\\\/\\\/lasentinelle.dz\\\/index.php\\\/2022\\\/03\\\/10\\\/assemblee-populaire-nationale-le-droit-syndical-renforce\\\/\"]}]},{\"@type\":\"ImageObject\",\"inLanguage\":\"fr-FR\",\"@id\":\"https:\\\/\\\/lasentinelle.dz\\\/index.php\\\/2022\\\/03\\\/10\\\/assemblee-populaire-nationale-le-droit-syndical-renforce\\\/#primaryimage\",\"url\":\"https:\\\/\\\/lasentinelle.dz\\\/wp-content\\\/uploads\\\/2022\\\/03\\\/apn.png\",\"contentUrl\":\"https:\\\/\\\/lasentinelle.dz\\\/wp-content\\\/uploads\\\/2022\\\/03\\\/apn.png\",\"width\":1491,\"height\":900},{\"@type\":\"BreadcrumbList\",\"@id\":\"https:\\\/\\\/lasentinelle.dz\\\/index.php\\\/2022\\\/03\\\/10\\\/assemblee-populaire-nationale-le-droit-syndical-renforce\\\/#breadcrumb\",\"itemListElement\":[{\"@type\":\"ListItem\",\"position\":1,\"name\":\"Accueil\",\"item\":\"https:\\\/\\\/lasentinelle.dz\\\/\"},{\"@type\":\"ListItem\",\"position\":2,\"name\":\"Assembl\u00e9e populaire nationale\u00a0:\u00a0Le droit syndical renforc\u00e9\"}]},{\"@type\":\"WebSite\",\"@id\":\"https:\\\/\\\/lasentinelle.dz\\\/#website\",\"url\":\"https:\\\/\\\/lasentinelle.dz\\\/\",\"name\":\"La Sentinelle\",\"description\":\"Quotidien national d&#039;information\",\"publisher\":{\"@id\":\"https:\\\/\\\/lasentinelle.dz\\\/#organization\"},\"potentialAction\":[{\"@type\":\"SearchAction\",\"target\":{\"@type\":\"EntryPoint\",\"urlTemplate\":\"https:\\\/\\\/lasentinelle.dz\\\/?s={search_term_string}\"},\"query-input\":{\"@type\":\"PropertyValueSpecification\",\"valueRequired\":true,\"valueName\":\"search_term_string\"}}],\"inLanguage\":\"fr-FR\"},{\"@type\":\"Organization\",\"@id\":\"https:\\\/\\\/lasentinelle.dz\\\/#organization\",\"name\":\"Quotidien La Sentinelle\",\"url\":\"https:\\\/\\\/lasentinelle.dz\\\/\",\"logo\":{\"@type\":\"ImageObject\",\"inLanguage\":\"fr-FR\",\"@id\":\"https:\\\/\\\/lasentinelle.dz\\\/#\\\/schema\\\/logo\\\/image\\\/\",\"url\":\"https:\\\/\\\/lasentinelle.dz\\\/wp-content\\\/uploads\\\/2021\\\/09\\\/logo-sentinelleSLOGAN-1.png\",\"contentUrl\":\"https:\\\/\\\/lasentinelle.dz\\\/wp-content\\\/uploads\\\/2021\\\/09\\\/logo-sentinelleSLOGAN-1.png\",\"width\":615,\"height\":142,\"caption\":\"Quotidien La Sentinelle\"},\"image\":{\"@id\":\"https:\\\/\\\/lasentinelle.dz\\\/#\\\/schema\\\/logo\\\/image\\\/\"},\"sameAs\":[\"https:\\\/\\\/www.facebook.com\\\/La-Sentinelle-104059864394773\"]},{\"@type\":\"Person\",\"@id\":\"https:\\\/\\\/lasentinelle.dz\\\/#\\\/schema\\\/person\\\/d865044e22e70a75174ce8bcad3acfb3\",\"name\":\"La Sentinelle\",\"image\":{\"@type\":\"ImageObject\",\"inLanguage\":\"fr-FR\",\"@id\":\"https:\\\/\\\/secure.gravatar.com\\\/avatar\\\/57de8e5d4b15d43fb361a71fbb36338450fe67865b528a43dd10ef7c51a20392?s=96&d=mm&r=g\",\"url\":\"https:\\\/\\\/secure.gravatar.com\\\/avatar\\\/57de8e5d4b15d43fb361a71fbb36338450fe67865b528a43dd10ef7c51a20392?s=96&d=mm&r=g\",\"contentUrl\":\"https:\\\/\\\/secure.gravatar.com\\\/avatar\\\/57de8e5d4b15d43fb361a71fbb36338450fe67865b528a43dd10ef7c51a20392?s=96&d=mm&r=g\",\"caption\":\"La Sentinelle\"},\"sameAs\":[\"http:\\\/\\\/www.lasentinelle.dz\"],\"url\":\"https:\\\/\\\/lasentinelle.dz\\\/author\\\/redaction\\\/\"}]}<\/script>\n<!-- \/ Yoast SEO plugin. -->","yoast_head_json":{"title":"Assembl\u00e9e populaire nationale\u00a0:\u00a0Le droit syndical renforc\u00e9 - La Sentinelle","robots":{"index":"index","follow":"follow","max-snippet":"max-snippet:-1","max-image-preview":"max-image-preview:large","max-video-preview":"max-video-preview:-1"},"canonical":"https:\/\/lasentinelle.dz\/index.php\/2022\/03\/10\/assemblee-populaire-nationale-le-droit-syndical-renforce\/","og_locale":"fr_FR","og_type":"article","og_title":"Assembl\u00e9e populaire nationale\u00a0:\u00a0Le droit syndical renforc\u00e9 - La Sentinelle","og_description":"Trente ans apr\u00e8s son premier amendement,&nbsp;&nbsp;la loi r\u00e9gissant 90-14 du 2 juin 1990 a, pour une seconde fois, fait l\u2019objet","og_url":"https:\/\/lasentinelle.dz\/index.php\/2022\/03\/10\/assemblee-populaire-nationale-le-droit-syndical-renforce\/","og_site_name":"La Sentinelle","article_publisher":"https:\/\/www.facebook.com\/La-Sentinelle-104059864394773","article_published_time":"2022-03-09T23:01:00+00:00","og_image":[{"width":1491,"height":900,"url":"https:\/\/lasentinelle.dz\/wp-content\/uploads\/2022\/03\/apn.png","type":"image\/png"}],"author":"La Sentinelle","twitter_card":"summary_large_image","twitter_misc":{"\u00c9crit par":"La Sentinelle","Dur\u00e9e de lecture estim\u00e9e":"3 minutes"},"schema":{"@context":"https:\/\/schema.org","@graph":[{"@type":"Article","@id":"https:\/\/lasentinelle.dz\/index.php\/2022\/03\/10\/assemblee-populaire-nationale-le-droit-syndical-renforce\/#article","isPartOf":{"@id":"https:\/\/lasentinelle.dz\/index.php\/2022\/03\/10\/assemblee-populaire-nationale-le-droit-syndical-renforce\/"},"author":{"name":"La Sentinelle","@id":"https:\/\/lasentinelle.dz\/#\/schema\/person\/d865044e22e70a75174ce8bcad3acfb3"},"headline":"Assembl\u00e9e populaire nationale\u00a0:\u00a0Le droit syndical renforc\u00e9","datePublished":"2022-03-09T23:01:00+00:00","mainEntityOfPage":{"@id":"https:\/\/lasentinelle.dz\/index.php\/2022\/03\/10\/assemblee-populaire-nationale-le-droit-syndical-renforce\/"},"wordCount":604,"commentCount":0,"publisher":{"@id":"https:\/\/lasentinelle.dz\/#organization"},"image":{"@id":"https:\/\/lasentinelle.dz\/index.php\/2022\/03\/10\/assemblee-populaire-nationale-le-droit-syndical-renforce\/#primaryimage"},"thumbnailUrl":"https:\/\/lasentinelle.dz\/wp-content\/uploads\/2022\/03\/apn.png","articleSection":["Actualit\u00e9"],"inLanguage":"fr-FR","potentialAction":[{"@type":"CommentAction","name":"Comment","target":["https:\/\/lasentinelle.dz\/index.php\/2022\/03\/10\/assemblee-populaire-nationale-le-droit-syndical-renforce\/#respond"]}]},{"@type":"WebPage","@id":"https:\/\/lasentinelle.dz\/index.php\/2022\/03\/10\/assemblee-populaire-nationale-le-droit-syndical-renforce\/","url":"https:\/\/lasentinelle.dz\/index.php\/2022\/03\/10\/assemblee-populaire-nationale-le-droit-syndical-renforce\/","name":"Assembl\u00e9e populaire nationale\u00a0:\u00a0Le droit syndical renforc\u00e9 - La Sentinelle","isPartOf":{"@id":"https:\/\/lasentinelle.dz\/#website"},"primaryImageOfPage":{"@id":"https:\/\/lasentinelle.dz\/index.php\/2022\/03\/10\/assemblee-populaire-nationale-le-droit-syndical-renforce\/#primaryimage"},"image":{"@id":"https:\/\/lasentinelle.dz\/index.php\/2022\/03\/10\/assemblee-populaire-nationale-le-droit-syndical-renforce\/#primaryimage"},"thumbnailUrl":"https:\/\/lasentinelle.dz\/wp-content\/uploads\/2022\/03\/apn.png","datePublished":"2022-03-09T23:01:00+00:00","breadcrumb":{"@id":"https:\/\/lasentinelle.dz\/index.php\/2022\/03\/10\/assemblee-populaire-nationale-le-droit-syndical-renforce\/#breadcrumb"},"inLanguage":"fr-FR","potentialAction":[{"@type":"ReadAction","target":["https:\/\/lasentinelle.dz\/index.php\/2022\/03\/10\/assemblee-populaire-nationale-le-droit-syndical-renforce\/"]}]},{"@type":"ImageObject","inLanguage":"fr-FR","@id":"https:\/\/lasentinelle.dz\/index.php\/2022\/03\/10\/assemblee-populaire-nationale-le-droit-syndical-renforce\/#primaryimage","url":"https:\/\/lasentinelle.dz\/wp-content\/uploads\/2022\/03\/apn.png","contentUrl":"https:\/\/lasentinelle.dz\/wp-content\/uploads\/2022\/03\/apn.png","width":1491,"height":900},{"@type":"BreadcrumbList","@id":"https:\/\/lasentinelle.dz\/index.php\/2022\/03\/10\/assemblee-populaire-nationale-le-droit-syndical-renforce\/#breadcrumb","itemListElement":[{"@type":"ListItem","position":1,"name":"Accueil","item":"https:\/\/lasentinelle.dz\/"},{"@type":"ListItem","position":2,"name":"Assembl\u00e9e populaire nationale\u00a0:\u00a0Le droit syndical renforc\u00e9"}]},{"@type":"WebSite","@id":"https:\/\/lasentinelle.dz\/#website","url":"https:\/\/lasentinelle.dz\/","name":"La Sentinelle","description":"Quotidien national d&#039;information","publisher":{"@id":"https:\/\/lasentinelle.dz\/#organization"},"potentialAction":[{"@type":"SearchAction","target":{"@type":"EntryPoint","urlTemplate":"https:\/\/lasentinelle.dz\/?s={search_term_string}"},"query-input":{"@type":"PropertyValueSpecification","valueRequired":true,"valueName":"search_term_string"}}],"inLanguage":"fr-FR"},{"@type":"Organization","@id":"https:\/\/lasentinelle.dz\/#organization","name":"Quotidien La Sentinelle","url":"https:\/\/lasentinelle.dz\/","logo":{"@type":"ImageObject","inLanguage":"fr-FR","@id":"https:\/\/lasentinelle.dz\/#\/schema\/logo\/image\/","url":"https:\/\/lasentinelle.dz\/wp-content\/uploads\/2021\/09\/logo-sentinelleSLOGAN-1.png","contentUrl":"https:\/\/lasentinelle.dz\/wp-content\/uploads\/2021\/09\/logo-sentinelleSLOGAN-1.png","width":615,"height":142,"caption":"Quotidien La Sentinelle"},"image":{"@id":"https:\/\/lasentinelle.dz\/#\/schema\/logo\/image\/"},"sameAs":["https:\/\/www.facebook.com\/La-Sentinelle-104059864394773"]},{"@type":"Person","@id":"https:\/\/lasentinelle.dz\/#\/schema\/person\/d865044e22e70a75174ce8bcad3acfb3","name":"La Sentinelle","image":{"@type":"ImageObject","inLanguage":"fr-FR","@id":"https:\/\/secure.gravatar.com\/avatar\/57de8e5d4b15d43fb361a71fbb36338450fe67865b528a43dd10ef7c51a20392?s=96&d=mm&r=g","url":"https:\/\/secure.gravatar.com\/avatar\/57de8e5d4b15d43fb361a71fbb36338450fe67865b528a43dd10ef7c51a20392?s=96&d=mm&r=g","contentUrl":"https:\/\/secure.gravatar.com\/avatar\/57de8e5d4b15d43fb361a71fbb36338450fe67865b528a43dd10ef7c51a20392?s=96&d=mm&r=g","caption":"La Sentinelle"},"sameAs":["http:\/\/www.lasentinelle.dz"],"url":"https:\/\/lasentinelle.dz\/author\/redaction\/"}]}},"_links":{"self":[{"href":"https:\/\/lasentinelle.dz\/index.php\/wp-json\/wp\/v2\/posts\/18153","targetHints":{"allow":["GET"]}}],"collection":[{"href":"https:\/\/lasentinelle.dz\/index.php\/wp-json\/wp\/v2\/posts"}],"about":[{"href":"https:\/\/lasentinelle.dz\/index.php\/wp-json\/wp\/v2\/types\/post"}],"author":[{"embeddable":true,"href":"https:\/\/lasentinelle.dz\/index.php\/wp-json\/wp\/v2\/users\/3"}],"replies":[{"embeddable":true,"href":"https:\/\/lasentinelle.dz\/index.php\/wp-json\/wp\/v2\/comments?post=18153"}],"version-history":[{"count":1,"href":"https:\/\/lasentinelle.dz\/index.php\/wp-json\/wp\/v2\/posts\/18153\/revisions"}],"predecessor-version":[{"id":18165,"href":"https:\/\/lasentinelle.dz\/index.php\/wp-json\/wp\/v2\/posts\/18153\/revisions\/18165"}],"wp:featuredmedia":[{"embeddable":true,"href":"https:\/\/lasentinelle.dz\/index.php\/wp-json\/wp\/v2\/media\/18162"}],"wp:attachment":[{"href":"https:\/\/lasentinelle.dz\/index.php\/wp-json\/wp\/v2\/media?parent=18153"}],"wp:term":[{"taxonomy":"category","embeddable":true,"href":"https:\/\/lasentinelle.dz\/index.php\/wp-json\/wp\/v2\/categories?post=18153"},{"taxonomy":"post_tag","embeddable":true,"href":"https:\/\/lasentinelle.dz\/index.php\/wp-json\/wp\/v2\/tags?post=18153"}],"curies":[{"name":"wp","href":"https:\/\/api.w.org\/{rel}","templated":true}]}}