{"id":18168,"date":"2022-03-10T00:01:00","date_gmt":"2022-03-09T23:01:00","guid":{"rendered":"https:\/\/lasentinelle.dz\/?p=18168"},"modified":"2022-03-09T19:10:28","modified_gmt":"2022-03-09T18:10:28","slug":"apn-installation-du-groupe-parlementaire-de-fraternite-et-damitie-algerie-jordanie","status":"publish","type":"post","link":"https:\/\/lasentinelle.dz\/index.php\/2022\/03\/10\/apn-installation-du-groupe-parlementaire-de-fraternite-et-damitie-algerie-jordanie\/","title":{"rendered":"APN\u00a0:\u00a0\u00a0Installation du groupe parlementaire de fraternit\u00e9 et d&rsquo;amiti\u00e9 Alg\u00e9rie-Jordanie"},"content":{"rendered":"\n<p>Le groupe parlementaire de fraternit\u00e9 et d&rsquo;amiti\u00e9 Alg\u00e9rie-Jordanie a \u00e9t\u00e9 install\u00e9, hier, au si\u00e8ge de l&rsquo;Assembl\u00e9e populaire nationale (APN), en vue de hisser le niveau de la coop\u00e9ration bilat\u00e9rale \u00e0 de plus larges perspectives. La c\u00e9r\u00e9monie d&rsquo;installation a \u00e9t\u00e9 supervis\u00e9e par le vice-pr\u00e9sident de l&rsquo;APN, charg\u00e9 de l&rsquo;activit\u00e9 ext\u00e9rieure, Moundir Bouden pour qui ce groupe \u00ab\u00a0constituera un acquis suppl\u00e9mentaire dans le capital des relations de fraternit\u00e9 s\u00e9culaires et ancestrales traduites par l&rsquo;apport du Royaume en faveur de l&rsquo;Alg\u00e9rie lors de la Guerre de lib\u00e9ration\u00a0\u00bb. Et d&rsquo;assurer que la diplomatie parlementaire \u00ab\u00a0est un facteur important dans le processus de renforcement des relations et se veut une occasion pour consolider et approfondir la coop\u00e9ration bilat\u00e9rale entre les deux instances l\u00e9gislatives\u00a0\u00bb. M.Bouden a \u00e9galement indiqu\u00e9 que cette installation visait \u00ab\u00a0la p\u00e9rennisation de la coordination et de la concertation autour des questions arabes et r\u00e9gionales d&rsquo;int\u00e9r\u00eat commun eu \u00e9gard au sort et aux objectifs communs\u00a0\u00bb. De son c\u00f4t\u00e9, l&rsquo;ambassadeur du Royaume hach\u00e9mite \u00e0 Alger, Chaker Attallah El Amouch a consid\u00e9r\u00e9 que les relations entre les deux pays \u00ab\u00a0ancr\u00e9es, historiques et renouvelables sont appel\u00e9es \u00e0 se d\u00e9velopper, notamment \u00e0 la lumi\u00e8re de la volont\u00e9 politique affich\u00e9e\u00a0\u00bb, relevant \u00ab\u00a0la disposition de son pays \u00e0 \u0153uvrer, dans le cadre de la coordination, \u00e0 hisser et \u00e0 promouvoir les relations bilat\u00e9rales\u00a0\u00bb. Pr\u00e9sent \u00e0 la c\u00e9r\u00e9monie d&rsquo;installation, le sous-directeur des pays du Machreq arabe au minist\u00e8re des Affaires \u00e9trang\u00e8res et de la Communaut\u00e9 nationale \u00e0 l&rsquo;\u00e9tranger, Mansour Ahc\u00e8ne a affirm\u00e9 que le groupe d&rsquo;amiti\u00e9 parlementaire Alg\u00e9rie-Jordanie \u00ab\u00a0constituera assur\u00e9ment un jalon suppl\u00e9mentaire port\u00e9 \u00e0 l&rsquo;actif des relations ancestrales \u00e0 m\u00eame de consolider la diplomatie classique et insuffler davantage de dynamique \u00e0 la diplomatie parlementaire \u00e0 travers l&rsquo;\u00e9change d&rsquo;expertises dans les domaines l\u00e9gislatif et juridique\u00a0\u00bb.<\/p>\n\n\n\n<p>Le m\u00eame responsable a rappel\u00e9 la r\u00e9cente visite du ministre des Affaires \u00e9trang\u00e8res et de la Communaut\u00e9 nationale \u00e0 l&rsquo;\u00e9tranger, Ramtane Lamamra, en Jordanie dans le cadre des efforts visant \u00e0 \u00ab\u00a0consolider les relations fraternelles et la coop\u00e9ration entre les deux pays et \u00e0 augmenter la cadence des concertations bilat\u00e9rales sur les questions r\u00e9gionales et internationales d&rsquo;int\u00e9r\u00eat commun\u00a0\u00bb. Il a indiqu\u00e9, dans ce sens, que la visite du chef de la diplomatie alg\u00e9rienne avait abouti \u00e0 \u00ab\u00a0un accord sur la n\u00e9cessit\u00e9 de donner davantage d&rsquo;impulsion aux relations de coop\u00e9ration entre les deux pays, notamment avec la convocation attendue de la neuvi\u00e8me session de la commission mixte alg\u00e9ro-jordanienne\u00a0\u00bb. La visite a permis aussi de se mettre d&rsquo;accord sur \u00ab\u00a0l&rsquo;importance de renforcer la cadence de la concertation et de la coordination politiques sur les questions r\u00e9gionales et internationales d&rsquo;int\u00e9r\u00eat commun \u00e0 travers l&rsquo;\u00e9laboration d&rsquo;un texte juridique de concertation et de coordination \u00e0 signer prochainement\u00a0\u00bb, a-t-il rappel\u00e9. Dans le m\u00eame contexte, le pr\u00e9sident du Groupe parlementaire pour l&rsquo;amiti\u00e9 et la fraternit\u00e9 Alg\u00e9rie- Jordanie, Lazhar Degla, a salu\u00e9 l&rsquo;installation de ce groupe qui se veut, selon lui, \u00ab\u00a0un moyen de rapprocher les vue dans un cadre idoine permettant de coordonner, d&rsquo;approfondir la coordination et l&rsquo;action commune, et soutenir les relations de coop\u00e9ration existantes entre les deux pays et avancer des id\u00e9es et des propositions \u00e0 m\u00eame d&rsquo;\u00e9largir l&rsquo;\u00e9change de vues et d&rsquo;exp\u00e9riences \u00e0 de plus larges perspectives\u00a0\u00bb.<\/p>\n\n\n\n<p>APS<\/p>\n","protected":false},"excerpt":{"rendered":"<p>Le groupe parlementaire de fraternit\u00e9 et d&rsquo;amiti\u00e9 Alg\u00e9rie-Jordanie a \u00e9t\u00e9 install\u00e9, hier, au si\u00e8ge de l&rsquo;Assembl\u00e9e populaire nationale (APN), en<\/p>\n","protected":false},"author":3,"featured_media":18175,"comment_status":"open","ping_status":"closed","sticky":false,"template":"","format":"standard","meta":{"colormag_page_container_layout":"default_layout","colormag_page_sidebar_layout":"default_layout","om_disable_all_campaigns":false,"_monsterinsights_skip_tracking":false,"_monsterinsights_sitenote_active":false,"_monsterinsights_sitenote_note":"","_monsterinsights_sitenote_category":0,"footnotes":"","_wpscppro_dont_share_socialmedia":false,"_wpscppro_custom_social_share_image":0,"_facebook_share_type":"","_twitter_share_type":"","_linkedin_share_type":"","_pinterest_share_type":"","_linkedin_share_type_page":"","_instagram_share_type":"","_medium_share_type":"","_threads_share_type":"","_google_business_share_type":"","_selected_social_profile":[],"_wpsp_enable_custom_social_template":false,"_wpsp_social_scheduling":{"enabled":false,"datetime":null,"platforms":[],"status":"template_only","dateOption":"today","timeOption":"now","customDays":"","customHours":"","customDate":"","customTime":"","schedulingType":"absolute"},"_wpsp_active_default_template":true},"categories":[27],"tags":[],"class_list":["post-18168","post","type-post","status-publish","format-standard","has-post-thumbnail","hentry","category-actualite"],"aioseo_notices":[],"yoast_head":"<!-- This site is optimized with the Yoast SEO plugin v27.5 - https:\/\/yoast.com\/product\/yoast-seo-wordpress\/ -->\n<title>APN\u00a0:\u00a0\u00a0Installation du groupe parlementaire de fraternit\u00e9 et d&#039;amiti\u00e9 Alg\u00e9rie-Jordanie - La Sentinelle<\/title>\n<meta name=\"robots\" content=\"index, follow, max-snippet:-1, max-image-preview:large, max-video-preview:-1\" \/>\n<link rel=\"canonical\" href=\"https:\/\/lasentinelle.dz\/index.php\/2022\/03\/10\/apn-installation-du-groupe-parlementaire-de-fraternite-et-damitie-algerie-jordanie\/\" \/>\n<meta property=\"og:locale\" content=\"fr_FR\" \/>\n<meta property=\"og:type\" content=\"article\" \/>\n<meta property=\"og:title\" content=\"APN\u00a0:\u00a0\u00a0Installation du groupe parlementaire de fraternit\u00e9 et d&#039;amiti\u00e9 Alg\u00e9rie-Jordanie - La Sentinelle\" \/>\n<meta property=\"og:description\" content=\"Le groupe parlementaire de fraternit\u00e9 et d&rsquo;amiti\u00e9 Alg\u00e9rie-Jordanie a \u00e9t\u00e9 install\u00e9, hier, au si\u00e8ge de l&rsquo;Assembl\u00e9e populaire nationale (APN), en\" \/>\n<meta property=\"og:url\" content=\"https:\/\/lasentinelle.dz\/index.php\/2022\/03\/10\/apn-installation-du-groupe-parlementaire-de-fraternite-et-damitie-algerie-jordanie\/\" \/>\n<meta property=\"og:site_name\" content=\"La Sentinelle\" \/>\n<meta property=\"article:publisher\" content=\"https:\/\/www.facebook.com\/La-Sentinelle-104059864394773\" \/>\n<meta property=\"article:published_time\" content=\"2022-03-09T23:01:00+00:00\" \/>\n<meta property=\"og:image\" content=\"https:\/\/lasentinelle.dz\/wp-content\/uploads\/2022\/03\/0bb5b99ffcc7582283b05fd7358cf744_M.jpg\" \/>\n\t<meta property=\"og:image:width\" content=\"580\" \/>\n\t<meta property=\"og:image:height\" content=\"350\" \/>\n\t<meta property=\"og:image:type\" content=\"image\/jpeg\" \/>\n<meta name=\"author\" content=\"La Sentinelle\" \/>\n<meta name=\"twitter:card\" content=\"summary_large_image\" \/>\n<meta name=\"twitter:label1\" content=\"\u00c9crit par\" \/>\n\t<meta name=\"twitter:data1\" content=\"La Sentinelle\" \/>\n\t<meta name=\"twitter:label2\" content=\"Dur\u00e9e de lecture estim\u00e9e\" \/>\n\t<meta name=\"twitter:data2\" content=\"3 minutes\" \/>\n<script type=\"application\/ld+json\" class=\"yoast-schema-graph\">{\"@context\":\"https:\\\/\\\/schema.org\",\"@graph\":[{\"@type\":\"Article\",\"@id\":\"https:\\\/\\\/lasentinelle.dz\\\/index.php\\\/2022\\\/03\\\/10\\\/apn-installation-du-groupe-parlementaire-de-fraternite-et-damitie-algerie-jordanie\\\/#article\",\"isPartOf\":{\"@id\":\"https:\\\/\\\/lasentinelle.dz\\\/index.php\\\/2022\\\/03\\\/10\\\/apn-installation-du-groupe-parlementaire-de-fraternite-et-damitie-algerie-jordanie\\\/\"},\"author\":{\"name\":\"La Sentinelle\",\"@id\":\"https:\\\/\\\/lasentinelle.dz\\\/#\\\/schema\\\/person\\\/d865044e22e70a75174ce8bcad3acfb3\"},\"headline\":\"APN\u00a0:\u00a0\u00a0Installation du groupe parlementaire de fraternit\u00e9 et d&rsquo;amiti\u00e9 Alg\u00e9rie-Jordanie\",\"datePublished\":\"2022-03-09T23:01:00+00:00\",\"mainEntityOfPage\":{\"@id\":\"https:\\\/\\\/lasentinelle.dz\\\/index.php\\\/2022\\\/03\\\/10\\\/apn-installation-du-groupe-parlementaire-de-fraternite-et-damitie-algerie-jordanie\\\/\"},\"wordCount\":605,\"commentCount\":0,\"publisher\":{\"@id\":\"https:\\\/\\\/lasentinelle.dz\\\/#organization\"},\"image\":{\"@id\":\"https:\\\/\\\/lasentinelle.dz\\\/index.php\\\/2022\\\/03\\\/10\\\/apn-installation-du-groupe-parlementaire-de-fraternite-et-damitie-algerie-jordanie\\\/#primaryimage\"},\"thumbnailUrl\":\"https:\\\/\\\/lasentinelle.dz\\\/wp-content\\\/uploads\\\/2022\\\/03\\\/0bb5b99ffcc7582283b05fd7358cf744_M.jpg\",\"articleSection\":[\"Actualit\u00e9\"],\"inLanguage\":\"fr-FR\",\"potentialAction\":[{\"@type\":\"CommentAction\",\"name\":\"Comment\",\"target\":[\"https:\\\/\\\/lasentinelle.dz\\\/index.php\\\/2022\\\/03\\\/10\\\/apn-installation-du-groupe-parlementaire-de-fraternite-et-damitie-algerie-jordanie\\\/#respond\"]}]},{\"@type\":\"WebPage\",\"@id\":\"https:\\\/\\\/lasentinelle.dz\\\/index.php\\\/2022\\\/03\\\/10\\\/apn-installation-du-groupe-parlementaire-de-fraternite-et-damitie-algerie-jordanie\\\/\",\"url\":\"https:\\\/\\\/lasentinelle.dz\\\/index.php\\\/2022\\\/03\\\/10\\\/apn-installation-du-groupe-parlementaire-de-fraternite-et-damitie-algerie-jordanie\\\/\",\"name\":\"APN\u00a0:\u00a0\u00a0Installation du groupe parlementaire de fraternit\u00e9 et d'amiti\u00e9 Alg\u00e9rie-Jordanie - La Sentinelle\",\"isPartOf\":{\"@id\":\"https:\\\/\\\/lasentinelle.dz\\\/#website\"},\"primaryImageOfPage\":{\"@id\":\"https:\\\/\\\/lasentinelle.dz\\\/index.php\\\/2022\\\/03\\\/10\\\/apn-installation-du-groupe-parlementaire-de-fraternite-et-damitie-algerie-jordanie\\\/#primaryimage\"},\"image\":{\"@id\":\"https:\\\/\\\/lasentinelle.dz\\\/index.php\\\/2022\\\/03\\\/10\\\/apn-installation-du-groupe-parlementaire-de-fraternite-et-damitie-algerie-jordanie\\\/#primaryimage\"},\"thumbnailUrl\":\"https:\\\/\\\/lasentinelle.dz\\\/wp-content\\\/uploads\\\/2022\\\/03\\\/0bb5b99ffcc7582283b05fd7358cf744_M.jpg\",\"datePublished\":\"2022-03-09T23:01:00+00:00\",\"breadcrumb\":{\"@id\":\"https:\\\/\\\/lasentinelle.dz\\\/index.php\\\/2022\\\/03\\\/10\\\/apn-installation-du-groupe-parlementaire-de-fraternite-et-damitie-algerie-jordanie\\\/#breadcrumb\"},\"inLanguage\":\"fr-FR\",\"potentialAction\":[{\"@type\":\"ReadAction\",\"target\":[\"https:\\\/\\\/lasentinelle.dz\\\/index.php\\\/2022\\\/03\\\/10\\\/apn-installation-du-groupe-parlementaire-de-fraternite-et-damitie-algerie-jordanie\\\/\"]}]},{\"@type\":\"ImageObject\",\"inLanguage\":\"fr-FR\",\"@id\":\"https:\\\/\\\/lasentinelle.dz\\\/index.php\\\/2022\\\/03\\\/10\\\/apn-installation-du-groupe-parlementaire-de-fraternite-et-damitie-algerie-jordanie\\\/#primaryimage\",\"url\":\"https:\\\/\\\/lasentinelle.dz\\\/wp-content\\\/uploads\\\/2022\\\/03\\\/0bb5b99ffcc7582283b05fd7358cf744_M.jpg\",\"contentUrl\":\"https:\\\/\\\/lasentinelle.dz\\\/wp-content\\\/uploads\\\/2022\\\/03\\\/0bb5b99ffcc7582283b05fd7358cf744_M.jpg\",\"width\":580,\"height\":350},{\"@type\":\"BreadcrumbList\",\"@id\":\"https:\\\/\\\/lasentinelle.dz\\\/index.php\\\/2022\\\/03\\\/10\\\/apn-installation-du-groupe-parlementaire-de-fraternite-et-damitie-algerie-jordanie\\\/#breadcrumb\",\"itemListElement\":[{\"@type\":\"ListItem\",\"position\":1,\"name\":\"Accueil\",\"item\":\"https:\\\/\\\/lasentinelle.dz\\\/\"},{\"@type\":\"ListItem\",\"position\":2,\"name\":\"APN\u00a0:\u00a0\u00a0Installation du groupe parlementaire de fraternit\u00e9 et d&rsquo;amiti\u00e9 Alg\u00e9rie-Jordanie\"}]},{\"@type\":\"WebSite\",\"@id\":\"https:\\\/\\\/lasentinelle.dz\\\/#website\",\"url\":\"https:\\\/\\\/lasentinelle.dz\\\/\",\"name\":\"La Sentinelle\",\"description\":\"Quotidien national d&#039;information\",\"publisher\":{\"@id\":\"https:\\\/\\\/lasentinelle.dz\\\/#organization\"},\"potentialAction\":[{\"@type\":\"SearchAction\",\"target\":{\"@type\":\"EntryPoint\",\"urlTemplate\":\"https:\\\/\\\/lasentinelle.dz\\\/?s={search_term_string}\"},\"query-input\":{\"@type\":\"PropertyValueSpecification\",\"valueRequired\":true,\"valueName\":\"search_term_string\"}}],\"inLanguage\":\"fr-FR\"},{\"@type\":\"Organization\",\"@id\":\"https:\\\/\\\/lasentinelle.dz\\\/#organization\",\"name\":\"Quotidien La Sentinelle\",\"url\":\"https:\\\/\\\/lasentinelle.dz\\\/\",\"logo\":{\"@type\":\"ImageObject\",\"inLanguage\":\"fr-FR\",\"@id\":\"https:\\\/\\\/lasentinelle.dz\\\/#\\\/schema\\\/logo\\\/image\\\/\",\"url\":\"https:\\\/\\\/lasentinelle.dz\\\/wp-content\\\/uploads\\\/2021\\\/09\\\/logo-sentinelleSLOGAN-1.png\",\"contentUrl\":\"https:\\\/\\\/lasentinelle.dz\\\/wp-content\\\/uploads\\\/2021\\\/09\\\/logo-sentinelleSLOGAN-1.png\",\"width\":615,\"height\":142,\"caption\":\"Quotidien La Sentinelle\"},\"image\":{\"@id\":\"https:\\\/\\\/lasentinelle.dz\\\/#\\\/schema\\\/logo\\\/image\\\/\"},\"sameAs\":[\"https:\\\/\\\/www.facebook.com\\\/La-Sentinelle-104059864394773\"]},{\"@type\":\"Person\",\"@id\":\"https:\\\/\\\/lasentinelle.dz\\\/#\\\/schema\\\/person\\\/d865044e22e70a75174ce8bcad3acfb3\",\"name\":\"La Sentinelle\",\"image\":{\"@type\":\"ImageObject\",\"inLanguage\":\"fr-FR\",\"@id\":\"https:\\\/\\\/secure.gravatar.com\\\/avatar\\\/57de8e5d4b15d43fb361a71fbb36338450fe67865b528a43dd10ef7c51a20392?s=96&d=mm&r=g\",\"url\":\"https:\\\/\\\/secure.gravatar.com\\\/avatar\\\/57de8e5d4b15d43fb361a71fbb36338450fe67865b528a43dd10ef7c51a20392?s=96&d=mm&r=g\",\"contentUrl\":\"https:\\\/\\\/secure.gravatar.com\\\/avatar\\\/57de8e5d4b15d43fb361a71fbb36338450fe67865b528a43dd10ef7c51a20392?s=96&d=mm&r=g\",\"caption\":\"La Sentinelle\"},\"sameAs\":[\"http:\\\/\\\/www.lasentinelle.dz\"],\"url\":\"https:\\\/\\\/lasentinelle.dz\\\/author\\\/redaction\\\/\"}]}<\/script>\n<!-- \/ Yoast SEO plugin. -->","yoast_head_json":{"title":"APN\u00a0:\u00a0\u00a0Installation du groupe parlementaire de fraternit\u00e9 et d'amiti\u00e9 Alg\u00e9rie-Jordanie - La Sentinelle","robots":{"index":"index","follow":"follow","max-snippet":"max-snippet:-1","max-image-preview":"max-image-preview:large","max-video-preview":"max-video-preview:-1"},"canonical":"https:\/\/lasentinelle.dz\/index.php\/2022\/03\/10\/apn-installation-du-groupe-parlementaire-de-fraternite-et-damitie-algerie-jordanie\/","og_locale":"fr_FR","og_type":"article","og_title":"APN\u00a0:\u00a0\u00a0Installation du groupe parlementaire de fraternit\u00e9 et d'amiti\u00e9 Alg\u00e9rie-Jordanie - La Sentinelle","og_description":"Le groupe parlementaire de fraternit\u00e9 et d&rsquo;amiti\u00e9 Alg\u00e9rie-Jordanie a \u00e9t\u00e9 install\u00e9, hier, au si\u00e8ge de l&rsquo;Assembl\u00e9e populaire nationale (APN), en","og_url":"https:\/\/lasentinelle.dz\/index.php\/2022\/03\/10\/apn-installation-du-groupe-parlementaire-de-fraternite-et-damitie-algerie-jordanie\/","og_site_name":"La Sentinelle","article_publisher":"https:\/\/www.facebook.com\/La-Sentinelle-104059864394773","article_published_time":"2022-03-09T23:01:00+00:00","og_image":[{"width":580,"height":350,"url":"https:\/\/lasentinelle.dz\/wp-content\/uploads\/2022\/03\/0bb5b99ffcc7582283b05fd7358cf744_M.jpg","type":"image\/jpeg"}],"author":"La Sentinelle","twitter_card":"summary_large_image","twitter_misc":{"\u00c9crit par":"La Sentinelle","Dur\u00e9e de lecture estim\u00e9e":"3 minutes"},"schema":{"@context":"https:\/\/schema.org","@graph":[{"@type":"Article","@id":"https:\/\/lasentinelle.dz\/index.php\/2022\/03\/10\/apn-installation-du-groupe-parlementaire-de-fraternite-et-damitie-algerie-jordanie\/#article","isPartOf":{"@id":"https:\/\/lasentinelle.dz\/index.php\/2022\/03\/10\/apn-installation-du-groupe-parlementaire-de-fraternite-et-damitie-algerie-jordanie\/"},"author":{"name":"La Sentinelle","@id":"https:\/\/lasentinelle.dz\/#\/schema\/person\/d865044e22e70a75174ce8bcad3acfb3"},"headline":"APN\u00a0:\u00a0\u00a0Installation du groupe parlementaire de fraternit\u00e9 et d&rsquo;amiti\u00e9 Alg\u00e9rie-Jordanie","datePublished":"2022-03-09T23:01:00+00:00","mainEntityOfPage":{"@id":"https:\/\/lasentinelle.dz\/index.php\/2022\/03\/10\/apn-installation-du-groupe-parlementaire-de-fraternite-et-damitie-algerie-jordanie\/"},"wordCount":605,"commentCount":0,"publisher":{"@id":"https:\/\/lasentinelle.dz\/#organization"},"image":{"@id":"https:\/\/lasentinelle.dz\/index.php\/2022\/03\/10\/apn-installation-du-groupe-parlementaire-de-fraternite-et-damitie-algerie-jordanie\/#primaryimage"},"thumbnailUrl":"https:\/\/lasentinelle.dz\/wp-content\/uploads\/2022\/03\/0bb5b99ffcc7582283b05fd7358cf744_M.jpg","articleSection":["Actualit\u00e9"],"inLanguage":"fr-FR","potentialAction":[{"@type":"CommentAction","name":"Comment","target":["https:\/\/lasentinelle.dz\/index.php\/2022\/03\/10\/apn-installation-du-groupe-parlementaire-de-fraternite-et-damitie-algerie-jordanie\/#respond"]}]},{"@type":"WebPage","@id":"https:\/\/lasentinelle.dz\/index.php\/2022\/03\/10\/apn-installation-du-groupe-parlementaire-de-fraternite-et-damitie-algerie-jordanie\/","url":"https:\/\/lasentinelle.dz\/index.php\/2022\/03\/10\/apn-installation-du-groupe-parlementaire-de-fraternite-et-damitie-algerie-jordanie\/","name":"APN\u00a0:\u00a0\u00a0Installation du groupe parlementaire de fraternit\u00e9 et d'amiti\u00e9 Alg\u00e9rie-Jordanie - La Sentinelle","isPartOf":{"@id":"https:\/\/lasentinelle.dz\/#website"},"primaryImageOfPage":{"@id":"https:\/\/lasentinelle.dz\/index.php\/2022\/03\/10\/apn-installation-du-groupe-parlementaire-de-fraternite-et-damitie-algerie-jordanie\/#primaryimage"},"image":{"@id":"https:\/\/lasentinelle.dz\/index.php\/2022\/03\/10\/apn-installation-du-groupe-parlementaire-de-fraternite-et-damitie-algerie-jordanie\/#primaryimage"},"thumbnailUrl":"https:\/\/lasentinelle.dz\/wp-content\/uploads\/2022\/03\/0bb5b99ffcc7582283b05fd7358cf744_M.jpg","datePublished":"2022-03-09T23:01:00+00:00","breadcrumb":{"@id":"https:\/\/lasentinelle.dz\/index.php\/2022\/03\/10\/apn-installation-du-groupe-parlementaire-de-fraternite-et-damitie-algerie-jordanie\/#breadcrumb"},"inLanguage":"fr-FR","potentialAction":[{"@type":"ReadAction","target":["https:\/\/lasentinelle.dz\/index.php\/2022\/03\/10\/apn-installation-du-groupe-parlementaire-de-fraternite-et-damitie-algerie-jordanie\/"]}]},{"@type":"ImageObject","inLanguage":"fr-FR","@id":"https:\/\/lasentinelle.dz\/index.php\/2022\/03\/10\/apn-installation-du-groupe-parlementaire-de-fraternite-et-damitie-algerie-jordanie\/#primaryimage","url":"https:\/\/lasentinelle.dz\/wp-content\/uploads\/2022\/03\/0bb5b99ffcc7582283b05fd7358cf744_M.jpg","contentUrl":"https:\/\/lasentinelle.dz\/wp-content\/uploads\/2022\/03\/0bb5b99ffcc7582283b05fd7358cf744_M.jpg","width":580,"height":350},{"@type":"BreadcrumbList","@id":"https:\/\/lasentinelle.dz\/index.php\/2022\/03\/10\/apn-installation-du-groupe-parlementaire-de-fraternite-et-damitie-algerie-jordanie\/#breadcrumb","itemListElement":[{"@type":"ListItem","position":1,"name":"Accueil","item":"https:\/\/lasentinelle.dz\/"},{"@type":"ListItem","position":2,"name":"APN\u00a0:\u00a0\u00a0Installation du groupe parlementaire de fraternit\u00e9 et d&rsquo;amiti\u00e9 Alg\u00e9rie-Jordanie"}]},{"@type":"WebSite","@id":"https:\/\/lasentinelle.dz\/#website","url":"https:\/\/lasentinelle.dz\/","name":"La Sentinelle","description":"Quotidien national d&#039;information","publisher":{"@id":"https:\/\/lasentinelle.dz\/#organization"},"potentialAction":[{"@type":"SearchAction","target":{"@type":"EntryPoint","urlTemplate":"https:\/\/lasentinelle.dz\/?s={search_term_string}"},"query-input":{"@type":"PropertyValueSpecification","valueRequired":true,"valueName":"search_term_string"}}],"inLanguage":"fr-FR"},{"@type":"Organization","@id":"https:\/\/lasentinelle.dz\/#organization","name":"Quotidien La Sentinelle","url":"https:\/\/lasentinelle.dz\/","logo":{"@type":"ImageObject","inLanguage":"fr-FR","@id":"https:\/\/lasentinelle.dz\/#\/schema\/logo\/image\/","url":"https:\/\/lasentinelle.dz\/wp-content\/uploads\/2021\/09\/logo-sentinelleSLOGAN-1.png","contentUrl":"https:\/\/lasentinelle.dz\/wp-content\/uploads\/2021\/09\/logo-sentinelleSLOGAN-1.png","width":615,"height":142,"caption":"Quotidien La Sentinelle"},"image":{"@id":"https:\/\/lasentinelle.dz\/#\/schema\/logo\/image\/"},"sameAs":["https:\/\/www.facebook.com\/La-Sentinelle-104059864394773"]},{"@type":"Person","@id":"https:\/\/lasentinelle.dz\/#\/schema\/person\/d865044e22e70a75174ce8bcad3acfb3","name":"La Sentinelle","image":{"@type":"ImageObject","inLanguage":"fr-FR","@id":"https:\/\/secure.gravatar.com\/avatar\/57de8e5d4b15d43fb361a71fbb36338450fe67865b528a43dd10ef7c51a20392?s=96&d=mm&r=g","url":"https:\/\/secure.gravatar.com\/avatar\/57de8e5d4b15d43fb361a71fbb36338450fe67865b528a43dd10ef7c51a20392?s=96&d=mm&r=g","contentUrl":"https:\/\/secure.gravatar.com\/avatar\/57de8e5d4b15d43fb361a71fbb36338450fe67865b528a43dd10ef7c51a20392?s=96&d=mm&r=g","caption":"La Sentinelle"},"sameAs":["http:\/\/www.lasentinelle.dz"],"url":"https:\/\/lasentinelle.dz\/author\/redaction\/"}]}},"_links":{"self":[{"href":"https:\/\/lasentinelle.dz\/index.php\/wp-json\/wp\/v2\/posts\/18168","targetHints":{"allow":["GET"]}}],"collection":[{"href":"https:\/\/lasentinelle.dz\/index.php\/wp-json\/wp\/v2\/posts"}],"about":[{"href":"https:\/\/lasentinelle.dz\/index.php\/wp-json\/wp\/v2\/types\/post"}],"author":[{"embeddable":true,"href":"https:\/\/lasentinelle.dz\/index.php\/wp-json\/wp\/v2\/users\/3"}],"replies":[{"embeddable":true,"href":"https:\/\/lasentinelle.dz\/index.php\/wp-json\/wp\/v2\/comments?post=18168"}],"version-history":[{"count":1,"href":"https:\/\/lasentinelle.dz\/index.php\/wp-json\/wp\/v2\/posts\/18168\/revisions"}],"predecessor-version":[{"id":18176,"href":"https:\/\/lasentinelle.dz\/index.php\/wp-json\/wp\/v2\/posts\/18168\/revisions\/18176"}],"wp:featuredmedia":[{"embeddable":true,"href":"https:\/\/lasentinelle.dz\/index.php\/wp-json\/wp\/v2\/media\/18175"}],"wp:attachment":[{"href":"https:\/\/lasentinelle.dz\/index.php\/wp-json\/wp\/v2\/media?parent=18168"}],"wp:term":[{"taxonomy":"category","embeddable":true,"href":"https:\/\/lasentinelle.dz\/index.php\/wp-json\/wp\/v2\/categories?post=18168"},{"taxonomy":"post_tag","embeddable":true,"href":"https:\/\/lasentinelle.dz\/index.php\/wp-json\/wp\/v2\/tags?post=18168"}],"curies":[{"name":"wp","href":"https:\/\/api.w.org\/{rel}","templated":true}]}}