{"id":18169,"date":"2022-03-10T00:05:00","date_gmt":"2022-03-09T23:05:00","guid":{"rendered":"https:\/\/lasentinelle.dz\/?p=18169"},"modified":"2022-03-09T19:10:00","modified_gmt":"2022-03-09T18:10:00","slug":"said-chanegriha-a-lecole-superieure-du-materiel-nous-sommes-prets-a-faire-face-a-toute-situation-durgence","status":"publish","type":"post","link":"https:\/\/lasentinelle.dz\/index.php\/2022\/03\/10\/said-chanegriha-a-lecole-superieure-du-materiel-nous-sommes-prets-a-faire-face-a-toute-situation-durgence\/","title":{"rendered":"Sa\u00efd Chanegriha \u00e0 l\u2019\u00c9cole Sup\u00e9rieure du Mat\u00e9riel\u00a0: \u00ab Nous sommes pr\u00eats \u00e0 faire face \u00e0 toute situation d\u2019urgence \u00bb"},"content":{"rendered":"\n<p>Donnant le coup d\u2019envoi aux travaux de la r\u00e9union annuelle des cadres de l\u2019Arme Mat\u00e9riel, tenue au niveau de l\u2019Ecole Sup\u00e9rieure du Mat\u00e9riel, \u00e0 El-Harrach, le Chef d\u2019\u00c9tat-Major de l\u2019Arm\u00e9e Nationale Populaire, le G\u00e9n\u00e9ral de Corps Arm\u00e9e, Sa\u00efd Chanegriha, est revenu sur \u00ab l\u2019int\u00e9r\u00eat majeur accord\u00e9 par le Haut Commandement de l\u2019ANP \u00e0 la Direction Centrale du Mat\u00e9riel \u00bb. \u00ab Cette direction est charg\u00e9e de missions sensibles s\u2019inscrivant dans le cadre de la mont\u00e9e en puissance de la disponibilit\u00e9 de nos forces arm\u00e9es, et le maintien de leur \u00e9tat-pr\u00eat pour faire face \u00e0 toute situation d\u2019urgence \u00bb, a-t-il expliqu\u00e9. Il a ajout\u00e9 que \u00ab le Haut Commandement accorde un int\u00e9r\u00eat majeur \u00e0 la Direction Centrale du Mat\u00e9riel, compte tenu du caract\u00e8re et des sp\u00e9cificit\u00e9s des missions qui lui sont assign\u00e9es, se rapportant essentiellement \u00ab&nbsp;au soutien des unit\u00e9s et formations de l\u2019Arm\u00e9e Nationale Populaire, \u00e0 la participation \u00e0 l\u2019\u00e9laboration des plans de d\u00e9veloppement de ses composantes, de m\u00eame qu\u2019\u00e0 satisfaire les besoins en \u00e9quipements et mat\u00e9riels \u00bb. Il s\u2019agit, rapporte le communiqu\u00e9 du Minist\u00e8re de la D\u00e9fense Nationale, d\u2019\u00e9chelons \u00ab fondamentaux qui renforceront la chaine de commandement et contribueront \u00e0 r\u00e9unir les \u00e9l\u00e9ments n\u00e9cessaires \u00e0 l\u2019\u00e9laboration de la d\u00e9cision du Haut Commandement \u00bb. \u00ab Cet int\u00e9r\u00eat, ainsi accord\u00e9 \u00e0 l\u2019Arme Mat\u00e9riel, s\u2019inscrit en droite ligne des orientations du Pr\u00e9sident de la R\u00e9publique, Chef Supr\u00eame des Forces Arm\u00e9es, Ministre de la D\u00e9fense Nationale \u00bb, ajoute le communiqu\u00e9. Ces orientations, explique le communiqu\u00e9 rapportant les d\u00e9clarations de Sa\u00efd Chanegriha visent \u00e0 \u00ab disposer des facteurs de puissance, des moyens de pr\u00e9servation de l\u2019ind\u00e9pendance et de la souverainet\u00e9 nationale de notre pays, et \u00e0 r\u00e9unir toutes les conditions n\u00e9cessaires \u00e0 la mont\u00e9e en puissance de nos Forces Arm\u00e9es et au maintien de leur \u00e9tat-pr\u00eat pour faire face \u00e0 toute situation d\u2019urgence \u00bb. Le Chef d\u2019\u00c9tat-Major a exprim\u00e9 sa satisfaction de pr\u00e9sider la r\u00e9union annuelle des cadres de l\u2019Arme Mat\u00e9riel, focalis\u00e9e autour de l\u2019\u00e9valuation de l\u2019\u00e9tat d\u2019avancement de l\u2019ex\u00e9cution du plan de charge annuel. \u00abTout d\u2019abord, je tiens \u00e0 exprimer ma satisfaction de cette rencontre, d\u00e9di\u00e9e \u00e0 la r\u00e9union annuelle des cadres de l\u2019Arme Mat\u00e9riel, organis\u00e9e par la Direction Centrale du Mat\u00e9riel, ayant pour objectif d\u2019\u00e9valuer l\u2019\u00e9tat d\u2019avancement de l\u2019ex\u00e9cution du plan de charge annuel, de faire le bilan g\u00e9n\u00e9ral des dispositions prises dans ce sens, d\u2019apporter les \u00e9ventuels correctifs \u00e0 la strat\u00e9gie mise en \u0153uvre et d\u2019envisager les solutions possibles, \u00e0 m\u00eame de nous permettre de relever les d\u00e9fis et de rem\u00e9dier aux insuffisances enregistr\u00e9es\u00bb, a-t-il expliqu\u00e9. Cette rencontre a \u00e9t\u00e9 marqu\u00e9e par deux expos\u00e9s pr\u00e9sent\u00e9s par le Directeur Central du Mat\u00e9riel et le Commandant de l\u2019\u00c9cole, le G\u00e9n\u00e9ral-Major Smail Seddiki. Ce dernier a fait \u00e9tat du bilan des activit\u00e9s ex\u00e9cut\u00e9es au titre de la premi\u00e8re phase du programme de pr\u00e9paration des Forces arm\u00e9es pour l\u2019ann\u00e9e 2021-2022, ainsi que les perspectives de d\u00e9veloppement de l\u2019Arme Mat\u00e9riel dans les diff\u00e9rents domaines.<\/p>\n\n\n\n<p><strong>Salim Abdenour<\/strong><\/p>\n","protected":false},"excerpt":{"rendered":"<p>Donnant le coup d\u2019envoi aux travaux de la r\u00e9union annuelle des cadres de l\u2019Arme Mat\u00e9riel, tenue au niveau de l\u2019Ecole<\/p>\n","protected":false},"author":3,"featured_media":18172,"comment_status":"open","ping_status":"closed","sticky":false,"template":"","format":"standard","meta":{"colormag_page_container_layout":"default_layout","colormag_page_sidebar_layout":"default_layout","om_disable_all_campaigns":false,"_monsterinsights_skip_tracking":false,"_monsterinsights_sitenote_active":false,"_monsterinsights_sitenote_note":"","_monsterinsights_sitenote_category":0,"footnotes":"","_wpscppro_dont_share_socialmedia":false,"_wpscppro_custom_social_share_image":0,"_facebook_share_type":"","_twitter_share_type":"","_linkedin_share_type":"","_pinterest_share_type":"","_linkedin_share_type_page":"","_instagram_share_type":"","_medium_share_type":"","_threads_share_type":"","_google_business_share_type":"","_selected_social_profile":[],"_wpsp_enable_custom_social_template":false,"_wpsp_social_scheduling":{"enabled":false,"datetime":null,"platforms":[],"status":"template_only","dateOption":"today","timeOption":"now","customDays":"","customHours":"","customDate":"","customTime":"","schedulingType":"absolute"},"_wpsp_active_default_template":true},"categories":[52,27],"tags":[],"class_list":["post-18169","post","type-post","status-publish","format-standard","has-post-thumbnail","hentry","category-a-la-une","category-actualite"],"aioseo_notices":[],"yoast_head":"<!-- This site is optimized with the Yoast SEO plugin v27.5 - https:\/\/yoast.com\/product\/yoast-seo-wordpress\/ -->\n<title>Sa\u00efd Chanegriha \u00e0 l\u2019\u00c9cole Sup\u00e9rieure du Mat\u00e9riel\u00a0: \u00ab Nous sommes pr\u00eats \u00e0 faire face \u00e0 toute situation d\u2019urgence \u00bb - La Sentinelle<\/title>\n<meta name=\"robots\" content=\"index, follow, max-snippet:-1, max-image-preview:large, max-video-preview:-1\" \/>\n<link rel=\"canonical\" href=\"https:\/\/lasentinelle.dz\/index.php\/2022\/03\/10\/said-chanegriha-a-lecole-superieure-du-materiel-nous-sommes-prets-a-faire-face-a-toute-situation-durgence\/\" \/>\n<meta property=\"og:locale\" content=\"fr_FR\" \/>\n<meta property=\"og:type\" content=\"article\" \/>\n<meta property=\"og:title\" content=\"Sa\u00efd Chanegriha \u00e0 l\u2019\u00c9cole Sup\u00e9rieure du Mat\u00e9riel\u00a0: \u00ab Nous sommes pr\u00eats \u00e0 faire face \u00e0 toute situation d\u2019urgence \u00bb - La Sentinelle\" \/>\n<meta property=\"og:description\" content=\"Donnant le coup d\u2019envoi aux travaux de la r\u00e9union annuelle des cadres de l\u2019Arme Mat\u00e9riel, tenue au niveau de l\u2019Ecole\" \/>\n<meta property=\"og:url\" content=\"https:\/\/lasentinelle.dz\/index.php\/2022\/03\/10\/said-chanegriha-a-lecole-superieure-du-materiel-nous-sommes-prets-a-faire-face-a-toute-situation-durgence\/\" \/>\n<meta property=\"og:site_name\" content=\"La Sentinelle\" \/>\n<meta property=\"article:publisher\" content=\"https:\/\/www.facebook.com\/La-Sentinelle-104059864394773\" \/>\n<meta property=\"article:published_time\" content=\"2022-03-09T23:05:00+00:00\" \/>\n<meta property=\"og:image\" content=\"https:\/\/lasentinelle.dz\/wp-content\/uploads\/2022\/03\/Lamamra.png\" \/>\n\t<meta property=\"og:image:width\" content=\"1200\" \/>\n\t<meta property=\"og:image:height\" content=\"900\" \/>\n\t<meta property=\"og:image:type\" content=\"image\/png\" \/>\n<meta name=\"author\" content=\"La Sentinelle\" \/>\n<meta name=\"twitter:card\" content=\"summary_large_image\" \/>\n<meta name=\"twitter:label1\" content=\"\u00c9crit par\" \/>\n\t<meta name=\"twitter:data1\" content=\"La Sentinelle\" \/>\n\t<meta name=\"twitter:label2\" content=\"Dur\u00e9e de lecture estim\u00e9e\" \/>\n\t<meta name=\"twitter:data2\" content=\"3 minutes\" \/>\n<script type=\"application\/ld+json\" class=\"yoast-schema-graph\">{\"@context\":\"https:\\\/\\\/schema.org\",\"@graph\":[{\"@type\":\"Article\",\"@id\":\"https:\\\/\\\/lasentinelle.dz\\\/index.php\\\/2022\\\/03\\\/10\\\/said-chanegriha-a-lecole-superieure-du-materiel-nous-sommes-prets-a-faire-face-a-toute-situation-durgence\\\/#article\",\"isPartOf\":{\"@id\":\"https:\\\/\\\/lasentinelle.dz\\\/index.php\\\/2022\\\/03\\\/10\\\/said-chanegriha-a-lecole-superieure-du-materiel-nous-sommes-prets-a-faire-face-a-toute-situation-durgence\\\/\"},\"author\":{\"name\":\"La Sentinelle\",\"@id\":\"https:\\\/\\\/lasentinelle.dz\\\/#\\\/schema\\\/person\\\/d865044e22e70a75174ce8bcad3acfb3\"},\"headline\":\"Sa\u00efd Chanegriha \u00e0 l\u2019\u00c9cole Sup\u00e9rieure du Mat\u00e9riel\u00a0: \u00ab Nous sommes pr\u00eats \u00e0 faire face \u00e0 toute situation d\u2019urgence \u00bb\",\"datePublished\":\"2022-03-09T23:05:00+00:00\",\"mainEntityOfPage\":{\"@id\":\"https:\\\/\\\/lasentinelle.dz\\\/index.php\\\/2022\\\/03\\\/10\\\/said-chanegriha-a-lecole-superieure-du-materiel-nous-sommes-prets-a-faire-face-a-toute-situation-durgence\\\/\"},\"wordCount\":592,\"commentCount\":0,\"publisher\":{\"@id\":\"https:\\\/\\\/lasentinelle.dz\\\/#organization\"},\"image\":{\"@id\":\"https:\\\/\\\/lasentinelle.dz\\\/index.php\\\/2022\\\/03\\\/10\\\/said-chanegriha-a-lecole-superieure-du-materiel-nous-sommes-prets-a-faire-face-a-toute-situation-durgence\\\/#primaryimage\"},\"thumbnailUrl\":\"https:\\\/\\\/lasentinelle.dz\\\/wp-content\\\/uploads\\\/2022\\\/03\\\/Lamamra.png\",\"articleSection\":[\"\u00c0 la Une\",\"Actualit\u00e9\"],\"inLanguage\":\"fr-FR\",\"potentialAction\":[{\"@type\":\"CommentAction\",\"name\":\"Comment\",\"target\":[\"https:\\\/\\\/lasentinelle.dz\\\/index.php\\\/2022\\\/03\\\/10\\\/said-chanegriha-a-lecole-superieure-du-materiel-nous-sommes-prets-a-faire-face-a-toute-situation-durgence\\\/#respond\"]}]},{\"@type\":\"WebPage\",\"@id\":\"https:\\\/\\\/lasentinelle.dz\\\/index.php\\\/2022\\\/03\\\/10\\\/said-chanegriha-a-lecole-superieure-du-materiel-nous-sommes-prets-a-faire-face-a-toute-situation-durgence\\\/\",\"url\":\"https:\\\/\\\/lasentinelle.dz\\\/index.php\\\/2022\\\/03\\\/10\\\/said-chanegriha-a-lecole-superieure-du-materiel-nous-sommes-prets-a-faire-face-a-toute-situation-durgence\\\/\",\"name\":\"Sa\u00efd Chanegriha \u00e0 l\u2019\u00c9cole Sup\u00e9rieure du Mat\u00e9riel\u00a0: \u00ab Nous sommes pr\u00eats \u00e0 faire face \u00e0 toute situation d\u2019urgence \u00bb - La Sentinelle\",\"isPartOf\":{\"@id\":\"https:\\\/\\\/lasentinelle.dz\\\/#website\"},\"primaryImageOfPage\":{\"@id\":\"https:\\\/\\\/lasentinelle.dz\\\/index.php\\\/2022\\\/03\\\/10\\\/said-chanegriha-a-lecole-superieure-du-materiel-nous-sommes-prets-a-faire-face-a-toute-situation-durgence\\\/#primaryimage\"},\"image\":{\"@id\":\"https:\\\/\\\/lasentinelle.dz\\\/index.php\\\/2022\\\/03\\\/10\\\/said-chanegriha-a-lecole-superieure-du-materiel-nous-sommes-prets-a-faire-face-a-toute-situation-durgence\\\/#primaryimage\"},\"thumbnailUrl\":\"https:\\\/\\\/lasentinelle.dz\\\/wp-content\\\/uploads\\\/2022\\\/03\\\/Lamamra.png\",\"datePublished\":\"2022-03-09T23:05:00+00:00\",\"breadcrumb\":{\"@id\":\"https:\\\/\\\/lasentinelle.dz\\\/index.php\\\/2022\\\/03\\\/10\\\/said-chanegriha-a-lecole-superieure-du-materiel-nous-sommes-prets-a-faire-face-a-toute-situation-durgence\\\/#breadcrumb\"},\"inLanguage\":\"fr-FR\",\"potentialAction\":[{\"@type\":\"ReadAction\",\"target\":[\"https:\\\/\\\/lasentinelle.dz\\\/index.php\\\/2022\\\/03\\\/10\\\/said-chanegriha-a-lecole-superieure-du-materiel-nous-sommes-prets-a-faire-face-a-toute-situation-durgence\\\/\"]}]},{\"@type\":\"ImageObject\",\"inLanguage\":\"fr-FR\",\"@id\":\"https:\\\/\\\/lasentinelle.dz\\\/index.php\\\/2022\\\/03\\\/10\\\/said-chanegriha-a-lecole-superieure-du-materiel-nous-sommes-prets-a-faire-face-a-toute-situation-durgence\\\/#primaryimage\",\"url\":\"https:\\\/\\\/lasentinelle.dz\\\/wp-content\\\/uploads\\\/2022\\\/03\\\/Lamamra.png\",\"contentUrl\":\"https:\\\/\\\/lasentinelle.dz\\\/wp-content\\\/uploads\\\/2022\\\/03\\\/Lamamra.png\",\"width\":1200,\"height\":900},{\"@type\":\"BreadcrumbList\",\"@id\":\"https:\\\/\\\/lasentinelle.dz\\\/index.php\\\/2022\\\/03\\\/10\\\/said-chanegriha-a-lecole-superieure-du-materiel-nous-sommes-prets-a-faire-face-a-toute-situation-durgence\\\/#breadcrumb\",\"itemListElement\":[{\"@type\":\"ListItem\",\"position\":1,\"name\":\"Accueil\",\"item\":\"https:\\\/\\\/lasentinelle.dz\\\/\"},{\"@type\":\"ListItem\",\"position\":2,\"name\":\"Sa\u00efd Chanegriha \u00e0 l\u2019\u00c9cole Sup\u00e9rieure du Mat\u00e9riel\u00a0: \u00ab Nous sommes pr\u00eats \u00e0 faire face \u00e0 toute situation d\u2019urgence \u00bb\"}]},{\"@type\":\"WebSite\",\"@id\":\"https:\\\/\\\/lasentinelle.dz\\\/#website\",\"url\":\"https:\\\/\\\/lasentinelle.dz\\\/\",\"name\":\"La Sentinelle\",\"description\":\"Quotidien national d&#039;information\",\"publisher\":{\"@id\":\"https:\\\/\\\/lasentinelle.dz\\\/#organization\"},\"potentialAction\":[{\"@type\":\"SearchAction\",\"target\":{\"@type\":\"EntryPoint\",\"urlTemplate\":\"https:\\\/\\\/lasentinelle.dz\\\/?s={search_term_string}\"},\"query-input\":{\"@type\":\"PropertyValueSpecification\",\"valueRequired\":true,\"valueName\":\"search_term_string\"}}],\"inLanguage\":\"fr-FR\"},{\"@type\":\"Organization\",\"@id\":\"https:\\\/\\\/lasentinelle.dz\\\/#organization\",\"name\":\"Quotidien La Sentinelle\",\"url\":\"https:\\\/\\\/lasentinelle.dz\\\/\",\"logo\":{\"@type\":\"ImageObject\",\"inLanguage\":\"fr-FR\",\"@id\":\"https:\\\/\\\/lasentinelle.dz\\\/#\\\/schema\\\/logo\\\/image\\\/\",\"url\":\"https:\\\/\\\/lasentinelle.dz\\\/wp-content\\\/uploads\\\/2021\\\/09\\\/logo-sentinelleSLOGAN-1.png\",\"contentUrl\":\"https:\\\/\\\/lasentinelle.dz\\\/wp-content\\\/uploads\\\/2021\\\/09\\\/logo-sentinelleSLOGAN-1.png\",\"width\":615,\"height\":142,\"caption\":\"Quotidien La Sentinelle\"},\"image\":{\"@id\":\"https:\\\/\\\/lasentinelle.dz\\\/#\\\/schema\\\/logo\\\/image\\\/\"},\"sameAs\":[\"https:\\\/\\\/www.facebook.com\\\/La-Sentinelle-104059864394773\"]},{\"@type\":\"Person\",\"@id\":\"https:\\\/\\\/lasentinelle.dz\\\/#\\\/schema\\\/person\\\/d865044e22e70a75174ce8bcad3acfb3\",\"name\":\"La Sentinelle\",\"image\":{\"@type\":\"ImageObject\",\"inLanguage\":\"fr-FR\",\"@id\":\"https:\\\/\\\/secure.gravatar.com\\\/avatar\\\/57de8e5d4b15d43fb361a71fbb36338450fe67865b528a43dd10ef7c51a20392?s=96&d=mm&r=g\",\"url\":\"https:\\\/\\\/secure.gravatar.com\\\/avatar\\\/57de8e5d4b15d43fb361a71fbb36338450fe67865b528a43dd10ef7c51a20392?s=96&d=mm&r=g\",\"contentUrl\":\"https:\\\/\\\/secure.gravatar.com\\\/avatar\\\/57de8e5d4b15d43fb361a71fbb36338450fe67865b528a43dd10ef7c51a20392?s=96&d=mm&r=g\",\"caption\":\"La Sentinelle\"},\"sameAs\":[\"http:\\\/\\\/www.lasentinelle.dz\"],\"url\":\"https:\\\/\\\/lasentinelle.dz\\\/author\\\/redaction\\\/\"}]}<\/script>\n<!-- \/ Yoast SEO plugin. -->","yoast_head_json":{"title":"Sa\u00efd Chanegriha \u00e0 l\u2019\u00c9cole Sup\u00e9rieure du Mat\u00e9riel\u00a0: \u00ab Nous sommes pr\u00eats \u00e0 faire face \u00e0 toute situation d\u2019urgence \u00bb - La Sentinelle","robots":{"index":"index","follow":"follow","max-snippet":"max-snippet:-1","max-image-preview":"max-image-preview:large","max-video-preview":"max-video-preview:-1"},"canonical":"https:\/\/lasentinelle.dz\/index.php\/2022\/03\/10\/said-chanegriha-a-lecole-superieure-du-materiel-nous-sommes-prets-a-faire-face-a-toute-situation-durgence\/","og_locale":"fr_FR","og_type":"article","og_title":"Sa\u00efd Chanegriha \u00e0 l\u2019\u00c9cole Sup\u00e9rieure du Mat\u00e9riel\u00a0: \u00ab Nous sommes pr\u00eats \u00e0 faire face \u00e0 toute situation d\u2019urgence \u00bb - La Sentinelle","og_description":"Donnant le coup d\u2019envoi aux travaux de la r\u00e9union annuelle des cadres de l\u2019Arme Mat\u00e9riel, tenue au niveau de l\u2019Ecole","og_url":"https:\/\/lasentinelle.dz\/index.php\/2022\/03\/10\/said-chanegriha-a-lecole-superieure-du-materiel-nous-sommes-prets-a-faire-face-a-toute-situation-durgence\/","og_site_name":"La Sentinelle","article_publisher":"https:\/\/www.facebook.com\/La-Sentinelle-104059864394773","article_published_time":"2022-03-09T23:05:00+00:00","og_image":[{"width":1200,"height":900,"url":"https:\/\/lasentinelle.dz\/wp-content\/uploads\/2022\/03\/Lamamra.png","type":"image\/png"}],"author":"La Sentinelle","twitter_card":"summary_large_image","twitter_misc":{"\u00c9crit par":"La Sentinelle","Dur\u00e9e de lecture estim\u00e9e":"3 minutes"},"schema":{"@context":"https:\/\/schema.org","@graph":[{"@type":"Article","@id":"https:\/\/lasentinelle.dz\/index.php\/2022\/03\/10\/said-chanegriha-a-lecole-superieure-du-materiel-nous-sommes-prets-a-faire-face-a-toute-situation-durgence\/#article","isPartOf":{"@id":"https:\/\/lasentinelle.dz\/index.php\/2022\/03\/10\/said-chanegriha-a-lecole-superieure-du-materiel-nous-sommes-prets-a-faire-face-a-toute-situation-durgence\/"},"author":{"name":"La Sentinelle","@id":"https:\/\/lasentinelle.dz\/#\/schema\/person\/d865044e22e70a75174ce8bcad3acfb3"},"headline":"Sa\u00efd Chanegriha \u00e0 l\u2019\u00c9cole Sup\u00e9rieure du Mat\u00e9riel\u00a0: \u00ab Nous sommes pr\u00eats \u00e0 faire face \u00e0 toute situation d\u2019urgence \u00bb","datePublished":"2022-03-09T23:05:00+00:00","mainEntityOfPage":{"@id":"https:\/\/lasentinelle.dz\/index.php\/2022\/03\/10\/said-chanegriha-a-lecole-superieure-du-materiel-nous-sommes-prets-a-faire-face-a-toute-situation-durgence\/"},"wordCount":592,"commentCount":0,"publisher":{"@id":"https:\/\/lasentinelle.dz\/#organization"},"image":{"@id":"https:\/\/lasentinelle.dz\/index.php\/2022\/03\/10\/said-chanegriha-a-lecole-superieure-du-materiel-nous-sommes-prets-a-faire-face-a-toute-situation-durgence\/#primaryimage"},"thumbnailUrl":"https:\/\/lasentinelle.dz\/wp-content\/uploads\/2022\/03\/Lamamra.png","articleSection":["\u00c0 la Une","Actualit\u00e9"],"inLanguage":"fr-FR","potentialAction":[{"@type":"CommentAction","name":"Comment","target":["https:\/\/lasentinelle.dz\/index.php\/2022\/03\/10\/said-chanegriha-a-lecole-superieure-du-materiel-nous-sommes-prets-a-faire-face-a-toute-situation-durgence\/#respond"]}]},{"@type":"WebPage","@id":"https:\/\/lasentinelle.dz\/index.php\/2022\/03\/10\/said-chanegriha-a-lecole-superieure-du-materiel-nous-sommes-prets-a-faire-face-a-toute-situation-durgence\/","url":"https:\/\/lasentinelle.dz\/index.php\/2022\/03\/10\/said-chanegriha-a-lecole-superieure-du-materiel-nous-sommes-prets-a-faire-face-a-toute-situation-durgence\/","name":"Sa\u00efd Chanegriha \u00e0 l\u2019\u00c9cole Sup\u00e9rieure du Mat\u00e9riel\u00a0: \u00ab Nous sommes pr\u00eats \u00e0 faire face \u00e0 toute situation d\u2019urgence \u00bb - La Sentinelle","isPartOf":{"@id":"https:\/\/lasentinelle.dz\/#website"},"primaryImageOfPage":{"@id":"https:\/\/lasentinelle.dz\/index.php\/2022\/03\/10\/said-chanegriha-a-lecole-superieure-du-materiel-nous-sommes-prets-a-faire-face-a-toute-situation-durgence\/#primaryimage"},"image":{"@id":"https:\/\/lasentinelle.dz\/index.php\/2022\/03\/10\/said-chanegriha-a-lecole-superieure-du-materiel-nous-sommes-prets-a-faire-face-a-toute-situation-durgence\/#primaryimage"},"thumbnailUrl":"https:\/\/lasentinelle.dz\/wp-content\/uploads\/2022\/03\/Lamamra.png","datePublished":"2022-03-09T23:05:00+00:00","breadcrumb":{"@id":"https:\/\/lasentinelle.dz\/index.php\/2022\/03\/10\/said-chanegriha-a-lecole-superieure-du-materiel-nous-sommes-prets-a-faire-face-a-toute-situation-durgence\/#breadcrumb"},"inLanguage":"fr-FR","potentialAction":[{"@type":"ReadAction","target":["https:\/\/lasentinelle.dz\/index.php\/2022\/03\/10\/said-chanegriha-a-lecole-superieure-du-materiel-nous-sommes-prets-a-faire-face-a-toute-situation-durgence\/"]}]},{"@type":"ImageObject","inLanguage":"fr-FR","@id":"https:\/\/lasentinelle.dz\/index.php\/2022\/03\/10\/said-chanegriha-a-lecole-superieure-du-materiel-nous-sommes-prets-a-faire-face-a-toute-situation-durgence\/#primaryimage","url":"https:\/\/lasentinelle.dz\/wp-content\/uploads\/2022\/03\/Lamamra.png","contentUrl":"https:\/\/lasentinelle.dz\/wp-content\/uploads\/2022\/03\/Lamamra.png","width":1200,"height":900},{"@type":"BreadcrumbList","@id":"https:\/\/lasentinelle.dz\/index.php\/2022\/03\/10\/said-chanegriha-a-lecole-superieure-du-materiel-nous-sommes-prets-a-faire-face-a-toute-situation-durgence\/#breadcrumb","itemListElement":[{"@type":"ListItem","position":1,"name":"Accueil","item":"https:\/\/lasentinelle.dz\/"},{"@type":"ListItem","position":2,"name":"Sa\u00efd Chanegriha \u00e0 l\u2019\u00c9cole Sup\u00e9rieure du Mat\u00e9riel\u00a0: \u00ab Nous sommes pr\u00eats \u00e0 faire face \u00e0 toute situation d\u2019urgence \u00bb"}]},{"@type":"WebSite","@id":"https:\/\/lasentinelle.dz\/#website","url":"https:\/\/lasentinelle.dz\/","name":"La Sentinelle","description":"Quotidien national d&#039;information","publisher":{"@id":"https:\/\/lasentinelle.dz\/#organization"},"potentialAction":[{"@type":"SearchAction","target":{"@type":"EntryPoint","urlTemplate":"https:\/\/lasentinelle.dz\/?s={search_term_string}"},"query-input":{"@type":"PropertyValueSpecification","valueRequired":true,"valueName":"search_term_string"}}],"inLanguage":"fr-FR"},{"@type":"Organization","@id":"https:\/\/lasentinelle.dz\/#organization","name":"Quotidien La Sentinelle","url":"https:\/\/lasentinelle.dz\/","logo":{"@type":"ImageObject","inLanguage":"fr-FR","@id":"https:\/\/lasentinelle.dz\/#\/schema\/logo\/image\/","url":"https:\/\/lasentinelle.dz\/wp-content\/uploads\/2021\/09\/logo-sentinelleSLOGAN-1.png","contentUrl":"https:\/\/lasentinelle.dz\/wp-content\/uploads\/2021\/09\/logo-sentinelleSLOGAN-1.png","width":615,"height":142,"caption":"Quotidien La Sentinelle"},"image":{"@id":"https:\/\/lasentinelle.dz\/#\/schema\/logo\/image\/"},"sameAs":["https:\/\/www.facebook.com\/La-Sentinelle-104059864394773"]},{"@type":"Person","@id":"https:\/\/lasentinelle.dz\/#\/schema\/person\/d865044e22e70a75174ce8bcad3acfb3","name":"La Sentinelle","image":{"@type":"ImageObject","inLanguage":"fr-FR","@id":"https:\/\/secure.gravatar.com\/avatar\/57de8e5d4b15d43fb361a71fbb36338450fe67865b528a43dd10ef7c51a20392?s=96&d=mm&r=g","url":"https:\/\/secure.gravatar.com\/avatar\/57de8e5d4b15d43fb361a71fbb36338450fe67865b528a43dd10ef7c51a20392?s=96&d=mm&r=g","contentUrl":"https:\/\/secure.gravatar.com\/avatar\/57de8e5d4b15d43fb361a71fbb36338450fe67865b528a43dd10ef7c51a20392?s=96&d=mm&r=g","caption":"La Sentinelle"},"sameAs":["http:\/\/www.lasentinelle.dz"],"url":"https:\/\/lasentinelle.dz\/author\/redaction\/"}]}},"_links":{"self":[{"href":"https:\/\/lasentinelle.dz\/index.php\/wp-json\/wp\/v2\/posts\/18169","targetHints":{"allow":["GET"]}}],"collection":[{"href":"https:\/\/lasentinelle.dz\/index.php\/wp-json\/wp\/v2\/posts"}],"about":[{"href":"https:\/\/lasentinelle.dz\/index.php\/wp-json\/wp\/v2\/types\/post"}],"author":[{"embeddable":true,"href":"https:\/\/lasentinelle.dz\/index.php\/wp-json\/wp\/v2\/users\/3"}],"replies":[{"embeddable":true,"href":"https:\/\/lasentinelle.dz\/index.php\/wp-json\/wp\/v2\/comments?post=18169"}],"version-history":[{"count":1,"href":"https:\/\/lasentinelle.dz\/index.php\/wp-json\/wp\/v2\/posts\/18169\/revisions"}],"predecessor-version":[{"id":18174,"href":"https:\/\/lasentinelle.dz\/index.php\/wp-json\/wp\/v2\/posts\/18169\/revisions\/18174"}],"wp:featuredmedia":[{"embeddable":true,"href":"https:\/\/lasentinelle.dz\/index.php\/wp-json\/wp\/v2\/media\/18172"}],"wp:attachment":[{"href":"https:\/\/lasentinelle.dz\/index.php\/wp-json\/wp\/v2\/media?parent=18169"}],"wp:term":[{"taxonomy":"category","embeddable":true,"href":"https:\/\/lasentinelle.dz\/index.php\/wp-json\/wp\/v2\/categories?post=18169"},{"taxonomy":"post_tag","embeddable":true,"href":"https:\/\/lasentinelle.dz\/index.php\/wp-json\/wp\/v2\/tags?post=18169"}],"curies":[{"name":"wp","href":"https:\/\/api.w.org\/{rel}","templated":true}]}}