{"id":18188,"date":"2022-03-13T00:05:00","date_gmt":"2022-03-12T23:05:00","guid":{"rendered":"https:\/\/lasentinelle.dz\/?p=18188"},"modified":"2022-03-12T19:05:06","modified_gmt":"2022-03-12T18:05:06","slug":"pour-faire-face-aux-besoins-du-mois-de-ramadhan-pres-55-000-tonnes-de-viandes-rouges-mises-en-vente","status":"publish","type":"post","link":"https:\/\/lasentinelle.dz\/index.php\/2022\/03\/13\/pour-faire-face-aux-besoins-du-mois-de-ramadhan-pres-55-000-tonnes-de-viandes-rouges-mises-en-vente\/","title":{"rendered":"Pour faire face aux besoins du mois de Ramadhan\u00a0:\u00a0Pr\u00e8s 55.000 tonnes de viandes rouges\u00a0\u00a0mises en vente"},"content":{"rendered":"\n<p>&nbsp;\u00abLe march\u00e9 local sera approvisionn\u00e9 \u00e0 hauteur de 54.500 tonnes de viandes rouges\u00bb. C\u2019est ce qu\u2019a affirm\u00e9 le directeur de l&rsquo;organisation des march\u00e9s et des activit\u00e9s commerciales au minist\u00e8re du Commerce et de la Promotion des exportations, Ahmed Mokrani. \u00abL\u2019abattage de 29.000 t\u00eates bovines produira l&rsquo;\u00e9quivalent de 14.500 tonnes de viandes. \u00c0 cette quantit\u00e9, s\u2019ajoutent 30 000 tonnes de viande rouge produite par l\u2019abattage de pr\u00e8s de 1 million de t\u00eates ovines, en plus de l\u2019apport du reste des wilayas, notamment celles du sud alg\u00e9rien qui produiront une quantit\u00e9 de 10.000 tonnes de cette chair animale \u00bb, ajoute la m\u00eame source.<\/p>\n\n\n\n<p>\u00c0 titre suppl\u00e9mentaire, le march\u00e9 alg\u00e9rien sera renforc\u00e9 par une quantit\u00e9 de 3.000 tonnes de viande congel\u00e9e import\u00e9e par les deux soci\u00e9t\u00e9s charg\u00e9es de cette op\u00e9ration. Il s\u2019agit respectivement de la soci\u00e9t\u00e9 alg\u00e9rienne Frigomedit et l&rsquo;Alg\u00e9rienne des viandes rouges, Alviar. Les viandes blanches ne sont pas en reste. Ahmed Mokrani a r\u00e9v\u00e9l\u00e9 que \u00able march\u00e9 sera ravitaill\u00e9 en quantit\u00e9s importantes, celles-ci sont, selon la m\u00eame source,&nbsp;&nbsp;estim\u00e9es \u00e0 47 000 tonnes, parmi lesquelles 10 000 tonnes sont produites par l&rsquo;Office national des aliments du b\u00e9tail et&nbsp;&nbsp;37 000 tonnes par les op\u00e9rateurs exer\u00e7ant dans le secteur priv\u00e9 \u00bb. \u00ab Le contr\u00f4le sanitaire mis en place comprend 154 abattoirs de volailles et 980 structures d&rsquo;abattage agr\u00e9\u00e9es. Dans une autre d\u00e9claration qu\u2019il a faite auparavant, le m\u00eame responsable a affirm\u00e9 la disponibilit\u00e9 en grandes quantit\u00e9s des produits alimentaires de large consommation durant le mois de Ramadhan\u00bb, dira-t-il. \u00abCela permettra d\u2019\u00e9viter toute perturbation dans l\u2019approvisionnement des march\u00e9s en ce mois sacr\u00e9 \u00bb, a-t-il indiqu\u00e9. D\u2019ailleurs, a&nbsp;&nbsp;t-il ajout\u00e9, \u00ab une commission interminist\u00e9rielle \u0153uvre actuellement \u00e0 garantir la disponibilit\u00e9 en quantit\u00e9s suffisantes et \u00e0 des prix raisonnables de tous les produits de consommation, durant le mois sacr\u00e9 du Ramadhan. D\u2019importants stocks des produits alimentaires de base sont disponibles en quantit\u00e9s suffisantes jusqu\u2019au mois de juin prochain, ce qui permettra un approvisionnement confortable du march\u00e9 durant le mois sacr\u00e9, selon le bilan de l\u2019activit\u00e9 de cette commission\u00bb, a-t-il expliqu\u00e9. Toujours dans le m\u00eame cadre, il a, auparavant, r\u00e9v\u00e9l\u00e9 que \u00abdes quantit\u00e9s actuellement disponibles de poudre de lait au niveau de l\u2019Office National Interprofessionnel du Lait et des produits laitiers (ONIL) s\u2019\u00e9l\u00e8vent \u00e0 105.000 tonnes \u00bb.&nbsp;&nbsp;Idem pour les&nbsp;&nbsp;stocks de bl\u00e9 dur qui s\u2019\u00e9l\u00e8vent \u00e0 9.412.604 quintaux contre 21.159.224 quintaux pour le bl\u00e9 tendre, en plus de l\u2019huile de table, les produits l\u00e9gumineux et la pomme de terre. Le minist\u00e8re du Commerce travaille en coordination avec le minist\u00e8re de l\u2019Agriculture pour le stockage de 100.000 tonnes de pommes de terre destin\u00e9es \u00e0 la consommation en pr\u00e9vision du mois de Ramadhan, afin de casser la sp\u00e9culation illicite durant ce mois sacr\u00e9. Des march\u00e9s sp\u00e9ciaux seront mis en place au niveau de chaque circonscription administrative pour la vente au rabais et les ventes promotionnelles afin de permettre aux citoyens d&rsquo;acqu\u00e9rir des marchandises \u00e0 des prix raisonnables durant le mois sacr\u00e9. Ces march\u00e9s seront ouverts 15 jours avant le d\u00e9but du Ramadan et ferm\u00e9s une semaine apr\u00e8s A\u00efd El-Fitr. Dans le cadre de la pr\u00e9paration de ces march\u00e9s, le ministre du Commerce et de la Promotion des exportations a saisi le ministre de l&rsquo;Int\u00e9rieur et des Collectivit\u00e9s locales \u00e0 l\u2019effet d&rsquo;orienter les pr\u00e9sidents des Assembl\u00e9es populaires communales pour s&rsquo;engager dans cette d\u00e9marche et affecter les espaces n\u00e9cessaires. Ces march\u00e9s sp\u00e9ciaux verront la participation de tous les offices publics de distribution et de r\u00e9gulation pour vendre leurs produits (l\u00e9gumes, fruits, lait, viandes blanches et rouges) et des Chambres de commerce, ainsi que les associations interprofessionnelles des commer\u00e7ants. Afin de lutter contre la sp\u00e9culation, le minist\u00e8re du Commerce entend mobiliser plus de 8.000 agents au niveau national pour effectuer des op\u00e9rations de contr\u00f4le diurne et nocturne pendant le mois de Ramadhan, selon le responsable qui a soulign\u00e9 que les cong\u00e9s de tous les agents seront \u00abexceptionnellement\u00bb gel\u00e9s pour assurer leur pr\u00e9sence sur le terrain \u00e0 cette occasion.<\/p>\n\n\n\n<p><strong>Salim Abdenour<\/strong><\/p>\n","protected":false},"excerpt":{"rendered":"<p>&nbsp;\u00abLe march\u00e9 local sera approvisionn\u00e9 \u00e0 hauteur de 54.500 tonnes de viandes rouges\u00bb. C\u2019est ce qu\u2019a affirm\u00e9 le directeur de<\/p>\n","protected":false},"author":3,"featured_media":18243,"comment_status":"open","ping_status":"closed","sticky":false,"template":"","format":"standard","meta":{"colormag_page_container_layout":"default_layout","colormag_page_sidebar_layout":"default_layout","om_disable_all_campaigns":false,"_monsterinsights_skip_tracking":false,"_monsterinsights_sitenote_active":false,"_monsterinsights_sitenote_note":"","_monsterinsights_sitenote_category":0,"footnotes":"","_wpscppro_dont_share_socialmedia":false,"_wpscppro_custom_social_share_image":0,"_facebook_share_type":"","_twitter_share_type":"","_linkedin_share_type":"","_pinterest_share_type":"","_linkedin_share_type_page":"","_instagram_share_type":"","_medium_share_type":"","_threads_share_type":"","_google_business_share_type":"","_selected_social_profile":[],"_wpsp_enable_custom_social_template":false,"_wpsp_social_scheduling":{"enabled":false,"datetime":null,"platforms":[],"status":"template_only","dateOption":"today","timeOption":"now","customDays":"","customHours":"","customDate":"","customTime":"","schedulingType":"absolute"},"_wpsp_active_default_template":true},"categories":[52,29],"tags":[],"class_list":["post-18188","post","type-post","status-publish","format-standard","has-post-thumbnail","hentry","category-a-la-une","category-economie"],"aioseo_notices":[],"yoast_head":"<!-- This site is optimized with the Yoast SEO plugin v27.5 - https:\/\/yoast.com\/product\/yoast-seo-wordpress\/ -->\n<title>Pour faire face aux besoins du mois de Ramadhan\u00a0:\u00a0Pr\u00e8s 55.000 tonnes de viandes rouges\u00a0\u00a0mises en vente - La Sentinelle<\/title>\n<meta name=\"robots\" content=\"index, follow, max-snippet:-1, max-image-preview:large, max-video-preview:-1\" \/>\n<link rel=\"canonical\" href=\"https:\/\/lasentinelle.dz\/index.php\/2022\/03\/13\/pour-faire-face-aux-besoins-du-mois-de-ramadhan-pres-55-000-tonnes-de-viandes-rouges-mises-en-vente\/\" \/>\n<meta property=\"og:locale\" content=\"fr_FR\" \/>\n<meta property=\"og:type\" content=\"article\" \/>\n<meta property=\"og:title\" content=\"Pour faire face aux besoins du mois de Ramadhan\u00a0:\u00a0Pr\u00e8s 55.000 tonnes de viandes rouges\u00a0\u00a0mises en vente - La Sentinelle\" \/>\n<meta property=\"og:description\" content=\"&nbsp;\u00abLe march\u00e9 local sera approvisionn\u00e9 \u00e0 hauteur de 54.500 tonnes de viandes rouges\u00bb. C\u2019est ce qu\u2019a affirm\u00e9 le directeur de\" \/>\n<meta property=\"og:url\" content=\"https:\/\/lasentinelle.dz\/index.php\/2022\/03\/13\/pour-faire-face-aux-besoins-du-mois-de-ramadhan-pres-55-000-tonnes-de-viandes-rouges-mises-en-vente\/\" \/>\n<meta property=\"og:site_name\" content=\"La Sentinelle\" \/>\n<meta property=\"article:publisher\" content=\"https:\/\/www.facebook.com\/La-Sentinelle-104059864394773\" \/>\n<meta property=\"article:published_time\" content=\"2022-03-12T23:05:00+00:00\" \/>\n<meta property=\"og:image\" content=\"https:\/\/lasentinelle.dz\/wp-content\/uploads\/2022\/03\/viande-rouge.png\" \/>\n\t<meta property=\"og:image:width\" content=\"1361\" \/>\n\t<meta property=\"og:image:height\" content=\"900\" \/>\n\t<meta property=\"og:image:type\" content=\"image\/png\" \/>\n<meta name=\"author\" content=\"La Sentinelle\" \/>\n<meta name=\"twitter:card\" content=\"summary_large_image\" \/>\n<meta name=\"twitter:label1\" content=\"\u00c9crit par\" \/>\n\t<meta name=\"twitter:data1\" content=\"La Sentinelle\" \/>\n\t<meta name=\"twitter:label2\" content=\"Dur\u00e9e de lecture estim\u00e9e\" \/>\n\t<meta name=\"twitter:data2\" content=\"4 minutes\" \/>\n<script type=\"application\/ld+json\" class=\"yoast-schema-graph\">{\"@context\":\"https:\\\/\\\/schema.org\",\"@graph\":[{\"@type\":\"Article\",\"@id\":\"https:\\\/\\\/lasentinelle.dz\\\/index.php\\\/2022\\\/03\\\/13\\\/pour-faire-face-aux-besoins-du-mois-de-ramadhan-pres-55-000-tonnes-de-viandes-rouges-mises-en-vente\\\/#article\",\"isPartOf\":{\"@id\":\"https:\\\/\\\/lasentinelle.dz\\\/index.php\\\/2022\\\/03\\\/13\\\/pour-faire-face-aux-besoins-du-mois-de-ramadhan-pres-55-000-tonnes-de-viandes-rouges-mises-en-vente\\\/\"},\"author\":{\"name\":\"La Sentinelle\",\"@id\":\"https:\\\/\\\/lasentinelle.dz\\\/#\\\/schema\\\/person\\\/d865044e22e70a75174ce8bcad3acfb3\"},\"headline\":\"Pour faire face aux besoins du mois de Ramadhan\u00a0:\u00a0Pr\u00e8s 55.000 tonnes de viandes rouges\u00a0\u00a0mises en vente\",\"datePublished\":\"2022-03-12T23:05:00+00:00\",\"mainEntityOfPage\":{\"@id\":\"https:\\\/\\\/lasentinelle.dz\\\/index.php\\\/2022\\\/03\\\/13\\\/pour-faire-face-aux-besoins-du-mois-de-ramadhan-pres-55-000-tonnes-de-viandes-rouges-mises-en-vente\\\/\"},\"wordCount\":744,\"commentCount\":0,\"publisher\":{\"@id\":\"https:\\\/\\\/lasentinelle.dz\\\/#organization\"},\"image\":{\"@id\":\"https:\\\/\\\/lasentinelle.dz\\\/index.php\\\/2022\\\/03\\\/13\\\/pour-faire-face-aux-besoins-du-mois-de-ramadhan-pres-55-000-tonnes-de-viandes-rouges-mises-en-vente\\\/#primaryimage\"},\"thumbnailUrl\":\"https:\\\/\\\/lasentinelle.dz\\\/wp-content\\\/uploads\\\/2022\\\/03\\\/viande-rouge.png\",\"articleSection\":[\"\u00c0 la Une\",\"\u00c9conomie\"],\"inLanguage\":\"fr-FR\",\"potentialAction\":[{\"@type\":\"CommentAction\",\"name\":\"Comment\",\"target\":[\"https:\\\/\\\/lasentinelle.dz\\\/index.php\\\/2022\\\/03\\\/13\\\/pour-faire-face-aux-besoins-du-mois-de-ramadhan-pres-55-000-tonnes-de-viandes-rouges-mises-en-vente\\\/#respond\"]}]},{\"@type\":\"WebPage\",\"@id\":\"https:\\\/\\\/lasentinelle.dz\\\/index.php\\\/2022\\\/03\\\/13\\\/pour-faire-face-aux-besoins-du-mois-de-ramadhan-pres-55-000-tonnes-de-viandes-rouges-mises-en-vente\\\/\",\"url\":\"https:\\\/\\\/lasentinelle.dz\\\/index.php\\\/2022\\\/03\\\/13\\\/pour-faire-face-aux-besoins-du-mois-de-ramadhan-pres-55-000-tonnes-de-viandes-rouges-mises-en-vente\\\/\",\"name\":\"Pour faire face aux besoins du mois de Ramadhan\u00a0:\u00a0Pr\u00e8s 55.000 tonnes de viandes rouges\u00a0\u00a0mises en vente - La Sentinelle\",\"isPartOf\":{\"@id\":\"https:\\\/\\\/lasentinelle.dz\\\/#website\"},\"primaryImageOfPage\":{\"@id\":\"https:\\\/\\\/lasentinelle.dz\\\/index.php\\\/2022\\\/03\\\/13\\\/pour-faire-face-aux-besoins-du-mois-de-ramadhan-pres-55-000-tonnes-de-viandes-rouges-mises-en-vente\\\/#primaryimage\"},\"image\":{\"@id\":\"https:\\\/\\\/lasentinelle.dz\\\/index.php\\\/2022\\\/03\\\/13\\\/pour-faire-face-aux-besoins-du-mois-de-ramadhan-pres-55-000-tonnes-de-viandes-rouges-mises-en-vente\\\/#primaryimage\"},\"thumbnailUrl\":\"https:\\\/\\\/lasentinelle.dz\\\/wp-content\\\/uploads\\\/2022\\\/03\\\/viande-rouge.png\",\"datePublished\":\"2022-03-12T23:05:00+00:00\",\"breadcrumb\":{\"@id\":\"https:\\\/\\\/lasentinelle.dz\\\/index.php\\\/2022\\\/03\\\/13\\\/pour-faire-face-aux-besoins-du-mois-de-ramadhan-pres-55-000-tonnes-de-viandes-rouges-mises-en-vente\\\/#breadcrumb\"},\"inLanguage\":\"fr-FR\",\"potentialAction\":[{\"@type\":\"ReadAction\",\"target\":[\"https:\\\/\\\/lasentinelle.dz\\\/index.php\\\/2022\\\/03\\\/13\\\/pour-faire-face-aux-besoins-du-mois-de-ramadhan-pres-55-000-tonnes-de-viandes-rouges-mises-en-vente\\\/\"]}]},{\"@type\":\"ImageObject\",\"inLanguage\":\"fr-FR\",\"@id\":\"https:\\\/\\\/lasentinelle.dz\\\/index.php\\\/2022\\\/03\\\/13\\\/pour-faire-face-aux-besoins-du-mois-de-ramadhan-pres-55-000-tonnes-de-viandes-rouges-mises-en-vente\\\/#primaryimage\",\"url\":\"https:\\\/\\\/lasentinelle.dz\\\/wp-content\\\/uploads\\\/2022\\\/03\\\/viande-rouge.png\",\"contentUrl\":\"https:\\\/\\\/lasentinelle.dz\\\/wp-content\\\/uploads\\\/2022\\\/03\\\/viande-rouge.png\",\"width\":1361,\"height\":900},{\"@type\":\"BreadcrumbList\",\"@id\":\"https:\\\/\\\/lasentinelle.dz\\\/index.php\\\/2022\\\/03\\\/13\\\/pour-faire-face-aux-besoins-du-mois-de-ramadhan-pres-55-000-tonnes-de-viandes-rouges-mises-en-vente\\\/#breadcrumb\",\"itemListElement\":[{\"@type\":\"ListItem\",\"position\":1,\"name\":\"Accueil\",\"item\":\"https:\\\/\\\/lasentinelle.dz\\\/\"},{\"@type\":\"ListItem\",\"position\":2,\"name\":\"Pour faire face aux besoins du mois de Ramadhan\u00a0:\u00a0Pr\u00e8s 55.000 tonnes de viandes rouges\u00a0\u00a0mises en vente\"}]},{\"@type\":\"WebSite\",\"@id\":\"https:\\\/\\\/lasentinelle.dz\\\/#website\",\"url\":\"https:\\\/\\\/lasentinelle.dz\\\/\",\"name\":\"La Sentinelle\",\"description\":\"Quotidien national d&#039;information\",\"publisher\":{\"@id\":\"https:\\\/\\\/lasentinelle.dz\\\/#organization\"},\"potentialAction\":[{\"@type\":\"SearchAction\",\"target\":{\"@type\":\"EntryPoint\",\"urlTemplate\":\"https:\\\/\\\/lasentinelle.dz\\\/?s={search_term_string}\"},\"query-input\":{\"@type\":\"PropertyValueSpecification\",\"valueRequired\":true,\"valueName\":\"search_term_string\"}}],\"inLanguage\":\"fr-FR\"},{\"@type\":\"Organization\",\"@id\":\"https:\\\/\\\/lasentinelle.dz\\\/#organization\",\"name\":\"Quotidien La Sentinelle\",\"url\":\"https:\\\/\\\/lasentinelle.dz\\\/\",\"logo\":{\"@type\":\"ImageObject\",\"inLanguage\":\"fr-FR\",\"@id\":\"https:\\\/\\\/lasentinelle.dz\\\/#\\\/schema\\\/logo\\\/image\\\/\",\"url\":\"https:\\\/\\\/lasentinelle.dz\\\/wp-content\\\/uploads\\\/2021\\\/09\\\/logo-sentinelleSLOGAN-1.png\",\"contentUrl\":\"https:\\\/\\\/lasentinelle.dz\\\/wp-content\\\/uploads\\\/2021\\\/09\\\/logo-sentinelleSLOGAN-1.png\",\"width\":615,\"height\":142,\"caption\":\"Quotidien La Sentinelle\"},\"image\":{\"@id\":\"https:\\\/\\\/lasentinelle.dz\\\/#\\\/schema\\\/logo\\\/image\\\/\"},\"sameAs\":[\"https:\\\/\\\/www.facebook.com\\\/La-Sentinelle-104059864394773\"]},{\"@type\":\"Person\",\"@id\":\"https:\\\/\\\/lasentinelle.dz\\\/#\\\/schema\\\/person\\\/d865044e22e70a75174ce8bcad3acfb3\",\"name\":\"La Sentinelle\",\"image\":{\"@type\":\"ImageObject\",\"inLanguage\":\"fr-FR\",\"@id\":\"https:\\\/\\\/secure.gravatar.com\\\/avatar\\\/57de8e5d4b15d43fb361a71fbb36338450fe67865b528a43dd10ef7c51a20392?s=96&d=mm&r=g\",\"url\":\"https:\\\/\\\/secure.gravatar.com\\\/avatar\\\/57de8e5d4b15d43fb361a71fbb36338450fe67865b528a43dd10ef7c51a20392?s=96&d=mm&r=g\",\"contentUrl\":\"https:\\\/\\\/secure.gravatar.com\\\/avatar\\\/57de8e5d4b15d43fb361a71fbb36338450fe67865b528a43dd10ef7c51a20392?s=96&d=mm&r=g\",\"caption\":\"La Sentinelle\"},\"sameAs\":[\"http:\\\/\\\/www.lasentinelle.dz\"],\"url\":\"https:\\\/\\\/lasentinelle.dz\\\/author\\\/redaction\\\/\"}]}<\/script>\n<!-- \/ Yoast SEO plugin. -->","yoast_head_json":{"title":"Pour faire face aux besoins du mois de Ramadhan\u00a0:\u00a0Pr\u00e8s 55.000 tonnes de viandes rouges\u00a0\u00a0mises en vente - La Sentinelle","robots":{"index":"index","follow":"follow","max-snippet":"max-snippet:-1","max-image-preview":"max-image-preview:large","max-video-preview":"max-video-preview:-1"},"canonical":"https:\/\/lasentinelle.dz\/index.php\/2022\/03\/13\/pour-faire-face-aux-besoins-du-mois-de-ramadhan-pres-55-000-tonnes-de-viandes-rouges-mises-en-vente\/","og_locale":"fr_FR","og_type":"article","og_title":"Pour faire face aux besoins du mois de Ramadhan\u00a0:\u00a0Pr\u00e8s 55.000 tonnes de viandes rouges\u00a0\u00a0mises en vente - La Sentinelle","og_description":"&nbsp;\u00abLe march\u00e9 local sera approvisionn\u00e9 \u00e0 hauteur de 54.500 tonnes de viandes rouges\u00bb. C\u2019est ce qu\u2019a affirm\u00e9 le directeur de","og_url":"https:\/\/lasentinelle.dz\/index.php\/2022\/03\/13\/pour-faire-face-aux-besoins-du-mois-de-ramadhan-pres-55-000-tonnes-de-viandes-rouges-mises-en-vente\/","og_site_name":"La Sentinelle","article_publisher":"https:\/\/www.facebook.com\/La-Sentinelle-104059864394773","article_published_time":"2022-03-12T23:05:00+00:00","og_image":[{"width":1361,"height":900,"url":"https:\/\/lasentinelle.dz\/wp-content\/uploads\/2022\/03\/viande-rouge.png","type":"image\/png"}],"author":"La Sentinelle","twitter_card":"summary_large_image","twitter_misc":{"\u00c9crit par":"La Sentinelle","Dur\u00e9e de lecture estim\u00e9e":"4 minutes"},"schema":{"@context":"https:\/\/schema.org","@graph":[{"@type":"Article","@id":"https:\/\/lasentinelle.dz\/index.php\/2022\/03\/13\/pour-faire-face-aux-besoins-du-mois-de-ramadhan-pres-55-000-tonnes-de-viandes-rouges-mises-en-vente\/#article","isPartOf":{"@id":"https:\/\/lasentinelle.dz\/index.php\/2022\/03\/13\/pour-faire-face-aux-besoins-du-mois-de-ramadhan-pres-55-000-tonnes-de-viandes-rouges-mises-en-vente\/"},"author":{"name":"La Sentinelle","@id":"https:\/\/lasentinelle.dz\/#\/schema\/person\/d865044e22e70a75174ce8bcad3acfb3"},"headline":"Pour faire face aux besoins du mois de Ramadhan\u00a0:\u00a0Pr\u00e8s 55.000 tonnes de viandes rouges\u00a0\u00a0mises en vente","datePublished":"2022-03-12T23:05:00+00:00","mainEntityOfPage":{"@id":"https:\/\/lasentinelle.dz\/index.php\/2022\/03\/13\/pour-faire-face-aux-besoins-du-mois-de-ramadhan-pres-55-000-tonnes-de-viandes-rouges-mises-en-vente\/"},"wordCount":744,"commentCount":0,"publisher":{"@id":"https:\/\/lasentinelle.dz\/#organization"},"image":{"@id":"https:\/\/lasentinelle.dz\/index.php\/2022\/03\/13\/pour-faire-face-aux-besoins-du-mois-de-ramadhan-pres-55-000-tonnes-de-viandes-rouges-mises-en-vente\/#primaryimage"},"thumbnailUrl":"https:\/\/lasentinelle.dz\/wp-content\/uploads\/2022\/03\/viande-rouge.png","articleSection":["\u00c0 la Une","\u00c9conomie"],"inLanguage":"fr-FR","potentialAction":[{"@type":"CommentAction","name":"Comment","target":["https:\/\/lasentinelle.dz\/index.php\/2022\/03\/13\/pour-faire-face-aux-besoins-du-mois-de-ramadhan-pres-55-000-tonnes-de-viandes-rouges-mises-en-vente\/#respond"]}]},{"@type":"WebPage","@id":"https:\/\/lasentinelle.dz\/index.php\/2022\/03\/13\/pour-faire-face-aux-besoins-du-mois-de-ramadhan-pres-55-000-tonnes-de-viandes-rouges-mises-en-vente\/","url":"https:\/\/lasentinelle.dz\/index.php\/2022\/03\/13\/pour-faire-face-aux-besoins-du-mois-de-ramadhan-pres-55-000-tonnes-de-viandes-rouges-mises-en-vente\/","name":"Pour faire face aux besoins du mois de Ramadhan\u00a0:\u00a0Pr\u00e8s 55.000 tonnes de viandes rouges\u00a0\u00a0mises en vente - La Sentinelle","isPartOf":{"@id":"https:\/\/lasentinelle.dz\/#website"},"primaryImageOfPage":{"@id":"https:\/\/lasentinelle.dz\/index.php\/2022\/03\/13\/pour-faire-face-aux-besoins-du-mois-de-ramadhan-pres-55-000-tonnes-de-viandes-rouges-mises-en-vente\/#primaryimage"},"image":{"@id":"https:\/\/lasentinelle.dz\/index.php\/2022\/03\/13\/pour-faire-face-aux-besoins-du-mois-de-ramadhan-pres-55-000-tonnes-de-viandes-rouges-mises-en-vente\/#primaryimage"},"thumbnailUrl":"https:\/\/lasentinelle.dz\/wp-content\/uploads\/2022\/03\/viande-rouge.png","datePublished":"2022-03-12T23:05:00+00:00","breadcrumb":{"@id":"https:\/\/lasentinelle.dz\/index.php\/2022\/03\/13\/pour-faire-face-aux-besoins-du-mois-de-ramadhan-pres-55-000-tonnes-de-viandes-rouges-mises-en-vente\/#breadcrumb"},"inLanguage":"fr-FR","potentialAction":[{"@type":"ReadAction","target":["https:\/\/lasentinelle.dz\/index.php\/2022\/03\/13\/pour-faire-face-aux-besoins-du-mois-de-ramadhan-pres-55-000-tonnes-de-viandes-rouges-mises-en-vente\/"]}]},{"@type":"ImageObject","inLanguage":"fr-FR","@id":"https:\/\/lasentinelle.dz\/index.php\/2022\/03\/13\/pour-faire-face-aux-besoins-du-mois-de-ramadhan-pres-55-000-tonnes-de-viandes-rouges-mises-en-vente\/#primaryimage","url":"https:\/\/lasentinelle.dz\/wp-content\/uploads\/2022\/03\/viande-rouge.png","contentUrl":"https:\/\/lasentinelle.dz\/wp-content\/uploads\/2022\/03\/viande-rouge.png","width":1361,"height":900},{"@type":"BreadcrumbList","@id":"https:\/\/lasentinelle.dz\/index.php\/2022\/03\/13\/pour-faire-face-aux-besoins-du-mois-de-ramadhan-pres-55-000-tonnes-de-viandes-rouges-mises-en-vente\/#breadcrumb","itemListElement":[{"@type":"ListItem","position":1,"name":"Accueil","item":"https:\/\/lasentinelle.dz\/"},{"@type":"ListItem","position":2,"name":"Pour faire face aux besoins du mois de Ramadhan\u00a0:\u00a0Pr\u00e8s 55.000 tonnes de viandes rouges\u00a0\u00a0mises en vente"}]},{"@type":"WebSite","@id":"https:\/\/lasentinelle.dz\/#website","url":"https:\/\/lasentinelle.dz\/","name":"La Sentinelle","description":"Quotidien national d&#039;information","publisher":{"@id":"https:\/\/lasentinelle.dz\/#organization"},"potentialAction":[{"@type":"SearchAction","target":{"@type":"EntryPoint","urlTemplate":"https:\/\/lasentinelle.dz\/?s={search_term_string}"},"query-input":{"@type":"PropertyValueSpecification","valueRequired":true,"valueName":"search_term_string"}}],"inLanguage":"fr-FR"},{"@type":"Organization","@id":"https:\/\/lasentinelle.dz\/#organization","name":"Quotidien La Sentinelle","url":"https:\/\/lasentinelle.dz\/","logo":{"@type":"ImageObject","inLanguage":"fr-FR","@id":"https:\/\/lasentinelle.dz\/#\/schema\/logo\/image\/","url":"https:\/\/lasentinelle.dz\/wp-content\/uploads\/2021\/09\/logo-sentinelleSLOGAN-1.png","contentUrl":"https:\/\/lasentinelle.dz\/wp-content\/uploads\/2021\/09\/logo-sentinelleSLOGAN-1.png","width":615,"height":142,"caption":"Quotidien La Sentinelle"},"image":{"@id":"https:\/\/lasentinelle.dz\/#\/schema\/logo\/image\/"},"sameAs":["https:\/\/www.facebook.com\/La-Sentinelle-104059864394773"]},{"@type":"Person","@id":"https:\/\/lasentinelle.dz\/#\/schema\/person\/d865044e22e70a75174ce8bcad3acfb3","name":"La Sentinelle","image":{"@type":"ImageObject","inLanguage":"fr-FR","@id":"https:\/\/secure.gravatar.com\/avatar\/57de8e5d4b15d43fb361a71fbb36338450fe67865b528a43dd10ef7c51a20392?s=96&d=mm&r=g","url":"https:\/\/secure.gravatar.com\/avatar\/57de8e5d4b15d43fb361a71fbb36338450fe67865b528a43dd10ef7c51a20392?s=96&d=mm&r=g","contentUrl":"https:\/\/secure.gravatar.com\/avatar\/57de8e5d4b15d43fb361a71fbb36338450fe67865b528a43dd10ef7c51a20392?s=96&d=mm&r=g","caption":"La Sentinelle"},"sameAs":["http:\/\/www.lasentinelle.dz"],"url":"https:\/\/lasentinelle.dz\/author\/redaction\/"}]}},"_links":{"self":[{"href":"https:\/\/lasentinelle.dz\/index.php\/wp-json\/wp\/v2\/posts\/18188","targetHints":{"allow":["GET"]}}],"collection":[{"href":"https:\/\/lasentinelle.dz\/index.php\/wp-json\/wp\/v2\/posts"}],"about":[{"href":"https:\/\/lasentinelle.dz\/index.php\/wp-json\/wp\/v2\/types\/post"}],"author":[{"embeddable":true,"href":"https:\/\/lasentinelle.dz\/index.php\/wp-json\/wp\/v2\/users\/3"}],"replies":[{"embeddable":true,"href":"https:\/\/lasentinelle.dz\/index.php\/wp-json\/wp\/v2\/comments?post=18188"}],"version-history":[{"count":1,"href":"https:\/\/lasentinelle.dz\/index.php\/wp-json\/wp\/v2\/posts\/18188\/revisions"}],"predecessor-version":[{"id":18244,"href":"https:\/\/lasentinelle.dz\/index.php\/wp-json\/wp\/v2\/posts\/18188\/revisions\/18244"}],"wp:featuredmedia":[{"embeddable":true,"href":"https:\/\/lasentinelle.dz\/index.php\/wp-json\/wp\/v2\/media\/18243"}],"wp:attachment":[{"href":"https:\/\/lasentinelle.dz\/index.php\/wp-json\/wp\/v2\/media?parent=18188"}],"wp:term":[{"taxonomy":"category","embeddable":true,"href":"https:\/\/lasentinelle.dz\/index.php\/wp-json\/wp\/v2\/categories?post=18188"},{"taxonomy":"post_tag","embeddable":true,"href":"https:\/\/lasentinelle.dz\/index.php\/wp-json\/wp\/v2\/tags?post=18188"}],"curies":[{"name":"wp","href":"https:\/\/api.w.org\/{rel}","templated":true}]}}