{"id":18194,"date":"2022-03-13T00:05:00","date_gmt":"2022-03-12T23:05:00","guid":{"rendered":"https:\/\/lasentinelle.dz\/?p=18194"},"modified":"2022-03-12T19:39:36","modified_gmt":"2022-03-12T18:39:36","slug":"tensions-sur-le-marche-mondial-des-produits-alimentaires-lalgerie-prepare-ses-stocks","status":"publish","type":"post","link":"https:\/\/lasentinelle.dz\/index.php\/2022\/03\/13\/tensions-sur-le-marche-mondial-des-produits-alimentaires-lalgerie-prepare-ses-stocks\/","title":{"rendered":"Tensions sur le march\u00e9 mondial des produits alimentaires\u00a0:\u00a0L\u2019Alg\u00e9rie pr\u00e9pare ses stocks"},"content":{"rendered":"\n<p>Le conflit en Ukraine a engendr\u00e9 une tension in\u00e9dite sur les march\u00e9s des mati\u00e8res premi\u00e8res, notamment \u00e9nerg\u00e9tiques et alimentaires. Les prix ont atteint des records et les craintes sur l\u2019approvisionnement du march\u00e9 mondial en c\u00e9r\u00e9ales et ol\u00e9agineux, dont les protagonistes dans le conflit sont de gros fournisseurs, se font de plus en plus sentir, notamment si le conflit dure dans le temps. Une situation qui pousse tous les pays \u00e0 passer en revue leurs stocks et \u00e0 se pr\u00e9parer au pire des sc\u00e9narios. L\u2019Alg\u00e9rie n\u2019y \u00e9chappe pas.<\/p>\n\n\n\n<p>C\u2019est dans ce contexte que la disponibilit\u00e9 des produits strat\u00e9giques sera au menu du Conseil des ministres que r\u00e9unira aujourd\u2019hui le pr\u00e9sident de la R\u00e9publique, Abdelmadjid Tebboune.&nbsp;&nbsp;\u00ab Le pr\u00e9sident de la R\u00e9publique, M. Abdelmadjid Tebboune, Chef supr\u00eame des Forces arm\u00e9es, ministre de la D\u00e9fense nationale pr\u00e9side, dimanche 13 mars 2022, une r\u00e9union du Conseil des ministres d\u00e9di\u00e9e \u00e0 la pr\u00e9sentation d&rsquo;un expos\u00e9 conjoint des secteurs de l&rsquo;Agriculture et du Commerce sur la disponibilit\u00e9 des mati\u00e8res strat\u00e9giques et les pr\u00e9visions de production des mati\u00e8res agricoles essentielles, outre l&rsquo;examen de projets de loi sur la promotion de l&rsquo;investissement, les proc\u00e9dures civiles et p\u00e9nales, et la p\u00eache et l&rsquo;aquaculture \u00bb, a indiqu\u00e9 hier un communiqu\u00e9 de la pr\u00e9sidence de la R\u00e9publique.<\/p>\n\n\n\n<p>Une r\u00e9union qui intervient d\u2019ailleurs \u00e0 quelques jours du mois sacr\u00e9 de Ramadhan, p\u00e9riode au cours de laquelle la question de la disponibilit\u00e9 des produits alimentaires rev\u00eat un caract\u00e8re particulier et o\u00f9 les march\u00e9s connaissent une flamb\u00e9e des prix en raison de la sp\u00e9culation. D\u2019ailleurs, les services du Commerce et de l\u2019Agriculture multiplient&nbsp;&nbsp;les mesures afin d\u2019assurer un approvisionnement du march\u00e9 en divers produits alimentaires.&nbsp;<\/p>\n\n\n\n<p>Or, cela intervient \u00e9galement dans une conjoncture particuli\u00e8re marqu\u00e9e par le conflit russo-ukrainien et ses cons\u00e9quences sur le march\u00e9 des produits alimentaires. D\u2019o\u00f9 l\u2019utilit\u00e9 de passer en revue les stocks. L\u2019Alg\u00e9rie est l\u2019un des principaux importateurs de c\u00e9r\u00e9ales, de bl\u00e9 notamment, et agit toujours par anticipation pour contrer toute crise \u00e9ventuelle. C\u2019est ainsi, qu\u2019elle dispose de stocks suffisants pour couvrir les besoins du march\u00e9 d\u2019ici la fin de l\u2019ann\u00e9e 2022. Le ministre de l\u2019Agriculture et du D\u00e9veloppement rural, Mohamed Abdelhafid Henni, l\u2019a assur\u00e9 la semaine derni\u00e8re. Henni a indiqu\u00e9 que l&rsquo;Alg\u00e9rie disposait d&rsquo;un \u00ab stock de s\u00e9curit\u00e9 \u00bb de c\u00e9r\u00e9ales qui lui permet de satisfaire tous les besoins des citoyens de mani\u00e8re r\u00e9guli\u00e8re. Il faut dire que les services de l\u2019Office alg\u00e9rien interprofessionnel des c\u00e9r\u00e9ales ont anticip\u00e9 les achats de bl\u00e9 depuis plus de trois mois. C\u2019est ainsi qu\u2019il a lanc\u00e9, \u00e0 titre d\u2019exemple, deux gros appels d\u2019offres internationaux au mois de janvier dernier. Des stocks qu\u2019il compte aussi consolider pour parer \u00e0 l\u2019impr\u00e9vu.&nbsp;&nbsp;Selon l&rsquo;agence de presse britannique, Reuters, l\u2019OAIC a achet\u00e9 entre 600.000 et 700.000 tonnes de bl\u00e9 meunier dans le cadre d&rsquo;un autre appel d&rsquo;offres.<\/p>\n\n\n\n<p>Mais au-del\u00e0 de l\u2019importation, l\u2019Alg\u00e9rie mise surtout sur le d\u00e9veloppement des cultures strat\u00e9giques. Au-del\u00e0 du bl\u00e9, l\u2019Alg\u00e9rie importe du ma\u00efs et de l\u2019orge fourrag\u00e8re pour l\u2019alimentation du b\u00e9tail, des huiles brutes, et du sucre brun et blanc. Et les prix de tous ces produits flambent aujourd\u2019hui sur les places boursi\u00e8res. D\u2019o\u00f9 la n\u00e9cessit\u00e9 de d\u00e9velopper ces cultures au niveau local afin de se mettre \u00e0 l\u2019abri des fluctuations du march\u00e9 mondial. Les politiques men\u00e9es jusqu\u2019\u00e0 aujourd\u2019hui commencent d\u00e9j\u00e0 \u00e0 donner de bons r\u00e9sultats pour ce qui est de la culture du colza. Une exp\u00e9rience que les pouvoirs publics entendent d\u00e9velopper et \u00e9largir pour la culture du ma\u00efs, des fourrages et de la betterave sucri\u00e8re, sans oublier la c\u00e9r\u00e9aliculture \u00e0 d\u00e9velopper \u00e0 grande \u00e9chelle. Une Superficie globale de plus de 134.500 hectares a \u00e9t\u00e9 mobilis\u00e9e dans les wilayas du Sud pour le d\u00e9veloppement des cultures strat\u00e9giques et de l\u2019industrie agroalimentaire. Sur cette superficie, pas moins de 78.000 hectares ont \u00e9t\u00e9 attribu\u00e9s par l\u2019Office du d\u00e9veloppement de l\u2019agriculture industrielle en terres sahariennes \u00e0 fin 2021. Cette superficie globale est r\u00e9partie sur sept p\u00e9rim\u00e8tres situ\u00e9s dans cinq wilayas du Sud (Adrar, Timimoun, El-Menea, Ouargla et Illizi), et devrait recevoir 139 projets d\u2019investissement consacr\u00e9s exclusivement aux cultures strat\u00e9giques et \u00e0 l\u2019agroalimentaire, notamment dans la c\u00e9r\u00e9aliculture et les semences.<\/p>\n\n\n\n<p>Samira Ghrib<\/p>\n","protected":false},"excerpt":{"rendered":"<p>Le conflit en Ukraine a engendr\u00e9 une tension in\u00e9dite sur les march\u00e9s des mati\u00e8res premi\u00e8res, notamment \u00e9nerg\u00e9tiques et alimentaires. Les<\/p>\n","protected":false},"author":3,"featured_media":18250,"comment_status":"open","ping_status":"closed","sticky":false,"template":"","format":"standard","meta":{"colormag_page_container_layout":"default_layout","colormag_page_sidebar_layout":"default_layout","om_disable_all_campaigns":false,"_monsterinsights_skip_tracking":false,"_monsterinsights_sitenote_active":false,"_monsterinsights_sitenote_note":"","_monsterinsights_sitenote_category":0,"footnotes":"","_wpscppro_dont_share_socialmedia":false,"_wpscppro_custom_social_share_image":0,"_facebook_share_type":"","_twitter_share_type":"","_linkedin_share_type":"","_pinterest_share_type":"","_linkedin_share_type_page":"","_instagram_share_type":"","_medium_share_type":"","_threads_share_type":"","_google_business_share_type":"","_selected_social_profile":[],"_wpsp_enable_custom_social_template":false,"_wpsp_social_scheduling":{"enabled":false,"datetime":null,"platforms":[],"status":"template_only","dateOption":"today","timeOption":"now","customDays":"","customHours":"","customDate":"","customTime":"","schedulingType":"absolute"},"_wpsp_active_default_template":true},"categories":[52,29],"tags":[],"class_list":["post-18194","post","type-post","status-publish","format-standard","has-post-thumbnail","hentry","category-a-la-une","category-economie"],"aioseo_notices":[],"yoast_head":"<!-- This site is optimized with the Yoast SEO plugin v27.5 - https:\/\/yoast.com\/product\/yoast-seo-wordpress\/ -->\n<title>Tensions sur le march\u00e9 mondial des produits alimentaires\u00a0:\u00a0L\u2019Alg\u00e9rie pr\u00e9pare ses stocks - La Sentinelle<\/title>\n<meta name=\"robots\" content=\"index, follow, max-snippet:-1, max-image-preview:large, max-video-preview:-1\" \/>\n<link rel=\"canonical\" href=\"https:\/\/lasentinelle.dz\/index.php\/2022\/03\/13\/tensions-sur-le-marche-mondial-des-produits-alimentaires-lalgerie-prepare-ses-stocks\/\" \/>\n<meta property=\"og:locale\" content=\"fr_FR\" \/>\n<meta property=\"og:type\" content=\"article\" \/>\n<meta property=\"og:title\" content=\"Tensions sur le march\u00e9 mondial des produits alimentaires\u00a0:\u00a0L\u2019Alg\u00e9rie pr\u00e9pare ses stocks - La Sentinelle\" \/>\n<meta property=\"og:description\" content=\"Le conflit en Ukraine a engendr\u00e9 une tension in\u00e9dite sur les march\u00e9s des mati\u00e8res premi\u00e8res, notamment \u00e9nerg\u00e9tiques et alimentaires. Les\" \/>\n<meta property=\"og:url\" content=\"https:\/\/lasentinelle.dz\/index.php\/2022\/03\/13\/tensions-sur-le-marche-mondial-des-produits-alimentaires-lalgerie-prepare-ses-stocks\/\" \/>\n<meta property=\"og:site_name\" content=\"La Sentinelle\" \/>\n<meta property=\"article:publisher\" content=\"https:\/\/www.facebook.com\/La-Sentinelle-104059864394773\" \/>\n<meta property=\"article:published_time\" content=\"2022-03-12T23:05:00+00:00\" \/>\n<meta property=\"og:image\" content=\"https:\/\/lasentinelle.dz\/wp-content\/uploads\/2022\/03\/cerealiculture-1024x680.png\" \/>\n\t<meta property=\"og:image:width\" content=\"1024\" \/>\n\t<meta property=\"og:image:height\" content=\"680\" \/>\n\t<meta property=\"og:image:type\" content=\"image\/png\" \/>\n<meta name=\"author\" content=\"La Sentinelle\" \/>\n<meta name=\"twitter:card\" content=\"summary_large_image\" \/>\n<meta name=\"twitter:label1\" content=\"\u00c9crit par\" \/>\n\t<meta name=\"twitter:data1\" content=\"La Sentinelle\" \/>\n\t<meta name=\"twitter:label2\" content=\"Dur\u00e9e de lecture estim\u00e9e\" \/>\n\t<meta name=\"twitter:data2\" content=\"4 minutes\" \/>\n<script type=\"application\/ld+json\" class=\"yoast-schema-graph\">{\"@context\":\"https:\\\/\\\/schema.org\",\"@graph\":[{\"@type\":\"Article\",\"@id\":\"https:\\\/\\\/lasentinelle.dz\\\/index.php\\\/2022\\\/03\\\/13\\\/tensions-sur-le-marche-mondial-des-produits-alimentaires-lalgerie-prepare-ses-stocks\\\/#article\",\"isPartOf\":{\"@id\":\"https:\\\/\\\/lasentinelle.dz\\\/index.php\\\/2022\\\/03\\\/13\\\/tensions-sur-le-marche-mondial-des-produits-alimentaires-lalgerie-prepare-ses-stocks\\\/\"},\"author\":{\"name\":\"La Sentinelle\",\"@id\":\"https:\\\/\\\/lasentinelle.dz\\\/#\\\/schema\\\/person\\\/d865044e22e70a75174ce8bcad3acfb3\"},\"headline\":\"Tensions sur le march\u00e9 mondial des produits alimentaires\u00a0:\u00a0L\u2019Alg\u00e9rie pr\u00e9pare ses stocks\",\"datePublished\":\"2022-03-12T23:05:00+00:00\",\"mainEntityOfPage\":{\"@id\":\"https:\\\/\\\/lasentinelle.dz\\\/index.php\\\/2022\\\/03\\\/13\\\/tensions-sur-le-marche-mondial-des-produits-alimentaires-lalgerie-prepare-ses-stocks\\\/\"},\"wordCount\":817,\"commentCount\":0,\"publisher\":{\"@id\":\"https:\\\/\\\/lasentinelle.dz\\\/#organization\"},\"image\":{\"@id\":\"https:\\\/\\\/lasentinelle.dz\\\/index.php\\\/2022\\\/03\\\/13\\\/tensions-sur-le-marche-mondial-des-produits-alimentaires-lalgerie-prepare-ses-stocks\\\/#primaryimage\"},\"thumbnailUrl\":\"https:\\\/\\\/lasentinelle.dz\\\/wp-content\\\/uploads\\\/2022\\\/03\\\/cerealiculture.png\",\"articleSection\":[\"\u00c0 la Une\",\"\u00c9conomie\"],\"inLanguage\":\"fr-FR\",\"potentialAction\":[{\"@type\":\"CommentAction\",\"name\":\"Comment\",\"target\":[\"https:\\\/\\\/lasentinelle.dz\\\/index.php\\\/2022\\\/03\\\/13\\\/tensions-sur-le-marche-mondial-des-produits-alimentaires-lalgerie-prepare-ses-stocks\\\/#respond\"]}]},{\"@type\":\"WebPage\",\"@id\":\"https:\\\/\\\/lasentinelle.dz\\\/index.php\\\/2022\\\/03\\\/13\\\/tensions-sur-le-marche-mondial-des-produits-alimentaires-lalgerie-prepare-ses-stocks\\\/\",\"url\":\"https:\\\/\\\/lasentinelle.dz\\\/index.php\\\/2022\\\/03\\\/13\\\/tensions-sur-le-marche-mondial-des-produits-alimentaires-lalgerie-prepare-ses-stocks\\\/\",\"name\":\"Tensions sur le march\u00e9 mondial des produits alimentaires\u00a0:\u00a0L\u2019Alg\u00e9rie pr\u00e9pare ses stocks - La Sentinelle\",\"isPartOf\":{\"@id\":\"https:\\\/\\\/lasentinelle.dz\\\/#website\"},\"primaryImageOfPage\":{\"@id\":\"https:\\\/\\\/lasentinelle.dz\\\/index.php\\\/2022\\\/03\\\/13\\\/tensions-sur-le-marche-mondial-des-produits-alimentaires-lalgerie-prepare-ses-stocks\\\/#primaryimage\"},\"image\":{\"@id\":\"https:\\\/\\\/lasentinelle.dz\\\/index.php\\\/2022\\\/03\\\/13\\\/tensions-sur-le-marche-mondial-des-produits-alimentaires-lalgerie-prepare-ses-stocks\\\/#primaryimage\"},\"thumbnailUrl\":\"https:\\\/\\\/lasentinelle.dz\\\/wp-content\\\/uploads\\\/2022\\\/03\\\/cerealiculture.png\",\"datePublished\":\"2022-03-12T23:05:00+00:00\",\"breadcrumb\":{\"@id\":\"https:\\\/\\\/lasentinelle.dz\\\/index.php\\\/2022\\\/03\\\/13\\\/tensions-sur-le-marche-mondial-des-produits-alimentaires-lalgerie-prepare-ses-stocks\\\/#breadcrumb\"},\"inLanguage\":\"fr-FR\",\"potentialAction\":[{\"@type\":\"ReadAction\",\"target\":[\"https:\\\/\\\/lasentinelle.dz\\\/index.php\\\/2022\\\/03\\\/13\\\/tensions-sur-le-marche-mondial-des-produits-alimentaires-lalgerie-prepare-ses-stocks\\\/\"]}]},{\"@type\":\"ImageObject\",\"inLanguage\":\"fr-FR\",\"@id\":\"https:\\\/\\\/lasentinelle.dz\\\/index.php\\\/2022\\\/03\\\/13\\\/tensions-sur-le-marche-mondial-des-produits-alimentaires-lalgerie-prepare-ses-stocks\\\/#primaryimage\",\"url\":\"https:\\\/\\\/lasentinelle.dz\\\/wp-content\\\/uploads\\\/2022\\\/03\\\/cerealiculture.png\",\"contentUrl\":\"https:\\\/\\\/lasentinelle.dz\\\/wp-content\\\/uploads\\\/2022\\\/03\\\/cerealiculture.png\",\"width\":1355,\"height\":900},{\"@type\":\"BreadcrumbList\",\"@id\":\"https:\\\/\\\/lasentinelle.dz\\\/index.php\\\/2022\\\/03\\\/13\\\/tensions-sur-le-marche-mondial-des-produits-alimentaires-lalgerie-prepare-ses-stocks\\\/#breadcrumb\",\"itemListElement\":[{\"@type\":\"ListItem\",\"position\":1,\"name\":\"Accueil\",\"item\":\"https:\\\/\\\/lasentinelle.dz\\\/\"},{\"@type\":\"ListItem\",\"position\":2,\"name\":\"Tensions sur le march\u00e9 mondial des produits alimentaires\u00a0:\u00a0L\u2019Alg\u00e9rie pr\u00e9pare ses stocks\"}]},{\"@type\":\"WebSite\",\"@id\":\"https:\\\/\\\/lasentinelle.dz\\\/#website\",\"url\":\"https:\\\/\\\/lasentinelle.dz\\\/\",\"name\":\"La Sentinelle\",\"description\":\"Quotidien national d&#039;information\",\"publisher\":{\"@id\":\"https:\\\/\\\/lasentinelle.dz\\\/#organization\"},\"potentialAction\":[{\"@type\":\"SearchAction\",\"target\":{\"@type\":\"EntryPoint\",\"urlTemplate\":\"https:\\\/\\\/lasentinelle.dz\\\/?s={search_term_string}\"},\"query-input\":{\"@type\":\"PropertyValueSpecification\",\"valueRequired\":true,\"valueName\":\"search_term_string\"}}],\"inLanguage\":\"fr-FR\"},{\"@type\":\"Organization\",\"@id\":\"https:\\\/\\\/lasentinelle.dz\\\/#organization\",\"name\":\"Quotidien La Sentinelle\",\"url\":\"https:\\\/\\\/lasentinelle.dz\\\/\",\"logo\":{\"@type\":\"ImageObject\",\"inLanguage\":\"fr-FR\",\"@id\":\"https:\\\/\\\/lasentinelle.dz\\\/#\\\/schema\\\/logo\\\/image\\\/\",\"url\":\"https:\\\/\\\/lasentinelle.dz\\\/wp-content\\\/uploads\\\/2021\\\/09\\\/logo-sentinelleSLOGAN-1.png\",\"contentUrl\":\"https:\\\/\\\/lasentinelle.dz\\\/wp-content\\\/uploads\\\/2021\\\/09\\\/logo-sentinelleSLOGAN-1.png\",\"width\":615,\"height\":142,\"caption\":\"Quotidien La Sentinelle\"},\"image\":{\"@id\":\"https:\\\/\\\/lasentinelle.dz\\\/#\\\/schema\\\/logo\\\/image\\\/\"},\"sameAs\":[\"https:\\\/\\\/www.facebook.com\\\/La-Sentinelle-104059864394773\"]},{\"@type\":\"Person\",\"@id\":\"https:\\\/\\\/lasentinelle.dz\\\/#\\\/schema\\\/person\\\/d865044e22e70a75174ce8bcad3acfb3\",\"name\":\"La Sentinelle\",\"image\":{\"@type\":\"ImageObject\",\"inLanguage\":\"fr-FR\",\"@id\":\"https:\\\/\\\/secure.gravatar.com\\\/avatar\\\/57de8e5d4b15d43fb361a71fbb36338450fe67865b528a43dd10ef7c51a20392?s=96&d=mm&r=g\",\"url\":\"https:\\\/\\\/secure.gravatar.com\\\/avatar\\\/57de8e5d4b15d43fb361a71fbb36338450fe67865b528a43dd10ef7c51a20392?s=96&d=mm&r=g\",\"contentUrl\":\"https:\\\/\\\/secure.gravatar.com\\\/avatar\\\/57de8e5d4b15d43fb361a71fbb36338450fe67865b528a43dd10ef7c51a20392?s=96&d=mm&r=g\",\"caption\":\"La Sentinelle\"},\"sameAs\":[\"http:\\\/\\\/www.lasentinelle.dz\"],\"url\":\"https:\\\/\\\/lasentinelle.dz\\\/author\\\/redaction\\\/\"}]}<\/script>\n<!-- \/ Yoast SEO plugin. -->","yoast_head_json":{"title":"Tensions sur le march\u00e9 mondial des produits alimentaires\u00a0:\u00a0L\u2019Alg\u00e9rie pr\u00e9pare ses stocks - La Sentinelle","robots":{"index":"index","follow":"follow","max-snippet":"max-snippet:-1","max-image-preview":"max-image-preview:large","max-video-preview":"max-video-preview:-1"},"canonical":"https:\/\/lasentinelle.dz\/index.php\/2022\/03\/13\/tensions-sur-le-marche-mondial-des-produits-alimentaires-lalgerie-prepare-ses-stocks\/","og_locale":"fr_FR","og_type":"article","og_title":"Tensions sur le march\u00e9 mondial des produits alimentaires\u00a0:\u00a0L\u2019Alg\u00e9rie pr\u00e9pare ses stocks - La Sentinelle","og_description":"Le conflit en Ukraine a engendr\u00e9 une tension in\u00e9dite sur les march\u00e9s des mati\u00e8res premi\u00e8res, notamment \u00e9nerg\u00e9tiques et alimentaires. Les","og_url":"https:\/\/lasentinelle.dz\/index.php\/2022\/03\/13\/tensions-sur-le-marche-mondial-des-produits-alimentaires-lalgerie-prepare-ses-stocks\/","og_site_name":"La Sentinelle","article_publisher":"https:\/\/www.facebook.com\/La-Sentinelle-104059864394773","article_published_time":"2022-03-12T23:05:00+00:00","og_image":[{"width":1024,"height":680,"url":"https:\/\/lasentinelle.dz\/wp-content\/uploads\/2022\/03\/cerealiculture-1024x680.png","type":"image\/png"}],"author":"La Sentinelle","twitter_card":"summary_large_image","twitter_misc":{"\u00c9crit par":"La Sentinelle","Dur\u00e9e de lecture estim\u00e9e":"4 minutes"},"schema":{"@context":"https:\/\/schema.org","@graph":[{"@type":"Article","@id":"https:\/\/lasentinelle.dz\/index.php\/2022\/03\/13\/tensions-sur-le-marche-mondial-des-produits-alimentaires-lalgerie-prepare-ses-stocks\/#article","isPartOf":{"@id":"https:\/\/lasentinelle.dz\/index.php\/2022\/03\/13\/tensions-sur-le-marche-mondial-des-produits-alimentaires-lalgerie-prepare-ses-stocks\/"},"author":{"name":"La Sentinelle","@id":"https:\/\/lasentinelle.dz\/#\/schema\/person\/d865044e22e70a75174ce8bcad3acfb3"},"headline":"Tensions sur le march\u00e9 mondial des produits alimentaires\u00a0:\u00a0L\u2019Alg\u00e9rie pr\u00e9pare ses stocks","datePublished":"2022-03-12T23:05:00+00:00","mainEntityOfPage":{"@id":"https:\/\/lasentinelle.dz\/index.php\/2022\/03\/13\/tensions-sur-le-marche-mondial-des-produits-alimentaires-lalgerie-prepare-ses-stocks\/"},"wordCount":817,"commentCount":0,"publisher":{"@id":"https:\/\/lasentinelle.dz\/#organization"},"image":{"@id":"https:\/\/lasentinelle.dz\/index.php\/2022\/03\/13\/tensions-sur-le-marche-mondial-des-produits-alimentaires-lalgerie-prepare-ses-stocks\/#primaryimage"},"thumbnailUrl":"https:\/\/lasentinelle.dz\/wp-content\/uploads\/2022\/03\/cerealiculture.png","articleSection":["\u00c0 la Une","\u00c9conomie"],"inLanguage":"fr-FR","potentialAction":[{"@type":"CommentAction","name":"Comment","target":["https:\/\/lasentinelle.dz\/index.php\/2022\/03\/13\/tensions-sur-le-marche-mondial-des-produits-alimentaires-lalgerie-prepare-ses-stocks\/#respond"]}]},{"@type":"WebPage","@id":"https:\/\/lasentinelle.dz\/index.php\/2022\/03\/13\/tensions-sur-le-marche-mondial-des-produits-alimentaires-lalgerie-prepare-ses-stocks\/","url":"https:\/\/lasentinelle.dz\/index.php\/2022\/03\/13\/tensions-sur-le-marche-mondial-des-produits-alimentaires-lalgerie-prepare-ses-stocks\/","name":"Tensions sur le march\u00e9 mondial des produits alimentaires\u00a0:\u00a0L\u2019Alg\u00e9rie pr\u00e9pare ses stocks - La Sentinelle","isPartOf":{"@id":"https:\/\/lasentinelle.dz\/#website"},"primaryImageOfPage":{"@id":"https:\/\/lasentinelle.dz\/index.php\/2022\/03\/13\/tensions-sur-le-marche-mondial-des-produits-alimentaires-lalgerie-prepare-ses-stocks\/#primaryimage"},"image":{"@id":"https:\/\/lasentinelle.dz\/index.php\/2022\/03\/13\/tensions-sur-le-marche-mondial-des-produits-alimentaires-lalgerie-prepare-ses-stocks\/#primaryimage"},"thumbnailUrl":"https:\/\/lasentinelle.dz\/wp-content\/uploads\/2022\/03\/cerealiculture.png","datePublished":"2022-03-12T23:05:00+00:00","breadcrumb":{"@id":"https:\/\/lasentinelle.dz\/index.php\/2022\/03\/13\/tensions-sur-le-marche-mondial-des-produits-alimentaires-lalgerie-prepare-ses-stocks\/#breadcrumb"},"inLanguage":"fr-FR","potentialAction":[{"@type":"ReadAction","target":["https:\/\/lasentinelle.dz\/index.php\/2022\/03\/13\/tensions-sur-le-marche-mondial-des-produits-alimentaires-lalgerie-prepare-ses-stocks\/"]}]},{"@type":"ImageObject","inLanguage":"fr-FR","@id":"https:\/\/lasentinelle.dz\/index.php\/2022\/03\/13\/tensions-sur-le-marche-mondial-des-produits-alimentaires-lalgerie-prepare-ses-stocks\/#primaryimage","url":"https:\/\/lasentinelle.dz\/wp-content\/uploads\/2022\/03\/cerealiculture.png","contentUrl":"https:\/\/lasentinelle.dz\/wp-content\/uploads\/2022\/03\/cerealiculture.png","width":1355,"height":900},{"@type":"BreadcrumbList","@id":"https:\/\/lasentinelle.dz\/index.php\/2022\/03\/13\/tensions-sur-le-marche-mondial-des-produits-alimentaires-lalgerie-prepare-ses-stocks\/#breadcrumb","itemListElement":[{"@type":"ListItem","position":1,"name":"Accueil","item":"https:\/\/lasentinelle.dz\/"},{"@type":"ListItem","position":2,"name":"Tensions sur le march\u00e9 mondial des produits alimentaires\u00a0:\u00a0L\u2019Alg\u00e9rie pr\u00e9pare ses stocks"}]},{"@type":"WebSite","@id":"https:\/\/lasentinelle.dz\/#website","url":"https:\/\/lasentinelle.dz\/","name":"La Sentinelle","description":"Quotidien national d&#039;information","publisher":{"@id":"https:\/\/lasentinelle.dz\/#organization"},"potentialAction":[{"@type":"SearchAction","target":{"@type":"EntryPoint","urlTemplate":"https:\/\/lasentinelle.dz\/?s={search_term_string}"},"query-input":{"@type":"PropertyValueSpecification","valueRequired":true,"valueName":"search_term_string"}}],"inLanguage":"fr-FR"},{"@type":"Organization","@id":"https:\/\/lasentinelle.dz\/#organization","name":"Quotidien La Sentinelle","url":"https:\/\/lasentinelle.dz\/","logo":{"@type":"ImageObject","inLanguage":"fr-FR","@id":"https:\/\/lasentinelle.dz\/#\/schema\/logo\/image\/","url":"https:\/\/lasentinelle.dz\/wp-content\/uploads\/2021\/09\/logo-sentinelleSLOGAN-1.png","contentUrl":"https:\/\/lasentinelle.dz\/wp-content\/uploads\/2021\/09\/logo-sentinelleSLOGAN-1.png","width":615,"height":142,"caption":"Quotidien La Sentinelle"},"image":{"@id":"https:\/\/lasentinelle.dz\/#\/schema\/logo\/image\/"},"sameAs":["https:\/\/www.facebook.com\/La-Sentinelle-104059864394773"]},{"@type":"Person","@id":"https:\/\/lasentinelle.dz\/#\/schema\/person\/d865044e22e70a75174ce8bcad3acfb3","name":"La Sentinelle","image":{"@type":"ImageObject","inLanguage":"fr-FR","@id":"https:\/\/secure.gravatar.com\/avatar\/57de8e5d4b15d43fb361a71fbb36338450fe67865b528a43dd10ef7c51a20392?s=96&d=mm&r=g","url":"https:\/\/secure.gravatar.com\/avatar\/57de8e5d4b15d43fb361a71fbb36338450fe67865b528a43dd10ef7c51a20392?s=96&d=mm&r=g","contentUrl":"https:\/\/secure.gravatar.com\/avatar\/57de8e5d4b15d43fb361a71fbb36338450fe67865b528a43dd10ef7c51a20392?s=96&d=mm&r=g","caption":"La Sentinelle"},"sameAs":["http:\/\/www.lasentinelle.dz"],"url":"https:\/\/lasentinelle.dz\/author\/redaction\/"}]}},"_links":{"self":[{"href":"https:\/\/lasentinelle.dz\/index.php\/wp-json\/wp\/v2\/posts\/18194","targetHints":{"allow":["GET"]}}],"collection":[{"href":"https:\/\/lasentinelle.dz\/index.php\/wp-json\/wp\/v2\/posts"}],"about":[{"href":"https:\/\/lasentinelle.dz\/index.php\/wp-json\/wp\/v2\/types\/post"}],"author":[{"embeddable":true,"href":"https:\/\/lasentinelle.dz\/index.php\/wp-json\/wp\/v2\/users\/3"}],"replies":[{"embeddable":true,"href":"https:\/\/lasentinelle.dz\/index.php\/wp-json\/wp\/v2\/comments?post=18194"}],"version-history":[{"count":1,"href":"https:\/\/lasentinelle.dz\/index.php\/wp-json\/wp\/v2\/posts\/18194\/revisions"}],"predecessor-version":[{"id":18251,"href":"https:\/\/lasentinelle.dz\/index.php\/wp-json\/wp\/v2\/posts\/18194\/revisions\/18251"}],"wp:featuredmedia":[{"embeddable":true,"href":"https:\/\/lasentinelle.dz\/index.php\/wp-json\/wp\/v2\/media\/18250"}],"wp:attachment":[{"href":"https:\/\/lasentinelle.dz\/index.php\/wp-json\/wp\/v2\/media?parent=18194"}],"wp:term":[{"taxonomy":"category","embeddable":true,"href":"https:\/\/lasentinelle.dz\/index.php\/wp-json\/wp\/v2\/categories?post=18194"},{"taxonomy":"post_tag","embeddable":true,"href":"https:\/\/lasentinelle.dz\/index.php\/wp-json\/wp\/v2\/tags?post=18194"}],"curies":[{"name":"wp","href":"https:\/\/api.w.org\/{rel}","templated":true}]}}