{"id":18207,"date":"2022-03-13T00:01:00","date_gmt":"2022-03-12T23:01:00","guid":{"rendered":"https:\/\/lasentinelle.dz\/?p=18207"},"modified":"2022-03-12T17:13:09","modified_gmt":"2022-03-12T16:13:09","slug":"covid-19-le-ministre-de-la-sante-participe-a-la-reunion-des-ministres-africains-de-la-sante","status":"publish","type":"post","link":"https:\/\/lasentinelle.dz\/index.php\/2022\/03\/13\/covid-19-le-ministre-de-la-sante-participe-a-la-reunion-des-ministres-africains-de-la-sante\/","title":{"rendered":"Covid 19\u00a0:\u00a0Le ministre de la Sant\u00e9 participe \u00e0 la r\u00e9union des ministres africains de la\u00a0Sant\u00e9\u00a0"},"content":{"rendered":"\n<p>Dans un communiqu\u00e9 rendu publique avant-hier, le minist\u00e8re de la Sant\u00e9, de la Population et de la R\u00e9forme hospitali\u00e8re a fait savoir que le Pr. Abderrahmane Benbouzid, responsable du secteur, a particip\u00e9, via le moyen de la visioconf\u00e9rence, \u00e0 la r\u00e9union de haut niveau des ministres africains de la Sant\u00e9 sur l&rsquo;acc\u00e9l\u00e9ration de la cadence de vaccination contre la pand\u00e9mie (Covid-19). Selon le m\u00eame communiqu\u00e9, cette rencontre s\u2019est tenue apr\u00e8s le sommet des chefs d&rsquo;Etat et de Gouvernement de l&rsquo;Union africaine (UA) organis\u00e9 le mois de f\u00e9vrier dernier et consacr\u00e9 \u00e0 l&rsquo;examen de la situation pand\u00e9mique en Afrique.<\/p>\n\n\n\n<p>Lors de ce sommet, rappelle le communiqu\u00e9, les chefs d\u2019Etat ayant pris part ont notamment abord\u00e9&nbsp;&nbsp;les strat\u00e9gies de mise en \u0153uvre de cet objectif qui est d\u2019\u00abatteindre un taux de vaccination de 70% de la population globale en Afrique \u00e0 la fin juin 2022, et parvenir \u00e0 l&rsquo;immunit\u00e9 collective \u00bb. \u00ab Des discussions ont \u00e9galement concern\u00e9 les voies et moyens d&rsquo;aider les pays membres dans la mise en oeuvre de leurs strat\u00e9gies d&rsquo;acc\u00e9l\u00e9ration de la vaccination anti-covid pour prot\u00e9ger les vies humaines et relancer l&rsquo;\u00e9conomie \u00bb, ajoute le minist\u00e8re de la Sant\u00e9, de la Population et de la R\u00e9forme hospitali\u00e8re. Il est not\u00e9, rapporte le m\u00eame communiqu\u00e9, qu\u2019\u00ab\u00e0 l\u2019issue du sommet, les Chefs d&rsquo;Etat et de Gouvernement ont convenu de poursuivre l&rsquo;action commune de mani\u00e8re efficiente et efficace et de renforcer la coordination entre les pays membres\u00a0\u00bb via notamment l&rsquo;UA et les centres africains de lutte et de pr\u00e9vention contre les maladies ainsi que l&rsquo;Organisation mondiale de la sant\u00e9 (OMS) \u00bb.<\/p>\n\n\n\n<p>&nbsp;Par ailleurs, au sujet de la vaccination justement, il convient de rappeler que l\u2019Alg\u00e9rie a, depuis l\u2019apparition de la pand\u00e9mie, plaid\u00e9 pour garantir l\u2019acc\u00e8s aux vaccins \u00e0 tous les peuples d\u2019Afrique. Dans toutes les tribunes qui s\u2019offraient, la diplomatie alg\u00e9rienne a appel\u00e9 \u00e0 \u00e9largir l\u2019acc\u00e8s aux vaccins afin de permettre aux pays africains d\u2019en b\u00e9n\u00e9ficier. L\u2019acc\u00e8s des peuples africains \u00e0 cet antidote a \u00e9t\u00e9 l&rsquo;un des principaux soucis de l\u2019Alg\u00e9rie qui a d\u2019ailleurs fait b\u00e9n\u00e9ficier ces derniers de son propre vaccin fabriqu\u00e9 localement. L&rsquo;Alg\u00e9rie est, pour rappel, le seul pays africain \u00e0 produire son propre vaccin en partenariat avec le laboratoire chinois Sinovac.<\/p>\n\n\n\n<p>Le 14 octobre de l\u2019ann\u00e9e 2021, le ministre des Affaires \u00e9trang\u00e8res et de la Communaut\u00e9 nationale \u00e0 l\u2019\u00e9tranger, Ramtane Lamamra, avait fait savoir, sur son compte Twitter, que&nbsp;&nbsp;\u00ab le vaccin anti-covid produit en Alg\u00e9rie n&rsquo;est pas destin\u00e9 seulement \u00e0 couvrir les besoins locaux mais contribuera \u00e0 r\u00e9pondre aux besoins des autres pays africains \u00bb. Une volont\u00e9 alg\u00e9rienne exprim\u00e9e, expliquait Lamamra \u00ab lors de la discussion du rapport du Centre africain de contr\u00f4le et de pr\u00e9vention des maladies (CDC Afrique) \u00bb.&nbsp;<\/p>\n\n\n\n<p><strong>Akli Amor<\/strong><\/p>\n","protected":false},"excerpt":{"rendered":"<p>Dans un communiqu\u00e9 rendu publique avant-hier, le minist\u00e8re de la Sant\u00e9, de la Population et de la R\u00e9forme hospitali\u00e8re a<\/p>\n","protected":false},"author":3,"featured_media":1847,"comment_status":"open","ping_status":"closed","sticky":false,"template":"","format":"standard","meta":{"colormag_page_container_layout":"default_layout","colormag_page_sidebar_layout":"default_layout","om_disable_all_campaigns":false,"_monsterinsights_skip_tracking":false,"_monsterinsights_sitenote_active":false,"_monsterinsights_sitenote_note":"","_monsterinsights_sitenote_category":0,"footnotes":"","_wpscppro_dont_share_socialmedia":false,"_wpscppro_custom_social_share_image":0,"_facebook_share_type":"","_twitter_share_type":"","_linkedin_share_type":"","_pinterest_share_type":"","_linkedin_share_type_page":"","_instagram_share_type":"","_medium_share_type":"","_threads_share_type":"","_google_business_share_type":"","_selected_social_profile":[],"_wpsp_enable_custom_social_template":false,"_wpsp_social_scheduling":{"enabled":false,"datetime":null,"platforms":[],"status":"template_only","dateOption":"today","timeOption":"now","customDays":"","customHours":"","customDate":"","customTime":"","schedulingType":"absolute"},"_wpsp_active_default_template":true},"categories":[27],"tags":[],"class_list":["post-18207","post","type-post","status-publish","format-standard","has-post-thumbnail","hentry","category-actualite"],"aioseo_notices":[],"yoast_head":"<!-- This site is optimized with the Yoast SEO plugin v27.5 - https:\/\/yoast.com\/product\/yoast-seo-wordpress\/ -->\n<title>Covid 19\u00a0:\u00a0Le ministre de la Sant\u00e9 participe \u00e0 la r\u00e9union des ministres africains de la\u00a0Sant\u00e9\u00a0 - La Sentinelle<\/title>\n<meta name=\"robots\" content=\"index, follow, max-snippet:-1, max-image-preview:large, max-video-preview:-1\" \/>\n<link rel=\"canonical\" href=\"https:\/\/lasentinelle.dz\/index.php\/2022\/03\/13\/covid-19-le-ministre-de-la-sante-participe-a-la-reunion-des-ministres-africains-de-la-sante\/\" \/>\n<meta property=\"og:locale\" content=\"fr_FR\" \/>\n<meta property=\"og:type\" content=\"article\" \/>\n<meta property=\"og:title\" content=\"Covid 19\u00a0:\u00a0Le ministre de la Sant\u00e9 participe \u00e0 la r\u00e9union des ministres africains de la\u00a0Sant\u00e9\u00a0 - La Sentinelle\" \/>\n<meta property=\"og:description\" content=\"Dans un communiqu\u00e9 rendu publique avant-hier, le minist\u00e8re de la Sant\u00e9, de la Population et de la R\u00e9forme hospitali\u00e8re a\" \/>\n<meta property=\"og:url\" content=\"https:\/\/lasentinelle.dz\/index.php\/2022\/03\/13\/covid-19-le-ministre-de-la-sante-participe-a-la-reunion-des-ministres-africains-de-la-sante\/\" \/>\n<meta property=\"og:site_name\" content=\"La Sentinelle\" \/>\n<meta property=\"article:publisher\" content=\"https:\/\/www.facebook.com\/La-Sentinelle-104059864394773\" \/>\n<meta property=\"article:published_time\" content=\"2022-03-12T23:01:00+00:00\" \/>\n<meta property=\"og:image\" content=\"https:\/\/lasentinelle.dz\/wp-content\/uploads\/2021\/07\/benbouzid.png\" \/>\n\t<meta property=\"og:image:width\" content=\"1800\" \/>\n\t<meta property=\"og:image:height\" content=\"900\" \/>\n\t<meta property=\"og:image:type\" content=\"image\/png\" \/>\n<meta name=\"author\" content=\"La Sentinelle\" \/>\n<meta name=\"twitter:card\" content=\"summary_large_image\" \/>\n<meta name=\"twitter:label1\" content=\"\u00c9crit par\" \/>\n\t<meta name=\"twitter:data1\" content=\"La Sentinelle\" \/>\n\t<meta name=\"twitter:label2\" content=\"Dur\u00e9e de lecture estim\u00e9e\" \/>\n\t<meta name=\"twitter:data2\" content=\"3 minutes\" \/>\n<script type=\"application\/ld+json\" class=\"yoast-schema-graph\">{\"@context\":\"https:\\\/\\\/schema.org\",\"@graph\":[{\"@type\":\"Article\",\"@id\":\"https:\\\/\\\/lasentinelle.dz\\\/index.php\\\/2022\\\/03\\\/13\\\/covid-19-le-ministre-de-la-sante-participe-a-la-reunion-des-ministres-africains-de-la-sante\\\/#article\",\"isPartOf\":{\"@id\":\"https:\\\/\\\/lasentinelle.dz\\\/index.php\\\/2022\\\/03\\\/13\\\/covid-19-le-ministre-de-la-sante-participe-a-la-reunion-des-ministres-africains-de-la-sante\\\/\"},\"author\":{\"name\":\"La Sentinelle\",\"@id\":\"https:\\\/\\\/lasentinelle.dz\\\/#\\\/schema\\\/person\\\/d865044e22e70a75174ce8bcad3acfb3\"},\"headline\":\"Covid 19\u00a0:\u00a0Le ministre de la Sant\u00e9 participe \u00e0 la r\u00e9union des ministres africains de la\u00a0Sant\u00e9\u00a0\",\"datePublished\":\"2022-03-12T23:01:00+00:00\",\"mainEntityOfPage\":{\"@id\":\"https:\\\/\\\/lasentinelle.dz\\\/index.php\\\/2022\\\/03\\\/13\\\/covid-19-le-ministre-de-la-sante-participe-a-la-reunion-des-ministres-africains-de-la-sante\\\/\"},\"wordCount\":519,\"commentCount\":0,\"publisher\":{\"@id\":\"https:\\\/\\\/lasentinelle.dz\\\/#organization\"},\"image\":{\"@id\":\"https:\\\/\\\/lasentinelle.dz\\\/index.php\\\/2022\\\/03\\\/13\\\/covid-19-le-ministre-de-la-sante-participe-a-la-reunion-des-ministres-africains-de-la-sante\\\/#primaryimage\"},\"thumbnailUrl\":\"https:\\\/\\\/lasentinelle.dz\\\/wp-content\\\/uploads\\\/2021\\\/07\\\/benbouzid.png\",\"articleSection\":[\"Actualit\u00e9\"],\"inLanguage\":\"fr-FR\",\"potentialAction\":[{\"@type\":\"CommentAction\",\"name\":\"Comment\",\"target\":[\"https:\\\/\\\/lasentinelle.dz\\\/index.php\\\/2022\\\/03\\\/13\\\/covid-19-le-ministre-de-la-sante-participe-a-la-reunion-des-ministres-africains-de-la-sante\\\/#respond\"]}]},{\"@type\":\"WebPage\",\"@id\":\"https:\\\/\\\/lasentinelle.dz\\\/index.php\\\/2022\\\/03\\\/13\\\/covid-19-le-ministre-de-la-sante-participe-a-la-reunion-des-ministres-africains-de-la-sante\\\/\",\"url\":\"https:\\\/\\\/lasentinelle.dz\\\/index.php\\\/2022\\\/03\\\/13\\\/covid-19-le-ministre-de-la-sante-participe-a-la-reunion-des-ministres-africains-de-la-sante\\\/\",\"name\":\"Covid 19\u00a0:\u00a0Le ministre de la Sant\u00e9 participe \u00e0 la r\u00e9union des ministres africains de la\u00a0Sant\u00e9\u00a0 - La Sentinelle\",\"isPartOf\":{\"@id\":\"https:\\\/\\\/lasentinelle.dz\\\/#website\"},\"primaryImageOfPage\":{\"@id\":\"https:\\\/\\\/lasentinelle.dz\\\/index.php\\\/2022\\\/03\\\/13\\\/covid-19-le-ministre-de-la-sante-participe-a-la-reunion-des-ministres-africains-de-la-sante\\\/#primaryimage\"},\"image\":{\"@id\":\"https:\\\/\\\/lasentinelle.dz\\\/index.php\\\/2022\\\/03\\\/13\\\/covid-19-le-ministre-de-la-sante-participe-a-la-reunion-des-ministres-africains-de-la-sante\\\/#primaryimage\"},\"thumbnailUrl\":\"https:\\\/\\\/lasentinelle.dz\\\/wp-content\\\/uploads\\\/2021\\\/07\\\/benbouzid.png\",\"datePublished\":\"2022-03-12T23:01:00+00:00\",\"breadcrumb\":{\"@id\":\"https:\\\/\\\/lasentinelle.dz\\\/index.php\\\/2022\\\/03\\\/13\\\/covid-19-le-ministre-de-la-sante-participe-a-la-reunion-des-ministres-africains-de-la-sante\\\/#breadcrumb\"},\"inLanguage\":\"fr-FR\",\"potentialAction\":[{\"@type\":\"ReadAction\",\"target\":[\"https:\\\/\\\/lasentinelle.dz\\\/index.php\\\/2022\\\/03\\\/13\\\/covid-19-le-ministre-de-la-sante-participe-a-la-reunion-des-ministres-africains-de-la-sante\\\/\"]}]},{\"@type\":\"ImageObject\",\"inLanguage\":\"fr-FR\",\"@id\":\"https:\\\/\\\/lasentinelle.dz\\\/index.php\\\/2022\\\/03\\\/13\\\/covid-19-le-ministre-de-la-sante-participe-a-la-reunion-des-ministres-africains-de-la-sante\\\/#primaryimage\",\"url\":\"https:\\\/\\\/lasentinelle.dz\\\/wp-content\\\/uploads\\\/2021\\\/07\\\/benbouzid.png\",\"contentUrl\":\"https:\\\/\\\/lasentinelle.dz\\\/wp-content\\\/uploads\\\/2021\\\/07\\\/benbouzid.png\",\"width\":1800,\"height\":900},{\"@type\":\"BreadcrumbList\",\"@id\":\"https:\\\/\\\/lasentinelle.dz\\\/index.php\\\/2022\\\/03\\\/13\\\/covid-19-le-ministre-de-la-sante-participe-a-la-reunion-des-ministres-africains-de-la-sante\\\/#breadcrumb\",\"itemListElement\":[{\"@type\":\"ListItem\",\"position\":1,\"name\":\"Accueil\",\"item\":\"https:\\\/\\\/lasentinelle.dz\\\/\"},{\"@type\":\"ListItem\",\"position\":2,\"name\":\"Covid 19\u00a0:\u00a0Le ministre de la Sant\u00e9 participe \u00e0 la r\u00e9union des ministres africains de la\u00a0Sant\u00e9\u00a0\"}]},{\"@type\":\"WebSite\",\"@id\":\"https:\\\/\\\/lasentinelle.dz\\\/#website\",\"url\":\"https:\\\/\\\/lasentinelle.dz\\\/\",\"name\":\"La Sentinelle\",\"description\":\"Quotidien national d&#039;information\",\"publisher\":{\"@id\":\"https:\\\/\\\/lasentinelle.dz\\\/#organization\"},\"potentialAction\":[{\"@type\":\"SearchAction\",\"target\":{\"@type\":\"EntryPoint\",\"urlTemplate\":\"https:\\\/\\\/lasentinelle.dz\\\/?s={search_term_string}\"},\"query-input\":{\"@type\":\"PropertyValueSpecification\",\"valueRequired\":true,\"valueName\":\"search_term_string\"}}],\"inLanguage\":\"fr-FR\"},{\"@type\":\"Organization\",\"@id\":\"https:\\\/\\\/lasentinelle.dz\\\/#organization\",\"name\":\"Quotidien La Sentinelle\",\"url\":\"https:\\\/\\\/lasentinelle.dz\\\/\",\"logo\":{\"@type\":\"ImageObject\",\"inLanguage\":\"fr-FR\",\"@id\":\"https:\\\/\\\/lasentinelle.dz\\\/#\\\/schema\\\/logo\\\/image\\\/\",\"url\":\"https:\\\/\\\/lasentinelle.dz\\\/wp-content\\\/uploads\\\/2021\\\/09\\\/logo-sentinelleSLOGAN-1.png\",\"contentUrl\":\"https:\\\/\\\/lasentinelle.dz\\\/wp-content\\\/uploads\\\/2021\\\/09\\\/logo-sentinelleSLOGAN-1.png\",\"width\":615,\"height\":142,\"caption\":\"Quotidien La Sentinelle\"},\"image\":{\"@id\":\"https:\\\/\\\/lasentinelle.dz\\\/#\\\/schema\\\/logo\\\/image\\\/\"},\"sameAs\":[\"https:\\\/\\\/www.facebook.com\\\/La-Sentinelle-104059864394773\"]},{\"@type\":\"Person\",\"@id\":\"https:\\\/\\\/lasentinelle.dz\\\/#\\\/schema\\\/person\\\/d865044e22e70a75174ce8bcad3acfb3\",\"name\":\"La Sentinelle\",\"image\":{\"@type\":\"ImageObject\",\"inLanguage\":\"fr-FR\",\"@id\":\"https:\\\/\\\/secure.gravatar.com\\\/avatar\\\/57de8e5d4b15d43fb361a71fbb36338450fe67865b528a43dd10ef7c51a20392?s=96&d=mm&r=g\",\"url\":\"https:\\\/\\\/secure.gravatar.com\\\/avatar\\\/57de8e5d4b15d43fb361a71fbb36338450fe67865b528a43dd10ef7c51a20392?s=96&d=mm&r=g\",\"contentUrl\":\"https:\\\/\\\/secure.gravatar.com\\\/avatar\\\/57de8e5d4b15d43fb361a71fbb36338450fe67865b528a43dd10ef7c51a20392?s=96&d=mm&r=g\",\"caption\":\"La Sentinelle\"},\"sameAs\":[\"http:\\\/\\\/www.lasentinelle.dz\"],\"url\":\"https:\\\/\\\/lasentinelle.dz\\\/author\\\/redaction\\\/\"}]}<\/script>\n<!-- \/ Yoast SEO plugin. -->","yoast_head_json":{"title":"Covid 19\u00a0:\u00a0Le ministre de la Sant\u00e9 participe \u00e0 la r\u00e9union des ministres africains de la\u00a0Sant\u00e9\u00a0 - La Sentinelle","robots":{"index":"index","follow":"follow","max-snippet":"max-snippet:-1","max-image-preview":"max-image-preview:large","max-video-preview":"max-video-preview:-1"},"canonical":"https:\/\/lasentinelle.dz\/index.php\/2022\/03\/13\/covid-19-le-ministre-de-la-sante-participe-a-la-reunion-des-ministres-africains-de-la-sante\/","og_locale":"fr_FR","og_type":"article","og_title":"Covid 19\u00a0:\u00a0Le ministre de la Sant\u00e9 participe \u00e0 la r\u00e9union des ministres africains de la\u00a0Sant\u00e9\u00a0 - La Sentinelle","og_description":"Dans un communiqu\u00e9 rendu publique avant-hier, le minist\u00e8re de la Sant\u00e9, de la Population et de la R\u00e9forme hospitali\u00e8re a","og_url":"https:\/\/lasentinelle.dz\/index.php\/2022\/03\/13\/covid-19-le-ministre-de-la-sante-participe-a-la-reunion-des-ministres-africains-de-la-sante\/","og_site_name":"La Sentinelle","article_publisher":"https:\/\/www.facebook.com\/La-Sentinelle-104059864394773","article_published_time":"2022-03-12T23:01:00+00:00","og_image":[{"width":1800,"height":900,"url":"https:\/\/lasentinelle.dz\/wp-content\/uploads\/2021\/07\/benbouzid.png","type":"image\/png"}],"author":"La Sentinelle","twitter_card":"summary_large_image","twitter_misc":{"\u00c9crit par":"La Sentinelle","Dur\u00e9e de lecture estim\u00e9e":"3 minutes"},"schema":{"@context":"https:\/\/schema.org","@graph":[{"@type":"Article","@id":"https:\/\/lasentinelle.dz\/index.php\/2022\/03\/13\/covid-19-le-ministre-de-la-sante-participe-a-la-reunion-des-ministres-africains-de-la-sante\/#article","isPartOf":{"@id":"https:\/\/lasentinelle.dz\/index.php\/2022\/03\/13\/covid-19-le-ministre-de-la-sante-participe-a-la-reunion-des-ministres-africains-de-la-sante\/"},"author":{"name":"La Sentinelle","@id":"https:\/\/lasentinelle.dz\/#\/schema\/person\/d865044e22e70a75174ce8bcad3acfb3"},"headline":"Covid 19\u00a0:\u00a0Le ministre de la Sant\u00e9 participe \u00e0 la r\u00e9union des ministres africains de la\u00a0Sant\u00e9\u00a0","datePublished":"2022-03-12T23:01:00+00:00","mainEntityOfPage":{"@id":"https:\/\/lasentinelle.dz\/index.php\/2022\/03\/13\/covid-19-le-ministre-de-la-sante-participe-a-la-reunion-des-ministres-africains-de-la-sante\/"},"wordCount":519,"commentCount":0,"publisher":{"@id":"https:\/\/lasentinelle.dz\/#organization"},"image":{"@id":"https:\/\/lasentinelle.dz\/index.php\/2022\/03\/13\/covid-19-le-ministre-de-la-sante-participe-a-la-reunion-des-ministres-africains-de-la-sante\/#primaryimage"},"thumbnailUrl":"https:\/\/lasentinelle.dz\/wp-content\/uploads\/2021\/07\/benbouzid.png","articleSection":["Actualit\u00e9"],"inLanguage":"fr-FR","potentialAction":[{"@type":"CommentAction","name":"Comment","target":["https:\/\/lasentinelle.dz\/index.php\/2022\/03\/13\/covid-19-le-ministre-de-la-sante-participe-a-la-reunion-des-ministres-africains-de-la-sante\/#respond"]}]},{"@type":"WebPage","@id":"https:\/\/lasentinelle.dz\/index.php\/2022\/03\/13\/covid-19-le-ministre-de-la-sante-participe-a-la-reunion-des-ministres-africains-de-la-sante\/","url":"https:\/\/lasentinelle.dz\/index.php\/2022\/03\/13\/covid-19-le-ministre-de-la-sante-participe-a-la-reunion-des-ministres-africains-de-la-sante\/","name":"Covid 19\u00a0:\u00a0Le ministre de la Sant\u00e9 participe \u00e0 la r\u00e9union des ministres africains de la\u00a0Sant\u00e9\u00a0 - La Sentinelle","isPartOf":{"@id":"https:\/\/lasentinelle.dz\/#website"},"primaryImageOfPage":{"@id":"https:\/\/lasentinelle.dz\/index.php\/2022\/03\/13\/covid-19-le-ministre-de-la-sante-participe-a-la-reunion-des-ministres-africains-de-la-sante\/#primaryimage"},"image":{"@id":"https:\/\/lasentinelle.dz\/index.php\/2022\/03\/13\/covid-19-le-ministre-de-la-sante-participe-a-la-reunion-des-ministres-africains-de-la-sante\/#primaryimage"},"thumbnailUrl":"https:\/\/lasentinelle.dz\/wp-content\/uploads\/2021\/07\/benbouzid.png","datePublished":"2022-03-12T23:01:00+00:00","breadcrumb":{"@id":"https:\/\/lasentinelle.dz\/index.php\/2022\/03\/13\/covid-19-le-ministre-de-la-sante-participe-a-la-reunion-des-ministres-africains-de-la-sante\/#breadcrumb"},"inLanguage":"fr-FR","potentialAction":[{"@type":"ReadAction","target":["https:\/\/lasentinelle.dz\/index.php\/2022\/03\/13\/covid-19-le-ministre-de-la-sante-participe-a-la-reunion-des-ministres-africains-de-la-sante\/"]}]},{"@type":"ImageObject","inLanguage":"fr-FR","@id":"https:\/\/lasentinelle.dz\/index.php\/2022\/03\/13\/covid-19-le-ministre-de-la-sante-participe-a-la-reunion-des-ministres-africains-de-la-sante\/#primaryimage","url":"https:\/\/lasentinelle.dz\/wp-content\/uploads\/2021\/07\/benbouzid.png","contentUrl":"https:\/\/lasentinelle.dz\/wp-content\/uploads\/2021\/07\/benbouzid.png","width":1800,"height":900},{"@type":"BreadcrumbList","@id":"https:\/\/lasentinelle.dz\/index.php\/2022\/03\/13\/covid-19-le-ministre-de-la-sante-participe-a-la-reunion-des-ministres-africains-de-la-sante\/#breadcrumb","itemListElement":[{"@type":"ListItem","position":1,"name":"Accueil","item":"https:\/\/lasentinelle.dz\/"},{"@type":"ListItem","position":2,"name":"Covid 19\u00a0:\u00a0Le ministre de la Sant\u00e9 participe \u00e0 la r\u00e9union des ministres africains de la\u00a0Sant\u00e9\u00a0"}]},{"@type":"WebSite","@id":"https:\/\/lasentinelle.dz\/#website","url":"https:\/\/lasentinelle.dz\/","name":"La Sentinelle","description":"Quotidien national d&#039;information","publisher":{"@id":"https:\/\/lasentinelle.dz\/#organization"},"potentialAction":[{"@type":"SearchAction","target":{"@type":"EntryPoint","urlTemplate":"https:\/\/lasentinelle.dz\/?s={search_term_string}"},"query-input":{"@type":"PropertyValueSpecification","valueRequired":true,"valueName":"search_term_string"}}],"inLanguage":"fr-FR"},{"@type":"Organization","@id":"https:\/\/lasentinelle.dz\/#organization","name":"Quotidien La Sentinelle","url":"https:\/\/lasentinelle.dz\/","logo":{"@type":"ImageObject","inLanguage":"fr-FR","@id":"https:\/\/lasentinelle.dz\/#\/schema\/logo\/image\/","url":"https:\/\/lasentinelle.dz\/wp-content\/uploads\/2021\/09\/logo-sentinelleSLOGAN-1.png","contentUrl":"https:\/\/lasentinelle.dz\/wp-content\/uploads\/2021\/09\/logo-sentinelleSLOGAN-1.png","width":615,"height":142,"caption":"Quotidien La Sentinelle"},"image":{"@id":"https:\/\/lasentinelle.dz\/#\/schema\/logo\/image\/"},"sameAs":["https:\/\/www.facebook.com\/La-Sentinelle-104059864394773"]},{"@type":"Person","@id":"https:\/\/lasentinelle.dz\/#\/schema\/person\/d865044e22e70a75174ce8bcad3acfb3","name":"La Sentinelle","image":{"@type":"ImageObject","inLanguage":"fr-FR","@id":"https:\/\/secure.gravatar.com\/avatar\/57de8e5d4b15d43fb361a71fbb36338450fe67865b528a43dd10ef7c51a20392?s=96&d=mm&r=g","url":"https:\/\/secure.gravatar.com\/avatar\/57de8e5d4b15d43fb361a71fbb36338450fe67865b528a43dd10ef7c51a20392?s=96&d=mm&r=g","contentUrl":"https:\/\/secure.gravatar.com\/avatar\/57de8e5d4b15d43fb361a71fbb36338450fe67865b528a43dd10ef7c51a20392?s=96&d=mm&r=g","caption":"La Sentinelle"},"sameAs":["http:\/\/www.lasentinelle.dz"],"url":"https:\/\/lasentinelle.dz\/author\/redaction\/"}]}},"_links":{"self":[{"href":"https:\/\/lasentinelle.dz\/index.php\/wp-json\/wp\/v2\/posts\/18207","targetHints":{"allow":["GET"]}}],"collection":[{"href":"https:\/\/lasentinelle.dz\/index.php\/wp-json\/wp\/v2\/posts"}],"about":[{"href":"https:\/\/lasentinelle.dz\/index.php\/wp-json\/wp\/v2\/types\/post"}],"author":[{"embeddable":true,"href":"https:\/\/lasentinelle.dz\/index.php\/wp-json\/wp\/v2\/users\/3"}],"replies":[{"embeddable":true,"href":"https:\/\/lasentinelle.dz\/index.php\/wp-json\/wp\/v2\/comments?post=18207"}],"version-history":[{"count":1,"href":"https:\/\/lasentinelle.dz\/index.php\/wp-json\/wp\/v2\/posts\/18207\/revisions"}],"predecessor-version":[{"id":18215,"href":"https:\/\/lasentinelle.dz\/index.php\/wp-json\/wp\/v2\/posts\/18207\/revisions\/18215"}],"wp:featuredmedia":[{"embeddable":true,"href":"https:\/\/lasentinelle.dz\/index.php\/wp-json\/wp\/v2\/media\/1847"}],"wp:attachment":[{"href":"https:\/\/lasentinelle.dz\/index.php\/wp-json\/wp\/v2\/media?parent=18207"}],"wp:term":[{"taxonomy":"category","embeddable":true,"href":"https:\/\/lasentinelle.dz\/index.php\/wp-json\/wp\/v2\/categories?post=18207"},{"taxonomy":"post_tag","embeddable":true,"href":"https:\/\/lasentinelle.dz\/index.php\/wp-json\/wp\/v2\/tags?post=18207"}],"curies":[{"name":"wp","href":"https:\/\/api.w.org\/{rel}","templated":true}]}}