{"id":1821,"date":"2021-07-22T00:01:00","date_gmt":"2021-07-21T23:01:00","guid":{"rendered":"https:\/\/lasentinelle.dz\/?p=1821"},"modified":"2021-07-21T17:10:23","modified_gmt":"2021-07-21T16:10:23","slug":"boumerdes-la-saison-estivale-bat-son-plein","status":"publish","type":"post","link":"https:\/\/lasentinelle.dz\/index.php\/2021\/07\/22\/boumerdes-la-saison-estivale-bat-son-plein\/","title":{"rendered":"Boumerdes : La saison estivale bat son plein"},"content":{"rendered":"\n<p>Plus de 2,1 millions d\u2019estivants de diff\u00e9rentes wilayas du pays ont, depuis juin dernier, afflu\u00e9 vers les plages de la wilaya de Boumerdes, en d\u00e9pit des conditions sanitaires difficiles li\u00e9es \u00e0 la propagation de la Covid-19, a-t-on appris, dimanche, aupr\u00e8s des services de la protection civile. \u00ab\u00a0Ce nombre d\u2019estivants, qui d\u00e9passe toutes les pr\u00e9visions, a doubl\u00e9 comparativement au nombre de vacanciers enregistr\u00e9s, l\u2019ann\u00e9e pass\u00e9e, marqu\u00e9e par des conditions sanitaires particuli\u00e8res, dues \u00e0 la propagation du nouveau coronavirus, dont le confinement sanitaire et le report de l\u2019ouverture de la saison estivale \u00e0 la mi-ao\u00fbt\u00a0\u00bb, a indiqu\u00e9, \u00e0 l\u2019APS, le charg\u00e9 de communication aupr\u00e8s de ce corps constitu\u00e9, le sous-lieutenant Ait Kaci Ahmed. Les grandes plages r\u00e9put\u00e9es de la wilaya, \u00e0 l\u2019instar de celles de Boumerdes, Corso, Cap Djanet, Zemmouri El Bahri, Dellys et Boudouaou El Bahri, ont accueilli le plus grand nombre de ces estivants, notamment durant le week-end dernier, qui a enregistr\u00e9 un pic d\u2019affluence estim\u00e9 \u00e0 pr\u00e8s de 90.000 visiteurs, a-t-il ajout\u00e9. Le sous-lieutenant Ait Kaci a expliqu\u00e9 la grande affluence des vacanciers sur les 44 plages autoris\u00e9es \u00e0 la baignade de la wilaya par les fortes temp\u00e9ratures et l&rsquo;humidit\u00e9, \u00e0 la p\u00e9riode consid\u00e9r\u00e9e et l\u2019am\u00e9lioration des conditions d&rsquo;accueil et de s\u00e9curit\u00e9 et des commodit\u00e9s assur\u00e9es gr\u00e2ce aux travaux d&rsquo;am\u00e9nagement et de nettoyage r\u00e9alis\u00e9s au niveau de la majorit\u00e9 des plages. A cela, s&rsquo;ajoute la mise en exploitation de plus de 150 nouvelles lignes de transport de voyageurs sur lesquelles activent environ 400 v\u00e9hicules pour assurer le transport des estivants des communes recul\u00e9es de Boumerdes, vers les plages .<\/p>\n\n\n\n<p>Le plan de transport a \u00e9t\u00e9 \u00e9galement renforc\u00e9 par la mobilisation de v\u00e9hicules au profit des vacanciers d&rsquo;autres wilayas, dont Tizi-Ouzou, Bouira et Blida, qui souhaitent passer des vacances sur le littoral de Boumerdes. Par ailleurs, le m\u00eame responsable a fait part de la mobilisation durant ces trois mois de pr\u00e8s de 3.200 surveillants de plages saisonniers, durant cette saison, pour la couverture de la totalit\u00e9 des plages de la wilaya. Il a, en outre, signal\u00e9 que les services de la protection civile ont effectu\u00e9 depuis le d\u00e9but de l&rsquo;actuelle saison estivale, un total de 2.194 interventions, ayant permis le sauvetage de 1.822 baigneurs de la noyade. En outre, quelque 314 personnes ont \u00e9t\u00e9 soign\u00e9es sur place, au moment o\u00f9 54 ont \u00e9t\u00e9 transf\u00e9r\u00e9es vers des structures de sant\u00e9. Par ailleurs, les m\u00eames services de la protection civile ont enregistr\u00e9 cinq morts par noyade, tant au niveau de plages surveill\u00e9es que non surveill\u00e9es.<\/p>\n\n\n\n<p>APS<\/p>\n","protected":false},"excerpt":{"rendered":"<p>Plus de 2,1 millions d\u2019estivants de diff\u00e9rentes wilayas du pays ont, depuis juin dernier, afflu\u00e9 vers les plages de la<\/p>\n","protected":false},"author":2,"featured_media":1833,"comment_status":"open","ping_status":"closed","sticky":false,"template":"","format":"standard","meta":{"colormag_page_container_layout":"default_layout","colormag_page_sidebar_layout":"default_layout","om_disable_all_campaigns":false,"_monsterinsights_skip_tracking":false,"_monsterinsights_sitenote_active":false,"_monsterinsights_sitenote_note":"","_monsterinsights_sitenote_category":0,"footnotes":"","_wpscppro_dont_share_socialmedia":false,"_wpscppro_custom_social_share_image":0,"_facebook_share_type":"","_twitter_share_type":"","_linkedin_share_type":"","_pinterest_share_type":"","_linkedin_share_type_page":"","_instagram_share_type":"","_medium_share_type":"","_threads_share_type":"","_google_business_share_type":"","_selected_social_profile":[],"_wpsp_enable_custom_social_template":false,"_wpsp_social_scheduling":{"enabled":false,"datetime":null,"platforms":[],"status":"template_only","dateOption":"today","timeOption":"now","customDays":"","customHours":"","customDate":"","customTime":"","schedulingType":"absolute"},"_wpsp_active_default_template":true},"categories":[31],"tags":[],"class_list":["post-1821","post","type-post","status-publish","format-standard","has-post-thumbnail","hentry","category-regions"],"aioseo_notices":[],"yoast_head":"<!-- This site is optimized with the Yoast SEO plugin v27.5 - https:\/\/yoast.com\/product\/yoast-seo-wordpress\/ -->\n<title>Boumerdes : La saison estivale bat son plein - La Sentinelle<\/title>\n<meta name=\"robots\" content=\"index, follow, max-snippet:-1, max-image-preview:large, max-video-preview:-1\" \/>\n<link rel=\"canonical\" href=\"https:\/\/lasentinelle.dz\/index.php\/2021\/07\/22\/boumerdes-la-saison-estivale-bat-son-plein\/\" \/>\n<meta property=\"og:locale\" content=\"fr_FR\" \/>\n<meta property=\"og:type\" content=\"article\" \/>\n<meta property=\"og:title\" content=\"Boumerdes : La saison estivale bat son plein - La Sentinelle\" \/>\n<meta property=\"og:description\" content=\"Plus de 2,1 millions d\u2019estivants de diff\u00e9rentes wilayas du pays ont, depuis juin dernier, afflu\u00e9 vers les plages de la\" \/>\n<meta property=\"og:url\" content=\"https:\/\/lasentinelle.dz\/index.php\/2021\/07\/22\/boumerdes-la-saison-estivale-bat-son-plein\/\" \/>\n<meta property=\"og:site_name\" content=\"La Sentinelle\" \/>\n<meta property=\"article:publisher\" content=\"https:\/\/www.facebook.com\/La-Sentinelle-104059864394773\" \/>\n<meta property=\"article:published_time\" content=\"2021-07-21T23:01:00+00:00\" \/>\n<meta property=\"og:image\" content=\"https:\/\/lasentinelle.dz\/wp-content\/uploads\/2021\/07\/396c9eba3f9787a76dfa1cc10d3b2a2a.png\" \/>\n\t<meta property=\"og:image:width\" content=\"1325\" \/>\n\t<meta property=\"og:image:height\" content=\"648\" \/>\n\t<meta property=\"og:image:type\" content=\"image\/png\" \/>\n<meta name=\"author\" content=\"Azzedine Belferag\" \/>\n<meta name=\"twitter:card\" content=\"summary_large_image\" \/>\n<meta name=\"twitter:label1\" content=\"\u00c9crit par\" \/>\n\t<meta name=\"twitter:data1\" content=\"Azzedine Belferag\" \/>\n\t<meta name=\"twitter:label2\" content=\"Dur\u00e9e de lecture estim\u00e9e\" \/>\n\t<meta name=\"twitter:data2\" content=\"2 minutes\" \/>\n<script type=\"application\/ld+json\" class=\"yoast-schema-graph\">{\"@context\":\"https:\\\/\\\/schema.org\",\"@graph\":[{\"@type\":\"Article\",\"@id\":\"https:\\\/\\\/lasentinelle.dz\\\/index.php\\\/2021\\\/07\\\/22\\\/boumerdes-la-saison-estivale-bat-son-plein\\\/#article\",\"isPartOf\":{\"@id\":\"https:\\\/\\\/lasentinelle.dz\\\/index.php\\\/2021\\\/07\\\/22\\\/boumerdes-la-saison-estivale-bat-son-plein\\\/\"},\"author\":{\"name\":\"Azzedine Belferag\",\"@id\":\"https:\\\/\\\/lasentinelle.dz\\\/#\\\/schema\\\/person\\\/e22c868643946ece5f328ac9d185b29f\"},\"headline\":\"Boumerdes : La saison estivale bat son plein\",\"datePublished\":\"2021-07-21T23:01:00+00:00\",\"mainEntityOfPage\":{\"@id\":\"https:\\\/\\\/lasentinelle.dz\\\/index.php\\\/2021\\\/07\\\/22\\\/boumerdes-la-saison-estivale-bat-son-plein\\\/\"},\"wordCount\":457,\"commentCount\":0,\"publisher\":{\"@id\":\"https:\\\/\\\/lasentinelle.dz\\\/#organization\"},\"image\":{\"@id\":\"https:\\\/\\\/lasentinelle.dz\\\/index.php\\\/2021\\\/07\\\/22\\\/boumerdes-la-saison-estivale-bat-son-plein\\\/#primaryimage\"},\"thumbnailUrl\":\"https:\\\/\\\/lasentinelle.dz\\\/wp-content\\\/uploads\\\/2021\\\/07\\\/396c9eba3f9787a76dfa1cc10d3b2a2a.png\",\"articleSection\":[\"R\u00e9gions\"],\"inLanguage\":\"fr-FR\",\"potentialAction\":[{\"@type\":\"CommentAction\",\"name\":\"Comment\",\"target\":[\"https:\\\/\\\/lasentinelle.dz\\\/index.php\\\/2021\\\/07\\\/22\\\/boumerdes-la-saison-estivale-bat-son-plein\\\/#respond\"]}]},{\"@type\":\"WebPage\",\"@id\":\"https:\\\/\\\/lasentinelle.dz\\\/index.php\\\/2021\\\/07\\\/22\\\/boumerdes-la-saison-estivale-bat-son-plein\\\/\",\"url\":\"https:\\\/\\\/lasentinelle.dz\\\/index.php\\\/2021\\\/07\\\/22\\\/boumerdes-la-saison-estivale-bat-son-plein\\\/\",\"name\":\"Boumerdes : La saison estivale bat son plein - La Sentinelle\",\"isPartOf\":{\"@id\":\"https:\\\/\\\/lasentinelle.dz\\\/#website\"},\"primaryImageOfPage\":{\"@id\":\"https:\\\/\\\/lasentinelle.dz\\\/index.php\\\/2021\\\/07\\\/22\\\/boumerdes-la-saison-estivale-bat-son-plein\\\/#primaryimage\"},\"image\":{\"@id\":\"https:\\\/\\\/lasentinelle.dz\\\/index.php\\\/2021\\\/07\\\/22\\\/boumerdes-la-saison-estivale-bat-son-plein\\\/#primaryimage\"},\"thumbnailUrl\":\"https:\\\/\\\/lasentinelle.dz\\\/wp-content\\\/uploads\\\/2021\\\/07\\\/396c9eba3f9787a76dfa1cc10d3b2a2a.png\",\"datePublished\":\"2021-07-21T23:01:00+00:00\",\"breadcrumb\":{\"@id\":\"https:\\\/\\\/lasentinelle.dz\\\/index.php\\\/2021\\\/07\\\/22\\\/boumerdes-la-saison-estivale-bat-son-plein\\\/#breadcrumb\"},\"inLanguage\":\"fr-FR\",\"potentialAction\":[{\"@type\":\"ReadAction\",\"target\":[\"https:\\\/\\\/lasentinelle.dz\\\/index.php\\\/2021\\\/07\\\/22\\\/boumerdes-la-saison-estivale-bat-son-plein\\\/\"]}]},{\"@type\":\"ImageObject\",\"inLanguage\":\"fr-FR\",\"@id\":\"https:\\\/\\\/lasentinelle.dz\\\/index.php\\\/2021\\\/07\\\/22\\\/boumerdes-la-saison-estivale-bat-son-plein\\\/#primaryimage\",\"url\":\"https:\\\/\\\/lasentinelle.dz\\\/wp-content\\\/uploads\\\/2021\\\/07\\\/396c9eba3f9787a76dfa1cc10d3b2a2a.png\",\"contentUrl\":\"https:\\\/\\\/lasentinelle.dz\\\/wp-content\\\/uploads\\\/2021\\\/07\\\/396c9eba3f9787a76dfa1cc10d3b2a2a.png\",\"width\":1325,\"height\":648},{\"@type\":\"BreadcrumbList\",\"@id\":\"https:\\\/\\\/lasentinelle.dz\\\/index.php\\\/2021\\\/07\\\/22\\\/boumerdes-la-saison-estivale-bat-son-plein\\\/#breadcrumb\",\"itemListElement\":[{\"@type\":\"ListItem\",\"position\":1,\"name\":\"Accueil\",\"item\":\"https:\\\/\\\/lasentinelle.dz\\\/\"},{\"@type\":\"ListItem\",\"position\":2,\"name\":\"Boumerdes : La saison estivale bat son plein\"}]},{\"@type\":\"WebSite\",\"@id\":\"https:\\\/\\\/lasentinelle.dz\\\/#website\",\"url\":\"https:\\\/\\\/lasentinelle.dz\\\/\",\"name\":\"La Sentinelle\",\"description\":\"Quotidien national d&#039;information\",\"publisher\":{\"@id\":\"https:\\\/\\\/lasentinelle.dz\\\/#organization\"},\"potentialAction\":[{\"@type\":\"SearchAction\",\"target\":{\"@type\":\"EntryPoint\",\"urlTemplate\":\"https:\\\/\\\/lasentinelle.dz\\\/?s={search_term_string}\"},\"query-input\":{\"@type\":\"PropertyValueSpecification\",\"valueRequired\":true,\"valueName\":\"search_term_string\"}}],\"inLanguage\":\"fr-FR\"},{\"@type\":\"Organization\",\"@id\":\"https:\\\/\\\/lasentinelle.dz\\\/#organization\",\"name\":\"Quotidien La Sentinelle\",\"url\":\"https:\\\/\\\/lasentinelle.dz\\\/\",\"logo\":{\"@type\":\"ImageObject\",\"inLanguage\":\"fr-FR\",\"@id\":\"https:\\\/\\\/lasentinelle.dz\\\/#\\\/schema\\\/logo\\\/image\\\/\",\"url\":\"https:\\\/\\\/lasentinelle.dz\\\/wp-content\\\/uploads\\\/2021\\\/09\\\/logo-sentinelleSLOGAN-1.png\",\"contentUrl\":\"https:\\\/\\\/lasentinelle.dz\\\/wp-content\\\/uploads\\\/2021\\\/09\\\/logo-sentinelleSLOGAN-1.png\",\"width\":615,\"height\":142,\"caption\":\"Quotidien La Sentinelle\"},\"image\":{\"@id\":\"https:\\\/\\\/lasentinelle.dz\\\/#\\\/schema\\\/logo\\\/image\\\/\"},\"sameAs\":[\"https:\\\/\\\/www.facebook.com\\\/La-Sentinelle-104059864394773\"]},{\"@type\":\"Person\",\"@id\":\"https:\\\/\\\/lasentinelle.dz\\\/#\\\/schema\\\/person\\\/e22c868643946ece5f328ac9d185b29f\",\"name\":\"Azzedine Belferag\",\"image\":{\"@type\":\"ImageObject\",\"inLanguage\":\"fr-FR\",\"@id\":\"https:\\\/\\\/secure.gravatar.com\\\/avatar\\\/767ecc3bfcf23cd6d0dae1705f124feb13a88fded1daa56498e4fb3aa3fc36a1?s=96&d=mm&r=g\",\"url\":\"https:\\\/\\\/secure.gravatar.com\\\/avatar\\\/767ecc3bfcf23cd6d0dae1705f124feb13a88fded1daa56498e4fb3aa3fc36a1?s=96&d=mm&r=g\",\"contentUrl\":\"https:\\\/\\\/secure.gravatar.com\\\/avatar\\\/767ecc3bfcf23cd6d0dae1705f124feb13a88fded1daa56498e4fb3aa3fc36a1?s=96&d=mm&r=g\",\"caption\":\"Azzedine Belferag\"},\"sameAs\":[\"http:\\\/\\\/www.lasentinelle.dz\"],\"url\":\"https:\\\/\\\/lasentinelle.dz\\\/author\\\/belferag\\\/\"}]}<\/script>\n<!-- \/ Yoast SEO plugin. -->","yoast_head_json":{"title":"Boumerdes : La saison estivale bat son plein - La Sentinelle","robots":{"index":"index","follow":"follow","max-snippet":"max-snippet:-1","max-image-preview":"max-image-preview:large","max-video-preview":"max-video-preview:-1"},"canonical":"https:\/\/lasentinelle.dz\/index.php\/2021\/07\/22\/boumerdes-la-saison-estivale-bat-son-plein\/","og_locale":"fr_FR","og_type":"article","og_title":"Boumerdes : La saison estivale bat son plein - La Sentinelle","og_description":"Plus de 2,1 millions d\u2019estivants de diff\u00e9rentes wilayas du pays ont, depuis juin dernier, afflu\u00e9 vers les plages de la","og_url":"https:\/\/lasentinelle.dz\/index.php\/2021\/07\/22\/boumerdes-la-saison-estivale-bat-son-plein\/","og_site_name":"La Sentinelle","article_publisher":"https:\/\/www.facebook.com\/La-Sentinelle-104059864394773","article_published_time":"2021-07-21T23:01:00+00:00","og_image":[{"width":1325,"height":648,"url":"https:\/\/lasentinelle.dz\/wp-content\/uploads\/2021\/07\/396c9eba3f9787a76dfa1cc10d3b2a2a.png","type":"image\/png"}],"author":"Azzedine Belferag","twitter_card":"summary_large_image","twitter_misc":{"\u00c9crit par":"Azzedine Belferag","Dur\u00e9e de lecture estim\u00e9e":"2 minutes"},"schema":{"@context":"https:\/\/schema.org","@graph":[{"@type":"Article","@id":"https:\/\/lasentinelle.dz\/index.php\/2021\/07\/22\/boumerdes-la-saison-estivale-bat-son-plein\/#article","isPartOf":{"@id":"https:\/\/lasentinelle.dz\/index.php\/2021\/07\/22\/boumerdes-la-saison-estivale-bat-son-plein\/"},"author":{"name":"Azzedine Belferag","@id":"https:\/\/lasentinelle.dz\/#\/schema\/person\/e22c868643946ece5f328ac9d185b29f"},"headline":"Boumerdes : La saison estivale bat son plein","datePublished":"2021-07-21T23:01:00+00:00","mainEntityOfPage":{"@id":"https:\/\/lasentinelle.dz\/index.php\/2021\/07\/22\/boumerdes-la-saison-estivale-bat-son-plein\/"},"wordCount":457,"commentCount":0,"publisher":{"@id":"https:\/\/lasentinelle.dz\/#organization"},"image":{"@id":"https:\/\/lasentinelle.dz\/index.php\/2021\/07\/22\/boumerdes-la-saison-estivale-bat-son-plein\/#primaryimage"},"thumbnailUrl":"https:\/\/lasentinelle.dz\/wp-content\/uploads\/2021\/07\/396c9eba3f9787a76dfa1cc10d3b2a2a.png","articleSection":["R\u00e9gions"],"inLanguage":"fr-FR","potentialAction":[{"@type":"CommentAction","name":"Comment","target":["https:\/\/lasentinelle.dz\/index.php\/2021\/07\/22\/boumerdes-la-saison-estivale-bat-son-plein\/#respond"]}]},{"@type":"WebPage","@id":"https:\/\/lasentinelle.dz\/index.php\/2021\/07\/22\/boumerdes-la-saison-estivale-bat-son-plein\/","url":"https:\/\/lasentinelle.dz\/index.php\/2021\/07\/22\/boumerdes-la-saison-estivale-bat-son-plein\/","name":"Boumerdes : La saison estivale bat son plein - La Sentinelle","isPartOf":{"@id":"https:\/\/lasentinelle.dz\/#website"},"primaryImageOfPage":{"@id":"https:\/\/lasentinelle.dz\/index.php\/2021\/07\/22\/boumerdes-la-saison-estivale-bat-son-plein\/#primaryimage"},"image":{"@id":"https:\/\/lasentinelle.dz\/index.php\/2021\/07\/22\/boumerdes-la-saison-estivale-bat-son-plein\/#primaryimage"},"thumbnailUrl":"https:\/\/lasentinelle.dz\/wp-content\/uploads\/2021\/07\/396c9eba3f9787a76dfa1cc10d3b2a2a.png","datePublished":"2021-07-21T23:01:00+00:00","breadcrumb":{"@id":"https:\/\/lasentinelle.dz\/index.php\/2021\/07\/22\/boumerdes-la-saison-estivale-bat-son-plein\/#breadcrumb"},"inLanguage":"fr-FR","potentialAction":[{"@type":"ReadAction","target":["https:\/\/lasentinelle.dz\/index.php\/2021\/07\/22\/boumerdes-la-saison-estivale-bat-son-plein\/"]}]},{"@type":"ImageObject","inLanguage":"fr-FR","@id":"https:\/\/lasentinelle.dz\/index.php\/2021\/07\/22\/boumerdes-la-saison-estivale-bat-son-plein\/#primaryimage","url":"https:\/\/lasentinelle.dz\/wp-content\/uploads\/2021\/07\/396c9eba3f9787a76dfa1cc10d3b2a2a.png","contentUrl":"https:\/\/lasentinelle.dz\/wp-content\/uploads\/2021\/07\/396c9eba3f9787a76dfa1cc10d3b2a2a.png","width":1325,"height":648},{"@type":"BreadcrumbList","@id":"https:\/\/lasentinelle.dz\/index.php\/2021\/07\/22\/boumerdes-la-saison-estivale-bat-son-plein\/#breadcrumb","itemListElement":[{"@type":"ListItem","position":1,"name":"Accueil","item":"https:\/\/lasentinelle.dz\/"},{"@type":"ListItem","position":2,"name":"Boumerdes : La saison estivale bat son plein"}]},{"@type":"WebSite","@id":"https:\/\/lasentinelle.dz\/#website","url":"https:\/\/lasentinelle.dz\/","name":"La Sentinelle","description":"Quotidien national d&#039;information","publisher":{"@id":"https:\/\/lasentinelle.dz\/#organization"},"potentialAction":[{"@type":"SearchAction","target":{"@type":"EntryPoint","urlTemplate":"https:\/\/lasentinelle.dz\/?s={search_term_string}"},"query-input":{"@type":"PropertyValueSpecification","valueRequired":true,"valueName":"search_term_string"}}],"inLanguage":"fr-FR"},{"@type":"Organization","@id":"https:\/\/lasentinelle.dz\/#organization","name":"Quotidien La Sentinelle","url":"https:\/\/lasentinelle.dz\/","logo":{"@type":"ImageObject","inLanguage":"fr-FR","@id":"https:\/\/lasentinelle.dz\/#\/schema\/logo\/image\/","url":"https:\/\/lasentinelle.dz\/wp-content\/uploads\/2021\/09\/logo-sentinelleSLOGAN-1.png","contentUrl":"https:\/\/lasentinelle.dz\/wp-content\/uploads\/2021\/09\/logo-sentinelleSLOGAN-1.png","width":615,"height":142,"caption":"Quotidien La Sentinelle"},"image":{"@id":"https:\/\/lasentinelle.dz\/#\/schema\/logo\/image\/"},"sameAs":["https:\/\/www.facebook.com\/La-Sentinelle-104059864394773"]},{"@type":"Person","@id":"https:\/\/lasentinelle.dz\/#\/schema\/person\/e22c868643946ece5f328ac9d185b29f","name":"Azzedine Belferag","image":{"@type":"ImageObject","inLanguage":"fr-FR","@id":"https:\/\/secure.gravatar.com\/avatar\/767ecc3bfcf23cd6d0dae1705f124feb13a88fded1daa56498e4fb3aa3fc36a1?s=96&d=mm&r=g","url":"https:\/\/secure.gravatar.com\/avatar\/767ecc3bfcf23cd6d0dae1705f124feb13a88fded1daa56498e4fb3aa3fc36a1?s=96&d=mm&r=g","contentUrl":"https:\/\/secure.gravatar.com\/avatar\/767ecc3bfcf23cd6d0dae1705f124feb13a88fded1daa56498e4fb3aa3fc36a1?s=96&d=mm&r=g","caption":"Azzedine Belferag"},"sameAs":["http:\/\/www.lasentinelle.dz"],"url":"https:\/\/lasentinelle.dz\/author\/belferag\/"}]}},"_links":{"self":[{"href":"https:\/\/lasentinelle.dz\/index.php\/wp-json\/wp\/v2\/posts\/1821","targetHints":{"allow":["GET"]}}],"collection":[{"href":"https:\/\/lasentinelle.dz\/index.php\/wp-json\/wp\/v2\/posts"}],"about":[{"href":"https:\/\/lasentinelle.dz\/index.php\/wp-json\/wp\/v2\/types\/post"}],"author":[{"embeddable":true,"href":"https:\/\/lasentinelle.dz\/index.php\/wp-json\/wp\/v2\/users\/2"}],"replies":[{"embeddable":true,"href":"https:\/\/lasentinelle.dz\/index.php\/wp-json\/wp\/v2\/comments?post=1821"}],"version-history":[{"count":1,"href":"https:\/\/lasentinelle.dz\/index.php\/wp-json\/wp\/v2\/posts\/1821\/revisions"}],"predecessor-version":[{"id":1835,"href":"https:\/\/lasentinelle.dz\/index.php\/wp-json\/wp\/v2\/posts\/1821\/revisions\/1835"}],"wp:featuredmedia":[{"embeddable":true,"href":"https:\/\/lasentinelle.dz\/index.php\/wp-json\/wp\/v2\/media\/1833"}],"wp:attachment":[{"href":"https:\/\/lasentinelle.dz\/index.php\/wp-json\/wp\/v2\/media?parent=1821"}],"wp:term":[{"taxonomy":"category","embeddable":true,"href":"https:\/\/lasentinelle.dz\/index.php\/wp-json\/wp\/v2\/categories?post=1821"},{"taxonomy":"post_tag","embeddable":true,"href":"https:\/\/lasentinelle.dz\/index.php\/wp-json\/wp\/v2\/tags?post=1821"}],"curies":[{"name":"wp","href":"https:\/\/api.w.org\/{rel}","templated":true}]}}