{"id":18262,"date":"2022-03-14T00:01:00","date_gmt":"2022-03-13T23:01:00","guid":{"rendered":"https:\/\/lasentinelle.dz\/?p=18262"},"modified":"2022-03-13T19:53:52","modified_gmt":"2022-03-13T18:53:52","slug":"en-prevision-du-mois-de-ramadhan-vers-limportation-de-100-000-tonnes-de-pommes-terre","status":"publish","type":"post","link":"https:\/\/lasentinelle.dz\/index.php\/2022\/03\/14\/en-prevision-du-mois-de-ramadhan-vers-limportation-de-100-000-tonnes-de-pommes-terre\/","title":{"rendered":"En pr\u00e9vision du mois de Ramadhan\u00a0:\u00a0Vers l\u2019importation de 100 000 tonnes de pommes terre"},"content":{"rendered":"\n<p>Apr\u00e8s la viande, la pomme de terre. C\u2019est ce qu\u2019a affirm\u00e9 le directeur de l&rsquo;organisation des march\u00e9s et des activit\u00e9s commerciales au minist\u00e8re du Commerce et de la Promotion des exportations, Ahmed Mokrani. Intervenant sur les ondes de la Radio nationale, il a fait \u00e9tat d\u2019un \u00abprogramme d\u2019urgence\u00bb portant sur l\u2019importation d\u2019une quantit\u00e9 de 100 000 tonnes de pommes terre en vue \u00abde r\u00e9gulariser les tarifs de ce tubercule\u00bb. L\u2019invit\u00e9 de la radio nationale a annonc\u00e9 \u00abl\u2019importation, en premier \u00e9tape, d\u2019une quantit\u00e9 de 30 000 tonnes compte tenu du Ramadhan s\u2019approchant\u00bb. La m\u00eame source a annonc\u00e9 \u00ab l\u2019importation de 3000 tonnes de viande congel\u00e9e, celles-ci s&rsquo;ajoutent \u00e0 l\u2019importation des 54 500 tonnes viandes, 37 000 tonnes viande blanche annonc\u00e9es avant-hier, en plus des 37 000 tonnes des viandes assur\u00e9es par le march\u00e9 local\u00bb.&nbsp;&nbsp;Dans une autre d\u00e9claration faite samedi, le directeur de l&rsquo;organisation des march\u00e9s et des activit\u00e9s commerciales au minist\u00e8re du commerce et de la Promotion des exportations a affirm\u00e9 que \u00able march\u00e9 local sera approvisionn\u00e9 \u00e0 hauteur de 54.500 tonnes de viandes rouges\u00bb. Il expliquera que \u00ab14.500 tonnes de viandes seront produites par l\u2019abattage de 29.000 t\u00eates bovines, 30 000 tonnes de viande rouge par l\u2019abattage de pr\u00e8s de 1 million de t\u00eates ovines, en plus de 10.000 tonnes produites par le march\u00e9 local, notamment dans le sud alg\u00e9rien\u00bb. Les deux soci\u00e9t\u00e9s Frigomedit et l&rsquo;Alg\u00e9rienne des viandes rouges, Alvia importeront une quantit\u00e9 suppl\u00e9mentaire de 3.000 tonnes de viande congel\u00e9e. Pour les besoins du Ramadhan, les responsables en charge de cette op\u00e9ration ont mis en place 154 abattoirs de volailles et 980 structures d&rsquo;abattage agr\u00e9\u00e9es. \u00c0 cela s\u2019ajoute la mise en place de plusieurs autres dispositifs entrant dans le cadre de la lutte contre la sp\u00e9culation, notamment en ce qui concerne les produits alimentaires. Une commission interminist\u00e9rielle \u0153uvre actuellement \u00e0 garantir la disponibilit\u00e9 en quantit\u00e9s suffisantes et \u00e0 des prix raisonnables de tous les produits de consommation, durant le mois sacr\u00e9 du Ramadhan\u00bb, a-t-on expliqu\u00e9, soulignant que \u00abd\u2019importants stocks des produits alimentaires de base sont disponibles en quantit\u00e9s&nbsp;&nbsp;sont mis en place\u00bb.<\/p>\n\n\n\n<p><strong>Salim Abdenour<\/strong><\/p>\n","protected":false},"excerpt":{"rendered":"<p>Apr\u00e8s la viande, la pomme de terre. C\u2019est ce qu\u2019a affirm\u00e9 le directeur de l&rsquo;organisation des march\u00e9s et des activit\u00e9s<\/p>\n","protected":false},"author":3,"featured_media":18315,"comment_status":"open","ping_status":"closed","sticky":false,"template":"","format":"standard","meta":{"colormag_page_container_layout":"default_layout","colormag_page_sidebar_layout":"default_layout","om_disable_all_campaigns":false,"_monsterinsights_skip_tracking":false,"_monsterinsights_sitenote_active":false,"_monsterinsights_sitenote_note":"","_monsterinsights_sitenote_category":0,"footnotes":"","_wpscppro_dont_share_socialmedia":false,"_wpscppro_custom_social_share_image":0,"_facebook_share_type":"","_twitter_share_type":"","_linkedin_share_type":"","_pinterest_share_type":"","_linkedin_share_type_page":"","_instagram_share_type":"","_medium_share_type":"","_threads_share_type":"","_google_business_share_type":"","_selected_social_profile":[],"_wpsp_enable_custom_social_template":false,"_wpsp_social_scheduling":{"enabled":false,"datetime":null,"platforms":[],"status":"template_only","dateOption":"today","timeOption":"now","customDays":"","customHours":"","customDate":"","customTime":"","schedulingType":"absolute"},"_wpsp_active_default_template":true},"categories":[27],"tags":[],"class_list":["post-18262","post","type-post","status-publish","format-standard","has-post-thumbnail","hentry","category-actualite"],"aioseo_notices":[],"yoast_head":"<!-- This site is optimized with the Yoast SEO plugin v27.5 - https:\/\/yoast.com\/product\/yoast-seo-wordpress\/ -->\n<title>En pr\u00e9vision du mois de Ramadhan\u00a0:\u00a0Vers l\u2019importation de 100 000 tonnes de pommes terre - La Sentinelle<\/title>\n<meta name=\"robots\" content=\"index, follow, max-snippet:-1, max-image-preview:large, max-video-preview:-1\" \/>\n<link rel=\"canonical\" href=\"https:\/\/lasentinelle.dz\/index.php\/2022\/03\/14\/en-prevision-du-mois-de-ramadhan-vers-limportation-de-100-000-tonnes-de-pommes-terre\/\" \/>\n<meta property=\"og:locale\" content=\"fr_FR\" \/>\n<meta property=\"og:type\" content=\"article\" \/>\n<meta property=\"og:title\" content=\"En pr\u00e9vision du mois de Ramadhan\u00a0:\u00a0Vers l\u2019importation de 100 000 tonnes de pommes terre - La Sentinelle\" \/>\n<meta property=\"og:description\" content=\"Apr\u00e8s la viande, la pomme de terre. C\u2019est ce qu\u2019a affirm\u00e9 le directeur de l&rsquo;organisation des march\u00e9s et des activit\u00e9s\" \/>\n<meta property=\"og:url\" content=\"https:\/\/lasentinelle.dz\/index.php\/2022\/03\/14\/en-prevision-du-mois-de-ramadhan-vers-limportation-de-100-000-tonnes-de-pommes-terre\/\" \/>\n<meta property=\"og:site_name\" content=\"La Sentinelle\" \/>\n<meta property=\"article:publisher\" content=\"https:\/\/www.facebook.com\/La-Sentinelle-104059864394773\" \/>\n<meta property=\"article:published_time\" content=\"2022-03-13T23:01:00+00:00\" \/>\n<meta property=\"og:image\" content=\"https:\/\/lasentinelle.dz\/wp-content\/uploads\/2022\/03\/pomme-de-terre-1024x576.png\" \/>\n\t<meta property=\"og:image:width\" content=\"1024\" \/>\n\t<meta property=\"og:image:height\" content=\"576\" \/>\n\t<meta property=\"og:image:type\" content=\"image\/png\" \/>\n<meta name=\"author\" content=\"La Sentinelle\" \/>\n<meta name=\"twitter:card\" content=\"summary_large_image\" \/>\n<meta name=\"twitter:label1\" content=\"\u00c9crit par\" \/>\n\t<meta name=\"twitter:data1\" content=\"La Sentinelle\" \/>\n\t<meta name=\"twitter:label2\" content=\"Dur\u00e9e de lecture estim\u00e9e\" \/>\n\t<meta name=\"twitter:data2\" content=\"2 minutes\" \/>\n<script type=\"application\/ld+json\" class=\"yoast-schema-graph\">{\"@context\":\"https:\\\/\\\/schema.org\",\"@graph\":[{\"@type\":\"Article\",\"@id\":\"https:\\\/\\\/lasentinelle.dz\\\/index.php\\\/2022\\\/03\\\/14\\\/en-prevision-du-mois-de-ramadhan-vers-limportation-de-100-000-tonnes-de-pommes-terre\\\/#article\",\"isPartOf\":{\"@id\":\"https:\\\/\\\/lasentinelle.dz\\\/index.php\\\/2022\\\/03\\\/14\\\/en-prevision-du-mois-de-ramadhan-vers-limportation-de-100-000-tonnes-de-pommes-terre\\\/\"},\"author\":{\"name\":\"La Sentinelle\",\"@id\":\"https:\\\/\\\/lasentinelle.dz\\\/#\\\/schema\\\/person\\\/d865044e22e70a75174ce8bcad3acfb3\"},\"headline\":\"En pr\u00e9vision du mois de Ramadhan\u00a0:\u00a0Vers l\u2019importation de 100 000 tonnes de pommes terre\",\"datePublished\":\"2022-03-13T23:01:00+00:00\",\"mainEntityOfPage\":{\"@id\":\"https:\\\/\\\/lasentinelle.dz\\\/index.php\\\/2022\\\/03\\\/14\\\/en-prevision-du-mois-de-ramadhan-vers-limportation-de-100-000-tonnes-de-pommes-terre\\\/\"},\"wordCount\":386,\"commentCount\":0,\"publisher\":{\"@id\":\"https:\\\/\\\/lasentinelle.dz\\\/#organization\"},\"image\":{\"@id\":\"https:\\\/\\\/lasentinelle.dz\\\/index.php\\\/2022\\\/03\\\/14\\\/en-prevision-du-mois-de-ramadhan-vers-limportation-de-100-000-tonnes-de-pommes-terre\\\/#primaryimage\"},\"thumbnailUrl\":\"https:\\\/\\\/lasentinelle.dz\\\/wp-content\\\/uploads\\\/2022\\\/03\\\/pomme-de-terre.png\",\"articleSection\":[\"Actualit\u00e9\"],\"inLanguage\":\"fr-FR\",\"potentialAction\":[{\"@type\":\"CommentAction\",\"name\":\"Comment\",\"target\":[\"https:\\\/\\\/lasentinelle.dz\\\/index.php\\\/2022\\\/03\\\/14\\\/en-prevision-du-mois-de-ramadhan-vers-limportation-de-100-000-tonnes-de-pommes-terre\\\/#respond\"]}]},{\"@type\":\"WebPage\",\"@id\":\"https:\\\/\\\/lasentinelle.dz\\\/index.php\\\/2022\\\/03\\\/14\\\/en-prevision-du-mois-de-ramadhan-vers-limportation-de-100-000-tonnes-de-pommes-terre\\\/\",\"url\":\"https:\\\/\\\/lasentinelle.dz\\\/index.php\\\/2022\\\/03\\\/14\\\/en-prevision-du-mois-de-ramadhan-vers-limportation-de-100-000-tonnes-de-pommes-terre\\\/\",\"name\":\"En pr\u00e9vision du mois de Ramadhan\u00a0:\u00a0Vers l\u2019importation de 100 000 tonnes de pommes terre - La Sentinelle\",\"isPartOf\":{\"@id\":\"https:\\\/\\\/lasentinelle.dz\\\/#website\"},\"primaryImageOfPage\":{\"@id\":\"https:\\\/\\\/lasentinelle.dz\\\/index.php\\\/2022\\\/03\\\/14\\\/en-prevision-du-mois-de-ramadhan-vers-limportation-de-100-000-tonnes-de-pommes-terre\\\/#primaryimage\"},\"image\":{\"@id\":\"https:\\\/\\\/lasentinelle.dz\\\/index.php\\\/2022\\\/03\\\/14\\\/en-prevision-du-mois-de-ramadhan-vers-limportation-de-100-000-tonnes-de-pommes-terre\\\/#primaryimage\"},\"thumbnailUrl\":\"https:\\\/\\\/lasentinelle.dz\\\/wp-content\\\/uploads\\\/2022\\\/03\\\/pomme-de-terre.png\",\"datePublished\":\"2022-03-13T23:01:00+00:00\",\"breadcrumb\":{\"@id\":\"https:\\\/\\\/lasentinelle.dz\\\/index.php\\\/2022\\\/03\\\/14\\\/en-prevision-du-mois-de-ramadhan-vers-limportation-de-100-000-tonnes-de-pommes-terre\\\/#breadcrumb\"},\"inLanguage\":\"fr-FR\",\"potentialAction\":[{\"@type\":\"ReadAction\",\"target\":[\"https:\\\/\\\/lasentinelle.dz\\\/index.php\\\/2022\\\/03\\\/14\\\/en-prevision-du-mois-de-ramadhan-vers-limportation-de-100-000-tonnes-de-pommes-terre\\\/\"]}]},{\"@type\":\"ImageObject\",\"inLanguage\":\"fr-FR\",\"@id\":\"https:\\\/\\\/lasentinelle.dz\\\/index.php\\\/2022\\\/03\\\/14\\\/en-prevision-du-mois-de-ramadhan-vers-limportation-de-100-000-tonnes-de-pommes-terre\\\/#primaryimage\",\"url\":\"https:\\\/\\\/lasentinelle.dz\\\/wp-content\\\/uploads\\\/2022\\\/03\\\/pomme-de-terre.png\",\"contentUrl\":\"https:\\\/\\\/lasentinelle.dz\\\/wp-content\\\/uploads\\\/2022\\\/03\\\/pomme-de-terre.png\",\"width\":1600,\"height\":900},{\"@type\":\"BreadcrumbList\",\"@id\":\"https:\\\/\\\/lasentinelle.dz\\\/index.php\\\/2022\\\/03\\\/14\\\/en-prevision-du-mois-de-ramadhan-vers-limportation-de-100-000-tonnes-de-pommes-terre\\\/#breadcrumb\",\"itemListElement\":[{\"@type\":\"ListItem\",\"position\":1,\"name\":\"Accueil\",\"item\":\"https:\\\/\\\/lasentinelle.dz\\\/\"},{\"@type\":\"ListItem\",\"position\":2,\"name\":\"En pr\u00e9vision du mois de Ramadhan\u00a0:\u00a0Vers l\u2019importation de 100 000 tonnes de pommes terre\"}]},{\"@type\":\"WebSite\",\"@id\":\"https:\\\/\\\/lasentinelle.dz\\\/#website\",\"url\":\"https:\\\/\\\/lasentinelle.dz\\\/\",\"name\":\"La Sentinelle\",\"description\":\"Quotidien national d&#039;information\",\"publisher\":{\"@id\":\"https:\\\/\\\/lasentinelle.dz\\\/#organization\"},\"potentialAction\":[{\"@type\":\"SearchAction\",\"target\":{\"@type\":\"EntryPoint\",\"urlTemplate\":\"https:\\\/\\\/lasentinelle.dz\\\/?s={search_term_string}\"},\"query-input\":{\"@type\":\"PropertyValueSpecification\",\"valueRequired\":true,\"valueName\":\"search_term_string\"}}],\"inLanguage\":\"fr-FR\"},{\"@type\":\"Organization\",\"@id\":\"https:\\\/\\\/lasentinelle.dz\\\/#organization\",\"name\":\"Quotidien La Sentinelle\",\"url\":\"https:\\\/\\\/lasentinelle.dz\\\/\",\"logo\":{\"@type\":\"ImageObject\",\"inLanguage\":\"fr-FR\",\"@id\":\"https:\\\/\\\/lasentinelle.dz\\\/#\\\/schema\\\/logo\\\/image\\\/\",\"url\":\"https:\\\/\\\/lasentinelle.dz\\\/wp-content\\\/uploads\\\/2021\\\/09\\\/logo-sentinelleSLOGAN-1.png\",\"contentUrl\":\"https:\\\/\\\/lasentinelle.dz\\\/wp-content\\\/uploads\\\/2021\\\/09\\\/logo-sentinelleSLOGAN-1.png\",\"width\":615,\"height\":142,\"caption\":\"Quotidien La Sentinelle\"},\"image\":{\"@id\":\"https:\\\/\\\/lasentinelle.dz\\\/#\\\/schema\\\/logo\\\/image\\\/\"},\"sameAs\":[\"https:\\\/\\\/www.facebook.com\\\/La-Sentinelle-104059864394773\"]},{\"@type\":\"Person\",\"@id\":\"https:\\\/\\\/lasentinelle.dz\\\/#\\\/schema\\\/person\\\/d865044e22e70a75174ce8bcad3acfb3\",\"name\":\"La Sentinelle\",\"image\":{\"@type\":\"ImageObject\",\"inLanguage\":\"fr-FR\",\"@id\":\"https:\\\/\\\/secure.gravatar.com\\\/avatar\\\/57de8e5d4b15d43fb361a71fbb36338450fe67865b528a43dd10ef7c51a20392?s=96&d=mm&r=g\",\"url\":\"https:\\\/\\\/secure.gravatar.com\\\/avatar\\\/57de8e5d4b15d43fb361a71fbb36338450fe67865b528a43dd10ef7c51a20392?s=96&d=mm&r=g\",\"contentUrl\":\"https:\\\/\\\/secure.gravatar.com\\\/avatar\\\/57de8e5d4b15d43fb361a71fbb36338450fe67865b528a43dd10ef7c51a20392?s=96&d=mm&r=g\",\"caption\":\"La Sentinelle\"},\"sameAs\":[\"http:\\\/\\\/www.lasentinelle.dz\"],\"url\":\"https:\\\/\\\/lasentinelle.dz\\\/author\\\/redaction\\\/\"}]}<\/script>\n<!-- \/ Yoast SEO plugin. -->","yoast_head_json":{"title":"En pr\u00e9vision du mois de Ramadhan\u00a0:\u00a0Vers l\u2019importation de 100 000 tonnes de pommes terre - La Sentinelle","robots":{"index":"index","follow":"follow","max-snippet":"max-snippet:-1","max-image-preview":"max-image-preview:large","max-video-preview":"max-video-preview:-1"},"canonical":"https:\/\/lasentinelle.dz\/index.php\/2022\/03\/14\/en-prevision-du-mois-de-ramadhan-vers-limportation-de-100-000-tonnes-de-pommes-terre\/","og_locale":"fr_FR","og_type":"article","og_title":"En pr\u00e9vision du mois de Ramadhan\u00a0:\u00a0Vers l\u2019importation de 100 000 tonnes de pommes terre - La Sentinelle","og_description":"Apr\u00e8s la viande, la pomme de terre. C\u2019est ce qu\u2019a affirm\u00e9 le directeur de l&rsquo;organisation des march\u00e9s et des activit\u00e9s","og_url":"https:\/\/lasentinelle.dz\/index.php\/2022\/03\/14\/en-prevision-du-mois-de-ramadhan-vers-limportation-de-100-000-tonnes-de-pommes-terre\/","og_site_name":"La Sentinelle","article_publisher":"https:\/\/www.facebook.com\/La-Sentinelle-104059864394773","article_published_time":"2022-03-13T23:01:00+00:00","og_image":[{"width":1024,"height":576,"url":"https:\/\/lasentinelle.dz\/wp-content\/uploads\/2022\/03\/pomme-de-terre-1024x576.png","type":"image\/png"}],"author":"La Sentinelle","twitter_card":"summary_large_image","twitter_misc":{"\u00c9crit par":"La Sentinelle","Dur\u00e9e de lecture estim\u00e9e":"2 minutes"},"schema":{"@context":"https:\/\/schema.org","@graph":[{"@type":"Article","@id":"https:\/\/lasentinelle.dz\/index.php\/2022\/03\/14\/en-prevision-du-mois-de-ramadhan-vers-limportation-de-100-000-tonnes-de-pommes-terre\/#article","isPartOf":{"@id":"https:\/\/lasentinelle.dz\/index.php\/2022\/03\/14\/en-prevision-du-mois-de-ramadhan-vers-limportation-de-100-000-tonnes-de-pommes-terre\/"},"author":{"name":"La Sentinelle","@id":"https:\/\/lasentinelle.dz\/#\/schema\/person\/d865044e22e70a75174ce8bcad3acfb3"},"headline":"En pr\u00e9vision du mois de Ramadhan\u00a0:\u00a0Vers l\u2019importation de 100 000 tonnes de pommes terre","datePublished":"2022-03-13T23:01:00+00:00","mainEntityOfPage":{"@id":"https:\/\/lasentinelle.dz\/index.php\/2022\/03\/14\/en-prevision-du-mois-de-ramadhan-vers-limportation-de-100-000-tonnes-de-pommes-terre\/"},"wordCount":386,"commentCount":0,"publisher":{"@id":"https:\/\/lasentinelle.dz\/#organization"},"image":{"@id":"https:\/\/lasentinelle.dz\/index.php\/2022\/03\/14\/en-prevision-du-mois-de-ramadhan-vers-limportation-de-100-000-tonnes-de-pommes-terre\/#primaryimage"},"thumbnailUrl":"https:\/\/lasentinelle.dz\/wp-content\/uploads\/2022\/03\/pomme-de-terre.png","articleSection":["Actualit\u00e9"],"inLanguage":"fr-FR","potentialAction":[{"@type":"CommentAction","name":"Comment","target":["https:\/\/lasentinelle.dz\/index.php\/2022\/03\/14\/en-prevision-du-mois-de-ramadhan-vers-limportation-de-100-000-tonnes-de-pommes-terre\/#respond"]}]},{"@type":"WebPage","@id":"https:\/\/lasentinelle.dz\/index.php\/2022\/03\/14\/en-prevision-du-mois-de-ramadhan-vers-limportation-de-100-000-tonnes-de-pommes-terre\/","url":"https:\/\/lasentinelle.dz\/index.php\/2022\/03\/14\/en-prevision-du-mois-de-ramadhan-vers-limportation-de-100-000-tonnes-de-pommes-terre\/","name":"En pr\u00e9vision du mois de Ramadhan\u00a0:\u00a0Vers l\u2019importation de 100 000 tonnes de pommes terre - La Sentinelle","isPartOf":{"@id":"https:\/\/lasentinelle.dz\/#website"},"primaryImageOfPage":{"@id":"https:\/\/lasentinelle.dz\/index.php\/2022\/03\/14\/en-prevision-du-mois-de-ramadhan-vers-limportation-de-100-000-tonnes-de-pommes-terre\/#primaryimage"},"image":{"@id":"https:\/\/lasentinelle.dz\/index.php\/2022\/03\/14\/en-prevision-du-mois-de-ramadhan-vers-limportation-de-100-000-tonnes-de-pommes-terre\/#primaryimage"},"thumbnailUrl":"https:\/\/lasentinelle.dz\/wp-content\/uploads\/2022\/03\/pomme-de-terre.png","datePublished":"2022-03-13T23:01:00+00:00","breadcrumb":{"@id":"https:\/\/lasentinelle.dz\/index.php\/2022\/03\/14\/en-prevision-du-mois-de-ramadhan-vers-limportation-de-100-000-tonnes-de-pommes-terre\/#breadcrumb"},"inLanguage":"fr-FR","potentialAction":[{"@type":"ReadAction","target":["https:\/\/lasentinelle.dz\/index.php\/2022\/03\/14\/en-prevision-du-mois-de-ramadhan-vers-limportation-de-100-000-tonnes-de-pommes-terre\/"]}]},{"@type":"ImageObject","inLanguage":"fr-FR","@id":"https:\/\/lasentinelle.dz\/index.php\/2022\/03\/14\/en-prevision-du-mois-de-ramadhan-vers-limportation-de-100-000-tonnes-de-pommes-terre\/#primaryimage","url":"https:\/\/lasentinelle.dz\/wp-content\/uploads\/2022\/03\/pomme-de-terre.png","contentUrl":"https:\/\/lasentinelle.dz\/wp-content\/uploads\/2022\/03\/pomme-de-terre.png","width":1600,"height":900},{"@type":"BreadcrumbList","@id":"https:\/\/lasentinelle.dz\/index.php\/2022\/03\/14\/en-prevision-du-mois-de-ramadhan-vers-limportation-de-100-000-tonnes-de-pommes-terre\/#breadcrumb","itemListElement":[{"@type":"ListItem","position":1,"name":"Accueil","item":"https:\/\/lasentinelle.dz\/"},{"@type":"ListItem","position":2,"name":"En pr\u00e9vision du mois de Ramadhan\u00a0:\u00a0Vers l\u2019importation de 100 000 tonnes de pommes terre"}]},{"@type":"WebSite","@id":"https:\/\/lasentinelle.dz\/#website","url":"https:\/\/lasentinelle.dz\/","name":"La Sentinelle","description":"Quotidien national d&#039;information","publisher":{"@id":"https:\/\/lasentinelle.dz\/#organization"},"potentialAction":[{"@type":"SearchAction","target":{"@type":"EntryPoint","urlTemplate":"https:\/\/lasentinelle.dz\/?s={search_term_string}"},"query-input":{"@type":"PropertyValueSpecification","valueRequired":true,"valueName":"search_term_string"}}],"inLanguage":"fr-FR"},{"@type":"Organization","@id":"https:\/\/lasentinelle.dz\/#organization","name":"Quotidien La Sentinelle","url":"https:\/\/lasentinelle.dz\/","logo":{"@type":"ImageObject","inLanguage":"fr-FR","@id":"https:\/\/lasentinelle.dz\/#\/schema\/logo\/image\/","url":"https:\/\/lasentinelle.dz\/wp-content\/uploads\/2021\/09\/logo-sentinelleSLOGAN-1.png","contentUrl":"https:\/\/lasentinelle.dz\/wp-content\/uploads\/2021\/09\/logo-sentinelleSLOGAN-1.png","width":615,"height":142,"caption":"Quotidien La Sentinelle"},"image":{"@id":"https:\/\/lasentinelle.dz\/#\/schema\/logo\/image\/"},"sameAs":["https:\/\/www.facebook.com\/La-Sentinelle-104059864394773"]},{"@type":"Person","@id":"https:\/\/lasentinelle.dz\/#\/schema\/person\/d865044e22e70a75174ce8bcad3acfb3","name":"La Sentinelle","image":{"@type":"ImageObject","inLanguage":"fr-FR","@id":"https:\/\/secure.gravatar.com\/avatar\/57de8e5d4b15d43fb361a71fbb36338450fe67865b528a43dd10ef7c51a20392?s=96&d=mm&r=g","url":"https:\/\/secure.gravatar.com\/avatar\/57de8e5d4b15d43fb361a71fbb36338450fe67865b528a43dd10ef7c51a20392?s=96&d=mm&r=g","contentUrl":"https:\/\/secure.gravatar.com\/avatar\/57de8e5d4b15d43fb361a71fbb36338450fe67865b528a43dd10ef7c51a20392?s=96&d=mm&r=g","caption":"La Sentinelle"},"sameAs":["http:\/\/www.lasentinelle.dz"],"url":"https:\/\/lasentinelle.dz\/author\/redaction\/"}]}},"_links":{"self":[{"href":"https:\/\/lasentinelle.dz\/index.php\/wp-json\/wp\/v2\/posts\/18262","targetHints":{"allow":["GET"]}}],"collection":[{"href":"https:\/\/lasentinelle.dz\/index.php\/wp-json\/wp\/v2\/posts"}],"about":[{"href":"https:\/\/lasentinelle.dz\/index.php\/wp-json\/wp\/v2\/types\/post"}],"author":[{"embeddable":true,"href":"https:\/\/lasentinelle.dz\/index.php\/wp-json\/wp\/v2\/users\/3"}],"replies":[{"embeddable":true,"href":"https:\/\/lasentinelle.dz\/index.php\/wp-json\/wp\/v2\/comments?post=18262"}],"version-history":[{"count":1,"href":"https:\/\/lasentinelle.dz\/index.php\/wp-json\/wp\/v2\/posts\/18262\/revisions"}],"predecessor-version":[{"id":18316,"href":"https:\/\/lasentinelle.dz\/index.php\/wp-json\/wp\/v2\/posts\/18262\/revisions\/18316"}],"wp:featuredmedia":[{"embeddable":true,"href":"https:\/\/lasentinelle.dz\/index.php\/wp-json\/wp\/v2\/media\/18315"}],"wp:attachment":[{"href":"https:\/\/lasentinelle.dz\/index.php\/wp-json\/wp\/v2\/media?parent=18262"}],"wp:term":[{"taxonomy":"category","embeddable":true,"href":"https:\/\/lasentinelle.dz\/index.php\/wp-json\/wp\/v2\/categories?post=18262"},{"taxonomy":"post_tag","embeddable":true,"href":"https:\/\/lasentinelle.dz\/index.php\/wp-json\/wp\/v2\/tags?post=18262"}],"curies":[{"name":"wp","href":"https:\/\/api.w.org\/{rel}","templated":true}]}}