{"id":18300,"date":"2022-03-14T00:01:00","date_gmt":"2022-03-13T23:01:00","guid":{"rendered":"https:\/\/lasentinelle.dz\/?p=18300"},"modified":"2022-03-13T18:46:13","modified_gmt":"2022-03-13T17:46:13","slug":"les-informations-au-sujet-dun-pretendu-projet-dexportation-delectricite-vers-litalie-et-lespagne-sont-infondees","status":"publish","type":"post","link":"https:\/\/lasentinelle.dz\/index.php\/2022\/03\/14\/les-informations-au-sujet-dun-pretendu-projet-dexportation-delectricite-vers-litalie-et-lespagne-sont-infondees\/","title":{"rendered":"Les informations au sujet d&rsquo;un pr\u00e9tendu projet d&rsquo;exportation d&rsquo;\u00e9lectricit\u00e9 vers l&rsquo;Italie et l&rsquo;Espagne sont infond\u00e9es"},"content":{"rendered":"\n<p class=\"wp-block-paragraph\">La Soci\u00e9t\u00e9 nationale de l&rsquo;\u00e9lectricit\u00e9 et du gaz (Sonelgaz) a indiqu\u00e9, samedi dans un communiqu\u00e9, que les informations relay\u00e9es par des m\u00e9dias \u00e9lectroniques au sujet d&rsquo;un pr\u00e9tendu \u00ab\u00a0projet d&rsquo;exportation d&rsquo;\u00e9lectricit\u00e9 vers l&rsquo;Italie et l&rsquo;Espagne\u00a0\u00bb sont \u00ab\u00a0infond\u00e9es\u00a0\u00bb.&nbsp;\u00ab\u00a0Faisant suite \u00e0 ce qui a \u00e9t\u00e9 rapport\u00e9 par certains m\u00e9dias \u00e9lectroniques au sujet d&rsquo;un \u00ab\u00a0projet d&rsquo;exportation de l&rsquo;\u00e9lectricit\u00e9 vers l&rsquo;Italie et l&rsquo;Espagne\u00a0\u00bb, Sonelgaz confirme que ces informations sont infond\u00e9es et comportent un certain nombre d&rsquo;inexactitudes qui n\u00e9cessitent corrections\u00a0\u00bb, lit-on dans le communiqu\u00e9.&nbsp;La Sonelgaz a, ainsi, affirm\u00e9 qu&rsquo;elle \u00ab\u00a0n&rsquo;a transmis aucun communiqu\u00e9 de presse ni d\u00e9claration \u00e0 ce sujet\u00a0\u00bb, pr\u00e9cisant que ce dernier \u00ab\u00a0n&rsquo;a fait l&rsquo;objet que d&rsquo;une publication sur la page Facebook officielle de l&rsquo;entreprise traitant d&rsquo;une r\u00e9union p\u00e9riodique\u00a0\u00bb.&nbsp;Le communiqu\u00e9 pr\u00e9cise aussi que \u00ab\u00a0la publication Facebook n&rsquo;a \u00e9voqu\u00e9 aucun des d\u00e9tails rapport\u00e9s par certains m\u00e9dias, et ne portait que couverture de l&rsquo;activit\u00e9 du premier responsable du Groupe\u00a0\u00bb, soulignant \u00ab\u00a0qu&rsquo;il n&rsquo;est pas des pr\u00e9rogatives de Sonelgaz de communiquer sur ce sujet, car seul le minist\u00e8re de tutelle en est habilit\u00e9\u00a0\u00bb.&nbsp;Conform\u00e9ment au droit de r\u00e9ponse, Sonelgaz indique avoir transmis, imm\u00e9diatement apr\u00e8s la publication de ces articles, des d\u00e9mentis aux organes de presse qui sont \u00e0 l&rsquo;origine de ces informations et qui ne se sont pas rapproch\u00e9s de ses services pour confirmation avant publication.<\/p>\n\n\n\n<p class=\"wp-block-paragraph\">APS<\/p>\n","protected":false},"excerpt":{"rendered":"<p>La Soci\u00e9t\u00e9 nationale de l&rsquo;\u00e9lectricit\u00e9 et du gaz (Sonelgaz) a indiqu\u00e9, samedi dans un communiqu\u00e9, que les informations relay\u00e9es par<\/p>\n","protected":false},"author":3,"featured_media":18309,"comment_status":"open","ping_status":"closed","sticky":false,"template":"","format":"standard","meta":{"colormag_page_container_layout":"default_layout","colormag_page_sidebar_layout":"default_layout","om_disable_all_campaigns":false,"_monsterinsights_skip_tracking":false,"footnotes":"","_wpscppro_dont_share_socialmedia":false,"_wpscppro_custom_social_share_image":0,"_facebook_share_type":"","_twitter_share_type":"","_linkedin_share_type":"","_pinterest_share_type":"","_linkedin_share_type_page":"","_instagram_share_type":"","_medium_share_type":"","_threads_share_type":"","_google_business_share_type":"","_bluesky_share_type":"","_mastodon_share_type":"","_selected_social_profile":[],"_wpsp_enable_custom_social_template":false,"_wpsp_social_scheduling":{"enabled":false,"datetime":null,"platforms":[],"status":"template_only","dateOption":"today","timeOption":"now","customDays":"","customHours":"","customDate":"","customTime":"","schedulingType":"absolute"},"_wpsp_active_default_template":true},"categories":[29],"tags":[],"class_list":["post-18300","post","type-post","status-publish","format-standard","has-post-thumbnail","hentry","category-economie"],"aioseo_notices":[],"aioseo_head":"\n\t\t<!-- All in One SEO 5.0.0.1 - aioseo.com -->\n\t<meta name=\"description\" content=\"La Soci\u00e9t\u00e9 nationale de l&#039;\u00e9lectricit\u00e9 et du gaz (Sonelgaz) a indiqu\u00e9, samedi dans un communiqu\u00e9, que les informations relay\u00e9es par des m\u00e9dias \u00e9lectroniques au sujet d&#039;un pr\u00e9tendu &quot;projet d&#039;exportation d&#039;\u00e9lectricit\u00e9 vers l&#039;Italie et l&#039;Espagne&quot; sont &quot;infond\u00e9es&quot;. &quot;Faisant suite \u00e0 ce qui a \u00e9t\u00e9 rapport\u00e9 par certains m\u00e9dias \u00e9lectroniques au sujet d&#039;un &quot;projet d&#039;exportation de l&#039;\u00e9lectricit\u00e9 vers\" \/>\n\t<meta name=\"robots\" content=\"max-image-preview:large\" \/>\n\t<meta name=\"author\" content=\"La Sentinelle\"\/>\n\t<link rel=\"canonical\" href=\"https:\/\/lasentinelle.dz\/index.php\/2022\/03\/14\/les-informations-au-sujet-dun-pretendu-projet-dexportation-delectricite-vers-litalie-et-lespagne-sont-infondees\/\" \/>\n\t<meta name=\"generator\" content=\"All in One SEO (AIOSEO) 5.0.0.1\" \/>\n\t\t<meta property=\"og:locale\" content=\"fr_FR\" \/>\n\t\t<meta property=\"og:site_name\" content=\"La Sentinelle - Quotidien national d&#039;information\" \/>\n\t\t<meta property=\"og:type\" content=\"article\" \/>\n\t\t<meta property=\"og:title\" content=\"Les informations au sujet d\u2019un pr\u00e9tendu projet d\u2019exportation d\u2019\u00e9lectricit\u00e9 vers l\u2019Italie et l\u2019Espagne sont infond\u00e9es - La Sentinelle\" \/>\n\t\t<meta property=\"og:description\" content=\"La Soci\u00e9t\u00e9 nationale de l&#039;\u00e9lectricit\u00e9 et du gaz (Sonelgaz) a indiqu\u00e9, samedi dans un communiqu\u00e9, que les informations relay\u00e9es par des m\u00e9dias \u00e9lectroniques au sujet d&#039;un pr\u00e9tendu &quot;projet d&#039;exportation d&#039;\u00e9lectricit\u00e9 vers l&#039;Italie et l&#039;Espagne&quot; sont &quot;infond\u00e9es&quot;. &quot;Faisant suite \u00e0 ce qui a \u00e9t\u00e9 rapport\u00e9 par certains m\u00e9dias \u00e9lectroniques au sujet d&#039;un &quot;projet d&#039;exportation de l&#039;\u00e9lectricit\u00e9 vers\" \/>\n\t\t<meta property=\"og:url\" content=\"https:\/\/lasentinelle.dz\/index.php\/2022\/03\/14\/les-informations-au-sujet-dun-pretendu-projet-dexportation-delectricite-vers-litalie-et-lespagne-sont-infondees\/\" \/>\n\t\t<meta property=\"og:image\" content=\"https:\/\/lasentinelle.dz\/wp-content\/uploads\/2021\/09\/cropped-la-sentinelle-earth-golden-anima-5.gif\" \/>\n\t\t<meta property=\"og:image:secure_url\" content=\"https:\/\/lasentinelle.dz\/wp-content\/uploads\/2021\/09\/cropped-la-sentinelle-earth-golden-anima-5.gif\" \/>\n\t\t<meta property=\"og:image:width\" content=\"450\" \/>\n\t\t<meta property=\"og:image:height\" content=\"213\" \/>\n\t\t<meta property=\"article:published_time\" content=\"2022-03-13T23:01:00+00:00\" \/>\n\t\t<meta property=\"article:modified_time\" content=\"2022-03-13T17:46:13+00:00\" \/>\n\t\t<meta property=\"article:publisher\" content=\"https:\/\/www.facebook.com\/azzedine.lasentinelle.1\" \/>\n\t\t<meta name=\"twitter:card\" content=\"summary_large_image\" \/>\n\t\t<meta name=\"twitter:title\" content=\"Les informations au sujet d\u2019un pr\u00e9tendu projet d\u2019exportation d\u2019\u00e9lectricit\u00e9 vers l\u2019Italie et l\u2019Espagne sont infond\u00e9es - La Sentinelle\" \/>\n\t\t<meta name=\"twitter:description\" content=\"La Soci\u00e9t\u00e9 nationale de l&#039;\u00e9lectricit\u00e9 et du gaz (Sonelgaz) a indiqu\u00e9, samedi dans un communiqu\u00e9, que les informations relay\u00e9es par des m\u00e9dias \u00e9lectroniques au sujet d&#039;un pr\u00e9tendu &quot;projet d&#039;exportation d&#039;\u00e9lectricit\u00e9 vers l&#039;Italie et l&#039;Espagne&quot; sont &quot;infond\u00e9es&quot;. &quot;Faisant suite \u00e0 ce qui a \u00e9t\u00e9 rapport\u00e9 par certains m\u00e9dias \u00e9lectroniques au sujet d&#039;un &quot;projet d&#039;exportation de l&#039;\u00e9lectricit\u00e9 vers\" \/>\n\t\t<meta name=\"twitter:image\" content=\"https:\/\/lasentinelle.dz\/wp-content\/uploads\/2021\/09\/cropped-la-sentinelle-earth-golden-anima-5.gif\" \/>\n\t\t<script type=\"application\/ld+json\" class=\"aioseo-schema\">\n\t\t\t{\"@context\":\"https:\\\/\\\/schema.org\",\"@graph\":[{\"@type\":\"BlogPosting\",\"@id\":\"https:\\\/\\\/lasentinelle.dz\\\/index.php\\\/2022\\\/03\\\/14\\\/les-informations-au-sujet-dun-pretendu-projet-dexportation-delectricite-vers-litalie-et-lespagne-sont-infondees\\\/#blogposting\",\"name\":\"Les informations au sujet d\\u2019un pr\\u00e9tendu projet d\\u2019exportation d\\u2019\\u00e9lectricit\\u00e9 vers l\\u2019Italie et l\\u2019Espagne sont infond\\u00e9es - La Sentinelle\",\"headline\":\"Les informations au sujet d&rsquo;un pr\\u00e9tendu projet d&rsquo;exportation d&rsquo;\\u00e9lectricit\\u00e9 vers l&rsquo;Italie et l&rsquo;Espagne sont infond\\u00e9es\",\"author\":{\"@id\":\"https:\\\/\\\/lasentinelle.dz\\\/author\\\/redaction\\\/#author\"},\"publisher\":{\"@id\":\"https:\\\/\\\/lasentinelle.dz\\\/#organization\"},\"image\":{\"@type\":\"ImageObject\",\"url\":\"https:\\\/\\\/lasentinelle.dz\\\/wp-content\\\/uploads\\\/2022\\\/03\\\/sonelgaz-attaque-en-justice-le-constructeur-cegelec-general-electric.jpg\",\"width\":580,\"height\":350},\"datePublished\":\"2022-03-14T00:01:00+01:00\",\"dateModified\":\"2022-03-13T18:46:13+01:00\",\"inLanguage\":\"fr-FR\",\"mainEntityOfPage\":{\"@id\":\"https:\\\/\\\/lasentinelle.dz\\\/index.php\\\/2022\\\/03\\\/14\\\/les-informations-au-sujet-dun-pretendu-projet-dexportation-delectricite-vers-litalie-et-lespagne-sont-infondees\\\/#webpage\"},\"isPartOf\":{\"@id\":\"https:\\\/\\\/lasentinelle.dz\\\/index.php\\\/2022\\\/03\\\/14\\\/les-informations-au-sujet-dun-pretendu-projet-dexportation-delectricite-vers-litalie-et-lespagne-sont-infondees\\\/#webpage\"},\"articleSection\":\"\\u00c9conomie\"},{\"@type\":\"BreadcrumbList\",\"@id\":\"https:\\\/\\\/lasentinelle.dz\\\/index.php\\\/2022\\\/03\\\/14\\\/les-informations-au-sujet-dun-pretendu-projet-dexportation-delectricite-vers-litalie-et-lespagne-sont-infondees\\\/#breadcrumblist\",\"itemListElement\":[{\"@type\":\"ListItem\",\"@id\":\"https:\\\/\\\/lasentinelle.dz#listItem\",\"position\":1,\"name\":\"Home\",\"item\":\"https:\\\/\\\/lasentinelle.dz\",\"nextItem\":{\"@type\":\"ListItem\",\"@id\":\"https:\\\/\\\/lasentinelle.dz\\\/index.php\\\/category\\\/economie\\\/#listItem\",\"name\":\"\\u00c9conomie\"}},{\"@type\":\"ListItem\",\"@id\":\"https:\\\/\\\/lasentinelle.dz\\\/index.php\\\/category\\\/economie\\\/#listItem\",\"position\":2,\"name\":\"\\u00c9conomie\",\"item\":\"https:\\\/\\\/lasentinelle.dz\\\/index.php\\\/category\\\/economie\\\/\",\"nextItem\":{\"@type\":\"ListItem\",\"@id\":\"https:\\\/\\\/lasentinelle.dz\\\/index.php\\\/2022\\\/03\\\/14\\\/les-informations-au-sujet-dun-pretendu-projet-dexportation-delectricite-vers-litalie-et-lespagne-sont-infondees\\\/#listItem\",\"name\":\"Les informations au sujet d&rsquo;un pr\\u00e9tendu projet d&rsquo;exportation d&rsquo;\\u00e9lectricit\\u00e9 vers l&rsquo;Italie et l&rsquo;Espagne sont infond\\u00e9es\"},\"previousItem\":{\"@type\":\"ListItem\",\"@id\":\"https:\\\/\\\/lasentinelle.dz#listItem\",\"name\":\"Home\"}},{\"@type\":\"ListItem\",\"@id\":\"https:\\\/\\\/lasentinelle.dz\\\/index.php\\\/2022\\\/03\\\/14\\\/les-informations-au-sujet-dun-pretendu-projet-dexportation-delectricite-vers-litalie-et-lespagne-sont-infondees\\\/#listItem\",\"position\":3,\"name\":\"Les informations au sujet d&rsquo;un pr\\u00e9tendu projet d&rsquo;exportation d&rsquo;\\u00e9lectricit\\u00e9 vers l&rsquo;Italie et l&rsquo;Espagne sont infond\\u00e9es\",\"previousItem\":{\"@type\":\"ListItem\",\"@id\":\"https:\\\/\\\/lasentinelle.dz\\\/index.php\\\/category\\\/economie\\\/#listItem\",\"name\":\"\\u00c9conomie\"}}]},{\"@type\":\"Organization\",\"@id\":\"https:\\\/\\\/lasentinelle.dz\\\/#organization\",\"name\":\"La Sentinelle La Sentinelle\",\"description\":\"Quotidien national d'information\",\"url\":\"https:\\\/\\\/lasentinelle.dz\\\/\",\"logo\":{\"@type\":\"ImageObject\",\"url\":\"https:\\\/\\\/lasentinelle.dz\\\/wp-content\\\/uploads\\\/2021\\\/09\\\/cropped-la-sentinelle-earth-golden-anima-5.gif\",\"@id\":\"https:\\\/\\\/lasentinelle.dz\\\/index.php\\\/2022\\\/03\\\/14\\\/les-informations-au-sujet-dun-pretendu-projet-dexportation-delectricite-vers-litalie-et-lespagne-sont-infondees\\\/#organizationLogo\",\"width\":450,\"height\":213},\"image\":{\"@id\":\"https:\\\/\\\/lasentinelle.dz\\\/index.php\\\/2022\\\/03\\\/14\\\/les-informations-au-sujet-dun-pretendu-projet-dexportation-delectricite-vers-litalie-et-lespagne-sont-infondees\\\/#organizationLogo\"},\"sameAs\":[\"https:\\\/\\\/www.facebook.com\\\/azzedine.lasentinelle.1\"]},{\"@type\":\"Person\",\"@id\":\"https:\\\/\\\/lasentinelle.dz\\\/author\\\/redaction\\\/#author\",\"url\":\"https:\\\/\\\/lasentinelle.dz\\\/author\\\/redaction\\\/\",\"name\":\"La Sentinelle\",\"image\":{\"@type\":\"ImageObject\",\"@id\":\"https:\\\/\\\/lasentinelle.dz\\\/index.php\\\/2022\\\/03\\\/14\\\/les-informations-au-sujet-dun-pretendu-projet-dexportation-delectricite-vers-litalie-et-lespagne-sont-infondees\\\/#authorImage\",\"url\":\"https:\\\/\\\/secure.gravatar.com\\\/avatar\\\/57de8e5d4b15d43fb361a71fbb36338450fe67865b528a43dd10ef7c51a20392?s=96&d=mm&r=g\",\"width\":96,\"height\":96,\"caption\":\"La Sentinelle\"}},{\"@type\":\"WebPage\",\"@id\":\"https:\\\/\\\/lasentinelle.dz\\\/index.php\\\/2022\\\/03\\\/14\\\/les-informations-au-sujet-dun-pretendu-projet-dexportation-delectricite-vers-litalie-et-lespagne-sont-infondees\\\/#webpage\",\"url\":\"https:\\\/\\\/lasentinelle.dz\\\/index.php\\\/2022\\\/03\\\/14\\\/les-informations-au-sujet-dun-pretendu-projet-dexportation-delectricite-vers-litalie-et-lespagne-sont-infondees\\\/\",\"name\":\"Les informations au sujet d\\u2019un pr\\u00e9tendu projet d\\u2019exportation d\\u2019\\u00e9lectricit\\u00e9 vers l\\u2019Italie et l\\u2019Espagne sont infond\\u00e9es - La Sentinelle\",\"description\":\"La Soci\\u00e9t\\u00e9 nationale de l'\\u00e9lectricit\\u00e9 et du gaz (Sonelgaz) a indiqu\\u00e9, samedi dans un communiqu\\u00e9, que les informations relay\\u00e9es par des m\\u00e9dias \\u00e9lectroniques au sujet d'un pr\\u00e9tendu \\\"projet d'exportation d'\\u00e9lectricit\\u00e9 vers l'Italie et l'Espagne\\\" sont \\\"infond\\u00e9es\\\". \\\"Faisant suite \\u00e0 ce qui a \\u00e9t\\u00e9 rapport\\u00e9 par certains m\\u00e9dias \\u00e9lectroniques au sujet d'un \\\"projet d'exportation de l'\\u00e9lectricit\\u00e9 vers\",\"inLanguage\":\"fr-FR\",\"isPartOf\":{\"@id\":\"https:\\\/\\\/lasentinelle.dz\\\/#website\"},\"breadcrumb\":{\"@id\":\"https:\\\/\\\/lasentinelle.dz\\\/index.php\\\/2022\\\/03\\\/14\\\/les-informations-au-sujet-dun-pretendu-projet-dexportation-delectricite-vers-litalie-et-lespagne-sont-infondees\\\/#breadcrumblist\"},\"author\":{\"@id\":\"https:\\\/\\\/lasentinelle.dz\\\/author\\\/redaction\\\/#author\"},\"creator\":{\"@id\":\"https:\\\/\\\/lasentinelle.dz\\\/author\\\/redaction\\\/#author\"},\"image\":{\"@type\":\"ImageObject\",\"url\":\"https:\\\/\\\/lasentinelle.dz\\\/wp-content\\\/uploads\\\/2022\\\/03\\\/sonelgaz-attaque-en-justice-le-constructeur-cegelec-general-electric.jpg\",\"@id\":\"https:\\\/\\\/lasentinelle.dz\\\/index.php\\\/2022\\\/03\\\/14\\\/les-informations-au-sujet-dun-pretendu-projet-dexportation-delectricite-vers-litalie-et-lespagne-sont-infondees\\\/#mainImage\",\"width\":580,\"height\":350},\"primaryImageOfPage\":{\"@id\":\"https:\\\/\\\/lasentinelle.dz\\\/index.php\\\/2022\\\/03\\\/14\\\/les-informations-au-sujet-dun-pretendu-projet-dexportation-delectricite-vers-litalie-et-lespagne-sont-infondees\\\/#mainImage\"},\"datePublished\":\"2022-03-14T00:01:00+01:00\",\"dateModified\":\"2022-03-13T18:46:13+01:00\"},{\"@type\":\"WebSite\",\"@id\":\"https:\\\/\\\/lasentinelle.dz\\\/#website\",\"url\":\"https:\\\/\\\/lasentinelle.dz\\\/\",\"name\":\"La Sentinelle\",\"description\":\"Quotidien national d'information\",\"inLanguage\":\"fr-FR\",\"publisher\":{\"@id\":\"https:\\\/\\\/lasentinelle.dz\\\/#organization\"}}]}\n\t\t<\/script>\n\t\t<!-- All in One SEO -->\n\n","aioseo_head_json":{"title":"Les informations au sujet d\u2019un pr\u00e9tendu projet d\u2019exportation d\u2019\u00e9lectricit\u00e9 vers l\u2019Italie et l\u2019Espagne sont infond\u00e9es - La Sentinelle","description":"La Soci\u00e9t\u00e9 nationale de l'\u00e9lectricit\u00e9 et du gaz (Sonelgaz) a indiqu\u00e9, samedi dans un communiqu\u00e9, que les informations relay\u00e9es par des m\u00e9dias \u00e9lectroniques au sujet d'un pr\u00e9tendu \"projet d'exportation d'\u00e9lectricit\u00e9 vers l'Italie et l'Espagne\" sont \"infond\u00e9es\". \"Faisant suite \u00e0 ce qui a \u00e9t\u00e9 rapport\u00e9 par certains m\u00e9dias \u00e9lectroniques au sujet d'un \"projet d'exportation de l'\u00e9lectricit\u00e9 vers","canonical_url":"https:\/\/lasentinelle.dz\/index.php\/2022\/03\/14\/les-informations-au-sujet-dun-pretendu-projet-dexportation-delectricite-vers-litalie-et-lespagne-sont-infondees\/","robots":"max-image-preview:large","keywords":"","webmasterTools":{"miscellaneous":""},"schema":{"@context":"https:\/\/schema.org","@graph":[{"@type":"BlogPosting","@id":"https:\/\/lasentinelle.dz\/index.php\/2022\/03\/14\/les-informations-au-sujet-dun-pretendu-projet-dexportation-delectricite-vers-litalie-et-lespagne-sont-infondees\/#blogposting","name":"Les informations au sujet d\u2019un pr\u00e9tendu projet d\u2019exportation d\u2019\u00e9lectricit\u00e9 vers l\u2019Italie et l\u2019Espagne sont infond\u00e9es - La Sentinelle","headline":"Les informations au sujet d&rsquo;un pr\u00e9tendu projet d&rsquo;exportation d&rsquo;\u00e9lectricit\u00e9 vers l&rsquo;Italie et l&rsquo;Espagne sont infond\u00e9es","author":{"@id":"https:\/\/lasentinelle.dz\/author\/redaction\/#author"},"publisher":{"@id":"https:\/\/lasentinelle.dz\/#organization"},"image":{"@type":"ImageObject","url":"https:\/\/lasentinelle.dz\/wp-content\/uploads\/2022\/03\/sonelgaz-attaque-en-justice-le-constructeur-cegelec-general-electric.jpg","width":580,"height":350},"datePublished":"2022-03-14T00:01:00+01:00","dateModified":"2022-03-13T18:46:13+01:00","inLanguage":"fr-FR","mainEntityOfPage":{"@id":"https:\/\/lasentinelle.dz\/index.php\/2022\/03\/14\/les-informations-au-sujet-dun-pretendu-projet-dexportation-delectricite-vers-litalie-et-lespagne-sont-infondees\/#webpage"},"isPartOf":{"@id":"https:\/\/lasentinelle.dz\/index.php\/2022\/03\/14\/les-informations-au-sujet-dun-pretendu-projet-dexportation-delectricite-vers-litalie-et-lespagne-sont-infondees\/#webpage"},"articleSection":"\u00c9conomie"},{"@type":"BreadcrumbList","@id":"https:\/\/lasentinelle.dz\/index.php\/2022\/03\/14\/les-informations-au-sujet-dun-pretendu-projet-dexportation-delectricite-vers-litalie-et-lespagne-sont-infondees\/#breadcrumblist","itemListElement":[{"@type":"ListItem","@id":"https:\/\/lasentinelle.dz#listItem","position":1,"name":"Home","item":"https:\/\/lasentinelle.dz","nextItem":{"@type":"ListItem","@id":"https:\/\/lasentinelle.dz\/index.php\/category\/economie\/#listItem","name":"\u00c9conomie"}},{"@type":"ListItem","@id":"https:\/\/lasentinelle.dz\/index.php\/category\/economie\/#listItem","position":2,"name":"\u00c9conomie","item":"https:\/\/lasentinelle.dz\/index.php\/category\/economie\/","nextItem":{"@type":"ListItem","@id":"https:\/\/lasentinelle.dz\/index.php\/2022\/03\/14\/les-informations-au-sujet-dun-pretendu-projet-dexportation-delectricite-vers-litalie-et-lespagne-sont-infondees\/#listItem","name":"Les informations au sujet d&rsquo;un pr\u00e9tendu projet d&rsquo;exportation d&rsquo;\u00e9lectricit\u00e9 vers l&rsquo;Italie et l&rsquo;Espagne sont infond\u00e9es"},"previousItem":{"@type":"ListItem","@id":"https:\/\/lasentinelle.dz#listItem","name":"Home"}},{"@type":"ListItem","@id":"https:\/\/lasentinelle.dz\/index.php\/2022\/03\/14\/les-informations-au-sujet-dun-pretendu-projet-dexportation-delectricite-vers-litalie-et-lespagne-sont-infondees\/#listItem","position":3,"name":"Les informations au sujet d&rsquo;un pr\u00e9tendu projet d&rsquo;exportation d&rsquo;\u00e9lectricit\u00e9 vers l&rsquo;Italie et l&rsquo;Espagne sont infond\u00e9es","previousItem":{"@type":"ListItem","@id":"https:\/\/lasentinelle.dz\/index.php\/category\/economie\/#listItem","name":"\u00c9conomie"}}]},{"@type":"Organization","@id":"https:\/\/lasentinelle.dz\/#organization","name":"La Sentinelle La Sentinelle","description":"Quotidien national d'information","url":"https:\/\/lasentinelle.dz\/","logo":{"@type":"ImageObject","url":"https:\/\/lasentinelle.dz\/wp-content\/uploads\/2021\/09\/cropped-la-sentinelle-earth-golden-anima-5.gif","@id":"https:\/\/lasentinelle.dz\/index.php\/2022\/03\/14\/les-informations-au-sujet-dun-pretendu-projet-dexportation-delectricite-vers-litalie-et-lespagne-sont-infondees\/#organizationLogo","width":450,"height":213},"image":{"@id":"https:\/\/lasentinelle.dz\/index.php\/2022\/03\/14\/les-informations-au-sujet-dun-pretendu-projet-dexportation-delectricite-vers-litalie-et-lespagne-sont-infondees\/#organizationLogo"},"sameAs":["https:\/\/www.facebook.com\/azzedine.lasentinelle.1"]},{"@type":"Person","@id":"https:\/\/lasentinelle.dz\/author\/redaction\/#author","url":"https:\/\/lasentinelle.dz\/author\/redaction\/","name":"La Sentinelle","image":{"@type":"ImageObject","@id":"https:\/\/lasentinelle.dz\/index.php\/2022\/03\/14\/les-informations-au-sujet-dun-pretendu-projet-dexportation-delectricite-vers-litalie-et-lespagne-sont-infondees\/#authorImage","url":"https:\/\/secure.gravatar.com\/avatar\/57de8e5d4b15d43fb361a71fbb36338450fe67865b528a43dd10ef7c51a20392?s=96&d=mm&r=g","width":96,"height":96,"caption":"La Sentinelle"}},{"@type":"WebPage","@id":"https:\/\/lasentinelle.dz\/index.php\/2022\/03\/14\/les-informations-au-sujet-dun-pretendu-projet-dexportation-delectricite-vers-litalie-et-lespagne-sont-infondees\/#webpage","url":"https:\/\/lasentinelle.dz\/index.php\/2022\/03\/14\/les-informations-au-sujet-dun-pretendu-projet-dexportation-delectricite-vers-litalie-et-lespagne-sont-infondees\/","name":"Les informations au sujet d\u2019un pr\u00e9tendu projet d\u2019exportation d\u2019\u00e9lectricit\u00e9 vers l\u2019Italie et l\u2019Espagne sont infond\u00e9es - La Sentinelle","description":"La Soci\u00e9t\u00e9 nationale de l'\u00e9lectricit\u00e9 et du gaz (Sonelgaz) a indiqu\u00e9, samedi dans un communiqu\u00e9, que les informations relay\u00e9es par des m\u00e9dias \u00e9lectroniques au sujet d'un pr\u00e9tendu \"projet d'exportation d'\u00e9lectricit\u00e9 vers l'Italie et l'Espagne\" sont \"infond\u00e9es\". \"Faisant suite \u00e0 ce qui a \u00e9t\u00e9 rapport\u00e9 par certains m\u00e9dias \u00e9lectroniques au sujet d'un \"projet d'exportation de l'\u00e9lectricit\u00e9 vers","inLanguage":"fr-FR","isPartOf":{"@id":"https:\/\/lasentinelle.dz\/#website"},"breadcrumb":{"@id":"https:\/\/lasentinelle.dz\/index.php\/2022\/03\/14\/les-informations-au-sujet-dun-pretendu-projet-dexportation-delectricite-vers-litalie-et-lespagne-sont-infondees\/#breadcrumblist"},"author":{"@id":"https:\/\/lasentinelle.dz\/author\/redaction\/#author"},"creator":{"@id":"https:\/\/lasentinelle.dz\/author\/redaction\/#author"},"image":{"@type":"ImageObject","url":"https:\/\/lasentinelle.dz\/wp-content\/uploads\/2022\/03\/sonelgaz-attaque-en-justice-le-constructeur-cegelec-general-electric.jpg","@id":"https:\/\/lasentinelle.dz\/index.php\/2022\/03\/14\/les-informations-au-sujet-dun-pretendu-projet-dexportation-delectricite-vers-litalie-et-lespagne-sont-infondees\/#mainImage","width":580,"height":350},"primaryImageOfPage":{"@id":"https:\/\/lasentinelle.dz\/index.php\/2022\/03\/14\/les-informations-au-sujet-dun-pretendu-projet-dexportation-delectricite-vers-litalie-et-lespagne-sont-infondees\/#mainImage"},"datePublished":"2022-03-14T00:01:00+01:00","dateModified":"2022-03-13T18:46:13+01:00"},{"@type":"WebSite","@id":"https:\/\/lasentinelle.dz\/#website","url":"https:\/\/lasentinelle.dz\/","name":"La Sentinelle","description":"Quotidien national d'information","inLanguage":"fr-FR","publisher":{"@id":"https:\/\/lasentinelle.dz\/#organization"}}]},"og:locale":"fr_FR","og:site_name":"La Sentinelle - Quotidien national d'information","og:type":"article","og:title":"Les informations au sujet d\u2019un pr\u00e9tendu projet d\u2019exportation d\u2019\u00e9lectricit\u00e9 vers l\u2019Italie et l\u2019Espagne sont infond\u00e9es - La Sentinelle","og:description":"La Soci\u00e9t\u00e9 nationale de l'\u00e9lectricit\u00e9 et du gaz (Sonelgaz) a indiqu\u00e9, samedi dans un communiqu\u00e9, que les informations relay\u00e9es par des m\u00e9dias \u00e9lectroniques au sujet d'un pr\u00e9tendu &quot;projet d'exportation d'\u00e9lectricit\u00e9 vers l'Italie et l'Espagne&quot; sont &quot;infond\u00e9es&quot;. &quot;Faisant suite \u00e0 ce qui a \u00e9t\u00e9 rapport\u00e9 par certains m\u00e9dias \u00e9lectroniques au sujet d'un &quot;projet d'exportation de l'\u00e9lectricit\u00e9 vers","og:url":"https:\/\/lasentinelle.dz\/index.php\/2022\/03\/14\/les-informations-au-sujet-dun-pretendu-projet-dexportation-delectricite-vers-litalie-et-lespagne-sont-infondees\/","og:image":"https:\/\/lasentinelle.dz\/wp-content\/uploads\/2021\/09\/cropped-la-sentinelle-earth-golden-anima-5.gif","og:image:secure_url":"https:\/\/lasentinelle.dz\/wp-content\/uploads\/2021\/09\/cropped-la-sentinelle-earth-golden-anima-5.gif","og:image:width":450,"og:image:height":213,"article:published_time":"2022-03-13T23:01:00+00:00","article:modified_time":"2022-03-13T17:46:13+00:00","article:publisher":"https:\/\/www.facebook.com\/azzedine.lasentinelle.1","twitter:card":"summary_large_image","twitter:title":"Les informations au sujet d\u2019un pr\u00e9tendu projet d\u2019exportation d\u2019\u00e9lectricit\u00e9 vers l\u2019Italie et l\u2019Espagne sont infond\u00e9es - La Sentinelle","twitter:description":"La Soci\u00e9t\u00e9 nationale de l'\u00e9lectricit\u00e9 et du gaz (Sonelgaz) a indiqu\u00e9, samedi dans un communiqu\u00e9, que les informations relay\u00e9es par des m\u00e9dias \u00e9lectroniques au sujet d'un pr\u00e9tendu &quot;projet d'exportation d'\u00e9lectricit\u00e9 vers l'Italie et l'Espagne&quot; sont &quot;infond\u00e9es&quot;. &quot;Faisant suite \u00e0 ce qui a \u00e9t\u00e9 rapport\u00e9 par certains m\u00e9dias \u00e9lectroniques au sujet d'un &quot;projet d'exportation de l'\u00e9lectricit\u00e9 vers","twitter:image":"https:\/\/lasentinelle.dz\/wp-content\/uploads\/2021\/09\/cropped-la-sentinelle-earth-golden-anima-5.gif"},"aioseo_meta_data":{"post_id":"18300","title":null,"description":null,"keywords":null,"keyphrases":null,"primary_term":null,"canonical_url":null,"og_title":null,"og_description":null,"og_object_type":"default","og_image_type":"default","og_image_url":null,"og_image_width":null,"og_image_height":null,"og_image_custom_url":null,"og_image_custom_fields":null,"og_video":null,"og_custom_url":null,"og_article_section":null,"og_article_tags":null,"twitter_use_og":false,"twitter_card":"default","twitter_image_type":"default","twitter_image_url":null,"twitter_image_custom_url":null,"twitter_image_custom_fields":null,"twitter_title":null,"twitter_description":null,"schema":{"blockGraphs":[],"customGraphs":[],"default":{"data":{"Article":[],"Course":[],"Dataset":[],"FAQPage":[],"Movie":[],"Person":[],"Product":[],"ProductReview":[],"Car":[],"Recipe":[],"Service":[],"SoftwareApplication":[],"WebPage":[]},"graphName":"","isEnabled":true},"graphs":[]},"schema_type":"default","schema_type_options":null,"pillar_content":false,"robots_default":true,"robots_noindex":false,"robots_noarchive":false,"robots_nosnippet":false,"robots_nofollow":false,"robots_noimageindex":false,"robots_noodp":false,"robots_notranslate":false,"robots_max_snippet":null,"robots_max_videopreview":null,"robots_max_imagepreview":"large","priority":null,"frequency":null,"local_seo":null,"breadcrumb_settings":null,"limit_modified_date":false,"ai":null,"created":"2026-04-25 14:19:27","updated":"2026-04-25 14:19:27","focus_keyword":null,"additional_keywords":null,"truseo_locale":null,"seo_analyzer_scan_date":null},"aioseo_breadcrumb":"<div class=\"aioseo-breadcrumbs\"><span class=\"aioseo-breadcrumb\">\n\t\t\t<a href=\"https:\/\/lasentinelle.dz\" title=\"Home\">Home<\/a>\n\t\t<\/span><span class=\"aioseo-breadcrumb-separator\">&raquo;<\/span><span class=\"aioseo-breadcrumb\">\n\t\t\t<a href=\"https:\/\/lasentinelle.dz\/index.php\/category\/economie\/\" title=\"\u00c9conomie\">\u00c9conomie<\/a>\n\t\t<\/span><span class=\"aioseo-breadcrumb-separator\">&raquo;<\/span><span class=\"aioseo-breadcrumb\">\n\t\t\tLes informations au sujet d\u2019un pr\u00e9tendu projet d\u2019exportation d\u2019\u00e9lectricit\u00e9 vers l\u2019Italie et l\u2019Espagne sont infond\u00e9es\n\t\t<\/span><\/div>","aioseo_breadcrumb_json":[{"label":"Home","link":"https:\/\/lasentinelle.dz"},{"label":"\u00c9conomie","link":"https:\/\/lasentinelle.dz\/index.php\/category\/economie\/"},{"label":"Les informations au sujet d&rsquo;un pr\u00e9tendu projet d&rsquo;exportation d&rsquo;\u00e9lectricit\u00e9 vers l&rsquo;Italie et l&rsquo;Espagne sont infond\u00e9es","link":"https:\/\/lasentinelle.dz\/index.php\/2022\/03\/14\/les-informations-au-sujet-dun-pretendu-projet-dexportation-delectricite-vers-litalie-et-lespagne-sont-infondees\/"}],"yoast_head":"<!-- This site is optimized with the Yoast SEO plugin v28.4 - https:\/\/yoast.com\/product\/yoast-seo-wordpress\/ -->\n<title>Les informations au sujet d&#039;un pr\u00e9tendu projet d&#039;exportation d&#039;\u00e9lectricit\u00e9 vers l&#039;Italie et l&#039;Espagne sont infond\u00e9es - La Sentinelle<\/title>\n<meta name=\"robots\" content=\"index, follow, max-snippet:-1, max-image-preview:large, max-video-preview:-1\" \/>\n<link rel=\"canonical\" href=\"https:\/\/lasentinelle.dz\/index.php\/2022\/03\/14\/les-informations-au-sujet-dun-pretendu-projet-dexportation-delectricite-vers-litalie-et-lespagne-sont-infondees\/\" \/>\n<meta property=\"og:locale\" content=\"fr_FR\" \/>\n<meta property=\"og:type\" content=\"article\" \/>\n<meta property=\"og:title\" content=\"Les informations au sujet d&#039;un pr\u00e9tendu projet d&#039;exportation d&#039;\u00e9lectricit\u00e9 vers l&#039;Italie et l&#039;Espagne sont infond\u00e9es - La Sentinelle\" \/>\n<meta property=\"og:description\" content=\"La Soci\u00e9t\u00e9 nationale de l&rsquo;\u00e9lectricit\u00e9 et du gaz (Sonelgaz) a indiqu\u00e9, samedi dans un communiqu\u00e9, que les informations relay\u00e9es par\" \/>\n<meta property=\"og:url\" content=\"https:\/\/lasentinelle.dz\/index.php\/2022\/03\/14\/les-informations-au-sujet-dun-pretendu-projet-dexportation-delectricite-vers-litalie-et-lespagne-sont-infondees\/\" \/>\n<meta property=\"og:site_name\" content=\"La Sentinelle\" \/>\n<meta property=\"article:publisher\" content=\"https:\/\/www.facebook.com\/La-Sentinelle-104059864394773\" \/>\n<meta property=\"article:published_time\" content=\"2022-03-13T23:01:00+00:00\" \/>\n<meta property=\"og:image\" content=\"https:\/\/lasentinelle.dz\/wp-content\/uploads\/2022\/03\/sonelgaz-attaque-en-justice-le-constructeur-cegelec-general-electric.jpg\" \/>\n\t<meta property=\"og:image:width\" content=\"580\" \/>\n\t<meta property=\"og:image:height\" content=\"350\" \/>\n\t<meta property=\"og:image:type\" content=\"image\/jpeg\" \/>\n<meta name=\"author\" content=\"La Sentinelle\" \/>\n<meta name=\"twitter:card\" content=\"summary_large_image\" \/>\n<meta name=\"twitter:label1\" content=\"\u00c9crit par\" \/>\n\t<meta name=\"twitter:data1\" content=\"La Sentinelle\" \/>\n\t<meta name=\"twitter:label2\" content=\"Dur\u00e9e de lecture estim\u00e9e\" \/>\n\t<meta name=\"twitter:data2\" content=\"2 minutes\" \/>\n<script type=\"application\/ld+json\" class=\"yoast-schema-graph\">{\"@context\":\"https:\\\/\\\/schema.org\",\"@graph\":[{\"@type\":\"Article\",\"@id\":\"https:\\\/\\\/lasentinelle.dz\\\/index.php\\\/2022\\\/03\\\/14\\\/les-informations-au-sujet-dun-pretendu-projet-dexportation-delectricite-vers-litalie-et-lespagne-sont-infondees\\\/#article\",\"isPartOf\":{\"@id\":\"https:\\\/\\\/lasentinelle.dz\\\/index.php\\\/2022\\\/03\\\/14\\\/les-informations-au-sujet-dun-pretendu-projet-dexportation-delectricite-vers-litalie-et-lespagne-sont-infondees\\\/\"},\"author\":{\"name\":\"La Sentinelle\",\"@id\":\"https:\\\/\\\/lasentinelle.dz\\\/#\\\/schema\\\/person\\\/d865044e22e70a75174ce8bcad3acfb3\"},\"headline\":\"Les informations au sujet d&rsquo;un pr\u00e9tendu projet d&rsquo;exportation d&rsquo;\u00e9lectricit\u00e9 vers l&rsquo;Italie et l&rsquo;Espagne sont infond\u00e9es\",\"datePublished\":\"2022-03-13T23:01:00+00:00\",\"mainEntityOfPage\":{\"@id\":\"https:\\\/\\\/lasentinelle.dz\\\/index.php\\\/2022\\\/03\\\/14\\\/les-informations-au-sujet-dun-pretendu-projet-dexportation-delectricite-vers-litalie-et-lespagne-sont-infondees\\\/\"},\"wordCount\":283,\"commentCount\":0,\"publisher\":{\"@id\":\"https:\\\/\\\/lasentinelle.dz\\\/#organization\"},\"image\":{\"@id\":\"https:\\\/\\\/lasentinelle.dz\\\/index.php\\\/2022\\\/03\\\/14\\\/les-informations-au-sujet-dun-pretendu-projet-dexportation-delectricite-vers-litalie-et-lespagne-sont-infondees\\\/#primaryimage\"},\"thumbnailUrl\":\"https:\\\/\\\/lasentinelle.dz\\\/wp-content\\\/uploads\\\/2022\\\/03\\\/sonelgaz-attaque-en-justice-le-constructeur-cegelec-general-electric.jpg\",\"articleSection\":[\"\u00c9conomie\"],\"inLanguage\":\"fr-FR\",\"potentialAction\":[{\"@type\":\"CommentAction\",\"name\":\"Comment\",\"target\":[\"https:\\\/\\\/lasentinelle.dz\\\/index.php\\\/2022\\\/03\\\/14\\\/les-informations-au-sujet-dun-pretendu-projet-dexportation-delectricite-vers-litalie-et-lespagne-sont-infondees\\\/#respond\"]}]},{\"@type\":\"WebPage\",\"@id\":\"https:\\\/\\\/lasentinelle.dz\\\/index.php\\\/2022\\\/03\\\/14\\\/les-informations-au-sujet-dun-pretendu-projet-dexportation-delectricite-vers-litalie-et-lespagne-sont-infondees\\\/\",\"url\":\"https:\\\/\\\/lasentinelle.dz\\\/index.php\\\/2022\\\/03\\\/14\\\/les-informations-au-sujet-dun-pretendu-projet-dexportation-delectricite-vers-litalie-et-lespagne-sont-infondees\\\/\",\"name\":\"Les informations au sujet d'un pr\u00e9tendu projet d'exportation d'\u00e9lectricit\u00e9 vers l'Italie et l'Espagne sont infond\u00e9es - La Sentinelle\",\"isPartOf\":{\"@id\":\"https:\\\/\\\/lasentinelle.dz\\\/#website\"},\"primaryImageOfPage\":{\"@id\":\"https:\\\/\\\/lasentinelle.dz\\\/index.php\\\/2022\\\/03\\\/14\\\/les-informations-au-sujet-dun-pretendu-projet-dexportation-delectricite-vers-litalie-et-lespagne-sont-infondees\\\/#primaryimage\"},\"image\":{\"@id\":\"https:\\\/\\\/lasentinelle.dz\\\/index.php\\\/2022\\\/03\\\/14\\\/les-informations-au-sujet-dun-pretendu-projet-dexportation-delectricite-vers-litalie-et-lespagne-sont-infondees\\\/#primaryimage\"},\"thumbnailUrl\":\"https:\\\/\\\/lasentinelle.dz\\\/wp-content\\\/uploads\\\/2022\\\/03\\\/sonelgaz-attaque-en-justice-le-constructeur-cegelec-general-electric.jpg\",\"datePublished\":\"2022-03-13T23:01:00+00:00\",\"breadcrumb\":{\"@id\":\"https:\\\/\\\/lasentinelle.dz\\\/index.php\\\/2022\\\/03\\\/14\\\/les-informations-au-sujet-dun-pretendu-projet-dexportation-delectricite-vers-litalie-et-lespagne-sont-infondees\\\/#breadcrumb\"},\"inLanguage\":\"fr-FR\",\"potentialAction\":[{\"@type\":\"ReadAction\",\"target\":[\"https:\\\/\\\/lasentinelle.dz\\\/index.php\\\/2022\\\/03\\\/14\\\/les-informations-au-sujet-dun-pretendu-projet-dexportation-delectricite-vers-litalie-et-lespagne-sont-infondees\\\/\"]}]},{\"@type\":\"ImageObject\",\"inLanguage\":\"fr-FR\",\"@id\":\"https:\\\/\\\/lasentinelle.dz\\\/index.php\\\/2022\\\/03\\\/14\\\/les-informations-au-sujet-dun-pretendu-projet-dexportation-delectricite-vers-litalie-et-lespagne-sont-infondees\\\/#primaryimage\",\"url\":\"https:\\\/\\\/lasentinelle.dz\\\/wp-content\\\/uploads\\\/2022\\\/03\\\/sonelgaz-attaque-en-justice-le-constructeur-cegelec-general-electric.jpg\",\"contentUrl\":\"https:\\\/\\\/lasentinelle.dz\\\/wp-content\\\/uploads\\\/2022\\\/03\\\/sonelgaz-attaque-en-justice-le-constructeur-cegelec-general-electric.jpg\",\"width\":580,\"height\":350},{\"@type\":\"BreadcrumbList\",\"@id\":\"https:\\\/\\\/lasentinelle.dz\\\/index.php\\\/2022\\\/03\\\/14\\\/les-informations-au-sujet-dun-pretendu-projet-dexportation-delectricite-vers-litalie-et-lespagne-sont-infondees\\\/#breadcrumb\",\"itemListElement\":[{\"@type\":\"ListItem\",\"position\":1,\"name\":\"Accueil\",\"item\":\"https:\\\/\\\/lasentinelle.dz\\\/\"},{\"@type\":\"ListItem\",\"position\":2,\"name\":\"Les informations au sujet d&rsquo;un pr\u00e9tendu projet d&rsquo;exportation d&rsquo;\u00e9lectricit\u00e9 vers l&rsquo;Italie et l&rsquo;Espagne sont infond\u00e9es\"}]},{\"@type\":\"WebSite\",\"@id\":\"https:\\\/\\\/lasentinelle.dz\\\/#website\",\"url\":\"https:\\\/\\\/lasentinelle.dz\\\/\",\"name\":\"La Sentinelle\",\"description\":\"Quotidien national d&#039;information\",\"publisher\":{\"@id\":\"https:\\\/\\\/lasentinelle.dz\\\/#organization\"},\"potentialAction\":[{\"@type\":\"SearchAction\",\"target\":{\"@type\":\"EntryPoint\",\"urlTemplate\":\"https:\\\/\\\/lasentinelle.dz\\\/?s={search_term_string}\"},\"query-input\":{\"@type\":\"PropertyValueSpecification\",\"valueRequired\":true,\"valueName\":\"search_term_string\"}}],\"inLanguage\":\"fr-FR\"},{\"@type\":\"Organization\",\"@id\":\"https:\\\/\\\/lasentinelle.dz\\\/#organization\",\"name\":\"Quotidien La Sentinelle\",\"url\":\"https:\\\/\\\/lasentinelle.dz\\\/\",\"logo\":{\"@type\":\"ImageObject\",\"inLanguage\":\"fr-FR\",\"@id\":\"https:\\\/\\\/lasentinelle.dz\\\/#\\\/schema\\\/logo\\\/image\\\/\",\"url\":\"https:\\\/\\\/lasentinelle.dz\\\/wp-content\\\/uploads\\\/2021\\\/09\\\/logo-sentinelleSLOGAN-1.png\",\"contentUrl\":\"https:\\\/\\\/lasentinelle.dz\\\/wp-content\\\/uploads\\\/2021\\\/09\\\/logo-sentinelleSLOGAN-1.png\",\"width\":615,\"height\":142,\"caption\":\"Quotidien La Sentinelle\"},\"image\":{\"@id\":\"https:\\\/\\\/lasentinelle.dz\\\/#\\\/schema\\\/logo\\\/image\\\/\"},\"sameAs\":[\"https:\\\/\\\/www.facebook.com\\\/La-Sentinelle-104059864394773\"]},{\"@type\":\"Person\",\"@id\":\"https:\\\/\\\/lasentinelle.dz\\\/#\\\/schema\\\/person\\\/d865044e22e70a75174ce8bcad3acfb3\",\"name\":\"La Sentinelle\",\"image\":{\"@type\":\"ImageObject\",\"inLanguage\":\"fr-FR\",\"@id\":\"https:\\\/\\\/secure.gravatar.com\\\/avatar\\\/57de8e5d4b15d43fb361a71fbb36338450fe67865b528a43dd10ef7c51a20392?s=96&d=mm&r=g\",\"url\":\"https:\\\/\\\/secure.gravatar.com\\\/avatar\\\/57de8e5d4b15d43fb361a71fbb36338450fe67865b528a43dd10ef7c51a20392?s=96&d=mm&r=g\",\"contentUrl\":\"https:\\\/\\\/secure.gravatar.com\\\/avatar\\\/57de8e5d4b15d43fb361a71fbb36338450fe67865b528a43dd10ef7c51a20392?s=96&d=mm&r=g\",\"caption\":\"La Sentinelle\"},\"sameAs\":[\"http:\\\/\\\/www.lasentinelle.dz\"],\"url\":\"https:\\\/\\\/lasentinelle.dz\\\/author\\\/redaction\\\/\"}]}<\/script>\n<!-- \/ Yoast SEO plugin. -->","yoast_head_json":{"title":"Les informations au sujet d'un pr\u00e9tendu projet d'exportation d'\u00e9lectricit\u00e9 vers l'Italie et l'Espagne sont infond\u00e9es - La Sentinelle","robots":{"index":"index","follow":"follow","max-snippet":"max-snippet:-1","max-image-preview":"max-image-preview:large","max-video-preview":"max-video-preview:-1"},"canonical":"https:\/\/lasentinelle.dz\/index.php\/2022\/03\/14\/les-informations-au-sujet-dun-pretendu-projet-dexportation-delectricite-vers-litalie-et-lespagne-sont-infondees\/","og_locale":"fr_FR","og_type":"article","og_title":"Les informations au sujet d'un pr\u00e9tendu projet d'exportation d'\u00e9lectricit\u00e9 vers l'Italie et l'Espagne sont infond\u00e9es - La Sentinelle","og_description":"La Soci\u00e9t\u00e9 nationale de l&rsquo;\u00e9lectricit\u00e9 et du gaz (Sonelgaz) a indiqu\u00e9, samedi dans un communiqu\u00e9, que les informations relay\u00e9es par","og_url":"https:\/\/lasentinelle.dz\/index.php\/2022\/03\/14\/les-informations-au-sujet-dun-pretendu-projet-dexportation-delectricite-vers-litalie-et-lespagne-sont-infondees\/","og_site_name":"La Sentinelle","article_publisher":"https:\/\/www.facebook.com\/La-Sentinelle-104059864394773","article_published_time":"2022-03-13T23:01:00+00:00","og_image":[{"width":580,"height":350,"url":"https:\/\/lasentinelle.dz\/wp-content\/uploads\/2022\/03\/sonelgaz-attaque-en-justice-le-constructeur-cegelec-general-electric.jpg","type":"image\/jpeg"}],"author":"La Sentinelle","twitter_card":"summary_large_image","twitter_misc":{"\u00c9crit par":"La Sentinelle","Dur\u00e9e de lecture estim\u00e9e":"2 minutes"},"schema":{"@context":"https:\/\/schema.org","@graph":[{"@type":"Article","@id":"https:\/\/lasentinelle.dz\/index.php\/2022\/03\/14\/les-informations-au-sujet-dun-pretendu-projet-dexportation-delectricite-vers-litalie-et-lespagne-sont-infondees\/#article","isPartOf":{"@id":"https:\/\/lasentinelle.dz\/index.php\/2022\/03\/14\/les-informations-au-sujet-dun-pretendu-projet-dexportation-delectricite-vers-litalie-et-lespagne-sont-infondees\/"},"author":{"name":"La Sentinelle","@id":"https:\/\/lasentinelle.dz\/#\/schema\/person\/d865044e22e70a75174ce8bcad3acfb3"},"headline":"Les informations au sujet d&rsquo;un pr\u00e9tendu projet d&rsquo;exportation d&rsquo;\u00e9lectricit\u00e9 vers l&rsquo;Italie et l&rsquo;Espagne sont infond\u00e9es","datePublished":"2022-03-13T23:01:00+00:00","mainEntityOfPage":{"@id":"https:\/\/lasentinelle.dz\/index.php\/2022\/03\/14\/les-informations-au-sujet-dun-pretendu-projet-dexportation-delectricite-vers-litalie-et-lespagne-sont-infondees\/"},"wordCount":283,"commentCount":0,"publisher":{"@id":"https:\/\/lasentinelle.dz\/#organization"},"image":{"@id":"https:\/\/lasentinelle.dz\/index.php\/2022\/03\/14\/les-informations-au-sujet-dun-pretendu-projet-dexportation-delectricite-vers-litalie-et-lespagne-sont-infondees\/#primaryimage"},"thumbnailUrl":"https:\/\/lasentinelle.dz\/wp-content\/uploads\/2022\/03\/sonelgaz-attaque-en-justice-le-constructeur-cegelec-general-electric.jpg","articleSection":["\u00c9conomie"],"inLanguage":"fr-FR","potentialAction":[{"@type":"CommentAction","name":"Comment","target":["https:\/\/lasentinelle.dz\/index.php\/2022\/03\/14\/les-informations-au-sujet-dun-pretendu-projet-dexportation-delectricite-vers-litalie-et-lespagne-sont-infondees\/#respond"]}]},{"@type":"WebPage","@id":"https:\/\/lasentinelle.dz\/index.php\/2022\/03\/14\/les-informations-au-sujet-dun-pretendu-projet-dexportation-delectricite-vers-litalie-et-lespagne-sont-infondees\/","url":"https:\/\/lasentinelle.dz\/index.php\/2022\/03\/14\/les-informations-au-sujet-dun-pretendu-projet-dexportation-delectricite-vers-litalie-et-lespagne-sont-infondees\/","name":"Les informations au sujet d'un pr\u00e9tendu projet d'exportation d'\u00e9lectricit\u00e9 vers l'Italie et l'Espagne sont infond\u00e9es - La Sentinelle","isPartOf":{"@id":"https:\/\/lasentinelle.dz\/#website"},"primaryImageOfPage":{"@id":"https:\/\/lasentinelle.dz\/index.php\/2022\/03\/14\/les-informations-au-sujet-dun-pretendu-projet-dexportation-delectricite-vers-litalie-et-lespagne-sont-infondees\/#primaryimage"},"image":{"@id":"https:\/\/lasentinelle.dz\/index.php\/2022\/03\/14\/les-informations-au-sujet-dun-pretendu-projet-dexportation-delectricite-vers-litalie-et-lespagne-sont-infondees\/#primaryimage"},"thumbnailUrl":"https:\/\/lasentinelle.dz\/wp-content\/uploads\/2022\/03\/sonelgaz-attaque-en-justice-le-constructeur-cegelec-general-electric.jpg","datePublished":"2022-03-13T23:01:00+00:00","breadcrumb":{"@id":"https:\/\/lasentinelle.dz\/index.php\/2022\/03\/14\/les-informations-au-sujet-dun-pretendu-projet-dexportation-delectricite-vers-litalie-et-lespagne-sont-infondees\/#breadcrumb"},"inLanguage":"fr-FR","potentialAction":[{"@type":"ReadAction","target":["https:\/\/lasentinelle.dz\/index.php\/2022\/03\/14\/les-informations-au-sujet-dun-pretendu-projet-dexportation-delectricite-vers-litalie-et-lespagne-sont-infondees\/"]}]},{"@type":"ImageObject","inLanguage":"fr-FR","@id":"https:\/\/lasentinelle.dz\/index.php\/2022\/03\/14\/les-informations-au-sujet-dun-pretendu-projet-dexportation-delectricite-vers-litalie-et-lespagne-sont-infondees\/#primaryimage","url":"https:\/\/lasentinelle.dz\/wp-content\/uploads\/2022\/03\/sonelgaz-attaque-en-justice-le-constructeur-cegelec-general-electric.jpg","contentUrl":"https:\/\/lasentinelle.dz\/wp-content\/uploads\/2022\/03\/sonelgaz-attaque-en-justice-le-constructeur-cegelec-general-electric.jpg","width":580,"height":350},{"@type":"BreadcrumbList","@id":"https:\/\/lasentinelle.dz\/index.php\/2022\/03\/14\/les-informations-au-sujet-dun-pretendu-projet-dexportation-delectricite-vers-litalie-et-lespagne-sont-infondees\/#breadcrumb","itemListElement":[{"@type":"ListItem","position":1,"name":"Accueil","item":"https:\/\/lasentinelle.dz\/"},{"@type":"ListItem","position":2,"name":"Les informations au sujet d&rsquo;un pr\u00e9tendu projet d&rsquo;exportation d&rsquo;\u00e9lectricit\u00e9 vers l&rsquo;Italie et l&rsquo;Espagne sont infond\u00e9es"}]},{"@type":"WebSite","@id":"https:\/\/lasentinelle.dz\/#website","url":"https:\/\/lasentinelle.dz\/","name":"La Sentinelle","description":"Quotidien national d&#039;information","publisher":{"@id":"https:\/\/lasentinelle.dz\/#organization"},"potentialAction":[{"@type":"SearchAction","target":{"@type":"EntryPoint","urlTemplate":"https:\/\/lasentinelle.dz\/?s={search_term_string}"},"query-input":{"@type":"PropertyValueSpecification","valueRequired":true,"valueName":"search_term_string"}}],"inLanguage":"fr-FR"},{"@type":"Organization","@id":"https:\/\/lasentinelle.dz\/#organization","name":"Quotidien La Sentinelle","url":"https:\/\/lasentinelle.dz\/","logo":{"@type":"ImageObject","inLanguage":"fr-FR","@id":"https:\/\/lasentinelle.dz\/#\/schema\/logo\/image\/","url":"https:\/\/lasentinelle.dz\/wp-content\/uploads\/2021\/09\/logo-sentinelleSLOGAN-1.png","contentUrl":"https:\/\/lasentinelle.dz\/wp-content\/uploads\/2021\/09\/logo-sentinelleSLOGAN-1.png","width":615,"height":142,"caption":"Quotidien La Sentinelle"},"image":{"@id":"https:\/\/lasentinelle.dz\/#\/schema\/logo\/image\/"},"sameAs":["https:\/\/www.facebook.com\/La-Sentinelle-104059864394773"]},{"@type":"Person","@id":"https:\/\/lasentinelle.dz\/#\/schema\/person\/d865044e22e70a75174ce8bcad3acfb3","name":"La Sentinelle","image":{"@type":"ImageObject","inLanguage":"fr-FR","@id":"https:\/\/secure.gravatar.com\/avatar\/57de8e5d4b15d43fb361a71fbb36338450fe67865b528a43dd10ef7c51a20392?s=96&d=mm&r=g","url":"https:\/\/secure.gravatar.com\/avatar\/57de8e5d4b15d43fb361a71fbb36338450fe67865b528a43dd10ef7c51a20392?s=96&d=mm&r=g","contentUrl":"https:\/\/secure.gravatar.com\/avatar\/57de8e5d4b15d43fb361a71fbb36338450fe67865b528a43dd10ef7c51a20392?s=96&d=mm&r=g","caption":"La Sentinelle"},"sameAs":["http:\/\/www.lasentinelle.dz"],"url":"https:\/\/lasentinelle.dz\/author\/redaction\/"}]}},"_links":{"self":[{"href":"https:\/\/lasentinelle.dz\/index.php\/wp-json\/wp\/v2\/posts\/18300","targetHints":{"allow":["GET"]}}],"collection":[{"href":"https:\/\/lasentinelle.dz\/index.php\/wp-json\/wp\/v2\/posts"}],"about":[{"href":"https:\/\/lasentinelle.dz\/index.php\/wp-json\/wp\/v2\/types\/post"}],"author":[{"embeddable":true,"href":"https:\/\/lasentinelle.dz\/index.php\/wp-json\/wp\/v2\/users\/3"}],"replies":[{"embeddable":true,"href":"https:\/\/lasentinelle.dz\/index.php\/wp-json\/wp\/v2\/comments?post=18300"}],"version-history":[{"count":1,"href":"https:\/\/lasentinelle.dz\/index.php\/wp-json\/wp\/v2\/posts\/18300\/revisions"}],"predecessor-version":[{"id":18310,"href":"https:\/\/lasentinelle.dz\/index.php\/wp-json\/wp\/v2\/posts\/18300\/revisions\/18310"}],"wp:featuredmedia":[{"embeddable":true,"href":"https:\/\/lasentinelle.dz\/index.php\/wp-json\/wp\/v2\/media\/18309"}],"wp:attachment":[{"href":"https:\/\/lasentinelle.dz\/index.php\/wp-json\/wp\/v2\/media?parent=18300"}],"wp:term":[{"taxonomy":"category","embeddable":true,"href":"https:\/\/lasentinelle.dz\/index.php\/wp-json\/wp\/v2\/categories?post=18300"},{"taxonomy":"post_tag","embeddable":true,"href":"https:\/\/lasentinelle.dz\/index.php\/wp-json\/wp\/v2\/tags?post=18300"}],"curies":[{"name":"wp","href":"https:\/\/api.w.org\/{rel}","templated":true}]}}