{"id":18421,"date":"2022-03-16T00:05:00","date_gmt":"2022-03-15T23:05:00","guid":{"rendered":"https:\/\/lasentinelle.dz\/?p=18421"},"modified":"2022-03-15T19:23:43","modified_gmt":"2022-03-15T18:23:43","slug":"ayant-quitte-les-universites-de-lukraine-les-etudiants-algeriens-peuvent-suivre-leurs-etudes-en-hongrie","status":"publish","type":"post","link":"https:\/\/lasentinelle.dz\/index.php\/2022\/03\/16\/ayant-quitte-les-universites-de-lukraine-les-etudiants-algeriens-peuvent-suivre-leurs-etudes-en-hongrie\/","title":{"rendered":"Ayant quitt\u00e9 les universit\u00e9s de l\u2019Ukraine\u00a0:\u00a0Les \u00e9tudiants alg\u00e9riens peuvent suivre leurs \u00e9tudes en Hongrie"},"content":{"rendered":"\n<p>Les \u00e9tudiants alg\u00e9riens qui ont fui l\u2019Ukraine pour des raisons s\u00e9curitaires pourront d\u00e9sormais poursuivre leur cursus dans les universit\u00e9s hongroises.&nbsp;<\/p>\n\n\n\n<p>C\u2019est ce qu\u2019a annonc\u00e9, hier, l\u2019ambassade d\u2019Alg\u00e9rie \u00e0 Budapest, expliquant que \u00able Gouvernement hongrois a accept\u00e9 d\u2019accueillir les \u00e9tudiants alg\u00e9riens\u00bb. Dans son communiqu\u00e9, la m\u00eame source a ajout\u00e9 que \u00able Gouvernement hongrois a d\u00e9cid\u00e9 d\u2019autoriser les \u00e9tudiants d\u00e9sirant poursuivre leurs \u00e9tudes dans les universit\u00e9s hongroises\u00bb. La repr\u00e9sentation diplomatique alg\u00e9rienne \u00e0 Budapest a renouvel\u00e9 sa \u00abmobilisation\u00bb pour accompagner les \u00e9tudiants ayant fui l\u2019Ukraine les invitant \u00e0 se rapprocher de ses services. Plusieurs \u00e9tudiants qui ont quitt\u00e9 l\u2019Ukraine ont, dans le but d\u2019\u00eatre rapatri\u00e9s, opt\u00e9 pour plusieurs pays de l\u2019Europe de l\u2019Est, notamment la Hongrie, la Roumanie et la Pologne. Supervis\u00e9e par le d\u00e9partement de Lamamra,&nbsp;l\u2019op\u00e9ration de rapatriement&nbsp;se poursuivra&nbsp;pour ceux qui le souhaitent, a-t-on indiqu\u00e9. La m\u00eame source explique qu\u2019 \u00ab une autre op\u00e9ration sera men\u00e9e \u00e0 partir de la capitale de la Pologne, Varsovie\u00bb. Dans une d\u00e9claration a faite \u00e0 la Radio Alg\u00e9rie internationale, Salem Ait-Chabane a assur\u00e9 que \u00abtous les moyens sont en train d\u2019\u00eatre mis en place afin d\u2019assurer leur s\u00e9curit\u00e9 et leur rapatriement dans les meilleures conditions\u00bb. Dimanche pass\u00e9, le minist\u00e8re des Affaires \u00e9trang\u00e8res et de la Communaut\u00e9 nationale \u00e0 l\u2019\u00e9tranger a tenu une r\u00e9union avec les ambassadeurs de la Roumanie, de la Pologne et de la charg\u00e9e d\u2019affaires de l\u2019ambassade de Hongrie en Alg\u00e9rie. Cette rencontre a \u00e9t\u00e9 focalis\u00e9e autour des conditions \u00e0 mettre en place au profit des alg\u00e9riens ayant quitt\u00e9 l&rsquo;Ukraine en vue de faciliter leur rapatriement. \u00abDans le cadre du suivi de la situation de la communaut\u00e9 nationale en Ukraine et par souci de pr\u00e9server l\u2019int\u00e9grit\u00e9 de nos concitoyens et de faciliter les mesures de leur rapatriement au pays en Alg\u00e9rie, une r\u00e9union de coordination s\u2019est tenue au si\u00e8ge du minist\u00e8re des Affaires \u00e9trang\u00e8res avec les ambassadeurs de la Roumanie et de la Pologne, et la charg\u00e9e d\u2019affaires de l\u2019ambassade de Hongrie en Alg\u00e9rie \u00bb, a-t-on indiqu\u00e9. \u00abLes diplomates ont affirm\u00e9, lors de cette r\u00e9union, que leurs pays respectifs \u00e9taient pr\u00eats \u00e0 coordonner avec les autorit\u00e9s et les services diplomatiques alg\u00e9riens concern\u00e9s pour faciliter l\u2019op\u00e9ration de passage aux fronti\u00e8res et l\u2019accueil&nbsp;&nbsp;des ressortissants alg\u00e9riens jusqu\u2019\u00e0 leur rapatriement\u00bb, a ajout\u00e9 le m\u00eame document. Par ailleurs, les autorit\u00e9s alg\u00e9riennes ont \u00e9vacu\u00e9 le personnel diplomatique de son ambassade \u00e0 Kiev. \u00abLe minist\u00e8re des Affaires \u00e9trang\u00e8res a d\u00e9cid\u00e9 d\u2019\u00e9vacuer le personnel de son ambassade \u00e0 Kiev et leur famille except\u00e9 l\u2019ambassadeur a bord des vols sp\u00e9ciaux de rapatriement des ressortissants alg\u00e9riens \u00e9tablis en Ukraine\u00bb, a-t-on indiqu\u00e9.&nbsp;<\/p>\n\n\n\n<p><strong>Salim Abdenour<\/strong><\/p>\n","protected":false},"excerpt":{"rendered":"<p>Les \u00e9tudiants alg\u00e9riens qui ont fui l\u2019Ukraine pour des raisons s\u00e9curitaires pourront d\u00e9sormais poursuivre leur cursus dans les universit\u00e9s hongroises.&nbsp;<\/p>\n","protected":false},"author":3,"featured_media":18422,"comment_status":"open","ping_status":"closed","sticky":false,"template":"","format":"standard","meta":{"colormag_page_container_layout":"default_layout","colormag_page_sidebar_layout":"default_layout","om_disable_all_campaigns":false,"_monsterinsights_skip_tracking":false,"_monsterinsights_sitenote_active":false,"_monsterinsights_sitenote_note":"","_monsterinsights_sitenote_category":0,"footnotes":"","_wpscppro_dont_share_socialmedia":false,"_wpscppro_custom_social_share_image":0,"_facebook_share_type":"","_twitter_share_type":"","_linkedin_share_type":"","_pinterest_share_type":"","_linkedin_share_type_page":"","_instagram_share_type":"","_medium_share_type":"","_threads_share_type":"","_google_business_share_type":"","_selected_social_profile":[],"_wpsp_enable_custom_social_template":false,"_wpsp_social_scheduling":{"enabled":false,"datetime":null,"platforms":[],"status":"template_only","dateOption":"today","timeOption":"now","customDays":"","customHours":"","customDate":"","customTime":"","schedulingType":"absolute"},"_wpsp_active_default_template":true},"categories":[52,27],"tags":[],"class_list":["post-18421","post","type-post","status-publish","format-standard","has-post-thumbnail","hentry","category-a-la-une","category-actualite"],"aioseo_notices":[],"yoast_head":"<!-- This site is optimized with the Yoast SEO plugin v27.5 - https:\/\/yoast.com\/product\/yoast-seo-wordpress\/ -->\n<title>Ayant quitt\u00e9 les universit\u00e9s de l\u2019Ukraine\u00a0:\u00a0Les \u00e9tudiants alg\u00e9riens peuvent suivre leurs \u00e9tudes en Hongrie - La Sentinelle<\/title>\n<meta name=\"robots\" content=\"index, follow, max-snippet:-1, max-image-preview:large, max-video-preview:-1\" \/>\n<link rel=\"canonical\" href=\"https:\/\/lasentinelle.dz\/index.php\/2022\/03\/16\/ayant-quitte-les-universites-de-lukraine-les-etudiants-algeriens-peuvent-suivre-leurs-etudes-en-hongrie\/\" \/>\n<meta property=\"og:locale\" content=\"fr_FR\" \/>\n<meta property=\"og:type\" content=\"article\" \/>\n<meta property=\"og:title\" content=\"Ayant quitt\u00e9 les universit\u00e9s de l\u2019Ukraine\u00a0:\u00a0Les \u00e9tudiants alg\u00e9riens peuvent suivre leurs \u00e9tudes en Hongrie - La Sentinelle\" \/>\n<meta property=\"og:description\" content=\"Les \u00e9tudiants alg\u00e9riens qui ont fui l\u2019Ukraine pour des raisons s\u00e9curitaires pourront d\u00e9sormais poursuivre leur cursus dans les universit\u00e9s hongroises.&nbsp;\" \/>\n<meta property=\"og:url\" content=\"https:\/\/lasentinelle.dz\/index.php\/2022\/03\/16\/ayant-quitte-les-universites-de-lukraine-les-etudiants-algeriens-peuvent-suivre-leurs-etudes-en-hongrie\/\" \/>\n<meta property=\"og:site_name\" content=\"La Sentinelle\" \/>\n<meta property=\"article:publisher\" content=\"https:\/\/www.facebook.com\/La-Sentinelle-104059864394773\" \/>\n<meta property=\"article:published_time\" content=\"2022-03-15T23:05:00+00:00\" \/>\n<meta property=\"og:image\" content=\"https:\/\/lasentinelle.dz\/wp-content\/uploads\/2022\/03\/mae-2.png\" \/>\n\t<meta property=\"og:image:width\" content=\"1591\" \/>\n\t<meta property=\"og:image:height\" content=\"900\" \/>\n\t<meta property=\"og:image:type\" content=\"image\/png\" \/>\n<meta name=\"author\" content=\"La Sentinelle\" \/>\n<meta name=\"twitter:card\" content=\"summary_large_image\" \/>\n<meta name=\"twitter:label1\" content=\"\u00c9crit par\" \/>\n\t<meta name=\"twitter:data1\" content=\"La Sentinelle\" \/>\n\t<meta name=\"twitter:label2\" content=\"Dur\u00e9e de lecture estim\u00e9e\" \/>\n\t<meta name=\"twitter:data2\" content=\"3 minutes\" \/>\n<script type=\"application\/ld+json\" class=\"yoast-schema-graph\">{\"@context\":\"https:\\\/\\\/schema.org\",\"@graph\":[{\"@type\":\"Article\",\"@id\":\"https:\\\/\\\/lasentinelle.dz\\\/index.php\\\/2022\\\/03\\\/16\\\/ayant-quitte-les-universites-de-lukraine-les-etudiants-algeriens-peuvent-suivre-leurs-etudes-en-hongrie\\\/#article\",\"isPartOf\":{\"@id\":\"https:\\\/\\\/lasentinelle.dz\\\/index.php\\\/2022\\\/03\\\/16\\\/ayant-quitte-les-universites-de-lukraine-les-etudiants-algeriens-peuvent-suivre-leurs-etudes-en-hongrie\\\/\"},\"author\":{\"name\":\"La Sentinelle\",\"@id\":\"https:\\\/\\\/lasentinelle.dz\\\/#\\\/schema\\\/person\\\/d865044e22e70a75174ce8bcad3acfb3\"},\"headline\":\"Ayant quitt\u00e9 les universit\u00e9s de l\u2019Ukraine\u00a0:\u00a0Les \u00e9tudiants alg\u00e9riens peuvent suivre leurs \u00e9tudes en Hongrie\",\"datePublished\":\"2022-03-15T23:05:00+00:00\",\"mainEntityOfPage\":{\"@id\":\"https:\\\/\\\/lasentinelle.dz\\\/index.php\\\/2022\\\/03\\\/16\\\/ayant-quitte-les-universites-de-lukraine-les-etudiants-algeriens-peuvent-suivre-leurs-etudes-en-hongrie\\\/\"},\"wordCount\":517,\"commentCount\":0,\"publisher\":{\"@id\":\"https:\\\/\\\/lasentinelle.dz\\\/#organization\"},\"image\":{\"@id\":\"https:\\\/\\\/lasentinelle.dz\\\/index.php\\\/2022\\\/03\\\/16\\\/ayant-quitte-les-universites-de-lukraine-les-etudiants-algeriens-peuvent-suivre-leurs-etudes-en-hongrie\\\/#primaryimage\"},\"thumbnailUrl\":\"https:\\\/\\\/lasentinelle.dz\\\/wp-content\\\/uploads\\\/2022\\\/03\\\/mae-2.png\",\"articleSection\":[\"\u00c0 la Une\",\"Actualit\u00e9\"],\"inLanguage\":\"fr-FR\",\"potentialAction\":[{\"@type\":\"CommentAction\",\"name\":\"Comment\",\"target\":[\"https:\\\/\\\/lasentinelle.dz\\\/index.php\\\/2022\\\/03\\\/16\\\/ayant-quitte-les-universites-de-lukraine-les-etudiants-algeriens-peuvent-suivre-leurs-etudes-en-hongrie\\\/#respond\"]}]},{\"@type\":\"WebPage\",\"@id\":\"https:\\\/\\\/lasentinelle.dz\\\/index.php\\\/2022\\\/03\\\/16\\\/ayant-quitte-les-universites-de-lukraine-les-etudiants-algeriens-peuvent-suivre-leurs-etudes-en-hongrie\\\/\",\"url\":\"https:\\\/\\\/lasentinelle.dz\\\/index.php\\\/2022\\\/03\\\/16\\\/ayant-quitte-les-universites-de-lukraine-les-etudiants-algeriens-peuvent-suivre-leurs-etudes-en-hongrie\\\/\",\"name\":\"Ayant quitt\u00e9 les universit\u00e9s de l\u2019Ukraine\u00a0:\u00a0Les \u00e9tudiants alg\u00e9riens peuvent suivre leurs \u00e9tudes en Hongrie - La Sentinelle\",\"isPartOf\":{\"@id\":\"https:\\\/\\\/lasentinelle.dz\\\/#website\"},\"primaryImageOfPage\":{\"@id\":\"https:\\\/\\\/lasentinelle.dz\\\/index.php\\\/2022\\\/03\\\/16\\\/ayant-quitte-les-universites-de-lukraine-les-etudiants-algeriens-peuvent-suivre-leurs-etudes-en-hongrie\\\/#primaryimage\"},\"image\":{\"@id\":\"https:\\\/\\\/lasentinelle.dz\\\/index.php\\\/2022\\\/03\\\/16\\\/ayant-quitte-les-universites-de-lukraine-les-etudiants-algeriens-peuvent-suivre-leurs-etudes-en-hongrie\\\/#primaryimage\"},\"thumbnailUrl\":\"https:\\\/\\\/lasentinelle.dz\\\/wp-content\\\/uploads\\\/2022\\\/03\\\/mae-2.png\",\"datePublished\":\"2022-03-15T23:05:00+00:00\",\"breadcrumb\":{\"@id\":\"https:\\\/\\\/lasentinelle.dz\\\/index.php\\\/2022\\\/03\\\/16\\\/ayant-quitte-les-universites-de-lukraine-les-etudiants-algeriens-peuvent-suivre-leurs-etudes-en-hongrie\\\/#breadcrumb\"},\"inLanguage\":\"fr-FR\",\"potentialAction\":[{\"@type\":\"ReadAction\",\"target\":[\"https:\\\/\\\/lasentinelle.dz\\\/index.php\\\/2022\\\/03\\\/16\\\/ayant-quitte-les-universites-de-lukraine-les-etudiants-algeriens-peuvent-suivre-leurs-etudes-en-hongrie\\\/\"]}]},{\"@type\":\"ImageObject\",\"inLanguage\":\"fr-FR\",\"@id\":\"https:\\\/\\\/lasentinelle.dz\\\/index.php\\\/2022\\\/03\\\/16\\\/ayant-quitte-les-universites-de-lukraine-les-etudiants-algeriens-peuvent-suivre-leurs-etudes-en-hongrie\\\/#primaryimage\",\"url\":\"https:\\\/\\\/lasentinelle.dz\\\/wp-content\\\/uploads\\\/2022\\\/03\\\/mae-2.png\",\"contentUrl\":\"https:\\\/\\\/lasentinelle.dz\\\/wp-content\\\/uploads\\\/2022\\\/03\\\/mae-2.png\",\"width\":1591,\"height\":900},{\"@type\":\"BreadcrumbList\",\"@id\":\"https:\\\/\\\/lasentinelle.dz\\\/index.php\\\/2022\\\/03\\\/16\\\/ayant-quitte-les-universites-de-lukraine-les-etudiants-algeriens-peuvent-suivre-leurs-etudes-en-hongrie\\\/#breadcrumb\",\"itemListElement\":[{\"@type\":\"ListItem\",\"position\":1,\"name\":\"Accueil\",\"item\":\"https:\\\/\\\/lasentinelle.dz\\\/\"},{\"@type\":\"ListItem\",\"position\":2,\"name\":\"Ayant quitt\u00e9 les universit\u00e9s de l\u2019Ukraine\u00a0:\u00a0Les \u00e9tudiants alg\u00e9riens peuvent suivre leurs \u00e9tudes en Hongrie\"}]},{\"@type\":\"WebSite\",\"@id\":\"https:\\\/\\\/lasentinelle.dz\\\/#website\",\"url\":\"https:\\\/\\\/lasentinelle.dz\\\/\",\"name\":\"La Sentinelle\",\"description\":\"Quotidien national d&#039;information\",\"publisher\":{\"@id\":\"https:\\\/\\\/lasentinelle.dz\\\/#organization\"},\"potentialAction\":[{\"@type\":\"SearchAction\",\"target\":{\"@type\":\"EntryPoint\",\"urlTemplate\":\"https:\\\/\\\/lasentinelle.dz\\\/?s={search_term_string}\"},\"query-input\":{\"@type\":\"PropertyValueSpecification\",\"valueRequired\":true,\"valueName\":\"search_term_string\"}}],\"inLanguage\":\"fr-FR\"},{\"@type\":\"Organization\",\"@id\":\"https:\\\/\\\/lasentinelle.dz\\\/#organization\",\"name\":\"Quotidien La Sentinelle\",\"url\":\"https:\\\/\\\/lasentinelle.dz\\\/\",\"logo\":{\"@type\":\"ImageObject\",\"inLanguage\":\"fr-FR\",\"@id\":\"https:\\\/\\\/lasentinelle.dz\\\/#\\\/schema\\\/logo\\\/image\\\/\",\"url\":\"https:\\\/\\\/lasentinelle.dz\\\/wp-content\\\/uploads\\\/2021\\\/09\\\/logo-sentinelleSLOGAN-1.png\",\"contentUrl\":\"https:\\\/\\\/lasentinelle.dz\\\/wp-content\\\/uploads\\\/2021\\\/09\\\/logo-sentinelleSLOGAN-1.png\",\"width\":615,\"height\":142,\"caption\":\"Quotidien La Sentinelle\"},\"image\":{\"@id\":\"https:\\\/\\\/lasentinelle.dz\\\/#\\\/schema\\\/logo\\\/image\\\/\"},\"sameAs\":[\"https:\\\/\\\/www.facebook.com\\\/La-Sentinelle-104059864394773\"]},{\"@type\":\"Person\",\"@id\":\"https:\\\/\\\/lasentinelle.dz\\\/#\\\/schema\\\/person\\\/d865044e22e70a75174ce8bcad3acfb3\",\"name\":\"La Sentinelle\",\"image\":{\"@type\":\"ImageObject\",\"inLanguage\":\"fr-FR\",\"@id\":\"https:\\\/\\\/secure.gravatar.com\\\/avatar\\\/57de8e5d4b15d43fb361a71fbb36338450fe67865b528a43dd10ef7c51a20392?s=96&d=mm&r=g\",\"url\":\"https:\\\/\\\/secure.gravatar.com\\\/avatar\\\/57de8e5d4b15d43fb361a71fbb36338450fe67865b528a43dd10ef7c51a20392?s=96&d=mm&r=g\",\"contentUrl\":\"https:\\\/\\\/secure.gravatar.com\\\/avatar\\\/57de8e5d4b15d43fb361a71fbb36338450fe67865b528a43dd10ef7c51a20392?s=96&d=mm&r=g\",\"caption\":\"La Sentinelle\"},\"sameAs\":[\"http:\\\/\\\/www.lasentinelle.dz\"],\"url\":\"https:\\\/\\\/lasentinelle.dz\\\/author\\\/redaction\\\/\"}]}<\/script>\n<!-- \/ Yoast SEO plugin. -->","yoast_head_json":{"title":"Ayant quitt\u00e9 les universit\u00e9s de l\u2019Ukraine\u00a0:\u00a0Les \u00e9tudiants alg\u00e9riens peuvent suivre leurs \u00e9tudes en Hongrie - La Sentinelle","robots":{"index":"index","follow":"follow","max-snippet":"max-snippet:-1","max-image-preview":"max-image-preview:large","max-video-preview":"max-video-preview:-1"},"canonical":"https:\/\/lasentinelle.dz\/index.php\/2022\/03\/16\/ayant-quitte-les-universites-de-lukraine-les-etudiants-algeriens-peuvent-suivre-leurs-etudes-en-hongrie\/","og_locale":"fr_FR","og_type":"article","og_title":"Ayant quitt\u00e9 les universit\u00e9s de l\u2019Ukraine\u00a0:\u00a0Les \u00e9tudiants alg\u00e9riens peuvent suivre leurs \u00e9tudes en Hongrie - La Sentinelle","og_description":"Les \u00e9tudiants alg\u00e9riens qui ont fui l\u2019Ukraine pour des raisons s\u00e9curitaires pourront d\u00e9sormais poursuivre leur cursus dans les universit\u00e9s hongroises.&nbsp;","og_url":"https:\/\/lasentinelle.dz\/index.php\/2022\/03\/16\/ayant-quitte-les-universites-de-lukraine-les-etudiants-algeriens-peuvent-suivre-leurs-etudes-en-hongrie\/","og_site_name":"La Sentinelle","article_publisher":"https:\/\/www.facebook.com\/La-Sentinelle-104059864394773","article_published_time":"2022-03-15T23:05:00+00:00","og_image":[{"width":1591,"height":900,"url":"https:\/\/lasentinelle.dz\/wp-content\/uploads\/2022\/03\/mae-2.png","type":"image\/png"}],"author":"La Sentinelle","twitter_card":"summary_large_image","twitter_misc":{"\u00c9crit par":"La Sentinelle","Dur\u00e9e de lecture estim\u00e9e":"3 minutes"},"schema":{"@context":"https:\/\/schema.org","@graph":[{"@type":"Article","@id":"https:\/\/lasentinelle.dz\/index.php\/2022\/03\/16\/ayant-quitte-les-universites-de-lukraine-les-etudiants-algeriens-peuvent-suivre-leurs-etudes-en-hongrie\/#article","isPartOf":{"@id":"https:\/\/lasentinelle.dz\/index.php\/2022\/03\/16\/ayant-quitte-les-universites-de-lukraine-les-etudiants-algeriens-peuvent-suivre-leurs-etudes-en-hongrie\/"},"author":{"name":"La Sentinelle","@id":"https:\/\/lasentinelle.dz\/#\/schema\/person\/d865044e22e70a75174ce8bcad3acfb3"},"headline":"Ayant quitt\u00e9 les universit\u00e9s de l\u2019Ukraine\u00a0:\u00a0Les \u00e9tudiants alg\u00e9riens peuvent suivre leurs \u00e9tudes en Hongrie","datePublished":"2022-03-15T23:05:00+00:00","mainEntityOfPage":{"@id":"https:\/\/lasentinelle.dz\/index.php\/2022\/03\/16\/ayant-quitte-les-universites-de-lukraine-les-etudiants-algeriens-peuvent-suivre-leurs-etudes-en-hongrie\/"},"wordCount":517,"commentCount":0,"publisher":{"@id":"https:\/\/lasentinelle.dz\/#organization"},"image":{"@id":"https:\/\/lasentinelle.dz\/index.php\/2022\/03\/16\/ayant-quitte-les-universites-de-lukraine-les-etudiants-algeriens-peuvent-suivre-leurs-etudes-en-hongrie\/#primaryimage"},"thumbnailUrl":"https:\/\/lasentinelle.dz\/wp-content\/uploads\/2022\/03\/mae-2.png","articleSection":["\u00c0 la Une","Actualit\u00e9"],"inLanguage":"fr-FR","potentialAction":[{"@type":"CommentAction","name":"Comment","target":["https:\/\/lasentinelle.dz\/index.php\/2022\/03\/16\/ayant-quitte-les-universites-de-lukraine-les-etudiants-algeriens-peuvent-suivre-leurs-etudes-en-hongrie\/#respond"]}]},{"@type":"WebPage","@id":"https:\/\/lasentinelle.dz\/index.php\/2022\/03\/16\/ayant-quitte-les-universites-de-lukraine-les-etudiants-algeriens-peuvent-suivre-leurs-etudes-en-hongrie\/","url":"https:\/\/lasentinelle.dz\/index.php\/2022\/03\/16\/ayant-quitte-les-universites-de-lukraine-les-etudiants-algeriens-peuvent-suivre-leurs-etudes-en-hongrie\/","name":"Ayant quitt\u00e9 les universit\u00e9s de l\u2019Ukraine\u00a0:\u00a0Les \u00e9tudiants alg\u00e9riens peuvent suivre leurs \u00e9tudes en Hongrie - La Sentinelle","isPartOf":{"@id":"https:\/\/lasentinelle.dz\/#website"},"primaryImageOfPage":{"@id":"https:\/\/lasentinelle.dz\/index.php\/2022\/03\/16\/ayant-quitte-les-universites-de-lukraine-les-etudiants-algeriens-peuvent-suivre-leurs-etudes-en-hongrie\/#primaryimage"},"image":{"@id":"https:\/\/lasentinelle.dz\/index.php\/2022\/03\/16\/ayant-quitte-les-universites-de-lukraine-les-etudiants-algeriens-peuvent-suivre-leurs-etudes-en-hongrie\/#primaryimage"},"thumbnailUrl":"https:\/\/lasentinelle.dz\/wp-content\/uploads\/2022\/03\/mae-2.png","datePublished":"2022-03-15T23:05:00+00:00","breadcrumb":{"@id":"https:\/\/lasentinelle.dz\/index.php\/2022\/03\/16\/ayant-quitte-les-universites-de-lukraine-les-etudiants-algeriens-peuvent-suivre-leurs-etudes-en-hongrie\/#breadcrumb"},"inLanguage":"fr-FR","potentialAction":[{"@type":"ReadAction","target":["https:\/\/lasentinelle.dz\/index.php\/2022\/03\/16\/ayant-quitte-les-universites-de-lukraine-les-etudiants-algeriens-peuvent-suivre-leurs-etudes-en-hongrie\/"]}]},{"@type":"ImageObject","inLanguage":"fr-FR","@id":"https:\/\/lasentinelle.dz\/index.php\/2022\/03\/16\/ayant-quitte-les-universites-de-lukraine-les-etudiants-algeriens-peuvent-suivre-leurs-etudes-en-hongrie\/#primaryimage","url":"https:\/\/lasentinelle.dz\/wp-content\/uploads\/2022\/03\/mae-2.png","contentUrl":"https:\/\/lasentinelle.dz\/wp-content\/uploads\/2022\/03\/mae-2.png","width":1591,"height":900},{"@type":"BreadcrumbList","@id":"https:\/\/lasentinelle.dz\/index.php\/2022\/03\/16\/ayant-quitte-les-universites-de-lukraine-les-etudiants-algeriens-peuvent-suivre-leurs-etudes-en-hongrie\/#breadcrumb","itemListElement":[{"@type":"ListItem","position":1,"name":"Accueil","item":"https:\/\/lasentinelle.dz\/"},{"@type":"ListItem","position":2,"name":"Ayant quitt\u00e9 les universit\u00e9s de l\u2019Ukraine\u00a0:\u00a0Les \u00e9tudiants alg\u00e9riens peuvent suivre leurs \u00e9tudes en Hongrie"}]},{"@type":"WebSite","@id":"https:\/\/lasentinelle.dz\/#website","url":"https:\/\/lasentinelle.dz\/","name":"La Sentinelle","description":"Quotidien national d&#039;information","publisher":{"@id":"https:\/\/lasentinelle.dz\/#organization"},"potentialAction":[{"@type":"SearchAction","target":{"@type":"EntryPoint","urlTemplate":"https:\/\/lasentinelle.dz\/?s={search_term_string}"},"query-input":{"@type":"PropertyValueSpecification","valueRequired":true,"valueName":"search_term_string"}}],"inLanguage":"fr-FR"},{"@type":"Organization","@id":"https:\/\/lasentinelle.dz\/#organization","name":"Quotidien La Sentinelle","url":"https:\/\/lasentinelle.dz\/","logo":{"@type":"ImageObject","inLanguage":"fr-FR","@id":"https:\/\/lasentinelle.dz\/#\/schema\/logo\/image\/","url":"https:\/\/lasentinelle.dz\/wp-content\/uploads\/2021\/09\/logo-sentinelleSLOGAN-1.png","contentUrl":"https:\/\/lasentinelle.dz\/wp-content\/uploads\/2021\/09\/logo-sentinelleSLOGAN-1.png","width":615,"height":142,"caption":"Quotidien La Sentinelle"},"image":{"@id":"https:\/\/lasentinelle.dz\/#\/schema\/logo\/image\/"},"sameAs":["https:\/\/www.facebook.com\/La-Sentinelle-104059864394773"]},{"@type":"Person","@id":"https:\/\/lasentinelle.dz\/#\/schema\/person\/d865044e22e70a75174ce8bcad3acfb3","name":"La Sentinelle","image":{"@type":"ImageObject","inLanguage":"fr-FR","@id":"https:\/\/secure.gravatar.com\/avatar\/57de8e5d4b15d43fb361a71fbb36338450fe67865b528a43dd10ef7c51a20392?s=96&d=mm&r=g","url":"https:\/\/secure.gravatar.com\/avatar\/57de8e5d4b15d43fb361a71fbb36338450fe67865b528a43dd10ef7c51a20392?s=96&d=mm&r=g","contentUrl":"https:\/\/secure.gravatar.com\/avatar\/57de8e5d4b15d43fb361a71fbb36338450fe67865b528a43dd10ef7c51a20392?s=96&d=mm&r=g","caption":"La Sentinelle"},"sameAs":["http:\/\/www.lasentinelle.dz"],"url":"https:\/\/lasentinelle.dz\/author\/redaction\/"}]}},"_links":{"self":[{"href":"https:\/\/lasentinelle.dz\/index.php\/wp-json\/wp\/v2\/posts\/18421","targetHints":{"allow":["GET"]}}],"collection":[{"href":"https:\/\/lasentinelle.dz\/index.php\/wp-json\/wp\/v2\/posts"}],"about":[{"href":"https:\/\/lasentinelle.dz\/index.php\/wp-json\/wp\/v2\/types\/post"}],"author":[{"embeddable":true,"href":"https:\/\/lasentinelle.dz\/index.php\/wp-json\/wp\/v2\/users\/3"}],"replies":[{"embeddable":true,"href":"https:\/\/lasentinelle.dz\/index.php\/wp-json\/wp\/v2\/comments?post=18421"}],"version-history":[{"count":1,"href":"https:\/\/lasentinelle.dz\/index.php\/wp-json\/wp\/v2\/posts\/18421\/revisions"}],"predecessor-version":[{"id":18423,"href":"https:\/\/lasentinelle.dz\/index.php\/wp-json\/wp\/v2\/posts\/18421\/revisions\/18423"}],"wp:featuredmedia":[{"embeddable":true,"href":"https:\/\/lasentinelle.dz\/index.php\/wp-json\/wp\/v2\/media\/18422"}],"wp:attachment":[{"href":"https:\/\/lasentinelle.dz\/index.php\/wp-json\/wp\/v2\/media?parent=18421"}],"wp:term":[{"taxonomy":"category","embeddable":true,"href":"https:\/\/lasentinelle.dz\/index.php\/wp-json\/wp\/v2\/categories?post=18421"},{"taxonomy":"post_tag","embeddable":true,"href":"https:\/\/lasentinelle.dz\/index.php\/wp-json\/wp\/v2\/tags?post=18421"}],"curies":[{"name":"wp","href":"https:\/\/api.w.org\/{rel}","templated":true}]}}