{"id":18433,"date":"2022-03-16T00:01:00","date_gmt":"2022-03-15T23:01:00","guid":{"rendered":"https:\/\/lasentinelle.dz\/?p=18433"},"modified":"2022-03-15T19:22:34","modified_gmt":"2022-03-15T18:22:34","slug":"mustapha-zebdi-president-de-lapoce-il-reste-du-travail-a-faire-en-matiere-de-protection-du-consommateur","status":"publish","type":"post","link":"https:\/\/lasentinelle.dz\/index.php\/2022\/03\/16\/mustapha-zebdi-president-de-lapoce-il-reste-du-travail-a-faire-en-matiere-de-protection-du-consommateur\/","title":{"rendered":"Mustapha Zebdi,\u00a0pr\u00e9sident de l\u2019APOCE\u00a0: \u00ab\u00a0Il reste du travail \u00e0 faire en mati\u00e8re de protection du consommateur\u00a0\u00bb"},"content":{"rendered":"\n<p>Pour la troisi\u00e8me ann\u00e9e, on a c\u00e9l\u00e9br\u00e9 la journ\u00e9e internationale du consommateur dans une conjoncture particuli\u00e8re. D\u2019abord \u00e0 cause de l\u2019\u00e9mergence de la pand\u00e9mie du Covid 19 durant les deux ann\u00e9es pr\u00e9c\u00e9dentes et cette ann\u00e9e avec l\u2019actualit\u00e9 internationale inqui\u00e9tante notamment au sujet de l\u2019impact de la crise en Ukraine sur la disponibilit\u00e9 des produits de premi\u00e8re n\u00e9cessit\u00e9, le consommateur alg\u00e9rien c\u00e9l\u00e8bre sa journ\u00e9e avec un certain stress. Un sentiment relativement partag\u00e9 par les consommateurs de tous les pays du monde mais qui est, en Alg\u00e9rie particuli\u00e8rement, exacerb\u00e9 par les fr\u00e9quentes p\u00e9nuries qui touchent les produits de large consommation \u00e0 bien des occasions. Et le mois de Ramadhan qui s\u2019approche \u00e0 grands pas est porteur d\u2019un grand stress en la mati\u00e8re malgr\u00e9 les assurances des pouvoirs publics.<\/p>\n\n\n\n<p>Mais, en dehors de ces situations exceptionnelles, le consommateur alg\u00e9rien reste \u00e0 \u00e9tudier d\u2019autant plus que son comportement reste difficile \u00e0 cerner \u00e0 cause notamment de la raret\u00e9 des \u00e9tudes faites \u00e0 ce sujet. Une raret\u00e9 engendr\u00e9e, doit-on le signaler, par le manque d\u2019organismes sp\u00e9cialis\u00e9s dans ce genre d\u2019\u00e9tudes. Toutefois, il existe d\u2019autres voies pour \u00e9baucher des esquisses de ce comportement aupr\u00e8s notamment des organisations nationales de la protection du consommateur \u00e0 l\u2019instar des quelques associations pr\u00e9sentes sur le terrain depuis quelques ann\u00e9es.<\/p>\n\n\n\n<p>Dans ce sens, le pr\u00e9sident de l&rsquo;Organisation alg\u00e9rienne de protection et d&rsquo;orientation du consommateur et son environnement (APOCE), Mustpha Zebdi, a estim\u00e9&nbsp;dans ce contexte&nbsp;que \u00ab malgr\u00e9 les avanc\u00e9es r\u00e9alis\u00e9es dans le domaine de la protection du consommateur alg\u00e9rien, il y a encore du travail \u00e0 faire \u00bb. Un travail qui reste \u00e0 faire dans le cadre juridique \u00e0 parfaire encore davantage bien que des textes soient \u00e9labor\u00e9s ces derniers temps dans l\u2019objectif de renforcer le contr\u00f4le de la qualit\u00e9 des produits propos\u00e9s aux alg\u00e9riens. Notre interlocuteur dira ainsi qu\u2019 \u00ab on ne peut pas dire que le consommateur est totalement prot\u00e9g\u00e9 car on n\u2019arrive pas encore \u00e0 r\u00e9guler le march\u00e9 \u00bb. \u00ab Un travail pour lequel, notre association reste disponible \u00e0 travailler avec tous les partenaires intervenant dans cette optique \u00bb, assure Zebdi. Ce dernier n\u2019a pas manqu\u00e9 de signaler que \u00ab l\u2019on vit actuellement une situation difficile \u00e0 cause des implications du Covid 19 duquel on n\u2019est pas encore sortis \u00bb.&nbsp;&nbsp;Le pr\u00e9sident de l&rsquo;APOCE dira par ailleurs que \u00ab son association \u0153uvre avec de nombreux partenaires \u00e0 renforcer la protection du consommateur alg\u00e9rien via la cr\u00e9ation r\u00e9cente d\u2019un laboratoire dont la mission est d\u2019enrichir le r\u00e9seau d\u00e9j\u00e0 existant pour la surveillance de la qualit\u00e9 des produits propos\u00e9s aux consommateurs \u00bb. Cependant, notre interlocuteur exprimait \u00ab un soulagement \u00bb du fait que le consommateur alg\u00e9rien commence d\u00e9sormais \u00e0 r\u00e9agir et \u00e0 se d\u00e9fendre. Des r\u00e9clamations sur des comportements nuisibles sont de plus en plus faites par des citoyens qui ne se laissent plus faire comme avant.&nbsp;<\/p>\n\n\n\n<p><strong>Akli Amor<\/strong><\/p>\n","protected":false},"excerpt":{"rendered":"<p>Pour la troisi\u00e8me ann\u00e9e, on a c\u00e9l\u00e9br\u00e9 la journ\u00e9e internationale du consommateur dans une conjoncture particuli\u00e8re. D\u2019abord \u00e0 cause de<\/p>\n","protected":false},"author":3,"featured_media":18436,"comment_status":"open","ping_status":"closed","sticky":false,"template":"","format":"standard","meta":{"colormag_page_container_layout":"default_layout","colormag_page_sidebar_layout":"default_layout","om_disable_all_campaigns":false,"_monsterinsights_skip_tracking":false,"_monsterinsights_sitenote_active":false,"_monsterinsights_sitenote_note":"","_monsterinsights_sitenote_category":0,"footnotes":"","_wpscppro_dont_share_socialmedia":false,"_wpscppro_custom_social_share_image":0,"_facebook_share_type":"","_twitter_share_type":"","_linkedin_share_type":"","_pinterest_share_type":"","_linkedin_share_type_page":"","_instagram_share_type":"","_medium_share_type":"","_threads_share_type":"","_google_business_share_type":"","_selected_social_profile":[],"_wpsp_enable_custom_social_template":false,"_wpsp_social_scheduling":{"enabled":false,"datetime":null,"platforms":[],"status":"template_only","dateOption":"today","timeOption":"now","customDays":"","customHours":"","customDate":"","customTime":"","schedulingType":"absolute"},"_wpsp_active_default_template":true},"categories":[29],"tags":[],"class_list":["post-18433","post","type-post","status-publish","format-standard","has-post-thumbnail","hentry","category-economie"],"aioseo_notices":[],"yoast_head":"<!-- This site is optimized with the Yoast SEO plugin v27.4 - https:\/\/yoast.com\/product\/yoast-seo-wordpress\/ -->\n<title>Mustapha Zebdi,\u00a0pr\u00e9sident de l\u2019APOCE\u00a0: \u00ab\u00a0Il reste du travail \u00e0 faire en mati\u00e8re de protection du consommateur\u00a0\u00bb - La Sentinelle<\/title>\n<meta name=\"robots\" content=\"index, follow, max-snippet:-1, max-image-preview:large, max-video-preview:-1\" \/>\n<link rel=\"canonical\" href=\"https:\/\/lasentinelle.dz\/index.php\/2022\/03\/16\/mustapha-zebdi-president-de-lapoce-il-reste-du-travail-a-faire-en-matiere-de-protection-du-consommateur\/\" \/>\n<meta property=\"og:locale\" content=\"fr_FR\" \/>\n<meta property=\"og:type\" content=\"article\" \/>\n<meta property=\"og:title\" content=\"Mustapha Zebdi,\u00a0pr\u00e9sident de l\u2019APOCE\u00a0: \u00ab\u00a0Il reste du travail \u00e0 faire en mati\u00e8re de protection du consommateur\u00a0\u00bb - La Sentinelle\" \/>\n<meta property=\"og:description\" content=\"Pour la troisi\u00e8me ann\u00e9e, on a c\u00e9l\u00e9br\u00e9 la journ\u00e9e internationale du consommateur dans une conjoncture particuli\u00e8re. D\u2019abord \u00e0 cause de\" \/>\n<meta property=\"og:url\" content=\"https:\/\/lasentinelle.dz\/index.php\/2022\/03\/16\/mustapha-zebdi-president-de-lapoce-il-reste-du-travail-a-faire-en-matiere-de-protection-du-consommateur\/\" \/>\n<meta property=\"og:site_name\" content=\"La Sentinelle\" \/>\n<meta property=\"article:publisher\" content=\"https:\/\/www.facebook.com\/La-Sentinelle-104059864394773\" \/>\n<meta property=\"article:published_time\" content=\"2022-03-15T23:01:00+00:00\" \/>\n<meta property=\"og:image\" content=\"https:\/\/lasentinelle.dz\/wp-content\/uploads\/2022\/03\/Unknown.jpeg\" \/>\n\t<meta property=\"og:image:width\" content=\"299\" \/>\n\t<meta property=\"og:image:height\" content=\"169\" \/>\n\t<meta property=\"og:image:type\" content=\"image\/jpeg\" \/>\n<meta name=\"author\" content=\"La Sentinelle\" \/>\n<meta name=\"twitter:card\" content=\"summary_large_image\" \/>\n<meta name=\"twitter:label1\" content=\"\u00c9crit par\" \/>\n\t<meta name=\"twitter:data1\" content=\"La Sentinelle\" \/>\n\t<meta name=\"twitter:label2\" content=\"Dur\u00e9e de lecture estim\u00e9e\" \/>\n\t<meta name=\"twitter:data2\" content=\"3 minutes\" \/>\n<script type=\"application\/ld+json\" class=\"yoast-schema-graph\">{\"@context\":\"https:\\\/\\\/schema.org\",\"@graph\":[{\"@type\":\"Article\",\"@id\":\"https:\\\/\\\/lasentinelle.dz\\\/index.php\\\/2022\\\/03\\\/16\\\/mustapha-zebdi-president-de-lapoce-il-reste-du-travail-a-faire-en-matiere-de-protection-du-consommateur\\\/#article\",\"isPartOf\":{\"@id\":\"https:\\\/\\\/lasentinelle.dz\\\/index.php\\\/2022\\\/03\\\/16\\\/mustapha-zebdi-president-de-lapoce-il-reste-du-travail-a-faire-en-matiere-de-protection-du-consommateur\\\/\"},\"author\":{\"name\":\"La Sentinelle\",\"@id\":\"https:\\\/\\\/lasentinelle.dz\\\/#\\\/schema\\\/person\\\/d865044e22e70a75174ce8bcad3acfb3\"},\"headline\":\"Mustapha Zebdi,\u00a0pr\u00e9sident de l\u2019APOCE\u00a0: \u00ab\u00a0Il reste du travail \u00e0 faire en mati\u00e8re de protection du consommateur\u00a0\u00bb\",\"datePublished\":\"2022-03-15T23:01:00+00:00\",\"mainEntityOfPage\":{\"@id\":\"https:\\\/\\\/lasentinelle.dz\\\/index.php\\\/2022\\\/03\\\/16\\\/mustapha-zebdi-president-de-lapoce-il-reste-du-travail-a-faire-en-matiere-de-protection-du-consommateur\\\/\"},\"wordCount\":538,\"commentCount\":0,\"publisher\":{\"@id\":\"https:\\\/\\\/lasentinelle.dz\\\/#organization\"},\"image\":{\"@id\":\"https:\\\/\\\/lasentinelle.dz\\\/index.php\\\/2022\\\/03\\\/16\\\/mustapha-zebdi-president-de-lapoce-il-reste-du-travail-a-faire-en-matiere-de-protection-du-consommateur\\\/#primaryimage\"},\"thumbnailUrl\":\"https:\\\/\\\/lasentinelle.dz\\\/wp-content\\\/uploads\\\/2022\\\/03\\\/Unknown.jpeg\",\"articleSection\":[\"\u00c9conomie\"],\"inLanguage\":\"fr-FR\",\"potentialAction\":[{\"@type\":\"CommentAction\",\"name\":\"Comment\",\"target\":[\"https:\\\/\\\/lasentinelle.dz\\\/index.php\\\/2022\\\/03\\\/16\\\/mustapha-zebdi-president-de-lapoce-il-reste-du-travail-a-faire-en-matiere-de-protection-du-consommateur\\\/#respond\"]}]},{\"@type\":\"WebPage\",\"@id\":\"https:\\\/\\\/lasentinelle.dz\\\/index.php\\\/2022\\\/03\\\/16\\\/mustapha-zebdi-president-de-lapoce-il-reste-du-travail-a-faire-en-matiere-de-protection-du-consommateur\\\/\",\"url\":\"https:\\\/\\\/lasentinelle.dz\\\/index.php\\\/2022\\\/03\\\/16\\\/mustapha-zebdi-president-de-lapoce-il-reste-du-travail-a-faire-en-matiere-de-protection-du-consommateur\\\/\",\"name\":\"Mustapha Zebdi,\u00a0pr\u00e9sident de l\u2019APOCE\u00a0: \u00ab\u00a0Il reste du travail \u00e0 faire en mati\u00e8re de protection du consommateur\u00a0\u00bb - La Sentinelle\",\"isPartOf\":{\"@id\":\"https:\\\/\\\/lasentinelle.dz\\\/#website\"},\"primaryImageOfPage\":{\"@id\":\"https:\\\/\\\/lasentinelle.dz\\\/index.php\\\/2022\\\/03\\\/16\\\/mustapha-zebdi-president-de-lapoce-il-reste-du-travail-a-faire-en-matiere-de-protection-du-consommateur\\\/#primaryimage\"},\"image\":{\"@id\":\"https:\\\/\\\/lasentinelle.dz\\\/index.php\\\/2022\\\/03\\\/16\\\/mustapha-zebdi-president-de-lapoce-il-reste-du-travail-a-faire-en-matiere-de-protection-du-consommateur\\\/#primaryimage\"},\"thumbnailUrl\":\"https:\\\/\\\/lasentinelle.dz\\\/wp-content\\\/uploads\\\/2022\\\/03\\\/Unknown.jpeg\",\"datePublished\":\"2022-03-15T23:01:00+00:00\",\"breadcrumb\":{\"@id\":\"https:\\\/\\\/lasentinelle.dz\\\/index.php\\\/2022\\\/03\\\/16\\\/mustapha-zebdi-president-de-lapoce-il-reste-du-travail-a-faire-en-matiere-de-protection-du-consommateur\\\/#breadcrumb\"},\"inLanguage\":\"fr-FR\",\"potentialAction\":[{\"@type\":\"ReadAction\",\"target\":[\"https:\\\/\\\/lasentinelle.dz\\\/index.php\\\/2022\\\/03\\\/16\\\/mustapha-zebdi-president-de-lapoce-il-reste-du-travail-a-faire-en-matiere-de-protection-du-consommateur\\\/\"]}]},{\"@type\":\"ImageObject\",\"inLanguage\":\"fr-FR\",\"@id\":\"https:\\\/\\\/lasentinelle.dz\\\/index.php\\\/2022\\\/03\\\/16\\\/mustapha-zebdi-president-de-lapoce-il-reste-du-travail-a-faire-en-matiere-de-protection-du-consommateur\\\/#primaryimage\",\"url\":\"https:\\\/\\\/lasentinelle.dz\\\/wp-content\\\/uploads\\\/2022\\\/03\\\/Unknown.jpeg\",\"contentUrl\":\"https:\\\/\\\/lasentinelle.dz\\\/wp-content\\\/uploads\\\/2022\\\/03\\\/Unknown.jpeg\",\"width\":299,\"height\":169},{\"@type\":\"BreadcrumbList\",\"@id\":\"https:\\\/\\\/lasentinelle.dz\\\/index.php\\\/2022\\\/03\\\/16\\\/mustapha-zebdi-president-de-lapoce-il-reste-du-travail-a-faire-en-matiere-de-protection-du-consommateur\\\/#breadcrumb\",\"itemListElement\":[{\"@type\":\"ListItem\",\"position\":1,\"name\":\"Accueil\",\"item\":\"https:\\\/\\\/lasentinelle.dz\\\/\"},{\"@type\":\"ListItem\",\"position\":2,\"name\":\"Mustapha Zebdi,\u00a0pr\u00e9sident de l\u2019APOCE\u00a0: \u00ab\u00a0Il reste du travail \u00e0 faire en mati\u00e8re de protection du consommateur\u00a0\u00bb\"}]},{\"@type\":\"WebSite\",\"@id\":\"https:\\\/\\\/lasentinelle.dz\\\/#website\",\"url\":\"https:\\\/\\\/lasentinelle.dz\\\/\",\"name\":\"La Sentinelle\",\"description\":\"Quotidien national d&#039;information\",\"publisher\":{\"@id\":\"https:\\\/\\\/lasentinelle.dz\\\/#organization\"},\"potentialAction\":[{\"@type\":\"SearchAction\",\"target\":{\"@type\":\"EntryPoint\",\"urlTemplate\":\"https:\\\/\\\/lasentinelle.dz\\\/?s={search_term_string}\"},\"query-input\":{\"@type\":\"PropertyValueSpecification\",\"valueRequired\":true,\"valueName\":\"search_term_string\"}}],\"inLanguage\":\"fr-FR\"},{\"@type\":\"Organization\",\"@id\":\"https:\\\/\\\/lasentinelle.dz\\\/#organization\",\"name\":\"Quotidien La Sentinelle\",\"url\":\"https:\\\/\\\/lasentinelle.dz\\\/\",\"logo\":{\"@type\":\"ImageObject\",\"inLanguage\":\"fr-FR\",\"@id\":\"https:\\\/\\\/lasentinelle.dz\\\/#\\\/schema\\\/logo\\\/image\\\/\",\"url\":\"https:\\\/\\\/lasentinelle.dz\\\/wp-content\\\/uploads\\\/2021\\\/09\\\/logo-sentinelleSLOGAN-1.png\",\"contentUrl\":\"https:\\\/\\\/lasentinelle.dz\\\/wp-content\\\/uploads\\\/2021\\\/09\\\/logo-sentinelleSLOGAN-1.png\",\"width\":615,\"height\":142,\"caption\":\"Quotidien La Sentinelle\"},\"image\":{\"@id\":\"https:\\\/\\\/lasentinelle.dz\\\/#\\\/schema\\\/logo\\\/image\\\/\"},\"sameAs\":[\"https:\\\/\\\/www.facebook.com\\\/La-Sentinelle-104059864394773\"]},{\"@type\":\"Person\",\"@id\":\"https:\\\/\\\/lasentinelle.dz\\\/#\\\/schema\\\/person\\\/d865044e22e70a75174ce8bcad3acfb3\",\"name\":\"La Sentinelle\",\"image\":{\"@type\":\"ImageObject\",\"inLanguage\":\"fr-FR\",\"@id\":\"https:\\\/\\\/secure.gravatar.com\\\/avatar\\\/57de8e5d4b15d43fb361a71fbb36338450fe67865b528a43dd10ef7c51a20392?s=96&d=mm&r=g\",\"url\":\"https:\\\/\\\/secure.gravatar.com\\\/avatar\\\/57de8e5d4b15d43fb361a71fbb36338450fe67865b528a43dd10ef7c51a20392?s=96&d=mm&r=g\",\"contentUrl\":\"https:\\\/\\\/secure.gravatar.com\\\/avatar\\\/57de8e5d4b15d43fb361a71fbb36338450fe67865b528a43dd10ef7c51a20392?s=96&d=mm&r=g\",\"caption\":\"La Sentinelle\"},\"sameAs\":[\"http:\\\/\\\/www.lasentinelle.dz\"],\"url\":\"https:\\\/\\\/lasentinelle.dz\\\/author\\\/redaction\\\/\"}]}<\/script>\n<!-- \/ Yoast SEO plugin. -->","yoast_head_json":{"title":"Mustapha Zebdi,\u00a0pr\u00e9sident de l\u2019APOCE\u00a0: \u00ab\u00a0Il reste du travail \u00e0 faire en mati\u00e8re de protection du consommateur\u00a0\u00bb - La Sentinelle","robots":{"index":"index","follow":"follow","max-snippet":"max-snippet:-1","max-image-preview":"max-image-preview:large","max-video-preview":"max-video-preview:-1"},"canonical":"https:\/\/lasentinelle.dz\/index.php\/2022\/03\/16\/mustapha-zebdi-president-de-lapoce-il-reste-du-travail-a-faire-en-matiere-de-protection-du-consommateur\/","og_locale":"fr_FR","og_type":"article","og_title":"Mustapha Zebdi,\u00a0pr\u00e9sident de l\u2019APOCE\u00a0: \u00ab\u00a0Il reste du travail \u00e0 faire en mati\u00e8re de protection du consommateur\u00a0\u00bb - La Sentinelle","og_description":"Pour la troisi\u00e8me ann\u00e9e, on a c\u00e9l\u00e9br\u00e9 la journ\u00e9e internationale du consommateur dans une conjoncture particuli\u00e8re. D\u2019abord \u00e0 cause de","og_url":"https:\/\/lasentinelle.dz\/index.php\/2022\/03\/16\/mustapha-zebdi-president-de-lapoce-il-reste-du-travail-a-faire-en-matiere-de-protection-du-consommateur\/","og_site_name":"La Sentinelle","article_publisher":"https:\/\/www.facebook.com\/La-Sentinelle-104059864394773","article_published_time":"2022-03-15T23:01:00+00:00","og_image":[{"width":299,"height":169,"url":"https:\/\/lasentinelle.dz\/wp-content\/uploads\/2022\/03\/Unknown.jpeg","type":"image\/jpeg"}],"author":"La Sentinelle","twitter_card":"summary_large_image","twitter_misc":{"\u00c9crit par":"La Sentinelle","Dur\u00e9e de lecture estim\u00e9e":"3 minutes"},"schema":{"@context":"https:\/\/schema.org","@graph":[{"@type":"Article","@id":"https:\/\/lasentinelle.dz\/index.php\/2022\/03\/16\/mustapha-zebdi-president-de-lapoce-il-reste-du-travail-a-faire-en-matiere-de-protection-du-consommateur\/#article","isPartOf":{"@id":"https:\/\/lasentinelle.dz\/index.php\/2022\/03\/16\/mustapha-zebdi-president-de-lapoce-il-reste-du-travail-a-faire-en-matiere-de-protection-du-consommateur\/"},"author":{"name":"La Sentinelle","@id":"https:\/\/lasentinelle.dz\/#\/schema\/person\/d865044e22e70a75174ce8bcad3acfb3"},"headline":"Mustapha Zebdi,\u00a0pr\u00e9sident de l\u2019APOCE\u00a0: \u00ab\u00a0Il reste du travail \u00e0 faire en mati\u00e8re de protection du consommateur\u00a0\u00bb","datePublished":"2022-03-15T23:01:00+00:00","mainEntityOfPage":{"@id":"https:\/\/lasentinelle.dz\/index.php\/2022\/03\/16\/mustapha-zebdi-president-de-lapoce-il-reste-du-travail-a-faire-en-matiere-de-protection-du-consommateur\/"},"wordCount":538,"commentCount":0,"publisher":{"@id":"https:\/\/lasentinelle.dz\/#organization"},"image":{"@id":"https:\/\/lasentinelle.dz\/index.php\/2022\/03\/16\/mustapha-zebdi-president-de-lapoce-il-reste-du-travail-a-faire-en-matiere-de-protection-du-consommateur\/#primaryimage"},"thumbnailUrl":"https:\/\/lasentinelle.dz\/wp-content\/uploads\/2022\/03\/Unknown.jpeg","articleSection":["\u00c9conomie"],"inLanguage":"fr-FR","potentialAction":[{"@type":"CommentAction","name":"Comment","target":["https:\/\/lasentinelle.dz\/index.php\/2022\/03\/16\/mustapha-zebdi-president-de-lapoce-il-reste-du-travail-a-faire-en-matiere-de-protection-du-consommateur\/#respond"]}]},{"@type":"WebPage","@id":"https:\/\/lasentinelle.dz\/index.php\/2022\/03\/16\/mustapha-zebdi-president-de-lapoce-il-reste-du-travail-a-faire-en-matiere-de-protection-du-consommateur\/","url":"https:\/\/lasentinelle.dz\/index.php\/2022\/03\/16\/mustapha-zebdi-president-de-lapoce-il-reste-du-travail-a-faire-en-matiere-de-protection-du-consommateur\/","name":"Mustapha Zebdi,\u00a0pr\u00e9sident de l\u2019APOCE\u00a0: \u00ab\u00a0Il reste du travail \u00e0 faire en mati\u00e8re de protection du consommateur\u00a0\u00bb - La Sentinelle","isPartOf":{"@id":"https:\/\/lasentinelle.dz\/#website"},"primaryImageOfPage":{"@id":"https:\/\/lasentinelle.dz\/index.php\/2022\/03\/16\/mustapha-zebdi-president-de-lapoce-il-reste-du-travail-a-faire-en-matiere-de-protection-du-consommateur\/#primaryimage"},"image":{"@id":"https:\/\/lasentinelle.dz\/index.php\/2022\/03\/16\/mustapha-zebdi-president-de-lapoce-il-reste-du-travail-a-faire-en-matiere-de-protection-du-consommateur\/#primaryimage"},"thumbnailUrl":"https:\/\/lasentinelle.dz\/wp-content\/uploads\/2022\/03\/Unknown.jpeg","datePublished":"2022-03-15T23:01:00+00:00","breadcrumb":{"@id":"https:\/\/lasentinelle.dz\/index.php\/2022\/03\/16\/mustapha-zebdi-president-de-lapoce-il-reste-du-travail-a-faire-en-matiere-de-protection-du-consommateur\/#breadcrumb"},"inLanguage":"fr-FR","potentialAction":[{"@type":"ReadAction","target":["https:\/\/lasentinelle.dz\/index.php\/2022\/03\/16\/mustapha-zebdi-president-de-lapoce-il-reste-du-travail-a-faire-en-matiere-de-protection-du-consommateur\/"]}]},{"@type":"ImageObject","inLanguage":"fr-FR","@id":"https:\/\/lasentinelle.dz\/index.php\/2022\/03\/16\/mustapha-zebdi-president-de-lapoce-il-reste-du-travail-a-faire-en-matiere-de-protection-du-consommateur\/#primaryimage","url":"https:\/\/lasentinelle.dz\/wp-content\/uploads\/2022\/03\/Unknown.jpeg","contentUrl":"https:\/\/lasentinelle.dz\/wp-content\/uploads\/2022\/03\/Unknown.jpeg","width":299,"height":169},{"@type":"BreadcrumbList","@id":"https:\/\/lasentinelle.dz\/index.php\/2022\/03\/16\/mustapha-zebdi-president-de-lapoce-il-reste-du-travail-a-faire-en-matiere-de-protection-du-consommateur\/#breadcrumb","itemListElement":[{"@type":"ListItem","position":1,"name":"Accueil","item":"https:\/\/lasentinelle.dz\/"},{"@type":"ListItem","position":2,"name":"Mustapha Zebdi,\u00a0pr\u00e9sident de l\u2019APOCE\u00a0: \u00ab\u00a0Il reste du travail \u00e0 faire en mati\u00e8re de protection du consommateur\u00a0\u00bb"}]},{"@type":"WebSite","@id":"https:\/\/lasentinelle.dz\/#website","url":"https:\/\/lasentinelle.dz\/","name":"La Sentinelle","description":"Quotidien national d&#039;information","publisher":{"@id":"https:\/\/lasentinelle.dz\/#organization"},"potentialAction":[{"@type":"SearchAction","target":{"@type":"EntryPoint","urlTemplate":"https:\/\/lasentinelle.dz\/?s={search_term_string}"},"query-input":{"@type":"PropertyValueSpecification","valueRequired":true,"valueName":"search_term_string"}}],"inLanguage":"fr-FR"},{"@type":"Organization","@id":"https:\/\/lasentinelle.dz\/#organization","name":"Quotidien La Sentinelle","url":"https:\/\/lasentinelle.dz\/","logo":{"@type":"ImageObject","inLanguage":"fr-FR","@id":"https:\/\/lasentinelle.dz\/#\/schema\/logo\/image\/","url":"https:\/\/lasentinelle.dz\/wp-content\/uploads\/2021\/09\/logo-sentinelleSLOGAN-1.png","contentUrl":"https:\/\/lasentinelle.dz\/wp-content\/uploads\/2021\/09\/logo-sentinelleSLOGAN-1.png","width":615,"height":142,"caption":"Quotidien La Sentinelle"},"image":{"@id":"https:\/\/lasentinelle.dz\/#\/schema\/logo\/image\/"},"sameAs":["https:\/\/www.facebook.com\/La-Sentinelle-104059864394773"]},{"@type":"Person","@id":"https:\/\/lasentinelle.dz\/#\/schema\/person\/d865044e22e70a75174ce8bcad3acfb3","name":"La Sentinelle","image":{"@type":"ImageObject","inLanguage":"fr-FR","@id":"https:\/\/secure.gravatar.com\/avatar\/57de8e5d4b15d43fb361a71fbb36338450fe67865b528a43dd10ef7c51a20392?s=96&d=mm&r=g","url":"https:\/\/secure.gravatar.com\/avatar\/57de8e5d4b15d43fb361a71fbb36338450fe67865b528a43dd10ef7c51a20392?s=96&d=mm&r=g","contentUrl":"https:\/\/secure.gravatar.com\/avatar\/57de8e5d4b15d43fb361a71fbb36338450fe67865b528a43dd10ef7c51a20392?s=96&d=mm&r=g","caption":"La Sentinelle"},"sameAs":["http:\/\/www.lasentinelle.dz"],"url":"https:\/\/lasentinelle.dz\/author\/redaction\/"}]}},"_links":{"self":[{"href":"https:\/\/lasentinelle.dz\/index.php\/wp-json\/wp\/v2\/posts\/18433","targetHints":{"allow":["GET"]}}],"collection":[{"href":"https:\/\/lasentinelle.dz\/index.php\/wp-json\/wp\/v2\/posts"}],"about":[{"href":"https:\/\/lasentinelle.dz\/index.php\/wp-json\/wp\/v2\/types\/post"}],"author":[{"embeddable":true,"href":"https:\/\/lasentinelle.dz\/index.php\/wp-json\/wp\/v2\/users\/3"}],"replies":[{"embeddable":true,"href":"https:\/\/lasentinelle.dz\/index.php\/wp-json\/wp\/v2\/comments?post=18433"}],"version-history":[{"count":1,"href":"https:\/\/lasentinelle.dz\/index.php\/wp-json\/wp\/v2\/posts\/18433\/revisions"}],"predecessor-version":[{"id":18438,"href":"https:\/\/lasentinelle.dz\/index.php\/wp-json\/wp\/v2\/posts\/18433\/revisions\/18438"}],"wp:featuredmedia":[{"embeddable":true,"href":"https:\/\/lasentinelle.dz\/index.php\/wp-json\/wp\/v2\/media\/18436"}],"wp:attachment":[{"href":"https:\/\/lasentinelle.dz\/index.php\/wp-json\/wp\/v2\/media?parent=18433"}],"wp:term":[{"taxonomy":"category","embeddable":true,"href":"https:\/\/lasentinelle.dz\/index.php\/wp-json\/wp\/v2\/categories?post=18433"},{"taxonomy":"post_tag","embeddable":true,"href":"https:\/\/lasentinelle.dz\/index.php\/wp-json\/wp\/v2\/tags?post=18433"}],"curies":[{"name":"wp","href":"https:\/\/api.w.org\/{rel}","templated":true}]}}