{"id":18439,"date":"2022-03-16T00:01:00","date_gmt":"2022-03-15T23:01:00","guid":{"rendered":"https:\/\/lasentinelle.dz\/?p=18439"},"modified":"2022-03-15T20:03:23","modified_gmt":"2022-03-15T19:03:23","slug":"cnese-lancement-dune-plateforme-de-donnees-statistiques","status":"publish","type":"post","link":"https:\/\/lasentinelle.dz\/index.php\/2022\/03\/16\/cnese-lancement-dune-plateforme-de-donnees-statistiques\/","title":{"rendered":"CNESE\u00a0: Lancement d\u2019une plateforme de donn\u00e9es statistiques \u00ab\u00a0"},"content":{"rendered":"\n<p>Une plateforme de donn\u00e9es statistiques, baptis\u00e9e \u00ab\u00a0Tahat\u00a0\u00bb, permettant le suivi des objectifs de d\u00e9veloppement durable (ODD) et des priorit\u00e9s nationales de l&rsquo;Alg\u00e9rie dans diff\u00e9rents secteurs, a \u00e9t\u00e9 lanc\u00e9e, hier \u00e0 Alger, par le Conseil national \u00e9conomique, social et environnemental (CNESE). Cette plateforme \u00e9labor\u00e9e par le CNESE avec l&rsquo;appui technique de l&rsquo;UNICEF et en collaboration avec la Community Systems Foundation (CSF), est connect\u00e9e \u00e0 une base de donn\u00e9es statistique contenant plus de 350 indicateurs, pr\u00e8s de 30.000 points de donn\u00e9es puis\u00e9s dans 128 sources diff\u00e9rentes pour des p\u00e9riodes diff\u00e9rentes, a indiqu\u00e9 le Chef de la division Ressources informationnelles et simulations du CNESE, Abdelhamid Ouari.<\/p>\n\n\n\n<p>Cette plateforme regroupe, notamment, les donn\u00e9es des trois derni\u00e8res enqu\u00eates Multiple indactor cluster survey (MICS) ainsi que celle du Recensement g\u00e9n\u00e9ral de la population et de l&rsquo;habitat (RGPH) 2008, en plus de donn\u00e9es fournies par l&rsquo;Office national des statistiques (ONS) mais aussi celles recueillies aupr\u00e8s de plusieurs minist\u00e8res \u00e0 l&rsquo;instar de celui des Finances, des Transports, de l&rsquo;\u00c9nergie, de la Sant\u00e9 et de l&rsquo;\u00c9ducation, a-t-il pr\u00e9cis\u00e9. La plateforme \u00ab\u00a0Tahat\u00a0\u00bb (en r\u00e9f\u00e9rence au plus haut sommet de l&rsquo;Alg\u00e9rie situ\u00e9 dans le massif du Hoggar dans le Sud de l&rsquo;Alg\u00e9rie) propose, entre autres, une section r\u00e9serv\u00e9e aux tableaux de bords, notamment le tableau de bord \u00e9conomique, social et environnemental de l&rsquo;Alg\u00e9rie, compos\u00e9 de plusieurs chapitres : les activit\u00e9s \u00e9conomiques, finance publique, d\u00e9mographie et population, march\u00e9 du travail, revenus et salaires, d\u00e9veloppement du capital humain et environnement, a d\u00e9taill\u00e9 M. Ouari. De plus, \u00ab\u00a0Tahat\u00a0\u00bb est bas\u00e9e sur le mod\u00e8le de Data For All initi\u00e9 par CSF avec des outils \u00ab\u00a0dynamiques\u00a0\u00bb configur\u00e9s pour pouvoir mettre \u00e0 jour la base de donn\u00e9es et les tableaux de bords, a-t-il expliqu\u00e9. Dans son allocution d&rsquo;ouverture, la vice-pr\u00e9sidente du CNESE, Pr. Hasna Amina Messaid, a soulign\u00e9 que \u00ab\u00a0Tahat\u00a0\u00bb \u00e9tait \u00ab\u00a0la premi\u00e8re\u00a0\u00bb plateforme du genre regroupant dans une seule source un nombre \u00ab\u00a0important\u00a0\u00bb de donn\u00e9es \u00ab\u00a0utiles\u00a0\u00bb, r\u00e9sultantes de calculs \u00e9conomiques et financiers \u00ab\u00a0modernes\u00a0\u00bb et recueillies de sources \u00ab\u00a0officielles\u00a0\u00bb. Ces donn\u00e9es contribueront \u00ab\u00a0\u00e0 la prise de d\u00e9cision en haut lieu\u00a0\u00bb tout en permettant \u00e0 \u00ab\u00a0tout le monde\u00a0\u00bb un acc\u00e8s \u00e0 des informations \u00ab\u00a0importantes\u00a0\u00bb, a-t-elle pr\u00e9cis\u00e9.<\/p>\n\n\n\n<p>Mme Messaid a soulign\u00e9, \u00e9galement, la \u00ab\u00a0facilit\u00e9\u00a0\u00bb de l&rsquo;utilisation de cette plateforme, notamment la lecture et la compr\u00e9hension des tableaux de bords et des documents et autres rapports mis \u00e0 la disposition des chefs d&rsquo;entreprises, investisseurs, l\u00e9gislateurs, repr\u00e9sentants de la soci\u00e9t\u00e9 civile, acad\u00e9miciens, chercheurs et autres \u00e9tudiants. Cette plateforme qui permettra \u00ab\u00a0un gain de temps et d&rsquo;argent\u00a0\u00bb, selon-elle, gr\u00e2ce \u00e0 \u00ab\u00a0un partage des donn\u00e9es et une coordination en temps r\u00e9el\u00a0\u00bb entre les diff\u00e9rents intervenants \u00ab\u00a0afin de mieux suivre les activit\u00e9s et de pouvoir intervenir en temps opportun pour apporter les rectificatifs qui s&rsquo;imposent. Pour sa part, le repr\u00e9sentant de l&rsquo;UNICEF en Alg\u00e9rie, Dr. Isselmou Boukhary, a estim\u00e9 que cette plateforme est \u00ab\u00a0une pierre angulaire\u00a0\u00bb qui contribuera \u00e0 la construction d&rsquo;un syst\u00e8me de donn\u00e9s \u00ab\u00a0fiable et accessible \u00e0 tous\u00a0\u00bb. L&rsquo;UNICEF envisage de partager l&rsquo;exp\u00e9rience de l&rsquo;Alg\u00e9rie et en fasse profiter les autres pays de la r\u00e9gion et du continent, a-t-il fait savoir.<\/p>\n\n\n\n<p>APS<\/p>\n","protected":false},"excerpt":{"rendered":"<p>Une plateforme de donn\u00e9es statistiques, baptis\u00e9e \u00ab\u00a0Tahat\u00a0\u00bb, permettant le suivi des objectifs de d\u00e9veloppement durable (ODD) et des priorit\u00e9s nationales<\/p>\n","protected":false},"author":3,"featured_media":18446,"comment_status":"open","ping_status":"closed","sticky":false,"template":"","format":"standard","meta":{"colormag_page_container_layout":"default_layout","colormag_page_sidebar_layout":"default_layout","om_disable_all_campaigns":false,"_monsterinsights_skip_tracking":false,"_monsterinsights_sitenote_active":false,"_monsterinsights_sitenote_note":"","_monsterinsights_sitenote_category":0,"footnotes":"","_wpscppro_dont_share_socialmedia":false,"_wpscppro_custom_social_share_image":0,"_facebook_share_type":"","_twitter_share_type":"","_linkedin_share_type":"","_pinterest_share_type":"","_linkedin_share_type_page":"","_instagram_share_type":"","_medium_share_type":"","_threads_share_type":"","_google_business_share_type":"","_selected_social_profile":[],"_wpsp_enable_custom_social_template":false,"_wpsp_social_scheduling":{"enabled":false,"datetime":null,"platforms":[],"status":"template_only","dateOption":"today","timeOption":"now","customDays":"","customHours":"","customDate":"","customTime":"","schedulingType":"absolute"},"_wpsp_active_default_template":true},"categories":[29],"tags":[],"class_list":["post-18439","post","type-post","status-publish","format-standard","has-post-thumbnail","hentry","category-economie"],"aioseo_notices":[],"yoast_head":"<!-- This site is optimized with the Yoast SEO plugin v27.5 - https:\/\/yoast.com\/product\/yoast-seo-wordpress\/ -->\n<title>CNESE\u00a0: Lancement d\u2019une plateforme de donn\u00e9es statistiques &quot; - La Sentinelle<\/title>\n<meta name=\"robots\" content=\"index, follow, max-snippet:-1, max-image-preview:large, max-video-preview:-1\" \/>\n<link rel=\"canonical\" href=\"https:\/\/lasentinelle.dz\/index.php\/2022\/03\/16\/cnese-lancement-dune-plateforme-de-donnees-statistiques\/\" \/>\n<meta property=\"og:locale\" content=\"fr_FR\" \/>\n<meta property=\"og:type\" content=\"article\" \/>\n<meta property=\"og:title\" content=\"CNESE\u00a0: Lancement d\u2019une plateforme de donn\u00e9es statistiques &quot; - La Sentinelle\" \/>\n<meta property=\"og:description\" content=\"Une plateforme de donn\u00e9es statistiques, baptis\u00e9e \u00ab\u00a0Tahat\u00a0\u00bb, permettant le suivi des objectifs de d\u00e9veloppement durable (ODD) et des priorit\u00e9s nationales\" \/>\n<meta property=\"og:url\" content=\"https:\/\/lasentinelle.dz\/index.php\/2022\/03\/16\/cnese-lancement-dune-plateforme-de-donnees-statistiques\/\" \/>\n<meta property=\"og:site_name\" content=\"La Sentinelle\" \/>\n<meta property=\"article:publisher\" content=\"https:\/\/www.facebook.com\/La-Sentinelle-104059864394773\" \/>\n<meta property=\"article:published_time\" content=\"2022-03-15T23:01:00+00:00\" \/>\n<meta property=\"og:image\" content=\"https:\/\/lasentinelle.dz\/wp-content\/uploads\/2022\/03\/e471404e16f3b9d08fab011d4880b31a_M.jpg\" \/>\n\t<meta property=\"og:image:width\" content=\"580\" \/>\n\t<meta property=\"og:image:height\" content=\"350\" \/>\n\t<meta property=\"og:image:type\" content=\"image\/jpeg\" \/>\n<meta name=\"author\" content=\"La Sentinelle\" \/>\n<meta name=\"twitter:card\" content=\"summary_large_image\" \/>\n<meta name=\"twitter:label1\" content=\"\u00c9crit par\" \/>\n\t<meta name=\"twitter:data1\" content=\"La Sentinelle\" \/>\n\t<meta name=\"twitter:label2\" content=\"Dur\u00e9e de lecture estim\u00e9e\" \/>\n\t<meta name=\"twitter:data2\" content=\"3 minutes\" \/>\n<script type=\"application\/ld+json\" class=\"yoast-schema-graph\">{\"@context\":\"https:\\\/\\\/schema.org\",\"@graph\":[{\"@type\":\"Article\",\"@id\":\"https:\\\/\\\/lasentinelle.dz\\\/index.php\\\/2022\\\/03\\\/16\\\/cnese-lancement-dune-plateforme-de-donnees-statistiques\\\/#article\",\"isPartOf\":{\"@id\":\"https:\\\/\\\/lasentinelle.dz\\\/index.php\\\/2022\\\/03\\\/16\\\/cnese-lancement-dune-plateforme-de-donnees-statistiques\\\/\"},\"author\":{\"name\":\"La Sentinelle\",\"@id\":\"https:\\\/\\\/lasentinelle.dz\\\/#\\\/schema\\\/person\\\/d865044e22e70a75174ce8bcad3acfb3\"},\"headline\":\"CNESE\u00a0: Lancement d\u2019une plateforme de donn\u00e9es statistiques \u00ab\u00a0\",\"datePublished\":\"2022-03-15T23:01:00+00:00\",\"mainEntityOfPage\":{\"@id\":\"https:\\\/\\\/lasentinelle.dz\\\/index.php\\\/2022\\\/03\\\/16\\\/cnese-lancement-dune-plateforme-de-donnees-statistiques\\\/\"},\"wordCount\":579,\"commentCount\":0,\"publisher\":{\"@id\":\"https:\\\/\\\/lasentinelle.dz\\\/#organization\"},\"image\":{\"@id\":\"https:\\\/\\\/lasentinelle.dz\\\/index.php\\\/2022\\\/03\\\/16\\\/cnese-lancement-dune-plateforme-de-donnees-statistiques\\\/#primaryimage\"},\"thumbnailUrl\":\"https:\\\/\\\/lasentinelle.dz\\\/wp-content\\\/uploads\\\/2022\\\/03\\\/e471404e16f3b9d08fab011d4880b31a_M.jpg\",\"articleSection\":[\"\u00c9conomie\"],\"inLanguage\":\"fr-FR\",\"potentialAction\":[{\"@type\":\"CommentAction\",\"name\":\"Comment\",\"target\":[\"https:\\\/\\\/lasentinelle.dz\\\/index.php\\\/2022\\\/03\\\/16\\\/cnese-lancement-dune-plateforme-de-donnees-statistiques\\\/#respond\"]}]},{\"@type\":\"WebPage\",\"@id\":\"https:\\\/\\\/lasentinelle.dz\\\/index.php\\\/2022\\\/03\\\/16\\\/cnese-lancement-dune-plateforme-de-donnees-statistiques\\\/\",\"url\":\"https:\\\/\\\/lasentinelle.dz\\\/index.php\\\/2022\\\/03\\\/16\\\/cnese-lancement-dune-plateforme-de-donnees-statistiques\\\/\",\"name\":\"CNESE\u00a0: Lancement d\u2019une plateforme de donn\u00e9es statistiques \\\" - La Sentinelle\",\"isPartOf\":{\"@id\":\"https:\\\/\\\/lasentinelle.dz\\\/#website\"},\"primaryImageOfPage\":{\"@id\":\"https:\\\/\\\/lasentinelle.dz\\\/index.php\\\/2022\\\/03\\\/16\\\/cnese-lancement-dune-plateforme-de-donnees-statistiques\\\/#primaryimage\"},\"image\":{\"@id\":\"https:\\\/\\\/lasentinelle.dz\\\/index.php\\\/2022\\\/03\\\/16\\\/cnese-lancement-dune-plateforme-de-donnees-statistiques\\\/#primaryimage\"},\"thumbnailUrl\":\"https:\\\/\\\/lasentinelle.dz\\\/wp-content\\\/uploads\\\/2022\\\/03\\\/e471404e16f3b9d08fab011d4880b31a_M.jpg\",\"datePublished\":\"2022-03-15T23:01:00+00:00\",\"breadcrumb\":{\"@id\":\"https:\\\/\\\/lasentinelle.dz\\\/index.php\\\/2022\\\/03\\\/16\\\/cnese-lancement-dune-plateforme-de-donnees-statistiques\\\/#breadcrumb\"},\"inLanguage\":\"fr-FR\",\"potentialAction\":[{\"@type\":\"ReadAction\",\"target\":[\"https:\\\/\\\/lasentinelle.dz\\\/index.php\\\/2022\\\/03\\\/16\\\/cnese-lancement-dune-plateforme-de-donnees-statistiques\\\/\"]}]},{\"@type\":\"ImageObject\",\"inLanguage\":\"fr-FR\",\"@id\":\"https:\\\/\\\/lasentinelle.dz\\\/index.php\\\/2022\\\/03\\\/16\\\/cnese-lancement-dune-plateforme-de-donnees-statistiques\\\/#primaryimage\",\"url\":\"https:\\\/\\\/lasentinelle.dz\\\/wp-content\\\/uploads\\\/2022\\\/03\\\/e471404e16f3b9d08fab011d4880b31a_M.jpg\",\"contentUrl\":\"https:\\\/\\\/lasentinelle.dz\\\/wp-content\\\/uploads\\\/2022\\\/03\\\/e471404e16f3b9d08fab011d4880b31a_M.jpg\",\"width\":580,\"height\":350},{\"@type\":\"BreadcrumbList\",\"@id\":\"https:\\\/\\\/lasentinelle.dz\\\/index.php\\\/2022\\\/03\\\/16\\\/cnese-lancement-dune-plateforme-de-donnees-statistiques\\\/#breadcrumb\",\"itemListElement\":[{\"@type\":\"ListItem\",\"position\":1,\"name\":\"Accueil\",\"item\":\"https:\\\/\\\/lasentinelle.dz\\\/\"},{\"@type\":\"ListItem\",\"position\":2,\"name\":\"CNESE\u00a0: Lancement d\u2019une plateforme de donn\u00e9es statistiques \u00ab\u00a0\"}]},{\"@type\":\"WebSite\",\"@id\":\"https:\\\/\\\/lasentinelle.dz\\\/#website\",\"url\":\"https:\\\/\\\/lasentinelle.dz\\\/\",\"name\":\"La Sentinelle\",\"description\":\"Quotidien national d&#039;information\",\"publisher\":{\"@id\":\"https:\\\/\\\/lasentinelle.dz\\\/#organization\"},\"potentialAction\":[{\"@type\":\"SearchAction\",\"target\":{\"@type\":\"EntryPoint\",\"urlTemplate\":\"https:\\\/\\\/lasentinelle.dz\\\/?s={search_term_string}\"},\"query-input\":{\"@type\":\"PropertyValueSpecification\",\"valueRequired\":true,\"valueName\":\"search_term_string\"}}],\"inLanguage\":\"fr-FR\"},{\"@type\":\"Organization\",\"@id\":\"https:\\\/\\\/lasentinelle.dz\\\/#organization\",\"name\":\"Quotidien La Sentinelle\",\"url\":\"https:\\\/\\\/lasentinelle.dz\\\/\",\"logo\":{\"@type\":\"ImageObject\",\"inLanguage\":\"fr-FR\",\"@id\":\"https:\\\/\\\/lasentinelle.dz\\\/#\\\/schema\\\/logo\\\/image\\\/\",\"url\":\"https:\\\/\\\/lasentinelle.dz\\\/wp-content\\\/uploads\\\/2021\\\/09\\\/logo-sentinelleSLOGAN-1.png\",\"contentUrl\":\"https:\\\/\\\/lasentinelle.dz\\\/wp-content\\\/uploads\\\/2021\\\/09\\\/logo-sentinelleSLOGAN-1.png\",\"width\":615,\"height\":142,\"caption\":\"Quotidien La Sentinelle\"},\"image\":{\"@id\":\"https:\\\/\\\/lasentinelle.dz\\\/#\\\/schema\\\/logo\\\/image\\\/\"},\"sameAs\":[\"https:\\\/\\\/www.facebook.com\\\/La-Sentinelle-104059864394773\"]},{\"@type\":\"Person\",\"@id\":\"https:\\\/\\\/lasentinelle.dz\\\/#\\\/schema\\\/person\\\/d865044e22e70a75174ce8bcad3acfb3\",\"name\":\"La Sentinelle\",\"image\":{\"@type\":\"ImageObject\",\"inLanguage\":\"fr-FR\",\"@id\":\"https:\\\/\\\/secure.gravatar.com\\\/avatar\\\/57de8e5d4b15d43fb361a71fbb36338450fe67865b528a43dd10ef7c51a20392?s=96&d=mm&r=g\",\"url\":\"https:\\\/\\\/secure.gravatar.com\\\/avatar\\\/57de8e5d4b15d43fb361a71fbb36338450fe67865b528a43dd10ef7c51a20392?s=96&d=mm&r=g\",\"contentUrl\":\"https:\\\/\\\/secure.gravatar.com\\\/avatar\\\/57de8e5d4b15d43fb361a71fbb36338450fe67865b528a43dd10ef7c51a20392?s=96&d=mm&r=g\",\"caption\":\"La Sentinelle\"},\"sameAs\":[\"http:\\\/\\\/www.lasentinelle.dz\"],\"url\":\"https:\\\/\\\/lasentinelle.dz\\\/author\\\/redaction\\\/\"}]}<\/script>\n<!-- \/ Yoast SEO plugin. -->","yoast_head_json":{"title":"CNESE\u00a0: Lancement d\u2019une plateforme de donn\u00e9es statistiques \" - La Sentinelle","robots":{"index":"index","follow":"follow","max-snippet":"max-snippet:-1","max-image-preview":"max-image-preview:large","max-video-preview":"max-video-preview:-1"},"canonical":"https:\/\/lasentinelle.dz\/index.php\/2022\/03\/16\/cnese-lancement-dune-plateforme-de-donnees-statistiques\/","og_locale":"fr_FR","og_type":"article","og_title":"CNESE\u00a0: Lancement d\u2019une plateforme de donn\u00e9es statistiques \" - La Sentinelle","og_description":"Une plateforme de donn\u00e9es statistiques, baptis\u00e9e \u00ab\u00a0Tahat\u00a0\u00bb, permettant le suivi des objectifs de d\u00e9veloppement durable (ODD) et des priorit\u00e9s nationales","og_url":"https:\/\/lasentinelle.dz\/index.php\/2022\/03\/16\/cnese-lancement-dune-plateforme-de-donnees-statistiques\/","og_site_name":"La Sentinelle","article_publisher":"https:\/\/www.facebook.com\/La-Sentinelle-104059864394773","article_published_time":"2022-03-15T23:01:00+00:00","og_image":[{"width":580,"height":350,"url":"https:\/\/lasentinelle.dz\/wp-content\/uploads\/2022\/03\/e471404e16f3b9d08fab011d4880b31a_M.jpg","type":"image\/jpeg"}],"author":"La Sentinelle","twitter_card":"summary_large_image","twitter_misc":{"\u00c9crit par":"La Sentinelle","Dur\u00e9e de lecture estim\u00e9e":"3 minutes"},"schema":{"@context":"https:\/\/schema.org","@graph":[{"@type":"Article","@id":"https:\/\/lasentinelle.dz\/index.php\/2022\/03\/16\/cnese-lancement-dune-plateforme-de-donnees-statistiques\/#article","isPartOf":{"@id":"https:\/\/lasentinelle.dz\/index.php\/2022\/03\/16\/cnese-lancement-dune-plateforme-de-donnees-statistiques\/"},"author":{"name":"La Sentinelle","@id":"https:\/\/lasentinelle.dz\/#\/schema\/person\/d865044e22e70a75174ce8bcad3acfb3"},"headline":"CNESE\u00a0: Lancement d\u2019une plateforme de donn\u00e9es statistiques \u00ab\u00a0","datePublished":"2022-03-15T23:01:00+00:00","mainEntityOfPage":{"@id":"https:\/\/lasentinelle.dz\/index.php\/2022\/03\/16\/cnese-lancement-dune-plateforme-de-donnees-statistiques\/"},"wordCount":579,"commentCount":0,"publisher":{"@id":"https:\/\/lasentinelle.dz\/#organization"},"image":{"@id":"https:\/\/lasentinelle.dz\/index.php\/2022\/03\/16\/cnese-lancement-dune-plateforme-de-donnees-statistiques\/#primaryimage"},"thumbnailUrl":"https:\/\/lasentinelle.dz\/wp-content\/uploads\/2022\/03\/e471404e16f3b9d08fab011d4880b31a_M.jpg","articleSection":["\u00c9conomie"],"inLanguage":"fr-FR","potentialAction":[{"@type":"CommentAction","name":"Comment","target":["https:\/\/lasentinelle.dz\/index.php\/2022\/03\/16\/cnese-lancement-dune-plateforme-de-donnees-statistiques\/#respond"]}]},{"@type":"WebPage","@id":"https:\/\/lasentinelle.dz\/index.php\/2022\/03\/16\/cnese-lancement-dune-plateforme-de-donnees-statistiques\/","url":"https:\/\/lasentinelle.dz\/index.php\/2022\/03\/16\/cnese-lancement-dune-plateforme-de-donnees-statistiques\/","name":"CNESE\u00a0: Lancement d\u2019une plateforme de donn\u00e9es statistiques \" - La Sentinelle","isPartOf":{"@id":"https:\/\/lasentinelle.dz\/#website"},"primaryImageOfPage":{"@id":"https:\/\/lasentinelle.dz\/index.php\/2022\/03\/16\/cnese-lancement-dune-plateforme-de-donnees-statistiques\/#primaryimage"},"image":{"@id":"https:\/\/lasentinelle.dz\/index.php\/2022\/03\/16\/cnese-lancement-dune-plateforme-de-donnees-statistiques\/#primaryimage"},"thumbnailUrl":"https:\/\/lasentinelle.dz\/wp-content\/uploads\/2022\/03\/e471404e16f3b9d08fab011d4880b31a_M.jpg","datePublished":"2022-03-15T23:01:00+00:00","breadcrumb":{"@id":"https:\/\/lasentinelle.dz\/index.php\/2022\/03\/16\/cnese-lancement-dune-plateforme-de-donnees-statistiques\/#breadcrumb"},"inLanguage":"fr-FR","potentialAction":[{"@type":"ReadAction","target":["https:\/\/lasentinelle.dz\/index.php\/2022\/03\/16\/cnese-lancement-dune-plateforme-de-donnees-statistiques\/"]}]},{"@type":"ImageObject","inLanguage":"fr-FR","@id":"https:\/\/lasentinelle.dz\/index.php\/2022\/03\/16\/cnese-lancement-dune-plateforme-de-donnees-statistiques\/#primaryimage","url":"https:\/\/lasentinelle.dz\/wp-content\/uploads\/2022\/03\/e471404e16f3b9d08fab011d4880b31a_M.jpg","contentUrl":"https:\/\/lasentinelle.dz\/wp-content\/uploads\/2022\/03\/e471404e16f3b9d08fab011d4880b31a_M.jpg","width":580,"height":350},{"@type":"BreadcrumbList","@id":"https:\/\/lasentinelle.dz\/index.php\/2022\/03\/16\/cnese-lancement-dune-plateforme-de-donnees-statistiques\/#breadcrumb","itemListElement":[{"@type":"ListItem","position":1,"name":"Accueil","item":"https:\/\/lasentinelle.dz\/"},{"@type":"ListItem","position":2,"name":"CNESE\u00a0: Lancement d\u2019une plateforme de donn\u00e9es statistiques \u00ab\u00a0"}]},{"@type":"WebSite","@id":"https:\/\/lasentinelle.dz\/#website","url":"https:\/\/lasentinelle.dz\/","name":"La Sentinelle","description":"Quotidien national d&#039;information","publisher":{"@id":"https:\/\/lasentinelle.dz\/#organization"},"potentialAction":[{"@type":"SearchAction","target":{"@type":"EntryPoint","urlTemplate":"https:\/\/lasentinelle.dz\/?s={search_term_string}"},"query-input":{"@type":"PropertyValueSpecification","valueRequired":true,"valueName":"search_term_string"}}],"inLanguage":"fr-FR"},{"@type":"Organization","@id":"https:\/\/lasentinelle.dz\/#organization","name":"Quotidien La Sentinelle","url":"https:\/\/lasentinelle.dz\/","logo":{"@type":"ImageObject","inLanguage":"fr-FR","@id":"https:\/\/lasentinelle.dz\/#\/schema\/logo\/image\/","url":"https:\/\/lasentinelle.dz\/wp-content\/uploads\/2021\/09\/logo-sentinelleSLOGAN-1.png","contentUrl":"https:\/\/lasentinelle.dz\/wp-content\/uploads\/2021\/09\/logo-sentinelleSLOGAN-1.png","width":615,"height":142,"caption":"Quotidien La Sentinelle"},"image":{"@id":"https:\/\/lasentinelle.dz\/#\/schema\/logo\/image\/"},"sameAs":["https:\/\/www.facebook.com\/La-Sentinelle-104059864394773"]},{"@type":"Person","@id":"https:\/\/lasentinelle.dz\/#\/schema\/person\/d865044e22e70a75174ce8bcad3acfb3","name":"La Sentinelle","image":{"@type":"ImageObject","inLanguage":"fr-FR","@id":"https:\/\/secure.gravatar.com\/avatar\/57de8e5d4b15d43fb361a71fbb36338450fe67865b528a43dd10ef7c51a20392?s=96&d=mm&r=g","url":"https:\/\/secure.gravatar.com\/avatar\/57de8e5d4b15d43fb361a71fbb36338450fe67865b528a43dd10ef7c51a20392?s=96&d=mm&r=g","contentUrl":"https:\/\/secure.gravatar.com\/avatar\/57de8e5d4b15d43fb361a71fbb36338450fe67865b528a43dd10ef7c51a20392?s=96&d=mm&r=g","caption":"La Sentinelle"},"sameAs":["http:\/\/www.lasentinelle.dz"],"url":"https:\/\/lasentinelle.dz\/author\/redaction\/"}]}},"_links":{"self":[{"href":"https:\/\/lasentinelle.dz\/index.php\/wp-json\/wp\/v2\/posts\/18439","targetHints":{"allow":["GET"]}}],"collection":[{"href":"https:\/\/lasentinelle.dz\/index.php\/wp-json\/wp\/v2\/posts"}],"about":[{"href":"https:\/\/lasentinelle.dz\/index.php\/wp-json\/wp\/v2\/types\/post"}],"author":[{"embeddable":true,"href":"https:\/\/lasentinelle.dz\/index.php\/wp-json\/wp\/v2\/users\/3"}],"replies":[{"embeddable":true,"href":"https:\/\/lasentinelle.dz\/index.php\/wp-json\/wp\/v2\/comments?post=18439"}],"version-history":[{"count":1,"href":"https:\/\/lasentinelle.dz\/index.php\/wp-json\/wp\/v2\/posts\/18439\/revisions"}],"predecessor-version":[{"id":18447,"href":"https:\/\/lasentinelle.dz\/index.php\/wp-json\/wp\/v2\/posts\/18439\/revisions\/18447"}],"wp:featuredmedia":[{"embeddable":true,"href":"https:\/\/lasentinelle.dz\/index.php\/wp-json\/wp\/v2\/media\/18446"}],"wp:attachment":[{"href":"https:\/\/lasentinelle.dz\/index.php\/wp-json\/wp\/v2\/media?parent=18439"}],"wp:term":[{"taxonomy":"category","embeddable":true,"href":"https:\/\/lasentinelle.dz\/index.php\/wp-json\/wp\/v2\/categories?post=18439"},{"taxonomy":"post_tag","embeddable":true,"href":"https:\/\/lasentinelle.dz\/index.php\/wp-json\/wp\/v2\/tags?post=18439"}],"curies":[{"name":"wp","href":"https:\/\/api.w.org\/{rel}","templated":true}]}}