{"id":18486,"date":"2022-03-17T00:01:00","date_gmt":"2022-03-16T23:01:00","guid":{"rendered":"https:\/\/lasentinelle.dz\/?p=18486"},"modified":"2022-03-16T18:25:26","modified_gmt":"2022-03-16T17:25:26","slug":"cour-constitutionnelle-les-questions-organisationnelles-clarifiees","status":"publish","type":"post","link":"https:\/\/lasentinelle.dz\/index.php\/2022\/03\/17\/cour-constitutionnelle-les-questions-organisationnelles-clarifiees\/","title":{"rendered":"Cour constitutionnelle\u00a0: Les questions organisationnelles clarifi\u00e9es"},"content":{"rendered":"\n<p>La Cour constitutionnelle vient d\u2019\u00eatre dot\u00e9e d\u2019un cadre juridique pour son organisation via un d\u00e9cret pr\u00e9sidentiel fixant les r\u00e8gles de son fonctionnement. Il s\u2019agit notamment de sa composante humaine d\u00e9finie dans l\u2019article 3 qui stipule \u00e0 cet effet que \u00ab Conform\u00e9ment \u00e0 l\u2019article 186 de la Constitution,<\/p>\n\n\n\n<p>la Cour constitutionnelle est compos\u00e9e de douze (12) membres, dont quatre (4), y compris son Pr\u00e9sident, sont d\u00e9sign\u00e9s par le Pr\u00e9sident de la R\u00e9publique, un (1) membre de la Cour supr\u00eame et un (1) autre membre du Conseil d\u2019Etat \u00e9lus parmi les magistrats de ces juridictions et six (6)professeurs du droit constitutionnel \u00e9lus. Une liste a \u00e9t\u00e9 publi\u00e9e au journal officiel apr\u00e8s la d\u00e9signation ou l\u2019\u00e9lection \u00bb.<\/p>\n\n\n\n<p>Apr\u00e8s la d\u00e9signation des membres, le d\u00e9cret prend en charge le volet relatif \u00e0 la structuration de la Cour \u00e0 propos de laquelle l\u2019article 10 stipule que \u00ab la Cour constitutionnelle est dot\u00e9e des structures et des organes qui sont le cabinet, le secr\u00e9tariat g\u00e9n\u00e9ral, la direction g\u00e9n\u00e9rale des affaires juridiques et de la justice constitutionnelle, la direction de la recherche et de la documentation, la direction des syst\u00e8mes informatiques et des techniques de communication, la direction de l\u2019administration des ressources et enfin, le service du greffe \u00bb. Les missions et les r\u00f4les de ces derniers sont fix\u00e9s et d\u00e9finis par une s\u00e9rie d\u2019articles de 11 \u00e0 14.<\/p>\n\n\n\n<p>Ainsi, le cabinet est pr\u00e9sid\u00e9 par un chef de cabinet aid\u00e9 de trois membres alors que le secr\u00e9tariat g\u00e9n\u00e9ral, lui, est, selon l\u2019article 12, sous l\u2019autorit\u00e9 du Pr\u00e9sident de la Cour constitutionnelle, par un secr\u00e9taire g\u00e9n\u00e9ral qui est assist\u00e9 dans ses missions par deux directeurs d\u2019\u00e9tudes. L\u2019article 13 d\u00e9finit ainsi la mission du secr\u00e9taire g\u00e9n\u00e9ral qui supervise les structures pr\u00e9vues par l\u2019article 10 ci-dessus, et veille \u00e0 leur bon fonctionnement. Pour sa part, la direction g\u00e9n\u00e9rale des affaires juridiques et de la justice constitutionnelle est charg\u00e9e, notamment&nbsp;&nbsp;de la pr\u00e9paration des dossiers de saisine et de renvoi devant la Cour constitutionnelle ; d\u2019apporter l\u2019appui juridique aux membres de la Cour constitutionnelle ; de garantir le suivi r\u00e9gulier du d\u00e9veloppement de la l\u00e9gislation et de la r\u00e9glementation et enfin de porter assistance lors de la pr\u00e9paration et du suivi des op\u00e9rations \u00e9lectorales. Par ailleurs, l\u2019article 18 fixe le r\u00f4le de la direction des syst\u00e8mes informatiques et des&nbsp;&nbsp;techniques de&nbsp;&nbsp;communication qui se trouve ainsi charg\u00e9e, notamment de superviser les syst\u00e8mes informatiques et les techniques de communication mis \u00e0 la disposition des structures et organes de la Cour constitutionnelle.<\/p>\n\n\n\n<p>Enfin, le d\u00e9cret prend \u00e9galement le volet financier, via plusieurs articles,&nbsp;&nbsp;de la gestion de la cour constitutionnelle qui dot\u00e9e de moyens humains, mat\u00e9riels et financiers dont les besoins sont, selon l\u2019article&nbsp;&nbsp;25 \u00e9valu\u00e9 en cr\u00e9dits n\u00e9cessaires au bon fonctionnement par le<\/p>\n\n\n\n<p>Pr\u00e9sident de la Cour constitutionnelle. Le projet de budget de la Cour constitutionnelle est communiqu\u00e9 par le Pr\u00e9sident de la Cour constitutionnelle au Premier ministre ou au Chef du Gouvernement, selon le cas, pour l\u2019int\u00e9grer au budget de l\u2019Etat de l\u2019ann\u00e9e concern\u00e9e. L\u2019article 28 stipule que les cr\u00e9dits n\u00e9cessaires au fonctionnement de la Cour constitutionnelle sont inscrits au budget g\u00e9n\u00e9ral de l\u2019Etat.&nbsp;<\/p>\n\n\n\n<p><strong>Akli Amor<\/strong><\/p>\n","protected":false},"excerpt":{"rendered":"<p>La Cour constitutionnelle vient d\u2019\u00eatre dot\u00e9e d\u2019un cadre juridique pour son organisation via un d\u00e9cret pr\u00e9sidentiel fixant les r\u00e8gles de<\/p>\n","protected":false},"author":3,"featured_media":18494,"comment_status":"open","ping_status":"closed","sticky":false,"template":"","format":"standard","meta":{"colormag_page_container_layout":"default_layout","colormag_page_sidebar_layout":"default_layout","om_disable_all_campaigns":false,"_monsterinsights_skip_tracking":false,"_monsterinsights_sitenote_active":false,"_monsterinsights_sitenote_note":"","_monsterinsights_sitenote_category":0,"footnotes":"","_wpscppro_dont_share_socialmedia":false,"_wpscppro_custom_social_share_image":0,"_facebook_share_type":"","_twitter_share_type":"","_linkedin_share_type":"","_pinterest_share_type":"","_linkedin_share_type_page":"","_instagram_share_type":"","_medium_share_type":"","_threads_share_type":"","_google_business_share_type":"","_selected_social_profile":[],"_wpsp_enable_custom_social_template":false,"_wpsp_social_scheduling":{"enabled":false,"datetime":null,"platforms":[],"status":"template_only","dateOption":"today","timeOption":"now","customDays":"","customHours":"","customDate":"","customTime":"","schedulingType":"absolute"},"_wpsp_active_default_template":true},"categories":[27],"tags":[],"class_list":["post-18486","post","type-post","status-publish","format-standard","has-post-thumbnail","hentry","category-actualite"],"aioseo_notices":[],"yoast_head":"<!-- This site is optimized with the Yoast SEO plugin v27.5 - https:\/\/yoast.com\/product\/yoast-seo-wordpress\/ -->\n<title>Cour constitutionnelle\u00a0: Les questions organisationnelles clarifi\u00e9es - La Sentinelle<\/title>\n<meta name=\"robots\" content=\"index, follow, max-snippet:-1, max-image-preview:large, max-video-preview:-1\" \/>\n<link rel=\"canonical\" href=\"https:\/\/lasentinelle.dz\/index.php\/2022\/03\/17\/cour-constitutionnelle-les-questions-organisationnelles-clarifiees\/\" \/>\n<meta property=\"og:locale\" content=\"fr_FR\" \/>\n<meta property=\"og:type\" content=\"article\" \/>\n<meta property=\"og:title\" content=\"Cour constitutionnelle\u00a0: Les questions organisationnelles clarifi\u00e9es - La Sentinelle\" \/>\n<meta property=\"og:description\" content=\"La Cour constitutionnelle vient d\u2019\u00eatre dot\u00e9e d\u2019un cadre juridique pour son organisation via un d\u00e9cret pr\u00e9sidentiel fixant les r\u00e8gles de\" \/>\n<meta property=\"og:url\" content=\"https:\/\/lasentinelle.dz\/index.php\/2022\/03\/17\/cour-constitutionnelle-les-questions-organisationnelles-clarifiees\/\" \/>\n<meta property=\"og:site_name\" content=\"La Sentinelle\" \/>\n<meta property=\"article:publisher\" content=\"https:\/\/www.facebook.com\/La-Sentinelle-104059864394773\" \/>\n<meta property=\"article:published_time\" content=\"2022-03-16T23:01:00+00:00\" \/>\n<meta property=\"og:image\" content=\"https:\/\/lasentinelle.dz\/wp-content\/uploads\/2022\/03\/cour-constutitionnelle.png\" \/>\n\t<meta property=\"og:image:width\" content=\"1491\" \/>\n\t<meta property=\"og:image:height\" content=\"900\" \/>\n\t<meta property=\"og:image:type\" content=\"image\/png\" \/>\n<meta name=\"author\" content=\"La Sentinelle\" \/>\n<meta name=\"twitter:card\" content=\"summary_large_image\" \/>\n<meta name=\"twitter:label1\" content=\"\u00c9crit par\" \/>\n\t<meta name=\"twitter:data1\" content=\"La Sentinelle\" \/>\n\t<meta name=\"twitter:label2\" content=\"Dur\u00e9e de lecture estim\u00e9e\" \/>\n\t<meta name=\"twitter:data2\" content=\"3 minutes\" \/>\n<script type=\"application\/ld+json\" class=\"yoast-schema-graph\">{\"@context\":\"https:\\\/\\\/schema.org\",\"@graph\":[{\"@type\":\"Article\",\"@id\":\"https:\\\/\\\/lasentinelle.dz\\\/index.php\\\/2022\\\/03\\\/17\\\/cour-constitutionnelle-les-questions-organisationnelles-clarifiees\\\/#article\",\"isPartOf\":{\"@id\":\"https:\\\/\\\/lasentinelle.dz\\\/index.php\\\/2022\\\/03\\\/17\\\/cour-constitutionnelle-les-questions-organisationnelles-clarifiees\\\/\"},\"author\":{\"name\":\"La Sentinelle\",\"@id\":\"https:\\\/\\\/lasentinelle.dz\\\/#\\\/schema\\\/person\\\/d865044e22e70a75174ce8bcad3acfb3\"},\"headline\":\"Cour constitutionnelle\u00a0: Les questions organisationnelles clarifi\u00e9es\",\"datePublished\":\"2022-03-16T23:01:00+00:00\",\"mainEntityOfPage\":{\"@id\":\"https:\\\/\\\/lasentinelle.dz\\\/index.php\\\/2022\\\/03\\\/17\\\/cour-constitutionnelle-les-questions-organisationnelles-clarifiees\\\/\"},\"wordCount\":600,\"commentCount\":0,\"publisher\":{\"@id\":\"https:\\\/\\\/lasentinelle.dz\\\/#organization\"},\"image\":{\"@id\":\"https:\\\/\\\/lasentinelle.dz\\\/index.php\\\/2022\\\/03\\\/17\\\/cour-constitutionnelle-les-questions-organisationnelles-clarifiees\\\/#primaryimage\"},\"thumbnailUrl\":\"https:\\\/\\\/lasentinelle.dz\\\/wp-content\\\/uploads\\\/2022\\\/03\\\/cour-constutitionnelle.png\",\"articleSection\":[\"Actualit\u00e9\"],\"inLanguage\":\"fr-FR\",\"potentialAction\":[{\"@type\":\"CommentAction\",\"name\":\"Comment\",\"target\":[\"https:\\\/\\\/lasentinelle.dz\\\/index.php\\\/2022\\\/03\\\/17\\\/cour-constitutionnelle-les-questions-organisationnelles-clarifiees\\\/#respond\"]}]},{\"@type\":\"WebPage\",\"@id\":\"https:\\\/\\\/lasentinelle.dz\\\/index.php\\\/2022\\\/03\\\/17\\\/cour-constitutionnelle-les-questions-organisationnelles-clarifiees\\\/\",\"url\":\"https:\\\/\\\/lasentinelle.dz\\\/index.php\\\/2022\\\/03\\\/17\\\/cour-constitutionnelle-les-questions-organisationnelles-clarifiees\\\/\",\"name\":\"Cour constitutionnelle\u00a0: Les questions organisationnelles clarifi\u00e9es - La Sentinelle\",\"isPartOf\":{\"@id\":\"https:\\\/\\\/lasentinelle.dz\\\/#website\"},\"primaryImageOfPage\":{\"@id\":\"https:\\\/\\\/lasentinelle.dz\\\/index.php\\\/2022\\\/03\\\/17\\\/cour-constitutionnelle-les-questions-organisationnelles-clarifiees\\\/#primaryimage\"},\"image\":{\"@id\":\"https:\\\/\\\/lasentinelle.dz\\\/index.php\\\/2022\\\/03\\\/17\\\/cour-constitutionnelle-les-questions-organisationnelles-clarifiees\\\/#primaryimage\"},\"thumbnailUrl\":\"https:\\\/\\\/lasentinelle.dz\\\/wp-content\\\/uploads\\\/2022\\\/03\\\/cour-constutitionnelle.png\",\"datePublished\":\"2022-03-16T23:01:00+00:00\",\"breadcrumb\":{\"@id\":\"https:\\\/\\\/lasentinelle.dz\\\/index.php\\\/2022\\\/03\\\/17\\\/cour-constitutionnelle-les-questions-organisationnelles-clarifiees\\\/#breadcrumb\"},\"inLanguage\":\"fr-FR\",\"potentialAction\":[{\"@type\":\"ReadAction\",\"target\":[\"https:\\\/\\\/lasentinelle.dz\\\/index.php\\\/2022\\\/03\\\/17\\\/cour-constitutionnelle-les-questions-organisationnelles-clarifiees\\\/\"]}]},{\"@type\":\"ImageObject\",\"inLanguage\":\"fr-FR\",\"@id\":\"https:\\\/\\\/lasentinelle.dz\\\/index.php\\\/2022\\\/03\\\/17\\\/cour-constitutionnelle-les-questions-organisationnelles-clarifiees\\\/#primaryimage\",\"url\":\"https:\\\/\\\/lasentinelle.dz\\\/wp-content\\\/uploads\\\/2022\\\/03\\\/cour-constutitionnelle.png\",\"contentUrl\":\"https:\\\/\\\/lasentinelle.dz\\\/wp-content\\\/uploads\\\/2022\\\/03\\\/cour-constutitionnelle.png\",\"width\":1491,\"height\":900},{\"@type\":\"BreadcrumbList\",\"@id\":\"https:\\\/\\\/lasentinelle.dz\\\/index.php\\\/2022\\\/03\\\/17\\\/cour-constitutionnelle-les-questions-organisationnelles-clarifiees\\\/#breadcrumb\",\"itemListElement\":[{\"@type\":\"ListItem\",\"position\":1,\"name\":\"Accueil\",\"item\":\"https:\\\/\\\/lasentinelle.dz\\\/\"},{\"@type\":\"ListItem\",\"position\":2,\"name\":\"Cour constitutionnelle\u00a0: Les questions organisationnelles clarifi\u00e9es\"}]},{\"@type\":\"WebSite\",\"@id\":\"https:\\\/\\\/lasentinelle.dz\\\/#website\",\"url\":\"https:\\\/\\\/lasentinelle.dz\\\/\",\"name\":\"La Sentinelle\",\"description\":\"Quotidien national d&#039;information\",\"publisher\":{\"@id\":\"https:\\\/\\\/lasentinelle.dz\\\/#organization\"},\"potentialAction\":[{\"@type\":\"SearchAction\",\"target\":{\"@type\":\"EntryPoint\",\"urlTemplate\":\"https:\\\/\\\/lasentinelle.dz\\\/?s={search_term_string}\"},\"query-input\":{\"@type\":\"PropertyValueSpecification\",\"valueRequired\":true,\"valueName\":\"search_term_string\"}}],\"inLanguage\":\"fr-FR\"},{\"@type\":\"Organization\",\"@id\":\"https:\\\/\\\/lasentinelle.dz\\\/#organization\",\"name\":\"Quotidien La Sentinelle\",\"url\":\"https:\\\/\\\/lasentinelle.dz\\\/\",\"logo\":{\"@type\":\"ImageObject\",\"inLanguage\":\"fr-FR\",\"@id\":\"https:\\\/\\\/lasentinelle.dz\\\/#\\\/schema\\\/logo\\\/image\\\/\",\"url\":\"https:\\\/\\\/lasentinelle.dz\\\/wp-content\\\/uploads\\\/2021\\\/09\\\/logo-sentinelleSLOGAN-1.png\",\"contentUrl\":\"https:\\\/\\\/lasentinelle.dz\\\/wp-content\\\/uploads\\\/2021\\\/09\\\/logo-sentinelleSLOGAN-1.png\",\"width\":615,\"height\":142,\"caption\":\"Quotidien La Sentinelle\"},\"image\":{\"@id\":\"https:\\\/\\\/lasentinelle.dz\\\/#\\\/schema\\\/logo\\\/image\\\/\"},\"sameAs\":[\"https:\\\/\\\/www.facebook.com\\\/La-Sentinelle-104059864394773\"]},{\"@type\":\"Person\",\"@id\":\"https:\\\/\\\/lasentinelle.dz\\\/#\\\/schema\\\/person\\\/d865044e22e70a75174ce8bcad3acfb3\",\"name\":\"La Sentinelle\",\"image\":{\"@type\":\"ImageObject\",\"inLanguage\":\"fr-FR\",\"@id\":\"https:\\\/\\\/secure.gravatar.com\\\/avatar\\\/57de8e5d4b15d43fb361a71fbb36338450fe67865b528a43dd10ef7c51a20392?s=96&d=mm&r=g\",\"url\":\"https:\\\/\\\/secure.gravatar.com\\\/avatar\\\/57de8e5d4b15d43fb361a71fbb36338450fe67865b528a43dd10ef7c51a20392?s=96&d=mm&r=g\",\"contentUrl\":\"https:\\\/\\\/secure.gravatar.com\\\/avatar\\\/57de8e5d4b15d43fb361a71fbb36338450fe67865b528a43dd10ef7c51a20392?s=96&d=mm&r=g\",\"caption\":\"La Sentinelle\"},\"sameAs\":[\"http:\\\/\\\/www.lasentinelle.dz\"],\"url\":\"https:\\\/\\\/lasentinelle.dz\\\/author\\\/redaction\\\/\"}]}<\/script>\n<!-- \/ Yoast SEO plugin. -->","yoast_head_json":{"title":"Cour constitutionnelle\u00a0: Les questions organisationnelles clarifi\u00e9es - La Sentinelle","robots":{"index":"index","follow":"follow","max-snippet":"max-snippet:-1","max-image-preview":"max-image-preview:large","max-video-preview":"max-video-preview:-1"},"canonical":"https:\/\/lasentinelle.dz\/index.php\/2022\/03\/17\/cour-constitutionnelle-les-questions-organisationnelles-clarifiees\/","og_locale":"fr_FR","og_type":"article","og_title":"Cour constitutionnelle\u00a0: Les questions organisationnelles clarifi\u00e9es - La Sentinelle","og_description":"La Cour constitutionnelle vient d\u2019\u00eatre dot\u00e9e d\u2019un cadre juridique pour son organisation via un d\u00e9cret pr\u00e9sidentiel fixant les r\u00e8gles de","og_url":"https:\/\/lasentinelle.dz\/index.php\/2022\/03\/17\/cour-constitutionnelle-les-questions-organisationnelles-clarifiees\/","og_site_name":"La Sentinelle","article_publisher":"https:\/\/www.facebook.com\/La-Sentinelle-104059864394773","article_published_time":"2022-03-16T23:01:00+00:00","og_image":[{"width":1491,"height":900,"url":"https:\/\/lasentinelle.dz\/wp-content\/uploads\/2022\/03\/cour-constutitionnelle.png","type":"image\/png"}],"author":"La Sentinelle","twitter_card":"summary_large_image","twitter_misc":{"\u00c9crit par":"La Sentinelle","Dur\u00e9e de lecture estim\u00e9e":"3 minutes"},"schema":{"@context":"https:\/\/schema.org","@graph":[{"@type":"Article","@id":"https:\/\/lasentinelle.dz\/index.php\/2022\/03\/17\/cour-constitutionnelle-les-questions-organisationnelles-clarifiees\/#article","isPartOf":{"@id":"https:\/\/lasentinelle.dz\/index.php\/2022\/03\/17\/cour-constitutionnelle-les-questions-organisationnelles-clarifiees\/"},"author":{"name":"La Sentinelle","@id":"https:\/\/lasentinelle.dz\/#\/schema\/person\/d865044e22e70a75174ce8bcad3acfb3"},"headline":"Cour constitutionnelle\u00a0: Les questions organisationnelles clarifi\u00e9es","datePublished":"2022-03-16T23:01:00+00:00","mainEntityOfPage":{"@id":"https:\/\/lasentinelle.dz\/index.php\/2022\/03\/17\/cour-constitutionnelle-les-questions-organisationnelles-clarifiees\/"},"wordCount":600,"commentCount":0,"publisher":{"@id":"https:\/\/lasentinelle.dz\/#organization"},"image":{"@id":"https:\/\/lasentinelle.dz\/index.php\/2022\/03\/17\/cour-constitutionnelle-les-questions-organisationnelles-clarifiees\/#primaryimage"},"thumbnailUrl":"https:\/\/lasentinelle.dz\/wp-content\/uploads\/2022\/03\/cour-constutitionnelle.png","articleSection":["Actualit\u00e9"],"inLanguage":"fr-FR","potentialAction":[{"@type":"CommentAction","name":"Comment","target":["https:\/\/lasentinelle.dz\/index.php\/2022\/03\/17\/cour-constitutionnelle-les-questions-organisationnelles-clarifiees\/#respond"]}]},{"@type":"WebPage","@id":"https:\/\/lasentinelle.dz\/index.php\/2022\/03\/17\/cour-constitutionnelle-les-questions-organisationnelles-clarifiees\/","url":"https:\/\/lasentinelle.dz\/index.php\/2022\/03\/17\/cour-constitutionnelle-les-questions-organisationnelles-clarifiees\/","name":"Cour constitutionnelle\u00a0: Les questions organisationnelles clarifi\u00e9es - La Sentinelle","isPartOf":{"@id":"https:\/\/lasentinelle.dz\/#website"},"primaryImageOfPage":{"@id":"https:\/\/lasentinelle.dz\/index.php\/2022\/03\/17\/cour-constitutionnelle-les-questions-organisationnelles-clarifiees\/#primaryimage"},"image":{"@id":"https:\/\/lasentinelle.dz\/index.php\/2022\/03\/17\/cour-constitutionnelle-les-questions-organisationnelles-clarifiees\/#primaryimage"},"thumbnailUrl":"https:\/\/lasentinelle.dz\/wp-content\/uploads\/2022\/03\/cour-constutitionnelle.png","datePublished":"2022-03-16T23:01:00+00:00","breadcrumb":{"@id":"https:\/\/lasentinelle.dz\/index.php\/2022\/03\/17\/cour-constitutionnelle-les-questions-organisationnelles-clarifiees\/#breadcrumb"},"inLanguage":"fr-FR","potentialAction":[{"@type":"ReadAction","target":["https:\/\/lasentinelle.dz\/index.php\/2022\/03\/17\/cour-constitutionnelle-les-questions-organisationnelles-clarifiees\/"]}]},{"@type":"ImageObject","inLanguage":"fr-FR","@id":"https:\/\/lasentinelle.dz\/index.php\/2022\/03\/17\/cour-constitutionnelle-les-questions-organisationnelles-clarifiees\/#primaryimage","url":"https:\/\/lasentinelle.dz\/wp-content\/uploads\/2022\/03\/cour-constutitionnelle.png","contentUrl":"https:\/\/lasentinelle.dz\/wp-content\/uploads\/2022\/03\/cour-constutitionnelle.png","width":1491,"height":900},{"@type":"BreadcrumbList","@id":"https:\/\/lasentinelle.dz\/index.php\/2022\/03\/17\/cour-constitutionnelle-les-questions-organisationnelles-clarifiees\/#breadcrumb","itemListElement":[{"@type":"ListItem","position":1,"name":"Accueil","item":"https:\/\/lasentinelle.dz\/"},{"@type":"ListItem","position":2,"name":"Cour constitutionnelle\u00a0: Les questions organisationnelles clarifi\u00e9es"}]},{"@type":"WebSite","@id":"https:\/\/lasentinelle.dz\/#website","url":"https:\/\/lasentinelle.dz\/","name":"La Sentinelle","description":"Quotidien national d&#039;information","publisher":{"@id":"https:\/\/lasentinelle.dz\/#organization"},"potentialAction":[{"@type":"SearchAction","target":{"@type":"EntryPoint","urlTemplate":"https:\/\/lasentinelle.dz\/?s={search_term_string}"},"query-input":{"@type":"PropertyValueSpecification","valueRequired":true,"valueName":"search_term_string"}}],"inLanguage":"fr-FR"},{"@type":"Organization","@id":"https:\/\/lasentinelle.dz\/#organization","name":"Quotidien La Sentinelle","url":"https:\/\/lasentinelle.dz\/","logo":{"@type":"ImageObject","inLanguage":"fr-FR","@id":"https:\/\/lasentinelle.dz\/#\/schema\/logo\/image\/","url":"https:\/\/lasentinelle.dz\/wp-content\/uploads\/2021\/09\/logo-sentinelleSLOGAN-1.png","contentUrl":"https:\/\/lasentinelle.dz\/wp-content\/uploads\/2021\/09\/logo-sentinelleSLOGAN-1.png","width":615,"height":142,"caption":"Quotidien La Sentinelle"},"image":{"@id":"https:\/\/lasentinelle.dz\/#\/schema\/logo\/image\/"},"sameAs":["https:\/\/www.facebook.com\/La-Sentinelle-104059864394773"]},{"@type":"Person","@id":"https:\/\/lasentinelle.dz\/#\/schema\/person\/d865044e22e70a75174ce8bcad3acfb3","name":"La Sentinelle","image":{"@type":"ImageObject","inLanguage":"fr-FR","@id":"https:\/\/secure.gravatar.com\/avatar\/57de8e5d4b15d43fb361a71fbb36338450fe67865b528a43dd10ef7c51a20392?s=96&d=mm&r=g","url":"https:\/\/secure.gravatar.com\/avatar\/57de8e5d4b15d43fb361a71fbb36338450fe67865b528a43dd10ef7c51a20392?s=96&d=mm&r=g","contentUrl":"https:\/\/secure.gravatar.com\/avatar\/57de8e5d4b15d43fb361a71fbb36338450fe67865b528a43dd10ef7c51a20392?s=96&d=mm&r=g","caption":"La Sentinelle"},"sameAs":["http:\/\/www.lasentinelle.dz"],"url":"https:\/\/lasentinelle.dz\/author\/redaction\/"}]}},"_links":{"self":[{"href":"https:\/\/lasentinelle.dz\/index.php\/wp-json\/wp\/v2\/posts\/18486","targetHints":{"allow":["GET"]}}],"collection":[{"href":"https:\/\/lasentinelle.dz\/index.php\/wp-json\/wp\/v2\/posts"}],"about":[{"href":"https:\/\/lasentinelle.dz\/index.php\/wp-json\/wp\/v2\/types\/post"}],"author":[{"embeddable":true,"href":"https:\/\/lasentinelle.dz\/index.php\/wp-json\/wp\/v2\/users\/3"}],"replies":[{"embeddable":true,"href":"https:\/\/lasentinelle.dz\/index.php\/wp-json\/wp\/v2\/comments?post=18486"}],"version-history":[{"count":1,"href":"https:\/\/lasentinelle.dz\/index.php\/wp-json\/wp\/v2\/posts\/18486\/revisions"}],"predecessor-version":[{"id":18496,"href":"https:\/\/lasentinelle.dz\/index.php\/wp-json\/wp\/v2\/posts\/18486\/revisions\/18496"}],"wp:featuredmedia":[{"embeddable":true,"href":"https:\/\/lasentinelle.dz\/index.php\/wp-json\/wp\/v2\/media\/18494"}],"wp:attachment":[{"href":"https:\/\/lasentinelle.dz\/index.php\/wp-json\/wp\/v2\/media?parent=18486"}],"wp:term":[{"taxonomy":"category","embeddable":true,"href":"https:\/\/lasentinelle.dz\/index.php\/wp-json\/wp\/v2\/categories?post=18486"},{"taxonomy":"post_tag","embeddable":true,"href":"https:\/\/lasentinelle.dz\/index.php\/wp-json\/wp\/v2\/tags?post=18486"}],"curies":[{"name":"wp","href":"https:\/\/api.w.org\/{rel}","templated":true}]}}