{"id":18497,"date":"2022-03-17T00:05:00","date_gmt":"2022-03-16T23:05:00","guid":{"rendered":"https:\/\/lasentinelle.dz\/?p=18497"},"modified":"2022-03-16T19:37:51","modified_gmt":"2022-03-16T18:37:51","slug":"il-table-sur-15-million-deuros-dexportations-avec-lafrique-et-le-moyen-orient-le-groupe-saidal-se-deploie-a-linternational","status":"publish","type":"post","link":"https:\/\/lasentinelle.dz\/index.php\/2022\/03\/17\/il-table-sur-15-million-deuros-dexportations-avec-lafrique-et-le-moyen-orient-le-groupe-saidal-se-deploie-a-linternational\/","title":{"rendered":"Il table sur 1,5 million d\u2019euros d\u2019exportations avec l\u2019Afrique et le Moyen-Orient\u00a0:\u00a0Le groupe Sa\u00efdal se d\u00e9ploie\u00a0\u00e0 l\u2019international"},"content":{"rendered":"\n<p>Le Groupe de production pharmaceutique alg\u00e9rien, Saidal, compte revoir cette ann\u00e9e \u00e0 la hausse sa production \u00e0 hauteur de 47%.&nbsp;<\/p>\n\n\n\n<p>C\u2019est ce qu\u2019a indiqu\u00e9 la Directrice g\u00e9n\u00e9rale du Groupe, Fettoum Kacem, en faisant le point de situation lors de la rencontre de travail et de concertation pr\u00e9sid\u00e9e par le ministre de l\u2019Industrie pharmaceutique, Lotfi Baba Ahmed. Dans son communiqu\u00e9, le minist\u00e8re de l\u2019Industrie pharmaceutique a indiqu\u00e9 que \u00able Groupe Saidal est en passe d\u2019exporter ses m\u00e9dicaments vers l\u2019Afrique et le Moyen-Orient \u00e0 hauteur de 1.5 millions d\u2019euros\u00bb. Et d\u2019ajouter que \u00able Groupe Saidal produira cette ann\u00e9e l51 millions de boites de m\u00e9dicaments, repr\u00e9sentant la facture de plus de 15 milliards de dinars\u00bb. Evoquant le domaine de la recherche et de la promotion du produit pharmaceutique local, le document fait \u00e9tat de \u00abla production de 21 nouveaux produits estim\u00e9s 04 millions de boites de m\u00e9dicaments engrangeant une recette \u00e9gale \u00e0 06 millions de dinars \u00bb.&nbsp;&nbsp;Faisant \u00e9tat de la politique avalis\u00e9e par le Gouvernement dans le domaine de la recherche et la production pharmaceutique, le ministre a, selon le m\u00eame document, mis l\u2019accent sur la n\u00e9cessit\u00e9 de garantir le produit strat\u00e9gique et le mettre \u00e0 la disposition des h\u00f4pitaux et des officines. Il a \u00e9galement insist\u00e9 sur la modernisation de l\u2019Unit\u00e9 de M\u00e9d\u00e9a sp\u00e9cialis\u00e9e dans la production de la mati\u00e8re premi\u00e8re. Le ministre a rappel\u00e9 \u00abl\u2019accompagnement, par l\u2019Etat, de la production pharmaceutique&nbsp;&nbsp;locale et le Groupe Saidal et ce dans le cadre de la politique visant \u00e0 asseoir la souverainet\u00e9 sanitaire nationale, en plus de la cons\u00e9cration du Groupement publique en tant que leader national dans la production m\u00e9dicamenteuse\u00bb. Le Groupe Saidal a particip\u00e9 au Salon Africain des Affaires, SADA 2022, qui s\u2019est tenu du 9 au 11 mars 2022, \u00e0 l&rsquo;h\u00f4tel M\u00e9ridien d&rsquo;Oran. Cet \u00e9v\u00e9nement a r\u00e9uni les op\u00e9rateurs \u00e9conomiques alg\u00e9riens avec leurs homologues de 16 pays africains. Les participants ont d\u00e9battu des sujets \u00e9conomiques importants en pr\u00e9sence de 16 Ambassadeurs de pays africains. Le salon a constitu\u00e9 une opportunit\u00e9 pour Saidal pour faire conna\u00eetre ses nouvelles r\u00e9alisations dont le vaccin Corona-Vac et le centre de bio\u00e9quivalence \u00c9quival Biocenter. C&rsquo;est aussi une occasion pour prospecter d&rsquo;\u00e9ventuels partenaires \u00e0 l&rsquo;export ou des partenariats industriels et \u00e9conomiques. Le Groupe Saidal fait un don de 10000 flacons de Methotrexate, produit utilis\u00e9 dans le traitement des cancers, \u00e0 la pharmacie centrale des h\u00f4pitaux (PCH). Pour l\u2019obtention de ce don,&nbsp;&nbsp;le Minist\u00e8re de l\u2019Industrie Pharmaceutique et Saidal ont n\u00e9goci\u00e9 avec l\u2019entreprise cor\u00e9o-indon\u00e9sienne, CKD&nbsp;&nbsp;Otto Pharma sp\u00e9cialis\u00e9e dans la production de produits anticanc\u00e9reux afin de pallier aux ruptures des produits anticanc\u00e9reux au niveau des h\u00f4pitaux alg\u00e9riens. Le&nbsp;&nbsp;Groupe Saidal et&nbsp;&nbsp;CKD&nbsp;&nbsp;Otto Pharma ont sign\u00e9, le 17 d\u00e9cembre 2020, un&nbsp;&nbsp;protocole&nbsp;&nbsp;d\u2019accord&nbsp;&nbsp;de partenariat et de coop\u00e9ration dans le domaine de la fabrication de produits oncologiques pour la chimioth\u00e9rapie conventionnelle. Dans le cadre de cet accord le Groupe Saidal a entam\u00e9 la production et le stockage d\u2019une gamme de produits utilis\u00e9s dans le traitement de diff\u00e9rents types de cancers. Cette \u00e9tape sera suivie par un accompagnement et un transfert de technologie afin de passer \u00e0 la fabrication de ces mol\u00e9cules localement en full process.&nbsp;<\/p>\n\n\n\n<p><strong>Salim Abdenour<\/strong><\/p>\n","protected":false},"excerpt":{"rendered":"<p>Le Groupe de production pharmaceutique alg\u00e9rien, Saidal, compte revoir cette ann\u00e9e \u00e0 la hausse sa production \u00e0 hauteur de 47%.&nbsp;<\/p>\n","protected":false},"author":3,"featured_media":18501,"comment_status":"open","ping_status":"closed","sticky":false,"template":"","format":"standard","meta":{"colormag_page_container_layout":"default_layout","colormag_page_sidebar_layout":"default_layout","om_disable_all_campaigns":false,"_monsterinsights_skip_tracking":false,"_monsterinsights_sitenote_active":false,"_monsterinsights_sitenote_note":"","_monsterinsights_sitenote_category":0,"footnotes":"","_wpscppro_dont_share_socialmedia":false,"_wpscppro_custom_social_share_image":0,"_facebook_share_type":"","_twitter_share_type":"","_linkedin_share_type":"","_pinterest_share_type":"","_linkedin_share_type_page":"","_instagram_share_type":"","_medium_share_type":"","_threads_share_type":"","_google_business_share_type":"","_selected_social_profile":[],"_wpsp_enable_custom_social_template":false,"_wpsp_social_scheduling":{"enabled":false,"datetime":null,"platforms":[],"status":"template_only","dateOption":"today","timeOption":"now","customDays":"","customHours":"","customDate":"","customTime":"","schedulingType":"absolute"},"_wpsp_active_default_template":true},"categories":[52,29],"tags":[],"class_list":["post-18497","post","type-post","status-publish","format-standard","has-post-thumbnail","hentry","category-a-la-une","category-economie"],"aioseo_notices":[],"yoast_head":"<!-- This site is optimized with the Yoast SEO plugin v27.5 - https:\/\/yoast.com\/product\/yoast-seo-wordpress\/ -->\n<title>Il table sur 1,5 million d\u2019euros d\u2019exportations avec l\u2019Afrique et le Moyen-Orient\u00a0:\u00a0Le groupe Sa\u00efdal se d\u00e9ploie\u00a0\u00e0 l\u2019international - La Sentinelle<\/title>\n<meta name=\"robots\" content=\"index, follow, max-snippet:-1, max-image-preview:large, max-video-preview:-1\" \/>\n<link rel=\"canonical\" href=\"https:\/\/lasentinelle.dz\/index.php\/2022\/03\/17\/il-table-sur-15-million-deuros-dexportations-avec-lafrique-et-le-moyen-orient-le-groupe-saidal-se-deploie-a-linternational\/\" \/>\n<meta property=\"og:locale\" content=\"fr_FR\" \/>\n<meta property=\"og:type\" content=\"article\" \/>\n<meta property=\"og:title\" content=\"Il table sur 1,5 million d\u2019euros d\u2019exportations avec l\u2019Afrique et le Moyen-Orient\u00a0:\u00a0Le groupe Sa\u00efdal se d\u00e9ploie\u00a0\u00e0 l\u2019international - La Sentinelle\" \/>\n<meta property=\"og:description\" content=\"Le Groupe de production pharmaceutique alg\u00e9rien, Saidal, compte revoir cette ann\u00e9e \u00e0 la hausse sa production \u00e0 hauteur de 47%.&nbsp;\" \/>\n<meta property=\"og:url\" content=\"https:\/\/lasentinelle.dz\/index.php\/2022\/03\/17\/il-table-sur-15-million-deuros-dexportations-avec-lafrique-et-le-moyen-orient-le-groupe-saidal-se-deploie-a-linternational\/\" \/>\n<meta property=\"og:site_name\" content=\"La Sentinelle\" \/>\n<meta property=\"article:publisher\" content=\"https:\/\/www.facebook.com\/La-Sentinelle-104059864394773\" \/>\n<meta property=\"article:published_time\" content=\"2022-03-16T23:05:00+00:00\" \/>\n<meta property=\"og:image\" content=\"https:\/\/lasentinelle.dz\/wp-content\/uploads\/2022\/03\/saidal-2-NP-1024x676.png\" \/>\n\t<meta property=\"og:image:width\" content=\"1024\" \/>\n\t<meta property=\"og:image:height\" content=\"676\" \/>\n\t<meta property=\"og:image:type\" content=\"image\/png\" \/>\n<meta name=\"author\" content=\"La Sentinelle\" \/>\n<meta name=\"twitter:card\" content=\"summary_large_image\" \/>\n<meta name=\"twitter:label1\" content=\"\u00c9crit par\" \/>\n\t<meta name=\"twitter:data1\" content=\"La Sentinelle\" \/>\n\t<meta name=\"twitter:label2\" content=\"Dur\u00e9e de lecture estim\u00e9e\" \/>\n\t<meta name=\"twitter:data2\" content=\"3 minutes\" \/>\n<script type=\"application\/ld+json\" class=\"yoast-schema-graph\">{\"@context\":\"https:\\\/\\\/schema.org\",\"@graph\":[{\"@type\":\"Article\",\"@id\":\"https:\\\/\\\/lasentinelle.dz\\\/index.php\\\/2022\\\/03\\\/17\\\/il-table-sur-15-million-deuros-dexportations-avec-lafrique-et-le-moyen-orient-le-groupe-saidal-se-deploie-a-linternational\\\/#article\",\"isPartOf\":{\"@id\":\"https:\\\/\\\/lasentinelle.dz\\\/index.php\\\/2022\\\/03\\\/17\\\/il-table-sur-15-million-deuros-dexportations-avec-lafrique-et-le-moyen-orient-le-groupe-saidal-se-deploie-a-linternational\\\/\"},\"author\":{\"name\":\"La Sentinelle\",\"@id\":\"https:\\\/\\\/lasentinelle.dz\\\/#\\\/schema\\\/person\\\/d865044e22e70a75174ce8bcad3acfb3\"},\"headline\":\"Il table sur 1,5 million d\u2019euros d\u2019exportations avec l\u2019Afrique et le Moyen-Orient\u00a0:\u00a0Le groupe Sa\u00efdal se d\u00e9ploie\u00a0\u00e0 l\u2019international\",\"datePublished\":\"2022-03-16T23:05:00+00:00\",\"mainEntityOfPage\":{\"@id\":\"https:\\\/\\\/lasentinelle.dz\\\/index.php\\\/2022\\\/03\\\/17\\\/il-table-sur-15-million-deuros-dexportations-avec-lafrique-et-le-moyen-orient-le-groupe-saidal-se-deploie-a-linternational\\\/\"},\"wordCount\":616,\"commentCount\":0,\"publisher\":{\"@id\":\"https:\\\/\\\/lasentinelle.dz\\\/#organization\"},\"image\":{\"@id\":\"https:\\\/\\\/lasentinelle.dz\\\/index.php\\\/2022\\\/03\\\/17\\\/il-table-sur-15-million-deuros-dexportations-avec-lafrique-et-le-moyen-orient-le-groupe-saidal-se-deploie-a-linternational\\\/#primaryimage\"},\"thumbnailUrl\":\"https:\\\/\\\/lasentinelle.dz\\\/wp-content\\\/uploads\\\/2022\\\/03\\\/saidal-2-NP.png\",\"articleSection\":[\"\u00c0 la Une\",\"\u00c9conomie\"],\"inLanguage\":\"fr-FR\",\"potentialAction\":[{\"@type\":\"CommentAction\",\"name\":\"Comment\",\"target\":[\"https:\\\/\\\/lasentinelle.dz\\\/index.php\\\/2022\\\/03\\\/17\\\/il-table-sur-15-million-deuros-dexportations-avec-lafrique-et-le-moyen-orient-le-groupe-saidal-se-deploie-a-linternational\\\/#respond\"]}]},{\"@type\":\"WebPage\",\"@id\":\"https:\\\/\\\/lasentinelle.dz\\\/index.php\\\/2022\\\/03\\\/17\\\/il-table-sur-15-million-deuros-dexportations-avec-lafrique-et-le-moyen-orient-le-groupe-saidal-se-deploie-a-linternational\\\/\",\"url\":\"https:\\\/\\\/lasentinelle.dz\\\/index.php\\\/2022\\\/03\\\/17\\\/il-table-sur-15-million-deuros-dexportations-avec-lafrique-et-le-moyen-orient-le-groupe-saidal-se-deploie-a-linternational\\\/\",\"name\":\"Il table sur 1,5 million d\u2019euros d\u2019exportations avec l\u2019Afrique et le Moyen-Orient\u00a0:\u00a0Le groupe Sa\u00efdal se d\u00e9ploie\u00a0\u00e0 l\u2019international - La Sentinelle\",\"isPartOf\":{\"@id\":\"https:\\\/\\\/lasentinelle.dz\\\/#website\"},\"primaryImageOfPage\":{\"@id\":\"https:\\\/\\\/lasentinelle.dz\\\/index.php\\\/2022\\\/03\\\/17\\\/il-table-sur-15-million-deuros-dexportations-avec-lafrique-et-le-moyen-orient-le-groupe-saidal-se-deploie-a-linternational\\\/#primaryimage\"},\"image\":{\"@id\":\"https:\\\/\\\/lasentinelle.dz\\\/index.php\\\/2022\\\/03\\\/17\\\/il-table-sur-15-million-deuros-dexportations-avec-lafrique-et-le-moyen-orient-le-groupe-saidal-se-deploie-a-linternational\\\/#primaryimage\"},\"thumbnailUrl\":\"https:\\\/\\\/lasentinelle.dz\\\/wp-content\\\/uploads\\\/2022\\\/03\\\/saidal-2-NP.png\",\"datePublished\":\"2022-03-16T23:05:00+00:00\",\"breadcrumb\":{\"@id\":\"https:\\\/\\\/lasentinelle.dz\\\/index.php\\\/2022\\\/03\\\/17\\\/il-table-sur-15-million-deuros-dexportations-avec-lafrique-et-le-moyen-orient-le-groupe-saidal-se-deploie-a-linternational\\\/#breadcrumb\"},\"inLanguage\":\"fr-FR\",\"potentialAction\":[{\"@type\":\"ReadAction\",\"target\":[\"https:\\\/\\\/lasentinelle.dz\\\/index.php\\\/2022\\\/03\\\/17\\\/il-table-sur-15-million-deuros-dexportations-avec-lafrique-et-le-moyen-orient-le-groupe-saidal-se-deploie-a-linternational\\\/\"]}]},{\"@type\":\"ImageObject\",\"inLanguage\":\"fr-FR\",\"@id\":\"https:\\\/\\\/lasentinelle.dz\\\/index.php\\\/2022\\\/03\\\/17\\\/il-table-sur-15-million-deuros-dexportations-avec-lafrique-et-le-moyen-orient-le-groupe-saidal-se-deploie-a-linternational\\\/#primaryimage\",\"url\":\"https:\\\/\\\/lasentinelle.dz\\\/wp-content\\\/uploads\\\/2022\\\/03\\\/saidal-2-NP.png\",\"contentUrl\":\"https:\\\/\\\/lasentinelle.dz\\\/wp-content\\\/uploads\\\/2022\\\/03\\\/saidal-2-NP.png\",\"width\":1363,\"height\":900},{\"@type\":\"BreadcrumbList\",\"@id\":\"https:\\\/\\\/lasentinelle.dz\\\/index.php\\\/2022\\\/03\\\/17\\\/il-table-sur-15-million-deuros-dexportations-avec-lafrique-et-le-moyen-orient-le-groupe-saidal-se-deploie-a-linternational\\\/#breadcrumb\",\"itemListElement\":[{\"@type\":\"ListItem\",\"position\":1,\"name\":\"Accueil\",\"item\":\"https:\\\/\\\/lasentinelle.dz\\\/\"},{\"@type\":\"ListItem\",\"position\":2,\"name\":\"Il table sur 1,5 million d\u2019euros d\u2019exportations avec l\u2019Afrique et le Moyen-Orient\u00a0:\u00a0Le groupe Sa\u00efdal se d\u00e9ploie\u00a0\u00e0 l\u2019international\"}]},{\"@type\":\"WebSite\",\"@id\":\"https:\\\/\\\/lasentinelle.dz\\\/#website\",\"url\":\"https:\\\/\\\/lasentinelle.dz\\\/\",\"name\":\"La Sentinelle\",\"description\":\"Quotidien national d&#039;information\",\"publisher\":{\"@id\":\"https:\\\/\\\/lasentinelle.dz\\\/#organization\"},\"potentialAction\":[{\"@type\":\"SearchAction\",\"target\":{\"@type\":\"EntryPoint\",\"urlTemplate\":\"https:\\\/\\\/lasentinelle.dz\\\/?s={search_term_string}\"},\"query-input\":{\"@type\":\"PropertyValueSpecification\",\"valueRequired\":true,\"valueName\":\"search_term_string\"}}],\"inLanguage\":\"fr-FR\"},{\"@type\":\"Organization\",\"@id\":\"https:\\\/\\\/lasentinelle.dz\\\/#organization\",\"name\":\"Quotidien La Sentinelle\",\"url\":\"https:\\\/\\\/lasentinelle.dz\\\/\",\"logo\":{\"@type\":\"ImageObject\",\"inLanguage\":\"fr-FR\",\"@id\":\"https:\\\/\\\/lasentinelle.dz\\\/#\\\/schema\\\/logo\\\/image\\\/\",\"url\":\"https:\\\/\\\/lasentinelle.dz\\\/wp-content\\\/uploads\\\/2021\\\/09\\\/logo-sentinelleSLOGAN-1.png\",\"contentUrl\":\"https:\\\/\\\/lasentinelle.dz\\\/wp-content\\\/uploads\\\/2021\\\/09\\\/logo-sentinelleSLOGAN-1.png\",\"width\":615,\"height\":142,\"caption\":\"Quotidien La Sentinelle\"},\"image\":{\"@id\":\"https:\\\/\\\/lasentinelle.dz\\\/#\\\/schema\\\/logo\\\/image\\\/\"},\"sameAs\":[\"https:\\\/\\\/www.facebook.com\\\/La-Sentinelle-104059864394773\"]},{\"@type\":\"Person\",\"@id\":\"https:\\\/\\\/lasentinelle.dz\\\/#\\\/schema\\\/person\\\/d865044e22e70a75174ce8bcad3acfb3\",\"name\":\"La Sentinelle\",\"image\":{\"@type\":\"ImageObject\",\"inLanguage\":\"fr-FR\",\"@id\":\"https:\\\/\\\/secure.gravatar.com\\\/avatar\\\/57de8e5d4b15d43fb361a71fbb36338450fe67865b528a43dd10ef7c51a20392?s=96&d=mm&r=g\",\"url\":\"https:\\\/\\\/secure.gravatar.com\\\/avatar\\\/57de8e5d4b15d43fb361a71fbb36338450fe67865b528a43dd10ef7c51a20392?s=96&d=mm&r=g\",\"contentUrl\":\"https:\\\/\\\/secure.gravatar.com\\\/avatar\\\/57de8e5d4b15d43fb361a71fbb36338450fe67865b528a43dd10ef7c51a20392?s=96&d=mm&r=g\",\"caption\":\"La Sentinelle\"},\"sameAs\":[\"http:\\\/\\\/www.lasentinelle.dz\"],\"url\":\"https:\\\/\\\/lasentinelle.dz\\\/author\\\/redaction\\\/\"}]}<\/script>\n<!-- \/ Yoast SEO plugin. -->","yoast_head_json":{"title":"Il table sur 1,5 million d\u2019euros d\u2019exportations avec l\u2019Afrique et le Moyen-Orient\u00a0:\u00a0Le groupe Sa\u00efdal se d\u00e9ploie\u00a0\u00e0 l\u2019international - La Sentinelle","robots":{"index":"index","follow":"follow","max-snippet":"max-snippet:-1","max-image-preview":"max-image-preview:large","max-video-preview":"max-video-preview:-1"},"canonical":"https:\/\/lasentinelle.dz\/index.php\/2022\/03\/17\/il-table-sur-15-million-deuros-dexportations-avec-lafrique-et-le-moyen-orient-le-groupe-saidal-se-deploie-a-linternational\/","og_locale":"fr_FR","og_type":"article","og_title":"Il table sur 1,5 million d\u2019euros d\u2019exportations avec l\u2019Afrique et le Moyen-Orient\u00a0:\u00a0Le groupe Sa\u00efdal se d\u00e9ploie\u00a0\u00e0 l\u2019international - La Sentinelle","og_description":"Le Groupe de production pharmaceutique alg\u00e9rien, Saidal, compte revoir cette ann\u00e9e \u00e0 la hausse sa production \u00e0 hauteur de 47%.&nbsp;","og_url":"https:\/\/lasentinelle.dz\/index.php\/2022\/03\/17\/il-table-sur-15-million-deuros-dexportations-avec-lafrique-et-le-moyen-orient-le-groupe-saidal-se-deploie-a-linternational\/","og_site_name":"La Sentinelle","article_publisher":"https:\/\/www.facebook.com\/La-Sentinelle-104059864394773","article_published_time":"2022-03-16T23:05:00+00:00","og_image":[{"width":1024,"height":676,"url":"https:\/\/lasentinelle.dz\/wp-content\/uploads\/2022\/03\/saidal-2-NP-1024x676.png","type":"image\/png"}],"author":"La Sentinelle","twitter_card":"summary_large_image","twitter_misc":{"\u00c9crit par":"La Sentinelle","Dur\u00e9e de lecture estim\u00e9e":"3 minutes"},"schema":{"@context":"https:\/\/schema.org","@graph":[{"@type":"Article","@id":"https:\/\/lasentinelle.dz\/index.php\/2022\/03\/17\/il-table-sur-15-million-deuros-dexportations-avec-lafrique-et-le-moyen-orient-le-groupe-saidal-se-deploie-a-linternational\/#article","isPartOf":{"@id":"https:\/\/lasentinelle.dz\/index.php\/2022\/03\/17\/il-table-sur-15-million-deuros-dexportations-avec-lafrique-et-le-moyen-orient-le-groupe-saidal-se-deploie-a-linternational\/"},"author":{"name":"La Sentinelle","@id":"https:\/\/lasentinelle.dz\/#\/schema\/person\/d865044e22e70a75174ce8bcad3acfb3"},"headline":"Il table sur 1,5 million d\u2019euros d\u2019exportations avec l\u2019Afrique et le Moyen-Orient\u00a0:\u00a0Le groupe Sa\u00efdal se d\u00e9ploie\u00a0\u00e0 l\u2019international","datePublished":"2022-03-16T23:05:00+00:00","mainEntityOfPage":{"@id":"https:\/\/lasentinelle.dz\/index.php\/2022\/03\/17\/il-table-sur-15-million-deuros-dexportations-avec-lafrique-et-le-moyen-orient-le-groupe-saidal-se-deploie-a-linternational\/"},"wordCount":616,"commentCount":0,"publisher":{"@id":"https:\/\/lasentinelle.dz\/#organization"},"image":{"@id":"https:\/\/lasentinelle.dz\/index.php\/2022\/03\/17\/il-table-sur-15-million-deuros-dexportations-avec-lafrique-et-le-moyen-orient-le-groupe-saidal-se-deploie-a-linternational\/#primaryimage"},"thumbnailUrl":"https:\/\/lasentinelle.dz\/wp-content\/uploads\/2022\/03\/saidal-2-NP.png","articleSection":["\u00c0 la Une","\u00c9conomie"],"inLanguage":"fr-FR","potentialAction":[{"@type":"CommentAction","name":"Comment","target":["https:\/\/lasentinelle.dz\/index.php\/2022\/03\/17\/il-table-sur-15-million-deuros-dexportations-avec-lafrique-et-le-moyen-orient-le-groupe-saidal-se-deploie-a-linternational\/#respond"]}]},{"@type":"WebPage","@id":"https:\/\/lasentinelle.dz\/index.php\/2022\/03\/17\/il-table-sur-15-million-deuros-dexportations-avec-lafrique-et-le-moyen-orient-le-groupe-saidal-se-deploie-a-linternational\/","url":"https:\/\/lasentinelle.dz\/index.php\/2022\/03\/17\/il-table-sur-15-million-deuros-dexportations-avec-lafrique-et-le-moyen-orient-le-groupe-saidal-se-deploie-a-linternational\/","name":"Il table sur 1,5 million d\u2019euros d\u2019exportations avec l\u2019Afrique et le Moyen-Orient\u00a0:\u00a0Le groupe Sa\u00efdal se d\u00e9ploie\u00a0\u00e0 l\u2019international - La Sentinelle","isPartOf":{"@id":"https:\/\/lasentinelle.dz\/#website"},"primaryImageOfPage":{"@id":"https:\/\/lasentinelle.dz\/index.php\/2022\/03\/17\/il-table-sur-15-million-deuros-dexportations-avec-lafrique-et-le-moyen-orient-le-groupe-saidal-se-deploie-a-linternational\/#primaryimage"},"image":{"@id":"https:\/\/lasentinelle.dz\/index.php\/2022\/03\/17\/il-table-sur-15-million-deuros-dexportations-avec-lafrique-et-le-moyen-orient-le-groupe-saidal-se-deploie-a-linternational\/#primaryimage"},"thumbnailUrl":"https:\/\/lasentinelle.dz\/wp-content\/uploads\/2022\/03\/saidal-2-NP.png","datePublished":"2022-03-16T23:05:00+00:00","breadcrumb":{"@id":"https:\/\/lasentinelle.dz\/index.php\/2022\/03\/17\/il-table-sur-15-million-deuros-dexportations-avec-lafrique-et-le-moyen-orient-le-groupe-saidal-se-deploie-a-linternational\/#breadcrumb"},"inLanguage":"fr-FR","potentialAction":[{"@type":"ReadAction","target":["https:\/\/lasentinelle.dz\/index.php\/2022\/03\/17\/il-table-sur-15-million-deuros-dexportations-avec-lafrique-et-le-moyen-orient-le-groupe-saidal-se-deploie-a-linternational\/"]}]},{"@type":"ImageObject","inLanguage":"fr-FR","@id":"https:\/\/lasentinelle.dz\/index.php\/2022\/03\/17\/il-table-sur-15-million-deuros-dexportations-avec-lafrique-et-le-moyen-orient-le-groupe-saidal-se-deploie-a-linternational\/#primaryimage","url":"https:\/\/lasentinelle.dz\/wp-content\/uploads\/2022\/03\/saidal-2-NP.png","contentUrl":"https:\/\/lasentinelle.dz\/wp-content\/uploads\/2022\/03\/saidal-2-NP.png","width":1363,"height":900},{"@type":"BreadcrumbList","@id":"https:\/\/lasentinelle.dz\/index.php\/2022\/03\/17\/il-table-sur-15-million-deuros-dexportations-avec-lafrique-et-le-moyen-orient-le-groupe-saidal-se-deploie-a-linternational\/#breadcrumb","itemListElement":[{"@type":"ListItem","position":1,"name":"Accueil","item":"https:\/\/lasentinelle.dz\/"},{"@type":"ListItem","position":2,"name":"Il table sur 1,5 million d\u2019euros d\u2019exportations avec l\u2019Afrique et le Moyen-Orient\u00a0:\u00a0Le groupe Sa\u00efdal se d\u00e9ploie\u00a0\u00e0 l\u2019international"}]},{"@type":"WebSite","@id":"https:\/\/lasentinelle.dz\/#website","url":"https:\/\/lasentinelle.dz\/","name":"La Sentinelle","description":"Quotidien national d&#039;information","publisher":{"@id":"https:\/\/lasentinelle.dz\/#organization"},"potentialAction":[{"@type":"SearchAction","target":{"@type":"EntryPoint","urlTemplate":"https:\/\/lasentinelle.dz\/?s={search_term_string}"},"query-input":{"@type":"PropertyValueSpecification","valueRequired":true,"valueName":"search_term_string"}}],"inLanguage":"fr-FR"},{"@type":"Organization","@id":"https:\/\/lasentinelle.dz\/#organization","name":"Quotidien La Sentinelle","url":"https:\/\/lasentinelle.dz\/","logo":{"@type":"ImageObject","inLanguage":"fr-FR","@id":"https:\/\/lasentinelle.dz\/#\/schema\/logo\/image\/","url":"https:\/\/lasentinelle.dz\/wp-content\/uploads\/2021\/09\/logo-sentinelleSLOGAN-1.png","contentUrl":"https:\/\/lasentinelle.dz\/wp-content\/uploads\/2021\/09\/logo-sentinelleSLOGAN-1.png","width":615,"height":142,"caption":"Quotidien La Sentinelle"},"image":{"@id":"https:\/\/lasentinelle.dz\/#\/schema\/logo\/image\/"},"sameAs":["https:\/\/www.facebook.com\/La-Sentinelle-104059864394773"]},{"@type":"Person","@id":"https:\/\/lasentinelle.dz\/#\/schema\/person\/d865044e22e70a75174ce8bcad3acfb3","name":"La Sentinelle","image":{"@type":"ImageObject","inLanguage":"fr-FR","@id":"https:\/\/secure.gravatar.com\/avatar\/57de8e5d4b15d43fb361a71fbb36338450fe67865b528a43dd10ef7c51a20392?s=96&d=mm&r=g","url":"https:\/\/secure.gravatar.com\/avatar\/57de8e5d4b15d43fb361a71fbb36338450fe67865b528a43dd10ef7c51a20392?s=96&d=mm&r=g","contentUrl":"https:\/\/secure.gravatar.com\/avatar\/57de8e5d4b15d43fb361a71fbb36338450fe67865b528a43dd10ef7c51a20392?s=96&d=mm&r=g","caption":"La Sentinelle"},"sameAs":["http:\/\/www.lasentinelle.dz"],"url":"https:\/\/lasentinelle.dz\/author\/redaction\/"}]}},"_links":{"self":[{"href":"https:\/\/lasentinelle.dz\/index.php\/wp-json\/wp\/v2\/posts\/18497","targetHints":{"allow":["GET"]}}],"collection":[{"href":"https:\/\/lasentinelle.dz\/index.php\/wp-json\/wp\/v2\/posts"}],"about":[{"href":"https:\/\/lasentinelle.dz\/index.php\/wp-json\/wp\/v2\/types\/post"}],"author":[{"embeddable":true,"href":"https:\/\/lasentinelle.dz\/index.php\/wp-json\/wp\/v2\/users\/3"}],"replies":[{"embeddable":true,"href":"https:\/\/lasentinelle.dz\/index.php\/wp-json\/wp\/v2\/comments?post=18497"}],"version-history":[{"count":1,"href":"https:\/\/lasentinelle.dz\/index.php\/wp-json\/wp\/v2\/posts\/18497\/revisions"}],"predecessor-version":[{"id":18502,"href":"https:\/\/lasentinelle.dz\/index.php\/wp-json\/wp\/v2\/posts\/18497\/revisions\/18502"}],"wp:featuredmedia":[{"embeddable":true,"href":"https:\/\/lasentinelle.dz\/index.php\/wp-json\/wp\/v2\/media\/18501"}],"wp:attachment":[{"href":"https:\/\/lasentinelle.dz\/index.php\/wp-json\/wp\/v2\/media?parent=18497"}],"wp:term":[{"taxonomy":"category","embeddable":true,"href":"https:\/\/lasentinelle.dz\/index.php\/wp-json\/wp\/v2\/categories?post=18497"},{"taxonomy":"post_tag","embeddable":true,"href":"https:\/\/lasentinelle.dz\/index.php\/wp-json\/wp\/v2\/tags?post=18497"}],"curies":[{"name":"wp","href":"https:\/\/api.w.org\/{rel}","templated":true}]}}