{"id":18533,"date":"2022-03-20T00:01:00","date_gmt":"2022-03-19T23:01:00","guid":{"rendered":"https:\/\/lasentinelle.dz\/?p=18533"},"modified":"2022-03-19T16:28:14","modified_gmt":"2022-03-19T15:28:14","slug":"cameroun-algerie-1-700-supporteurs-seront-a-douala","status":"publish","type":"post","link":"https:\/\/lasentinelle.dz\/index.php\/2022\/03\/20\/cameroun-algerie-1-700-supporteurs-seront-a-douala\/","title":{"rendered":"Cameroun\u00a0\u00a0&#8211; Alg\u00e9rie\u00a0\u00a0\u00a0:\u00a01.700 supporteurs seront \u00e0 Douala\u00a0"},"content":{"rendered":"\n<p>La direction du TVA Alg\u00e9rie compte envoyer une \u00e9quipe sp\u00e9cialis\u00e9e \u00e0 Douala pour pr\u00e9parer dans les meilleurs conditions possibles, ce court s\u00e9jour.&nbsp;&nbsp;&nbsp;<\/p>\n\n\n\n<p>Quelque 1.700 supporteurs se d\u00e9placeront \u00e0 Douala pour soutenir la s\u00e9lection alg\u00e9rienne en appel, face \u00e0 son homologue camerounaise, vendredi prochain au stade Japoma de Douala, pour le compte du match aller du barrage qualificatif au Mondial-2022 de Qatar, a r\u00e9v\u00e9l\u00e9 Tahar Sahri, pr\u00e9sident directeur-g\u00e9n\u00e9ral du Touring Voyages Alg\u00e9rie (TVA), \u00e0 la radio nationale. \u00ab\u00a0Jusqu&rsquo;\u00e0 aujourd&rsquo;hui (vendredi), on est au remplissage du 11e avion. Nos agences restent mobilis\u00e9es et sont toujours ouvertes aux derniers retardataires, vacciner contre la fi\u00e8vre jaune, ainsi que le vaccin anti-Covid-19. Ils seront quelques 1700 supporteurs, \u00e0 moyenne de 140 personnes par avion\u00a0\u00bb, a indiqu\u00e9 Sahri, assurant que \u00ab\u00a0tout a \u00e9t\u00e9 mis en \u0153uvre pour assurer les meilleurs services aux supporters alg\u00e9riens sur place \u00e0 Douala\u00a0\u00bb. D&rsquo;ailleurs, la direction du Touring Voyages Alg\u00e9rie (TVA) compte envoyer la semaine prochaine \u00e0 Douala, une \u00e9quipe sp\u00e9cialis\u00e9e dans les voyages de groupe, pour \u00ab\u00a0pr\u00e9parer dans les meilleurs conditions possibles, l&rsquo;arriv\u00e9e des supporteurs alg\u00e9riens et ficeler leur court s\u00e9jour sur place\u00a0\u00bb. Le programme des douze vols \u00e0 destination du Cameroun comprend 4 vols qui d\u00e9colleront d\u2019Alger, et deux de chacune des wilayas d\u2019Oran, Constantine, Ouargla et B\u00e9char. Les employ\u00e9s de l\u2019Agence Touring Voyages Alg\u00e9rie, charg\u00e9e de la commercialisation de l\u2019offre, travaillent d&rsquo;arrache-pied pour accompagner les supporters durant tout leur s\u00e9jour, jusqu&rsquo;\u00e0 leur retour \u00e0 Alger. Concernant, la restauration, les organisateurs assurent qu&rsquo;\u00e0 l&rsquo;instar d&rsquo;Air Alg\u00e9rie et Tassili, le TVA a pr\u00e9vu de&nbsp;&nbsp;fournir aux supporteurs et autres accompagnateurs, des boissons et repas, notamment \u00e0 midi \u00e0 Douala. Le d\u00e9placement \u00e0 Douala se fera dans la nuit du 24 mars, alors que l&rsquo;arriv\u00e9e est pr\u00e9vue vers 6h du matin. Une fois sur place, les supporters resteront \u00e0 l&rsquo;a\u00e9roport jusqu&rsquo;a 13h avant leur transport vers le stade de Japoma, alors que le retour se fera vers 23h, pour arriver \u00e0 Alger \u00e0 4h30 du matin. L&rsquo;op\u00e9ration de vente de billets aux supporteurs \u00e0 destination de Douala a \u00e9t\u00e9 entam\u00e9e, dimanche au niveau des diff\u00e9rentes agence de du TVA, au lendemain de la d\u00e9cision du pr\u00e9sident de la R\u00e9publique,&nbsp;&nbsp;Abdelmadjid Tebboune de prendre en charge les supporters de l\u2019\u00e9quipe nationale. Le tarif d\u00e9finitif de l\u2019offre (toute charge comprise): prix du billet \u2018du visa\u2019 assurance voyage, test PCR moins de 72 heures, le repas et le transfert de et vers l\u2019a\u00e9roport de Douala, a \u00e9t\u00e9 revue \u00e0 la baisse (50.000 DA), apr\u00e8s avoir \u00e9t\u00e9 fix\u00e9 \u00e0 85.000 DA. L&rsquo;op\u00e9ration enregistre le soutien des compagnies publiques: Sonatrach, Sonelgaz, Mobilis, Serport et Madar. Le match retour entre l&rsquo;Alg\u00e9rie et le Cameroun aura lieu le 29 mars au stade Mustapha Tchaker de Blida (20h30).&nbsp;<\/p>\n\n\n\n<p>R.S.&nbsp;<\/p>\n","protected":false},"excerpt":{"rendered":"<p>La direction du TVA Alg\u00e9rie compte envoyer une \u00e9quipe sp\u00e9cialis\u00e9e \u00e0 Douala pour pr\u00e9parer dans les meilleurs conditions possibles, ce<\/p>\n","protected":false},"author":3,"featured_media":18539,"comment_status":"open","ping_status":"closed","sticky":false,"template":"","format":"standard","meta":{"colormag_page_container_layout":"default_layout","colormag_page_sidebar_layout":"default_layout","om_disable_all_campaigns":false,"_monsterinsights_skip_tracking":false,"_monsterinsights_sitenote_active":false,"_monsterinsights_sitenote_note":"","_monsterinsights_sitenote_category":0,"footnotes":"","_wpscppro_dont_share_socialmedia":false,"_wpscppro_custom_social_share_image":0,"_facebook_share_type":"","_twitter_share_type":"","_linkedin_share_type":"","_pinterest_share_type":"","_linkedin_share_type_page":"","_instagram_share_type":"","_medium_share_type":"","_threads_share_type":"","_google_business_share_type":"","_selected_social_profile":[],"_wpsp_enable_custom_social_template":false,"_wpsp_social_scheduling":{"enabled":false,"datetime":null,"platforms":[],"status":"template_only","dateOption":"today","timeOption":"now","customDays":"","customHours":"","customDate":"","customTime":"","schedulingType":"absolute"},"_wpsp_active_default_template":true},"categories":[33],"tags":[],"class_list":["post-18533","post","type-post","status-publish","format-standard","has-post-thumbnail","hentry","category-sports"],"aioseo_notices":[],"yoast_head":"<!-- This site is optimized with the Yoast SEO plugin v27.4 - https:\/\/yoast.com\/product\/yoast-seo-wordpress\/ -->\n<title>Cameroun\u00a0\u00a0- Alg\u00e9rie\u00a0\u00a0\u00a0:\u00a01.700 supporteurs seront \u00e0 Douala\u00a0 - La Sentinelle<\/title>\n<meta name=\"robots\" content=\"index, follow, max-snippet:-1, max-image-preview:large, max-video-preview:-1\" \/>\n<link rel=\"canonical\" href=\"https:\/\/lasentinelle.dz\/index.php\/2022\/03\/20\/cameroun-algerie-1-700-supporteurs-seront-a-douala\/\" \/>\n<meta property=\"og:locale\" content=\"fr_FR\" \/>\n<meta property=\"og:type\" content=\"article\" \/>\n<meta property=\"og:title\" content=\"Cameroun\u00a0\u00a0- Alg\u00e9rie\u00a0\u00a0\u00a0:\u00a01.700 supporteurs seront \u00e0 Douala\u00a0 - La Sentinelle\" \/>\n<meta property=\"og:description\" content=\"La direction du TVA Alg\u00e9rie compte envoyer une \u00e9quipe sp\u00e9cialis\u00e9e \u00e0 Douala pour pr\u00e9parer dans les meilleurs conditions possibles, ce\" \/>\n<meta property=\"og:url\" content=\"https:\/\/lasentinelle.dz\/index.php\/2022\/03\/20\/cameroun-algerie-1-700-supporteurs-seront-a-douala\/\" \/>\n<meta property=\"og:site_name\" content=\"La Sentinelle\" \/>\n<meta property=\"article:publisher\" content=\"https:\/\/www.facebook.com\/La-Sentinelle-104059864394773\" \/>\n<meta property=\"article:published_time\" content=\"2022-03-19T23:01:00+00:00\" \/>\n<meta property=\"og:image\" content=\"https:\/\/lasentinelle.dz\/wp-content\/uploads\/2022\/03\/supporters.jpeg\" \/>\n\t<meta property=\"og:image:width\" content=\"620\" \/>\n\t<meta property=\"og:image:height\" content=\"410\" \/>\n\t<meta property=\"og:image:type\" content=\"image\/jpeg\" \/>\n<meta name=\"author\" content=\"La Sentinelle\" \/>\n<meta name=\"twitter:card\" content=\"summary_large_image\" \/>\n<meta name=\"twitter:label1\" content=\"\u00c9crit par\" \/>\n\t<meta name=\"twitter:data1\" content=\"La Sentinelle\" \/>\n\t<meta name=\"twitter:label2\" content=\"Dur\u00e9e de lecture estim\u00e9e\" \/>\n\t<meta name=\"twitter:data2\" content=\"3 minutes\" \/>\n<script type=\"application\/ld+json\" class=\"yoast-schema-graph\">{\"@context\":\"https:\\\/\\\/schema.org\",\"@graph\":[{\"@type\":\"Article\",\"@id\":\"https:\\\/\\\/lasentinelle.dz\\\/index.php\\\/2022\\\/03\\\/20\\\/cameroun-algerie-1-700-supporteurs-seront-a-douala\\\/#article\",\"isPartOf\":{\"@id\":\"https:\\\/\\\/lasentinelle.dz\\\/index.php\\\/2022\\\/03\\\/20\\\/cameroun-algerie-1-700-supporteurs-seront-a-douala\\\/\"},\"author\":{\"name\":\"La Sentinelle\",\"@id\":\"https:\\\/\\\/lasentinelle.dz\\\/#\\\/schema\\\/person\\\/d865044e22e70a75174ce8bcad3acfb3\"},\"headline\":\"Cameroun\u00a0\u00a0&#8211; Alg\u00e9rie\u00a0\u00a0\u00a0:\u00a01.700 supporteurs seront \u00e0 Douala\u00a0\",\"datePublished\":\"2022-03-19T23:01:00+00:00\",\"mainEntityOfPage\":{\"@id\":\"https:\\\/\\\/lasentinelle.dz\\\/index.php\\\/2022\\\/03\\\/20\\\/cameroun-algerie-1-700-supporteurs-seront-a-douala\\\/\"},\"wordCount\":506,\"commentCount\":0,\"publisher\":{\"@id\":\"https:\\\/\\\/lasentinelle.dz\\\/#organization\"},\"image\":{\"@id\":\"https:\\\/\\\/lasentinelle.dz\\\/index.php\\\/2022\\\/03\\\/20\\\/cameroun-algerie-1-700-supporteurs-seront-a-douala\\\/#primaryimage\"},\"thumbnailUrl\":\"https:\\\/\\\/lasentinelle.dz\\\/wp-content\\\/uploads\\\/2022\\\/03\\\/supporters.jpeg\",\"articleSection\":[\"Sports\"],\"inLanguage\":\"fr-FR\",\"potentialAction\":[{\"@type\":\"CommentAction\",\"name\":\"Comment\",\"target\":[\"https:\\\/\\\/lasentinelle.dz\\\/index.php\\\/2022\\\/03\\\/20\\\/cameroun-algerie-1-700-supporteurs-seront-a-douala\\\/#respond\"]}]},{\"@type\":\"WebPage\",\"@id\":\"https:\\\/\\\/lasentinelle.dz\\\/index.php\\\/2022\\\/03\\\/20\\\/cameroun-algerie-1-700-supporteurs-seront-a-douala\\\/\",\"url\":\"https:\\\/\\\/lasentinelle.dz\\\/index.php\\\/2022\\\/03\\\/20\\\/cameroun-algerie-1-700-supporteurs-seront-a-douala\\\/\",\"name\":\"Cameroun\u00a0\u00a0- Alg\u00e9rie\u00a0\u00a0\u00a0:\u00a01.700 supporteurs seront \u00e0 Douala\u00a0 - La Sentinelle\",\"isPartOf\":{\"@id\":\"https:\\\/\\\/lasentinelle.dz\\\/#website\"},\"primaryImageOfPage\":{\"@id\":\"https:\\\/\\\/lasentinelle.dz\\\/index.php\\\/2022\\\/03\\\/20\\\/cameroun-algerie-1-700-supporteurs-seront-a-douala\\\/#primaryimage\"},\"image\":{\"@id\":\"https:\\\/\\\/lasentinelle.dz\\\/index.php\\\/2022\\\/03\\\/20\\\/cameroun-algerie-1-700-supporteurs-seront-a-douala\\\/#primaryimage\"},\"thumbnailUrl\":\"https:\\\/\\\/lasentinelle.dz\\\/wp-content\\\/uploads\\\/2022\\\/03\\\/supporters.jpeg\",\"datePublished\":\"2022-03-19T23:01:00+00:00\",\"breadcrumb\":{\"@id\":\"https:\\\/\\\/lasentinelle.dz\\\/index.php\\\/2022\\\/03\\\/20\\\/cameroun-algerie-1-700-supporteurs-seront-a-douala\\\/#breadcrumb\"},\"inLanguage\":\"fr-FR\",\"potentialAction\":[{\"@type\":\"ReadAction\",\"target\":[\"https:\\\/\\\/lasentinelle.dz\\\/index.php\\\/2022\\\/03\\\/20\\\/cameroun-algerie-1-700-supporteurs-seront-a-douala\\\/\"]}]},{\"@type\":\"ImageObject\",\"inLanguage\":\"fr-FR\",\"@id\":\"https:\\\/\\\/lasentinelle.dz\\\/index.php\\\/2022\\\/03\\\/20\\\/cameroun-algerie-1-700-supporteurs-seront-a-douala\\\/#primaryimage\",\"url\":\"https:\\\/\\\/lasentinelle.dz\\\/wp-content\\\/uploads\\\/2022\\\/03\\\/supporters.jpeg\",\"contentUrl\":\"https:\\\/\\\/lasentinelle.dz\\\/wp-content\\\/uploads\\\/2022\\\/03\\\/supporters.jpeg\",\"width\":620,\"height\":410},{\"@type\":\"BreadcrumbList\",\"@id\":\"https:\\\/\\\/lasentinelle.dz\\\/index.php\\\/2022\\\/03\\\/20\\\/cameroun-algerie-1-700-supporteurs-seront-a-douala\\\/#breadcrumb\",\"itemListElement\":[{\"@type\":\"ListItem\",\"position\":1,\"name\":\"Accueil\",\"item\":\"https:\\\/\\\/lasentinelle.dz\\\/\"},{\"@type\":\"ListItem\",\"position\":2,\"name\":\"Cameroun\u00a0\u00a0&#8211; Alg\u00e9rie\u00a0\u00a0\u00a0:\u00a01.700 supporteurs seront \u00e0 Douala\u00a0\"}]},{\"@type\":\"WebSite\",\"@id\":\"https:\\\/\\\/lasentinelle.dz\\\/#website\",\"url\":\"https:\\\/\\\/lasentinelle.dz\\\/\",\"name\":\"La Sentinelle\",\"description\":\"Quotidien national d&#039;information\",\"publisher\":{\"@id\":\"https:\\\/\\\/lasentinelle.dz\\\/#organization\"},\"potentialAction\":[{\"@type\":\"SearchAction\",\"target\":{\"@type\":\"EntryPoint\",\"urlTemplate\":\"https:\\\/\\\/lasentinelle.dz\\\/?s={search_term_string}\"},\"query-input\":{\"@type\":\"PropertyValueSpecification\",\"valueRequired\":true,\"valueName\":\"search_term_string\"}}],\"inLanguage\":\"fr-FR\"},{\"@type\":\"Organization\",\"@id\":\"https:\\\/\\\/lasentinelle.dz\\\/#organization\",\"name\":\"Quotidien La Sentinelle\",\"url\":\"https:\\\/\\\/lasentinelle.dz\\\/\",\"logo\":{\"@type\":\"ImageObject\",\"inLanguage\":\"fr-FR\",\"@id\":\"https:\\\/\\\/lasentinelle.dz\\\/#\\\/schema\\\/logo\\\/image\\\/\",\"url\":\"https:\\\/\\\/lasentinelle.dz\\\/wp-content\\\/uploads\\\/2021\\\/09\\\/logo-sentinelleSLOGAN-1.png\",\"contentUrl\":\"https:\\\/\\\/lasentinelle.dz\\\/wp-content\\\/uploads\\\/2021\\\/09\\\/logo-sentinelleSLOGAN-1.png\",\"width\":615,\"height\":142,\"caption\":\"Quotidien La Sentinelle\"},\"image\":{\"@id\":\"https:\\\/\\\/lasentinelle.dz\\\/#\\\/schema\\\/logo\\\/image\\\/\"},\"sameAs\":[\"https:\\\/\\\/www.facebook.com\\\/La-Sentinelle-104059864394773\"]},{\"@type\":\"Person\",\"@id\":\"https:\\\/\\\/lasentinelle.dz\\\/#\\\/schema\\\/person\\\/d865044e22e70a75174ce8bcad3acfb3\",\"name\":\"La Sentinelle\",\"image\":{\"@type\":\"ImageObject\",\"inLanguage\":\"fr-FR\",\"@id\":\"https:\\\/\\\/secure.gravatar.com\\\/avatar\\\/57de8e5d4b15d43fb361a71fbb36338450fe67865b528a43dd10ef7c51a20392?s=96&d=mm&r=g\",\"url\":\"https:\\\/\\\/secure.gravatar.com\\\/avatar\\\/57de8e5d4b15d43fb361a71fbb36338450fe67865b528a43dd10ef7c51a20392?s=96&d=mm&r=g\",\"contentUrl\":\"https:\\\/\\\/secure.gravatar.com\\\/avatar\\\/57de8e5d4b15d43fb361a71fbb36338450fe67865b528a43dd10ef7c51a20392?s=96&d=mm&r=g\",\"caption\":\"La Sentinelle\"},\"sameAs\":[\"http:\\\/\\\/www.lasentinelle.dz\"],\"url\":\"https:\\\/\\\/lasentinelle.dz\\\/author\\\/redaction\\\/\"}]}<\/script>\n<!-- \/ Yoast SEO plugin. -->","yoast_head_json":{"title":"Cameroun\u00a0\u00a0- Alg\u00e9rie\u00a0\u00a0\u00a0:\u00a01.700 supporteurs seront \u00e0 Douala\u00a0 - La Sentinelle","robots":{"index":"index","follow":"follow","max-snippet":"max-snippet:-1","max-image-preview":"max-image-preview:large","max-video-preview":"max-video-preview:-1"},"canonical":"https:\/\/lasentinelle.dz\/index.php\/2022\/03\/20\/cameroun-algerie-1-700-supporteurs-seront-a-douala\/","og_locale":"fr_FR","og_type":"article","og_title":"Cameroun\u00a0\u00a0- Alg\u00e9rie\u00a0\u00a0\u00a0:\u00a01.700 supporteurs seront \u00e0 Douala\u00a0 - La Sentinelle","og_description":"La direction du TVA Alg\u00e9rie compte envoyer une \u00e9quipe sp\u00e9cialis\u00e9e \u00e0 Douala pour pr\u00e9parer dans les meilleurs conditions possibles, ce","og_url":"https:\/\/lasentinelle.dz\/index.php\/2022\/03\/20\/cameroun-algerie-1-700-supporteurs-seront-a-douala\/","og_site_name":"La Sentinelle","article_publisher":"https:\/\/www.facebook.com\/La-Sentinelle-104059864394773","article_published_time":"2022-03-19T23:01:00+00:00","og_image":[{"width":620,"height":410,"url":"https:\/\/lasentinelle.dz\/wp-content\/uploads\/2022\/03\/supporters.jpeg","type":"image\/jpeg"}],"author":"La Sentinelle","twitter_card":"summary_large_image","twitter_misc":{"\u00c9crit par":"La Sentinelle","Dur\u00e9e de lecture estim\u00e9e":"3 minutes"},"schema":{"@context":"https:\/\/schema.org","@graph":[{"@type":"Article","@id":"https:\/\/lasentinelle.dz\/index.php\/2022\/03\/20\/cameroun-algerie-1-700-supporteurs-seront-a-douala\/#article","isPartOf":{"@id":"https:\/\/lasentinelle.dz\/index.php\/2022\/03\/20\/cameroun-algerie-1-700-supporteurs-seront-a-douala\/"},"author":{"name":"La Sentinelle","@id":"https:\/\/lasentinelle.dz\/#\/schema\/person\/d865044e22e70a75174ce8bcad3acfb3"},"headline":"Cameroun\u00a0\u00a0&#8211; Alg\u00e9rie\u00a0\u00a0\u00a0:\u00a01.700 supporteurs seront \u00e0 Douala\u00a0","datePublished":"2022-03-19T23:01:00+00:00","mainEntityOfPage":{"@id":"https:\/\/lasentinelle.dz\/index.php\/2022\/03\/20\/cameroun-algerie-1-700-supporteurs-seront-a-douala\/"},"wordCount":506,"commentCount":0,"publisher":{"@id":"https:\/\/lasentinelle.dz\/#organization"},"image":{"@id":"https:\/\/lasentinelle.dz\/index.php\/2022\/03\/20\/cameroun-algerie-1-700-supporteurs-seront-a-douala\/#primaryimage"},"thumbnailUrl":"https:\/\/lasentinelle.dz\/wp-content\/uploads\/2022\/03\/supporters.jpeg","articleSection":["Sports"],"inLanguage":"fr-FR","potentialAction":[{"@type":"CommentAction","name":"Comment","target":["https:\/\/lasentinelle.dz\/index.php\/2022\/03\/20\/cameroun-algerie-1-700-supporteurs-seront-a-douala\/#respond"]}]},{"@type":"WebPage","@id":"https:\/\/lasentinelle.dz\/index.php\/2022\/03\/20\/cameroun-algerie-1-700-supporteurs-seront-a-douala\/","url":"https:\/\/lasentinelle.dz\/index.php\/2022\/03\/20\/cameroun-algerie-1-700-supporteurs-seront-a-douala\/","name":"Cameroun\u00a0\u00a0- Alg\u00e9rie\u00a0\u00a0\u00a0:\u00a01.700 supporteurs seront \u00e0 Douala\u00a0 - La Sentinelle","isPartOf":{"@id":"https:\/\/lasentinelle.dz\/#website"},"primaryImageOfPage":{"@id":"https:\/\/lasentinelle.dz\/index.php\/2022\/03\/20\/cameroun-algerie-1-700-supporteurs-seront-a-douala\/#primaryimage"},"image":{"@id":"https:\/\/lasentinelle.dz\/index.php\/2022\/03\/20\/cameroun-algerie-1-700-supporteurs-seront-a-douala\/#primaryimage"},"thumbnailUrl":"https:\/\/lasentinelle.dz\/wp-content\/uploads\/2022\/03\/supporters.jpeg","datePublished":"2022-03-19T23:01:00+00:00","breadcrumb":{"@id":"https:\/\/lasentinelle.dz\/index.php\/2022\/03\/20\/cameroun-algerie-1-700-supporteurs-seront-a-douala\/#breadcrumb"},"inLanguage":"fr-FR","potentialAction":[{"@type":"ReadAction","target":["https:\/\/lasentinelle.dz\/index.php\/2022\/03\/20\/cameroun-algerie-1-700-supporteurs-seront-a-douala\/"]}]},{"@type":"ImageObject","inLanguage":"fr-FR","@id":"https:\/\/lasentinelle.dz\/index.php\/2022\/03\/20\/cameroun-algerie-1-700-supporteurs-seront-a-douala\/#primaryimage","url":"https:\/\/lasentinelle.dz\/wp-content\/uploads\/2022\/03\/supporters.jpeg","contentUrl":"https:\/\/lasentinelle.dz\/wp-content\/uploads\/2022\/03\/supporters.jpeg","width":620,"height":410},{"@type":"BreadcrumbList","@id":"https:\/\/lasentinelle.dz\/index.php\/2022\/03\/20\/cameroun-algerie-1-700-supporteurs-seront-a-douala\/#breadcrumb","itemListElement":[{"@type":"ListItem","position":1,"name":"Accueil","item":"https:\/\/lasentinelle.dz\/"},{"@type":"ListItem","position":2,"name":"Cameroun\u00a0\u00a0&#8211; Alg\u00e9rie\u00a0\u00a0\u00a0:\u00a01.700 supporteurs seront \u00e0 Douala\u00a0"}]},{"@type":"WebSite","@id":"https:\/\/lasentinelle.dz\/#website","url":"https:\/\/lasentinelle.dz\/","name":"La Sentinelle","description":"Quotidien national d&#039;information","publisher":{"@id":"https:\/\/lasentinelle.dz\/#organization"},"potentialAction":[{"@type":"SearchAction","target":{"@type":"EntryPoint","urlTemplate":"https:\/\/lasentinelle.dz\/?s={search_term_string}"},"query-input":{"@type":"PropertyValueSpecification","valueRequired":true,"valueName":"search_term_string"}}],"inLanguage":"fr-FR"},{"@type":"Organization","@id":"https:\/\/lasentinelle.dz\/#organization","name":"Quotidien La Sentinelle","url":"https:\/\/lasentinelle.dz\/","logo":{"@type":"ImageObject","inLanguage":"fr-FR","@id":"https:\/\/lasentinelle.dz\/#\/schema\/logo\/image\/","url":"https:\/\/lasentinelle.dz\/wp-content\/uploads\/2021\/09\/logo-sentinelleSLOGAN-1.png","contentUrl":"https:\/\/lasentinelle.dz\/wp-content\/uploads\/2021\/09\/logo-sentinelleSLOGAN-1.png","width":615,"height":142,"caption":"Quotidien La Sentinelle"},"image":{"@id":"https:\/\/lasentinelle.dz\/#\/schema\/logo\/image\/"},"sameAs":["https:\/\/www.facebook.com\/La-Sentinelle-104059864394773"]},{"@type":"Person","@id":"https:\/\/lasentinelle.dz\/#\/schema\/person\/d865044e22e70a75174ce8bcad3acfb3","name":"La Sentinelle","image":{"@type":"ImageObject","inLanguage":"fr-FR","@id":"https:\/\/secure.gravatar.com\/avatar\/57de8e5d4b15d43fb361a71fbb36338450fe67865b528a43dd10ef7c51a20392?s=96&d=mm&r=g","url":"https:\/\/secure.gravatar.com\/avatar\/57de8e5d4b15d43fb361a71fbb36338450fe67865b528a43dd10ef7c51a20392?s=96&d=mm&r=g","contentUrl":"https:\/\/secure.gravatar.com\/avatar\/57de8e5d4b15d43fb361a71fbb36338450fe67865b528a43dd10ef7c51a20392?s=96&d=mm&r=g","caption":"La Sentinelle"},"sameAs":["http:\/\/www.lasentinelle.dz"],"url":"https:\/\/lasentinelle.dz\/author\/redaction\/"}]}},"_links":{"self":[{"href":"https:\/\/lasentinelle.dz\/index.php\/wp-json\/wp\/v2\/posts\/18533","targetHints":{"allow":["GET"]}}],"collection":[{"href":"https:\/\/lasentinelle.dz\/index.php\/wp-json\/wp\/v2\/posts"}],"about":[{"href":"https:\/\/lasentinelle.dz\/index.php\/wp-json\/wp\/v2\/types\/post"}],"author":[{"embeddable":true,"href":"https:\/\/lasentinelle.dz\/index.php\/wp-json\/wp\/v2\/users\/3"}],"replies":[{"embeddable":true,"href":"https:\/\/lasentinelle.dz\/index.php\/wp-json\/wp\/v2\/comments?post=18533"}],"version-history":[{"count":1,"href":"https:\/\/lasentinelle.dz\/index.php\/wp-json\/wp\/v2\/posts\/18533\/revisions"}],"predecessor-version":[{"id":18541,"href":"https:\/\/lasentinelle.dz\/index.php\/wp-json\/wp\/v2\/posts\/18533\/revisions\/18541"}],"wp:featuredmedia":[{"embeddable":true,"href":"https:\/\/lasentinelle.dz\/index.php\/wp-json\/wp\/v2\/media\/18539"}],"wp:attachment":[{"href":"https:\/\/lasentinelle.dz\/index.php\/wp-json\/wp\/v2\/media?parent=18533"}],"wp:term":[{"taxonomy":"category","embeddable":true,"href":"https:\/\/lasentinelle.dz\/index.php\/wp-json\/wp\/v2\/categories?post=18533"},{"taxonomy":"post_tag","embeddable":true,"href":"https:\/\/lasentinelle.dz\/index.php\/wp-json\/wp\/v2\/tags?post=18533"}],"curies":[{"name":"wp","href":"https:\/\/api.w.org\/{rel}","templated":true}]}}