{"id":18538,"date":"2022-03-20T00:01:00","date_gmt":"2022-03-19T23:01:00","guid":{"rendered":"https:\/\/lasentinelle.dz\/?p=18538"},"modified":"2022-03-19T18:01:44","modified_gmt":"2022-03-19T17:01:44","slug":"usa-chine-biden-menace-pekin-appelle-a-la-responsabilite","status":"publish","type":"post","link":"https:\/\/lasentinelle.dz\/index.php\/2022\/03\/20\/usa-chine-biden-menace-pekin-appelle-a-la-responsabilite\/","title":{"rendered":"USA-Chine\u00a0: Biden menace, P\u00e9kin appelle \u00e0 la responsabilit\u00e9"},"content":{"rendered":"\n<p>Un \u00e9change tr\u00e8s attendu qui n&rsquo;a gu\u00e8re fait bouger les lignes: Joe Biden a mis en garde vendredi Xi Jinping contre les \u00ab\u00a0cons\u00e9quences\u00a0\u00bb pour la Chine d&rsquo;une aide \u00e0 la Russie, tandis que le pr\u00e9sident chinois a&nbsp;estim\u00e9&nbsp;que des conflits militaires n&rsquo;\u00e9taient \u00ab\u00a0dans l&rsquo;int\u00e9r\u00eat de personne\u00a0\u00bb.&nbsp;La Chine et les Etats-Unis doivent non seulement faire \u00e9voluer leurs relations bilat\u00e9rales sur la bonne voie, mais aussi assumer leur part de responsabilit\u00e9s internationales et oeuvrer pour la paix et la tranquillit\u00e9 du monde, a d\u00e9clar\u00e9 le pr\u00e9sident chinois Xi Jinping.&nbsp;M. Xi a fait ces remarques lors d&rsquo;un appel vid\u00e9o avec le pr\u00e9sident am\u00e9ricain Joe Biden, \u00e0 l&rsquo;invitation de ce dernier.&nbsp;Notant que le paysage international a connu de nouveaux d\u00e9veloppements majeurs depuis leur premi\u00e8re rencontre virtuelle en novembre dernier, M. Xi a indiqu\u00e9 que la tendance dominante de la paix et du d\u00e9veloppement faisait face \u00e0 de s\u00e9rieux d\u00e9fis, et que le monde n&rsquo;\u00e9tait ni tranquille ni stable.\u00a0\u00bbLa crise ukrainienne n&rsquo;est pas quelque chose que nous voulons voir\u00a0\u00bb, a d\u00e9clar\u00e9 M. Xi.&nbsp;Les \u00e9v\u00e9nements montrent une fois de plus que les pays ne doivent pas en arriver \u00e0 se rencontrer sur le champ de bataille. Le conflit et la confrontation ne sont dans l&rsquo;int\u00e9r\u00eat de personne, et la paix et la s\u00e9curit\u00e9 sont ce que la communaut\u00e9 internationale doit ch\u00e9rir le plus, a-t-il ajout\u00e9.&nbsp;\u00ab\u00a0En tant que membres permanents du Conseil de s\u00e9curit\u00e9 des Nations unies et \u00e9tant les deux plus grandes \u00e9conomies du monde, nous devons non seulement faire \u00e9voluer les relations bilat\u00e9rales sur la bonne voie, mais aussi assumer notre part de responsabilit\u00e9s internationales et oeuvrer pour la paix et la tranquillit\u00e9 du monde,\u00a0\u00bb a indiqu\u00e9 M. Xi. Fin<\/p>\n\n\n\n<p>Le pr\u00e9sident am\u00e9ricain a \u00ab\u00a0d\u00e9crit les implications et cons\u00e9quences si la Chine fournissait un soutien mat\u00e9riel \u00e0 la Russie alors qu&rsquo;elle m\u00e8ne une attaque brutale contre les villes et civils ukrainiens\u00a0\u00bb, lors d&rsquo;un appel vid\u00e9o de pr\u00e8s de deux heures consacr\u00e9 essentiellement \u00e0 la guerre en Ukraine, a fait savoir la Maison Blanche dans un communiqu\u00e9 succinct.<\/p>\n\n\n\n<p>La Chine appelle les Etats-Unis et l&rsquo;Otan \u00e0 avoir un \u00ab\u00a0dialogue\u00a0\u00bb avec la Russie sur les \u00ab\u00a0pr\u00e9occupations de s\u00e9curit\u00e9\u00a0\u00bb de Moscou comme de Kiev, dans un communiqu\u00e9 du minist\u00e8re des Affaires \u00e9trang\u00e8res publi\u00e9 \u00e0 l&rsquo;issue de l&rsquo;\u00e9change.<\/p>\n\n\n\n<p>Ce m\u00eame communiqu\u00e9 du minist\u00e8re des Affaires \u00e9trang\u00e8res chinois appelle aussi les \u00ab\u00a0grands pays\u00a0\u00bb \u00e0 \u00ab\u00a0se respecter les uns les autres\u00a0\u00bb. Et il met aussi en garde, de mani\u00e8re tr\u00e8s g\u00e9n\u00e9rale, contre toute forme de \u00ab\u00a0sanctions larges et sans distinction\u00a0\u00bb qui pourraient \u00ab\u00a0paralyser une \u00e9conomie mondiale d\u00e9j\u00e0 \u00e0 la peine et causer des pertes irr\u00e9parables.\u00a0\u00bb<\/p>\n\n\n\n<p>R.I. avec agences<\/p>\n","protected":false},"excerpt":{"rendered":"<p>Un \u00e9change tr\u00e8s attendu qui n&rsquo;a gu\u00e8re fait bouger les lignes: Joe Biden a mis en garde vendredi Xi Jinping<\/p>\n","protected":false},"author":3,"featured_media":18556,"comment_status":"open","ping_status":"closed","sticky":false,"template":"","format":"standard","meta":{"colormag_page_container_layout":"default_layout","colormag_page_sidebar_layout":"default_layout","om_disable_all_campaigns":false,"_monsterinsights_skip_tracking":false,"_monsterinsights_sitenote_active":false,"_monsterinsights_sitenote_note":"","_monsterinsights_sitenote_category":0,"footnotes":"","_wpscppro_dont_share_socialmedia":false,"_wpscppro_custom_social_share_image":0,"_facebook_share_type":"","_twitter_share_type":"","_linkedin_share_type":"","_pinterest_share_type":"","_linkedin_share_type_page":"","_instagram_share_type":"","_medium_share_type":"","_threads_share_type":"","_google_business_share_type":"","_selected_social_profile":[],"_wpsp_enable_custom_social_template":false,"_wpsp_social_scheduling":{"enabled":false,"datetime":null,"platforms":[],"status":"template_only","dateOption":"today","timeOption":"now","customDays":"","customHours":"","customDate":"","customTime":"","schedulingType":"absolute"},"_wpsp_active_default_template":true},"categories":[37],"tags":[],"class_list":["post-18538","post","type-post","status-publish","format-standard","has-post-thumbnail","hentry","category-monde"],"aioseo_notices":[],"yoast_head":"<!-- This site is optimized with the Yoast SEO plugin v27.4 - https:\/\/yoast.com\/product\/yoast-seo-wordpress\/ -->\n<title>USA-Chine\u00a0: Biden menace, P\u00e9kin appelle \u00e0 la responsabilit\u00e9 - La Sentinelle<\/title>\n<meta name=\"robots\" content=\"index, follow, max-snippet:-1, max-image-preview:large, max-video-preview:-1\" \/>\n<link rel=\"canonical\" href=\"https:\/\/lasentinelle.dz\/index.php\/2022\/03\/20\/usa-chine-biden-menace-pekin-appelle-a-la-responsabilite\/\" \/>\n<meta property=\"og:locale\" content=\"fr_FR\" \/>\n<meta property=\"og:type\" content=\"article\" \/>\n<meta property=\"og:title\" content=\"USA-Chine\u00a0: Biden menace, P\u00e9kin appelle \u00e0 la responsabilit\u00e9 - La Sentinelle\" \/>\n<meta property=\"og:description\" content=\"Un \u00e9change tr\u00e8s attendu qui n&rsquo;a gu\u00e8re fait bouger les lignes: Joe Biden a mis en garde vendredi Xi Jinping\" \/>\n<meta property=\"og:url\" content=\"https:\/\/lasentinelle.dz\/index.php\/2022\/03\/20\/usa-chine-biden-menace-pekin-appelle-a-la-responsabilite\/\" \/>\n<meta property=\"og:site_name\" content=\"La Sentinelle\" \/>\n<meta property=\"article:publisher\" content=\"https:\/\/www.facebook.com\/La-Sentinelle-104059864394773\" \/>\n<meta property=\"article:published_time\" content=\"2022-03-19T23:01:00+00:00\" \/>\n<meta property=\"og:image\" content=\"https:\/\/lasentinelle.dz\/wp-content\/uploads\/2022\/03\/biden-chine.png\" \/>\n\t<meta property=\"og:image:width\" content=\"1441\" \/>\n\t<meta property=\"og:image:height\" content=\"900\" \/>\n\t<meta property=\"og:image:type\" content=\"image\/png\" \/>\n<meta name=\"author\" content=\"La Sentinelle\" \/>\n<meta name=\"twitter:card\" content=\"summary_large_image\" \/>\n<meta name=\"twitter:label1\" content=\"\u00c9crit par\" \/>\n\t<meta name=\"twitter:data1\" content=\"La Sentinelle\" \/>\n\t<meta name=\"twitter:label2\" content=\"Dur\u00e9e de lecture estim\u00e9e\" \/>\n\t<meta name=\"twitter:data2\" content=\"3 minutes\" \/>\n<script type=\"application\/ld+json\" class=\"yoast-schema-graph\">{\"@context\":\"https:\\\/\\\/schema.org\",\"@graph\":[{\"@type\":\"Article\",\"@id\":\"https:\\\/\\\/lasentinelle.dz\\\/index.php\\\/2022\\\/03\\\/20\\\/usa-chine-biden-menace-pekin-appelle-a-la-responsabilite\\\/#article\",\"isPartOf\":{\"@id\":\"https:\\\/\\\/lasentinelle.dz\\\/index.php\\\/2022\\\/03\\\/20\\\/usa-chine-biden-menace-pekin-appelle-a-la-responsabilite\\\/\"},\"author\":{\"name\":\"La Sentinelle\",\"@id\":\"https:\\\/\\\/lasentinelle.dz\\\/#\\\/schema\\\/person\\\/d865044e22e70a75174ce8bcad3acfb3\"},\"headline\":\"USA-Chine\u00a0: Biden menace, P\u00e9kin appelle \u00e0 la responsabilit\u00e9\",\"datePublished\":\"2022-03-19T23:01:00+00:00\",\"mainEntityOfPage\":{\"@id\":\"https:\\\/\\\/lasentinelle.dz\\\/index.php\\\/2022\\\/03\\\/20\\\/usa-chine-biden-menace-pekin-appelle-a-la-responsabilite\\\/\"},\"wordCount\":502,\"commentCount\":0,\"publisher\":{\"@id\":\"https:\\\/\\\/lasentinelle.dz\\\/#organization\"},\"image\":{\"@id\":\"https:\\\/\\\/lasentinelle.dz\\\/index.php\\\/2022\\\/03\\\/20\\\/usa-chine-biden-menace-pekin-appelle-a-la-responsabilite\\\/#primaryimage\"},\"thumbnailUrl\":\"https:\\\/\\\/lasentinelle.dz\\\/wp-content\\\/uploads\\\/2022\\\/03\\\/biden-chine.png\",\"articleSection\":[\"Monde\"],\"inLanguage\":\"fr-FR\",\"potentialAction\":[{\"@type\":\"CommentAction\",\"name\":\"Comment\",\"target\":[\"https:\\\/\\\/lasentinelle.dz\\\/index.php\\\/2022\\\/03\\\/20\\\/usa-chine-biden-menace-pekin-appelle-a-la-responsabilite\\\/#respond\"]}]},{\"@type\":\"WebPage\",\"@id\":\"https:\\\/\\\/lasentinelle.dz\\\/index.php\\\/2022\\\/03\\\/20\\\/usa-chine-biden-menace-pekin-appelle-a-la-responsabilite\\\/\",\"url\":\"https:\\\/\\\/lasentinelle.dz\\\/index.php\\\/2022\\\/03\\\/20\\\/usa-chine-biden-menace-pekin-appelle-a-la-responsabilite\\\/\",\"name\":\"USA-Chine\u00a0: Biden menace, P\u00e9kin appelle \u00e0 la responsabilit\u00e9 - La Sentinelle\",\"isPartOf\":{\"@id\":\"https:\\\/\\\/lasentinelle.dz\\\/#website\"},\"primaryImageOfPage\":{\"@id\":\"https:\\\/\\\/lasentinelle.dz\\\/index.php\\\/2022\\\/03\\\/20\\\/usa-chine-biden-menace-pekin-appelle-a-la-responsabilite\\\/#primaryimage\"},\"image\":{\"@id\":\"https:\\\/\\\/lasentinelle.dz\\\/index.php\\\/2022\\\/03\\\/20\\\/usa-chine-biden-menace-pekin-appelle-a-la-responsabilite\\\/#primaryimage\"},\"thumbnailUrl\":\"https:\\\/\\\/lasentinelle.dz\\\/wp-content\\\/uploads\\\/2022\\\/03\\\/biden-chine.png\",\"datePublished\":\"2022-03-19T23:01:00+00:00\",\"breadcrumb\":{\"@id\":\"https:\\\/\\\/lasentinelle.dz\\\/index.php\\\/2022\\\/03\\\/20\\\/usa-chine-biden-menace-pekin-appelle-a-la-responsabilite\\\/#breadcrumb\"},\"inLanguage\":\"fr-FR\",\"potentialAction\":[{\"@type\":\"ReadAction\",\"target\":[\"https:\\\/\\\/lasentinelle.dz\\\/index.php\\\/2022\\\/03\\\/20\\\/usa-chine-biden-menace-pekin-appelle-a-la-responsabilite\\\/\"]}]},{\"@type\":\"ImageObject\",\"inLanguage\":\"fr-FR\",\"@id\":\"https:\\\/\\\/lasentinelle.dz\\\/index.php\\\/2022\\\/03\\\/20\\\/usa-chine-biden-menace-pekin-appelle-a-la-responsabilite\\\/#primaryimage\",\"url\":\"https:\\\/\\\/lasentinelle.dz\\\/wp-content\\\/uploads\\\/2022\\\/03\\\/biden-chine.png\",\"contentUrl\":\"https:\\\/\\\/lasentinelle.dz\\\/wp-content\\\/uploads\\\/2022\\\/03\\\/biden-chine.png\",\"width\":1441,\"height\":900},{\"@type\":\"BreadcrumbList\",\"@id\":\"https:\\\/\\\/lasentinelle.dz\\\/index.php\\\/2022\\\/03\\\/20\\\/usa-chine-biden-menace-pekin-appelle-a-la-responsabilite\\\/#breadcrumb\",\"itemListElement\":[{\"@type\":\"ListItem\",\"position\":1,\"name\":\"Accueil\",\"item\":\"https:\\\/\\\/lasentinelle.dz\\\/\"},{\"@type\":\"ListItem\",\"position\":2,\"name\":\"USA-Chine\u00a0: Biden menace, P\u00e9kin appelle \u00e0 la responsabilit\u00e9\"}]},{\"@type\":\"WebSite\",\"@id\":\"https:\\\/\\\/lasentinelle.dz\\\/#website\",\"url\":\"https:\\\/\\\/lasentinelle.dz\\\/\",\"name\":\"La Sentinelle\",\"description\":\"Quotidien national d&#039;information\",\"publisher\":{\"@id\":\"https:\\\/\\\/lasentinelle.dz\\\/#organization\"},\"potentialAction\":[{\"@type\":\"SearchAction\",\"target\":{\"@type\":\"EntryPoint\",\"urlTemplate\":\"https:\\\/\\\/lasentinelle.dz\\\/?s={search_term_string}\"},\"query-input\":{\"@type\":\"PropertyValueSpecification\",\"valueRequired\":true,\"valueName\":\"search_term_string\"}}],\"inLanguage\":\"fr-FR\"},{\"@type\":\"Organization\",\"@id\":\"https:\\\/\\\/lasentinelle.dz\\\/#organization\",\"name\":\"Quotidien La Sentinelle\",\"url\":\"https:\\\/\\\/lasentinelle.dz\\\/\",\"logo\":{\"@type\":\"ImageObject\",\"inLanguage\":\"fr-FR\",\"@id\":\"https:\\\/\\\/lasentinelle.dz\\\/#\\\/schema\\\/logo\\\/image\\\/\",\"url\":\"https:\\\/\\\/lasentinelle.dz\\\/wp-content\\\/uploads\\\/2021\\\/09\\\/logo-sentinelleSLOGAN-1.png\",\"contentUrl\":\"https:\\\/\\\/lasentinelle.dz\\\/wp-content\\\/uploads\\\/2021\\\/09\\\/logo-sentinelleSLOGAN-1.png\",\"width\":615,\"height\":142,\"caption\":\"Quotidien La Sentinelle\"},\"image\":{\"@id\":\"https:\\\/\\\/lasentinelle.dz\\\/#\\\/schema\\\/logo\\\/image\\\/\"},\"sameAs\":[\"https:\\\/\\\/www.facebook.com\\\/La-Sentinelle-104059864394773\"]},{\"@type\":\"Person\",\"@id\":\"https:\\\/\\\/lasentinelle.dz\\\/#\\\/schema\\\/person\\\/d865044e22e70a75174ce8bcad3acfb3\",\"name\":\"La Sentinelle\",\"image\":{\"@type\":\"ImageObject\",\"inLanguage\":\"fr-FR\",\"@id\":\"https:\\\/\\\/secure.gravatar.com\\\/avatar\\\/57de8e5d4b15d43fb361a71fbb36338450fe67865b528a43dd10ef7c51a20392?s=96&d=mm&r=g\",\"url\":\"https:\\\/\\\/secure.gravatar.com\\\/avatar\\\/57de8e5d4b15d43fb361a71fbb36338450fe67865b528a43dd10ef7c51a20392?s=96&d=mm&r=g\",\"contentUrl\":\"https:\\\/\\\/secure.gravatar.com\\\/avatar\\\/57de8e5d4b15d43fb361a71fbb36338450fe67865b528a43dd10ef7c51a20392?s=96&d=mm&r=g\",\"caption\":\"La Sentinelle\"},\"sameAs\":[\"http:\\\/\\\/www.lasentinelle.dz\"],\"url\":\"https:\\\/\\\/lasentinelle.dz\\\/author\\\/redaction\\\/\"}]}<\/script>\n<!-- \/ Yoast SEO plugin. -->","yoast_head_json":{"title":"USA-Chine\u00a0: Biden menace, P\u00e9kin appelle \u00e0 la responsabilit\u00e9 - La Sentinelle","robots":{"index":"index","follow":"follow","max-snippet":"max-snippet:-1","max-image-preview":"max-image-preview:large","max-video-preview":"max-video-preview:-1"},"canonical":"https:\/\/lasentinelle.dz\/index.php\/2022\/03\/20\/usa-chine-biden-menace-pekin-appelle-a-la-responsabilite\/","og_locale":"fr_FR","og_type":"article","og_title":"USA-Chine\u00a0: Biden menace, P\u00e9kin appelle \u00e0 la responsabilit\u00e9 - La Sentinelle","og_description":"Un \u00e9change tr\u00e8s attendu qui n&rsquo;a gu\u00e8re fait bouger les lignes: Joe Biden a mis en garde vendredi Xi Jinping","og_url":"https:\/\/lasentinelle.dz\/index.php\/2022\/03\/20\/usa-chine-biden-menace-pekin-appelle-a-la-responsabilite\/","og_site_name":"La Sentinelle","article_publisher":"https:\/\/www.facebook.com\/La-Sentinelle-104059864394773","article_published_time":"2022-03-19T23:01:00+00:00","og_image":[{"width":1441,"height":900,"url":"https:\/\/lasentinelle.dz\/wp-content\/uploads\/2022\/03\/biden-chine.png","type":"image\/png"}],"author":"La Sentinelle","twitter_card":"summary_large_image","twitter_misc":{"\u00c9crit par":"La Sentinelle","Dur\u00e9e de lecture estim\u00e9e":"3 minutes"},"schema":{"@context":"https:\/\/schema.org","@graph":[{"@type":"Article","@id":"https:\/\/lasentinelle.dz\/index.php\/2022\/03\/20\/usa-chine-biden-menace-pekin-appelle-a-la-responsabilite\/#article","isPartOf":{"@id":"https:\/\/lasentinelle.dz\/index.php\/2022\/03\/20\/usa-chine-biden-menace-pekin-appelle-a-la-responsabilite\/"},"author":{"name":"La Sentinelle","@id":"https:\/\/lasentinelle.dz\/#\/schema\/person\/d865044e22e70a75174ce8bcad3acfb3"},"headline":"USA-Chine\u00a0: Biden menace, P\u00e9kin appelle \u00e0 la responsabilit\u00e9","datePublished":"2022-03-19T23:01:00+00:00","mainEntityOfPage":{"@id":"https:\/\/lasentinelle.dz\/index.php\/2022\/03\/20\/usa-chine-biden-menace-pekin-appelle-a-la-responsabilite\/"},"wordCount":502,"commentCount":0,"publisher":{"@id":"https:\/\/lasentinelle.dz\/#organization"},"image":{"@id":"https:\/\/lasentinelle.dz\/index.php\/2022\/03\/20\/usa-chine-biden-menace-pekin-appelle-a-la-responsabilite\/#primaryimage"},"thumbnailUrl":"https:\/\/lasentinelle.dz\/wp-content\/uploads\/2022\/03\/biden-chine.png","articleSection":["Monde"],"inLanguage":"fr-FR","potentialAction":[{"@type":"CommentAction","name":"Comment","target":["https:\/\/lasentinelle.dz\/index.php\/2022\/03\/20\/usa-chine-biden-menace-pekin-appelle-a-la-responsabilite\/#respond"]}]},{"@type":"WebPage","@id":"https:\/\/lasentinelle.dz\/index.php\/2022\/03\/20\/usa-chine-biden-menace-pekin-appelle-a-la-responsabilite\/","url":"https:\/\/lasentinelle.dz\/index.php\/2022\/03\/20\/usa-chine-biden-menace-pekin-appelle-a-la-responsabilite\/","name":"USA-Chine\u00a0: Biden menace, P\u00e9kin appelle \u00e0 la responsabilit\u00e9 - La Sentinelle","isPartOf":{"@id":"https:\/\/lasentinelle.dz\/#website"},"primaryImageOfPage":{"@id":"https:\/\/lasentinelle.dz\/index.php\/2022\/03\/20\/usa-chine-biden-menace-pekin-appelle-a-la-responsabilite\/#primaryimage"},"image":{"@id":"https:\/\/lasentinelle.dz\/index.php\/2022\/03\/20\/usa-chine-biden-menace-pekin-appelle-a-la-responsabilite\/#primaryimage"},"thumbnailUrl":"https:\/\/lasentinelle.dz\/wp-content\/uploads\/2022\/03\/biden-chine.png","datePublished":"2022-03-19T23:01:00+00:00","breadcrumb":{"@id":"https:\/\/lasentinelle.dz\/index.php\/2022\/03\/20\/usa-chine-biden-menace-pekin-appelle-a-la-responsabilite\/#breadcrumb"},"inLanguage":"fr-FR","potentialAction":[{"@type":"ReadAction","target":["https:\/\/lasentinelle.dz\/index.php\/2022\/03\/20\/usa-chine-biden-menace-pekin-appelle-a-la-responsabilite\/"]}]},{"@type":"ImageObject","inLanguage":"fr-FR","@id":"https:\/\/lasentinelle.dz\/index.php\/2022\/03\/20\/usa-chine-biden-menace-pekin-appelle-a-la-responsabilite\/#primaryimage","url":"https:\/\/lasentinelle.dz\/wp-content\/uploads\/2022\/03\/biden-chine.png","contentUrl":"https:\/\/lasentinelle.dz\/wp-content\/uploads\/2022\/03\/biden-chine.png","width":1441,"height":900},{"@type":"BreadcrumbList","@id":"https:\/\/lasentinelle.dz\/index.php\/2022\/03\/20\/usa-chine-biden-menace-pekin-appelle-a-la-responsabilite\/#breadcrumb","itemListElement":[{"@type":"ListItem","position":1,"name":"Accueil","item":"https:\/\/lasentinelle.dz\/"},{"@type":"ListItem","position":2,"name":"USA-Chine\u00a0: Biden menace, P\u00e9kin appelle \u00e0 la responsabilit\u00e9"}]},{"@type":"WebSite","@id":"https:\/\/lasentinelle.dz\/#website","url":"https:\/\/lasentinelle.dz\/","name":"La Sentinelle","description":"Quotidien national d&#039;information","publisher":{"@id":"https:\/\/lasentinelle.dz\/#organization"},"potentialAction":[{"@type":"SearchAction","target":{"@type":"EntryPoint","urlTemplate":"https:\/\/lasentinelle.dz\/?s={search_term_string}"},"query-input":{"@type":"PropertyValueSpecification","valueRequired":true,"valueName":"search_term_string"}}],"inLanguage":"fr-FR"},{"@type":"Organization","@id":"https:\/\/lasentinelle.dz\/#organization","name":"Quotidien La Sentinelle","url":"https:\/\/lasentinelle.dz\/","logo":{"@type":"ImageObject","inLanguage":"fr-FR","@id":"https:\/\/lasentinelle.dz\/#\/schema\/logo\/image\/","url":"https:\/\/lasentinelle.dz\/wp-content\/uploads\/2021\/09\/logo-sentinelleSLOGAN-1.png","contentUrl":"https:\/\/lasentinelle.dz\/wp-content\/uploads\/2021\/09\/logo-sentinelleSLOGAN-1.png","width":615,"height":142,"caption":"Quotidien La Sentinelle"},"image":{"@id":"https:\/\/lasentinelle.dz\/#\/schema\/logo\/image\/"},"sameAs":["https:\/\/www.facebook.com\/La-Sentinelle-104059864394773"]},{"@type":"Person","@id":"https:\/\/lasentinelle.dz\/#\/schema\/person\/d865044e22e70a75174ce8bcad3acfb3","name":"La Sentinelle","image":{"@type":"ImageObject","inLanguage":"fr-FR","@id":"https:\/\/secure.gravatar.com\/avatar\/57de8e5d4b15d43fb361a71fbb36338450fe67865b528a43dd10ef7c51a20392?s=96&d=mm&r=g","url":"https:\/\/secure.gravatar.com\/avatar\/57de8e5d4b15d43fb361a71fbb36338450fe67865b528a43dd10ef7c51a20392?s=96&d=mm&r=g","contentUrl":"https:\/\/secure.gravatar.com\/avatar\/57de8e5d4b15d43fb361a71fbb36338450fe67865b528a43dd10ef7c51a20392?s=96&d=mm&r=g","caption":"La Sentinelle"},"sameAs":["http:\/\/www.lasentinelle.dz"],"url":"https:\/\/lasentinelle.dz\/author\/redaction\/"}]}},"_links":{"self":[{"href":"https:\/\/lasentinelle.dz\/index.php\/wp-json\/wp\/v2\/posts\/18538","targetHints":{"allow":["GET"]}}],"collection":[{"href":"https:\/\/lasentinelle.dz\/index.php\/wp-json\/wp\/v2\/posts"}],"about":[{"href":"https:\/\/lasentinelle.dz\/index.php\/wp-json\/wp\/v2\/types\/post"}],"author":[{"embeddable":true,"href":"https:\/\/lasentinelle.dz\/index.php\/wp-json\/wp\/v2\/users\/3"}],"replies":[{"embeddable":true,"href":"https:\/\/lasentinelle.dz\/index.php\/wp-json\/wp\/v2\/comments?post=18538"}],"version-history":[{"count":1,"href":"https:\/\/lasentinelle.dz\/index.php\/wp-json\/wp\/v2\/posts\/18538\/revisions"}],"predecessor-version":[{"id":18558,"href":"https:\/\/lasentinelle.dz\/index.php\/wp-json\/wp\/v2\/posts\/18538\/revisions\/18558"}],"wp:featuredmedia":[{"embeddable":true,"href":"https:\/\/lasentinelle.dz\/index.php\/wp-json\/wp\/v2\/media\/18556"}],"wp:attachment":[{"href":"https:\/\/lasentinelle.dz\/index.php\/wp-json\/wp\/v2\/media?parent=18538"}],"wp:term":[{"taxonomy":"category","embeddable":true,"href":"https:\/\/lasentinelle.dz\/index.php\/wp-json\/wp\/v2\/categories?post=18538"},{"taxonomy":"post_tag","embeddable":true,"href":"https:\/\/lasentinelle.dz\/index.php\/wp-json\/wp\/v2\/tags?post=18538"}],"curies":[{"name":"wp","href":"https:\/\/api.w.org\/{rel}","templated":true}]}}