{"id":18544,"date":"2022-03-20T00:01:00","date_gmt":"2022-03-19T23:01:00","guid":{"rendered":"https:\/\/lasentinelle.dz\/?p=18544"},"modified":"2022-03-19T16:31:52","modified_gmt":"2022-03-19T15:31:52","slug":"annaba-une-plage-pour-les-personnes-aux-besoins-specifiques","status":"publish","type":"post","link":"https:\/\/lasentinelle.dz\/index.php\/2022\/03\/20\/annaba-une-plage-pour-les-personnes-aux-besoins-specifiques\/","title":{"rendered":"Annaba\u00a0: Une plage pour les personnes aux besoins sp\u00e9cifiques"},"content":{"rendered":"\n<p>La plage El Kharrouba sera r\u00e9serv\u00e9e aux personnes handicap\u00e9es, une premi\u00e8re \u00e0 l\u2019\u00e9chelle nationale.<\/p>\n\n\n\n<p>C\u2019est ce qu\u2019a r\u00e9v\u00e9l\u00e9 Youcef Chouchane, pr\u00e9sident&nbsp;de l\u2019Assembl\u00e9e populaire communale d\u2019Annaba, dans un entretien&nbsp;qu\u2019il nous a accord\u00e9. Selon le P\/APC d\u2019Annaba, le projet s\u2019inscrit dans le cadre du lancement d&rsquo;importants chantiers pour changer le visage de la ville \u00e0 l&rsquo;occasion des pr\u00e9paratifs de la saison estivale 2022 et 2023. Parmi ces pr\u00e9paratifs figurent&nbsp;les am\u00e9nagements n\u00e9cessaires devant permettre l\u2019acc\u00e8s des personnes aux besoins sp\u00e9cifiques \u00e0 la plage El Kharrouba, qui leur est d\u00e9sormais r\u00e9serv\u00e9e.&nbsp;\u00ab&nbsp;Ces personnes ont le droit de jouir des&nbsp;plaisirs&nbsp;de la mer. C\u2019est pourquoi l\u2019APC d\u2019Annaba a d\u00e9cid\u00e9 de leur r\u00e9server cette petite place&nbsp;\u00bb, a estim\u00e9 notre interlocuteur. Une premi\u00e8re initiative du genre \u00e0 travers le territoire national a tenu \u00e0 pr\u00e9ciser&nbsp;le P\/APC. L\u2019\u00e9lu a, \u00e0 cet effet, expliqu\u00e9 que toutes les mesures devant faciliter l\u2019acc\u00e8s \u00e0 cette plage, \u00e0 travers l\u2019am\u00e9nagement de l\u2019entr\u00e9e sp\u00e9ciale pour les estivants de cette frange de la soci\u00e9t\u00e9, \u00ab&nbsp;un parking leur sera exclusivement r\u00e9serv\u00e9 o\u00f9 le stationnement sera bien \u00e9videment gratuit\u2026 ainsi que d\u2019autres services d\u00e9di\u00e9s \u00e0 cette cat\u00e9gorie de personnes&nbsp;\u00bb. La d\u00e9marche traduit les efforts de l\u2019APC d\u2019Annaba qui \u0153uvre \u00e0 procurer un service public ad\u00e9quat aux personnes handicap\u00e9es. L\u2019initiative a \u00e9t\u00e9 fortement salu\u00e9e et lou\u00e9e par les habitants de la wilaya d\u2019Annaba, surtout par les acteurs charg\u00e9s des personnes aux besoins sp\u00e9cifiques. Le projet a eu, \u00e9galement, le soutien de la ministre de la&nbsp;Solidarit\u00e9&nbsp;nationale&nbsp;qui, lors de la c\u00e9l\u00e9bration la semaine \u00e9coul\u00e9e de la journ\u00e9e nationale des personnes aux besoins sp\u00e9cifiques \u00e0 Annaba, a promis la participation du minist\u00e8re \u00e0 l\u2019inauguration de cette plage, avec l&rsquo;ouverture officielle de la saison estivale 2022. S\u2019agissant des pr\u00e9paratifs de la saison estivale, le locataire de l\u2019h\u00f4tel de ville d\u2019Annaba n\u2019a pas omis de mettre l\u2019accent sur moult d\u00e9sagr\u00e9ments pouvant entraver le bon d\u00e9roulement de la saison estivale, dont le probl\u00e8me du trafic routier et le manque criard des parkings.&nbsp;\u00ab&nbsp;La commune d&rsquo;Annaba souffre de la congestion du trafic, du d\u00e9faut des parkings de stationnement&nbsp;\u00bb, a \u2013t-il dit. C\u2019est ce qui a encourag\u00e9 les services de l\u2019APC \u00e0&nbsp;opter pour&nbsp;la cr\u00e9ation&nbsp;de pistes cyclables&nbsp;sur une distance de 5 km, \u00e0 partir du centre-ville, en passant par la Corniche. Et c\u2019est l\u00e0 aussi une autre action premi\u00e8re du genre en Alg\u00e9rie, initi\u00e9e par l\u2019APC d\u2019Annaba.&nbsp;\u00ab&nbsp;La d\u00e9marche vise \u00e0 r\u00e9duire les embouteillages, la pollution de l&rsquo;environnement r\u00e9sultant des&nbsp;gaz d\u2019\u00e9chappements&nbsp;\u00bb, a expliqu\u00e9 Youcef Chouchane. Selon notre interlocuteur, il s\u2019agit d&rsquo;un programme prescrit sur une p\u00e9riode de 5 ans pour atteindre plus de 20 km en pistes cyclables. Pour l\u2019\u00e9lu, il est temps que les esprits et les comportements changent. Dans ce contexte, la commune d\u2019Annaba va organiser le 3 juin prochain, la premi\u00e8re f\u00eate nationale pour les v\u00e9los avec&nbsp;la&nbsp;possibilit\u00e9 d\u2019en faire un \u00e9v\u00e9nement international, surtout que des dizaines d\u2019athl\u00e8tes de plusieurs wilayas ont manifest\u00e9 leur d\u00e9sir de participer \u00e0 ce festival. En ce sens, il est utile de souligner qu\u2019une course de v\u00e9lo a \u00e9t\u00e9 organis\u00e9e hier dans la commune d\u2019Annaba, \u00e0 l\u2019occasion de la c\u00e9l\u00e9bration de la&nbsp;F\u00eate de la&nbsp;Victoire. Estimant qu\u2019il n\u2019est jamais trop tard pour bien faire, le pr\u00e9sident&nbsp;de l\u2019APC&nbsp;d\u2019Annaba s\u2019est dit d\u00e9termin\u00e9 \u00e0 restituer&nbsp;\u00e0Annaba&nbsp;le statut de&nbsp;ville&nbsp;moderne, propre et surtout&nbsp;\u00e0 vocation&nbsp;touristique par excellence.<\/p>\n\n\n\n<p><strong>Sofia Chahine<\/strong><\/p>\n","protected":false},"excerpt":{"rendered":"<p>La plage El Kharrouba sera r\u00e9serv\u00e9e aux personnes handicap\u00e9es, une premi\u00e8re \u00e0 l\u2019\u00e9chelle nationale. C\u2019est ce qu\u2019a r\u00e9v\u00e9l\u00e9 Youcef Chouchane,<\/p>\n","protected":false},"author":3,"featured_media":18548,"comment_status":"open","ping_status":"closed","sticky":false,"template":"","format":"standard","meta":{"colormag_page_container_layout":"default_layout","colormag_page_sidebar_layout":"default_layout","om_disable_all_campaigns":false,"_monsterinsights_skip_tracking":false,"_monsterinsights_sitenote_active":false,"_monsterinsights_sitenote_note":"","_monsterinsights_sitenote_category":0,"footnotes":"","_wpscppro_dont_share_socialmedia":false,"_wpscppro_custom_social_share_image":0,"_facebook_share_type":"","_twitter_share_type":"","_linkedin_share_type":"","_pinterest_share_type":"","_linkedin_share_type_page":"","_instagram_share_type":"","_medium_share_type":"","_threads_share_type":"","_google_business_share_type":"","_selected_social_profile":[],"_wpsp_enable_custom_social_template":false,"_wpsp_social_scheduling":{"enabled":false,"datetime":null,"platforms":[],"status":"template_only","dateOption":"today","timeOption":"now","customDays":"","customHours":"","customDate":"","customTime":"","schedulingType":"absolute"},"_wpsp_active_default_template":true},"categories":[31],"tags":[],"class_list":["post-18544","post","type-post","status-publish","format-standard","has-post-thumbnail","hentry","category-regions"],"aioseo_notices":[],"yoast_head":"<!-- This site is optimized with the Yoast SEO plugin v27.4 - https:\/\/yoast.com\/product\/yoast-seo-wordpress\/ -->\n<title>Annaba\u00a0: Une plage pour les personnes aux besoins sp\u00e9cifiques - La Sentinelle<\/title>\n<meta name=\"robots\" content=\"index, follow, max-snippet:-1, max-image-preview:large, max-video-preview:-1\" \/>\n<link rel=\"canonical\" href=\"https:\/\/lasentinelle.dz\/index.php\/2022\/03\/20\/annaba-une-plage-pour-les-personnes-aux-besoins-specifiques\/\" \/>\n<meta property=\"og:locale\" content=\"fr_FR\" \/>\n<meta property=\"og:type\" content=\"article\" \/>\n<meta property=\"og:title\" content=\"Annaba\u00a0: Une plage pour les personnes aux besoins sp\u00e9cifiques - La Sentinelle\" \/>\n<meta property=\"og:description\" content=\"La plage El Kharrouba sera r\u00e9serv\u00e9e aux personnes handicap\u00e9es, une premi\u00e8re \u00e0 l\u2019\u00e9chelle nationale. C\u2019est ce qu\u2019a r\u00e9v\u00e9l\u00e9 Youcef Chouchane,\" \/>\n<meta property=\"og:url\" content=\"https:\/\/lasentinelle.dz\/index.php\/2022\/03\/20\/annaba-une-plage-pour-les-personnes-aux-besoins-specifiques\/\" \/>\n<meta property=\"og:site_name\" content=\"La Sentinelle\" \/>\n<meta property=\"article:publisher\" content=\"https:\/\/www.facebook.com\/La-Sentinelle-104059864394773\" \/>\n<meta property=\"article:published_time\" content=\"2022-03-19T23:01:00+00:00\" \/>\n<meta property=\"og:image\" content=\"https:\/\/lasentinelle.dz\/wp-content\/uploads\/2022\/03\/annaba.jpeg\" \/>\n\t<meta property=\"og:image:width\" content=\"580\" \/>\n\t<meta property=\"og:image:height\" content=\"350\" \/>\n\t<meta property=\"og:image:type\" content=\"image\/jpeg\" \/>\n<meta name=\"author\" content=\"La Sentinelle\" \/>\n<meta name=\"twitter:card\" content=\"summary_large_image\" \/>\n<meta name=\"twitter:label1\" content=\"\u00c9crit par\" \/>\n\t<meta name=\"twitter:data1\" content=\"La Sentinelle\" \/>\n\t<meta name=\"twitter:label2\" content=\"Dur\u00e9e de lecture estim\u00e9e\" \/>\n\t<meta name=\"twitter:data2\" content=\"3 minutes\" \/>\n<script type=\"application\/ld+json\" class=\"yoast-schema-graph\">{\"@context\":\"https:\\\/\\\/schema.org\",\"@graph\":[{\"@type\":\"Article\",\"@id\":\"https:\\\/\\\/lasentinelle.dz\\\/index.php\\\/2022\\\/03\\\/20\\\/annaba-une-plage-pour-les-personnes-aux-besoins-specifiques\\\/#article\",\"isPartOf\":{\"@id\":\"https:\\\/\\\/lasentinelle.dz\\\/index.php\\\/2022\\\/03\\\/20\\\/annaba-une-plage-pour-les-personnes-aux-besoins-specifiques\\\/\"},\"author\":{\"name\":\"La Sentinelle\",\"@id\":\"https:\\\/\\\/lasentinelle.dz\\\/#\\\/schema\\\/person\\\/d865044e22e70a75174ce8bcad3acfb3\"},\"headline\":\"Annaba\u00a0: Une plage pour les personnes aux besoins sp\u00e9cifiques\",\"datePublished\":\"2022-03-19T23:01:00+00:00\",\"mainEntityOfPage\":{\"@id\":\"https:\\\/\\\/lasentinelle.dz\\\/index.php\\\/2022\\\/03\\\/20\\\/annaba-une-plage-pour-les-personnes-aux-besoins-specifiques\\\/\"},\"wordCount\":703,\"commentCount\":0,\"publisher\":{\"@id\":\"https:\\\/\\\/lasentinelle.dz\\\/#organization\"},\"image\":{\"@id\":\"https:\\\/\\\/lasentinelle.dz\\\/index.php\\\/2022\\\/03\\\/20\\\/annaba-une-plage-pour-les-personnes-aux-besoins-specifiques\\\/#primaryimage\"},\"thumbnailUrl\":\"https:\\\/\\\/lasentinelle.dz\\\/wp-content\\\/uploads\\\/2022\\\/03\\\/annaba.jpeg\",\"articleSection\":[\"R\u00e9gions\"],\"inLanguage\":\"fr-FR\",\"potentialAction\":[{\"@type\":\"CommentAction\",\"name\":\"Comment\",\"target\":[\"https:\\\/\\\/lasentinelle.dz\\\/index.php\\\/2022\\\/03\\\/20\\\/annaba-une-plage-pour-les-personnes-aux-besoins-specifiques\\\/#respond\"]}]},{\"@type\":\"WebPage\",\"@id\":\"https:\\\/\\\/lasentinelle.dz\\\/index.php\\\/2022\\\/03\\\/20\\\/annaba-une-plage-pour-les-personnes-aux-besoins-specifiques\\\/\",\"url\":\"https:\\\/\\\/lasentinelle.dz\\\/index.php\\\/2022\\\/03\\\/20\\\/annaba-une-plage-pour-les-personnes-aux-besoins-specifiques\\\/\",\"name\":\"Annaba\u00a0: Une plage pour les personnes aux besoins sp\u00e9cifiques - La Sentinelle\",\"isPartOf\":{\"@id\":\"https:\\\/\\\/lasentinelle.dz\\\/#website\"},\"primaryImageOfPage\":{\"@id\":\"https:\\\/\\\/lasentinelle.dz\\\/index.php\\\/2022\\\/03\\\/20\\\/annaba-une-plage-pour-les-personnes-aux-besoins-specifiques\\\/#primaryimage\"},\"image\":{\"@id\":\"https:\\\/\\\/lasentinelle.dz\\\/index.php\\\/2022\\\/03\\\/20\\\/annaba-une-plage-pour-les-personnes-aux-besoins-specifiques\\\/#primaryimage\"},\"thumbnailUrl\":\"https:\\\/\\\/lasentinelle.dz\\\/wp-content\\\/uploads\\\/2022\\\/03\\\/annaba.jpeg\",\"datePublished\":\"2022-03-19T23:01:00+00:00\",\"breadcrumb\":{\"@id\":\"https:\\\/\\\/lasentinelle.dz\\\/index.php\\\/2022\\\/03\\\/20\\\/annaba-une-plage-pour-les-personnes-aux-besoins-specifiques\\\/#breadcrumb\"},\"inLanguage\":\"fr-FR\",\"potentialAction\":[{\"@type\":\"ReadAction\",\"target\":[\"https:\\\/\\\/lasentinelle.dz\\\/index.php\\\/2022\\\/03\\\/20\\\/annaba-une-plage-pour-les-personnes-aux-besoins-specifiques\\\/\"]}]},{\"@type\":\"ImageObject\",\"inLanguage\":\"fr-FR\",\"@id\":\"https:\\\/\\\/lasentinelle.dz\\\/index.php\\\/2022\\\/03\\\/20\\\/annaba-une-plage-pour-les-personnes-aux-besoins-specifiques\\\/#primaryimage\",\"url\":\"https:\\\/\\\/lasentinelle.dz\\\/wp-content\\\/uploads\\\/2022\\\/03\\\/annaba.jpeg\",\"contentUrl\":\"https:\\\/\\\/lasentinelle.dz\\\/wp-content\\\/uploads\\\/2022\\\/03\\\/annaba.jpeg\",\"width\":580,\"height\":350},{\"@type\":\"BreadcrumbList\",\"@id\":\"https:\\\/\\\/lasentinelle.dz\\\/index.php\\\/2022\\\/03\\\/20\\\/annaba-une-plage-pour-les-personnes-aux-besoins-specifiques\\\/#breadcrumb\",\"itemListElement\":[{\"@type\":\"ListItem\",\"position\":1,\"name\":\"Accueil\",\"item\":\"https:\\\/\\\/lasentinelle.dz\\\/\"},{\"@type\":\"ListItem\",\"position\":2,\"name\":\"Annaba\u00a0: Une plage pour les personnes aux besoins sp\u00e9cifiques\"}]},{\"@type\":\"WebSite\",\"@id\":\"https:\\\/\\\/lasentinelle.dz\\\/#website\",\"url\":\"https:\\\/\\\/lasentinelle.dz\\\/\",\"name\":\"La Sentinelle\",\"description\":\"Quotidien national d&#039;information\",\"publisher\":{\"@id\":\"https:\\\/\\\/lasentinelle.dz\\\/#organization\"},\"potentialAction\":[{\"@type\":\"SearchAction\",\"target\":{\"@type\":\"EntryPoint\",\"urlTemplate\":\"https:\\\/\\\/lasentinelle.dz\\\/?s={search_term_string}\"},\"query-input\":{\"@type\":\"PropertyValueSpecification\",\"valueRequired\":true,\"valueName\":\"search_term_string\"}}],\"inLanguage\":\"fr-FR\"},{\"@type\":\"Organization\",\"@id\":\"https:\\\/\\\/lasentinelle.dz\\\/#organization\",\"name\":\"Quotidien La Sentinelle\",\"url\":\"https:\\\/\\\/lasentinelle.dz\\\/\",\"logo\":{\"@type\":\"ImageObject\",\"inLanguage\":\"fr-FR\",\"@id\":\"https:\\\/\\\/lasentinelle.dz\\\/#\\\/schema\\\/logo\\\/image\\\/\",\"url\":\"https:\\\/\\\/lasentinelle.dz\\\/wp-content\\\/uploads\\\/2021\\\/09\\\/logo-sentinelleSLOGAN-1.png\",\"contentUrl\":\"https:\\\/\\\/lasentinelle.dz\\\/wp-content\\\/uploads\\\/2021\\\/09\\\/logo-sentinelleSLOGAN-1.png\",\"width\":615,\"height\":142,\"caption\":\"Quotidien La Sentinelle\"},\"image\":{\"@id\":\"https:\\\/\\\/lasentinelle.dz\\\/#\\\/schema\\\/logo\\\/image\\\/\"},\"sameAs\":[\"https:\\\/\\\/www.facebook.com\\\/La-Sentinelle-104059864394773\"]},{\"@type\":\"Person\",\"@id\":\"https:\\\/\\\/lasentinelle.dz\\\/#\\\/schema\\\/person\\\/d865044e22e70a75174ce8bcad3acfb3\",\"name\":\"La Sentinelle\",\"image\":{\"@type\":\"ImageObject\",\"inLanguage\":\"fr-FR\",\"@id\":\"https:\\\/\\\/secure.gravatar.com\\\/avatar\\\/57de8e5d4b15d43fb361a71fbb36338450fe67865b528a43dd10ef7c51a20392?s=96&d=mm&r=g\",\"url\":\"https:\\\/\\\/secure.gravatar.com\\\/avatar\\\/57de8e5d4b15d43fb361a71fbb36338450fe67865b528a43dd10ef7c51a20392?s=96&d=mm&r=g\",\"contentUrl\":\"https:\\\/\\\/secure.gravatar.com\\\/avatar\\\/57de8e5d4b15d43fb361a71fbb36338450fe67865b528a43dd10ef7c51a20392?s=96&d=mm&r=g\",\"caption\":\"La Sentinelle\"},\"sameAs\":[\"http:\\\/\\\/www.lasentinelle.dz\"],\"url\":\"https:\\\/\\\/lasentinelle.dz\\\/author\\\/redaction\\\/\"}]}<\/script>\n<!-- \/ Yoast SEO plugin. -->","yoast_head_json":{"title":"Annaba\u00a0: Une plage pour les personnes aux besoins sp\u00e9cifiques - La Sentinelle","robots":{"index":"index","follow":"follow","max-snippet":"max-snippet:-1","max-image-preview":"max-image-preview:large","max-video-preview":"max-video-preview:-1"},"canonical":"https:\/\/lasentinelle.dz\/index.php\/2022\/03\/20\/annaba-une-plage-pour-les-personnes-aux-besoins-specifiques\/","og_locale":"fr_FR","og_type":"article","og_title":"Annaba\u00a0: Une plage pour les personnes aux besoins sp\u00e9cifiques - La Sentinelle","og_description":"La plage El Kharrouba sera r\u00e9serv\u00e9e aux personnes handicap\u00e9es, une premi\u00e8re \u00e0 l\u2019\u00e9chelle nationale. C\u2019est ce qu\u2019a r\u00e9v\u00e9l\u00e9 Youcef Chouchane,","og_url":"https:\/\/lasentinelle.dz\/index.php\/2022\/03\/20\/annaba-une-plage-pour-les-personnes-aux-besoins-specifiques\/","og_site_name":"La Sentinelle","article_publisher":"https:\/\/www.facebook.com\/La-Sentinelle-104059864394773","article_published_time":"2022-03-19T23:01:00+00:00","og_image":[{"width":580,"height":350,"url":"https:\/\/lasentinelle.dz\/wp-content\/uploads\/2022\/03\/annaba.jpeg","type":"image\/jpeg"}],"author":"La Sentinelle","twitter_card":"summary_large_image","twitter_misc":{"\u00c9crit par":"La Sentinelle","Dur\u00e9e de lecture estim\u00e9e":"3 minutes"},"schema":{"@context":"https:\/\/schema.org","@graph":[{"@type":"Article","@id":"https:\/\/lasentinelle.dz\/index.php\/2022\/03\/20\/annaba-une-plage-pour-les-personnes-aux-besoins-specifiques\/#article","isPartOf":{"@id":"https:\/\/lasentinelle.dz\/index.php\/2022\/03\/20\/annaba-une-plage-pour-les-personnes-aux-besoins-specifiques\/"},"author":{"name":"La Sentinelle","@id":"https:\/\/lasentinelle.dz\/#\/schema\/person\/d865044e22e70a75174ce8bcad3acfb3"},"headline":"Annaba\u00a0: Une plage pour les personnes aux besoins sp\u00e9cifiques","datePublished":"2022-03-19T23:01:00+00:00","mainEntityOfPage":{"@id":"https:\/\/lasentinelle.dz\/index.php\/2022\/03\/20\/annaba-une-plage-pour-les-personnes-aux-besoins-specifiques\/"},"wordCount":703,"commentCount":0,"publisher":{"@id":"https:\/\/lasentinelle.dz\/#organization"},"image":{"@id":"https:\/\/lasentinelle.dz\/index.php\/2022\/03\/20\/annaba-une-plage-pour-les-personnes-aux-besoins-specifiques\/#primaryimage"},"thumbnailUrl":"https:\/\/lasentinelle.dz\/wp-content\/uploads\/2022\/03\/annaba.jpeg","articleSection":["R\u00e9gions"],"inLanguage":"fr-FR","potentialAction":[{"@type":"CommentAction","name":"Comment","target":["https:\/\/lasentinelle.dz\/index.php\/2022\/03\/20\/annaba-une-plage-pour-les-personnes-aux-besoins-specifiques\/#respond"]}]},{"@type":"WebPage","@id":"https:\/\/lasentinelle.dz\/index.php\/2022\/03\/20\/annaba-une-plage-pour-les-personnes-aux-besoins-specifiques\/","url":"https:\/\/lasentinelle.dz\/index.php\/2022\/03\/20\/annaba-une-plage-pour-les-personnes-aux-besoins-specifiques\/","name":"Annaba\u00a0: Une plage pour les personnes aux besoins sp\u00e9cifiques - La Sentinelle","isPartOf":{"@id":"https:\/\/lasentinelle.dz\/#website"},"primaryImageOfPage":{"@id":"https:\/\/lasentinelle.dz\/index.php\/2022\/03\/20\/annaba-une-plage-pour-les-personnes-aux-besoins-specifiques\/#primaryimage"},"image":{"@id":"https:\/\/lasentinelle.dz\/index.php\/2022\/03\/20\/annaba-une-plage-pour-les-personnes-aux-besoins-specifiques\/#primaryimage"},"thumbnailUrl":"https:\/\/lasentinelle.dz\/wp-content\/uploads\/2022\/03\/annaba.jpeg","datePublished":"2022-03-19T23:01:00+00:00","breadcrumb":{"@id":"https:\/\/lasentinelle.dz\/index.php\/2022\/03\/20\/annaba-une-plage-pour-les-personnes-aux-besoins-specifiques\/#breadcrumb"},"inLanguage":"fr-FR","potentialAction":[{"@type":"ReadAction","target":["https:\/\/lasentinelle.dz\/index.php\/2022\/03\/20\/annaba-une-plage-pour-les-personnes-aux-besoins-specifiques\/"]}]},{"@type":"ImageObject","inLanguage":"fr-FR","@id":"https:\/\/lasentinelle.dz\/index.php\/2022\/03\/20\/annaba-une-plage-pour-les-personnes-aux-besoins-specifiques\/#primaryimage","url":"https:\/\/lasentinelle.dz\/wp-content\/uploads\/2022\/03\/annaba.jpeg","contentUrl":"https:\/\/lasentinelle.dz\/wp-content\/uploads\/2022\/03\/annaba.jpeg","width":580,"height":350},{"@type":"BreadcrumbList","@id":"https:\/\/lasentinelle.dz\/index.php\/2022\/03\/20\/annaba-une-plage-pour-les-personnes-aux-besoins-specifiques\/#breadcrumb","itemListElement":[{"@type":"ListItem","position":1,"name":"Accueil","item":"https:\/\/lasentinelle.dz\/"},{"@type":"ListItem","position":2,"name":"Annaba\u00a0: Une plage pour les personnes aux besoins sp\u00e9cifiques"}]},{"@type":"WebSite","@id":"https:\/\/lasentinelle.dz\/#website","url":"https:\/\/lasentinelle.dz\/","name":"La Sentinelle","description":"Quotidien national d&#039;information","publisher":{"@id":"https:\/\/lasentinelle.dz\/#organization"},"potentialAction":[{"@type":"SearchAction","target":{"@type":"EntryPoint","urlTemplate":"https:\/\/lasentinelle.dz\/?s={search_term_string}"},"query-input":{"@type":"PropertyValueSpecification","valueRequired":true,"valueName":"search_term_string"}}],"inLanguage":"fr-FR"},{"@type":"Organization","@id":"https:\/\/lasentinelle.dz\/#organization","name":"Quotidien La Sentinelle","url":"https:\/\/lasentinelle.dz\/","logo":{"@type":"ImageObject","inLanguage":"fr-FR","@id":"https:\/\/lasentinelle.dz\/#\/schema\/logo\/image\/","url":"https:\/\/lasentinelle.dz\/wp-content\/uploads\/2021\/09\/logo-sentinelleSLOGAN-1.png","contentUrl":"https:\/\/lasentinelle.dz\/wp-content\/uploads\/2021\/09\/logo-sentinelleSLOGAN-1.png","width":615,"height":142,"caption":"Quotidien La Sentinelle"},"image":{"@id":"https:\/\/lasentinelle.dz\/#\/schema\/logo\/image\/"},"sameAs":["https:\/\/www.facebook.com\/La-Sentinelle-104059864394773"]},{"@type":"Person","@id":"https:\/\/lasentinelle.dz\/#\/schema\/person\/d865044e22e70a75174ce8bcad3acfb3","name":"La Sentinelle","image":{"@type":"ImageObject","inLanguage":"fr-FR","@id":"https:\/\/secure.gravatar.com\/avatar\/57de8e5d4b15d43fb361a71fbb36338450fe67865b528a43dd10ef7c51a20392?s=96&d=mm&r=g","url":"https:\/\/secure.gravatar.com\/avatar\/57de8e5d4b15d43fb361a71fbb36338450fe67865b528a43dd10ef7c51a20392?s=96&d=mm&r=g","contentUrl":"https:\/\/secure.gravatar.com\/avatar\/57de8e5d4b15d43fb361a71fbb36338450fe67865b528a43dd10ef7c51a20392?s=96&d=mm&r=g","caption":"La Sentinelle"},"sameAs":["http:\/\/www.lasentinelle.dz"],"url":"https:\/\/lasentinelle.dz\/author\/redaction\/"}]}},"_links":{"self":[{"href":"https:\/\/lasentinelle.dz\/index.php\/wp-json\/wp\/v2\/posts\/18544","targetHints":{"allow":["GET"]}}],"collection":[{"href":"https:\/\/lasentinelle.dz\/index.php\/wp-json\/wp\/v2\/posts"}],"about":[{"href":"https:\/\/lasentinelle.dz\/index.php\/wp-json\/wp\/v2\/types\/post"}],"author":[{"embeddable":true,"href":"https:\/\/lasentinelle.dz\/index.php\/wp-json\/wp\/v2\/users\/3"}],"replies":[{"embeddable":true,"href":"https:\/\/lasentinelle.dz\/index.php\/wp-json\/wp\/v2\/comments?post=18544"}],"version-history":[{"count":1,"href":"https:\/\/lasentinelle.dz\/index.php\/wp-json\/wp\/v2\/posts\/18544\/revisions"}],"predecessor-version":[{"id":18549,"href":"https:\/\/lasentinelle.dz\/index.php\/wp-json\/wp\/v2\/posts\/18544\/revisions\/18549"}],"wp:featuredmedia":[{"embeddable":true,"href":"https:\/\/lasentinelle.dz\/index.php\/wp-json\/wp\/v2\/media\/18548"}],"wp:attachment":[{"href":"https:\/\/lasentinelle.dz\/index.php\/wp-json\/wp\/v2\/media?parent=18544"}],"wp:term":[{"taxonomy":"category","embeddable":true,"href":"https:\/\/lasentinelle.dz\/index.php\/wp-json\/wp\/v2\/categories?post=18544"},{"taxonomy":"post_tag","embeddable":true,"href":"https:\/\/lasentinelle.dz\/index.php\/wp-json\/wp\/v2\/tags?post=18544"}],"curies":[{"name":"wp","href":"https:\/\/api.w.org\/{rel}","templated":true}]}}