{"id":18547,"date":"2022-03-20T00:01:00","date_gmt":"2022-03-19T23:01:00","guid":{"rendered":"https:\/\/lasentinelle.dz\/?p=18547"},"modified":"2022-03-19T17:59:18","modified_gmt":"2022-03-19T16:59:18","slug":"annaba-un-nouveau-bidonville-a-oued-zied","status":"publish","type":"post","link":"https:\/\/lasentinelle.dz\/index.php\/2022\/03\/20\/annaba-un-nouveau-bidonville-a-oued-zied\/","title":{"rendered":"Annaba\u00a0:\u00a0Un nouveau bidonville \u00e0 Oued-Zied"},"content":{"rendered":"\n<p>Venus de plusieurs wilayas limitrophes d\u2019Annaba, des dizaines de familles sont venues \u00e9lire&nbsp;domicile&nbsp;dans une zone foresti\u00e8re de la localit\u00e9 d\u2019Oued Zied, relevant de la da\u00efra de Berrahal (Annaba). L\u2019implantation de constructions illicites par des familles en qu\u00eate de logements sociaux se fait dans l\u2019impunit\u00e9 totale. La r\u00e9alisation des trois p\u00f4les urbains, la nouvelle ville, Kalitoussa et Ain-Djebara, en l\u2019occurrence semble \u00eatre \u00e0 l\u2019origine de la prolif\u00e9ration des bidonvilles dans la wilaya d\u2019Annaba. Ces nouveaux p\u00f4les urbains et autres cit\u00e9s&nbsp;et logements publics&nbsp;lanc\u00e9s&nbsp;pour faire face \u00e0 la crise du logement a fini par engendrer&nbsp;une prolif\u00e9ration des&nbsp;bidonvilles. Ainsi,&nbsp;le&nbsp;nouveau bidonville d\u2019Oued Zied vient de pousser sur une assiette fonci\u00e8re foresti\u00e8re, ont d\u00e9nonc\u00e9 plusieurs habitants de cette localit\u00e9, relevant de la commune d\u2019Oued El-Aneb. Des baraques en t\u00f4les et en parpaings ont \u00e9t\u00e9 r\u00e9alis\u00e9es au milieu d\u2019une for\u00eat, dominant la RN 44 au lieudit \u2018\u2019Hadj-Bia\u2019\u2019, avons-nous constat\u00e9 sur place. Le constat est effroyable: des dizaines d\u2019arbres de ch\u00eane-li\u00e8ge et eucalyptus, entre autres, ont \u00e9t\u00e9 d\u00e9truits, c\u00e9dant la place \u00e0 des dizaines de constructions illicites. Le hic est que ni les autorit\u00e9s de la commune, ni la&nbsp;Conservation des for\u00eats, encore moins les services de l\u2019Urbanisme n\u2019ont manifest\u00e9 la moindre r\u00e9action pour mettre terme \u00e0 cette situation&nbsp;qui \u00e9chapperait \u00e0 tout contr\u00f4le. Face \u00e0 cet \u00e9tat de fait, moult interrogations ont \u00e9t\u00e9 soulev\u00e9es par les habitants de cette paisible localit\u00e9.&nbsp;Certains&nbsp;parmi eux ne se sont pas emp\u00each\u00e9s&nbsp;de mettre en avant une&nbsp;\u00ab&nbsp;\u00e9ventuelle complicit\u00e9&nbsp;\u00bb.&nbsp;<\/p>\n\n\n\n<p>&nbsp;Annaba souffre de nouveau de l\u2019habitat illicite, un ph\u00e9nom\u00e8ne qui semble \u00eatre incurable. Pourtant, la wilaya a \u00e9radiqu\u00e9, durant la p\u00e9riode 2014\/2018, de milliers de constructions illicites et pr\u00e9caires qui portaient atteinte au tissu urbain du chef-lieu de wilaya et de ses localit\u00e9s-satellites dont El-Hadjar, El-Bouni, A\u00efn Berda, Sidi Amar et Berrahal, \u00e0 l\u2019image des quartiers de la SAS de Sidi-Salem et l\u2019El-M\u2019Haffeur.&nbsp;<\/p>\n\n\n\n<p><strong>Sofia Chahine<\/strong><strong><\/strong><\/p>\n","protected":false},"excerpt":{"rendered":"<p>Venus de plusieurs wilayas limitrophes d\u2019Annaba, des dizaines de familles sont venues \u00e9lire&nbsp;domicile&nbsp;dans une zone foresti\u00e8re de la localit\u00e9 d\u2019Oued<\/p>\n","protected":false},"author":3,"featured_media":18551,"comment_status":"open","ping_status":"closed","sticky":false,"template":"","format":"standard","meta":{"colormag_page_container_layout":"default_layout","colormag_page_sidebar_layout":"default_layout","om_disable_all_campaigns":false,"_monsterinsights_skip_tracking":false,"_monsterinsights_sitenote_active":false,"_monsterinsights_sitenote_note":"","_monsterinsights_sitenote_category":0,"footnotes":"","_wpscppro_dont_share_socialmedia":false,"_wpscppro_custom_social_share_image":0,"_facebook_share_type":"","_twitter_share_type":"","_linkedin_share_type":"","_pinterest_share_type":"","_linkedin_share_type_page":"","_instagram_share_type":"","_medium_share_type":"","_threads_share_type":"","_google_business_share_type":"","_selected_social_profile":[],"_wpsp_enable_custom_social_template":false,"_wpsp_social_scheduling":{"enabled":false,"datetime":null,"platforms":[],"status":"template_only","dateOption":"today","timeOption":"now","customDays":"","customHours":"","customDate":"","customTime":"","schedulingType":"absolute"},"_wpsp_active_default_template":true},"categories":[31],"tags":[],"class_list":["post-18547","post","type-post","status-publish","format-standard","has-post-thumbnail","hentry","category-regions"],"aioseo_notices":[],"yoast_head":"<!-- This site is optimized with the Yoast SEO plugin v27.5 - https:\/\/yoast.com\/product\/yoast-seo-wordpress\/ -->\n<title>Annaba\u00a0:\u00a0Un nouveau bidonville \u00e0 Oued-Zied - La Sentinelle<\/title>\n<meta name=\"robots\" content=\"index, follow, max-snippet:-1, max-image-preview:large, max-video-preview:-1\" \/>\n<link rel=\"canonical\" href=\"https:\/\/lasentinelle.dz\/index.php\/2022\/03\/20\/annaba-un-nouveau-bidonville-a-oued-zied\/\" \/>\n<meta property=\"og:locale\" content=\"fr_FR\" \/>\n<meta property=\"og:type\" content=\"article\" \/>\n<meta property=\"og:title\" content=\"Annaba\u00a0:\u00a0Un nouveau bidonville \u00e0 Oued-Zied - La Sentinelle\" \/>\n<meta property=\"og:description\" content=\"Venus de plusieurs wilayas limitrophes d\u2019Annaba, des dizaines de familles sont venues \u00e9lire&nbsp;domicile&nbsp;dans une zone foresti\u00e8re de la localit\u00e9 d\u2019Oued\" \/>\n<meta property=\"og:url\" content=\"https:\/\/lasentinelle.dz\/index.php\/2022\/03\/20\/annaba-un-nouveau-bidonville-a-oued-zied\/\" \/>\n<meta property=\"og:site_name\" content=\"La Sentinelle\" \/>\n<meta property=\"article:publisher\" content=\"https:\/\/www.facebook.com\/La-Sentinelle-104059864394773\" \/>\n<meta property=\"article:published_time\" content=\"2022-03-19T23:01:00+00:00\" \/>\n<meta property=\"og:image\" content=\"https:\/\/lasentinelle.dz\/wp-content\/uploads\/2022\/03\/155217184_334193774677235_9211062446379393882_n.jpg\" \/>\n\t<meta property=\"og:image:width\" content=\"620\" \/>\n\t<meta property=\"og:image:height\" content=\"413\" \/>\n\t<meta property=\"og:image:type\" content=\"image\/jpeg\" \/>\n<meta name=\"author\" content=\"La Sentinelle\" \/>\n<meta name=\"twitter:card\" content=\"summary_large_image\" \/>\n<meta name=\"twitter:label1\" content=\"\u00c9crit par\" \/>\n\t<meta name=\"twitter:data1\" content=\"La Sentinelle\" \/>\n\t<meta name=\"twitter:label2\" content=\"Dur\u00e9e de lecture estim\u00e9e\" \/>\n\t<meta name=\"twitter:data2\" content=\"2 minutes\" \/>\n<script type=\"application\/ld+json\" class=\"yoast-schema-graph\">{\"@context\":\"https:\\\/\\\/schema.org\",\"@graph\":[{\"@type\":\"Article\",\"@id\":\"https:\\\/\\\/lasentinelle.dz\\\/index.php\\\/2022\\\/03\\\/20\\\/annaba-un-nouveau-bidonville-a-oued-zied\\\/#article\",\"isPartOf\":{\"@id\":\"https:\\\/\\\/lasentinelle.dz\\\/index.php\\\/2022\\\/03\\\/20\\\/annaba-un-nouveau-bidonville-a-oued-zied\\\/\"},\"author\":{\"name\":\"La Sentinelle\",\"@id\":\"https:\\\/\\\/lasentinelle.dz\\\/#\\\/schema\\\/person\\\/d865044e22e70a75174ce8bcad3acfb3\"},\"headline\":\"Annaba\u00a0:\u00a0Un nouveau bidonville \u00e0 Oued-Zied\",\"datePublished\":\"2022-03-19T23:01:00+00:00\",\"mainEntityOfPage\":{\"@id\":\"https:\\\/\\\/lasentinelle.dz\\\/index.php\\\/2022\\\/03\\\/20\\\/annaba-un-nouveau-bidonville-a-oued-zied\\\/\"},\"wordCount\":380,\"commentCount\":0,\"publisher\":{\"@id\":\"https:\\\/\\\/lasentinelle.dz\\\/#organization\"},\"image\":{\"@id\":\"https:\\\/\\\/lasentinelle.dz\\\/index.php\\\/2022\\\/03\\\/20\\\/annaba-un-nouveau-bidonville-a-oued-zied\\\/#primaryimage\"},\"thumbnailUrl\":\"https:\\\/\\\/lasentinelle.dz\\\/wp-content\\\/uploads\\\/2022\\\/03\\\/155217184_334193774677235_9211062446379393882_n.jpg\",\"articleSection\":[\"R\u00e9gions\"],\"inLanguage\":\"fr-FR\",\"potentialAction\":[{\"@type\":\"CommentAction\",\"name\":\"Comment\",\"target\":[\"https:\\\/\\\/lasentinelle.dz\\\/index.php\\\/2022\\\/03\\\/20\\\/annaba-un-nouveau-bidonville-a-oued-zied\\\/#respond\"]}]},{\"@type\":\"WebPage\",\"@id\":\"https:\\\/\\\/lasentinelle.dz\\\/index.php\\\/2022\\\/03\\\/20\\\/annaba-un-nouveau-bidonville-a-oued-zied\\\/\",\"url\":\"https:\\\/\\\/lasentinelle.dz\\\/index.php\\\/2022\\\/03\\\/20\\\/annaba-un-nouveau-bidonville-a-oued-zied\\\/\",\"name\":\"Annaba\u00a0:\u00a0Un nouveau bidonville \u00e0 Oued-Zied - La Sentinelle\",\"isPartOf\":{\"@id\":\"https:\\\/\\\/lasentinelle.dz\\\/#website\"},\"primaryImageOfPage\":{\"@id\":\"https:\\\/\\\/lasentinelle.dz\\\/index.php\\\/2022\\\/03\\\/20\\\/annaba-un-nouveau-bidonville-a-oued-zied\\\/#primaryimage\"},\"image\":{\"@id\":\"https:\\\/\\\/lasentinelle.dz\\\/index.php\\\/2022\\\/03\\\/20\\\/annaba-un-nouveau-bidonville-a-oued-zied\\\/#primaryimage\"},\"thumbnailUrl\":\"https:\\\/\\\/lasentinelle.dz\\\/wp-content\\\/uploads\\\/2022\\\/03\\\/155217184_334193774677235_9211062446379393882_n.jpg\",\"datePublished\":\"2022-03-19T23:01:00+00:00\",\"breadcrumb\":{\"@id\":\"https:\\\/\\\/lasentinelle.dz\\\/index.php\\\/2022\\\/03\\\/20\\\/annaba-un-nouveau-bidonville-a-oued-zied\\\/#breadcrumb\"},\"inLanguage\":\"fr-FR\",\"potentialAction\":[{\"@type\":\"ReadAction\",\"target\":[\"https:\\\/\\\/lasentinelle.dz\\\/index.php\\\/2022\\\/03\\\/20\\\/annaba-un-nouveau-bidonville-a-oued-zied\\\/\"]}]},{\"@type\":\"ImageObject\",\"inLanguage\":\"fr-FR\",\"@id\":\"https:\\\/\\\/lasentinelle.dz\\\/index.php\\\/2022\\\/03\\\/20\\\/annaba-un-nouveau-bidonville-a-oued-zied\\\/#primaryimage\",\"url\":\"https:\\\/\\\/lasentinelle.dz\\\/wp-content\\\/uploads\\\/2022\\\/03\\\/155217184_334193774677235_9211062446379393882_n.jpg\",\"contentUrl\":\"https:\\\/\\\/lasentinelle.dz\\\/wp-content\\\/uploads\\\/2022\\\/03\\\/155217184_334193774677235_9211062446379393882_n.jpg\",\"width\":620,\"height\":413},{\"@type\":\"BreadcrumbList\",\"@id\":\"https:\\\/\\\/lasentinelle.dz\\\/index.php\\\/2022\\\/03\\\/20\\\/annaba-un-nouveau-bidonville-a-oued-zied\\\/#breadcrumb\",\"itemListElement\":[{\"@type\":\"ListItem\",\"position\":1,\"name\":\"Accueil\",\"item\":\"https:\\\/\\\/lasentinelle.dz\\\/\"},{\"@type\":\"ListItem\",\"position\":2,\"name\":\"Annaba\u00a0:\u00a0Un nouveau bidonville \u00e0 Oued-Zied\"}]},{\"@type\":\"WebSite\",\"@id\":\"https:\\\/\\\/lasentinelle.dz\\\/#website\",\"url\":\"https:\\\/\\\/lasentinelle.dz\\\/\",\"name\":\"La Sentinelle\",\"description\":\"Quotidien national d&#039;information\",\"publisher\":{\"@id\":\"https:\\\/\\\/lasentinelle.dz\\\/#organization\"},\"potentialAction\":[{\"@type\":\"SearchAction\",\"target\":{\"@type\":\"EntryPoint\",\"urlTemplate\":\"https:\\\/\\\/lasentinelle.dz\\\/?s={search_term_string}\"},\"query-input\":{\"@type\":\"PropertyValueSpecification\",\"valueRequired\":true,\"valueName\":\"search_term_string\"}}],\"inLanguage\":\"fr-FR\"},{\"@type\":\"Organization\",\"@id\":\"https:\\\/\\\/lasentinelle.dz\\\/#organization\",\"name\":\"Quotidien La Sentinelle\",\"url\":\"https:\\\/\\\/lasentinelle.dz\\\/\",\"logo\":{\"@type\":\"ImageObject\",\"inLanguage\":\"fr-FR\",\"@id\":\"https:\\\/\\\/lasentinelle.dz\\\/#\\\/schema\\\/logo\\\/image\\\/\",\"url\":\"https:\\\/\\\/lasentinelle.dz\\\/wp-content\\\/uploads\\\/2021\\\/09\\\/logo-sentinelleSLOGAN-1.png\",\"contentUrl\":\"https:\\\/\\\/lasentinelle.dz\\\/wp-content\\\/uploads\\\/2021\\\/09\\\/logo-sentinelleSLOGAN-1.png\",\"width\":615,\"height\":142,\"caption\":\"Quotidien La Sentinelle\"},\"image\":{\"@id\":\"https:\\\/\\\/lasentinelle.dz\\\/#\\\/schema\\\/logo\\\/image\\\/\"},\"sameAs\":[\"https:\\\/\\\/www.facebook.com\\\/La-Sentinelle-104059864394773\"]},{\"@type\":\"Person\",\"@id\":\"https:\\\/\\\/lasentinelle.dz\\\/#\\\/schema\\\/person\\\/d865044e22e70a75174ce8bcad3acfb3\",\"name\":\"La Sentinelle\",\"image\":{\"@type\":\"ImageObject\",\"inLanguage\":\"fr-FR\",\"@id\":\"https:\\\/\\\/secure.gravatar.com\\\/avatar\\\/57de8e5d4b15d43fb361a71fbb36338450fe67865b528a43dd10ef7c51a20392?s=96&d=mm&r=g\",\"url\":\"https:\\\/\\\/secure.gravatar.com\\\/avatar\\\/57de8e5d4b15d43fb361a71fbb36338450fe67865b528a43dd10ef7c51a20392?s=96&d=mm&r=g\",\"contentUrl\":\"https:\\\/\\\/secure.gravatar.com\\\/avatar\\\/57de8e5d4b15d43fb361a71fbb36338450fe67865b528a43dd10ef7c51a20392?s=96&d=mm&r=g\",\"caption\":\"La Sentinelle\"},\"sameAs\":[\"http:\\\/\\\/www.lasentinelle.dz\"],\"url\":\"https:\\\/\\\/lasentinelle.dz\\\/author\\\/redaction\\\/\"}]}<\/script>\n<!-- \/ Yoast SEO plugin. -->","yoast_head_json":{"title":"Annaba\u00a0:\u00a0Un nouveau bidonville \u00e0 Oued-Zied - La Sentinelle","robots":{"index":"index","follow":"follow","max-snippet":"max-snippet:-1","max-image-preview":"max-image-preview:large","max-video-preview":"max-video-preview:-1"},"canonical":"https:\/\/lasentinelle.dz\/index.php\/2022\/03\/20\/annaba-un-nouveau-bidonville-a-oued-zied\/","og_locale":"fr_FR","og_type":"article","og_title":"Annaba\u00a0:\u00a0Un nouveau bidonville \u00e0 Oued-Zied - La Sentinelle","og_description":"Venus de plusieurs wilayas limitrophes d\u2019Annaba, des dizaines de familles sont venues \u00e9lire&nbsp;domicile&nbsp;dans une zone foresti\u00e8re de la localit\u00e9 d\u2019Oued","og_url":"https:\/\/lasentinelle.dz\/index.php\/2022\/03\/20\/annaba-un-nouveau-bidonville-a-oued-zied\/","og_site_name":"La Sentinelle","article_publisher":"https:\/\/www.facebook.com\/La-Sentinelle-104059864394773","article_published_time":"2022-03-19T23:01:00+00:00","og_image":[{"width":620,"height":413,"url":"https:\/\/lasentinelle.dz\/wp-content\/uploads\/2022\/03\/155217184_334193774677235_9211062446379393882_n.jpg","type":"image\/jpeg"}],"author":"La Sentinelle","twitter_card":"summary_large_image","twitter_misc":{"\u00c9crit par":"La Sentinelle","Dur\u00e9e de lecture estim\u00e9e":"2 minutes"},"schema":{"@context":"https:\/\/schema.org","@graph":[{"@type":"Article","@id":"https:\/\/lasentinelle.dz\/index.php\/2022\/03\/20\/annaba-un-nouveau-bidonville-a-oued-zied\/#article","isPartOf":{"@id":"https:\/\/lasentinelle.dz\/index.php\/2022\/03\/20\/annaba-un-nouveau-bidonville-a-oued-zied\/"},"author":{"name":"La Sentinelle","@id":"https:\/\/lasentinelle.dz\/#\/schema\/person\/d865044e22e70a75174ce8bcad3acfb3"},"headline":"Annaba\u00a0:\u00a0Un nouveau bidonville \u00e0 Oued-Zied","datePublished":"2022-03-19T23:01:00+00:00","mainEntityOfPage":{"@id":"https:\/\/lasentinelle.dz\/index.php\/2022\/03\/20\/annaba-un-nouveau-bidonville-a-oued-zied\/"},"wordCount":380,"commentCount":0,"publisher":{"@id":"https:\/\/lasentinelle.dz\/#organization"},"image":{"@id":"https:\/\/lasentinelle.dz\/index.php\/2022\/03\/20\/annaba-un-nouveau-bidonville-a-oued-zied\/#primaryimage"},"thumbnailUrl":"https:\/\/lasentinelle.dz\/wp-content\/uploads\/2022\/03\/155217184_334193774677235_9211062446379393882_n.jpg","articleSection":["R\u00e9gions"],"inLanguage":"fr-FR","potentialAction":[{"@type":"CommentAction","name":"Comment","target":["https:\/\/lasentinelle.dz\/index.php\/2022\/03\/20\/annaba-un-nouveau-bidonville-a-oued-zied\/#respond"]}]},{"@type":"WebPage","@id":"https:\/\/lasentinelle.dz\/index.php\/2022\/03\/20\/annaba-un-nouveau-bidonville-a-oued-zied\/","url":"https:\/\/lasentinelle.dz\/index.php\/2022\/03\/20\/annaba-un-nouveau-bidonville-a-oued-zied\/","name":"Annaba\u00a0:\u00a0Un nouveau bidonville \u00e0 Oued-Zied - La Sentinelle","isPartOf":{"@id":"https:\/\/lasentinelle.dz\/#website"},"primaryImageOfPage":{"@id":"https:\/\/lasentinelle.dz\/index.php\/2022\/03\/20\/annaba-un-nouveau-bidonville-a-oued-zied\/#primaryimage"},"image":{"@id":"https:\/\/lasentinelle.dz\/index.php\/2022\/03\/20\/annaba-un-nouveau-bidonville-a-oued-zied\/#primaryimage"},"thumbnailUrl":"https:\/\/lasentinelle.dz\/wp-content\/uploads\/2022\/03\/155217184_334193774677235_9211062446379393882_n.jpg","datePublished":"2022-03-19T23:01:00+00:00","breadcrumb":{"@id":"https:\/\/lasentinelle.dz\/index.php\/2022\/03\/20\/annaba-un-nouveau-bidonville-a-oued-zied\/#breadcrumb"},"inLanguage":"fr-FR","potentialAction":[{"@type":"ReadAction","target":["https:\/\/lasentinelle.dz\/index.php\/2022\/03\/20\/annaba-un-nouveau-bidonville-a-oued-zied\/"]}]},{"@type":"ImageObject","inLanguage":"fr-FR","@id":"https:\/\/lasentinelle.dz\/index.php\/2022\/03\/20\/annaba-un-nouveau-bidonville-a-oued-zied\/#primaryimage","url":"https:\/\/lasentinelle.dz\/wp-content\/uploads\/2022\/03\/155217184_334193774677235_9211062446379393882_n.jpg","contentUrl":"https:\/\/lasentinelle.dz\/wp-content\/uploads\/2022\/03\/155217184_334193774677235_9211062446379393882_n.jpg","width":620,"height":413},{"@type":"BreadcrumbList","@id":"https:\/\/lasentinelle.dz\/index.php\/2022\/03\/20\/annaba-un-nouveau-bidonville-a-oued-zied\/#breadcrumb","itemListElement":[{"@type":"ListItem","position":1,"name":"Accueil","item":"https:\/\/lasentinelle.dz\/"},{"@type":"ListItem","position":2,"name":"Annaba\u00a0:\u00a0Un nouveau bidonville \u00e0 Oued-Zied"}]},{"@type":"WebSite","@id":"https:\/\/lasentinelle.dz\/#website","url":"https:\/\/lasentinelle.dz\/","name":"La Sentinelle","description":"Quotidien national d&#039;information","publisher":{"@id":"https:\/\/lasentinelle.dz\/#organization"},"potentialAction":[{"@type":"SearchAction","target":{"@type":"EntryPoint","urlTemplate":"https:\/\/lasentinelle.dz\/?s={search_term_string}"},"query-input":{"@type":"PropertyValueSpecification","valueRequired":true,"valueName":"search_term_string"}}],"inLanguage":"fr-FR"},{"@type":"Organization","@id":"https:\/\/lasentinelle.dz\/#organization","name":"Quotidien La Sentinelle","url":"https:\/\/lasentinelle.dz\/","logo":{"@type":"ImageObject","inLanguage":"fr-FR","@id":"https:\/\/lasentinelle.dz\/#\/schema\/logo\/image\/","url":"https:\/\/lasentinelle.dz\/wp-content\/uploads\/2021\/09\/logo-sentinelleSLOGAN-1.png","contentUrl":"https:\/\/lasentinelle.dz\/wp-content\/uploads\/2021\/09\/logo-sentinelleSLOGAN-1.png","width":615,"height":142,"caption":"Quotidien La Sentinelle"},"image":{"@id":"https:\/\/lasentinelle.dz\/#\/schema\/logo\/image\/"},"sameAs":["https:\/\/www.facebook.com\/La-Sentinelle-104059864394773"]},{"@type":"Person","@id":"https:\/\/lasentinelle.dz\/#\/schema\/person\/d865044e22e70a75174ce8bcad3acfb3","name":"La Sentinelle","image":{"@type":"ImageObject","inLanguage":"fr-FR","@id":"https:\/\/secure.gravatar.com\/avatar\/57de8e5d4b15d43fb361a71fbb36338450fe67865b528a43dd10ef7c51a20392?s=96&d=mm&r=g","url":"https:\/\/secure.gravatar.com\/avatar\/57de8e5d4b15d43fb361a71fbb36338450fe67865b528a43dd10ef7c51a20392?s=96&d=mm&r=g","contentUrl":"https:\/\/secure.gravatar.com\/avatar\/57de8e5d4b15d43fb361a71fbb36338450fe67865b528a43dd10ef7c51a20392?s=96&d=mm&r=g","caption":"La Sentinelle"},"sameAs":["http:\/\/www.lasentinelle.dz"],"url":"https:\/\/lasentinelle.dz\/author\/redaction\/"}]}},"_links":{"self":[{"href":"https:\/\/lasentinelle.dz\/index.php\/wp-json\/wp\/v2\/posts\/18547","targetHints":{"allow":["GET"]}}],"collection":[{"href":"https:\/\/lasentinelle.dz\/index.php\/wp-json\/wp\/v2\/posts"}],"about":[{"href":"https:\/\/lasentinelle.dz\/index.php\/wp-json\/wp\/v2\/types\/post"}],"author":[{"embeddable":true,"href":"https:\/\/lasentinelle.dz\/index.php\/wp-json\/wp\/v2\/users\/3"}],"replies":[{"embeddable":true,"href":"https:\/\/lasentinelle.dz\/index.php\/wp-json\/wp\/v2\/comments?post=18547"}],"version-history":[{"count":1,"href":"https:\/\/lasentinelle.dz\/index.php\/wp-json\/wp\/v2\/posts\/18547\/revisions"}],"predecessor-version":[{"id":18552,"href":"https:\/\/lasentinelle.dz\/index.php\/wp-json\/wp\/v2\/posts\/18547\/revisions\/18552"}],"wp:featuredmedia":[{"embeddable":true,"href":"https:\/\/lasentinelle.dz\/index.php\/wp-json\/wp\/v2\/media\/18551"}],"wp:attachment":[{"href":"https:\/\/lasentinelle.dz\/index.php\/wp-json\/wp\/v2\/media?parent=18547"}],"wp:term":[{"taxonomy":"category","embeddable":true,"href":"https:\/\/lasentinelle.dz\/index.php\/wp-json\/wp\/v2\/categories?post=18547"},{"taxonomy":"post_tag","embeddable":true,"href":"https:\/\/lasentinelle.dz\/index.php\/wp-json\/wp\/v2\/tags?post=18547"}],"curies":[{"name":"wp","href":"https:\/\/api.w.org\/{rel}","templated":true}]}}