{"id":18608,"date":"2022-03-21T00:05:00","date_gmt":"2022-03-20T23:05:00","guid":{"rendered":"https:\/\/lasentinelle.dz\/?p=18608"},"modified":"2022-03-20T17:25:15","modified_gmt":"2022-03-20T16:25:15","slug":"djamel-belmadi-jassume-mes-choix","status":"publish","type":"post","link":"https:\/\/lasentinelle.dz\/index.php\/2022\/03\/21\/djamel-belmadi-jassume-mes-choix\/","title":{"rendered":"Djamel Belmadi\u00a0:\u00a0\u00ab J\u2019assume mes choix \u00bb\u00a0"},"content":{"rendered":"\n<p>Au lendemain de la publication de sa liste de joueurs retenus pour la double-confrontation face au Cameroun pour les barrages du Mondial-2022 au Qatar, le s\u00e9lectionneur national, Djamel Belmadi, a anim\u00e9 une conf\u00e9rence de presse au CTN de Sidi Moussa.&nbsp;<\/p>\n\n\n\n<p>Il faut dire qu\u2019une fois n\u2019est pas coutume, le driver national a donn\u00e9 l\u2019impression d\u2019\u00eatre sous forte pression. La mani\u00e8re de r\u00e9pondre aux questions des journalistes t\u00e9moigne, on ne peut mieux, de cet \u00e9tat d\u2019esprit. Les premi\u00e8res questions tournaient, logiquement, sur les changements apport\u00e9s sur sa liste, notamment les mise \u00e0 l\u2019\u00e9cart \u00e0 la pelle de joueurs, entre autres Baghdad Bounedjah.&nbsp;&nbsp;&nbsp;\u00ab Apr\u00e8s la derni\u00e8re CAN-2021, un bilan a \u00e9t\u00e9 tir\u00e9 et j\u2019avais dit qu\u2019il aurait une incidence \u00bb, explique-t-il d\u2019embl\u00e9e. Et de pr\u00e9ciser : \u00ab Cet \u00e9chec \u00e0 la CAN est ma responsabilit\u00e9. Maintenant, je n&rsquo;ai pas fait de liste-sanction, mais plut\u00f4t des choix pour nous qualifier pour la Coupe du Monde. Je ne cherche pas mon int\u00e9r\u00eat personnel, mais celui de l\u2019Alg\u00e9rie. J&rsquo;ai choisi des joueurs parce qu&rsquo;ils m&rsquo;ont paru \u00eatre les plus aptes&nbsp;\u00e0&nbsp;assurer&nbsp;la qualification. \u00bb Belmadi fait savoir que les joueurs convoqu\u00e9s le savaient avant la publication de la liste. Au m\u00eame titre que ceux qui ont \u00e9t\u00e9 \u00e9cart\u00e9s : \u00ab Des joueurs ont \u00e9t\u00e9 \u00e9cart\u00e9s, puis sont revenus, et l&rsquo;inverse. Il n&rsquo;y a pas de choix d\u00e9finitif, on pense exclusivement \u00e0 la qualification. \u00bb En \u00e9voquant quelque cas, le conf\u00e9rencier a commenc\u00e9 par le revenant Guedioura : \u00ab C\u2019est un joueur pleinement capable de faire ce que j&rsquo;attends de lui. \u00bb&nbsp;&nbsp;L\u2019autre revenant, \u00e0 savoir Belfodil, a eu droit aux \u00e9loges du coach : \u00ab En pleine possession de ses moyens, il peut apporter \u00e9norm\u00e9ment. Il est techniquement tr\u00e8s habile malgr\u00e9 sa taille. Il a \u00e9t\u00e9 tr\u00e8s prometteur \u00e0 ses d\u00e9buts, et certains le comparaient m\u00eame \u00e0 Benzema. \u00bb Pour Benyattou, qui honore sa premi\u00e8re convocation Belmadi dira : \u00ab Certes, il n&rsquo;a pas 20 ans, mais il n&rsquo;est jamais trop tard pour bien faire. \u00c7a fait 3 ans qu&rsquo;il est assidu, qu&rsquo;on le suit. On cherche un joueur qui marque et il a su le faire dans de gros matchs. \u00bb Autre nouveaut\u00e9, celle de Laouafi, lat\u00e9ral gauche de l\u2019ES Sahel : \u00ab Il a un peu un profil \u00e0 la Nadir Belhadj. Il faut qu&rsquo;il progresse d\u00e9fensivement mais on a aussi pens\u00e9 \u00e0 Touba qui sait jouer dans cette position. \u00bb&nbsp;&nbsp;Belmadi a fait passer, par la suite, des messages positifs concernant l\u2019\u00e9tat d\u2019esprit qui caract\u00e9rise ses joueurs : \u00ab La Coupe du Monde est l&rsquo;\u00e9v\u00e8nement par excellence et mes joueurs sont tr\u00e8s d\u00e9termin\u00e9s pour atteindre leur objectif.&nbsp;&nbsp;Il faut savoir que c\u2019est la derni\u00e8re possibilit\u00e9 pour certains de jouer un Mondial. Pour d&rsquo;autres c&rsquo;est peut-\u00eatre aussi la derni\u00e8re chance d&rsquo;\u00e9voluer avec une g\u00e9n\u00e9ration aussi talentueuse. Ce que je peux garantir, c\u2019est que nos joueurs ont envie de r\u00e9ussir, et c\u2019est un signe tr\u00e8s positif. \u00bb Refusant de parler de l\u2019arbitrage, Belmadi a \u00e9t\u00e9 questionn\u00e9 sur la pelouse de Japoma stadium, th\u00e9\u00e2tre de la rencontre de vendredi prochain. En r\u00e9ponse, il dira : \u00ab Nous en avons l&rsquo;exp\u00e9rience d\u00e9sormais. Le Cameroun a jou\u00e9 son match de qualification face \u00e0 la C\u00f4te d&rsquo;Ivoire l\u00e0 bas, et nous, on y a jou\u00e9 trois matchs il y a seulement deux mois. \u00bb Et de poursuivre : \u00ab Le Cameroun a beaucoup de joueurs qui peuvent \u00eatre dangereux. Tout le monde les a vus. Ils ont une animation, un style et des phases de jeu. On se pr\u00e9pare en fonction de cela. \u00bb La s\u00e9lection nationale s&rsquo;envolera aujourd\u2019hui pour la capitale \u00e9quato-guin\u00e9enne Malabo pour effectuer un stage bloqu\u00e9, avant de rejoindre Douala le 24 mars, soit \u00e0 la veille de la rencontre face au Cameroun.&nbsp;&nbsp;<\/p>\n\n\n\n<p><strong>Abderrahim Mahious<\/strong><\/p>\n","protected":false},"excerpt":{"rendered":"<p>Au lendemain de la publication de sa liste de joueurs retenus pour la double-confrontation face au Cameroun pour les barrages<\/p>\n","protected":false},"author":3,"featured_media":18613,"comment_status":"open","ping_status":"closed","sticky":false,"template":"","format":"standard","meta":{"colormag_page_container_layout":"default_layout","colormag_page_sidebar_layout":"default_layout","om_disable_all_campaigns":false,"_monsterinsights_skip_tracking":false,"_monsterinsights_sitenote_active":false,"_monsterinsights_sitenote_note":"","_monsterinsights_sitenote_category":0,"footnotes":"","_wpscppro_dont_share_socialmedia":false,"_wpscppro_custom_social_share_image":0,"_facebook_share_type":"","_twitter_share_type":"","_linkedin_share_type":"","_pinterest_share_type":"","_linkedin_share_type_page":"","_instagram_share_type":"","_medium_share_type":"","_threads_share_type":"","_google_business_share_type":"","_selected_social_profile":[],"_wpsp_enable_custom_social_template":false,"_wpsp_social_scheduling":{"enabled":false,"datetime":null,"platforms":[],"status":"template_only","dateOption":"today","timeOption":"now","customDays":"","customHours":"","customDate":"","customTime":"","schedulingType":"absolute"},"_wpsp_active_default_template":true},"categories":[52,33],"tags":[],"class_list":["post-18608","post","type-post","status-publish","format-standard","has-post-thumbnail","hentry","category-a-la-une","category-sports"],"aioseo_notices":[],"yoast_head":"<!-- This site is optimized with the Yoast SEO plugin v27.5 - https:\/\/yoast.com\/product\/yoast-seo-wordpress\/ -->\n<title>Djamel Belmadi\u00a0:\u00a0\u00ab J\u2019assume mes choix \u00bb\u00a0 - La Sentinelle<\/title>\n<meta name=\"robots\" content=\"index, follow, max-snippet:-1, max-image-preview:large, max-video-preview:-1\" \/>\n<link rel=\"canonical\" href=\"https:\/\/lasentinelle.dz\/index.php\/2022\/03\/21\/djamel-belmadi-jassume-mes-choix\/\" \/>\n<meta property=\"og:locale\" content=\"fr_FR\" \/>\n<meta property=\"og:type\" content=\"article\" \/>\n<meta property=\"og:title\" content=\"Djamel Belmadi\u00a0:\u00a0\u00ab J\u2019assume mes choix \u00bb\u00a0 - La Sentinelle\" \/>\n<meta property=\"og:description\" content=\"Au lendemain de la publication de sa liste de joueurs retenus pour la double-confrontation face au Cameroun pour les barrages\" \/>\n<meta property=\"og:url\" content=\"https:\/\/lasentinelle.dz\/index.php\/2022\/03\/21\/djamel-belmadi-jassume-mes-choix\/\" \/>\n<meta property=\"og:site_name\" content=\"La Sentinelle\" \/>\n<meta property=\"article:publisher\" content=\"https:\/\/www.facebook.com\/La-Sentinelle-104059864394773\" \/>\n<meta property=\"article:published_time\" content=\"2022-03-20T23:05:00+00:00\" \/>\n<meta property=\"og:image\" content=\"https:\/\/lasentinelle.dz\/wp-content\/uploads\/2022\/03\/Belmadi-2.png\" \/>\n\t<meta property=\"og:image:width\" content=\"1351\" \/>\n\t<meta property=\"og:image:height\" content=\"900\" \/>\n\t<meta property=\"og:image:type\" content=\"image\/png\" \/>\n<meta name=\"author\" content=\"La Sentinelle\" \/>\n<meta name=\"twitter:card\" content=\"summary_large_image\" \/>\n<meta name=\"twitter:label1\" content=\"\u00c9crit par\" \/>\n\t<meta name=\"twitter:data1\" content=\"La Sentinelle\" \/>\n\t<meta name=\"twitter:label2\" content=\"Dur\u00e9e de lecture estim\u00e9e\" \/>\n\t<meta name=\"twitter:data2\" content=\"4 minutes\" \/>\n<script type=\"application\/ld+json\" class=\"yoast-schema-graph\">{\"@context\":\"https:\\\/\\\/schema.org\",\"@graph\":[{\"@type\":\"Article\",\"@id\":\"https:\\\/\\\/lasentinelle.dz\\\/index.php\\\/2022\\\/03\\\/21\\\/djamel-belmadi-jassume-mes-choix\\\/#article\",\"isPartOf\":{\"@id\":\"https:\\\/\\\/lasentinelle.dz\\\/index.php\\\/2022\\\/03\\\/21\\\/djamel-belmadi-jassume-mes-choix\\\/\"},\"author\":{\"name\":\"La Sentinelle\",\"@id\":\"https:\\\/\\\/lasentinelle.dz\\\/#\\\/schema\\\/person\\\/d865044e22e70a75174ce8bcad3acfb3\"},\"headline\":\"Djamel Belmadi\u00a0:\u00a0\u00ab J\u2019assume mes choix \u00bb\u00a0\",\"datePublished\":\"2022-03-20T23:05:00+00:00\",\"mainEntityOfPage\":{\"@id\":\"https:\\\/\\\/lasentinelle.dz\\\/index.php\\\/2022\\\/03\\\/21\\\/djamel-belmadi-jassume-mes-choix\\\/\"},\"wordCount\":687,\"commentCount\":0,\"publisher\":{\"@id\":\"https:\\\/\\\/lasentinelle.dz\\\/#organization\"},\"image\":{\"@id\":\"https:\\\/\\\/lasentinelle.dz\\\/index.php\\\/2022\\\/03\\\/21\\\/djamel-belmadi-jassume-mes-choix\\\/#primaryimage\"},\"thumbnailUrl\":\"https:\\\/\\\/lasentinelle.dz\\\/wp-content\\\/uploads\\\/2022\\\/03\\\/Belmadi-2.png\",\"articleSection\":[\"\u00c0 la Une\",\"Sports\"],\"inLanguage\":\"fr-FR\",\"potentialAction\":[{\"@type\":\"CommentAction\",\"name\":\"Comment\",\"target\":[\"https:\\\/\\\/lasentinelle.dz\\\/index.php\\\/2022\\\/03\\\/21\\\/djamel-belmadi-jassume-mes-choix\\\/#respond\"]}]},{\"@type\":\"WebPage\",\"@id\":\"https:\\\/\\\/lasentinelle.dz\\\/index.php\\\/2022\\\/03\\\/21\\\/djamel-belmadi-jassume-mes-choix\\\/\",\"url\":\"https:\\\/\\\/lasentinelle.dz\\\/index.php\\\/2022\\\/03\\\/21\\\/djamel-belmadi-jassume-mes-choix\\\/\",\"name\":\"Djamel Belmadi\u00a0:\u00a0\u00ab J\u2019assume mes choix \u00bb\u00a0 - La Sentinelle\",\"isPartOf\":{\"@id\":\"https:\\\/\\\/lasentinelle.dz\\\/#website\"},\"primaryImageOfPage\":{\"@id\":\"https:\\\/\\\/lasentinelle.dz\\\/index.php\\\/2022\\\/03\\\/21\\\/djamel-belmadi-jassume-mes-choix\\\/#primaryimage\"},\"image\":{\"@id\":\"https:\\\/\\\/lasentinelle.dz\\\/index.php\\\/2022\\\/03\\\/21\\\/djamel-belmadi-jassume-mes-choix\\\/#primaryimage\"},\"thumbnailUrl\":\"https:\\\/\\\/lasentinelle.dz\\\/wp-content\\\/uploads\\\/2022\\\/03\\\/Belmadi-2.png\",\"datePublished\":\"2022-03-20T23:05:00+00:00\",\"breadcrumb\":{\"@id\":\"https:\\\/\\\/lasentinelle.dz\\\/index.php\\\/2022\\\/03\\\/21\\\/djamel-belmadi-jassume-mes-choix\\\/#breadcrumb\"},\"inLanguage\":\"fr-FR\",\"potentialAction\":[{\"@type\":\"ReadAction\",\"target\":[\"https:\\\/\\\/lasentinelle.dz\\\/index.php\\\/2022\\\/03\\\/21\\\/djamel-belmadi-jassume-mes-choix\\\/\"]}]},{\"@type\":\"ImageObject\",\"inLanguage\":\"fr-FR\",\"@id\":\"https:\\\/\\\/lasentinelle.dz\\\/index.php\\\/2022\\\/03\\\/21\\\/djamel-belmadi-jassume-mes-choix\\\/#primaryimage\",\"url\":\"https:\\\/\\\/lasentinelle.dz\\\/wp-content\\\/uploads\\\/2022\\\/03\\\/Belmadi-2.png\",\"contentUrl\":\"https:\\\/\\\/lasentinelle.dz\\\/wp-content\\\/uploads\\\/2022\\\/03\\\/Belmadi-2.png\",\"width\":1351,\"height\":900},{\"@type\":\"BreadcrumbList\",\"@id\":\"https:\\\/\\\/lasentinelle.dz\\\/index.php\\\/2022\\\/03\\\/21\\\/djamel-belmadi-jassume-mes-choix\\\/#breadcrumb\",\"itemListElement\":[{\"@type\":\"ListItem\",\"position\":1,\"name\":\"Accueil\",\"item\":\"https:\\\/\\\/lasentinelle.dz\\\/\"},{\"@type\":\"ListItem\",\"position\":2,\"name\":\"Djamel Belmadi\u00a0:\u00a0\u00ab J\u2019assume mes choix \u00bb\u00a0\"}]},{\"@type\":\"WebSite\",\"@id\":\"https:\\\/\\\/lasentinelle.dz\\\/#website\",\"url\":\"https:\\\/\\\/lasentinelle.dz\\\/\",\"name\":\"La Sentinelle\",\"description\":\"Quotidien national d&#039;information\",\"publisher\":{\"@id\":\"https:\\\/\\\/lasentinelle.dz\\\/#organization\"},\"potentialAction\":[{\"@type\":\"SearchAction\",\"target\":{\"@type\":\"EntryPoint\",\"urlTemplate\":\"https:\\\/\\\/lasentinelle.dz\\\/?s={search_term_string}\"},\"query-input\":{\"@type\":\"PropertyValueSpecification\",\"valueRequired\":true,\"valueName\":\"search_term_string\"}}],\"inLanguage\":\"fr-FR\"},{\"@type\":\"Organization\",\"@id\":\"https:\\\/\\\/lasentinelle.dz\\\/#organization\",\"name\":\"Quotidien La Sentinelle\",\"url\":\"https:\\\/\\\/lasentinelle.dz\\\/\",\"logo\":{\"@type\":\"ImageObject\",\"inLanguage\":\"fr-FR\",\"@id\":\"https:\\\/\\\/lasentinelle.dz\\\/#\\\/schema\\\/logo\\\/image\\\/\",\"url\":\"https:\\\/\\\/lasentinelle.dz\\\/wp-content\\\/uploads\\\/2021\\\/09\\\/logo-sentinelleSLOGAN-1.png\",\"contentUrl\":\"https:\\\/\\\/lasentinelle.dz\\\/wp-content\\\/uploads\\\/2021\\\/09\\\/logo-sentinelleSLOGAN-1.png\",\"width\":615,\"height\":142,\"caption\":\"Quotidien La Sentinelle\"},\"image\":{\"@id\":\"https:\\\/\\\/lasentinelle.dz\\\/#\\\/schema\\\/logo\\\/image\\\/\"},\"sameAs\":[\"https:\\\/\\\/www.facebook.com\\\/La-Sentinelle-104059864394773\"]},{\"@type\":\"Person\",\"@id\":\"https:\\\/\\\/lasentinelle.dz\\\/#\\\/schema\\\/person\\\/d865044e22e70a75174ce8bcad3acfb3\",\"name\":\"La Sentinelle\",\"image\":{\"@type\":\"ImageObject\",\"inLanguage\":\"fr-FR\",\"@id\":\"https:\\\/\\\/secure.gravatar.com\\\/avatar\\\/57de8e5d4b15d43fb361a71fbb36338450fe67865b528a43dd10ef7c51a20392?s=96&d=mm&r=g\",\"url\":\"https:\\\/\\\/secure.gravatar.com\\\/avatar\\\/57de8e5d4b15d43fb361a71fbb36338450fe67865b528a43dd10ef7c51a20392?s=96&d=mm&r=g\",\"contentUrl\":\"https:\\\/\\\/secure.gravatar.com\\\/avatar\\\/57de8e5d4b15d43fb361a71fbb36338450fe67865b528a43dd10ef7c51a20392?s=96&d=mm&r=g\",\"caption\":\"La Sentinelle\"},\"sameAs\":[\"http:\\\/\\\/www.lasentinelle.dz\"],\"url\":\"https:\\\/\\\/lasentinelle.dz\\\/author\\\/redaction\\\/\"}]}<\/script>\n<!-- \/ Yoast SEO plugin. -->","yoast_head_json":{"title":"Djamel Belmadi\u00a0:\u00a0\u00ab J\u2019assume mes choix \u00bb\u00a0 - La Sentinelle","robots":{"index":"index","follow":"follow","max-snippet":"max-snippet:-1","max-image-preview":"max-image-preview:large","max-video-preview":"max-video-preview:-1"},"canonical":"https:\/\/lasentinelle.dz\/index.php\/2022\/03\/21\/djamel-belmadi-jassume-mes-choix\/","og_locale":"fr_FR","og_type":"article","og_title":"Djamel Belmadi\u00a0:\u00a0\u00ab J\u2019assume mes choix \u00bb\u00a0 - La Sentinelle","og_description":"Au lendemain de la publication de sa liste de joueurs retenus pour la double-confrontation face au Cameroun pour les barrages","og_url":"https:\/\/lasentinelle.dz\/index.php\/2022\/03\/21\/djamel-belmadi-jassume-mes-choix\/","og_site_name":"La Sentinelle","article_publisher":"https:\/\/www.facebook.com\/La-Sentinelle-104059864394773","article_published_time":"2022-03-20T23:05:00+00:00","og_image":[{"width":1351,"height":900,"url":"https:\/\/lasentinelle.dz\/wp-content\/uploads\/2022\/03\/Belmadi-2.png","type":"image\/png"}],"author":"La Sentinelle","twitter_card":"summary_large_image","twitter_misc":{"\u00c9crit par":"La Sentinelle","Dur\u00e9e de lecture estim\u00e9e":"4 minutes"},"schema":{"@context":"https:\/\/schema.org","@graph":[{"@type":"Article","@id":"https:\/\/lasentinelle.dz\/index.php\/2022\/03\/21\/djamel-belmadi-jassume-mes-choix\/#article","isPartOf":{"@id":"https:\/\/lasentinelle.dz\/index.php\/2022\/03\/21\/djamel-belmadi-jassume-mes-choix\/"},"author":{"name":"La Sentinelle","@id":"https:\/\/lasentinelle.dz\/#\/schema\/person\/d865044e22e70a75174ce8bcad3acfb3"},"headline":"Djamel Belmadi\u00a0:\u00a0\u00ab J\u2019assume mes choix \u00bb\u00a0","datePublished":"2022-03-20T23:05:00+00:00","mainEntityOfPage":{"@id":"https:\/\/lasentinelle.dz\/index.php\/2022\/03\/21\/djamel-belmadi-jassume-mes-choix\/"},"wordCount":687,"commentCount":0,"publisher":{"@id":"https:\/\/lasentinelle.dz\/#organization"},"image":{"@id":"https:\/\/lasentinelle.dz\/index.php\/2022\/03\/21\/djamel-belmadi-jassume-mes-choix\/#primaryimage"},"thumbnailUrl":"https:\/\/lasentinelle.dz\/wp-content\/uploads\/2022\/03\/Belmadi-2.png","articleSection":["\u00c0 la Une","Sports"],"inLanguage":"fr-FR","potentialAction":[{"@type":"CommentAction","name":"Comment","target":["https:\/\/lasentinelle.dz\/index.php\/2022\/03\/21\/djamel-belmadi-jassume-mes-choix\/#respond"]}]},{"@type":"WebPage","@id":"https:\/\/lasentinelle.dz\/index.php\/2022\/03\/21\/djamel-belmadi-jassume-mes-choix\/","url":"https:\/\/lasentinelle.dz\/index.php\/2022\/03\/21\/djamel-belmadi-jassume-mes-choix\/","name":"Djamel Belmadi\u00a0:\u00a0\u00ab J\u2019assume mes choix \u00bb\u00a0 - La Sentinelle","isPartOf":{"@id":"https:\/\/lasentinelle.dz\/#website"},"primaryImageOfPage":{"@id":"https:\/\/lasentinelle.dz\/index.php\/2022\/03\/21\/djamel-belmadi-jassume-mes-choix\/#primaryimage"},"image":{"@id":"https:\/\/lasentinelle.dz\/index.php\/2022\/03\/21\/djamel-belmadi-jassume-mes-choix\/#primaryimage"},"thumbnailUrl":"https:\/\/lasentinelle.dz\/wp-content\/uploads\/2022\/03\/Belmadi-2.png","datePublished":"2022-03-20T23:05:00+00:00","breadcrumb":{"@id":"https:\/\/lasentinelle.dz\/index.php\/2022\/03\/21\/djamel-belmadi-jassume-mes-choix\/#breadcrumb"},"inLanguage":"fr-FR","potentialAction":[{"@type":"ReadAction","target":["https:\/\/lasentinelle.dz\/index.php\/2022\/03\/21\/djamel-belmadi-jassume-mes-choix\/"]}]},{"@type":"ImageObject","inLanguage":"fr-FR","@id":"https:\/\/lasentinelle.dz\/index.php\/2022\/03\/21\/djamel-belmadi-jassume-mes-choix\/#primaryimage","url":"https:\/\/lasentinelle.dz\/wp-content\/uploads\/2022\/03\/Belmadi-2.png","contentUrl":"https:\/\/lasentinelle.dz\/wp-content\/uploads\/2022\/03\/Belmadi-2.png","width":1351,"height":900},{"@type":"BreadcrumbList","@id":"https:\/\/lasentinelle.dz\/index.php\/2022\/03\/21\/djamel-belmadi-jassume-mes-choix\/#breadcrumb","itemListElement":[{"@type":"ListItem","position":1,"name":"Accueil","item":"https:\/\/lasentinelle.dz\/"},{"@type":"ListItem","position":2,"name":"Djamel Belmadi\u00a0:\u00a0\u00ab J\u2019assume mes choix \u00bb\u00a0"}]},{"@type":"WebSite","@id":"https:\/\/lasentinelle.dz\/#website","url":"https:\/\/lasentinelle.dz\/","name":"La Sentinelle","description":"Quotidien national d&#039;information","publisher":{"@id":"https:\/\/lasentinelle.dz\/#organization"},"potentialAction":[{"@type":"SearchAction","target":{"@type":"EntryPoint","urlTemplate":"https:\/\/lasentinelle.dz\/?s={search_term_string}"},"query-input":{"@type":"PropertyValueSpecification","valueRequired":true,"valueName":"search_term_string"}}],"inLanguage":"fr-FR"},{"@type":"Organization","@id":"https:\/\/lasentinelle.dz\/#organization","name":"Quotidien La Sentinelle","url":"https:\/\/lasentinelle.dz\/","logo":{"@type":"ImageObject","inLanguage":"fr-FR","@id":"https:\/\/lasentinelle.dz\/#\/schema\/logo\/image\/","url":"https:\/\/lasentinelle.dz\/wp-content\/uploads\/2021\/09\/logo-sentinelleSLOGAN-1.png","contentUrl":"https:\/\/lasentinelle.dz\/wp-content\/uploads\/2021\/09\/logo-sentinelleSLOGAN-1.png","width":615,"height":142,"caption":"Quotidien La Sentinelle"},"image":{"@id":"https:\/\/lasentinelle.dz\/#\/schema\/logo\/image\/"},"sameAs":["https:\/\/www.facebook.com\/La-Sentinelle-104059864394773"]},{"@type":"Person","@id":"https:\/\/lasentinelle.dz\/#\/schema\/person\/d865044e22e70a75174ce8bcad3acfb3","name":"La Sentinelle","image":{"@type":"ImageObject","inLanguage":"fr-FR","@id":"https:\/\/secure.gravatar.com\/avatar\/57de8e5d4b15d43fb361a71fbb36338450fe67865b528a43dd10ef7c51a20392?s=96&d=mm&r=g","url":"https:\/\/secure.gravatar.com\/avatar\/57de8e5d4b15d43fb361a71fbb36338450fe67865b528a43dd10ef7c51a20392?s=96&d=mm&r=g","contentUrl":"https:\/\/secure.gravatar.com\/avatar\/57de8e5d4b15d43fb361a71fbb36338450fe67865b528a43dd10ef7c51a20392?s=96&d=mm&r=g","caption":"La Sentinelle"},"sameAs":["http:\/\/www.lasentinelle.dz"],"url":"https:\/\/lasentinelle.dz\/author\/redaction\/"}]}},"_links":{"self":[{"href":"https:\/\/lasentinelle.dz\/index.php\/wp-json\/wp\/v2\/posts\/18608","targetHints":{"allow":["GET"]}}],"collection":[{"href":"https:\/\/lasentinelle.dz\/index.php\/wp-json\/wp\/v2\/posts"}],"about":[{"href":"https:\/\/lasentinelle.dz\/index.php\/wp-json\/wp\/v2\/types\/post"}],"author":[{"embeddable":true,"href":"https:\/\/lasentinelle.dz\/index.php\/wp-json\/wp\/v2\/users\/3"}],"replies":[{"embeddable":true,"href":"https:\/\/lasentinelle.dz\/index.php\/wp-json\/wp\/v2\/comments?post=18608"}],"version-history":[{"count":1,"href":"https:\/\/lasentinelle.dz\/index.php\/wp-json\/wp\/v2\/posts\/18608\/revisions"}],"predecessor-version":[{"id":18615,"href":"https:\/\/lasentinelle.dz\/index.php\/wp-json\/wp\/v2\/posts\/18608\/revisions\/18615"}],"wp:featuredmedia":[{"embeddable":true,"href":"https:\/\/lasentinelle.dz\/index.php\/wp-json\/wp\/v2\/media\/18613"}],"wp:attachment":[{"href":"https:\/\/lasentinelle.dz\/index.php\/wp-json\/wp\/v2\/media?parent=18608"}],"wp:term":[{"taxonomy":"category","embeddable":true,"href":"https:\/\/lasentinelle.dz\/index.php\/wp-json\/wp\/v2\/categories?post=18608"},{"taxonomy":"post_tag","embeddable":true,"href":"https:\/\/lasentinelle.dz\/index.php\/wp-json\/wp\/v2\/tags?post=18608"}],"curies":[{"name":"wp","href":"https:\/\/api.w.org\/{rel}","templated":true}]}}