{"id":18610,"date":"2022-03-21T00:01:00","date_gmt":"2022-03-20T23:01:00","guid":{"rendered":"https:\/\/lasentinelle.dz\/?p=18610"},"modified":"2022-03-20T17:25:37","modified_gmt":"2022-03-20T16:25:37","slug":"cr-belouizdad-le-chabab-entre-dans-lhistoire-de-la-ldc","status":"publish","type":"post","link":"https:\/\/lasentinelle.dz\/index.php\/2022\/03\/21\/cr-belouizdad-le-chabab-entre-dans-lhistoire-de-la-ldc\/","title":{"rendered":"CR Belouizdad\u00a0\u00a0\u00a0\u00a0:\u00a0Le Chabab entre dans l\u2019histoire\u00a0de la LDC \u00a0"},"content":{"rendered":"\n<p>Au lendemain de la qualification de l\u2019ESS pour les quarts de finale de la Champions League&nbsp;africaine, le CRB lui embo\u00eete le pas&nbsp;<\/p>\n\n\n\n<p>Certes, un point suffisait aux CR Belouizdad pour atteindre les quarts de finale de la Champions League africaine, face \u00e0 l\u2019ES Sahel (Tunisie), au stade du 5-Juillet d\u2019Alger. Cependant, les prot\u00e9g\u00e9s de Marcos Paqueta visaient la victoire, et ils ont r\u00e9ussi \u00e0 dominer outrageusement leurs adversaire du soir&nbsp;pour l\u2019emporter (2-0) et se qualifier, ainsi, au prochain tour avant m\u00eame la derni\u00e8re rencontre face \u00e0 l\u2019autre repr\u00e9sentant tunisien, l\u2019ES Tunis, le 1er avril prochain \u00e0 Rad\u00e8s. Cette derni\u00e8re rencontre de la phase des poules sera la finale pour la premi\u00e8re place entre les deux co-leaders. Samedi soir, le Chabab a d\u00e9but\u00e9 la rencontre en force, en parvenant \u00e0 trouver le chemin des filets d\u00e8s la 3e minute de jeu par l\u2019interm\u00e9diaire de Bouchar, avant une seconde r\u00e9alisation de Belkhir peu apr\u00e8s le quart d\u2019heure de jeu. Ce qu\u2019il y a \u00e0 relever dans cette rencontre, c\u2019est que les Belouizdadis ont su g\u00e9rer la rencontre, notamment sur le plan physique. Ils savent qu\u2019un calendrier d\u00e9mentiel les attend et pour cela, ils ont press\u00e9 haut ce qui a ferm\u00e9 tous les espaces aux Tunisiens et \u00e9conomiser les efforts. La victoire alg\u00e9rienne a \u00e9t\u00e9, de par les avis unanimes, somme toute m\u00e9rit\u00e9e et cela au grand bonheur des supporters. Ces derniers commencent \u00e0 voir grand et esp\u00e8rent un sc\u00e9nario meilleur que celui de la derni\u00e8re \u00e9dition, lorsqu\u2019ils se sont fait \u00e9liminer au stade des quarts de finale par l\u2019ES Tunis.&nbsp;&nbsp;La joie \u00e9tait grande \u00e0 la fin de la rencontre de samedi soir, et les joueurs ont bien f\u00eat\u00e9 cette prouesse avec leurs supporters. Tout le monde estime qu\u2019il s\u2019agit d\u2019une juste r\u00e9compense pour une \u00e9quipe qui, jusque-l\u00e0, reste invaincue en cette phase des poules. Le coach Marcos Paqueta a c\u00e9l\u00e9br\u00e9, lui aussi, cette qualification avec les siens, pour sa premi\u00e8re participation en tant qu\u2019entra\u00eeneur dans cette comp\u00e9tition. Cependant, le Br\u00e9silien a l\u2019esprit dans la prochaine rencontre qui attend les siens ce mercredi, lorsqu\u2019ils recevront le MC Alger, dans le cadre de la mise \u00e0 jour du calendrier. Le coach veut faire le plein dans le maximum de rencontres afin d\u2019atteindre l\u2019objectif assign\u00e9 en championnat, \u00e0 savoir garder le titre pour la troisi\u00e8me fois de suite. Ceci, apr\u00e8s avoir atteint le premier objectif en Champions League, avec cette qualification pour les quarts de finale.&nbsp;&nbsp;Le Chabab est, le moins que l\u2019on puisse dire, sur la bonne voie, au grand bonheur de ses supporters.&nbsp;<\/p>\n\n\n\n<p><strong>Abderrahim Mahious&nbsp;<\/strong><\/p>\n","protected":false},"excerpt":{"rendered":"<p>Au lendemain de la qualification de l\u2019ESS pour les quarts de finale de la Champions League&nbsp;africaine, le CRB lui embo\u00eete<\/p>\n","protected":false},"author":3,"featured_media":18614,"comment_status":"open","ping_status":"closed","sticky":false,"template":"","format":"standard","meta":{"colormag_page_container_layout":"default_layout","colormag_page_sidebar_layout":"default_layout","om_disable_all_campaigns":false,"_monsterinsights_skip_tracking":false,"_monsterinsights_sitenote_active":false,"_monsterinsights_sitenote_note":"","_monsterinsights_sitenote_category":0,"footnotes":"","_wpscppro_dont_share_socialmedia":false,"_wpscppro_custom_social_share_image":0,"_facebook_share_type":"","_twitter_share_type":"","_linkedin_share_type":"","_pinterest_share_type":"","_linkedin_share_type_page":"","_instagram_share_type":"","_medium_share_type":"","_threads_share_type":"","_google_business_share_type":"","_selected_social_profile":[],"_wpsp_enable_custom_social_template":false,"_wpsp_social_scheduling":{"enabled":false,"datetime":null,"platforms":[],"status":"template_only","dateOption":"today","timeOption":"now","customDays":"","customHours":"","customDate":"","customTime":"","schedulingType":"absolute"},"_wpsp_active_default_template":true},"categories":[33],"tags":[],"class_list":["post-18610","post","type-post","status-publish","format-standard","has-post-thumbnail","hentry","category-sports"],"aioseo_notices":[],"yoast_head":"<!-- This site is optimized with the Yoast SEO plugin v27.5 - https:\/\/yoast.com\/product\/yoast-seo-wordpress\/ -->\n<title>CR Belouizdad\u00a0\u00a0\u00a0\u00a0:\u00a0Le Chabab entre dans l\u2019histoire\u00a0de la LDC \u00a0 - La Sentinelle<\/title>\n<meta name=\"robots\" content=\"index, follow, max-snippet:-1, max-image-preview:large, max-video-preview:-1\" \/>\n<link rel=\"canonical\" href=\"https:\/\/lasentinelle.dz\/index.php\/2022\/03\/21\/cr-belouizdad-le-chabab-entre-dans-lhistoire-de-la-ldc\/\" \/>\n<meta property=\"og:locale\" content=\"fr_FR\" \/>\n<meta property=\"og:type\" content=\"article\" \/>\n<meta property=\"og:title\" content=\"CR Belouizdad\u00a0\u00a0\u00a0\u00a0:\u00a0Le Chabab entre dans l\u2019histoire\u00a0de la LDC \u00a0 - La Sentinelle\" \/>\n<meta property=\"og:description\" content=\"Au lendemain de la qualification de l\u2019ESS pour les quarts de finale de la Champions League&nbsp;africaine, le CRB lui embo\u00eete\" \/>\n<meta property=\"og:url\" content=\"https:\/\/lasentinelle.dz\/index.php\/2022\/03\/21\/cr-belouizdad-le-chabab-entre-dans-lhistoire-de-la-ldc\/\" \/>\n<meta property=\"og:site_name\" content=\"La Sentinelle\" \/>\n<meta property=\"article:publisher\" content=\"https:\/\/www.facebook.com\/La-Sentinelle-104059864394773\" \/>\n<meta property=\"article:published_time\" content=\"2022-03-20T23:01:00+00:00\" \/>\n<meta property=\"og:image\" content=\"https:\/\/lasentinelle.dz\/wp-content\/uploads\/2022\/03\/CRB-2.jpeg\" \/>\n\t<meta property=\"og:image:width\" content=\"1825\" \/>\n\t<meta property=\"og:image:height\" content=\"1528\" \/>\n\t<meta property=\"og:image:type\" content=\"image\/jpeg\" \/>\n<meta name=\"author\" content=\"La Sentinelle\" \/>\n<meta name=\"twitter:card\" content=\"summary_large_image\" \/>\n<meta name=\"twitter:label1\" content=\"\u00c9crit par\" \/>\n\t<meta name=\"twitter:data1\" content=\"La Sentinelle\" \/>\n\t<meta name=\"twitter:label2\" content=\"Dur\u00e9e de lecture estim\u00e9e\" \/>\n\t<meta name=\"twitter:data2\" content=\"3 minutes\" \/>\n<script type=\"application\/ld+json\" class=\"yoast-schema-graph\">{\"@context\":\"https:\\\/\\\/schema.org\",\"@graph\":[{\"@type\":\"Article\",\"@id\":\"https:\\\/\\\/lasentinelle.dz\\\/index.php\\\/2022\\\/03\\\/21\\\/cr-belouizdad-le-chabab-entre-dans-lhistoire-de-la-ldc\\\/#article\",\"isPartOf\":{\"@id\":\"https:\\\/\\\/lasentinelle.dz\\\/index.php\\\/2022\\\/03\\\/21\\\/cr-belouizdad-le-chabab-entre-dans-lhistoire-de-la-ldc\\\/\"},\"author\":{\"name\":\"La Sentinelle\",\"@id\":\"https:\\\/\\\/lasentinelle.dz\\\/#\\\/schema\\\/person\\\/d865044e22e70a75174ce8bcad3acfb3\"},\"headline\":\"CR Belouizdad\u00a0\u00a0\u00a0\u00a0:\u00a0Le Chabab entre dans l\u2019histoire\u00a0de la LDC \u00a0\",\"datePublished\":\"2022-03-20T23:01:00+00:00\",\"mainEntityOfPage\":{\"@id\":\"https:\\\/\\\/lasentinelle.dz\\\/index.php\\\/2022\\\/03\\\/21\\\/cr-belouizdad-le-chabab-entre-dans-lhistoire-de-la-ldc\\\/\"},\"wordCount\":490,\"commentCount\":0,\"publisher\":{\"@id\":\"https:\\\/\\\/lasentinelle.dz\\\/#organization\"},\"image\":{\"@id\":\"https:\\\/\\\/lasentinelle.dz\\\/index.php\\\/2022\\\/03\\\/21\\\/cr-belouizdad-le-chabab-entre-dans-lhistoire-de-la-ldc\\\/#primaryimage\"},\"thumbnailUrl\":\"https:\\\/\\\/lasentinelle.dz\\\/wp-content\\\/uploads\\\/2022\\\/03\\\/CRB-2.jpeg\",\"articleSection\":[\"Sports\"],\"inLanguage\":\"fr-FR\",\"potentialAction\":[{\"@type\":\"CommentAction\",\"name\":\"Comment\",\"target\":[\"https:\\\/\\\/lasentinelle.dz\\\/index.php\\\/2022\\\/03\\\/21\\\/cr-belouizdad-le-chabab-entre-dans-lhistoire-de-la-ldc\\\/#respond\"]}]},{\"@type\":\"WebPage\",\"@id\":\"https:\\\/\\\/lasentinelle.dz\\\/index.php\\\/2022\\\/03\\\/21\\\/cr-belouizdad-le-chabab-entre-dans-lhistoire-de-la-ldc\\\/\",\"url\":\"https:\\\/\\\/lasentinelle.dz\\\/index.php\\\/2022\\\/03\\\/21\\\/cr-belouizdad-le-chabab-entre-dans-lhistoire-de-la-ldc\\\/\",\"name\":\"CR Belouizdad\u00a0\u00a0\u00a0\u00a0:\u00a0Le Chabab entre dans l\u2019histoire\u00a0de la LDC \u00a0 - La Sentinelle\",\"isPartOf\":{\"@id\":\"https:\\\/\\\/lasentinelle.dz\\\/#website\"},\"primaryImageOfPage\":{\"@id\":\"https:\\\/\\\/lasentinelle.dz\\\/index.php\\\/2022\\\/03\\\/21\\\/cr-belouizdad-le-chabab-entre-dans-lhistoire-de-la-ldc\\\/#primaryimage\"},\"image\":{\"@id\":\"https:\\\/\\\/lasentinelle.dz\\\/index.php\\\/2022\\\/03\\\/21\\\/cr-belouizdad-le-chabab-entre-dans-lhistoire-de-la-ldc\\\/#primaryimage\"},\"thumbnailUrl\":\"https:\\\/\\\/lasentinelle.dz\\\/wp-content\\\/uploads\\\/2022\\\/03\\\/CRB-2.jpeg\",\"datePublished\":\"2022-03-20T23:01:00+00:00\",\"breadcrumb\":{\"@id\":\"https:\\\/\\\/lasentinelle.dz\\\/index.php\\\/2022\\\/03\\\/21\\\/cr-belouizdad-le-chabab-entre-dans-lhistoire-de-la-ldc\\\/#breadcrumb\"},\"inLanguage\":\"fr-FR\",\"potentialAction\":[{\"@type\":\"ReadAction\",\"target\":[\"https:\\\/\\\/lasentinelle.dz\\\/index.php\\\/2022\\\/03\\\/21\\\/cr-belouizdad-le-chabab-entre-dans-lhistoire-de-la-ldc\\\/\"]}]},{\"@type\":\"ImageObject\",\"inLanguage\":\"fr-FR\",\"@id\":\"https:\\\/\\\/lasentinelle.dz\\\/index.php\\\/2022\\\/03\\\/21\\\/cr-belouizdad-le-chabab-entre-dans-lhistoire-de-la-ldc\\\/#primaryimage\",\"url\":\"https:\\\/\\\/lasentinelle.dz\\\/wp-content\\\/uploads\\\/2022\\\/03\\\/CRB-2.jpeg\",\"contentUrl\":\"https:\\\/\\\/lasentinelle.dz\\\/wp-content\\\/uploads\\\/2022\\\/03\\\/CRB-2.jpeg\",\"width\":1825,\"height\":1528},{\"@type\":\"BreadcrumbList\",\"@id\":\"https:\\\/\\\/lasentinelle.dz\\\/index.php\\\/2022\\\/03\\\/21\\\/cr-belouizdad-le-chabab-entre-dans-lhistoire-de-la-ldc\\\/#breadcrumb\",\"itemListElement\":[{\"@type\":\"ListItem\",\"position\":1,\"name\":\"Accueil\",\"item\":\"https:\\\/\\\/lasentinelle.dz\\\/\"},{\"@type\":\"ListItem\",\"position\":2,\"name\":\"CR Belouizdad\u00a0\u00a0\u00a0\u00a0:\u00a0Le Chabab entre dans l\u2019histoire\u00a0de la LDC \u00a0\"}]},{\"@type\":\"WebSite\",\"@id\":\"https:\\\/\\\/lasentinelle.dz\\\/#website\",\"url\":\"https:\\\/\\\/lasentinelle.dz\\\/\",\"name\":\"La Sentinelle\",\"description\":\"Quotidien national d&#039;information\",\"publisher\":{\"@id\":\"https:\\\/\\\/lasentinelle.dz\\\/#organization\"},\"potentialAction\":[{\"@type\":\"SearchAction\",\"target\":{\"@type\":\"EntryPoint\",\"urlTemplate\":\"https:\\\/\\\/lasentinelle.dz\\\/?s={search_term_string}\"},\"query-input\":{\"@type\":\"PropertyValueSpecification\",\"valueRequired\":true,\"valueName\":\"search_term_string\"}}],\"inLanguage\":\"fr-FR\"},{\"@type\":\"Organization\",\"@id\":\"https:\\\/\\\/lasentinelle.dz\\\/#organization\",\"name\":\"Quotidien La Sentinelle\",\"url\":\"https:\\\/\\\/lasentinelle.dz\\\/\",\"logo\":{\"@type\":\"ImageObject\",\"inLanguage\":\"fr-FR\",\"@id\":\"https:\\\/\\\/lasentinelle.dz\\\/#\\\/schema\\\/logo\\\/image\\\/\",\"url\":\"https:\\\/\\\/lasentinelle.dz\\\/wp-content\\\/uploads\\\/2021\\\/09\\\/logo-sentinelleSLOGAN-1.png\",\"contentUrl\":\"https:\\\/\\\/lasentinelle.dz\\\/wp-content\\\/uploads\\\/2021\\\/09\\\/logo-sentinelleSLOGAN-1.png\",\"width\":615,\"height\":142,\"caption\":\"Quotidien La Sentinelle\"},\"image\":{\"@id\":\"https:\\\/\\\/lasentinelle.dz\\\/#\\\/schema\\\/logo\\\/image\\\/\"},\"sameAs\":[\"https:\\\/\\\/www.facebook.com\\\/La-Sentinelle-104059864394773\"]},{\"@type\":\"Person\",\"@id\":\"https:\\\/\\\/lasentinelle.dz\\\/#\\\/schema\\\/person\\\/d865044e22e70a75174ce8bcad3acfb3\",\"name\":\"La Sentinelle\",\"image\":{\"@type\":\"ImageObject\",\"inLanguage\":\"fr-FR\",\"@id\":\"https:\\\/\\\/secure.gravatar.com\\\/avatar\\\/57de8e5d4b15d43fb361a71fbb36338450fe67865b528a43dd10ef7c51a20392?s=96&d=mm&r=g\",\"url\":\"https:\\\/\\\/secure.gravatar.com\\\/avatar\\\/57de8e5d4b15d43fb361a71fbb36338450fe67865b528a43dd10ef7c51a20392?s=96&d=mm&r=g\",\"contentUrl\":\"https:\\\/\\\/secure.gravatar.com\\\/avatar\\\/57de8e5d4b15d43fb361a71fbb36338450fe67865b528a43dd10ef7c51a20392?s=96&d=mm&r=g\",\"caption\":\"La Sentinelle\"},\"sameAs\":[\"http:\\\/\\\/www.lasentinelle.dz\"],\"url\":\"https:\\\/\\\/lasentinelle.dz\\\/author\\\/redaction\\\/\"}]}<\/script>\n<!-- \/ Yoast SEO plugin. -->","yoast_head_json":{"title":"CR Belouizdad\u00a0\u00a0\u00a0\u00a0:\u00a0Le Chabab entre dans l\u2019histoire\u00a0de la LDC \u00a0 - La Sentinelle","robots":{"index":"index","follow":"follow","max-snippet":"max-snippet:-1","max-image-preview":"max-image-preview:large","max-video-preview":"max-video-preview:-1"},"canonical":"https:\/\/lasentinelle.dz\/index.php\/2022\/03\/21\/cr-belouizdad-le-chabab-entre-dans-lhistoire-de-la-ldc\/","og_locale":"fr_FR","og_type":"article","og_title":"CR Belouizdad\u00a0\u00a0\u00a0\u00a0:\u00a0Le Chabab entre dans l\u2019histoire\u00a0de la LDC \u00a0 - La Sentinelle","og_description":"Au lendemain de la qualification de l\u2019ESS pour les quarts de finale de la Champions League&nbsp;africaine, le CRB lui embo\u00eete","og_url":"https:\/\/lasentinelle.dz\/index.php\/2022\/03\/21\/cr-belouizdad-le-chabab-entre-dans-lhistoire-de-la-ldc\/","og_site_name":"La Sentinelle","article_publisher":"https:\/\/www.facebook.com\/La-Sentinelle-104059864394773","article_published_time":"2022-03-20T23:01:00+00:00","og_image":[{"width":1825,"height":1528,"url":"https:\/\/lasentinelle.dz\/wp-content\/uploads\/2022\/03\/CRB-2.jpeg","type":"image\/jpeg"}],"author":"La Sentinelle","twitter_card":"summary_large_image","twitter_misc":{"\u00c9crit par":"La Sentinelle","Dur\u00e9e de lecture estim\u00e9e":"3 minutes"},"schema":{"@context":"https:\/\/schema.org","@graph":[{"@type":"Article","@id":"https:\/\/lasentinelle.dz\/index.php\/2022\/03\/21\/cr-belouizdad-le-chabab-entre-dans-lhistoire-de-la-ldc\/#article","isPartOf":{"@id":"https:\/\/lasentinelle.dz\/index.php\/2022\/03\/21\/cr-belouizdad-le-chabab-entre-dans-lhistoire-de-la-ldc\/"},"author":{"name":"La Sentinelle","@id":"https:\/\/lasentinelle.dz\/#\/schema\/person\/d865044e22e70a75174ce8bcad3acfb3"},"headline":"CR Belouizdad\u00a0\u00a0\u00a0\u00a0:\u00a0Le Chabab entre dans l\u2019histoire\u00a0de la LDC \u00a0","datePublished":"2022-03-20T23:01:00+00:00","mainEntityOfPage":{"@id":"https:\/\/lasentinelle.dz\/index.php\/2022\/03\/21\/cr-belouizdad-le-chabab-entre-dans-lhistoire-de-la-ldc\/"},"wordCount":490,"commentCount":0,"publisher":{"@id":"https:\/\/lasentinelle.dz\/#organization"},"image":{"@id":"https:\/\/lasentinelle.dz\/index.php\/2022\/03\/21\/cr-belouizdad-le-chabab-entre-dans-lhistoire-de-la-ldc\/#primaryimage"},"thumbnailUrl":"https:\/\/lasentinelle.dz\/wp-content\/uploads\/2022\/03\/CRB-2.jpeg","articleSection":["Sports"],"inLanguage":"fr-FR","potentialAction":[{"@type":"CommentAction","name":"Comment","target":["https:\/\/lasentinelle.dz\/index.php\/2022\/03\/21\/cr-belouizdad-le-chabab-entre-dans-lhistoire-de-la-ldc\/#respond"]}]},{"@type":"WebPage","@id":"https:\/\/lasentinelle.dz\/index.php\/2022\/03\/21\/cr-belouizdad-le-chabab-entre-dans-lhistoire-de-la-ldc\/","url":"https:\/\/lasentinelle.dz\/index.php\/2022\/03\/21\/cr-belouizdad-le-chabab-entre-dans-lhistoire-de-la-ldc\/","name":"CR Belouizdad\u00a0\u00a0\u00a0\u00a0:\u00a0Le Chabab entre dans l\u2019histoire\u00a0de la LDC \u00a0 - La Sentinelle","isPartOf":{"@id":"https:\/\/lasentinelle.dz\/#website"},"primaryImageOfPage":{"@id":"https:\/\/lasentinelle.dz\/index.php\/2022\/03\/21\/cr-belouizdad-le-chabab-entre-dans-lhistoire-de-la-ldc\/#primaryimage"},"image":{"@id":"https:\/\/lasentinelle.dz\/index.php\/2022\/03\/21\/cr-belouizdad-le-chabab-entre-dans-lhistoire-de-la-ldc\/#primaryimage"},"thumbnailUrl":"https:\/\/lasentinelle.dz\/wp-content\/uploads\/2022\/03\/CRB-2.jpeg","datePublished":"2022-03-20T23:01:00+00:00","breadcrumb":{"@id":"https:\/\/lasentinelle.dz\/index.php\/2022\/03\/21\/cr-belouizdad-le-chabab-entre-dans-lhistoire-de-la-ldc\/#breadcrumb"},"inLanguage":"fr-FR","potentialAction":[{"@type":"ReadAction","target":["https:\/\/lasentinelle.dz\/index.php\/2022\/03\/21\/cr-belouizdad-le-chabab-entre-dans-lhistoire-de-la-ldc\/"]}]},{"@type":"ImageObject","inLanguage":"fr-FR","@id":"https:\/\/lasentinelle.dz\/index.php\/2022\/03\/21\/cr-belouizdad-le-chabab-entre-dans-lhistoire-de-la-ldc\/#primaryimage","url":"https:\/\/lasentinelle.dz\/wp-content\/uploads\/2022\/03\/CRB-2.jpeg","contentUrl":"https:\/\/lasentinelle.dz\/wp-content\/uploads\/2022\/03\/CRB-2.jpeg","width":1825,"height":1528},{"@type":"BreadcrumbList","@id":"https:\/\/lasentinelle.dz\/index.php\/2022\/03\/21\/cr-belouizdad-le-chabab-entre-dans-lhistoire-de-la-ldc\/#breadcrumb","itemListElement":[{"@type":"ListItem","position":1,"name":"Accueil","item":"https:\/\/lasentinelle.dz\/"},{"@type":"ListItem","position":2,"name":"CR Belouizdad\u00a0\u00a0\u00a0\u00a0:\u00a0Le Chabab entre dans l\u2019histoire\u00a0de la LDC \u00a0"}]},{"@type":"WebSite","@id":"https:\/\/lasentinelle.dz\/#website","url":"https:\/\/lasentinelle.dz\/","name":"La Sentinelle","description":"Quotidien national d&#039;information","publisher":{"@id":"https:\/\/lasentinelle.dz\/#organization"},"potentialAction":[{"@type":"SearchAction","target":{"@type":"EntryPoint","urlTemplate":"https:\/\/lasentinelle.dz\/?s={search_term_string}"},"query-input":{"@type":"PropertyValueSpecification","valueRequired":true,"valueName":"search_term_string"}}],"inLanguage":"fr-FR"},{"@type":"Organization","@id":"https:\/\/lasentinelle.dz\/#organization","name":"Quotidien La Sentinelle","url":"https:\/\/lasentinelle.dz\/","logo":{"@type":"ImageObject","inLanguage":"fr-FR","@id":"https:\/\/lasentinelle.dz\/#\/schema\/logo\/image\/","url":"https:\/\/lasentinelle.dz\/wp-content\/uploads\/2021\/09\/logo-sentinelleSLOGAN-1.png","contentUrl":"https:\/\/lasentinelle.dz\/wp-content\/uploads\/2021\/09\/logo-sentinelleSLOGAN-1.png","width":615,"height":142,"caption":"Quotidien La Sentinelle"},"image":{"@id":"https:\/\/lasentinelle.dz\/#\/schema\/logo\/image\/"},"sameAs":["https:\/\/www.facebook.com\/La-Sentinelle-104059864394773"]},{"@type":"Person","@id":"https:\/\/lasentinelle.dz\/#\/schema\/person\/d865044e22e70a75174ce8bcad3acfb3","name":"La Sentinelle","image":{"@type":"ImageObject","inLanguage":"fr-FR","@id":"https:\/\/secure.gravatar.com\/avatar\/57de8e5d4b15d43fb361a71fbb36338450fe67865b528a43dd10ef7c51a20392?s=96&d=mm&r=g","url":"https:\/\/secure.gravatar.com\/avatar\/57de8e5d4b15d43fb361a71fbb36338450fe67865b528a43dd10ef7c51a20392?s=96&d=mm&r=g","contentUrl":"https:\/\/secure.gravatar.com\/avatar\/57de8e5d4b15d43fb361a71fbb36338450fe67865b528a43dd10ef7c51a20392?s=96&d=mm&r=g","caption":"La Sentinelle"},"sameAs":["http:\/\/www.lasentinelle.dz"],"url":"https:\/\/lasentinelle.dz\/author\/redaction\/"}]}},"_links":{"self":[{"href":"https:\/\/lasentinelle.dz\/index.php\/wp-json\/wp\/v2\/posts\/18610","targetHints":{"allow":["GET"]}}],"collection":[{"href":"https:\/\/lasentinelle.dz\/index.php\/wp-json\/wp\/v2\/posts"}],"about":[{"href":"https:\/\/lasentinelle.dz\/index.php\/wp-json\/wp\/v2\/types\/post"}],"author":[{"embeddable":true,"href":"https:\/\/lasentinelle.dz\/index.php\/wp-json\/wp\/v2\/users\/3"}],"replies":[{"embeddable":true,"href":"https:\/\/lasentinelle.dz\/index.php\/wp-json\/wp\/v2\/comments?post=18610"}],"version-history":[{"count":1,"href":"https:\/\/lasentinelle.dz\/index.php\/wp-json\/wp\/v2\/posts\/18610\/revisions"}],"predecessor-version":[{"id":18616,"href":"https:\/\/lasentinelle.dz\/index.php\/wp-json\/wp\/v2\/posts\/18610\/revisions\/18616"}],"wp:featuredmedia":[{"embeddable":true,"href":"https:\/\/lasentinelle.dz\/index.php\/wp-json\/wp\/v2\/media\/18614"}],"wp:attachment":[{"href":"https:\/\/lasentinelle.dz\/index.php\/wp-json\/wp\/v2\/media?parent=18610"}],"wp:term":[{"taxonomy":"category","embeddable":true,"href":"https:\/\/lasentinelle.dz\/index.php\/wp-json\/wp\/v2\/categories?post=18610"},{"taxonomy":"post_tag","embeddable":true,"href":"https:\/\/lasentinelle.dz\/index.php\/wp-json\/wp\/v2\/tags?post=18610"}],"curies":[{"name":"wp","href":"https:\/\/api.w.org\/{rel}","templated":true}]}}