{"id":18611,"date":"2022-03-21T00:01:00","date_gmt":"2022-03-20T23:01:00","guid":{"rendered":"https:\/\/lasentinelle.dz\/?p=18611"},"modified":"2022-03-20T17:25:50","modified_gmt":"2022-03-20T16:25:50","slug":"ligue-1-22e-journee-le-mca-rate-la-premiere-place","status":"publish","type":"post","link":"https:\/\/lasentinelle.dz\/index.php\/2022\/03\/21\/ligue-1-22e-journee-le-mca-rate-la-premiere-place\/","title":{"rendered":"Ligue 1 (22e journ\u00e9e)\u00a0:\u00a0Le MCA rate la premi\u00e8re place"},"content":{"rendered":"\n<p>Le nombre important de matchs en retard cumul\u00e9s par le CRB aurait pu faire le bonheur du MC Alger, mais loin s\u2019en faut.&nbsp;&nbsp;<\/p>\n\n\n\n<p>Le Paradou AC a r\u00e9ussi une des meilleures op\u00e9rations de la 22e journ\u00e9e de Ligue 1, en s&#8217;emparant provisoirement de la troisi\u00e8me place au classement g\u00e9n\u00e9ral, apr\u00e8s son pr\u00e9cieux succ\u00e8s samedi chez le WA Tlemcen (3-1), au moment o\u00f9 le MC Alger a rat\u00e9 une excellente occasion de prendre temporairement la premi\u00e8re place, apr\u00e8s s&rsquo;\u00eatre content\u00e9 d&rsquo;un nul (0-0) \u00e0 domicile contre le CS Constantine. Gr\u00e2ce \u00e0 leur large victoire en d\u00e9placement, les Pacistes ont port\u00e9 en effet leur capital \u00e0 39 points&nbsp;&nbsp;soit \u00e0 seulement trois longueurs du leader, le CR Belouizdad (43 pts), qui compte cependant trois matchs en moins. Le nombre important de matchs en retard cumul\u00e9s par le Chabab en raison de sa participation \u00e0 la LDC aurait pu faire le bonheur du MC Alger, car lui procurant la possibilit\u00e9 de prendre provisoirement les commandes de la Ligue 1 en cas de victoire contre le CSC. Finalement, le Mouloudia s&rsquo;est content\u00e9 d&rsquo;un nul vierge face aux Sanafir, ce qui a fini par tout remettre en cause. Autres bonnes op\u00e9rations r\u00e9alis\u00e9es samedi, celles des mal-class\u00e9s ASO Chlef et NC Magra, ayant remport\u00e9 l&rsquo;un comme l&rsquo;autre une pr\u00e9cieuse victoire dans la course au maintien. En effet, l&rsquo;ASO s&rsquo;est provisoirement hiss\u00e9e \u00e0 la 10e place du classement, avec 30 points, apr\u00e8s sa victoire (2-0) contre le RC Arba\u00e2, que le NCM a rejoint \u00e0 \u00e9galit\u00e9 avec 26 points, apr\u00e8s sa victoire (2-0) contre l&rsquo;O M\u00e9d\u00e9a. Vendredi, en ouverture de cette 22e journ\u00e9e, c&rsquo;est le HB Chelghoum-La\u00efd qui avait r\u00e9alis\u00e9 la meilleure affaire, en quittant la zone rouge, apr\u00e8s sa victoire \u00e0 domicile contre l&rsquo;US Biskra (3-1). Un pr\u00e9cieux succ\u00e8s qui lui procure deux longueurs d&rsquo;avance sur le premier rel\u00e9guable, le NA Hussein-Dey, qui pourtant avait r\u00e9ussi \u00e0 ramener un bon nul (0-0) de son d\u00e9placement chez le MC Oran. De son c\u00f4t\u00e9, le RC Relizane a plus moins bien r\u00e9agi apr\u00e8s la claque subie le week-end dernier chez le MC Alger (2-8), en imposant un nul vierge \u00e0 l&rsquo;USM Alger. Une nouvelle contreperformance des Alg\u00e9rois qui restent sur une s\u00e9rie de quatre matchs sans victoire et surtout, deux petit-buts inscrits sur penalties lors des sept derniers matchs. Des r\u00e9sultats mitig\u00e9s, qui montrent on ne peut mieux que les co\u00e9quipiers du capitaine Zemmamouche traversent une mauvaise passe depuis l&rsquo;arriv\u00e9e de leur nouvel entraineur, le Serbe Zlatko Krmpotic. Avec cet \u00e9ni\u00e8me nul vierge, le troisi\u00e8me de rang, l&rsquo;USMA rejoint provisoirement la JS&nbsp;&nbsp;Kabylie et la JS Saoura \u00e0 la quatri\u00e8me place, avec 36 points pour chaque club. Les p\u00e9rip\u00e9ties de cette 22e journ\u00e9e ont \u00e9t\u00e9 tronqu\u00e9es de deux matchs : JS Kabylie &#8211; JS Saoura et CR Belouizdad &#8211; ES S\u00e9tif, report\u00e9s \u00e0 des dates ult\u00e9rieures.&nbsp;&nbsp;<\/p>\n\n\n\n<p><strong>R.S.<\/strong><\/p>\n","protected":false},"excerpt":{"rendered":"<p>Le nombre important de matchs en retard cumul\u00e9s par le CRB aurait pu faire le bonheur du MC Alger, mais<\/p>\n","protected":false},"author":3,"featured_media":18617,"comment_status":"open","ping_status":"closed","sticky":false,"template":"","format":"standard","meta":{"colormag_page_container_layout":"default_layout","colormag_page_sidebar_layout":"default_layout","om_disable_all_campaigns":false,"_monsterinsights_skip_tracking":false,"_monsterinsights_sitenote_active":false,"_monsterinsights_sitenote_note":"","_monsterinsights_sitenote_category":0,"footnotes":"","_wpscppro_dont_share_socialmedia":false,"_wpscppro_custom_social_share_image":0,"_facebook_share_type":"","_twitter_share_type":"","_linkedin_share_type":"","_pinterest_share_type":"","_linkedin_share_type_page":"","_instagram_share_type":"","_medium_share_type":"","_threads_share_type":"","_google_business_share_type":"","_selected_social_profile":[],"_wpsp_enable_custom_social_template":false,"_wpsp_social_scheduling":{"enabled":false,"datetime":null,"platforms":[],"status":"template_only","dateOption":"today","timeOption":"now","customDays":"","customHours":"","customDate":"","customTime":"","schedulingType":"absolute"},"_wpsp_active_default_template":true},"categories":[33],"tags":[],"class_list":["post-18611","post","type-post","status-publish","format-standard","has-post-thumbnail","hentry","category-sports"],"aioseo_notices":[],"yoast_head":"<!-- This site is optimized with the Yoast SEO plugin v27.5 - https:\/\/yoast.com\/product\/yoast-seo-wordpress\/ -->\n<title>Ligue 1 (22e journ\u00e9e)\u00a0:\u00a0Le MCA rate la premi\u00e8re place - La Sentinelle<\/title>\n<meta name=\"robots\" content=\"index, follow, max-snippet:-1, max-image-preview:large, max-video-preview:-1\" \/>\n<link rel=\"canonical\" href=\"https:\/\/lasentinelle.dz\/index.php\/2022\/03\/21\/ligue-1-22e-journee-le-mca-rate-la-premiere-place\/\" \/>\n<meta property=\"og:locale\" content=\"fr_FR\" \/>\n<meta property=\"og:type\" content=\"article\" \/>\n<meta property=\"og:title\" content=\"Ligue 1 (22e journ\u00e9e)\u00a0:\u00a0Le MCA rate la premi\u00e8re place - La Sentinelle\" \/>\n<meta property=\"og:description\" content=\"Le nombre important de matchs en retard cumul\u00e9s par le CRB aurait pu faire le bonheur du MC Alger, mais\" \/>\n<meta property=\"og:url\" content=\"https:\/\/lasentinelle.dz\/index.php\/2022\/03\/21\/ligue-1-22e-journee-le-mca-rate-la-premiere-place\/\" \/>\n<meta property=\"og:site_name\" content=\"La Sentinelle\" \/>\n<meta property=\"article:publisher\" content=\"https:\/\/www.facebook.com\/La-Sentinelle-104059864394773\" \/>\n<meta property=\"article:published_time\" content=\"2022-03-20T23:01:00+00:00\" \/>\n<meta property=\"og:image\" content=\"https:\/\/lasentinelle.dz\/wp-content\/uploads\/2022\/03\/mca-2.jpeg\" \/>\n\t<meta property=\"og:image:width\" content=\"2048\" \/>\n\t<meta property=\"og:image:height\" content=\"1412\" \/>\n\t<meta property=\"og:image:type\" content=\"image\/jpeg\" \/>\n<meta name=\"author\" content=\"La Sentinelle\" \/>\n<meta name=\"twitter:card\" content=\"summary_large_image\" \/>\n<meta name=\"twitter:label1\" content=\"\u00c9crit par\" \/>\n\t<meta name=\"twitter:data1\" content=\"La Sentinelle\" \/>\n\t<meta name=\"twitter:label2\" content=\"Dur\u00e9e de lecture estim\u00e9e\" \/>\n\t<meta name=\"twitter:data2\" content=\"3 minutes\" \/>\n<script type=\"application\/ld+json\" class=\"yoast-schema-graph\">{\"@context\":\"https:\\\/\\\/schema.org\",\"@graph\":[{\"@type\":\"Article\",\"@id\":\"https:\\\/\\\/lasentinelle.dz\\\/index.php\\\/2022\\\/03\\\/21\\\/ligue-1-22e-journee-le-mca-rate-la-premiere-place\\\/#article\",\"isPartOf\":{\"@id\":\"https:\\\/\\\/lasentinelle.dz\\\/index.php\\\/2022\\\/03\\\/21\\\/ligue-1-22e-journee-le-mca-rate-la-premiere-place\\\/\"},\"author\":{\"name\":\"La Sentinelle\",\"@id\":\"https:\\\/\\\/lasentinelle.dz\\\/#\\\/schema\\\/person\\\/d865044e22e70a75174ce8bcad3acfb3\"},\"headline\":\"Ligue 1 (22e journ\u00e9e)\u00a0:\u00a0Le MCA rate la premi\u00e8re place\",\"datePublished\":\"2022-03-20T23:01:00+00:00\",\"mainEntityOfPage\":{\"@id\":\"https:\\\/\\\/lasentinelle.dz\\\/index.php\\\/2022\\\/03\\\/21\\\/ligue-1-22e-journee-le-mca-rate-la-premiere-place\\\/\"},\"wordCount\":539,\"commentCount\":0,\"publisher\":{\"@id\":\"https:\\\/\\\/lasentinelle.dz\\\/#organization\"},\"image\":{\"@id\":\"https:\\\/\\\/lasentinelle.dz\\\/index.php\\\/2022\\\/03\\\/21\\\/ligue-1-22e-journee-le-mca-rate-la-premiere-place\\\/#primaryimage\"},\"thumbnailUrl\":\"https:\\\/\\\/lasentinelle.dz\\\/wp-content\\\/uploads\\\/2022\\\/03\\\/mca-2.jpeg\",\"articleSection\":[\"Sports\"],\"inLanguage\":\"fr-FR\",\"potentialAction\":[{\"@type\":\"CommentAction\",\"name\":\"Comment\",\"target\":[\"https:\\\/\\\/lasentinelle.dz\\\/index.php\\\/2022\\\/03\\\/21\\\/ligue-1-22e-journee-le-mca-rate-la-premiere-place\\\/#respond\"]}]},{\"@type\":\"WebPage\",\"@id\":\"https:\\\/\\\/lasentinelle.dz\\\/index.php\\\/2022\\\/03\\\/21\\\/ligue-1-22e-journee-le-mca-rate-la-premiere-place\\\/\",\"url\":\"https:\\\/\\\/lasentinelle.dz\\\/index.php\\\/2022\\\/03\\\/21\\\/ligue-1-22e-journee-le-mca-rate-la-premiere-place\\\/\",\"name\":\"Ligue 1 (22e journ\u00e9e)\u00a0:\u00a0Le MCA rate la premi\u00e8re place - La Sentinelle\",\"isPartOf\":{\"@id\":\"https:\\\/\\\/lasentinelle.dz\\\/#website\"},\"primaryImageOfPage\":{\"@id\":\"https:\\\/\\\/lasentinelle.dz\\\/index.php\\\/2022\\\/03\\\/21\\\/ligue-1-22e-journee-le-mca-rate-la-premiere-place\\\/#primaryimage\"},\"image\":{\"@id\":\"https:\\\/\\\/lasentinelle.dz\\\/index.php\\\/2022\\\/03\\\/21\\\/ligue-1-22e-journee-le-mca-rate-la-premiere-place\\\/#primaryimage\"},\"thumbnailUrl\":\"https:\\\/\\\/lasentinelle.dz\\\/wp-content\\\/uploads\\\/2022\\\/03\\\/mca-2.jpeg\",\"datePublished\":\"2022-03-20T23:01:00+00:00\",\"breadcrumb\":{\"@id\":\"https:\\\/\\\/lasentinelle.dz\\\/index.php\\\/2022\\\/03\\\/21\\\/ligue-1-22e-journee-le-mca-rate-la-premiere-place\\\/#breadcrumb\"},\"inLanguage\":\"fr-FR\",\"potentialAction\":[{\"@type\":\"ReadAction\",\"target\":[\"https:\\\/\\\/lasentinelle.dz\\\/index.php\\\/2022\\\/03\\\/21\\\/ligue-1-22e-journee-le-mca-rate-la-premiere-place\\\/\"]}]},{\"@type\":\"ImageObject\",\"inLanguage\":\"fr-FR\",\"@id\":\"https:\\\/\\\/lasentinelle.dz\\\/index.php\\\/2022\\\/03\\\/21\\\/ligue-1-22e-journee-le-mca-rate-la-premiere-place\\\/#primaryimage\",\"url\":\"https:\\\/\\\/lasentinelle.dz\\\/wp-content\\\/uploads\\\/2022\\\/03\\\/mca-2.jpeg\",\"contentUrl\":\"https:\\\/\\\/lasentinelle.dz\\\/wp-content\\\/uploads\\\/2022\\\/03\\\/mca-2.jpeg\",\"width\":2048,\"height\":1412},{\"@type\":\"BreadcrumbList\",\"@id\":\"https:\\\/\\\/lasentinelle.dz\\\/index.php\\\/2022\\\/03\\\/21\\\/ligue-1-22e-journee-le-mca-rate-la-premiere-place\\\/#breadcrumb\",\"itemListElement\":[{\"@type\":\"ListItem\",\"position\":1,\"name\":\"Accueil\",\"item\":\"https:\\\/\\\/lasentinelle.dz\\\/\"},{\"@type\":\"ListItem\",\"position\":2,\"name\":\"Ligue 1 (22e journ\u00e9e)\u00a0:\u00a0Le MCA rate la premi\u00e8re place\"}]},{\"@type\":\"WebSite\",\"@id\":\"https:\\\/\\\/lasentinelle.dz\\\/#website\",\"url\":\"https:\\\/\\\/lasentinelle.dz\\\/\",\"name\":\"La Sentinelle\",\"description\":\"Quotidien national d&#039;information\",\"publisher\":{\"@id\":\"https:\\\/\\\/lasentinelle.dz\\\/#organization\"},\"potentialAction\":[{\"@type\":\"SearchAction\",\"target\":{\"@type\":\"EntryPoint\",\"urlTemplate\":\"https:\\\/\\\/lasentinelle.dz\\\/?s={search_term_string}\"},\"query-input\":{\"@type\":\"PropertyValueSpecification\",\"valueRequired\":true,\"valueName\":\"search_term_string\"}}],\"inLanguage\":\"fr-FR\"},{\"@type\":\"Organization\",\"@id\":\"https:\\\/\\\/lasentinelle.dz\\\/#organization\",\"name\":\"Quotidien La Sentinelle\",\"url\":\"https:\\\/\\\/lasentinelle.dz\\\/\",\"logo\":{\"@type\":\"ImageObject\",\"inLanguage\":\"fr-FR\",\"@id\":\"https:\\\/\\\/lasentinelle.dz\\\/#\\\/schema\\\/logo\\\/image\\\/\",\"url\":\"https:\\\/\\\/lasentinelle.dz\\\/wp-content\\\/uploads\\\/2021\\\/09\\\/logo-sentinelleSLOGAN-1.png\",\"contentUrl\":\"https:\\\/\\\/lasentinelle.dz\\\/wp-content\\\/uploads\\\/2021\\\/09\\\/logo-sentinelleSLOGAN-1.png\",\"width\":615,\"height\":142,\"caption\":\"Quotidien La Sentinelle\"},\"image\":{\"@id\":\"https:\\\/\\\/lasentinelle.dz\\\/#\\\/schema\\\/logo\\\/image\\\/\"},\"sameAs\":[\"https:\\\/\\\/www.facebook.com\\\/La-Sentinelle-104059864394773\"]},{\"@type\":\"Person\",\"@id\":\"https:\\\/\\\/lasentinelle.dz\\\/#\\\/schema\\\/person\\\/d865044e22e70a75174ce8bcad3acfb3\",\"name\":\"La Sentinelle\",\"image\":{\"@type\":\"ImageObject\",\"inLanguage\":\"fr-FR\",\"@id\":\"https:\\\/\\\/secure.gravatar.com\\\/avatar\\\/57de8e5d4b15d43fb361a71fbb36338450fe67865b528a43dd10ef7c51a20392?s=96&d=mm&r=g\",\"url\":\"https:\\\/\\\/secure.gravatar.com\\\/avatar\\\/57de8e5d4b15d43fb361a71fbb36338450fe67865b528a43dd10ef7c51a20392?s=96&d=mm&r=g\",\"contentUrl\":\"https:\\\/\\\/secure.gravatar.com\\\/avatar\\\/57de8e5d4b15d43fb361a71fbb36338450fe67865b528a43dd10ef7c51a20392?s=96&d=mm&r=g\",\"caption\":\"La Sentinelle\"},\"sameAs\":[\"http:\\\/\\\/www.lasentinelle.dz\"],\"url\":\"https:\\\/\\\/lasentinelle.dz\\\/author\\\/redaction\\\/\"}]}<\/script>\n<!-- \/ Yoast SEO plugin. -->","yoast_head_json":{"title":"Ligue 1 (22e journ\u00e9e)\u00a0:\u00a0Le MCA rate la premi\u00e8re place - La Sentinelle","robots":{"index":"index","follow":"follow","max-snippet":"max-snippet:-1","max-image-preview":"max-image-preview:large","max-video-preview":"max-video-preview:-1"},"canonical":"https:\/\/lasentinelle.dz\/index.php\/2022\/03\/21\/ligue-1-22e-journee-le-mca-rate-la-premiere-place\/","og_locale":"fr_FR","og_type":"article","og_title":"Ligue 1 (22e journ\u00e9e)\u00a0:\u00a0Le MCA rate la premi\u00e8re place - La Sentinelle","og_description":"Le nombre important de matchs en retard cumul\u00e9s par le CRB aurait pu faire le bonheur du MC Alger, mais","og_url":"https:\/\/lasentinelle.dz\/index.php\/2022\/03\/21\/ligue-1-22e-journee-le-mca-rate-la-premiere-place\/","og_site_name":"La Sentinelle","article_publisher":"https:\/\/www.facebook.com\/La-Sentinelle-104059864394773","article_published_time":"2022-03-20T23:01:00+00:00","og_image":[{"width":2048,"height":1412,"url":"https:\/\/lasentinelle.dz\/wp-content\/uploads\/2022\/03\/mca-2.jpeg","type":"image\/jpeg"}],"author":"La Sentinelle","twitter_card":"summary_large_image","twitter_misc":{"\u00c9crit par":"La Sentinelle","Dur\u00e9e de lecture estim\u00e9e":"3 minutes"},"schema":{"@context":"https:\/\/schema.org","@graph":[{"@type":"Article","@id":"https:\/\/lasentinelle.dz\/index.php\/2022\/03\/21\/ligue-1-22e-journee-le-mca-rate-la-premiere-place\/#article","isPartOf":{"@id":"https:\/\/lasentinelle.dz\/index.php\/2022\/03\/21\/ligue-1-22e-journee-le-mca-rate-la-premiere-place\/"},"author":{"name":"La Sentinelle","@id":"https:\/\/lasentinelle.dz\/#\/schema\/person\/d865044e22e70a75174ce8bcad3acfb3"},"headline":"Ligue 1 (22e journ\u00e9e)\u00a0:\u00a0Le MCA rate la premi\u00e8re place","datePublished":"2022-03-20T23:01:00+00:00","mainEntityOfPage":{"@id":"https:\/\/lasentinelle.dz\/index.php\/2022\/03\/21\/ligue-1-22e-journee-le-mca-rate-la-premiere-place\/"},"wordCount":539,"commentCount":0,"publisher":{"@id":"https:\/\/lasentinelle.dz\/#organization"},"image":{"@id":"https:\/\/lasentinelle.dz\/index.php\/2022\/03\/21\/ligue-1-22e-journee-le-mca-rate-la-premiere-place\/#primaryimage"},"thumbnailUrl":"https:\/\/lasentinelle.dz\/wp-content\/uploads\/2022\/03\/mca-2.jpeg","articleSection":["Sports"],"inLanguage":"fr-FR","potentialAction":[{"@type":"CommentAction","name":"Comment","target":["https:\/\/lasentinelle.dz\/index.php\/2022\/03\/21\/ligue-1-22e-journee-le-mca-rate-la-premiere-place\/#respond"]}]},{"@type":"WebPage","@id":"https:\/\/lasentinelle.dz\/index.php\/2022\/03\/21\/ligue-1-22e-journee-le-mca-rate-la-premiere-place\/","url":"https:\/\/lasentinelle.dz\/index.php\/2022\/03\/21\/ligue-1-22e-journee-le-mca-rate-la-premiere-place\/","name":"Ligue 1 (22e journ\u00e9e)\u00a0:\u00a0Le MCA rate la premi\u00e8re place - La Sentinelle","isPartOf":{"@id":"https:\/\/lasentinelle.dz\/#website"},"primaryImageOfPage":{"@id":"https:\/\/lasentinelle.dz\/index.php\/2022\/03\/21\/ligue-1-22e-journee-le-mca-rate-la-premiere-place\/#primaryimage"},"image":{"@id":"https:\/\/lasentinelle.dz\/index.php\/2022\/03\/21\/ligue-1-22e-journee-le-mca-rate-la-premiere-place\/#primaryimage"},"thumbnailUrl":"https:\/\/lasentinelle.dz\/wp-content\/uploads\/2022\/03\/mca-2.jpeg","datePublished":"2022-03-20T23:01:00+00:00","breadcrumb":{"@id":"https:\/\/lasentinelle.dz\/index.php\/2022\/03\/21\/ligue-1-22e-journee-le-mca-rate-la-premiere-place\/#breadcrumb"},"inLanguage":"fr-FR","potentialAction":[{"@type":"ReadAction","target":["https:\/\/lasentinelle.dz\/index.php\/2022\/03\/21\/ligue-1-22e-journee-le-mca-rate-la-premiere-place\/"]}]},{"@type":"ImageObject","inLanguage":"fr-FR","@id":"https:\/\/lasentinelle.dz\/index.php\/2022\/03\/21\/ligue-1-22e-journee-le-mca-rate-la-premiere-place\/#primaryimage","url":"https:\/\/lasentinelle.dz\/wp-content\/uploads\/2022\/03\/mca-2.jpeg","contentUrl":"https:\/\/lasentinelle.dz\/wp-content\/uploads\/2022\/03\/mca-2.jpeg","width":2048,"height":1412},{"@type":"BreadcrumbList","@id":"https:\/\/lasentinelle.dz\/index.php\/2022\/03\/21\/ligue-1-22e-journee-le-mca-rate-la-premiere-place\/#breadcrumb","itemListElement":[{"@type":"ListItem","position":1,"name":"Accueil","item":"https:\/\/lasentinelle.dz\/"},{"@type":"ListItem","position":2,"name":"Ligue 1 (22e journ\u00e9e)\u00a0:\u00a0Le MCA rate la premi\u00e8re place"}]},{"@type":"WebSite","@id":"https:\/\/lasentinelle.dz\/#website","url":"https:\/\/lasentinelle.dz\/","name":"La Sentinelle","description":"Quotidien national d&#039;information","publisher":{"@id":"https:\/\/lasentinelle.dz\/#organization"},"potentialAction":[{"@type":"SearchAction","target":{"@type":"EntryPoint","urlTemplate":"https:\/\/lasentinelle.dz\/?s={search_term_string}"},"query-input":{"@type":"PropertyValueSpecification","valueRequired":true,"valueName":"search_term_string"}}],"inLanguage":"fr-FR"},{"@type":"Organization","@id":"https:\/\/lasentinelle.dz\/#organization","name":"Quotidien La Sentinelle","url":"https:\/\/lasentinelle.dz\/","logo":{"@type":"ImageObject","inLanguage":"fr-FR","@id":"https:\/\/lasentinelle.dz\/#\/schema\/logo\/image\/","url":"https:\/\/lasentinelle.dz\/wp-content\/uploads\/2021\/09\/logo-sentinelleSLOGAN-1.png","contentUrl":"https:\/\/lasentinelle.dz\/wp-content\/uploads\/2021\/09\/logo-sentinelleSLOGAN-1.png","width":615,"height":142,"caption":"Quotidien La Sentinelle"},"image":{"@id":"https:\/\/lasentinelle.dz\/#\/schema\/logo\/image\/"},"sameAs":["https:\/\/www.facebook.com\/La-Sentinelle-104059864394773"]},{"@type":"Person","@id":"https:\/\/lasentinelle.dz\/#\/schema\/person\/d865044e22e70a75174ce8bcad3acfb3","name":"La Sentinelle","image":{"@type":"ImageObject","inLanguage":"fr-FR","@id":"https:\/\/secure.gravatar.com\/avatar\/57de8e5d4b15d43fb361a71fbb36338450fe67865b528a43dd10ef7c51a20392?s=96&d=mm&r=g","url":"https:\/\/secure.gravatar.com\/avatar\/57de8e5d4b15d43fb361a71fbb36338450fe67865b528a43dd10ef7c51a20392?s=96&d=mm&r=g","contentUrl":"https:\/\/secure.gravatar.com\/avatar\/57de8e5d4b15d43fb361a71fbb36338450fe67865b528a43dd10ef7c51a20392?s=96&d=mm&r=g","caption":"La Sentinelle"},"sameAs":["http:\/\/www.lasentinelle.dz"],"url":"https:\/\/lasentinelle.dz\/author\/redaction\/"}]}},"_links":{"self":[{"href":"https:\/\/lasentinelle.dz\/index.php\/wp-json\/wp\/v2\/posts\/18611","targetHints":{"allow":["GET"]}}],"collection":[{"href":"https:\/\/lasentinelle.dz\/index.php\/wp-json\/wp\/v2\/posts"}],"about":[{"href":"https:\/\/lasentinelle.dz\/index.php\/wp-json\/wp\/v2\/types\/post"}],"author":[{"embeddable":true,"href":"https:\/\/lasentinelle.dz\/index.php\/wp-json\/wp\/v2\/users\/3"}],"replies":[{"embeddable":true,"href":"https:\/\/lasentinelle.dz\/index.php\/wp-json\/wp\/v2\/comments?post=18611"}],"version-history":[{"count":1,"href":"https:\/\/lasentinelle.dz\/index.php\/wp-json\/wp\/v2\/posts\/18611\/revisions"}],"predecessor-version":[{"id":18618,"href":"https:\/\/lasentinelle.dz\/index.php\/wp-json\/wp\/v2\/posts\/18611\/revisions\/18618"}],"wp:featuredmedia":[{"embeddable":true,"href":"https:\/\/lasentinelle.dz\/index.php\/wp-json\/wp\/v2\/media\/18617"}],"wp:attachment":[{"href":"https:\/\/lasentinelle.dz\/index.php\/wp-json\/wp\/v2\/media?parent=18611"}],"wp:term":[{"taxonomy":"category","embeddable":true,"href":"https:\/\/lasentinelle.dz\/index.php\/wp-json\/wp\/v2\/categories?post=18611"},{"taxonomy":"post_tag","embeddable":true,"href":"https:\/\/lasentinelle.dz\/index.php\/wp-json\/wp\/v2\/tags?post=18611"}],"curies":[{"name":"wp","href":"https:\/\/api.w.org\/{rel}","templated":true}]}}