{"id":18621,"date":"2022-03-21T00:01:00","date_gmt":"2022-03-20T23:01:00","guid":{"rendered":"https:\/\/lasentinelle.dz\/?p=18621"},"modified":"2022-03-20T19:21:51","modified_gmt":"2022-03-20T18:21:51","slug":"finances-la-bna-lance-la-carte-cib-prepayee","status":"publish","type":"post","link":"https:\/\/lasentinelle.dz\/index.php\/2022\/03\/21\/finances-la-bna-lance-la-carte-cib-prepayee\/","title":{"rendered":"Finances\u00a0: La BNA lance la carte CIB pr\u00e9pay\u00e9e"},"content":{"rendered":"\n<p>La Banque nationale d\u2019Alg\u00e9rie (BNA), a proc\u00e9d\u00e9 au lancement \u00ab\u00a0exclusif\u00a0\u00bb de la carte interbancaire (CIB) pr\u00e9pay\u00e9e, a-t-elle annonc\u00e9&nbsp;hier&nbsp;dans un communiqu\u00e9.&nbsp;\u00ab\u00a0Cette carte interbancaire, destin\u00e9e aux particuliers, est octroy\u00e9e gratuitement aux clients de la Banque titulaires d\u2019un compte ch\u00e8que ou d\u2019un compte \u00e9pargne\u00a0\u00bb, a pr\u00e9cis\u00e9 la m\u00eame source.&nbsp;Ces derniers la rechargent par virement et la remettent \u00e0 une tierce personne (\u00e0 qui ils veulent), explique la BNA.&nbsp;Elle permet \u00e0 son porteur d\u2019effectuer des op\u00e9rations de retrait et de paiement sur des fonds r\u00e9serv\u00e9s au pr\u00e9alable \u00e0 cet effet.&nbsp;Selon la BNA, le titulaire du compte principal peut octroyer plusieurs cartes pr\u00e9pay\u00e9es \u00e0 diff\u00e9rentes personnes. Cependant, il ne peut octroyer plus d\u2019une carte pour le m\u00eame porteur.&nbsp;Elle indique \u00e9galement que la carte CIB pr\u00e9pay\u00e9e permet d\u2019effectuer diff\u00e9rentes op\u00e9rations bancaires, \u00e0 savoir les paiements via les terminaux de paiement \u00e9lectroniques (T.P.E), les paiements sur internet pour les web-marchands adh\u00e9rents au r\u00e9seau mon\u00e9tique interbancaire, les retraits d&rsquo;esp\u00e8ces sur les distributeurs automatique de billets (DAB) connect\u00e9s au r\u00e9seau mon\u00e9tique interbancaire et les guichets automatique de la BNA (GAB), connect\u00e9s au r\u00e9seau mon\u00e9tique interbancaire et les guichets automatiquede la BNA (GAB).&nbsp;&nbsp;Cette carte permet \u00e9galement les consultations de solde du compte \u00ab\u00a0Prepaid\u00a0\u00bb via DAB et GAB et les consultations des dix derni\u00e8res op\u00e9rations mon\u00e9tiques du compte\u00a0\u00bb Prepaid\u00a0\u00bb via DAB et GAB, selon la BNA.<\/p>\n\n\n\n<p>De son c\u00f4t\u00e9, la Banque de l&rsquo;Agriculture et du d\u00e9veloppement rural (BADR)&nbsp;a annonc\u00e9 l\u2019\u00e9largissement de son r\u00e9seau de finance islamique via le lancement d\u00e8s aujourd\u2019hui de&nbsp;l&rsquo;activit\u00e9 de la finance islamique au niveau de son agence locale d&rsquo;El-M\u00e9n\u00e9a.&nbsp;Cet \u00e9v\u00e8nement co\u00efncidera avec le 40e anniversaire de la cr\u00e9ation de la BADR, lit-on dans&nbsp;un&nbsp;communiqu\u00e9publi\u00e9 hier.&nbsp;La finance islamique propose \u00e0 tous les segments de la client\u00e8le (particuliers, professionnels et entreprises) \u00ab\u00a014 produits conformes aux pr\u00e9ceptes de la charia islamique certifi\u00e9s par le Haut conseil islamique (HCI)\u00a0\u00bb, a-t-on rappel\u00e9 de m\u00eame source.&nbsp;Ces produits sont r\u00e9partis en deux cat\u00e9gories, celle des produits d&rsquo;\u00e9pargne et de placements de fonds, et celle des produits de financement, a expliqu\u00e9 le communiqu\u00e9, pr\u00e9cisant que ces produits sont d\u00e9taill\u00e9s sur le site de la banque( www.badrbanque.dz ).<\/p>\n\n\n\n<p><strong>R.E.<\/strong><\/p>\n","protected":false},"excerpt":{"rendered":"<p>La Banque nationale d\u2019Alg\u00e9rie (BNA), a proc\u00e9d\u00e9 au lancement \u00ab\u00a0exclusif\u00a0\u00bb de la carte interbancaire (CIB) pr\u00e9pay\u00e9e, a-t-elle annonc\u00e9&nbsp;hier&nbsp;dans un communiqu\u00e9.&nbsp;\u00ab\u00a0Cette<\/p>\n","protected":false},"author":3,"featured_media":18633,"comment_status":"open","ping_status":"closed","sticky":false,"template":"","format":"standard","meta":{"colormag_page_container_layout":"default_layout","colormag_page_sidebar_layout":"default_layout","om_disable_all_campaigns":false,"_monsterinsights_skip_tracking":false,"_monsterinsights_sitenote_active":false,"_monsterinsights_sitenote_note":"","_monsterinsights_sitenote_category":0,"footnotes":"","_wpscppro_dont_share_socialmedia":false,"_wpscppro_custom_social_share_image":0,"_facebook_share_type":"","_twitter_share_type":"","_linkedin_share_type":"","_pinterest_share_type":"","_linkedin_share_type_page":"","_instagram_share_type":"","_medium_share_type":"","_threads_share_type":"","_google_business_share_type":"","_selected_social_profile":[],"_wpsp_enable_custom_social_template":false,"_wpsp_social_scheduling":{"enabled":false,"datetime":null,"platforms":[],"status":"template_only","dateOption":"today","timeOption":"now","customDays":"","customHours":"","customDate":"","customTime":"","schedulingType":"absolute"},"_wpsp_active_default_template":true},"categories":[29],"tags":[],"class_list":["post-18621","post","type-post","status-publish","format-standard","has-post-thumbnail","hentry","category-economie"],"aioseo_notices":[],"yoast_head":"<!-- This site is optimized with the Yoast SEO plugin v27.5 - https:\/\/yoast.com\/product\/yoast-seo-wordpress\/ -->\n<title>Finances\u00a0: La BNA lance la carte CIB pr\u00e9pay\u00e9e - La Sentinelle<\/title>\n<meta name=\"robots\" content=\"index, follow, max-snippet:-1, max-image-preview:large, max-video-preview:-1\" \/>\n<link rel=\"canonical\" href=\"https:\/\/lasentinelle.dz\/index.php\/2022\/03\/21\/finances-la-bna-lance-la-carte-cib-prepayee\/\" \/>\n<meta property=\"og:locale\" content=\"fr_FR\" \/>\n<meta property=\"og:type\" content=\"article\" \/>\n<meta property=\"og:title\" content=\"Finances\u00a0: La BNA lance la carte CIB pr\u00e9pay\u00e9e - La Sentinelle\" \/>\n<meta property=\"og:description\" content=\"La Banque nationale d\u2019Alg\u00e9rie (BNA), a proc\u00e9d\u00e9 au lancement \u00ab\u00a0exclusif\u00a0\u00bb de la carte interbancaire (CIB) pr\u00e9pay\u00e9e, a-t-elle annonc\u00e9&nbsp;hier&nbsp;dans un communiqu\u00e9.&nbsp;\u00ab\u00a0Cette\" \/>\n<meta property=\"og:url\" content=\"https:\/\/lasentinelle.dz\/index.php\/2022\/03\/21\/finances-la-bna-lance-la-carte-cib-prepayee\/\" \/>\n<meta property=\"og:site_name\" content=\"La Sentinelle\" \/>\n<meta property=\"article:publisher\" content=\"https:\/\/www.facebook.com\/La-Sentinelle-104059864394773\" \/>\n<meta property=\"article:published_time\" content=\"2022-03-20T23:01:00+00:00\" \/>\n<meta property=\"og:image\" content=\"https:\/\/lasentinelle.dz\/wp-content\/uploads\/2022\/03\/b76c2510d94d7316102d21a66b8885f0_M.jpg\" \/>\n\t<meta property=\"og:image:width\" content=\"580\" \/>\n\t<meta property=\"og:image:height\" content=\"350\" \/>\n\t<meta property=\"og:image:type\" content=\"image\/jpeg\" \/>\n<meta name=\"author\" content=\"La Sentinelle\" \/>\n<meta name=\"twitter:card\" content=\"summary_large_image\" \/>\n<meta name=\"twitter:label1\" content=\"\u00c9crit par\" \/>\n\t<meta name=\"twitter:data1\" content=\"La Sentinelle\" \/>\n\t<meta name=\"twitter:label2\" content=\"Dur\u00e9e de lecture estim\u00e9e\" \/>\n\t<meta name=\"twitter:data2\" content=\"2 minutes\" \/>\n<script type=\"application\/ld+json\" class=\"yoast-schema-graph\">{\"@context\":\"https:\\\/\\\/schema.org\",\"@graph\":[{\"@type\":\"Article\",\"@id\":\"https:\\\/\\\/lasentinelle.dz\\\/index.php\\\/2022\\\/03\\\/21\\\/finances-la-bna-lance-la-carte-cib-prepayee\\\/#article\",\"isPartOf\":{\"@id\":\"https:\\\/\\\/lasentinelle.dz\\\/index.php\\\/2022\\\/03\\\/21\\\/finances-la-bna-lance-la-carte-cib-prepayee\\\/\"},\"author\":{\"name\":\"La Sentinelle\",\"@id\":\"https:\\\/\\\/lasentinelle.dz\\\/#\\\/schema\\\/person\\\/d865044e22e70a75174ce8bcad3acfb3\"},\"headline\":\"Finances\u00a0: La BNA lance la carte CIB pr\u00e9pay\u00e9e\",\"datePublished\":\"2022-03-20T23:01:00+00:00\",\"mainEntityOfPage\":{\"@id\":\"https:\\\/\\\/lasentinelle.dz\\\/index.php\\\/2022\\\/03\\\/21\\\/finances-la-bna-lance-la-carte-cib-prepayee\\\/\"},\"wordCount\":445,\"commentCount\":0,\"publisher\":{\"@id\":\"https:\\\/\\\/lasentinelle.dz\\\/#organization\"},\"image\":{\"@id\":\"https:\\\/\\\/lasentinelle.dz\\\/index.php\\\/2022\\\/03\\\/21\\\/finances-la-bna-lance-la-carte-cib-prepayee\\\/#primaryimage\"},\"thumbnailUrl\":\"https:\\\/\\\/lasentinelle.dz\\\/wp-content\\\/uploads\\\/2022\\\/03\\\/b76c2510d94d7316102d21a66b8885f0_M.jpg\",\"articleSection\":[\"\u00c9conomie\"],\"inLanguage\":\"fr-FR\",\"potentialAction\":[{\"@type\":\"CommentAction\",\"name\":\"Comment\",\"target\":[\"https:\\\/\\\/lasentinelle.dz\\\/index.php\\\/2022\\\/03\\\/21\\\/finances-la-bna-lance-la-carte-cib-prepayee\\\/#respond\"]}]},{\"@type\":\"WebPage\",\"@id\":\"https:\\\/\\\/lasentinelle.dz\\\/index.php\\\/2022\\\/03\\\/21\\\/finances-la-bna-lance-la-carte-cib-prepayee\\\/\",\"url\":\"https:\\\/\\\/lasentinelle.dz\\\/index.php\\\/2022\\\/03\\\/21\\\/finances-la-bna-lance-la-carte-cib-prepayee\\\/\",\"name\":\"Finances\u00a0: La BNA lance la carte CIB pr\u00e9pay\u00e9e - La Sentinelle\",\"isPartOf\":{\"@id\":\"https:\\\/\\\/lasentinelle.dz\\\/#website\"},\"primaryImageOfPage\":{\"@id\":\"https:\\\/\\\/lasentinelle.dz\\\/index.php\\\/2022\\\/03\\\/21\\\/finances-la-bna-lance-la-carte-cib-prepayee\\\/#primaryimage\"},\"image\":{\"@id\":\"https:\\\/\\\/lasentinelle.dz\\\/index.php\\\/2022\\\/03\\\/21\\\/finances-la-bna-lance-la-carte-cib-prepayee\\\/#primaryimage\"},\"thumbnailUrl\":\"https:\\\/\\\/lasentinelle.dz\\\/wp-content\\\/uploads\\\/2022\\\/03\\\/b76c2510d94d7316102d21a66b8885f0_M.jpg\",\"datePublished\":\"2022-03-20T23:01:00+00:00\",\"breadcrumb\":{\"@id\":\"https:\\\/\\\/lasentinelle.dz\\\/index.php\\\/2022\\\/03\\\/21\\\/finances-la-bna-lance-la-carte-cib-prepayee\\\/#breadcrumb\"},\"inLanguage\":\"fr-FR\",\"potentialAction\":[{\"@type\":\"ReadAction\",\"target\":[\"https:\\\/\\\/lasentinelle.dz\\\/index.php\\\/2022\\\/03\\\/21\\\/finances-la-bna-lance-la-carte-cib-prepayee\\\/\"]}]},{\"@type\":\"ImageObject\",\"inLanguage\":\"fr-FR\",\"@id\":\"https:\\\/\\\/lasentinelle.dz\\\/index.php\\\/2022\\\/03\\\/21\\\/finances-la-bna-lance-la-carte-cib-prepayee\\\/#primaryimage\",\"url\":\"https:\\\/\\\/lasentinelle.dz\\\/wp-content\\\/uploads\\\/2022\\\/03\\\/b76c2510d94d7316102d21a66b8885f0_M.jpg\",\"contentUrl\":\"https:\\\/\\\/lasentinelle.dz\\\/wp-content\\\/uploads\\\/2022\\\/03\\\/b76c2510d94d7316102d21a66b8885f0_M.jpg\",\"width\":580,\"height\":350},{\"@type\":\"BreadcrumbList\",\"@id\":\"https:\\\/\\\/lasentinelle.dz\\\/index.php\\\/2022\\\/03\\\/21\\\/finances-la-bna-lance-la-carte-cib-prepayee\\\/#breadcrumb\",\"itemListElement\":[{\"@type\":\"ListItem\",\"position\":1,\"name\":\"Accueil\",\"item\":\"https:\\\/\\\/lasentinelle.dz\\\/\"},{\"@type\":\"ListItem\",\"position\":2,\"name\":\"Finances\u00a0: La BNA lance la carte CIB pr\u00e9pay\u00e9e\"}]},{\"@type\":\"WebSite\",\"@id\":\"https:\\\/\\\/lasentinelle.dz\\\/#website\",\"url\":\"https:\\\/\\\/lasentinelle.dz\\\/\",\"name\":\"La Sentinelle\",\"description\":\"Quotidien national d&#039;information\",\"publisher\":{\"@id\":\"https:\\\/\\\/lasentinelle.dz\\\/#organization\"},\"potentialAction\":[{\"@type\":\"SearchAction\",\"target\":{\"@type\":\"EntryPoint\",\"urlTemplate\":\"https:\\\/\\\/lasentinelle.dz\\\/?s={search_term_string}\"},\"query-input\":{\"@type\":\"PropertyValueSpecification\",\"valueRequired\":true,\"valueName\":\"search_term_string\"}}],\"inLanguage\":\"fr-FR\"},{\"@type\":\"Organization\",\"@id\":\"https:\\\/\\\/lasentinelle.dz\\\/#organization\",\"name\":\"Quotidien La Sentinelle\",\"url\":\"https:\\\/\\\/lasentinelle.dz\\\/\",\"logo\":{\"@type\":\"ImageObject\",\"inLanguage\":\"fr-FR\",\"@id\":\"https:\\\/\\\/lasentinelle.dz\\\/#\\\/schema\\\/logo\\\/image\\\/\",\"url\":\"https:\\\/\\\/lasentinelle.dz\\\/wp-content\\\/uploads\\\/2021\\\/09\\\/logo-sentinelleSLOGAN-1.png\",\"contentUrl\":\"https:\\\/\\\/lasentinelle.dz\\\/wp-content\\\/uploads\\\/2021\\\/09\\\/logo-sentinelleSLOGAN-1.png\",\"width\":615,\"height\":142,\"caption\":\"Quotidien La Sentinelle\"},\"image\":{\"@id\":\"https:\\\/\\\/lasentinelle.dz\\\/#\\\/schema\\\/logo\\\/image\\\/\"},\"sameAs\":[\"https:\\\/\\\/www.facebook.com\\\/La-Sentinelle-104059864394773\"]},{\"@type\":\"Person\",\"@id\":\"https:\\\/\\\/lasentinelle.dz\\\/#\\\/schema\\\/person\\\/d865044e22e70a75174ce8bcad3acfb3\",\"name\":\"La Sentinelle\",\"image\":{\"@type\":\"ImageObject\",\"inLanguage\":\"fr-FR\",\"@id\":\"https:\\\/\\\/secure.gravatar.com\\\/avatar\\\/57de8e5d4b15d43fb361a71fbb36338450fe67865b528a43dd10ef7c51a20392?s=96&d=mm&r=g\",\"url\":\"https:\\\/\\\/secure.gravatar.com\\\/avatar\\\/57de8e5d4b15d43fb361a71fbb36338450fe67865b528a43dd10ef7c51a20392?s=96&d=mm&r=g\",\"contentUrl\":\"https:\\\/\\\/secure.gravatar.com\\\/avatar\\\/57de8e5d4b15d43fb361a71fbb36338450fe67865b528a43dd10ef7c51a20392?s=96&d=mm&r=g\",\"caption\":\"La Sentinelle\"},\"sameAs\":[\"http:\\\/\\\/www.lasentinelle.dz\"],\"url\":\"https:\\\/\\\/lasentinelle.dz\\\/author\\\/redaction\\\/\"}]}<\/script>\n<!-- \/ Yoast SEO plugin. -->","yoast_head_json":{"title":"Finances\u00a0: La BNA lance la carte CIB pr\u00e9pay\u00e9e - La Sentinelle","robots":{"index":"index","follow":"follow","max-snippet":"max-snippet:-1","max-image-preview":"max-image-preview:large","max-video-preview":"max-video-preview:-1"},"canonical":"https:\/\/lasentinelle.dz\/index.php\/2022\/03\/21\/finances-la-bna-lance-la-carte-cib-prepayee\/","og_locale":"fr_FR","og_type":"article","og_title":"Finances\u00a0: La BNA lance la carte CIB pr\u00e9pay\u00e9e - La Sentinelle","og_description":"La Banque nationale d\u2019Alg\u00e9rie (BNA), a proc\u00e9d\u00e9 au lancement \u00ab\u00a0exclusif\u00a0\u00bb de la carte interbancaire (CIB) pr\u00e9pay\u00e9e, a-t-elle annonc\u00e9&nbsp;hier&nbsp;dans un communiqu\u00e9.&nbsp;\u00ab\u00a0Cette","og_url":"https:\/\/lasentinelle.dz\/index.php\/2022\/03\/21\/finances-la-bna-lance-la-carte-cib-prepayee\/","og_site_name":"La Sentinelle","article_publisher":"https:\/\/www.facebook.com\/La-Sentinelle-104059864394773","article_published_time":"2022-03-20T23:01:00+00:00","og_image":[{"width":580,"height":350,"url":"https:\/\/lasentinelle.dz\/wp-content\/uploads\/2022\/03\/b76c2510d94d7316102d21a66b8885f0_M.jpg","type":"image\/jpeg"}],"author":"La Sentinelle","twitter_card":"summary_large_image","twitter_misc":{"\u00c9crit par":"La Sentinelle","Dur\u00e9e de lecture estim\u00e9e":"2 minutes"},"schema":{"@context":"https:\/\/schema.org","@graph":[{"@type":"Article","@id":"https:\/\/lasentinelle.dz\/index.php\/2022\/03\/21\/finances-la-bna-lance-la-carte-cib-prepayee\/#article","isPartOf":{"@id":"https:\/\/lasentinelle.dz\/index.php\/2022\/03\/21\/finances-la-bna-lance-la-carte-cib-prepayee\/"},"author":{"name":"La Sentinelle","@id":"https:\/\/lasentinelle.dz\/#\/schema\/person\/d865044e22e70a75174ce8bcad3acfb3"},"headline":"Finances\u00a0: La BNA lance la carte CIB pr\u00e9pay\u00e9e","datePublished":"2022-03-20T23:01:00+00:00","mainEntityOfPage":{"@id":"https:\/\/lasentinelle.dz\/index.php\/2022\/03\/21\/finances-la-bna-lance-la-carte-cib-prepayee\/"},"wordCount":445,"commentCount":0,"publisher":{"@id":"https:\/\/lasentinelle.dz\/#organization"},"image":{"@id":"https:\/\/lasentinelle.dz\/index.php\/2022\/03\/21\/finances-la-bna-lance-la-carte-cib-prepayee\/#primaryimage"},"thumbnailUrl":"https:\/\/lasentinelle.dz\/wp-content\/uploads\/2022\/03\/b76c2510d94d7316102d21a66b8885f0_M.jpg","articleSection":["\u00c9conomie"],"inLanguage":"fr-FR","potentialAction":[{"@type":"CommentAction","name":"Comment","target":["https:\/\/lasentinelle.dz\/index.php\/2022\/03\/21\/finances-la-bna-lance-la-carte-cib-prepayee\/#respond"]}]},{"@type":"WebPage","@id":"https:\/\/lasentinelle.dz\/index.php\/2022\/03\/21\/finances-la-bna-lance-la-carte-cib-prepayee\/","url":"https:\/\/lasentinelle.dz\/index.php\/2022\/03\/21\/finances-la-bna-lance-la-carte-cib-prepayee\/","name":"Finances\u00a0: La BNA lance la carte CIB pr\u00e9pay\u00e9e - La Sentinelle","isPartOf":{"@id":"https:\/\/lasentinelle.dz\/#website"},"primaryImageOfPage":{"@id":"https:\/\/lasentinelle.dz\/index.php\/2022\/03\/21\/finances-la-bna-lance-la-carte-cib-prepayee\/#primaryimage"},"image":{"@id":"https:\/\/lasentinelle.dz\/index.php\/2022\/03\/21\/finances-la-bna-lance-la-carte-cib-prepayee\/#primaryimage"},"thumbnailUrl":"https:\/\/lasentinelle.dz\/wp-content\/uploads\/2022\/03\/b76c2510d94d7316102d21a66b8885f0_M.jpg","datePublished":"2022-03-20T23:01:00+00:00","breadcrumb":{"@id":"https:\/\/lasentinelle.dz\/index.php\/2022\/03\/21\/finances-la-bna-lance-la-carte-cib-prepayee\/#breadcrumb"},"inLanguage":"fr-FR","potentialAction":[{"@type":"ReadAction","target":["https:\/\/lasentinelle.dz\/index.php\/2022\/03\/21\/finances-la-bna-lance-la-carte-cib-prepayee\/"]}]},{"@type":"ImageObject","inLanguage":"fr-FR","@id":"https:\/\/lasentinelle.dz\/index.php\/2022\/03\/21\/finances-la-bna-lance-la-carte-cib-prepayee\/#primaryimage","url":"https:\/\/lasentinelle.dz\/wp-content\/uploads\/2022\/03\/b76c2510d94d7316102d21a66b8885f0_M.jpg","contentUrl":"https:\/\/lasentinelle.dz\/wp-content\/uploads\/2022\/03\/b76c2510d94d7316102d21a66b8885f0_M.jpg","width":580,"height":350},{"@type":"BreadcrumbList","@id":"https:\/\/lasentinelle.dz\/index.php\/2022\/03\/21\/finances-la-bna-lance-la-carte-cib-prepayee\/#breadcrumb","itemListElement":[{"@type":"ListItem","position":1,"name":"Accueil","item":"https:\/\/lasentinelle.dz\/"},{"@type":"ListItem","position":2,"name":"Finances\u00a0: La BNA lance la carte CIB pr\u00e9pay\u00e9e"}]},{"@type":"WebSite","@id":"https:\/\/lasentinelle.dz\/#website","url":"https:\/\/lasentinelle.dz\/","name":"La Sentinelle","description":"Quotidien national d&#039;information","publisher":{"@id":"https:\/\/lasentinelle.dz\/#organization"},"potentialAction":[{"@type":"SearchAction","target":{"@type":"EntryPoint","urlTemplate":"https:\/\/lasentinelle.dz\/?s={search_term_string}"},"query-input":{"@type":"PropertyValueSpecification","valueRequired":true,"valueName":"search_term_string"}}],"inLanguage":"fr-FR"},{"@type":"Organization","@id":"https:\/\/lasentinelle.dz\/#organization","name":"Quotidien La Sentinelle","url":"https:\/\/lasentinelle.dz\/","logo":{"@type":"ImageObject","inLanguage":"fr-FR","@id":"https:\/\/lasentinelle.dz\/#\/schema\/logo\/image\/","url":"https:\/\/lasentinelle.dz\/wp-content\/uploads\/2021\/09\/logo-sentinelleSLOGAN-1.png","contentUrl":"https:\/\/lasentinelle.dz\/wp-content\/uploads\/2021\/09\/logo-sentinelleSLOGAN-1.png","width":615,"height":142,"caption":"Quotidien La Sentinelle"},"image":{"@id":"https:\/\/lasentinelle.dz\/#\/schema\/logo\/image\/"},"sameAs":["https:\/\/www.facebook.com\/La-Sentinelle-104059864394773"]},{"@type":"Person","@id":"https:\/\/lasentinelle.dz\/#\/schema\/person\/d865044e22e70a75174ce8bcad3acfb3","name":"La Sentinelle","image":{"@type":"ImageObject","inLanguage":"fr-FR","@id":"https:\/\/secure.gravatar.com\/avatar\/57de8e5d4b15d43fb361a71fbb36338450fe67865b528a43dd10ef7c51a20392?s=96&d=mm&r=g","url":"https:\/\/secure.gravatar.com\/avatar\/57de8e5d4b15d43fb361a71fbb36338450fe67865b528a43dd10ef7c51a20392?s=96&d=mm&r=g","contentUrl":"https:\/\/secure.gravatar.com\/avatar\/57de8e5d4b15d43fb361a71fbb36338450fe67865b528a43dd10ef7c51a20392?s=96&d=mm&r=g","caption":"La Sentinelle"},"sameAs":["http:\/\/www.lasentinelle.dz"],"url":"https:\/\/lasentinelle.dz\/author\/redaction\/"}]}},"_links":{"self":[{"href":"https:\/\/lasentinelle.dz\/index.php\/wp-json\/wp\/v2\/posts\/18621","targetHints":{"allow":["GET"]}}],"collection":[{"href":"https:\/\/lasentinelle.dz\/index.php\/wp-json\/wp\/v2\/posts"}],"about":[{"href":"https:\/\/lasentinelle.dz\/index.php\/wp-json\/wp\/v2\/types\/post"}],"author":[{"embeddable":true,"href":"https:\/\/lasentinelle.dz\/index.php\/wp-json\/wp\/v2\/users\/3"}],"replies":[{"embeddable":true,"href":"https:\/\/lasentinelle.dz\/index.php\/wp-json\/wp\/v2\/comments?post=18621"}],"version-history":[{"count":1,"href":"https:\/\/lasentinelle.dz\/index.php\/wp-json\/wp\/v2\/posts\/18621\/revisions"}],"predecessor-version":[{"id":18635,"href":"https:\/\/lasentinelle.dz\/index.php\/wp-json\/wp\/v2\/posts\/18621\/revisions\/18635"}],"wp:featuredmedia":[{"embeddable":true,"href":"https:\/\/lasentinelle.dz\/index.php\/wp-json\/wp\/v2\/media\/18633"}],"wp:attachment":[{"href":"https:\/\/lasentinelle.dz\/index.php\/wp-json\/wp\/v2\/media?parent=18621"}],"wp:term":[{"taxonomy":"category","embeddable":true,"href":"https:\/\/lasentinelle.dz\/index.php\/wp-json\/wp\/v2\/categories?post=18621"},{"taxonomy":"post_tag","embeddable":true,"href":"https:\/\/lasentinelle.dz\/index.php\/wp-json\/wp\/v2\/tags?post=18621"}],"curies":[{"name":"wp","href":"https:\/\/api.w.org\/{rel}","templated":true}]}}