{"id":18656,"date":"2022-03-21T00:05:00","date_gmt":"2022-03-20T23:05:00","guid":{"rendered":"https:\/\/lasentinelle.dz\/?p=18656"},"modified":"2022-03-20T20:42:20","modified_gmt":"2022-03-20T19:42:20","slug":"revirement-de-pedro-sanchez-sur-la-question-du-sahara-occidental-un-deni-du-droit-decrie-en-espagne","status":"publish","type":"post","link":"https:\/\/lasentinelle.dz\/index.php\/2022\/03\/21\/revirement-de-pedro-sanchez-sur-la-question-du-sahara-occidental-un-deni-du-droit-decrie-en-espagne\/","title":{"rendered":"Revirement\u00a0de Pedro Sanchez sur la question du Sahara occidental\u00a0: Un d\u00e9ni du droit d\u00e9cri\u00e9 en Espagne"},"content":{"rendered":"\n<p>La r\u00e9cente sortie du pr\u00e9sident du gouvernement espagnol, Pedro Sanchez, sur la question du Sahara occidental continue de susciter de vives r\u00e9actions au Sahara occidental, en Alg\u00e9rie, mais aussi et surtout en Espagne. Le revirement de Pedro Sanchez a provoqu\u00e9 une v\u00e9ritable lev\u00e9e de bouclier au sein de la soci\u00e9t\u00e9 civile et de la classe politique y compris au sein de son propre gouvernement dont les membres ont tenu \u00e0 se d\u00e9marquer avec la r\u00e9cente d\u00e9cision. Une situation qui fragilise Pedro Sanchez, qui ne doit sa r\u00e9\u00e9lection \u00e0 la t\u00eate du gouvernement espagnol qu\u2019\u00e0 une fragile coalition entre son parti, le parti socialiste et Podemos.&nbsp;<\/p>\n\n\n\n<p>La classe politique s\u2019indigne, affiche son incompr\u00e9hension et demande explication Sanchez pour une d\u00e9cision qui a \u00ab&nbsp;humili\u00e9&nbsp;\u00bb l\u2019Espagne.&nbsp;<\/p>\n\n\n\n<p>Plusieurs membres de son Gouvernement et&nbsp;des&nbsp;partis politiques au pouvoir, d\u2019autres de l\u2019opposition, qualifient cette position de \u00abscandaleuse\u00bb et de \u00abcontraire\u00bb \u00e0 la position historique de l&rsquo;Espagne et au droit international. La Deuxi\u00e8me vice-pr\u00e9sidente du gouvernement espagnol, l\u2019\u00e9quivalent d\u2019un minist\u00e8re d\u2019\u00c9tat du gouvernement de la nation, la ministre du Travail et de l&rsquo;Economie sociale, Yolanda Diaz, a d\u00e9clar\u00e9 qu&rsquo;elle \u00abse d\u00e9marquait totalement de la position de son sup\u00e9rieur\u00bb, soulignant que \u00abla position de l&rsquo;Espagne vis-\u00e0-vis de ce dossier doit \u00e9maner d&rsquo;un dialogue national, tout en tenant compte du droit du peuple sahraoui \u00e0 l&rsquo;autod\u00e9termination, garanti par le droit international\u00bb. La m\u00eame position a \u00e9t\u00e9 prise par la dirigeante du groupe \u00abUnidos Podemos\u00bb au sein de l&rsquo;ex\u00e9cutif espagnol. Cette derni\u00e8re a fait part de \u00abson rejet de la position du Premier ministre qui va \u00e0 l&rsquo;encontre de la position historique de l&rsquo;Espagne sur le Sahara occidental \u00bb. La secr\u00e9taire g\u00e9n\u00e9rale du parti \u00abPodemos\u00bb et ministre des Droits sociaux, Ione Belarra, a r\u00e9it\u00e9r\u00e9 son \u00abengagement \u00e0 d\u00e9fendre le peuple sahraoui et les r\u00e9solutions de l&rsquo;ONU et du Conseil de s\u00e9curit\u00e9 des Nations unies \u00bb, rejetant \u00abla d\u00e9cision du gouvernement espagnol \u00bb. La m\u00eame position a \u00e9t\u00e9 adopt\u00e9e par la secr\u00e9taire aux Affaires internationales de \u00abPodemos\u00bb et eurod\u00e9put\u00e9e, Edoia Villanueva. Cette derni\u00e8re s\u2019est dite \u00abcontre la d\u00e9cision de Sanchez\u00bb, affirmant que \u00abla seule solution pour le conflit au&nbsp;&nbsp;Sahara occidental est l&rsquo;application du droit international qui garantit aux Sahraouis la libert\u00e9 de d\u00e9cider de leur destin\u00bb. Dans le m\u00eame sens, le porte-parole d&rsquo;Unidos Podemos\u00bb, Pablo Echenique Robba, a, s\u2019exprimant au Congr\u00e8s, soulign\u00e9 qu\u2019il se \u00abd\u00e9marque de la nouvelle position de Sanchez\u00bb, relevant que \u00abla pr\u00e9sence du Maroc au Sahara occidental est une occupation militaire, en violation flagrante avec les droits humains de la population indig\u00e8ne\u00bb. Le porte-parole du groupe \u00abSi Podemos\u00bb au Parlement des \u00eeles Canaries, Manuel Marrero, a qualifi\u00e9 \u00ables d\u00e9clarations du Premier ministre espagnol de scandaleuses\u00bb, affirmant qu\u2019il \u00absoutient la th\u00e8se du Maroc sur le Sahara occidental est une violation des r\u00e9solutions des Nations unies\u00bb. D\u2019ailleurs, il a pr\u00e9conis\u00e9 \u00abla tenue d&rsquo;un r\u00e9f\u00e9rendum pour d\u00e9cider de l&rsquo;avenir de ce territoire, et regrettant \u00abla capitulation de Sanchez devant le chantage marocain\u00bb. Le Parti populaire en Espagne se joint pour sa part aux voix contestant la d\u00e9marche prise unilat\u00e9ralement par Pedro Sanchez et a demand\u00e9 la \u00abcomparution&nbsp;&nbsp;du Chef du gouvernement devant le Parlement\u00bb. Dans un communiqu\u00e9 rendu public, le principal parti d&rsquo;opposition dans le pays, a, par le truchement de la coordonnatrice g\u00e9n\u00e9rale du parti, Cuca Gamarra, d\u00e9clar\u00e9 que \u00able changement de la position du gouvernement vis-\u00e0-vis de la question du conflit au Sahara occidental est inacceptable\u00bb. \u00ab. Le chef du parti de gauche Mas Pais, Inigo Errejon, n\u2019est pas en reste en critiquant \u00able changement de position du gouvernement\u00bb, soulignant que l&rsquo;Espagne \u00abne doit en aucun cas \u00eatre une proie au chantage de la monarchie marocain. Des positions qui refl\u00e8tent le m\u00e9contentement de l\u2019ensemble de la classe politique espagnole qui estime que la d\u00e9cision de Sanchez ne repr\u00e9sente que ce dernier. D\u2019ailleurs onze&nbsp;blocs parlementaires espagnols sont \u00e0 pied d\u2019ooeuvre, s&rsquo;appr\u00eatant \u00e0 d\u00e9poser aujourd\u2019hui, \u00e0 la Chambre des repr\u00e9sentants (Parlement), une demande de comparution du Premier ministre espagnol Pedro Sanchez pour s&rsquo;expliquer sur le changement dans la position de Madrid concernant le conflit au Sahara occidental, ont rapport\u00e9 les m\u00e9dias espagnols. Il s\u2019agit des partis EH Bildu, ERC, CUP, BNG, PNV, Junts, Pdecat, Mas Pais, Compromis, Nueva Canarias et Coalicion Canaria Le secr\u00e9taire d&rsquo;Etat \u00e0 l&rsquo;Agenda 2030, Enrique Santiago, a soulign\u00e9 que \u00able gouvernement espagnol ne peut soutenir aucune action contraire aux d\u00e9cisions des Nations unies sur le processus de d\u00e9colonisation du Sahara occidental\u00bb.&nbsp;<\/p>\n\n\n\n<p>Notons que la d\u00e9cision de Sanchez a suscit\u00e9 l\u2019incompr\u00e9hension au Sahara occidental.&nbsp;<\/p>\n\n\n\n<p>La conseill\u00e8re du Pr\u00e9sident sahraoui, Al-Nana Labat al-Rachid, a affirm\u00e9 que \u00abla cause sahraouie est une cause juste fond\u00e9e sur la l\u00e9gitimit\u00e9 internationale et que les cajoleries du Premier ministre espagnol Pedro Sanchez et sa position unilat\u00e9rale dans laquelle il a \u00e9t\u00e9 soumis au chantage du Makhzen, ne serviront en rien le r\u00e9gime d&rsquo;occupation marocain\u00bb. Mme Labat al-Rachid a indiqu\u00e9 que \u00able gouvernement espagnol soutient la proposition de Rabat en raison du chantage marocain et de sa menace constante d&rsquo;inonder Madrid d&rsquo;immigrants ill\u00e9gaux\u00bb. \u00abLa reddition de l&rsquo;Espagne, au r\u00e9gime marocain, intervient dans un contexte international qui ne permet pas de telles concessions, mais il semble que le chantage marocain soit sup\u00e9rieur \u00e0 la loi en Espagne \u00bb, a-t-elle relev\u00e9.&nbsp;Pour rappel, le minist\u00e8re des Affaires \u00e9trang\u00e8res et de la Communaut\u00e9 nationale \u00e0 l\u2019\u00e9tranger s\u2019est dit samedi \u00e9tonn\u00e9 du revirement espagnol et a rappel\u00e9 l\u2019ambassadeur d\u2019Alg\u00e9rie \u00e0 Madrid pour consultations. Notons enfin que le Conseil de la Nation a exprim\u00e9 hier son \u00e9tonnement quant au revirement de la position de l&rsquo;Espagne sur la question du Sahara Occidental, qualifiant de \u00ab\u00a0douteux\u00a0\u00bb l&rsquo;alignement du pr\u00e9sident du gouvernement espagnol, Pedro Sanchez, sur les th\u00e8ses marocaines. Le Conseil de la Nation s&rsquo;interroge, \u00e0 ce titre, sur \u00ab\u00a0les r\u00e9elles vis\u00e9es de ce revirement douteux qui s\u2019est fait dans le cadre d\u2019un \u00e9change au d\u00e9triment des int\u00e9r\u00eats des peuples et leur droit \u00e0 l\u2019autod\u00e9termination, rappelant \u00e0 la m\u00e9moire collective les positions complices similaires \u00e0 celles v\u00e9cues l\u2019ann\u00e9e 1975, dont l\u2019Espagne doit assumer la responsabilit\u00e9 historique, politique et morale ainsi que la responsabilit\u00e9 de mettre un terme \u00e0 leurs r\u00e9percussions n\u00e9fastes \u00e0 l\u2019endroit du peuple sahraoui et toute la r\u00e9gion depuis plus de quatre d\u00e9cades\u00a0\u00bb.<\/p>\n\n\n\n<p><strong>Salim Abdenour<\/strong><\/p>\n","protected":false},"excerpt":{"rendered":"<p>La r\u00e9cente sortie du pr\u00e9sident du gouvernement espagnol, Pedro Sanchez, sur la question du Sahara occidental continue de susciter de<\/p>\n","protected":false},"author":3,"featured_media":18660,"comment_status":"open","ping_status":"closed","sticky":false,"template":"","format":"standard","meta":{"colormag_page_container_layout":"default_layout","colormag_page_sidebar_layout":"default_layout","om_disable_all_campaigns":false,"_monsterinsights_skip_tracking":false,"_monsterinsights_sitenote_active":false,"_monsterinsights_sitenote_note":"","_monsterinsights_sitenote_category":0,"footnotes":"","_wpscppro_dont_share_socialmedia":false,"_wpscppro_custom_social_share_image":0,"_facebook_share_type":"","_twitter_share_type":"","_linkedin_share_type":"","_pinterest_share_type":"","_linkedin_share_type_page":"","_instagram_share_type":"","_medium_share_type":"","_threads_share_type":"","_google_business_share_type":"","_selected_social_profile":[],"_wpsp_enable_custom_social_template":false,"_wpsp_social_scheduling":{"enabled":false,"datetime":null,"platforms":[],"status":"template_only","dateOption":"today","timeOption":"now","customDays":"","customHours":"","customDate":"","customTime":"","schedulingType":"absolute"},"_wpsp_active_default_template":true},"categories":[52,27],"tags":[],"class_list":["post-18656","post","type-post","status-publish","format-standard","has-post-thumbnail","hentry","category-a-la-une","category-actualite"],"aioseo_notices":[],"yoast_head":"<!-- This site is optimized with the Yoast SEO plugin v27.5 - https:\/\/yoast.com\/product\/yoast-seo-wordpress\/ -->\n<title>Revirement\u00a0de Pedro Sanchez sur la question du Sahara occidental\u00a0: Un d\u00e9ni du droit d\u00e9cri\u00e9 en Espagne - La Sentinelle<\/title>\n<meta name=\"robots\" content=\"index, follow, max-snippet:-1, max-image-preview:large, max-video-preview:-1\" \/>\n<link rel=\"canonical\" href=\"https:\/\/lasentinelle.dz\/index.php\/2022\/03\/21\/revirement-de-pedro-sanchez-sur-la-question-du-sahara-occidental-un-deni-du-droit-decrie-en-espagne\/\" \/>\n<meta property=\"og:locale\" content=\"fr_FR\" \/>\n<meta property=\"og:type\" content=\"article\" \/>\n<meta property=\"og:title\" content=\"Revirement\u00a0de Pedro Sanchez sur la question du Sahara occidental\u00a0: Un d\u00e9ni du droit d\u00e9cri\u00e9 en Espagne - La Sentinelle\" \/>\n<meta property=\"og:description\" content=\"La r\u00e9cente sortie du pr\u00e9sident du gouvernement espagnol, Pedro Sanchez, sur la question du Sahara occidental continue de susciter de\" \/>\n<meta property=\"og:url\" content=\"https:\/\/lasentinelle.dz\/index.php\/2022\/03\/21\/revirement-de-pedro-sanchez-sur-la-question-du-sahara-occidental-un-deni-du-droit-decrie-en-espagne\/\" \/>\n<meta property=\"og:site_name\" content=\"La Sentinelle\" \/>\n<meta property=\"article:publisher\" content=\"https:\/\/www.facebook.com\/La-Sentinelle-104059864394773\" \/>\n<meta property=\"article:published_time\" content=\"2022-03-20T23:05:00+00:00\" \/>\n<meta property=\"og:image\" content=\"https:\/\/lasentinelle.dz\/wp-content\/uploads\/2022\/03\/3237-780x470-1.png\" \/>\n\t<meta property=\"og:image:width\" content=\"1494\" \/>\n\t<meta property=\"og:image:height\" content=\"900\" \/>\n\t<meta property=\"og:image:type\" content=\"image\/png\" \/>\n<meta name=\"author\" content=\"La Sentinelle\" \/>\n<meta name=\"twitter:card\" content=\"summary_large_image\" \/>\n<meta name=\"twitter:label1\" content=\"\u00c9crit par\" \/>\n\t<meta name=\"twitter:data1\" content=\"La Sentinelle\" \/>\n\t<meta name=\"twitter:label2\" content=\"Dur\u00e9e de lecture estim\u00e9e\" \/>\n\t<meta name=\"twitter:data2\" content=\"6 minutes\" \/>\n<script type=\"application\/ld+json\" class=\"yoast-schema-graph\">{\"@context\":\"https:\\\/\\\/schema.org\",\"@graph\":[{\"@type\":\"Article\",\"@id\":\"https:\\\/\\\/lasentinelle.dz\\\/index.php\\\/2022\\\/03\\\/21\\\/revirement-de-pedro-sanchez-sur-la-question-du-sahara-occidental-un-deni-du-droit-decrie-en-espagne\\\/#article\",\"isPartOf\":{\"@id\":\"https:\\\/\\\/lasentinelle.dz\\\/index.php\\\/2022\\\/03\\\/21\\\/revirement-de-pedro-sanchez-sur-la-question-du-sahara-occidental-un-deni-du-droit-decrie-en-espagne\\\/\"},\"author\":{\"name\":\"La Sentinelle\",\"@id\":\"https:\\\/\\\/lasentinelle.dz\\\/#\\\/schema\\\/person\\\/d865044e22e70a75174ce8bcad3acfb3\"},\"headline\":\"Revirement\u00a0de Pedro Sanchez sur la question du Sahara occidental\u00a0: Un d\u00e9ni du droit d\u00e9cri\u00e9 en Espagne\",\"datePublished\":\"2022-03-20T23:05:00+00:00\",\"mainEntityOfPage\":{\"@id\":\"https:\\\/\\\/lasentinelle.dz\\\/index.php\\\/2022\\\/03\\\/21\\\/revirement-de-pedro-sanchez-sur-la-question-du-sahara-occidental-un-deni-du-droit-decrie-en-espagne\\\/\"},\"wordCount\":1181,\"commentCount\":0,\"publisher\":{\"@id\":\"https:\\\/\\\/lasentinelle.dz\\\/#organization\"},\"image\":{\"@id\":\"https:\\\/\\\/lasentinelle.dz\\\/index.php\\\/2022\\\/03\\\/21\\\/revirement-de-pedro-sanchez-sur-la-question-du-sahara-occidental-un-deni-du-droit-decrie-en-espagne\\\/#primaryimage\"},\"thumbnailUrl\":\"https:\\\/\\\/lasentinelle.dz\\\/wp-content\\\/uploads\\\/2022\\\/03\\\/3237-780x470-1.png\",\"articleSection\":[\"\u00c0 la Une\",\"Actualit\u00e9\"],\"inLanguage\":\"fr-FR\",\"potentialAction\":[{\"@type\":\"CommentAction\",\"name\":\"Comment\",\"target\":[\"https:\\\/\\\/lasentinelle.dz\\\/index.php\\\/2022\\\/03\\\/21\\\/revirement-de-pedro-sanchez-sur-la-question-du-sahara-occidental-un-deni-du-droit-decrie-en-espagne\\\/#respond\"]}]},{\"@type\":\"WebPage\",\"@id\":\"https:\\\/\\\/lasentinelle.dz\\\/index.php\\\/2022\\\/03\\\/21\\\/revirement-de-pedro-sanchez-sur-la-question-du-sahara-occidental-un-deni-du-droit-decrie-en-espagne\\\/\",\"url\":\"https:\\\/\\\/lasentinelle.dz\\\/index.php\\\/2022\\\/03\\\/21\\\/revirement-de-pedro-sanchez-sur-la-question-du-sahara-occidental-un-deni-du-droit-decrie-en-espagne\\\/\",\"name\":\"Revirement\u00a0de Pedro Sanchez sur la question du Sahara occidental\u00a0: Un d\u00e9ni du droit d\u00e9cri\u00e9 en Espagne - La Sentinelle\",\"isPartOf\":{\"@id\":\"https:\\\/\\\/lasentinelle.dz\\\/#website\"},\"primaryImageOfPage\":{\"@id\":\"https:\\\/\\\/lasentinelle.dz\\\/index.php\\\/2022\\\/03\\\/21\\\/revirement-de-pedro-sanchez-sur-la-question-du-sahara-occidental-un-deni-du-droit-decrie-en-espagne\\\/#primaryimage\"},\"image\":{\"@id\":\"https:\\\/\\\/lasentinelle.dz\\\/index.php\\\/2022\\\/03\\\/21\\\/revirement-de-pedro-sanchez-sur-la-question-du-sahara-occidental-un-deni-du-droit-decrie-en-espagne\\\/#primaryimage\"},\"thumbnailUrl\":\"https:\\\/\\\/lasentinelle.dz\\\/wp-content\\\/uploads\\\/2022\\\/03\\\/3237-780x470-1.png\",\"datePublished\":\"2022-03-20T23:05:00+00:00\",\"breadcrumb\":{\"@id\":\"https:\\\/\\\/lasentinelle.dz\\\/index.php\\\/2022\\\/03\\\/21\\\/revirement-de-pedro-sanchez-sur-la-question-du-sahara-occidental-un-deni-du-droit-decrie-en-espagne\\\/#breadcrumb\"},\"inLanguage\":\"fr-FR\",\"potentialAction\":[{\"@type\":\"ReadAction\",\"target\":[\"https:\\\/\\\/lasentinelle.dz\\\/index.php\\\/2022\\\/03\\\/21\\\/revirement-de-pedro-sanchez-sur-la-question-du-sahara-occidental-un-deni-du-droit-decrie-en-espagne\\\/\"]}]},{\"@type\":\"ImageObject\",\"inLanguage\":\"fr-FR\",\"@id\":\"https:\\\/\\\/lasentinelle.dz\\\/index.php\\\/2022\\\/03\\\/21\\\/revirement-de-pedro-sanchez-sur-la-question-du-sahara-occidental-un-deni-du-droit-decrie-en-espagne\\\/#primaryimage\",\"url\":\"https:\\\/\\\/lasentinelle.dz\\\/wp-content\\\/uploads\\\/2022\\\/03\\\/3237-780x470-1.png\",\"contentUrl\":\"https:\\\/\\\/lasentinelle.dz\\\/wp-content\\\/uploads\\\/2022\\\/03\\\/3237-780x470-1.png\",\"width\":1494,\"height\":900},{\"@type\":\"BreadcrumbList\",\"@id\":\"https:\\\/\\\/lasentinelle.dz\\\/index.php\\\/2022\\\/03\\\/21\\\/revirement-de-pedro-sanchez-sur-la-question-du-sahara-occidental-un-deni-du-droit-decrie-en-espagne\\\/#breadcrumb\",\"itemListElement\":[{\"@type\":\"ListItem\",\"position\":1,\"name\":\"Accueil\",\"item\":\"https:\\\/\\\/lasentinelle.dz\\\/\"},{\"@type\":\"ListItem\",\"position\":2,\"name\":\"Revirement\u00a0de Pedro Sanchez sur la question du Sahara occidental\u00a0: Un d\u00e9ni du droit d\u00e9cri\u00e9 en Espagne\"}]},{\"@type\":\"WebSite\",\"@id\":\"https:\\\/\\\/lasentinelle.dz\\\/#website\",\"url\":\"https:\\\/\\\/lasentinelle.dz\\\/\",\"name\":\"La Sentinelle\",\"description\":\"Quotidien national d&#039;information\",\"publisher\":{\"@id\":\"https:\\\/\\\/lasentinelle.dz\\\/#organization\"},\"potentialAction\":[{\"@type\":\"SearchAction\",\"target\":{\"@type\":\"EntryPoint\",\"urlTemplate\":\"https:\\\/\\\/lasentinelle.dz\\\/?s={search_term_string}\"},\"query-input\":{\"@type\":\"PropertyValueSpecification\",\"valueRequired\":true,\"valueName\":\"search_term_string\"}}],\"inLanguage\":\"fr-FR\"},{\"@type\":\"Organization\",\"@id\":\"https:\\\/\\\/lasentinelle.dz\\\/#organization\",\"name\":\"Quotidien La Sentinelle\",\"url\":\"https:\\\/\\\/lasentinelle.dz\\\/\",\"logo\":{\"@type\":\"ImageObject\",\"inLanguage\":\"fr-FR\",\"@id\":\"https:\\\/\\\/lasentinelle.dz\\\/#\\\/schema\\\/logo\\\/image\\\/\",\"url\":\"https:\\\/\\\/lasentinelle.dz\\\/wp-content\\\/uploads\\\/2021\\\/09\\\/logo-sentinelleSLOGAN-1.png\",\"contentUrl\":\"https:\\\/\\\/lasentinelle.dz\\\/wp-content\\\/uploads\\\/2021\\\/09\\\/logo-sentinelleSLOGAN-1.png\",\"width\":615,\"height\":142,\"caption\":\"Quotidien La Sentinelle\"},\"image\":{\"@id\":\"https:\\\/\\\/lasentinelle.dz\\\/#\\\/schema\\\/logo\\\/image\\\/\"},\"sameAs\":[\"https:\\\/\\\/www.facebook.com\\\/La-Sentinelle-104059864394773\"]},{\"@type\":\"Person\",\"@id\":\"https:\\\/\\\/lasentinelle.dz\\\/#\\\/schema\\\/person\\\/d865044e22e70a75174ce8bcad3acfb3\",\"name\":\"La Sentinelle\",\"image\":{\"@type\":\"ImageObject\",\"inLanguage\":\"fr-FR\",\"@id\":\"https:\\\/\\\/secure.gravatar.com\\\/avatar\\\/57de8e5d4b15d43fb361a71fbb36338450fe67865b528a43dd10ef7c51a20392?s=96&d=mm&r=g\",\"url\":\"https:\\\/\\\/secure.gravatar.com\\\/avatar\\\/57de8e5d4b15d43fb361a71fbb36338450fe67865b528a43dd10ef7c51a20392?s=96&d=mm&r=g\",\"contentUrl\":\"https:\\\/\\\/secure.gravatar.com\\\/avatar\\\/57de8e5d4b15d43fb361a71fbb36338450fe67865b528a43dd10ef7c51a20392?s=96&d=mm&r=g\",\"caption\":\"La Sentinelle\"},\"sameAs\":[\"http:\\\/\\\/www.lasentinelle.dz\"],\"url\":\"https:\\\/\\\/lasentinelle.dz\\\/author\\\/redaction\\\/\"}]}<\/script>\n<!-- \/ Yoast SEO plugin. -->","yoast_head_json":{"title":"Revirement\u00a0de Pedro Sanchez sur la question du Sahara occidental\u00a0: Un d\u00e9ni du droit d\u00e9cri\u00e9 en Espagne - La Sentinelle","robots":{"index":"index","follow":"follow","max-snippet":"max-snippet:-1","max-image-preview":"max-image-preview:large","max-video-preview":"max-video-preview:-1"},"canonical":"https:\/\/lasentinelle.dz\/index.php\/2022\/03\/21\/revirement-de-pedro-sanchez-sur-la-question-du-sahara-occidental-un-deni-du-droit-decrie-en-espagne\/","og_locale":"fr_FR","og_type":"article","og_title":"Revirement\u00a0de Pedro Sanchez sur la question du Sahara occidental\u00a0: Un d\u00e9ni du droit d\u00e9cri\u00e9 en Espagne - La Sentinelle","og_description":"La r\u00e9cente sortie du pr\u00e9sident du gouvernement espagnol, Pedro Sanchez, sur la question du Sahara occidental continue de susciter de","og_url":"https:\/\/lasentinelle.dz\/index.php\/2022\/03\/21\/revirement-de-pedro-sanchez-sur-la-question-du-sahara-occidental-un-deni-du-droit-decrie-en-espagne\/","og_site_name":"La Sentinelle","article_publisher":"https:\/\/www.facebook.com\/La-Sentinelle-104059864394773","article_published_time":"2022-03-20T23:05:00+00:00","og_image":[{"width":1494,"height":900,"url":"https:\/\/lasentinelle.dz\/wp-content\/uploads\/2022\/03\/3237-780x470-1.png","type":"image\/png"}],"author":"La Sentinelle","twitter_card":"summary_large_image","twitter_misc":{"\u00c9crit par":"La Sentinelle","Dur\u00e9e de lecture estim\u00e9e":"6 minutes"},"schema":{"@context":"https:\/\/schema.org","@graph":[{"@type":"Article","@id":"https:\/\/lasentinelle.dz\/index.php\/2022\/03\/21\/revirement-de-pedro-sanchez-sur-la-question-du-sahara-occidental-un-deni-du-droit-decrie-en-espagne\/#article","isPartOf":{"@id":"https:\/\/lasentinelle.dz\/index.php\/2022\/03\/21\/revirement-de-pedro-sanchez-sur-la-question-du-sahara-occidental-un-deni-du-droit-decrie-en-espagne\/"},"author":{"name":"La Sentinelle","@id":"https:\/\/lasentinelle.dz\/#\/schema\/person\/d865044e22e70a75174ce8bcad3acfb3"},"headline":"Revirement\u00a0de Pedro Sanchez sur la question du Sahara occidental\u00a0: Un d\u00e9ni du droit d\u00e9cri\u00e9 en Espagne","datePublished":"2022-03-20T23:05:00+00:00","mainEntityOfPage":{"@id":"https:\/\/lasentinelle.dz\/index.php\/2022\/03\/21\/revirement-de-pedro-sanchez-sur-la-question-du-sahara-occidental-un-deni-du-droit-decrie-en-espagne\/"},"wordCount":1181,"commentCount":0,"publisher":{"@id":"https:\/\/lasentinelle.dz\/#organization"},"image":{"@id":"https:\/\/lasentinelle.dz\/index.php\/2022\/03\/21\/revirement-de-pedro-sanchez-sur-la-question-du-sahara-occidental-un-deni-du-droit-decrie-en-espagne\/#primaryimage"},"thumbnailUrl":"https:\/\/lasentinelle.dz\/wp-content\/uploads\/2022\/03\/3237-780x470-1.png","articleSection":["\u00c0 la Une","Actualit\u00e9"],"inLanguage":"fr-FR","potentialAction":[{"@type":"CommentAction","name":"Comment","target":["https:\/\/lasentinelle.dz\/index.php\/2022\/03\/21\/revirement-de-pedro-sanchez-sur-la-question-du-sahara-occidental-un-deni-du-droit-decrie-en-espagne\/#respond"]}]},{"@type":"WebPage","@id":"https:\/\/lasentinelle.dz\/index.php\/2022\/03\/21\/revirement-de-pedro-sanchez-sur-la-question-du-sahara-occidental-un-deni-du-droit-decrie-en-espagne\/","url":"https:\/\/lasentinelle.dz\/index.php\/2022\/03\/21\/revirement-de-pedro-sanchez-sur-la-question-du-sahara-occidental-un-deni-du-droit-decrie-en-espagne\/","name":"Revirement\u00a0de Pedro Sanchez sur la question du Sahara occidental\u00a0: Un d\u00e9ni du droit d\u00e9cri\u00e9 en Espagne - La Sentinelle","isPartOf":{"@id":"https:\/\/lasentinelle.dz\/#website"},"primaryImageOfPage":{"@id":"https:\/\/lasentinelle.dz\/index.php\/2022\/03\/21\/revirement-de-pedro-sanchez-sur-la-question-du-sahara-occidental-un-deni-du-droit-decrie-en-espagne\/#primaryimage"},"image":{"@id":"https:\/\/lasentinelle.dz\/index.php\/2022\/03\/21\/revirement-de-pedro-sanchez-sur-la-question-du-sahara-occidental-un-deni-du-droit-decrie-en-espagne\/#primaryimage"},"thumbnailUrl":"https:\/\/lasentinelle.dz\/wp-content\/uploads\/2022\/03\/3237-780x470-1.png","datePublished":"2022-03-20T23:05:00+00:00","breadcrumb":{"@id":"https:\/\/lasentinelle.dz\/index.php\/2022\/03\/21\/revirement-de-pedro-sanchez-sur-la-question-du-sahara-occidental-un-deni-du-droit-decrie-en-espagne\/#breadcrumb"},"inLanguage":"fr-FR","potentialAction":[{"@type":"ReadAction","target":["https:\/\/lasentinelle.dz\/index.php\/2022\/03\/21\/revirement-de-pedro-sanchez-sur-la-question-du-sahara-occidental-un-deni-du-droit-decrie-en-espagne\/"]}]},{"@type":"ImageObject","inLanguage":"fr-FR","@id":"https:\/\/lasentinelle.dz\/index.php\/2022\/03\/21\/revirement-de-pedro-sanchez-sur-la-question-du-sahara-occidental-un-deni-du-droit-decrie-en-espagne\/#primaryimage","url":"https:\/\/lasentinelle.dz\/wp-content\/uploads\/2022\/03\/3237-780x470-1.png","contentUrl":"https:\/\/lasentinelle.dz\/wp-content\/uploads\/2022\/03\/3237-780x470-1.png","width":1494,"height":900},{"@type":"BreadcrumbList","@id":"https:\/\/lasentinelle.dz\/index.php\/2022\/03\/21\/revirement-de-pedro-sanchez-sur-la-question-du-sahara-occidental-un-deni-du-droit-decrie-en-espagne\/#breadcrumb","itemListElement":[{"@type":"ListItem","position":1,"name":"Accueil","item":"https:\/\/lasentinelle.dz\/"},{"@type":"ListItem","position":2,"name":"Revirement\u00a0de Pedro Sanchez sur la question du Sahara occidental\u00a0: Un d\u00e9ni du droit d\u00e9cri\u00e9 en Espagne"}]},{"@type":"WebSite","@id":"https:\/\/lasentinelle.dz\/#website","url":"https:\/\/lasentinelle.dz\/","name":"La Sentinelle","description":"Quotidien national d&#039;information","publisher":{"@id":"https:\/\/lasentinelle.dz\/#organization"},"potentialAction":[{"@type":"SearchAction","target":{"@type":"EntryPoint","urlTemplate":"https:\/\/lasentinelle.dz\/?s={search_term_string}"},"query-input":{"@type":"PropertyValueSpecification","valueRequired":true,"valueName":"search_term_string"}}],"inLanguage":"fr-FR"},{"@type":"Organization","@id":"https:\/\/lasentinelle.dz\/#organization","name":"Quotidien La Sentinelle","url":"https:\/\/lasentinelle.dz\/","logo":{"@type":"ImageObject","inLanguage":"fr-FR","@id":"https:\/\/lasentinelle.dz\/#\/schema\/logo\/image\/","url":"https:\/\/lasentinelle.dz\/wp-content\/uploads\/2021\/09\/logo-sentinelleSLOGAN-1.png","contentUrl":"https:\/\/lasentinelle.dz\/wp-content\/uploads\/2021\/09\/logo-sentinelleSLOGAN-1.png","width":615,"height":142,"caption":"Quotidien La Sentinelle"},"image":{"@id":"https:\/\/lasentinelle.dz\/#\/schema\/logo\/image\/"},"sameAs":["https:\/\/www.facebook.com\/La-Sentinelle-104059864394773"]},{"@type":"Person","@id":"https:\/\/lasentinelle.dz\/#\/schema\/person\/d865044e22e70a75174ce8bcad3acfb3","name":"La Sentinelle","image":{"@type":"ImageObject","inLanguage":"fr-FR","@id":"https:\/\/secure.gravatar.com\/avatar\/57de8e5d4b15d43fb361a71fbb36338450fe67865b528a43dd10ef7c51a20392?s=96&d=mm&r=g","url":"https:\/\/secure.gravatar.com\/avatar\/57de8e5d4b15d43fb361a71fbb36338450fe67865b528a43dd10ef7c51a20392?s=96&d=mm&r=g","contentUrl":"https:\/\/secure.gravatar.com\/avatar\/57de8e5d4b15d43fb361a71fbb36338450fe67865b528a43dd10ef7c51a20392?s=96&d=mm&r=g","caption":"La Sentinelle"},"sameAs":["http:\/\/www.lasentinelle.dz"],"url":"https:\/\/lasentinelle.dz\/author\/redaction\/"}]}},"_links":{"self":[{"href":"https:\/\/lasentinelle.dz\/index.php\/wp-json\/wp\/v2\/posts\/18656","targetHints":{"allow":["GET"]}}],"collection":[{"href":"https:\/\/lasentinelle.dz\/index.php\/wp-json\/wp\/v2\/posts"}],"about":[{"href":"https:\/\/lasentinelle.dz\/index.php\/wp-json\/wp\/v2\/types\/post"}],"author":[{"embeddable":true,"href":"https:\/\/lasentinelle.dz\/index.php\/wp-json\/wp\/v2\/users\/3"}],"replies":[{"embeddable":true,"href":"https:\/\/lasentinelle.dz\/index.php\/wp-json\/wp\/v2\/comments?post=18656"}],"version-history":[{"count":1,"href":"https:\/\/lasentinelle.dz\/index.php\/wp-json\/wp\/v2\/posts\/18656\/revisions"}],"predecessor-version":[{"id":18662,"href":"https:\/\/lasentinelle.dz\/index.php\/wp-json\/wp\/v2\/posts\/18656\/revisions\/18662"}],"wp:featuredmedia":[{"embeddable":true,"href":"https:\/\/lasentinelle.dz\/index.php\/wp-json\/wp\/v2\/media\/18660"}],"wp:attachment":[{"href":"https:\/\/lasentinelle.dz\/index.php\/wp-json\/wp\/v2\/media?parent=18656"}],"wp:term":[{"taxonomy":"category","embeddable":true,"href":"https:\/\/lasentinelle.dz\/index.php\/wp-json\/wp\/v2\/categories?post=18656"},{"taxonomy":"post_tag","embeddable":true,"href":"https:\/\/lasentinelle.dz\/index.php\/wp-json\/wp\/v2\/tags?post=18656"}],"curies":[{"name":"wp","href":"https:\/\/api.w.org\/{rel}","templated":true}]}}