{"id":18668,"date":"2022-03-22T00:01:00","date_gmt":"2022-03-21T23:01:00","guid":{"rendered":"https:\/\/lasentinelle.dz\/?p=18668"},"modified":"2022-03-21T20:11:08","modified_gmt":"2022-03-21T19:11:08","slug":"chanegriha-a-louverture-de-la-conference-internationale-de-defense-maritime-de-doha-la-politique-de-defense-de-lalgerie-saluee","status":"publish","type":"post","link":"https:\/\/lasentinelle.dz\/index.php\/2022\/03\/22\/chanegriha-a-louverture-de-la-conference-internationale-de-defense-maritime-de-doha-la-politique-de-defense-de-lalgerie-saluee\/","title":{"rendered":"Chanegriha \u00e0 l&rsquo;ouverture de la Conf\u00e9rence internationale de d\u00e9fense maritime de Doha\u00a0: La politique de d\u00e9fense de l\u2019Alg\u00e9rie salu\u00e9e"},"content":{"rendered":"\n<p>&nbsp;Le G\u00e9n\u00e9ral de Corps d\u2019Arm\u00e9e, Sa\u00efd Chanegriha, Chef d\u2019Etat-Major de l\u2019Arm\u00e9e nationale populaire (ANP) a pris part \u00e0 l\u2019ouverture des travaux de l\u2019Exposition et la Conf\u00e9rence internationale de d\u00e9fense maritime de Doha \u00ab\u00a0DIMDEX 2022\u00a0\u00bb,&nbsp;a&nbsp;indiqu\u00e9&nbsp;hier&nbsp;le minist\u00e8re de la D\u00e9fense nationale (MDN) dans un communiqu\u00e9.<\/p>\n\n\n\n<p>\u00ab\u00a0Au premier jour de sa visite officielle \u00e0 l\u2019Etat du Qatar, Monsieur le G\u00e9n\u00e9ral de Corps d\u2019Arm\u00e9e, Sa\u00efd Chanegriha, Chef d\u2019Etat-Major de l\u2019Arm\u00e9e nationale populaire a pris part \u00e0 l\u2019ouverture des travaux de l\u2019Exposition et la Conf\u00e9rence internationale de d\u00e9fense maritime de Doha&nbsp;&nbsp;+DIMDEX 2022 +. Monsieur le G\u00e9n\u00e9ral de Corps d\u2019Arm\u00e9e a fait le tour de l\u2019exposition et s\u2019est longuement arr\u00eat\u00e9 devant le stand qatari, o\u00f9 il s\u2019est enquis de la production militaire qatarie dans les diff\u00e9rents syst\u00e8mes et m\u00e9canismes de d\u00e9fense\u00a0\u00bb, souligne le communiqu\u00e9.<\/p>\n\n\n\n<p>Selon la m\u00eame source, le G\u00e9n\u00e9ral de Corps d\u2019Arm\u00e9e s\u2019est entretenu, par la suite, avec le G\u00e9n\u00e9ral d\u2019Arm\u00e9e Hamad Ben Ali Al Attiyah, Conseiller de son Altesse l\u2019Emir de l\u2019Etat du Qatar pour les Affaires de D\u00e9fense, auquel il a transmis, par la m\u00eame occasion, les salutations de Monsieur le pr\u00e9sident de la R\u00e9publique, Monsieur Abdelmadjid Tebboune, Chef supr\u00eame des Forces arm\u00e9es, ministre de la D\u00e9fense nationale, adress\u00e9es \u00e0 son Altesse Tamim Ben Hamed Al Thani, Emir de l\u2019Etat du Qatar\u00a0\u00bb.&nbsp;Pour sa part, \u00ab\u00a0le G\u00e9n\u00e9ral d\u2019Arm\u00e9e Hamad Ben Ali Al Attiyah a salu\u00e9 la politique de d\u00e9fense de l\u2019Alg\u00e9rie et sa large exp\u00e9rience, avant d\u2019\u00e9voquer l\u2019illustre histoire de l\u2019Alg\u00e9rie et son parcours dans la lutte contre le terrorisme et le tarissement de ses sources\u00a0\u00bb, ajoute le communiqu\u00e9.&nbsp;Le G\u00e9n\u00e9ral de Corps d\u2019Arm\u00e9e, Chef d\u2019Etat-Major de l\u2019ANP a tenu \u00e9galement \u00ab\u00a0une deuxi\u00e8me rencontre avec le Chef d\u2019Etat-Major des Forces arm\u00e9es qataries, le G\u00e9n\u00e9ral de Corps d&rsquo;Arm\u00e9e Salem Ben Hamad Al Akeel Al Nabet, au cours de laquelle ils ont abord\u00e9 les questions relatives \u00e0 la formation dans le domaine militaire et l\u2019\u00e9change d\u2019exp\u00e9riences entre les arm\u00e9es des deux pays, avant de cl\u00f4turer la s\u00e9ance par l\u2019\u00e9change de pr\u00e9sents symboliques\u00a0\u00bb.<\/p>\n\n\n\n<p>Pour rappel, le Chef d\u2019Etat-Major de l\u2019ANP avait \u00e9t\u00e9 accueilli, dimanche, \u00e0 son arriv\u00e9e \u00e0 l\u2019A\u00e9roport international de Doha, par le G\u00e9n\u00e9ral-Major Jassim Al-Mohanndi, Chef de l\u2019Organe d\u2019Instruction, et le G\u00e9n\u00e9ral de Brigade Ahmed Al-Mansouri, Directeur des protocoles et des relations publiques au Commandement g\u00e9n\u00e9ral des Forces arm\u00e9es qataries, ainsi que par l\u2019ambassadeur d\u2019Alg\u00e9rie au Qatar, l\u2019ambassadeur du Qatar \u00e0 Alger et l\u2019Attach\u00e9 de D\u00e9fense qatari \u00e0 Alger.&nbsp;Il est \u00e0 signaler que l&rsquo;Exposition et la Conf\u00e9rence internationale de D\u00e9fense maritime \u00ab\u00a0DIMDEX-2022\u00a0\u00bb est l\u2019une des plus importantes manifestations militaires au Moyen-Orient, \u00e0 laquelle participent 200 soci\u00e9t\u00e9s sp\u00e9cialis\u00e9es.<\/p>\n\n\n\n<p><strong>APS<\/strong><\/p>\n","protected":false},"excerpt":{"rendered":"<p>&nbsp;Le G\u00e9n\u00e9ral de Corps d\u2019Arm\u00e9e, Sa\u00efd Chanegriha, Chef d\u2019Etat-Major de l\u2019Arm\u00e9e nationale populaire (ANP) a pris part \u00e0 l\u2019ouverture des<\/p>\n","protected":false},"author":3,"featured_media":18727,"comment_status":"open","ping_status":"closed","sticky":false,"template":"","format":"standard","meta":{"colormag_page_container_layout":"default_layout","colormag_page_sidebar_layout":"default_layout","om_disable_all_campaigns":false,"_monsterinsights_skip_tracking":false,"_monsterinsights_sitenote_active":false,"_monsterinsights_sitenote_note":"","_monsterinsights_sitenote_category":0,"footnotes":"","_wpscppro_dont_share_socialmedia":false,"_wpscppro_custom_social_share_image":0,"_facebook_share_type":"","_twitter_share_type":"","_linkedin_share_type":"","_pinterest_share_type":"","_linkedin_share_type_page":"","_instagram_share_type":"","_medium_share_type":"","_threads_share_type":"","_google_business_share_type":"","_selected_social_profile":[],"_wpsp_enable_custom_social_template":false,"_wpsp_social_scheduling":{"enabled":false,"datetime":null,"platforms":[],"status":"template_only","dateOption":"today","timeOption":"now","customDays":"","customHours":"","customDate":"","customTime":"","schedulingType":"absolute"},"_wpsp_active_default_template":true},"categories":[27],"tags":[],"class_list":["post-18668","post","type-post","status-publish","format-standard","has-post-thumbnail","hentry","category-actualite"],"aioseo_notices":[],"yoast_head":"<!-- This site is optimized with the Yoast SEO plugin v27.5 - https:\/\/yoast.com\/product\/yoast-seo-wordpress\/ -->\n<title>Chanegriha \u00e0 l&#039;ouverture de la Conf\u00e9rence internationale de d\u00e9fense maritime de Doha\u00a0: La politique de d\u00e9fense de l\u2019Alg\u00e9rie salu\u00e9e - La Sentinelle<\/title>\n<meta name=\"robots\" content=\"index, follow, max-snippet:-1, max-image-preview:large, max-video-preview:-1\" \/>\n<link rel=\"canonical\" href=\"https:\/\/lasentinelle.dz\/index.php\/2022\/03\/22\/chanegriha-a-louverture-de-la-conference-internationale-de-defense-maritime-de-doha-la-politique-de-defense-de-lalgerie-saluee\/\" \/>\n<meta property=\"og:locale\" content=\"fr_FR\" \/>\n<meta property=\"og:type\" content=\"article\" \/>\n<meta property=\"og:title\" content=\"Chanegriha \u00e0 l&#039;ouverture de la Conf\u00e9rence internationale de d\u00e9fense maritime de Doha\u00a0: La politique de d\u00e9fense de l\u2019Alg\u00e9rie salu\u00e9e - La Sentinelle\" \/>\n<meta property=\"og:description\" content=\"&nbsp;Le G\u00e9n\u00e9ral de Corps d\u2019Arm\u00e9e, Sa\u00efd Chanegriha, Chef d\u2019Etat-Major de l\u2019Arm\u00e9e nationale populaire (ANP) a pris part \u00e0 l\u2019ouverture des\" \/>\n<meta property=\"og:url\" content=\"https:\/\/lasentinelle.dz\/index.php\/2022\/03\/22\/chanegriha-a-louverture-de-la-conference-internationale-de-defense-maritime-de-doha-la-politique-de-defense-de-lalgerie-saluee\/\" \/>\n<meta property=\"og:site_name\" content=\"La Sentinelle\" \/>\n<meta property=\"article:publisher\" content=\"https:\/\/www.facebook.com\/La-Sentinelle-104059864394773\" \/>\n<meta property=\"article:published_time\" content=\"2022-03-21T23:01:00+00:00\" \/>\n<meta property=\"og:image\" content=\"https:\/\/lasentinelle.dz\/wp-content\/uploads\/2022\/03\/b180ae24ef2f65686c1d73a293aa9fc5.jpg\" \/>\n\t<meta property=\"og:image:width\" content=\"745\" \/>\n\t<meta property=\"og:image:height\" content=\"470\" \/>\n\t<meta property=\"og:image:type\" content=\"image\/jpeg\" \/>\n<meta name=\"author\" content=\"La Sentinelle\" \/>\n<meta name=\"twitter:card\" content=\"summary_large_image\" \/>\n<meta name=\"twitter:label1\" content=\"\u00c9crit par\" \/>\n\t<meta name=\"twitter:data1\" content=\"La Sentinelle\" \/>\n\t<meta name=\"twitter:label2\" content=\"Dur\u00e9e de lecture estim\u00e9e\" \/>\n\t<meta name=\"twitter:data2\" content=\"3 minutes\" \/>\n<script type=\"application\/ld+json\" class=\"yoast-schema-graph\">{\"@context\":\"https:\\\/\\\/schema.org\",\"@graph\":[{\"@type\":\"Article\",\"@id\":\"https:\\\/\\\/lasentinelle.dz\\\/index.php\\\/2022\\\/03\\\/22\\\/chanegriha-a-louverture-de-la-conference-internationale-de-defense-maritime-de-doha-la-politique-de-defense-de-lalgerie-saluee\\\/#article\",\"isPartOf\":{\"@id\":\"https:\\\/\\\/lasentinelle.dz\\\/index.php\\\/2022\\\/03\\\/22\\\/chanegriha-a-louverture-de-la-conference-internationale-de-defense-maritime-de-doha-la-politique-de-defense-de-lalgerie-saluee\\\/\"},\"author\":{\"name\":\"La Sentinelle\",\"@id\":\"https:\\\/\\\/lasentinelle.dz\\\/#\\\/schema\\\/person\\\/d865044e22e70a75174ce8bcad3acfb3\"},\"headline\":\"Chanegriha \u00e0 l&rsquo;ouverture de la Conf\u00e9rence internationale de d\u00e9fense maritime de Doha\u00a0: La politique de d\u00e9fense de l\u2019Alg\u00e9rie salu\u00e9e\",\"datePublished\":\"2022-03-21T23:01:00+00:00\",\"mainEntityOfPage\":{\"@id\":\"https:\\\/\\\/lasentinelle.dz\\\/index.php\\\/2022\\\/03\\\/22\\\/chanegriha-a-louverture-de-la-conference-internationale-de-defense-maritime-de-doha-la-politique-de-defense-de-lalgerie-saluee\\\/\"},\"wordCount\":571,\"commentCount\":0,\"publisher\":{\"@id\":\"https:\\\/\\\/lasentinelle.dz\\\/#organization\"},\"image\":{\"@id\":\"https:\\\/\\\/lasentinelle.dz\\\/index.php\\\/2022\\\/03\\\/22\\\/chanegriha-a-louverture-de-la-conference-internationale-de-defense-maritime-de-doha-la-politique-de-defense-de-lalgerie-saluee\\\/#primaryimage\"},\"thumbnailUrl\":\"https:\\\/\\\/lasentinelle.dz\\\/wp-content\\\/uploads\\\/2022\\\/03\\\/b180ae24ef2f65686c1d73a293aa9fc5.jpg\",\"articleSection\":[\"Actualit\u00e9\"],\"inLanguage\":\"fr-FR\",\"potentialAction\":[{\"@type\":\"CommentAction\",\"name\":\"Comment\",\"target\":[\"https:\\\/\\\/lasentinelle.dz\\\/index.php\\\/2022\\\/03\\\/22\\\/chanegriha-a-louverture-de-la-conference-internationale-de-defense-maritime-de-doha-la-politique-de-defense-de-lalgerie-saluee\\\/#respond\"]}]},{\"@type\":\"WebPage\",\"@id\":\"https:\\\/\\\/lasentinelle.dz\\\/index.php\\\/2022\\\/03\\\/22\\\/chanegriha-a-louverture-de-la-conference-internationale-de-defense-maritime-de-doha-la-politique-de-defense-de-lalgerie-saluee\\\/\",\"url\":\"https:\\\/\\\/lasentinelle.dz\\\/index.php\\\/2022\\\/03\\\/22\\\/chanegriha-a-louverture-de-la-conference-internationale-de-defense-maritime-de-doha-la-politique-de-defense-de-lalgerie-saluee\\\/\",\"name\":\"Chanegriha \u00e0 l'ouverture de la Conf\u00e9rence internationale de d\u00e9fense maritime de Doha\u00a0: La politique de d\u00e9fense de l\u2019Alg\u00e9rie salu\u00e9e - La Sentinelle\",\"isPartOf\":{\"@id\":\"https:\\\/\\\/lasentinelle.dz\\\/#website\"},\"primaryImageOfPage\":{\"@id\":\"https:\\\/\\\/lasentinelle.dz\\\/index.php\\\/2022\\\/03\\\/22\\\/chanegriha-a-louverture-de-la-conference-internationale-de-defense-maritime-de-doha-la-politique-de-defense-de-lalgerie-saluee\\\/#primaryimage\"},\"image\":{\"@id\":\"https:\\\/\\\/lasentinelle.dz\\\/index.php\\\/2022\\\/03\\\/22\\\/chanegriha-a-louverture-de-la-conference-internationale-de-defense-maritime-de-doha-la-politique-de-defense-de-lalgerie-saluee\\\/#primaryimage\"},\"thumbnailUrl\":\"https:\\\/\\\/lasentinelle.dz\\\/wp-content\\\/uploads\\\/2022\\\/03\\\/b180ae24ef2f65686c1d73a293aa9fc5.jpg\",\"datePublished\":\"2022-03-21T23:01:00+00:00\",\"breadcrumb\":{\"@id\":\"https:\\\/\\\/lasentinelle.dz\\\/index.php\\\/2022\\\/03\\\/22\\\/chanegriha-a-louverture-de-la-conference-internationale-de-defense-maritime-de-doha-la-politique-de-defense-de-lalgerie-saluee\\\/#breadcrumb\"},\"inLanguage\":\"fr-FR\",\"potentialAction\":[{\"@type\":\"ReadAction\",\"target\":[\"https:\\\/\\\/lasentinelle.dz\\\/index.php\\\/2022\\\/03\\\/22\\\/chanegriha-a-louverture-de-la-conference-internationale-de-defense-maritime-de-doha-la-politique-de-defense-de-lalgerie-saluee\\\/\"]}]},{\"@type\":\"ImageObject\",\"inLanguage\":\"fr-FR\",\"@id\":\"https:\\\/\\\/lasentinelle.dz\\\/index.php\\\/2022\\\/03\\\/22\\\/chanegriha-a-louverture-de-la-conference-internationale-de-defense-maritime-de-doha-la-politique-de-defense-de-lalgerie-saluee\\\/#primaryimage\",\"url\":\"https:\\\/\\\/lasentinelle.dz\\\/wp-content\\\/uploads\\\/2022\\\/03\\\/b180ae24ef2f65686c1d73a293aa9fc5.jpg\",\"contentUrl\":\"https:\\\/\\\/lasentinelle.dz\\\/wp-content\\\/uploads\\\/2022\\\/03\\\/b180ae24ef2f65686c1d73a293aa9fc5.jpg\",\"width\":745,\"height\":470},{\"@type\":\"BreadcrumbList\",\"@id\":\"https:\\\/\\\/lasentinelle.dz\\\/index.php\\\/2022\\\/03\\\/22\\\/chanegriha-a-louverture-de-la-conference-internationale-de-defense-maritime-de-doha-la-politique-de-defense-de-lalgerie-saluee\\\/#breadcrumb\",\"itemListElement\":[{\"@type\":\"ListItem\",\"position\":1,\"name\":\"Accueil\",\"item\":\"https:\\\/\\\/lasentinelle.dz\\\/\"},{\"@type\":\"ListItem\",\"position\":2,\"name\":\"Chanegriha \u00e0 l&rsquo;ouverture de la Conf\u00e9rence internationale de d\u00e9fense maritime de Doha\u00a0: La politique de d\u00e9fense de l\u2019Alg\u00e9rie salu\u00e9e\"}]},{\"@type\":\"WebSite\",\"@id\":\"https:\\\/\\\/lasentinelle.dz\\\/#website\",\"url\":\"https:\\\/\\\/lasentinelle.dz\\\/\",\"name\":\"La Sentinelle\",\"description\":\"Quotidien national d&#039;information\",\"publisher\":{\"@id\":\"https:\\\/\\\/lasentinelle.dz\\\/#organization\"},\"potentialAction\":[{\"@type\":\"SearchAction\",\"target\":{\"@type\":\"EntryPoint\",\"urlTemplate\":\"https:\\\/\\\/lasentinelle.dz\\\/?s={search_term_string}\"},\"query-input\":{\"@type\":\"PropertyValueSpecification\",\"valueRequired\":true,\"valueName\":\"search_term_string\"}}],\"inLanguage\":\"fr-FR\"},{\"@type\":\"Organization\",\"@id\":\"https:\\\/\\\/lasentinelle.dz\\\/#organization\",\"name\":\"Quotidien La Sentinelle\",\"url\":\"https:\\\/\\\/lasentinelle.dz\\\/\",\"logo\":{\"@type\":\"ImageObject\",\"inLanguage\":\"fr-FR\",\"@id\":\"https:\\\/\\\/lasentinelle.dz\\\/#\\\/schema\\\/logo\\\/image\\\/\",\"url\":\"https:\\\/\\\/lasentinelle.dz\\\/wp-content\\\/uploads\\\/2021\\\/09\\\/logo-sentinelleSLOGAN-1.png\",\"contentUrl\":\"https:\\\/\\\/lasentinelle.dz\\\/wp-content\\\/uploads\\\/2021\\\/09\\\/logo-sentinelleSLOGAN-1.png\",\"width\":615,\"height\":142,\"caption\":\"Quotidien La Sentinelle\"},\"image\":{\"@id\":\"https:\\\/\\\/lasentinelle.dz\\\/#\\\/schema\\\/logo\\\/image\\\/\"},\"sameAs\":[\"https:\\\/\\\/www.facebook.com\\\/La-Sentinelle-104059864394773\"]},{\"@type\":\"Person\",\"@id\":\"https:\\\/\\\/lasentinelle.dz\\\/#\\\/schema\\\/person\\\/d865044e22e70a75174ce8bcad3acfb3\",\"name\":\"La Sentinelle\",\"image\":{\"@type\":\"ImageObject\",\"inLanguage\":\"fr-FR\",\"@id\":\"https:\\\/\\\/secure.gravatar.com\\\/avatar\\\/57de8e5d4b15d43fb361a71fbb36338450fe67865b528a43dd10ef7c51a20392?s=96&d=mm&r=g\",\"url\":\"https:\\\/\\\/secure.gravatar.com\\\/avatar\\\/57de8e5d4b15d43fb361a71fbb36338450fe67865b528a43dd10ef7c51a20392?s=96&d=mm&r=g\",\"contentUrl\":\"https:\\\/\\\/secure.gravatar.com\\\/avatar\\\/57de8e5d4b15d43fb361a71fbb36338450fe67865b528a43dd10ef7c51a20392?s=96&d=mm&r=g\",\"caption\":\"La Sentinelle\"},\"sameAs\":[\"http:\\\/\\\/www.lasentinelle.dz\"],\"url\":\"https:\\\/\\\/lasentinelle.dz\\\/author\\\/redaction\\\/\"}]}<\/script>\n<!-- \/ Yoast SEO plugin. -->","yoast_head_json":{"title":"Chanegriha \u00e0 l'ouverture de la Conf\u00e9rence internationale de d\u00e9fense maritime de Doha\u00a0: La politique de d\u00e9fense de l\u2019Alg\u00e9rie salu\u00e9e - La Sentinelle","robots":{"index":"index","follow":"follow","max-snippet":"max-snippet:-1","max-image-preview":"max-image-preview:large","max-video-preview":"max-video-preview:-1"},"canonical":"https:\/\/lasentinelle.dz\/index.php\/2022\/03\/22\/chanegriha-a-louverture-de-la-conference-internationale-de-defense-maritime-de-doha-la-politique-de-defense-de-lalgerie-saluee\/","og_locale":"fr_FR","og_type":"article","og_title":"Chanegriha \u00e0 l'ouverture de la Conf\u00e9rence internationale de d\u00e9fense maritime de Doha\u00a0: La politique de d\u00e9fense de l\u2019Alg\u00e9rie salu\u00e9e - La Sentinelle","og_description":"&nbsp;Le G\u00e9n\u00e9ral de Corps d\u2019Arm\u00e9e, Sa\u00efd Chanegriha, Chef d\u2019Etat-Major de l\u2019Arm\u00e9e nationale populaire (ANP) a pris part \u00e0 l\u2019ouverture des","og_url":"https:\/\/lasentinelle.dz\/index.php\/2022\/03\/22\/chanegriha-a-louverture-de-la-conference-internationale-de-defense-maritime-de-doha-la-politique-de-defense-de-lalgerie-saluee\/","og_site_name":"La Sentinelle","article_publisher":"https:\/\/www.facebook.com\/La-Sentinelle-104059864394773","article_published_time":"2022-03-21T23:01:00+00:00","og_image":[{"width":745,"height":470,"url":"https:\/\/lasentinelle.dz\/wp-content\/uploads\/2022\/03\/b180ae24ef2f65686c1d73a293aa9fc5.jpg","type":"image\/jpeg"}],"author":"La Sentinelle","twitter_card":"summary_large_image","twitter_misc":{"\u00c9crit par":"La Sentinelle","Dur\u00e9e de lecture estim\u00e9e":"3 minutes"},"schema":{"@context":"https:\/\/schema.org","@graph":[{"@type":"Article","@id":"https:\/\/lasentinelle.dz\/index.php\/2022\/03\/22\/chanegriha-a-louverture-de-la-conference-internationale-de-defense-maritime-de-doha-la-politique-de-defense-de-lalgerie-saluee\/#article","isPartOf":{"@id":"https:\/\/lasentinelle.dz\/index.php\/2022\/03\/22\/chanegriha-a-louverture-de-la-conference-internationale-de-defense-maritime-de-doha-la-politique-de-defense-de-lalgerie-saluee\/"},"author":{"name":"La Sentinelle","@id":"https:\/\/lasentinelle.dz\/#\/schema\/person\/d865044e22e70a75174ce8bcad3acfb3"},"headline":"Chanegriha \u00e0 l&rsquo;ouverture de la Conf\u00e9rence internationale de d\u00e9fense maritime de Doha\u00a0: La politique de d\u00e9fense de l\u2019Alg\u00e9rie salu\u00e9e","datePublished":"2022-03-21T23:01:00+00:00","mainEntityOfPage":{"@id":"https:\/\/lasentinelle.dz\/index.php\/2022\/03\/22\/chanegriha-a-louverture-de-la-conference-internationale-de-defense-maritime-de-doha-la-politique-de-defense-de-lalgerie-saluee\/"},"wordCount":571,"commentCount":0,"publisher":{"@id":"https:\/\/lasentinelle.dz\/#organization"},"image":{"@id":"https:\/\/lasentinelle.dz\/index.php\/2022\/03\/22\/chanegriha-a-louverture-de-la-conference-internationale-de-defense-maritime-de-doha-la-politique-de-defense-de-lalgerie-saluee\/#primaryimage"},"thumbnailUrl":"https:\/\/lasentinelle.dz\/wp-content\/uploads\/2022\/03\/b180ae24ef2f65686c1d73a293aa9fc5.jpg","articleSection":["Actualit\u00e9"],"inLanguage":"fr-FR","potentialAction":[{"@type":"CommentAction","name":"Comment","target":["https:\/\/lasentinelle.dz\/index.php\/2022\/03\/22\/chanegriha-a-louverture-de-la-conference-internationale-de-defense-maritime-de-doha-la-politique-de-defense-de-lalgerie-saluee\/#respond"]}]},{"@type":"WebPage","@id":"https:\/\/lasentinelle.dz\/index.php\/2022\/03\/22\/chanegriha-a-louverture-de-la-conference-internationale-de-defense-maritime-de-doha-la-politique-de-defense-de-lalgerie-saluee\/","url":"https:\/\/lasentinelle.dz\/index.php\/2022\/03\/22\/chanegriha-a-louverture-de-la-conference-internationale-de-defense-maritime-de-doha-la-politique-de-defense-de-lalgerie-saluee\/","name":"Chanegriha \u00e0 l'ouverture de la Conf\u00e9rence internationale de d\u00e9fense maritime de Doha\u00a0: La politique de d\u00e9fense de l\u2019Alg\u00e9rie salu\u00e9e - La Sentinelle","isPartOf":{"@id":"https:\/\/lasentinelle.dz\/#website"},"primaryImageOfPage":{"@id":"https:\/\/lasentinelle.dz\/index.php\/2022\/03\/22\/chanegriha-a-louverture-de-la-conference-internationale-de-defense-maritime-de-doha-la-politique-de-defense-de-lalgerie-saluee\/#primaryimage"},"image":{"@id":"https:\/\/lasentinelle.dz\/index.php\/2022\/03\/22\/chanegriha-a-louverture-de-la-conference-internationale-de-defense-maritime-de-doha-la-politique-de-defense-de-lalgerie-saluee\/#primaryimage"},"thumbnailUrl":"https:\/\/lasentinelle.dz\/wp-content\/uploads\/2022\/03\/b180ae24ef2f65686c1d73a293aa9fc5.jpg","datePublished":"2022-03-21T23:01:00+00:00","breadcrumb":{"@id":"https:\/\/lasentinelle.dz\/index.php\/2022\/03\/22\/chanegriha-a-louverture-de-la-conference-internationale-de-defense-maritime-de-doha-la-politique-de-defense-de-lalgerie-saluee\/#breadcrumb"},"inLanguage":"fr-FR","potentialAction":[{"@type":"ReadAction","target":["https:\/\/lasentinelle.dz\/index.php\/2022\/03\/22\/chanegriha-a-louverture-de-la-conference-internationale-de-defense-maritime-de-doha-la-politique-de-defense-de-lalgerie-saluee\/"]}]},{"@type":"ImageObject","inLanguage":"fr-FR","@id":"https:\/\/lasentinelle.dz\/index.php\/2022\/03\/22\/chanegriha-a-louverture-de-la-conference-internationale-de-defense-maritime-de-doha-la-politique-de-defense-de-lalgerie-saluee\/#primaryimage","url":"https:\/\/lasentinelle.dz\/wp-content\/uploads\/2022\/03\/b180ae24ef2f65686c1d73a293aa9fc5.jpg","contentUrl":"https:\/\/lasentinelle.dz\/wp-content\/uploads\/2022\/03\/b180ae24ef2f65686c1d73a293aa9fc5.jpg","width":745,"height":470},{"@type":"BreadcrumbList","@id":"https:\/\/lasentinelle.dz\/index.php\/2022\/03\/22\/chanegriha-a-louverture-de-la-conference-internationale-de-defense-maritime-de-doha-la-politique-de-defense-de-lalgerie-saluee\/#breadcrumb","itemListElement":[{"@type":"ListItem","position":1,"name":"Accueil","item":"https:\/\/lasentinelle.dz\/"},{"@type":"ListItem","position":2,"name":"Chanegriha \u00e0 l&rsquo;ouverture de la Conf\u00e9rence internationale de d\u00e9fense maritime de Doha\u00a0: La politique de d\u00e9fense de l\u2019Alg\u00e9rie salu\u00e9e"}]},{"@type":"WebSite","@id":"https:\/\/lasentinelle.dz\/#website","url":"https:\/\/lasentinelle.dz\/","name":"La Sentinelle","description":"Quotidien national d&#039;information","publisher":{"@id":"https:\/\/lasentinelle.dz\/#organization"},"potentialAction":[{"@type":"SearchAction","target":{"@type":"EntryPoint","urlTemplate":"https:\/\/lasentinelle.dz\/?s={search_term_string}"},"query-input":{"@type":"PropertyValueSpecification","valueRequired":true,"valueName":"search_term_string"}}],"inLanguage":"fr-FR"},{"@type":"Organization","@id":"https:\/\/lasentinelle.dz\/#organization","name":"Quotidien La Sentinelle","url":"https:\/\/lasentinelle.dz\/","logo":{"@type":"ImageObject","inLanguage":"fr-FR","@id":"https:\/\/lasentinelle.dz\/#\/schema\/logo\/image\/","url":"https:\/\/lasentinelle.dz\/wp-content\/uploads\/2021\/09\/logo-sentinelleSLOGAN-1.png","contentUrl":"https:\/\/lasentinelle.dz\/wp-content\/uploads\/2021\/09\/logo-sentinelleSLOGAN-1.png","width":615,"height":142,"caption":"Quotidien La Sentinelle"},"image":{"@id":"https:\/\/lasentinelle.dz\/#\/schema\/logo\/image\/"},"sameAs":["https:\/\/www.facebook.com\/La-Sentinelle-104059864394773"]},{"@type":"Person","@id":"https:\/\/lasentinelle.dz\/#\/schema\/person\/d865044e22e70a75174ce8bcad3acfb3","name":"La Sentinelle","image":{"@type":"ImageObject","inLanguage":"fr-FR","@id":"https:\/\/secure.gravatar.com\/avatar\/57de8e5d4b15d43fb361a71fbb36338450fe67865b528a43dd10ef7c51a20392?s=96&d=mm&r=g","url":"https:\/\/secure.gravatar.com\/avatar\/57de8e5d4b15d43fb361a71fbb36338450fe67865b528a43dd10ef7c51a20392?s=96&d=mm&r=g","contentUrl":"https:\/\/secure.gravatar.com\/avatar\/57de8e5d4b15d43fb361a71fbb36338450fe67865b528a43dd10ef7c51a20392?s=96&d=mm&r=g","caption":"La Sentinelle"},"sameAs":["http:\/\/www.lasentinelle.dz"],"url":"https:\/\/lasentinelle.dz\/author\/redaction\/"}]}},"_links":{"self":[{"href":"https:\/\/lasentinelle.dz\/index.php\/wp-json\/wp\/v2\/posts\/18668","targetHints":{"allow":["GET"]}}],"collection":[{"href":"https:\/\/lasentinelle.dz\/index.php\/wp-json\/wp\/v2\/posts"}],"about":[{"href":"https:\/\/lasentinelle.dz\/index.php\/wp-json\/wp\/v2\/types\/post"}],"author":[{"embeddable":true,"href":"https:\/\/lasentinelle.dz\/index.php\/wp-json\/wp\/v2\/users\/3"}],"replies":[{"embeddable":true,"href":"https:\/\/lasentinelle.dz\/index.php\/wp-json\/wp\/v2\/comments?post=18668"}],"version-history":[{"count":1,"href":"https:\/\/lasentinelle.dz\/index.php\/wp-json\/wp\/v2\/posts\/18668\/revisions"}],"predecessor-version":[{"id":18728,"href":"https:\/\/lasentinelle.dz\/index.php\/wp-json\/wp\/v2\/posts\/18668\/revisions\/18728"}],"wp:featuredmedia":[{"embeddable":true,"href":"https:\/\/lasentinelle.dz\/index.php\/wp-json\/wp\/v2\/media\/18727"}],"wp:attachment":[{"href":"https:\/\/lasentinelle.dz\/index.php\/wp-json\/wp\/v2\/media?parent=18668"}],"wp:term":[{"taxonomy":"category","embeddable":true,"href":"https:\/\/lasentinelle.dz\/index.php\/wp-json\/wp\/v2\/categories?post=18668"},{"taxonomy":"post_tag","embeddable":true,"href":"https:\/\/lasentinelle.dz\/index.php\/wp-json\/wp\/v2\/tags?post=18668"}],"curies":[{"name":"wp","href":"https:\/\/api.w.org\/{rel}","templated":true}]}}