{"id":18669,"date":"2022-03-22T00:05:00","date_gmt":"2022-03-21T23:05:00","guid":{"rendered":"https:\/\/lasentinelle.dz\/?p=18669"},"modified":"2022-03-21T16:35:06","modified_gmt":"2022-03-21T15:35:06","slug":"cameroun-algerie-les-verts-sont-a-malabo","status":"publish","type":"post","link":"https:\/\/lasentinelle.dz\/index.php\/2022\/03\/22\/cameroun-algerie-les-verts-sont-a-malabo\/","title":{"rendered":"Cameroun \u2013 Alg\u00e9rie\u00a0:\u00a0Les Verts sont \u00e0 Malabo"},"content":{"rendered":"\n<p>L\u2019heure de v\u00e9rit\u00e9 approche pour l\u2019Equipe nationale de football. Vendredi prochain, la bande \u00e0 Djamel Belmadi disputera la premi\u00e8re manche de la double confrontation face au Cameroun, comptant pour les barrages du Mondial-2022.&nbsp;<\/p>\n\n\n\n<p>Cette rencontre aura lieu au stade de Japoma, \u00e0 Douala, \u00e0 partir de 18h. Le driver national a d\u00e9cid\u00e9 d\u2019organiser un stage pr\u00e9comp\u00e9titif \u00e0 Malabo, capitale de la Guin\u00e9e Equatoriale, et celui-ci a d\u00e9but\u00e9 hier. La F\u00e9d\u00e9ration alg\u00e9rienne de football (FAF) a publi\u00e9 sur son site officiel un plan m\u00e9dia, dans lequel on peut constater qu\u2019en terre \u00e9quato-guin\u00e9enne, les Verts effectueront quatre s\u00e9ances d\u2019entra\u00eenement, avant de rallier Douala jeudi, soit la veille de la rencontre. Le retour \u00e0 Alger, ajoute-t-on de m\u00eame source, se fera vendredi soir, tout juste apr\u00e8s le coup de sifflet final de la rencontre. Cela dans l\u2019optique de pr\u00e9parer la seconde manche, qui aura lieu le 29 du mois courant au stade Mustapha-Tchaker de Blida. Aujourd\u2019hui, et au cas o\u00f9 des repr\u00e9sentants de la presse nationale seraient pr\u00e9sents, une zone mixte pourrait \u00eatre organis\u00e9e avec trois ou quatre joueurs de la s\u00e9lection. A l\u2019approche de la rencontre, la pression monte crescendo et cela a \u00e9t\u00e9 constat\u00e9 dans le visage de Belmadi, lors de sa derni\u00e8re conf\u00e9rence de presse, anim\u00e9e dimanche au CTN de Sidi Moussa. Et il faut dire que cela \u00e9t\u00e9, en quelques sortes, attendue. En premier lieu, en raison du grand enjeu de cette double-confrontation, qualificative pour le plus grand \u00e9v\u00e9nement plan\u00e9taire. A cela, il faut ajouter que ce rendez-vous intervient deux mois apr\u00e8s une \u00e9limination pr\u00e9coce en Coupe d\u2019Afrique des nations (CAN-2021), jou\u00e9e au Cameroun. A Malabo, et malgr\u00e9 le temps court, le coach national, qui a apport\u00e9 plusieurs changements sur son effectif, va acc\u00e9l\u00e9rer les choses avec un programme bien trac\u00e9 d\u00e9j\u00e0. \u00ab Nous avons commenc\u00e9 \u00e0 pr\u00e9parer ce rendez-vous durant la CAN m\u00eame \u00bb, a indiqu\u00e9 Belmadi dimanche dernier. Il tentera de r\u00e9gler certains aspects concernant les trois compartiments afin de pr\u00e9senter le meilleur visage possible. Pour le responsable technique national, le match de ce vendredi doit \u00eatre bien n\u00e9goci\u00e9, afin d\u2019aborder la seconde manche dans les meilleures conditions possibles.<\/p>\n\n\n\n<p><strong>Abderrahim Mahious&nbsp;<\/strong><\/p>\n","protected":false},"excerpt":{"rendered":"<p>L\u2019heure de v\u00e9rit\u00e9 approche pour l\u2019Equipe nationale de football. Vendredi prochain, la bande \u00e0 Djamel Belmadi disputera la premi\u00e8re manche<\/p>\n","protected":false},"author":3,"featured_media":18683,"comment_status":"open","ping_status":"closed","sticky":false,"template":"","format":"standard","meta":{"colormag_page_container_layout":"default_layout","colormag_page_sidebar_layout":"default_layout","om_disable_all_campaigns":false,"_monsterinsights_skip_tracking":false,"_monsterinsights_sitenote_active":false,"_monsterinsights_sitenote_note":"","_monsterinsights_sitenote_category":0,"footnotes":"","_wpscppro_dont_share_socialmedia":false,"_wpscppro_custom_social_share_image":0,"_facebook_share_type":"","_twitter_share_type":"","_linkedin_share_type":"","_pinterest_share_type":"","_linkedin_share_type_page":"","_instagram_share_type":"","_medium_share_type":"","_threads_share_type":"","_google_business_share_type":"","_selected_social_profile":[],"_wpsp_enable_custom_social_template":false,"_wpsp_social_scheduling":{"enabled":false,"datetime":null,"platforms":[],"status":"template_only","dateOption":"today","timeOption":"now","customDays":"","customHours":"","customDate":"","customTime":"","schedulingType":"absolute"},"_wpsp_active_default_template":true},"categories":[52,33],"tags":[],"class_list":["post-18669","post","type-post","status-publish","format-standard","has-post-thumbnail","hentry","category-a-la-une","category-sports"],"aioseo_notices":[],"yoast_head":"<!-- This site is optimized with the Yoast SEO plugin v27.5 - https:\/\/yoast.com\/product\/yoast-seo-wordpress\/ -->\n<title>Cameroun \u2013 Alg\u00e9rie\u00a0:\u00a0Les Verts sont \u00e0 Malabo - La Sentinelle<\/title>\n<meta name=\"robots\" content=\"index, follow, max-snippet:-1, max-image-preview:large, max-video-preview:-1\" \/>\n<link rel=\"canonical\" href=\"https:\/\/lasentinelle.dz\/index.php\/2022\/03\/22\/cameroun-algerie-les-verts-sont-a-malabo\/\" \/>\n<meta property=\"og:locale\" content=\"fr_FR\" \/>\n<meta property=\"og:type\" content=\"article\" \/>\n<meta property=\"og:title\" content=\"Cameroun \u2013 Alg\u00e9rie\u00a0:\u00a0Les Verts sont \u00e0 Malabo - La Sentinelle\" \/>\n<meta property=\"og:description\" content=\"L\u2019heure de v\u00e9rit\u00e9 approche pour l\u2019Equipe nationale de football. Vendredi prochain, la bande \u00e0 Djamel Belmadi disputera la premi\u00e8re manche\" \/>\n<meta property=\"og:url\" content=\"https:\/\/lasentinelle.dz\/index.php\/2022\/03\/22\/cameroun-algerie-les-verts-sont-a-malabo\/\" \/>\n<meta property=\"og:site_name\" content=\"La Sentinelle\" \/>\n<meta property=\"article:publisher\" content=\"https:\/\/www.facebook.com\/La-Sentinelle-104059864394773\" \/>\n<meta property=\"article:published_time\" content=\"2022-03-21T23:05:00+00:00\" \/>\n<meta property=\"og:image\" content=\"https:\/\/lasentinelle.dz\/wp-content\/uploads\/2022\/03\/EN.png\" \/>\n\t<meta property=\"og:image:width\" content=\"1350\" \/>\n\t<meta property=\"og:image:height\" content=\"900\" \/>\n\t<meta property=\"og:image:type\" content=\"image\/png\" \/>\n<meta name=\"author\" content=\"La Sentinelle\" \/>\n<meta name=\"twitter:card\" content=\"summary_large_image\" \/>\n<meta name=\"twitter:label1\" content=\"\u00c9crit par\" \/>\n\t<meta name=\"twitter:data1\" content=\"La Sentinelle\" \/>\n\t<meta name=\"twitter:label2\" content=\"Dur\u00e9e de lecture estim\u00e9e\" \/>\n\t<meta name=\"twitter:data2\" content=\"2 minutes\" \/>\n<script type=\"application\/ld+json\" class=\"yoast-schema-graph\">{\"@context\":\"https:\\\/\\\/schema.org\",\"@graph\":[{\"@type\":\"Article\",\"@id\":\"https:\\\/\\\/lasentinelle.dz\\\/index.php\\\/2022\\\/03\\\/22\\\/cameroun-algerie-les-verts-sont-a-malabo\\\/#article\",\"isPartOf\":{\"@id\":\"https:\\\/\\\/lasentinelle.dz\\\/index.php\\\/2022\\\/03\\\/22\\\/cameroun-algerie-les-verts-sont-a-malabo\\\/\"},\"author\":{\"name\":\"La Sentinelle\",\"@id\":\"https:\\\/\\\/lasentinelle.dz\\\/#\\\/schema\\\/person\\\/d865044e22e70a75174ce8bcad3acfb3\"},\"headline\":\"Cameroun \u2013 Alg\u00e9rie\u00a0:\u00a0Les Verts sont \u00e0 Malabo\",\"datePublished\":\"2022-03-21T23:05:00+00:00\",\"mainEntityOfPage\":{\"@id\":\"https:\\\/\\\/lasentinelle.dz\\\/index.php\\\/2022\\\/03\\\/22\\\/cameroun-algerie-les-verts-sont-a-malabo\\\/\"},\"wordCount\":401,\"commentCount\":0,\"publisher\":{\"@id\":\"https:\\\/\\\/lasentinelle.dz\\\/#organization\"},\"image\":{\"@id\":\"https:\\\/\\\/lasentinelle.dz\\\/index.php\\\/2022\\\/03\\\/22\\\/cameroun-algerie-les-verts-sont-a-malabo\\\/#primaryimage\"},\"thumbnailUrl\":\"https:\\\/\\\/lasentinelle.dz\\\/wp-content\\\/uploads\\\/2022\\\/03\\\/EN.png\",\"articleSection\":[\"\u00c0 la Une\",\"Sports\"],\"inLanguage\":\"fr-FR\",\"potentialAction\":[{\"@type\":\"CommentAction\",\"name\":\"Comment\",\"target\":[\"https:\\\/\\\/lasentinelle.dz\\\/index.php\\\/2022\\\/03\\\/22\\\/cameroun-algerie-les-verts-sont-a-malabo\\\/#respond\"]}]},{\"@type\":\"WebPage\",\"@id\":\"https:\\\/\\\/lasentinelle.dz\\\/index.php\\\/2022\\\/03\\\/22\\\/cameroun-algerie-les-verts-sont-a-malabo\\\/\",\"url\":\"https:\\\/\\\/lasentinelle.dz\\\/index.php\\\/2022\\\/03\\\/22\\\/cameroun-algerie-les-verts-sont-a-malabo\\\/\",\"name\":\"Cameroun \u2013 Alg\u00e9rie\u00a0:\u00a0Les Verts sont \u00e0 Malabo - La Sentinelle\",\"isPartOf\":{\"@id\":\"https:\\\/\\\/lasentinelle.dz\\\/#website\"},\"primaryImageOfPage\":{\"@id\":\"https:\\\/\\\/lasentinelle.dz\\\/index.php\\\/2022\\\/03\\\/22\\\/cameroun-algerie-les-verts-sont-a-malabo\\\/#primaryimage\"},\"image\":{\"@id\":\"https:\\\/\\\/lasentinelle.dz\\\/index.php\\\/2022\\\/03\\\/22\\\/cameroun-algerie-les-verts-sont-a-malabo\\\/#primaryimage\"},\"thumbnailUrl\":\"https:\\\/\\\/lasentinelle.dz\\\/wp-content\\\/uploads\\\/2022\\\/03\\\/EN.png\",\"datePublished\":\"2022-03-21T23:05:00+00:00\",\"breadcrumb\":{\"@id\":\"https:\\\/\\\/lasentinelle.dz\\\/index.php\\\/2022\\\/03\\\/22\\\/cameroun-algerie-les-verts-sont-a-malabo\\\/#breadcrumb\"},\"inLanguage\":\"fr-FR\",\"potentialAction\":[{\"@type\":\"ReadAction\",\"target\":[\"https:\\\/\\\/lasentinelle.dz\\\/index.php\\\/2022\\\/03\\\/22\\\/cameroun-algerie-les-verts-sont-a-malabo\\\/\"]}]},{\"@type\":\"ImageObject\",\"inLanguage\":\"fr-FR\",\"@id\":\"https:\\\/\\\/lasentinelle.dz\\\/index.php\\\/2022\\\/03\\\/22\\\/cameroun-algerie-les-verts-sont-a-malabo\\\/#primaryimage\",\"url\":\"https:\\\/\\\/lasentinelle.dz\\\/wp-content\\\/uploads\\\/2022\\\/03\\\/EN.png\",\"contentUrl\":\"https:\\\/\\\/lasentinelle.dz\\\/wp-content\\\/uploads\\\/2022\\\/03\\\/EN.png\",\"width\":1350,\"height\":900},{\"@type\":\"BreadcrumbList\",\"@id\":\"https:\\\/\\\/lasentinelle.dz\\\/index.php\\\/2022\\\/03\\\/22\\\/cameroun-algerie-les-verts-sont-a-malabo\\\/#breadcrumb\",\"itemListElement\":[{\"@type\":\"ListItem\",\"position\":1,\"name\":\"Accueil\",\"item\":\"https:\\\/\\\/lasentinelle.dz\\\/\"},{\"@type\":\"ListItem\",\"position\":2,\"name\":\"Cameroun \u2013 Alg\u00e9rie\u00a0:\u00a0Les Verts sont \u00e0 Malabo\"}]},{\"@type\":\"WebSite\",\"@id\":\"https:\\\/\\\/lasentinelle.dz\\\/#website\",\"url\":\"https:\\\/\\\/lasentinelle.dz\\\/\",\"name\":\"La Sentinelle\",\"description\":\"Quotidien national d&#039;information\",\"publisher\":{\"@id\":\"https:\\\/\\\/lasentinelle.dz\\\/#organization\"},\"potentialAction\":[{\"@type\":\"SearchAction\",\"target\":{\"@type\":\"EntryPoint\",\"urlTemplate\":\"https:\\\/\\\/lasentinelle.dz\\\/?s={search_term_string}\"},\"query-input\":{\"@type\":\"PropertyValueSpecification\",\"valueRequired\":true,\"valueName\":\"search_term_string\"}}],\"inLanguage\":\"fr-FR\"},{\"@type\":\"Organization\",\"@id\":\"https:\\\/\\\/lasentinelle.dz\\\/#organization\",\"name\":\"Quotidien La Sentinelle\",\"url\":\"https:\\\/\\\/lasentinelle.dz\\\/\",\"logo\":{\"@type\":\"ImageObject\",\"inLanguage\":\"fr-FR\",\"@id\":\"https:\\\/\\\/lasentinelle.dz\\\/#\\\/schema\\\/logo\\\/image\\\/\",\"url\":\"https:\\\/\\\/lasentinelle.dz\\\/wp-content\\\/uploads\\\/2021\\\/09\\\/logo-sentinelleSLOGAN-1.png\",\"contentUrl\":\"https:\\\/\\\/lasentinelle.dz\\\/wp-content\\\/uploads\\\/2021\\\/09\\\/logo-sentinelleSLOGAN-1.png\",\"width\":615,\"height\":142,\"caption\":\"Quotidien La Sentinelle\"},\"image\":{\"@id\":\"https:\\\/\\\/lasentinelle.dz\\\/#\\\/schema\\\/logo\\\/image\\\/\"},\"sameAs\":[\"https:\\\/\\\/www.facebook.com\\\/La-Sentinelle-104059864394773\"]},{\"@type\":\"Person\",\"@id\":\"https:\\\/\\\/lasentinelle.dz\\\/#\\\/schema\\\/person\\\/d865044e22e70a75174ce8bcad3acfb3\",\"name\":\"La Sentinelle\",\"image\":{\"@type\":\"ImageObject\",\"inLanguage\":\"fr-FR\",\"@id\":\"https:\\\/\\\/secure.gravatar.com\\\/avatar\\\/57de8e5d4b15d43fb361a71fbb36338450fe67865b528a43dd10ef7c51a20392?s=96&d=mm&r=g\",\"url\":\"https:\\\/\\\/secure.gravatar.com\\\/avatar\\\/57de8e5d4b15d43fb361a71fbb36338450fe67865b528a43dd10ef7c51a20392?s=96&d=mm&r=g\",\"contentUrl\":\"https:\\\/\\\/secure.gravatar.com\\\/avatar\\\/57de8e5d4b15d43fb361a71fbb36338450fe67865b528a43dd10ef7c51a20392?s=96&d=mm&r=g\",\"caption\":\"La Sentinelle\"},\"sameAs\":[\"http:\\\/\\\/www.lasentinelle.dz\"],\"url\":\"https:\\\/\\\/lasentinelle.dz\\\/author\\\/redaction\\\/\"}]}<\/script>\n<!-- \/ Yoast SEO plugin. -->","yoast_head_json":{"title":"Cameroun \u2013 Alg\u00e9rie\u00a0:\u00a0Les Verts sont \u00e0 Malabo - La Sentinelle","robots":{"index":"index","follow":"follow","max-snippet":"max-snippet:-1","max-image-preview":"max-image-preview:large","max-video-preview":"max-video-preview:-1"},"canonical":"https:\/\/lasentinelle.dz\/index.php\/2022\/03\/22\/cameroun-algerie-les-verts-sont-a-malabo\/","og_locale":"fr_FR","og_type":"article","og_title":"Cameroun \u2013 Alg\u00e9rie\u00a0:\u00a0Les Verts sont \u00e0 Malabo - La Sentinelle","og_description":"L\u2019heure de v\u00e9rit\u00e9 approche pour l\u2019Equipe nationale de football. Vendredi prochain, la bande \u00e0 Djamel Belmadi disputera la premi\u00e8re manche","og_url":"https:\/\/lasentinelle.dz\/index.php\/2022\/03\/22\/cameroun-algerie-les-verts-sont-a-malabo\/","og_site_name":"La Sentinelle","article_publisher":"https:\/\/www.facebook.com\/La-Sentinelle-104059864394773","article_published_time":"2022-03-21T23:05:00+00:00","og_image":[{"width":1350,"height":900,"url":"https:\/\/lasentinelle.dz\/wp-content\/uploads\/2022\/03\/EN.png","type":"image\/png"}],"author":"La Sentinelle","twitter_card":"summary_large_image","twitter_misc":{"\u00c9crit par":"La Sentinelle","Dur\u00e9e de lecture estim\u00e9e":"2 minutes"},"schema":{"@context":"https:\/\/schema.org","@graph":[{"@type":"Article","@id":"https:\/\/lasentinelle.dz\/index.php\/2022\/03\/22\/cameroun-algerie-les-verts-sont-a-malabo\/#article","isPartOf":{"@id":"https:\/\/lasentinelle.dz\/index.php\/2022\/03\/22\/cameroun-algerie-les-verts-sont-a-malabo\/"},"author":{"name":"La Sentinelle","@id":"https:\/\/lasentinelle.dz\/#\/schema\/person\/d865044e22e70a75174ce8bcad3acfb3"},"headline":"Cameroun \u2013 Alg\u00e9rie\u00a0:\u00a0Les Verts sont \u00e0 Malabo","datePublished":"2022-03-21T23:05:00+00:00","mainEntityOfPage":{"@id":"https:\/\/lasentinelle.dz\/index.php\/2022\/03\/22\/cameroun-algerie-les-verts-sont-a-malabo\/"},"wordCount":401,"commentCount":0,"publisher":{"@id":"https:\/\/lasentinelle.dz\/#organization"},"image":{"@id":"https:\/\/lasentinelle.dz\/index.php\/2022\/03\/22\/cameroun-algerie-les-verts-sont-a-malabo\/#primaryimage"},"thumbnailUrl":"https:\/\/lasentinelle.dz\/wp-content\/uploads\/2022\/03\/EN.png","articleSection":["\u00c0 la Une","Sports"],"inLanguage":"fr-FR","potentialAction":[{"@type":"CommentAction","name":"Comment","target":["https:\/\/lasentinelle.dz\/index.php\/2022\/03\/22\/cameroun-algerie-les-verts-sont-a-malabo\/#respond"]}]},{"@type":"WebPage","@id":"https:\/\/lasentinelle.dz\/index.php\/2022\/03\/22\/cameroun-algerie-les-verts-sont-a-malabo\/","url":"https:\/\/lasentinelle.dz\/index.php\/2022\/03\/22\/cameroun-algerie-les-verts-sont-a-malabo\/","name":"Cameroun \u2013 Alg\u00e9rie\u00a0:\u00a0Les Verts sont \u00e0 Malabo - La Sentinelle","isPartOf":{"@id":"https:\/\/lasentinelle.dz\/#website"},"primaryImageOfPage":{"@id":"https:\/\/lasentinelle.dz\/index.php\/2022\/03\/22\/cameroun-algerie-les-verts-sont-a-malabo\/#primaryimage"},"image":{"@id":"https:\/\/lasentinelle.dz\/index.php\/2022\/03\/22\/cameroun-algerie-les-verts-sont-a-malabo\/#primaryimage"},"thumbnailUrl":"https:\/\/lasentinelle.dz\/wp-content\/uploads\/2022\/03\/EN.png","datePublished":"2022-03-21T23:05:00+00:00","breadcrumb":{"@id":"https:\/\/lasentinelle.dz\/index.php\/2022\/03\/22\/cameroun-algerie-les-verts-sont-a-malabo\/#breadcrumb"},"inLanguage":"fr-FR","potentialAction":[{"@type":"ReadAction","target":["https:\/\/lasentinelle.dz\/index.php\/2022\/03\/22\/cameroun-algerie-les-verts-sont-a-malabo\/"]}]},{"@type":"ImageObject","inLanguage":"fr-FR","@id":"https:\/\/lasentinelle.dz\/index.php\/2022\/03\/22\/cameroun-algerie-les-verts-sont-a-malabo\/#primaryimage","url":"https:\/\/lasentinelle.dz\/wp-content\/uploads\/2022\/03\/EN.png","contentUrl":"https:\/\/lasentinelle.dz\/wp-content\/uploads\/2022\/03\/EN.png","width":1350,"height":900},{"@type":"BreadcrumbList","@id":"https:\/\/lasentinelle.dz\/index.php\/2022\/03\/22\/cameroun-algerie-les-verts-sont-a-malabo\/#breadcrumb","itemListElement":[{"@type":"ListItem","position":1,"name":"Accueil","item":"https:\/\/lasentinelle.dz\/"},{"@type":"ListItem","position":2,"name":"Cameroun \u2013 Alg\u00e9rie\u00a0:\u00a0Les Verts sont \u00e0 Malabo"}]},{"@type":"WebSite","@id":"https:\/\/lasentinelle.dz\/#website","url":"https:\/\/lasentinelle.dz\/","name":"La Sentinelle","description":"Quotidien national d&#039;information","publisher":{"@id":"https:\/\/lasentinelle.dz\/#organization"},"potentialAction":[{"@type":"SearchAction","target":{"@type":"EntryPoint","urlTemplate":"https:\/\/lasentinelle.dz\/?s={search_term_string}"},"query-input":{"@type":"PropertyValueSpecification","valueRequired":true,"valueName":"search_term_string"}}],"inLanguage":"fr-FR"},{"@type":"Organization","@id":"https:\/\/lasentinelle.dz\/#organization","name":"Quotidien La Sentinelle","url":"https:\/\/lasentinelle.dz\/","logo":{"@type":"ImageObject","inLanguage":"fr-FR","@id":"https:\/\/lasentinelle.dz\/#\/schema\/logo\/image\/","url":"https:\/\/lasentinelle.dz\/wp-content\/uploads\/2021\/09\/logo-sentinelleSLOGAN-1.png","contentUrl":"https:\/\/lasentinelle.dz\/wp-content\/uploads\/2021\/09\/logo-sentinelleSLOGAN-1.png","width":615,"height":142,"caption":"Quotidien La Sentinelle"},"image":{"@id":"https:\/\/lasentinelle.dz\/#\/schema\/logo\/image\/"},"sameAs":["https:\/\/www.facebook.com\/La-Sentinelle-104059864394773"]},{"@type":"Person","@id":"https:\/\/lasentinelle.dz\/#\/schema\/person\/d865044e22e70a75174ce8bcad3acfb3","name":"La Sentinelle","image":{"@type":"ImageObject","inLanguage":"fr-FR","@id":"https:\/\/secure.gravatar.com\/avatar\/57de8e5d4b15d43fb361a71fbb36338450fe67865b528a43dd10ef7c51a20392?s=96&d=mm&r=g","url":"https:\/\/secure.gravatar.com\/avatar\/57de8e5d4b15d43fb361a71fbb36338450fe67865b528a43dd10ef7c51a20392?s=96&d=mm&r=g","contentUrl":"https:\/\/secure.gravatar.com\/avatar\/57de8e5d4b15d43fb361a71fbb36338450fe67865b528a43dd10ef7c51a20392?s=96&d=mm&r=g","caption":"La Sentinelle"},"sameAs":["http:\/\/www.lasentinelle.dz"],"url":"https:\/\/lasentinelle.dz\/author\/redaction\/"}]}},"_links":{"self":[{"href":"https:\/\/lasentinelle.dz\/index.php\/wp-json\/wp\/v2\/posts\/18669","targetHints":{"allow":["GET"]}}],"collection":[{"href":"https:\/\/lasentinelle.dz\/index.php\/wp-json\/wp\/v2\/posts"}],"about":[{"href":"https:\/\/lasentinelle.dz\/index.php\/wp-json\/wp\/v2\/types\/post"}],"author":[{"embeddable":true,"href":"https:\/\/lasentinelle.dz\/index.php\/wp-json\/wp\/v2\/users\/3"}],"replies":[{"embeddable":true,"href":"https:\/\/lasentinelle.dz\/index.php\/wp-json\/wp\/v2\/comments?post=18669"}],"version-history":[{"count":1,"href":"https:\/\/lasentinelle.dz\/index.php\/wp-json\/wp\/v2\/posts\/18669\/revisions"}],"predecessor-version":[{"id":18684,"href":"https:\/\/lasentinelle.dz\/index.php\/wp-json\/wp\/v2\/posts\/18669\/revisions\/18684"}],"wp:featuredmedia":[{"embeddable":true,"href":"https:\/\/lasentinelle.dz\/index.php\/wp-json\/wp\/v2\/media\/18683"}],"wp:attachment":[{"href":"https:\/\/lasentinelle.dz\/index.php\/wp-json\/wp\/v2\/media?parent=18669"}],"wp:term":[{"taxonomy":"category","embeddable":true,"href":"https:\/\/lasentinelle.dz\/index.php\/wp-json\/wp\/v2\/categories?post=18669"},{"taxonomy":"post_tag","embeddable":true,"href":"https:\/\/lasentinelle.dz\/index.php\/wp-json\/wp\/v2\/tags?post=18669"}],"curies":[{"name":"wp","href":"https:\/\/api.w.org\/{rel}","templated":true}]}}