{"id":18711,"date":"2022-03-22T00:01:00","date_gmt":"2022-03-21T23:01:00","guid":{"rendered":"https:\/\/lasentinelle.dz\/?p=18711"},"modified":"2022-03-21T19:28:01","modified_gmt":"2022-03-21T18:28:01","slug":"conflit-en-ukraine-des-progres-dans-les-negociations-sur-le-cessez-le-feu","status":"publish","type":"post","link":"https:\/\/lasentinelle.dz\/index.php\/2022\/03\/22\/conflit-en-ukraine-des-progres-dans-les-negociations-sur-le-cessez-le-feu\/","title":{"rendered":"Conflit en Ukraine\u00a0:\u00a0\u00abDes progr\u00e8s dans les n\u00e9gociations sur le cessez-le-feu\u00bb \u00a0"},"content":{"rendered":"\n<p>La Russie et l&rsquo;Ukraine ont fait des progr\u00e8s sur les dispositions \u00ab cruciales \u00bb d&rsquo;un accord de cessez-le-feu en cours de n\u00e9gociation, mais certaines questions n\u00e9cessitent encore des d\u00e9cisions de la part de leurs dirigeants respectifs, a d\u00e9clar\u00e9 dimanche le ministre turc des Affaires \u00e9trang\u00e8res Mevlut Cavusoglu.&nbsp;\u00ab Si les parties ne reviennent pas sur leurs positions actuelles, nous pouvons dire que nous avons bon espoir de parvenir \u00e0 un cessez-le-feu \u00bb, a confi\u00e9 M. Cavusoglu au quotidien local Hurriyet.&nbsp;&nbsp;&nbsp;\u00ab Nous savons que les parties sont proches d&rsquo;un accord sur les questions fondamentales \u00bb, a indiqu\u00e9 le ministre, r\u00e9affirmant son optimisme lors de sa participation \u00e0 une r\u00e9union du Parti de la justice et du d\u00e9veloppement (AKP, au pouvoir en Turquie).&nbsp;&nbsp;&nbsp;<\/p>\n\n\n\n<p>L&rsquo;arm\u00e9e russe a bombard\u00e9&nbsp;hier&nbsp;pour la premi\u00e8re fois les faubourgs d&rsquo;Odessa, dans le sud-ouest de l&rsquo;Ukraine, endommageant des immeubles d&rsquo;habitation sans faire de victime, ont annonc\u00e9 les autorit\u00e9s municipales du port de la mer Noire.<\/p>\n\n\n\n<p>Un tribunal de Moscou a class\u00e9 Meta Platforms, maison-m\u00e8re d&rsquo;Instagram et Facebook, d'\u00a0\u00bborganisation extr\u00e9miste\u00a0\u00bb, mais a d\u00e9clar\u00e9 que cette d\u00e9cision ne s&rsquo;appliquerait pas \u00e0 son service de messagerie WhatsApp.&nbsp;Le tribunal de district de Tverskoi \u00e0 Moscou a confirm\u00e9 une action en justice intent\u00e9e par les procureurs de l&rsquo;\u00c9tat russe concernant l&rsquo;interdiction des activit\u00e9s de Meta sur le territoire russe, a d\u00e9clar\u00e9 le service de presse du tribunal dans un communiqu\u00e9.&nbsp;Les plateformes phares de Meta, Facebook et Instagram, sont d\u00e9j\u00e0 interdites en Russie et le tribunal a d\u00e9clar\u00e9 que WhatsApp ne serait pas concern\u00e9 par cette d\u00e9cision.<\/p>\n\n\n\n<p>La Russie a interdit Facebook pour avoir restreint l&rsquo;acc\u00e8s aux m\u00e9dias russes, et bloqu\u00e9 Instagram apr\u00e8s que Meta a d\u00e9clar\u00e9 qu&rsquo;il laisserait les utilisateurs des m\u00e9dias sociaux en Ukraine publier des messages incitant \u00e0 la violence contre le pr\u00e9sident russe Vladimir Poutine et&nbsp;l\u2019arm\u00e9e russe.&nbsp;Meta a ensuite durci sa politique pour bannir les appels au meurtre des chefs d&rsquo;\u00c9tat et a d\u00e9clar\u00e9 que ses directives ne devraient jamais \u00eatre interpr\u00e9t\u00e9es comme une approbation de la violence contre le peuple russe en g\u00e9n\u00e9ral.&nbsp;Mais la menace pour les citoyens russes a suscit\u00e9 la col\u00e8re des autorit\u00e9s et conduit \u00e0 l&rsquo;ouverture d&rsquo;une proc\u00e9dure p\u00e9nale contre la soci\u00e9t\u00e9.<\/p>\n\n\n\n<p>R.I. avec agences<\/p>\n","protected":false},"excerpt":{"rendered":"<p>La Russie et l&rsquo;Ukraine ont fait des progr\u00e8s sur les dispositions \u00ab cruciales \u00bb d&rsquo;un accord de cessez-le-feu en cours<\/p>\n","protected":false},"author":3,"featured_media":18702,"comment_status":"open","ping_status":"closed","sticky":false,"template":"","format":"standard","meta":{"colormag_page_container_layout":"default_layout","colormag_page_sidebar_layout":"default_layout","om_disable_all_campaigns":false,"_monsterinsights_skip_tracking":false,"_monsterinsights_sitenote_active":false,"_monsterinsights_sitenote_note":"","_monsterinsights_sitenote_category":0,"footnotes":"","_wpscppro_dont_share_socialmedia":false,"_wpscppro_custom_social_share_image":0,"_facebook_share_type":"","_twitter_share_type":"","_linkedin_share_type":"","_pinterest_share_type":"","_linkedin_share_type_page":"","_instagram_share_type":"","_medium_share_type":"","_threads_share_type":"","_google_business_share_type":"","_selected_social_profile":[],"_wpsp_enable_custom_social_template":false,"_wpsp_social_scheduling":{"enabled":false,"datetime":null,"platforms":[],"status":"template_only","dateOption":"today","timeOption":"now","customDays":"","customHours":"","customDate":"","customTime":"","schedulingType":"absolute"},"_wpsp_active_default_template":true},"categories":[37],"tags":[],"class_list":["post-18711","post","type-post","status-publish","format-standard","has-post-thumbnail","hentry","category-monde"],"aioseo_notices":[],"yoast_head":"<!-- This site is optimized with the Yoast SEO plugin v27.5 - https:\/\/yoast.com\/product\/yoast-seo-wordpress\/ -->\n<title>Conflit en Ukraine\u00a0:\u00a0\u00abDes progr\u00e8s dans les n\u00e9gociations sur le cessez-le-feu\u00bb \u00a0 - La Sentinelle<\/title>\n<meta name=\"robots\" content=\"index, follow, max-snippet:-1, max-image-preview:large, max-video-preview:-1\" \/>\n<link rel=\"canonical\" href=\"https:\/\/lasentinelle.dz\/index.php\/2022\/03\/22\/conflit-en-ukraine-des-progres-dans-les-negociations-sur-le-cessez-le-feu\/\" \/>\n<meta property=\"og:locale\" content=\"fr_FR\" \/>\n<meta property=\"og:type\" content=\"article\" \/>\n<meta property=\"og:title\" content=\"Conflit en Ukraine\u00a0:\u00a0\u00abDes progr\u00e8s dans les n\u00e9gociations sur le cessez-le-feu\u00bb \u00a0 - La Sentinelle\" \/>\n<meta property=\"og:description\" content=\"La Russie et l&rsquo;Ukraine ont fait des progr\u00e8s sur les dispositions \u00ab cruciales \u00bb d&rsquo;un accord de cessez-le-feu en cours\" \/>\n<meta property=\"og:url\" content=\"https:\/\/lasentinelle.dz\/index.php\/2022\/03\/22\/conflit-en-ukraine-des-progres-dans-les-negociations-sur-le-cessez-le-feu\/\" \/>\n<meta property=\"og:site_name\" content=\"La Sentinelle\" \/>\n<meta property=\"article:publisher\" content=\"https:\/\/www.facebook.com\/La-Sentinelle-104059864394773\" \/>\n<meta property=\"article:published_time\" content=\"2022-03-21T23:01:00+00:00\" \/>\n<meta property=\"og:image\" content=\"https:\/\/lasentinelle.dz\/wp-content\/uploads\/2022\/03\/rusia-ucrania-negociaciones-.png\" \/>\n\t<meta property=\"og:image:width\" content=\"1350\" \/>\n\t<meta property=\"og:image:height\" content=\"900\" \/>\n\t<meta property=\"og:image:type\" content=\"image\/png\" \/>\n<meta name=\"author\" content=\"La Sentinelle\" \/>\n<meta name=\"twitter:card\" content=\"summary_large_image\" \/>\n<meta name=\"twitter:label1\" content=\"\u00c9crit par\" \/>\n\t<meta name=\"twitter:data1\" content=\"La Sentinelle\" \/>\n\t<meta name=\"twitter:label2\" content=\"Dur\u00e9e de lecture estim\u00e9e\" \/>\n\t<meta name=\"twitter:data2\" content=\"2 minutes\" \/>\n<script type=\"application\/ld+json\" class=\"yoast-schema-graph\">{\"@context\":\"https:\\\/\\\/schema.org\",\"@graph\":[{\"@type\":\"Article\",\"@id\":\"https:\\\/\\\/lasentinelle.dz\\\/index.php\\\/2022\\\/03\\\/22\\\/conflit-en-ukraine-des-progres-dans-les-negociations-sur-le-cessez-le-feu\\\/#article\",\"isPartOf\":{\"@id\":\"https:\\\/\\\/lasentinelle.dz\\\/index.php\\\/2022\\\/03\\\/22\\\/conflit-en-ukraine-des-progres-dans-les-negociations-sur-le-cessez-le-feu\\\/\"},\"author\":{\"name\":\"La Sentinelle\",\"@id\":\"https:\\\/\\\/lasentinelle.dz\\\/#\\\/schema\\\/person\\\/d865044e22e70a75174ce8bcad3acfb3\"},\"headline\":\"Conflit en Ukraine\u00a0:\u00a0\u00abDes progr\u00e8s dans les n\u00e9gociations sur le cessez-le-feu\u00bb \u00a0\",\"datePublished\":\"2022-03-21T23:01:00+00:00\",\"mainEntityOfPage\":{\"@id\":\"https:\\\/\\\/lasentinelle.dz\\\/index.php\\\/2022\\\/03\\\/22\\\/conflit-en-ukraine-des-progres-dans-les-negociations-sur-le-cessez-le-feu\\\/\"},\"wordCount\":438,\"commentCount\":0,\"publisher\":{\"@id\":\"https:\\\/\\\/lasentinelle.dz\\\/#organization\"},\"image\":{\"@id\":\"https:\\\/\\\/lasentinelle.dz\\\/index.php\\\/2022\\\/03\\\/22\\\/conflit-en-ukraine-des-progres-dans-les-negociations-sur-le-cessez-le-feu\\\/#primaryimage\"},\"thumbnailUrl\":\"https:\\\/\\\/lasentinelle.dz\\\/wp-content\\\/uploads\\\/2022\\\/03\\\/rusia-ucrania-negociaciones-.png\",\"articleSection\":[\"Monde\"],\"inLanguage\":\"fr-FR\",\"potentialAction\":[{\"@type\":\"CommentAction\",\"name\":\"Comment\",\"target\":[\"https:\\\/\\\/lasentinelle.dz\\\/index.php\\\/2022\\\/03\\\/22\\\/conflit-en-ukraine-des-progres-dans-les-negociations-sur-le-cessez-le-feu\\\/#respond\"]}]},{\"@type\":\"WebPage\",\"@id\":\"https:\\\/\\\/lasentinelle.dz\\\/index.php\\\/2022\\\/03\\\/22\\\/conflit-en-ukraine-des-progres-dans-les-negociations-sur-le-cessez-le-feu\\\/\",\"url\":\"https:\\\/\\\/lasentinelle.dz\\\/index.php\\\/2022\\\/03\\\/22\\\/conflit-en-ukraine-des-progres-dans-les-negociations-sur-le-cessez-le-feu\\\/\",\"name\":\"Conflit en Ukraine\u00a0:\u00a0\u00abDes progr\u00e8s dans les n\u00e9gociations sur le cessez-le-feu\u00bb \u00a0 - La Sentinelle\",\"isPartOf\":{\"@id\":\"https:\\\/\\\/lasentinelle.dz\\\/#website\"},\"primaryImageOfPage\":{\"@id\":\"https:\\\/\\\/lasentinelle.dz\\\/index.php\\\/2022\\\/03\\\/22\\\/conflit-en-ukraine-des-progres-dans-les-negociations-sur-le-cessez-le-feu\\\/#primaryimage\"},\"image\":{\"@id\":\"https:\\\/\\\/lasentinelle.dz\\\/index.php\\\/2022\\\/03\\\/22\\\/conflit-en-ukraine-des-progres-dans-les-negociations-sur-le-cessez-le-feu\\\/#primaryimage\"},\"thumbnailUrl\":\"https:\\\/\\\/lasentinelle.dz\\\/wp-content\\\/uploads\\\/2022\\\/03\\\/rusia-ucrania-negociaciones-.png\",\"datePublished\":\"2022-03-21T23:01:00+00:00\",\"breadcrumb\":{\"@id\":\"https:\\\/\\\/lasentinelle.dz\\\/index.php\\\/2022\\\/03\\\/22\\\/conflit-en-ukraine-des-progres-dans-les-negociations-sur-le-cessez-le-feu\\\/#breadcrumb\"},\"inLanguage\":\"fr-FR\",\"potentialAction\":[{\"@type\":\"ReadAction\",\"target\":[\"https:\\\/\\\/lasentinelle.dz\\\/index.php\\\/2022\\\/03\\\/22\\\/conflit-en-ukraine-des-progres-dans-les-negociations-sur-le-cessez-le-feu\\\/\"]}]},{\"@type\":\"ImageObject\",\"inLanguage\":\"fr-FR\",\"@id\":\"https:\\\/\\\/lasentinelle.dz\\\/index.php\\\/2022\\\/03\\\/22\\\/conflit-en-ukraine-des-progres-dans-les-negociations-sur-le-cessez-le-feu\\\/#primaryimage\",\"url\":\"https:\\\/\\\/lasentinelle.dz\\\/wp-content\\\/uploads\\\/2022\\\/03\\\/rusia-ucrania-negociaciones-.png\",\"contentUrl\":\"https:\\\/\\\/lasentinelle.dz\\\/wp-content\\\/uploads\\\/2022\\\/03\\\/rusia-ucrania-negociaciones-.png\",\"width\":1350,\"height\":900},{\"@type\":\"BreadcrumbList\",\"@id\":\"https:\\\/\\\/lasentinelle.dz\\\/index.php\\\/2022\\\/03\\\/22\\\/conflit-en-ukraine-des-progres-dans-les-negociations-sur-le-cessez-le-feu\\\/#breadcrumb\",\"itemListElement\":[{\"@type\":\"ListItem\",\"position\":1,\"name\":\"Accueil\",\"item\":\"https:\\\/\\\/lasentinelle.dz\\\/\"},{\"@type\":\"ListItem\",\"position\":2,\"name\":\"Conflit en Ukraine\u00a0:\u00a0\u00abDes progr\u00e8s dans les n\u00e9gociations sur le cessez-le-feu\u00bb \u00a0\"}]},{\"@type\":\"WebSite\",\"@id\":\"https:\\\/\\\/lasentinelle.dz\\\/#website\",\"url\":\"https:\\\/\\\/lasentinelle.dz\\\/\",\"name\":\"La Sentinelle\",\"description\":\"Quotidien national d&#039;information\",\"publisher\":{\"@id\":\"https:\\\/\\\/lasentinelle.dz\\\/#organization\"},\"potentialAction\":[{\"@type\":\"SearchAction\",\"target\":{\"@type\":\"EntryPoint\",\"urlTemplate\":\"https:\\\/\\\/lasentinelle.dz\\\/?s={search_term_string}\"},\"query-input\":{\"@type\":\"PropertyValueSpecification\",\"valueRequired\":true,\"valueName\":\"search_term_string\"}}],\"inLanguage\":\"fr-FR\"},{\"@type\":\"Organization\",\"@id\":\"https:\\\/\\\/lasentinelle.dz\\\/#organization\",\"name\":\"Quotidien La Sentinelle\",\"url\":\"https:\\\/\\\/lasentinelle.dz\\\/\",\"logo\":{\"@type\":\"ImageObject\",\"inLanguage\":\"fr-FR\",\"@id\":\"https:\\\/\\\/lasentinelle.dz\\\/#\\\/schema\\\/logo\\\/image\\\/\",\"url\":\"https:\\\/\\\/lasentinelle.dz\\\/wp-content\\\/uploads\\\/2021\\\/09\\\/logo-sentinelleSLOGAN-1.png\",\"contentUrl\":\"https:\\\/\\\/lasentinelle.dz\\\/wp-content\\\/uploads\\\/2021\\\/09\\\/logo-sentinelleSLOGAN-1.png\",\"width\":615,\"height\":142,\"caption\":\"Quotidien La Sentinelle\"},\"image\":{\"@id\":\"https:\\\/\\\/lasentinelle.dz\\\/#\\\/schema\\\/logo\\\/image\\\/\"},\"sameAs\":[\"https:\\\/\\\/www.facebook.com\\\/La-Sentinelle-104059864394773\"]},{\"@type\":\"Person\",\"@id\":\"https:\\\/\\\/lasentinelle.dz\\\/#\\\/schema\\\/person\\\/d865044e22e70a75174ce8bcad3acfb3\",\"name\":\"La Sentinelle\",\"image\":{\"@type\":\"ImageObject\",\"inLanguage\":\"fr-FR\",\"@id\":\"https:\\\/\\\/secure.gravatar.com\\\/avatar\\\/57de8e5d4b15d43fb361a71fbb36338450fe67865b528a43dd10ef7c51a20392?s=96&d=mm&r=g\",\"url\":\"https:\\\/\\\/secure.gravatar.com\\\/avatar\\\/57de8e5d4b15d43fb361a71fbb36338450fe67865b528a43dd10ef7c51a20392?s=96&d=mm&r=g\",\"contentUrl\":\"https:\\\/\\\/secure.gravatar.com\\\/avatar\\\/57de8e5d4b15d43fb361a71fbb36338450fe67865b528a43dd10ef7c51a20392?s=96&d=mm&r=g\",\"caption\":\"La Sentinelle\"},\"sameAs\":[\"http:\\\/\\\/www.lasentinelle.dz\"],\"url\":\"https:\\\/\\\/lasentinelle.dz\\\/author\\\/redaction\\\/\"}]}<\/script>\n<!-- \/ Yoast SEO plugin. -->","yoast_head_json":{"title":"Conflit en Ukraine\u00a0:\u00a0\u00abDes progr\u00e8s dans les n\u00e9gociations sur le cessez-le-feu\u00bb \u00a0 - La Sentinelle","robots":{"index":"index","follow":"follow","max-snippet":"max-snippet:-1","max-image-preview":"max-image-preview:large","max-video-preview":"max-video-preview:-1"},"canonical":"https:\/\/lasentinelle.dz\/index.php\/2022\/03\/22\/conflit-en-ukraine-des-progres-dans-les-negociations-sur-le-cessez-le-feu\/","og_locale":"fr_FR","og_type":"article","og_title":"Conflit en Ukraine\u00a0:\u00a0\u00abDes progr\u00e8s dans les n\u00e9gociations sur le cessez-le-feu\u00bb \u00a0 - La Sentinelle","og_description":"La Russie et l&rsquo;Ukraine ont fait des progr\u00e8s sur les dispositions \u00ab cruciales \u00bb d&rsquo;un accord de cessez-le-feu en cours","og_url":"https:\/\/lasentinelle.dz\/index.php\/2022\/03\/22\/conflit-en-ukraine-des-progres-dans-les-negociations-sur-le-cessez-le-feu\/","og_site_name":"La Sentinelle","article_publisher":"https:\/\/www.facebook.com\/La-Sentinelle-104059864394773","article_published_time":"2022-03-21T23:01:00+00:00","og_image":[{"width":1350,"height":900,"url":"https:\/\/lasentinelle.dz\/wp-content\/uploads\/2022\/03\/rusia-ucrania-negociaciones-.png","type":"image\/png"}],"author":"La Sentinelle","twitter_card":"summary_large_image","twitter_misc":{"\u00c9crit par":"La Sentinelle","Dur\u00e9e de lecture estim\u00e9e":"2 minutes"},"schema":{"@context":"https:\/\/schema.org","@graph":[{"@type":"Article","@id":"https:\/\/lasentinelle.dz\/index.php\/2022\/03\/22\/conflit-en-ukraine-des-progres-dans-les-negociations-sur-le-cessez-le-feu\/#article","isPartOf":{"@id":"https:\/\/lasentinelle.dz\/index.php\/2022\/03\/22\/conflit-en-ukraine-des-progres-dans-les-negociations-sur-le-cessez-le-feu\/"},"author":{"name":"La Sentinelle","@id":"https:\/\/lasentinelle.dz\/#\/schema\/person\/d865044e22e70a75174ce8bcad3acfb3"},"headline":"Conflit en Ukraine\u00a0:\u00a0\u00abDes progr\u00e8s dans les n\u00e9gociations sur le cessez-le-feu\u00bb \u00a0","datePublished":"2022-03-21T23:01:00+00:00","mainEntityOfPage":{"@id":"https:\/\/lasentinelle.dz\/index.php\/2022\/03\/22\/conflit-en-ukraine-des-progres-dans-les-negociations-sur-le-cessez-le-feu\/"},"wordCount":438,"commentCount":0,"publisher":{"@id":"https:\/\/lasentinelle.dz\/#organization"},"image":{"@id":"https:\/\/lasentinelle.dz\/index.php\/2022\/03\/22\/conflit-en-ukraine-des-progres-dans-les-negociations-sur-le-cessez-le-feu\/#primaryimage"},"thumbnailUrl":"https:\/\/lasentinelle.dz\/wp-content\/uploads\/2022\/03\/rusia-ucrania-negociaciones-.png","articleSection":["Monde"],"inLanguage":"fr-FR","potentialAction":[{"@type":"CommentAction","name":"Comment","target":["https:\/\/lasentinelle.dz\/index.php\/2022\/03\/22\/conflit-en-ukraine-des-progres-dans-les-negociations-sur-le-cessez-le-feu\/#respond"]}]},{"@type":"WebPage","@id":"https:\/\/lasentinelle.dz\/index.php\/2022\/03\/22\/conflit-en-ukraine-des-progres-dans-les-negociations-sur-le-cessez-le-feu\/","url":"https:\/\/lasentinelle.dz\/index.php\/2022\/03\/22\/conflit-en-ukraine-des-progres-dans-les-negociations-sur-le-cessez-le-feu\/","name":"Conflit en Ukraine\u00a0:\u00a0\u00abDes progr\u00e8s dans les n\u00e9gociations sur le cessez-le-feu\u00bb \u00a0 - La Sentinelle","isPartOf":{"@id":"https:\/\/lasentinelle.dz\/#website"},"primaryImageOfPage":{"@id":"https:\/\/lasentinelle.dz\/index.php\/2022\/03\/22\/conflit-en-ukraine-des-progres-dans-les-negociations-sur-le-cessez-le-feu\/#primaryimage"},"image":{"@id":"https:\/\/lasentinelle.dz\/index.php\/2022\/03\/22\/conflit-en-ukraine-des-progres-dans-les-negociations-sur-le-cessez-le-feu\/#primaryimage"},"thumbnailUrl":"https:\/\/lasentinelle.dz\/wp-content\/uploads\/2022\/03\/rusia-ucrania-negociaciones-.png","datePublished":"2022-03-21T23:01:00+00:00","breadcrumb":{"@id":"https:\/\/lasentinelle.dz\/index.php\/2022\/03\/22\/conflit-en-ukraine-des-progres-dans-les-negociations-sur-le-cessez-le-feu\/#breadcrumb"},"inLanguage":"fr-FR","potentialAction":[{"@type":"ReadAction","target":["https:\/\/lasentinelle.dz\/index.php\/2022\/03\/22\/conflit-en-ukraine-des-progres-dans-les-negociations-sur-le-cessez-le-feu\/"]}]},{"@type":"ImageObject","inLanguage":"fr-FR","@id":"https:\/\/lasentinelle.dz\/index.php\/2022\/03\/22\/conflit-en-ukraine-des-progres-dans-les-negociations-sur-le-cessez-le-feu\/#primaryimage","url":"https:\/\/lasentinelle.dz\/wp-content\/uploads\/2022\/03\/rusia-ucrania-negociaciones-.png","contentUrl":"https:\/\/lasentinelle.dz\/wp-content\/uploads\/2022\/03\/rusia-ucrania-negociaciones-.png","width":1350,"height":900},{"@type":"BreadcrumbList","@id":"https:\/\/lasentinelle.dz\/index.php\/2022\/03\/22\/conflit-en-ukraine-des-progres-dans-les-negociations-sur-le-cessez-le-feu\/#breadcrumb","itemListElement":[{"@type":"ListItem","position":1,"name":"Accueil","item":"https:\/\/lasentinelle.dz\/"},{"@type":"ListItem","position":2,"name":"Conflit en Ukraine\u00a0:\u00a0\u00abDes progr\u00e8s dans les n\u00e9gociations sur le cessez-le-feu\u00bb \u00a0"}]},{"@type":"WebSite","@id":"https:\/\/lasentinelle.dz\/#website","url":"https:\/\/lasentinelle.dz\/","name":"La Sentinelle","description":"Quotidien national d&#039;information","publisher":{"@id":"https:\/\/lasentinelle.dz\/#organization"},"potentialAction":[{"@type":"SearchAction","target":{"@type":"EntryPoint","urlTemplate":"https:\/\/lasentinelle.dz\/?s={search_term_string}"},"query-input":{"@type":"PropertyValueSpecification","valueRequired":true,"valueName":"search_term_string"}}],"inLanguage":"fr-FR"},{"@type":"Organization","@id":"https:\/\/lasentinelle.dz\/#organization","name":"Quotidien La Sentinelle","url":"https:\/\/lasentinelle.dz\/","logo":{"@type":"ImageObject","inLanguage":"fr-FR","@id":"https:\/\/lasentinelle.dz\/#\/schema\/logo\/image\/","url":"https:\/\/lasentinelle.dz\/wp-content\/uploads\/2021\/09\/logo-sentinelleSLOGAN-1.png","contentUrl":"https:\/\/lasentinelle.dz\/wp-content\/uploads\/2021\/09\/logo-sentinelleSLOGAN-1.png","width":615,"height":142,"caption":"Quotidien La Sentinelle"},"image":{"@id":"https:\/\/lasentinelle.dz\/#\/schema\/logo\/image\/"},"sameAs":["https:\/\/www.facebook.com\/La-Sentinelle-104059864394773"]},{"@type":"Person","@id":"https:\/\/lasentinelle.dz\/#\/schema\/person\/d865044e22e70a75174ce8bcad3acfb3","name":"La Sentinelle","image":{"@type":"ImageObject","inLanguage":"fr-FR","@id":"https:\/\/secure.gravatar.com\/avatar\/57de8e5d4b15d43fb361a71fbb36338450fe67865b528a43dd10ef7c51a20392?s=96&d=mm&r=g","url":"https:\/\/secure.gravatar.com\/avatar\/57de8e5d4b15d43fb361a71fbb36338450fe67865b528a43dd10ef7c51a20392?s=96&d=mm&r=g","contentUrl":"https:\/\/secure.gravatar.com\/avatar\/57de8e5d4b15d43fb361a71fbb36338450fe67865b528a43dd10ef7c51a20392?s=96&d=mm&r=g","caption":"La Sentinelle"},"sameAs":["http:\/\/www.lasentinelle.dz"],"url":"https:\/\/lasentinelle.dz\/author\/redaction\/"}]}},"_links":{"self":[{"href":"https:\/\/lasentinelle.dz\/index.php\/wp-json\/wp\/v2\/posts\/18711","targetHints":{"allow":["GET"]}}],"collection":[{"href":"https:\/\/lasentinelle.dz\/index.php\/wp-json\/wp\/v2\/posts"}],"about":[{"href":"https:\/\/lasentinelle.dz\/index.php\/wp-json\/wp\/v2\/types\/post"}],"author":[{"embeddable":true,"href":"https:\/\/lasentinelle.dz\/index.php\/wp-json\/wp\/v2\/users\/3"}],"replies":[{"embeddable":true,"href":"https:\/\/lasentinelle.dz\/index.php\/wp-json\/wp\/v2\/comments?post=18711"}],"version-history":[{"count":1,"href":"https:\/\/lasentinelle.dz\/index.php\/wp-json\/wp\/v2\/posts\/18711\/revisions"}],"predecessor-version":[{"id":18712,"href":"https:\/\/lasentinelle.dz\/index.php\/wp-json\/wp\/v2\/posts\/18711\/revisions\/18712"}],"wp:featuredmedia":[{"embeddable":true,"href":"https:\/\/lasentinelle.dz\/index.php\/wp-json\/wp\/v2\/media\/18702"}],"wp:attachment":[{"href":"https:\/\/lasentinelle.dz\/index.php\/wp-json\/wp\/v2\/media?parent=18711"}],"wp:term":[{"taxonomy":"category","embeddable":true,"href":"https:\/\/lasentinelle.dz\/index.php\/wp-json\/wp\/v2\/categories?post=18711"},{"taxonomy":"post_tag","embeddable":true,"href":"https:\/\/lasentinelle.dz\/index.php\/wp-json\/wp\/v2\/tags?post=18711"}],"curies":[{"name":"wp","href":"https:\/\/api.w.org\/{rel}","templated":true}]}}