{"id":18714,"date":"2022-03-22T00:05:00","date_gmt":"2022-03-21T23:05:00","guid":{"rendered":"https:\/\/lasentinelle.dz\/?p=18714"},"modified":"2022-03-21T20:12:52","modified_gmt":"2022-03-21T19:12:52","slug":"importation-des-vehicules-neufs-les-raisons-du-blocage","status":"publish","type":"post","link":"https:\/\/lasentinelle.dz\/index.php\/2022\/03\/22\/importation-des-vehicules-neufs-les-raisons-du-blocage\/","title":{"rendered":"Importation des v\u00e9hicules neufs\u00a0: Les raisons du blocage"},"content":{"rendered":"\n<p>Le dossier de l\u2019ouverture du march\u00e9 alg\u00e9rien aux v\u00e9hicules import\u00e9s se complique. Au-bout de plusieurs refonte r\u00e9glementaire et d\u2019examen des demandes d\u00e9pos\u00e9es, aucun agr\u00e9ment n\u2019a \u00e9t\u00e9 accord\u00e9 \u00e0 ce jour. Une situation que le minist\u00e8re de l\u2019Industrie impute aux r\u00e9serves soulev\u00e9es par la Commission technique en charge de l\u2019\u00e9tude des dossiers des concessionnaires.&nbsp;<\/p>\n\n\n\n<p>La situation du march\u00e9 automobile alg\u00e9rien est au c\u0153ur des d\u00e9bats, tant le blocage persiste. C\u2019est dans ce contexte que le vice-pr\u00e9sident de&nbsp;l\u2019Assembl\u00e9e nationale populaire, Laid Lakhdari,&nbsp;a adress\u00e9 une question \u00e9crite au ministre de l\u2019Industrie pour demander des clarifications sur les raisons du blocage. Un blocage que le d\u00e9partement d\u2019Ahmed Zeghdar attribue aux r\u00e9serves techniques. Dans la r\u00e9ponse du ministre publi\u00e9e par le d\u00e9put\u00e9 Laid Lakhdar sur son compte officiel sur les r\u00e9seaux sociaux, Zeghdar assure que&nbsp;l\u2019examen des dossiers d\u00e9pos\u00e9s par des&nbsp;concessionnaires automobiles&nbsp;\u00ab se poursuit toujours au niveau de la commission technique compos\u00e9e d\u2019experts repr\u00e9sentant les d\u00e9partements minist\u00e9riels concern\u00e9s tels que le minist\u00e8re de l\u2019Industrie, de l\u2019Int\u00e9rieur et des Collectivit\u00e9s locales, du minist\u00e8re des Finances ainsi que le minist\u00e8re de l\u2019Energie et des Mines \u00bb.&nbsp;Le ministre&nbsp;a&nbsp;\u00e9galement&nbsp;assur\u00e9 \u00e9que \u00ab cette commission poursuit son travail en toute transparence et ind\u00e9pendance pour effectuer&nbsp;un&nbsp;examen tr\u00e8s objectif et minutieux dans l\u2019optique de s\u2019assurer de leur concordance avec les cahiers des charges, lois et r\u00e8glements en vigueur \u00bb.<\/p>\n\n\n\n<p>Afin d\u2019\u00e9tudier les dossiers d\u00e9pos\u00e9s dans un rythme acceptable, ajoute le&nbsp;ministre, la commission se r\u00e9unit continuellement au niveau du minist\u00e8re de l\u2019Industrie. Cependant, pr\u00e9cise-t-il,&nbsp;\u00ab&nbsp;jusqu\u2019\u00e0 pr\u00e9sent, aucun agr\u00e9ment n\u2019a \u00e9t\u00e9 d\u00e9livr\u00e9 \u00e0 cause de nombreuses r\u00e9serves soulev\u00e9es et transmises aux op\u00e9rateurs ayant d\u00e9pos\u00e9 les dossiers pour leur permettre de les compl\u00e9ter en fournissant les documents manquants \u00bb.&nbsp;Ahmed Zeghdar&nbsp;a indiqu\u00e9 \u00e0 ce sujet justement que \u00ab la commission technique qui a tenu jusqu\u2019\u00e0 pr\u00e9sent 51 r\u00e9unions,&nbsp;a proc\u00e9d\u00e9 \u00e0 l\u2019examen de 54 dossiers sur un total de 72 dossiers d\u00e9pos\u00e9s par les op\u00e9rateurs \u00e9conomiques \u00bb. A ce sujet,&nbsp;il&nbsp;n\u2019a pas manqu\u00e9 de souligner que \u00ab les op\u00e9rateurs ont d\u00e9pos\u00e9 des dossiers dans divers cr\u00e9neaux \u00e0 l\u2019instar des v\u00e9hicules particuliers et utilitaires, les camions et v\u00e9hicules lourds divers et les bus et autres v\u00e9hicules de transport outre les motocycles \u00bb.<\/p>\n\n\n\n<p>Aussi, \u00ab la commission technique a \u00e9mis des r\u00e9serves sur neuf dossiers et les&nbsp;a&nbsp;transmises aux op\u00e9rateurs concern\u00e9s auxquels elle a assur\u00e9 que l\u2019\u00e9tude des dossiers sera ajourn\u00e9e jusqu\u2019\u00e0 ce qu\u2019ils puissent compl\u00e9ter les dossiers par les documents demand\u00e9s \u00bb.&nbsp;Le ministre&nbsp;pr\u00e9cisera par ailleurs que \u00ab la commission a \u00e9mis un avis de refus \u00e0 l\u2019endroit&nbsp;des dossiers restants \u00bb. Aussi, a-t-il expliqu\u00e9, l\u2019essentiel des r\u00e9serves \u00e9mises concernent les installations r\u00e9serv\u00e9es \u00e0 l\u2019exercice de l\u2019activit\u00e9 dont notamment les showrooms et les&nbsp;lieux&nbsp;destin\u00e9s au stockage. Des&nbsp;sites&nbsp;qui doivent, ajoute-t-il, r\u00e9pondre aux normes rigoureuses en la mati\u00e8re.&nbsp;Le ministre&nbsp;estimera \u00e0 cet effet \u00ab inconcevable de donner un agr\u00e9ment pour l\u2019exercice de cette activit\u00e9 sur un terrain \u00e0 vocation agricole \u00bb.<\/p>\n\n\n\n<p>Enfin, se voulant rassurant,&nbsp;M. Zeghdar&nbsp;a indiqu\u00e9 que \u00ab l\u2019agr\u00e9ment peut \u00eatre octroy\u00e9 d\u00e8s que la commission appose un avis favorable pour le dossier d\u00e9pos\u00e9 \u00bb.&nbsp;<\/p>\n\n\n\n<p><strong>Kamel Nait Ameur<\/strong><\/p>\n","protected":false},"excerpt":{"rendered":"<p>Le dossier de l\u2019ouverture du march\u00e9 alg\u00e9rien aux v\u00e9hicules import\u00e9s se complique. Au-bout de plusieurs refonte r\u00e9glementaire et d\u2019examen des<\/p>\n","protected":false},"author":3,"featured_media":18715,"comment_status":"open","ping_status":"closed","sticky":false,"template":"","format":"standard","meta":{"colormag_page_container_layout":"default_layout","colormag_page_sidebar_layout":"default_layout","om_disable_all_campaigns":false,"_monsterinsights_skip_tracking":false,"_monsterinsights_sitenote_active":false,"_monsterinsights_sitenote_note":"","_monsterinsights_sitenote_category":0,"footnotes":"","_wpscppro_dont_share_socialmedia":false,"_wpscppro_custom_social_share_image":0,"_facebook_share_type":"","_twitter_share_type":"","_linkedin_share_type":"","_pinterest_share_type":"","_linkedin_share_type_page":"","_instagram_share_type":"","_medium_share_type":"","_threads_share_type":"","_google_business_share_type":"","_selected_social_profile":[],"_wpsp_enable_custom_social_template":false,"_wpsp_social_scheduling":{"enabled":false,"datetime":null,"platforms":[],"status":"template_only","dateOption":"today","timeOption":"now","customDays":"","customHours":"","customDate":"","customTime":"","schedulingType":"absolute"},"_wpsp_active_default_template":true},"categories":[52,27],"tags":[],"class_list":["post-18714","post","type-post","status-publish","format-standard","has-post-thumbnail","hentry","category-a-la-une","category-actualite"],"aioseo_notices":[],"yoast_head":"<!-- This site is optimized with the Yoast SEO plugin v27.5 - https:\/\/yoast.com\/product\/yoast-seo-wordpress\/ -->\n<title>Importation des v\u00e9hicules neufs\u00a0: Les raisons du blocage - La Sentinelle<\/title>\n<meta name=\"robots\" content=\"index, follow, max-snippet:-1, max-image-preview:large, max-video-preview:-1\" \/>\n<link rel=\"canonical\" href=\"https:\/\/lasentinelle.dz\/index.php\/2022\/03\/22\/importation-des-vehicules-neufs-les-raisons-du-blocage\/\" \/>\n<meta property=\"og:locale\" content=\"fr_FR\" \/>\n<meta property=\"og:type\" content=\"article\" \/>\n<meta property=\"og:title\" content=\"Importation des v\u00e9hicules neufs\u00a0: Les raisons du blocage - La Sentinelle\" \/>\n<meta property=\"og:description\" content=\"Le dossier de l\u2019ouverture du march\u00e9 alg\u00e9rien aux v\u00e9hicules import\u00e9s se complique. Au-bout de plusieurs refonte r\u00e9glementaire et d\u2019examen des\" \/>\n<meta property=\"og:url\" content=\"https:\/\/lasentinelle.dz\/index.php\/2022\/03\/22\/importation-des-vehicules-neufs-les-raisons-du-blocage\/\" \/>\n<meta property=\"og:site_name\" content=\"La Sentinelle\" \/>\n<meta property=\"article:publisher\" content=\"https:\/\/www.facebook.com\/La-Sentinelle-104059864394773\" \/>\n<meta property=\"article:published_time\" content=\"2022-03-21T23:05:00+00:00\" \/>\n<meta property=\"og:image\" content=\"https:\/\/lasentinelle.dz\/wp-content\/uploads\/2022\/03\/voitures.png\" \/>\n\t<meta property=\"og:image:width\" content=\"1600\" \/>\n\t<meta property=\"og:image:height\" content=\"900\" \/>\n\t<meta property=\"og:image:type\" content=\"image\/png\" \/>\n<meta name=\"author\" content=\"La Sentinelle\" \/>\n<meta name=\"twitter:card\" content=\"summary_large_image\" \/>\n<meta name=\"twitter:label1\" content=\"\u00c9crit par\" \/>\n\t<meta name=\"twitter:data1\" content=\"La Sentinelle\" \/>\n\t<meta name=\"twitter:label2\" content=\"Dur\u00e9e de lecture estim\u00e9e\" \/>\n\t<meta name=\"twitter:data2\" content=\"3 minutes\" \/>\n<script type=\"application\/ld+json\" class=\"yoast-schema-graph\">{\"@context\":\"https:\\\/\\\/schema.org\",\"@graph\":[{\"@type\":\"Article\",\"@id\":\"https:\\\/\\\/lasentinelle.dz\\\/index.php\\\/2022\\\/03\\\/22\\\/importation-des-vehicules-neufs-les-raisons-du-blocage\\\/#article\",\"isPartOf\":{\"@id\":\"https:\\\/\\\/lasentinelle.dz\\\/index.php\\\/2022\\\/03\\\/22\\\/importation-des-vehicules-neufs-les-raisons-du-blocage\\\/\"},\"author\":{\"name\":\"La Sentinelle\",\"@id\":\"https:\\\/\\\/lasentinelle.dz\\\/#\\\/schema\\\/person\\\/d865044e22e70a75174ce8bcad3acfb3\"},\"headline\":\"Importation des v\u00e9hicules neufs\u00a0: Les raisons du blocage\",\"datePublished\":\"2022-03-21T23:05:00+00:00\",\"mainEntityOfPage\":{\"@id\":\"https:\\\/\\\/lasentinelle.dz\\\/index.php\\\/2022\\\/03\\\/22\\\/importation-des-vehicules-neufs-les-raisons-du-blocage\\\/\"},\"wordCount\":643,\"commentCount\":0,\"publisher\":{\"@id\":\"https:\\\/\\\/lasentinelle.dz\\\/#organization\"},\"image\":{\"@id\":\"https:\\\/\\\/lasentinelle.dz\\\/index.php\\\/2022\\\/03\\\/22\\\/importation-des-vehicules-neufs-les-raisons-du-blocage\\\/#primaryimage\"},\"thumbnailUrl\":\"https:\\\/\\\/lasentinelle.dz\\\/wp-content\\\/uploads\\\/2022\\\/03\\\/voitures.png\",\"articleSection\":[\"\u00c0 la Une\",\"Actualit\u00e9\"],\"inLanguage\":\"fr-FR\",\"potentialAction\":[{\"@type\":\"CommentAction\",\"name\":\"Comment\",\"target\":[\"https:\\\/\\\/lasentinelle.dz\\\/index.php\\\/2022\\\/03\\\/22\\\/importation-des-vehicules-neufs-les-raisons-du-blocage\\\/#respond\"]}]},{\"@type\":\"WebPage\",\"@id\":\"https:\\\/\\\/lasentinelle.dz\\\/index.php\\\/2022\\\/03\\\/22\\\/importation-des-vehicules-neufs-les-raisons-du-blocage\\\/\",\"url\":\"https:\\\/\\\/lasentinelle.dz\\\/index.php\\\/2022\\\/03\\\/22\\\/importation-des-vehicules-neufs-les-raisons-du-blocage\\\/\",\"name\":\"Importation des v\u00e9hicules neufs\u00a0: Les raisons du blocage - La Sentinelle\",\"isPartOf\":{\"@id\":\"https:\\\/\\\/lasentinelle.dz\\\/#website\"},\"primaryImageOfPage\":{\"@id\":\"https:\\\/\\\/lasentinelle.dz\\\/index.php\\\/2022\\\/03\\\/22\\\/importation-des-vehicules-neufs-les-raisons-du-blocage\\\/#primaryimage\"},\"image\":{\"@id\":\"https:\\\/\\\/lasentinelle.dz\\\/index.php\\\/2022\\\/03\\\/22\\\/importation-des-vehicules-neufs-les-raisons-du-blocage\\\/#primaryimage\"},\"thumbnailUrl\":\"https:\\\/\\\/lasentinelle.dz\\\/wp-content\\\/uploads\\\/2022\\\/03\\\/voitures.png\",\"datePublished\":\"2022-03-21T23:05:00+00:00\",\"breadcrumb\":{\"@id\":\"https:\\\/\\\/lasentinelle.dz\\\/index.php\\\/2022\\\/03\\\/22\\\/importation-des-vehicules-neufs-les-raisons-du-blocage\\\/#breadcrumb\"},\"inLanguage\":\"fr-FR\",\"potentialAction\":[{\"@type\":\"ReadAction\",\"target\":[\"https:\\\/\\\/lasentinelle.dz\\\/index.php\\\/2022\\\/03\\\/22\\\/importation-des-vehicules-neufs-les-raisons-du-blocage\\\/\"]}]},{\"@type\":\"ImageObject\",\"inLanguage\":\"fr-FR\",\"@id\":\"https:\\\/\\\/lasentinelle.dz\\\/index.php\\\/2022\\\/03\\\/22\\\/importation-des-vehicules-neufs-les-raisons-du-blocage\\\/#primaryimage\",\"url\":\"https:\\\/\\\/lasentinelle.dz\\\/wp-content\\\/uploads\\\/2022\\\/03\\\/voitures.png\",\"contentUrl\":\"https:\\\/\\\/lasentinelle.dz\\\/wp-content\\\/uploads\\\/2022\\\/03\\\/voitures.png\",\"width\":1600,\"height\":900},{\"@type\":\"BreadcrumbList\",\"@id\":\"https:\\\/\\\/lasentinelle.dz\\\/index.php\\\/2022\\\/03\\\/22\\\/importation-des-vehicules-neufs-les-raisons-du-blocage\\\/#breadcrumb\",\"itemListElement\":[{\"@type\":\"ListItem\",\"position\":1,\"name\":\"Accueil\",\"item\":\"https:\\\/\\\/lasentinelle.dz\\\/\"},{\"@type\":\"ListItem\",\"position\":2,\"name\":\"Importation des v\u00e9hicules neufs\u00a0: Les raisons du blocage\"}]},{\"@type\":\"WebSite\",\"@id\":\"https:\\\/\\\/lasentinelle.dz\\\/#website\",\"url\":\"https:\\\/\\\/lasentinelle.dz\\\/\",\"name\":\"La Sentinelle\",\"description\":\"Quotidien national d&#039;information\",\"publisher\":{\"@id\":\"https:\\\/\\\/lasentinelle.dz\\\/#organization\"},\"potentialAction\":[{\"@type\":\"SearchAction\",\"target\":{\"@type\":\"EntryPoint\",\"urlTemplate\":\"https:\\\/\\\/lasentinelle.dz\\\/?s={search_term_string}\"},\"query-input\":{\"@type\":\"PropertyValueSpecification\",\"valueRequired\":true,\"valueName\":\"search_term_string\"}}],\"inLanguage\":\"fr-FR\"},{\"@type\":\"Organization\",\"@id\":\"https:\\\/\\\/lasentinelle.dz\\\/#organization\",\"name\":\"Quotidien La Sentinelle\",\"url\":\"https:\\\/\\\/lasentinelle.dz\\\/\",\"logo\":{\"@type\":\"ImageObject\",\"inLanguage\":\"fr-FR\",\"@id\":\"https:\\\/\\\/lasentinelle.dz\\\/#\\\/schema\\\/logo\\\/image\\\/\",\"url\":\"https:\\\/\\\/lasentinelle.dz\\\/wp-content\\\/uploads\\\/2021\\\/09\\\/logo-sentinelleSLOGAN-1.png\",\"contentUrl\":\"https:\\\/\\\/lasentinelle.dz\\\/wp-content\\\/uploads\\\/2021\\\/09\\\/logo-sentinelleSLOGAN-1.png\",\"width\":615,\"height\":142,\"caption\":\"Quotidien La Sentinelle\"},\"image\":{\"@id\":\"https:\\\/\\\/lasentinelle.dz\\\/#\\\/schema\\\/logo\\\/image\\\/\"},\"sameAs\":[\"https:\\\/\\\/www.facebook.com\\\/La-Sentinelle-104059864394773\"]},{\"@type\":\"Person\",\"@id\":\"https:\\\/\\\/lasentinelle.dz\\\/#\\\/schema\\\/person\\\/d865044e22e70a75174ce8bcad3acfb3\",\"name\":\"La Sentinelle\",\"image\":{\"@type\":\"ImageObject\",\"inLanguage\":\"fr-FR\",\"@id\":\"https:\\\/\\\/secure.gravatar.com\\\/avatar\\\/57de8e5d4b15d43fb361a71fbb36338450fe67865b528a43dd10ef7c51a20392?s=96&d=mm&r=g\",\"url\":\"https:\\\/\\\/secure.gravatar.com\\\/avatar\\\/57de8e5d4b15d43fb361a71fbb36338450fe67865b528a43dd10ef7c51a20392?s=96&d=mm&r=g\",\"contentUrl\":\"https:\\\/\\\/secure.gravatar.com\\\/avatar\\\/57de8e5d4b15d43fb361a71fbb36338450fe67865b528a43dd10ef7c51a20392?s=96&d=mm&r=g\",\"caption\":\"La Sentinelle\"},\"sameAs\":[\"http:\\\/\\\/www.lasentinelle.dz\"],\"url\":\"https:\\\/\\\/lasentinelle.dz\\\/author\\\/redaction\\\/\"}]}<\/script>\n<!-- \/ Yoast SEO plugin. -->","yoast_head_json":{"title":"Importation des v\u00e9hicules neufs\u00a0: Les raisons du blocage - La Sentinelle","robots":{"index":"index","follow":"follow","max-snippet":"max-snippet:-1","max-image-preview":"max-image-preview:large","max-video-preview":"max-video-preview:-1"},"canonical":"https:\/\/lasentinelle.dz\/index.php\/2022\/03\/22\/importation-des-vehicules-neufs-les-raisons-du-blocage\/","og_locale":"fr_FR","og_type":"article","og_title":"Importation des v\u00e9hicules neufs\u00a0: Les raisons du blocage - La Sentinelle","og_description":"Le dossier de l\u2019ouverture du march\u00e9 alg\u00e9rien aux v\u00e9hicules import\u00e9s se complique. Au-bout de plusieurs refonte r\u00e9glementaire et d\u2019examen des","og_url":"https:\/\/lasentinelle.dz\/index.php\/2022\/03\/22\/importation-des-vehicules-neufs-les-raisons-du-blocage\/","og_site_name":"La Sentinelle","article_publisher":"https:\/\/www.facebook.com\/La-Sentinelle-104059864394773","article_published_time":"2022-03-21T23:05:00+00:00","og_image":[{"width":1600,"height":900,"url":"https:\/\/lasentinelle.dz\/wp-content\/uploads\/2022\/03\/voitures.png","type":"image\/png"}],"author":"La Sentinelle","twitter_card":"summary_large_image","twitter_misc":{"\u00c9crit par":"La Sentinelle","Dur\u00e9e de lecture estim\u00e9e":"3 minutes"},"schema":{"@context":"https:\/\/schema.org","@graph":[{"@type":"Article","@id":"https:\/\/lasentinelle.dz\/index.php\/2022\/03\/22\/importation-des-vehicules-neufs-les-raisons-du-blocage\/#article","isPartOf":{"@id":"https:\/\/lasentinelle.dz\/index.php\/2022\/03\/22\/importation-des-vehicules-neufs-les-raisons-du-blocage\/"},"author":{"name":"La Sentinelle","@id":"https:\/\/lasentinelle.dz\/#\/schema\/person\/d865044e22e70a75174ce8bcad3acfb3"},"headline":"Importation des v\u00e9hicules neufs\u00a0: Les raisons du blocage","datePublished":"2022-03-21T23:05:00+00:00","mainEntityOfPage":{"@id":"https:\/\/lasentinelle.dz\/index.php\/2022\/03\/22\/importation-des-vehicules-neufs-les-raisons-du-blocage\/"},"wordCount":643,"commentCount":0,"publisher":{"@id":"https:\/\/lasentinelle.dz\/#organization"},"image":{"@id":"https:\/\/lasentinelle.dz\/index.php\/2022\/03\/22\/importation-des-vehicules-neufs-les-raisons-du-blocage\/#primaryimage"},"thumbnailUrl":"https:\/\/lasentinelle.dz\/wp-content\/uploads\/2022\/03\/voitures.png","articleSection":["\u00c0 la Une","Actualit\u00e9"],"inLanguage":"fr-FR","potentialAction":[{"@type":"CommentAction","name":"Comment","target":["https:\/\/lasentinelle.dz\/index.php\/2022\/03\/22\/importation-des-vehicules-neufs-les-raisons-du-blocage\/#respond"]}]},{"@type":"WebPage","@id":"https:\/\/lasentinelle.dz\/index.php\/2022\/03\/22\/importation-des-vehicules-neufs-les-raisons-du-blocage\/","url":"https:\/\/lasentinelle.dz\/index.php\/2022\/03\/22\/importation-des-vehicules-neufs-les-raisons-du-blocage\/","name":"Importation des v\u00e9hicules neufs\u00a0: Les raisons du blocage - La Sentinelle","isPartOf":{"@id":"https:\/\/lasentinelle.dz\/#website"},"primaryImageOfPage":{"@id":"https:\/\/lasentinelle.dz\/index.php\/2022\/03\/22\/importation-des-vehicules-neufs-les-raisons-du-blocage\/#primaryimage"},"image":{"@id":"https:\/\/lasentinelle.dz\/index.php\/2022\/03\/22\/importation-des-vehicules-neufs-les-raisons-du-blocage\/#primaryimage"},"thumbnailUrl":"https:\/\/lasentinelle.dz\/wp-content\/uploads\/2022\/03\/voitures.png","datePublished":"2022-03-21T23:05:00+00:00","breadcrumb":{"@id":"https:\/\/lasentinelle.dz\/index.php\/2022\/03\/22\/importation-des-vehicules-neufs-les-raisons-du-blocage\/#breadcrumb"},"inLanguage":"fr-FR","potentialAction":[{"@type":"ReadAction","target":["https:\/\/lasentinelle.dz\/index.php\/2022\/03\/22\/importation-des-vehicules-neufs-les-raisons-du-blocage\/"]}]},{"@type":"ImageObject","inLanguage":"fr-FR","@id":"https:\/\/lasentinelle.dz\/index.php\/2022\/03\/22\/importation-des-vehicules-neufs-les-raisons-du-blocage\/#primaryimage","url":"https:\/\/lasentinelle.dz\/wp-content\/uploads\/2022\/03\/voitures.png","contentUrl":"https:\/\/lasentinelle.dz\/wp-content\/uploads\/2022\/03\/voitures.png","width":1600,"height":900},{"@type":"BreadcrumbList","@id":"https:\/\/lasentinelle.dz\/index.php\/2022\/03\/22\/importation-des-vehicules-neufs-les-raisons-du-blocage\/#breadcrumb","itemListElement":[{"@type":"ListItem","position":1,"name":"Accueil","item":"https:\/\/lasentinelle.dz\/"},{"@type":"ListItem","position":2,"name":"Importation des v\u00e9hicules neufs\u00a0: Les raisons du blocage"}]},{"@type":"WebSite","@id":"https:\/\/lasentinelle.dz\/#website","url":"https:\/\/lasentinelle.dz\/","name":"La Sentinelle","description":"Quotidien national d&#039;information","publisher":{"@id":"https:\/\/lasentinelle.dz\/#organization"},"potentialAction":[{"@type":"SearchAction","target":{"@type":"EntryPoint","urlTemplate":"https:\/\/lasentinelle.dz\/?s={search_term_string}"},"query-input":{"@type":"PropertyValueSpecification","valueRequired":true,"valueName":"search_term_string"}}],"inLanguage":"fr-FR"},{"@type":"Organization","@id":"https:\/\/lasentinelle.dz\/#organization","name":"Quotidien La Sentinelle","url":"https:\/\/lasentinelle.dz\/","logo":{"@type":"ImageObject","inLanguage":"fr-FR","@id":"https:\/\/lasentinelle.dz\/#\/schema\/logo\/image\/","url":"https:\/\/lasentinelle.dz\/wp-content\/uploads\/2021\/09\/logo-sentinelleSLOGAN-1.png","contentUrl":"https:\/\/lasentinelle.dz\/wp-content\/uploads\/2021\/09\/logo-sentinelleSLOGAN-1.png","width":615,"height":142,"caption":"Quotidien La Sentinelle"},"image":{"@id":"https:\/\/lasentinelle.dz\/#\/schema\/logo\/image\/"},"sameAs":["https:\/\/www.facebook.com\/La-Sentinelle-104059864394773"]},{"@type":"Person","@id":"https:\/\/lasentinelle.dz\/#\/schema\/person\/d865044e22e70a75174ce8bcad3acfb3","name":"La Sentinelle","image":{"@type":"ImageObject","inLanguage":"fr-FR","@id":"https:\/\/secure.gravatar.com\/avatar\/57de8e5d4b15d43fb361a71fbb36338450fe67865b528a43dd10ef7c51a20392?s=96&d=mm&r=g","url":"https:\/\/secure.gravatar.com\/avatar\/57de8e5d4b15d43fb361a71fbb36338450fe67865b528a43dd10ef7c51a20392?s=96&d=mm&r=g","contentUrl":"https:\/\/secure.gravatar.com\/avatar\/57de8e5d4b15d43fb361a71fbb36338450fe67865b528a43dd10ef7c51a20392?s=96&d=mm&r=g","caption":"La Sentinelle"},"sameAs":["http:\/\/www.lasentinelle.dz"],"url":"https:\/\/lasentinelle.dz\/author\/redaction\/"}]}},"_links":{"self":[{"href":"https:\/\/lasentinelle.dz\/index.php\/wp-json\/wp\/v2\/posts\/18714","targetHints":{"allow":["GET"]}}],"collection":[{"href":"https:\/\/lasentinelle.dz\/index.php\/wp-json\/wp\/v2\/posts"}],"about":[{"href":"https:\/\/lasentinelle.dz\/index.php\/wp-json\/wp\/v2\/types\/post"}],"author":[{"embeddable":true,"href":"https:\/\/lasentinelle.dz\/index.php\/wp-json\/wp\/v2\/users\/3"}],"replies":[{"embeddable":true,"href":"https:\/\/lasentinelle.dz\/index.php\/wp-json\/wp\/v2\/comments?post=18714"}],"version-history":[{"count":1,"href":"https:\/\/lasentinelle.dz\/index.php\/wp-json\/wp\/v2\/posts\/18714\/revisions"}],"predecessor-version":[{"id":18716,"href":"https:\/\/lasentinelle.dz\/index.php\/wp-json\/wp\/v2\/posts\/18714\/revisions\/18716"}],"wp:featuredmedia":[{"embeddable":true,"href":"https:\/\/lasentinelle.dz\/index.php\/wp-json\/wp\/v2\/media\/18715"}],"wp:attachment":[{"href":"https:\/\/lasentinelle.dz\/index.php\/wp-json\/wp\/v2\/media?parent=18714"}],"wp:term":[{"taxonomy":"category","embeddable":true,"href":"https:\/\/lasentinelle.dz\/index.php\/wp-json\/wp\/v2\/categories?post=18714"},{"taxonomy":"post_tag","embeddable":true,"href":"https:\/\/lasentinelle.dz\/index.php\/wp-json\/wp\/v2\/tags?post=18714"}],"curies":[{"name":"wp","href":"https:\/\/api.w.org\/{rel}","templated":true}]}}