{"id":18729,"date":"2022-03-22T00:01:00","date_gmt":"2022-03-21T23:01:00","guid":{"rendered":"https:\/\/lasentinelle.dz\/?p=18729"},"modified":"2022-03-21T20:39:44","modified_gmt":"2022-03-21T19:39:44","slug":"ahmed-mizab-expert-en-questions-geopolitiques-et-strategiques-le-chantage-marocain-menace-la-securite-espagnole","status":"publish","type":"post","link":"https:\/\/lasentinelle.dz\/index.php\/2022\/03\/22\/ahmed-mizab-expert-en-questions-geopolitiques-et-strategiques-le-chantage-marocain-menace-la-securite-espagnole\/","title":{"rendered":"Ahmed Mizab, expert en questions g\u00e9opolitiques et strat\u00e9giques\u00a0: \u00ab Le chantage marocain menace la s\u00e9curit\u00e9 espagnole \u00bb"},"content":{"rendered":"\n<p>L&rsquo;expert en questions g\u00e9opolitiques et strat\u00e9giques, le professeur Ahmed Mizab, a affirm\u00e9 que \u00abla d\u00e9marche sans pr\u00e9c\u00e9dent du Premier ministre espagnol, Pedro Sanchez, concernant la question du Sahara occidental, constitue une menace pour la s\u00e9curit\u00e9 de la r\u00e9gion et pour la s\u00e9curit\u00e9 nationale espagnole&nbsp;\u00bb. Ahmed Mizab consid\u00e8re que \u00able Makhzen est une partie peu fiable et pas du tout cr\u00e9dible\u00bb. Intervenant sur les ondes de la chaine 1 de la radio nationale, l\u2019expert a indiqu\u00e9 que \u00ables pratiques du r\u00e9gime marocain du Makhzen, b\u00e2ties sur la provocation et la corruption des consciences en les soudoyant, ne m\u00e8neront, au final, \u00e0 nulle part et n\u2019aboutissent \u00e0 aucun r\u00e9sultat\u00bb. Bien au contraire, dira-t-il, \u00ab cela l\u00e8ve le voile sur l\u2019\u00e9tat de confusion et l&rsquo;absence d&rsquo;une vision claire pour ce syst\u00e8me\u00bb. L\u2019invit\u00e9 de la chaine 1 a fait \u00e9tat de \u00abla responsabilit\u00e9 av\u00e9r\u00e9e de l\u2019Espagne qui ne peut \u00eatre renvers\u00e9e par des positions politiques\u00bb, notant que \u00able peuple sahraoui s\u2019en sortira, \u00e0 la lumi\u00e8re de tous ces d\u00e9veloppements, gagnant\u00bb. \u00abSes (le peuple Sahraoui) choix strat\u00e9giques se pr\u00e9cisent jour apr\u00e8s jour, \u00e0 travers lesquelles il peut fixer les priorit\u00e9s lesquelles lui permettent le recouvrement de ses droits l\u00e9gitimes\u00bb. Mizab indiquera que \u00able droit du peuple sahraoui est tributaire du recouvrement de sa souverainet\u00e9 et son autod\u00e9termination. Ce droit ne peut pas \u00eatre chang\u00e9 apr\u00e8s plus de 47 ans de lutte\u00bb. L\u2019expert en questions g\u00e9opolitique a d\u00e9clar\u00e9 que \u00ables positions de l&rsquo;Alg\u00e9rie sont fermes et claires, et ce, dans le cadre du respect de la Charte des Nations Unies, des trait\u00e9s internationaux et du droit international d&rsquo;une part, et de la Charte de l&rsquo;Union africaine dans le cadre du droit de d\u00e9coloniser le continent africain, d&rsquo;autre part\u00bb. Il a soulign\u00e9 \u00e9galement que \u00abla voix de l&rsquo;Alg\u00e9rie, qui est connue pour son soutien au droit des peuples \u00e0 disposer d&rsquo;eux-m\u00eames, ne peut \u00eatre \u00e9touff\u00e9e dans le cadre du soutien \u00e0 des causes justes\u00bb. D&rsquo;autre part, l\u2019invit\u00e9 de la Chaine 1 a indiqu\u00e9 que \u00abla mesure prise par le Premier ministre espagnol, Pedro Sanchez, a surpris les Espagnols \u00e0 tous les niveaux, officiel, politique, m\u00e9diatique et m\u00eame \u00e9litiste. Celle-ci \u00ab conduira \u00e0 une scission au sein du front int\u00e9rieur en Espagne\u00bb, a-t-il fait savoir citant les r\u00e9actions de pr\u00e8s de 11 partis politiques si\u00e9geant au sein du Parlement demandant \u00ab la convocation du Premier ministre espagnol pour qu\u2019il rende des comptes\u00bb\u00bb. Il a ajout\u00e9 que \u00abdes centaines d&rsquo;organisations espagnoles soutenant la cause sahraouie agiront comme un bloc de pression dans le cadre du rejet et de la d\u00e9nonciation de cette d\u00e9marche irresponsable\u00bb. Ce qui s&rsquo;est pass\u00e9, dit Mizab, \u00ab&nbsp;exprime la faiblesse de la position politique du gouvernement espagnol actuel\u00bb. Selon le m\u00eame expert, \u00ab&nbsp;tomber dans le pi\u00e8ge des chantages du r\u00e9gime marocain et du Makhzen est une \u00e9tape dangereuse, qui peut menacer la s\u00e9curit\u00e9 nationale espagnole&nbsp;\u00bb. Dans un autre contexte, l&rsquo;expert a soulign\u00e9 que \u00able gouvernement espagnol est confront\u00e9 \u00e0 une \u00e9preuve difficile, d&rsquo;autant plus que cet \u00e9chec pourrait entra\u00eener la chute du gouvernement actuel car les Espagnols ne pourraient pas accepter cette \u00e9tape soudaine\u00bb. Ahmed Mizab a conclu que \u00abcet incident n&rsquo;affectera pas le moral du peuple sahraoui et ne le poussera pas \u00e0 reculer dans ses revendications \u00bb. Bien au contraire. \u00abIl le fera avancer avec plus de d\u00e9termination et avec plus de d\u00e9termination dans le cadre du r\u00e9tablissement de son droit\u00bb, a-t-il pr\u00e9dit.<\/p>\n\n\n\n<p><strong>Salim Abdenour<\/strong><\/p>\n","protected":false},"excerpt":{"rendered":"<p>L&rsquo;expert en questions g\u00e9opolitiques et strat\u00e9giques, le professeur Ahmed Mizab, a affirm\u00e9 que \u00abla d\u00e9marche sans pr\u00e9c\u00e9dent du Premier ministre<\/p>\n","protected":false},"author":3,"featured_media":1616,"comment_status":"open","ping_status":"closed","sticky":false,"template":"","format":"standard","meta":{"colormag_page_container_layout":"default_layout","colormag_page_sidebar_layout":"default_layout","om_disable_all_campaigns":false,"_monsterinsights_skip_tracking":false,"_monsterinsights_sitenote_active":false,"_monsterinsights_sitenote_note":"","_monsterinsights_sitenote_category":0,"footnotes":"","_wpscppro_dont_share_socialmedia":false,"_wpscppro_custom_social_share_image":0,"_facebook_share_type":"","_twitter_share_type":"","_linkedin_share_type":"","_pinterest_share_type":"","_linkedin_share_type_page":"","_instagram_share_type":"","_medium_share_type":"","_threads_share_type":"","_google_business_share_type":"","_selected_social_profile":[],"_wpsp_enable_custom_social_template":false,"_wpsp_social_scheduling":{"enabled":false,"datetime":null,"platforms":[],"status":"template_only","dateOption":"today","timeOption":"now","customDays":"","customHours":"","customDate":"","customTime":"","schedulingType":"absolute"},"_wpsp_active_default_template":true},"categories":[27],"tags":[],"class_list":["post-18729","post","type-post","status-publish","format-standard","has-post-thumbnail","hentry","category-actualite"],"aioseo_notices":[],"yoast_head":"<!-- This site is optimized with the Yoast SEO plugin v27.5 - https:\/\/yoast.com\/product\/yoast-seo-wordpress\/ -->\n<title>Ahmed Mizab, expert en questions g\u00e9opolitiques et strat\u00e9giques\u00a0: \u00ab Le chantage marocain menace la s\u00e9curit\u00e9 espagnole \u00bb - La Sentinelle<\/title>\n<meta name=\"robots\" content=\"index, follow, max-snippet:-1, max-image-preview:large, max-video-preview:-1\" \/>\n<link rel=\"canonical\" href=\"https:\/\/lasentinelle.dz\/index.php\/2022\/03\/22\/ahmed-mizab-expert-en-questions-geopolitiques-et-strategiques-le-chantage-marocain-menace-la-securite-espagnole\/\" \/>\n<meta property=\"og:locale\" content=\"fr_FR\" \/>\n<meta property=\"og:type\" content=\"article\" \/>\n<meta property=\"og:title\" content=\"Ahmed Mizab, expert en questions g\u00e9opolitiques et strat\u00e9giques\u00a0: \u00ab Le chantage marocain menace la s\u00e9curit\u00e9 espagnole \u00bb - La Sentinelle\" \/>\n<meta property=\"og:description\" content=\"L&rsquo;expert en questions g\u00e9opolitiques et strat\u00e9giques, le professeur Ahmed Mizab, a affirm\u00e9 que \u00abla d\u00e9marche sans pr\u00e9c\u00e9dent du Premier ministre\" \/>\n<meta property=\"og:url\" content=\"https:\/\/lasentinelle.dz\/index.php\/2022\/03\/22\/ahmed-mizab-expert-en-questions-geopolitiques-et-strategiques-le-chantage-marocain-menace-la-securite-espagnole\/\" \/>\n<meta property=\"og:site_name\" content=\"La Sentinelle\" \/>\n<meta property=\"article:publisher\" content=\"https:\/\/www.facebook.com\/La-Sentinelle-104059864394773\" \/>\n<meta property=\"article:published_time\" content=\"2022-03-21T23:01:00+00:00\" \/>\n<meta property=\"og:image\" content=\"https:\/\/lasentinelle.dz\/wp-content\/uploads\/2021\/07\/ahmed-mizab.png\" \/>\n\t<meta property=\"og:image:width\" content=\"1602\" \/>\n\t<meta property=\"og:image:height\" content=\"900\" \/>\n\t<meta property=\"og:image:type\" content=\"image\/png\" \/>\n<meta name=\"author\" content=\"La Sentinelle\" \/>\n<meta name=\"twitter:card\" content=\"summary_large_image\" \/>\n<meta name=\"twitter:label1\" content=\"\u00c9crit par\" \/>\n\t<meta name=\"twitter:data1\" content=\"La Sentinelle\" \/>\n\t<meta name=\"twitter:label2\" content=\"Dur\u00e9e de lecture estim\u00e9e\" \/>\n\t<meta name=\"twitter:data2\" content=\"3 minutes\" \/>\n<script type=\"application\/ld+json\" class=\"yoast-schema-graph\">{\"@context\":\"https:\\\/\\\/schema.org\",\"@graph\":[{\"@type\":\"Article\",\"@id\":\"https:\\\/\\\/lasentinelle.dz\\\/index.php\\\/2022\\\/03\\\/22\\\/ahmed-mizab-expert-en-questions-geopolitiques-et-strategiques-le-chantage-marocain-menace-la-securite-espagnole\\\/#article\",\"isPartOf\":{\"@id\":\"https:\\\/\\\/lasentinelle.dz\\\/index.php\\\/2022\\\/03\\\/22\\\/ahmed-mizab-expert-en-questions-geopolitiques-et-strategiques-le-chantage-marocain-menace-la-securite-espagnole\\\/\"},\"author\":{\"name\":\"La Sentinelle\",\"@id\":\"https:\\\/\\\/lasentinelle.dz\\\/#\\\/schema\\\/person\\\/d865044e22e70a75174ce8bcad3acfb3\"},\"headline\":\"Ahmed Mizab, expert en questions g\u00e9opolitiques et strat\u00e9giques\u00a0: \u00ab Le chantage marocain menace la s\u00e9curit\u00e9 espagnole \u00bb\",\"datePublished\":\"2022-03-21T23:01:00+00:00\",\"mainEntityOfPage\":{\"@id\":\"https:\\\/\\\/lasentinelle.dz\\\/index.php\\\/2022\\\/03\\\/22\\\/ahmed-mizab-expert-en-questions-geopolitiques-et-strategiques-le-chantage-marocain-menace-la-securite-espagnole\\\/\"},\"wordCount\":641,\"commentCount\":0,\"publisher\":{\"@id\":\"https:\\\/\\\/lasentinelle.dz\\\/#organization\"},\"image\":{\"@id\":\"https:\\\/\\\/lasentinelle.dz\\\/index.php\\\/2022\\\/03\\\/22\\\/ahmed-mizab-expert-en-questions-geopolitiques-et-strategiques-le-chantage-marocain-menace-la-securite-espagnole\\\/#primaryimage\"},\"thumbnailUrl\":\"https:\\\/\\\/lasentinelle.dz\\\/wp-content\\\/uploads\\\/2021\\\/07\\\/ahmed-mizab.png\",\"articleSection\":[\"Actualit\u00e9\"],\"inLanguage\":\"fr-FR\",\"potentialAction\":[{\"@type\":\"CommentAction\",\"name\":\"Comment\",\"target\":[\"https:\\\/\\\/lasentinelle.dz\\\/index.php\\\/2022\\\/03\\\/22\\\/ahmed-mizab-expert-en-questions-geopolitiques-et-strategiques-le-chantage-marocain-menace-la-securite-espagnole\\\/#respond\"]}]},{\"@type\":\"WebPage\",\"@id\":\"https:\\\/\\\/lasentinelle.dz\\\/index.php\\\/2022\\\/03\\\/22\\\/ahmed-mizab-expert-en-questions-geopolitiques-et-strategiques-le-chantage-marocain-menace-la-securite-espagnole\\\/\",\"url\":\"https:\\\/\\\/lasentinelle.dz\\\/index.php\\\/2022\\\/03\\\/22\\\/ahmed-mizab-expert-en-questions-geopolitiques-et-strategiques-le-chantage-marocain-menace-la-securite-espagnole\\\/\",\"name\":\"Ahmed Mizab, expert en questions g\u00e9opolitiques et strat\u00e9giques\u00a0: \u00ab Le chantage marocain menace la s\u00e9curit\u00e9 espagnole \u00bb - La Sentinelle\",\"isPartOf\":{\"@id\":\"https:\\\/\\\/lasentinelle.dz\\\/#website\"},\"primaryImageOfPage\":{\"@id\":\"https:\\\/\\\/lasentinelle.dz\\\/index.php\\\/2022\\\/03\\\/22\\\/ahmed-mizab-expert-en-questions-geopolitiques-et-strategiques-le-chantage-marocain-menace-la-securite-espagnole\\\/#primaryimage\"},\"image\":{\"@id\":\"https:\\\/\\\/lasentinelle.dz\\\/index.php\\\/2022\\\/03\\\/22\\\/ahmed-mizab-expert-en-questions-geopolitiques-et-strategiques-le-chantage-marocain-menace-la-securite-espagnole\\\/#primaryimage\"},\"thumbnailUrl\":\"https:\\\/\\\/lasentinelle.dz\\\/wp-content\\\/uploads\\\/2021\\\/07\\\/ahmed-mizab.png\",\"datePublished\":\"2022-03-21T23:01:00+00:00\",\"breadcrumb\":{\"@id\":\"https:\\\/\\\/lasentinelle.dz\\\/index.php\\\/2022\\\/03\\\/22\\\/ahmed-mizab-expert-en-questions-geopolitiques-et-strategiques-le-chantage-marocain-menace-la-securite-espagnole\\\/#breadcrumb\"},\"inLanguage\":\"fr-FR\",\"potentialAction\":[{\"@type\":\"ReadAction\",\"target\":[\"https:\\\/\\\/lasentinelle.dz\\\/index.php\\\/2022\\\/03\\\/22\\\/ahmed-mizab-expert-en-questions-geopolitiques-et-strategiques-le-chantage-marocain-menace-la-securite-espagnole\\\/\"]}]},{\"@type\":\"ImageObject\",\"inLanguage\":\"fr-FR\",\"@id\":\"https:\\\/\\\/lasentinelle.dz\\\/index.php\\\/2022\\\/03\\\/22\\\/ahmed-mizab-expert-en-questions-geopolitiques-et-strategiques-le-chantage-marocain-menace-la-securite-espagnole\\\/#primaryimage\",\"url\":\"https:\\\/\\\/lasentinelle.dz\\\/wp-content\\\/uploads\\\/2021\\\/07\\\/ahmed-mizab.png\",\"contentUrl\":\"https:\\\/\\\/lasentinelle.dz\\\/wp-content\\\/uploads\\\/2021\\\/07\\\/ahmed-mizab.png\",\"width\":1602,\"height\":900},{\"@type\":\"BreadcrumbList\",\"@id\":\"https:\\\/\\\/lasentinelle.dz\\\/index.php\\\/2022\\\/03\\\/22\\\/ahmed-mizab-expert-en-questions-geopolitiques-et-strategiques-le-chantage-marocain-menace-la-securite-espagnole\\\/#breadcrumb\",\"itemListElement\":[{\"@type\":\"ListItem\",\"position\":1,\"name\":\"Accueil\",\"item\":\"https:\\\/\\\/lasentinelle.dz\\\/\"},{\"@type\":\"ListItem\",\"position\":2,\"name\":\"Ahmed Mizab, expert en questions g\u00e9opolitiques et strat\u00e9giques\u00a0: \u00ab Le chantage marocain menace la s\u00e9curit\u00e9 espagnole \u00bb\"}]},{\"@type\":\"WebSite\",\"@id\":\"https:\\\/\\\/lasentinelle.dz\\\/#website\",\"url\":\"https:\\\/\\\/lasentinelle.dz\\\/\",\"name\":\"La Sentinelle\",\"description\":\"Quotidien national d&#039;information\",\"publisher\":{\"@id\":\"https:\\\/\\\/lasentinelle.dz\\\/#organization\"},\"potentialAction\":[{\"@type\":\"SearchAction\",\"target\":{\"@type\":\"EntryPoint\",\"urlTemplate\":\"https:\\\/\\\/lasentinelle.dz\\\/?s={search_term_string}\"},\"query-input\":{\"@type\":\"PropertyValueSpecification\",\"valueRequired\":true,\"valueName\":\"search_term_string\"}}],\"inLanguage\":\"fr-FR\"},{\"@type\":\"Organization\",\"@id\":\"https:\\\/\\\/lasentinelle.dz\\\/#organization\",\"name\":\"Quotidien La Sentinelle\",\"url\":\"https:\\\/\\\/lasentinelle.dz\\\/\",\"logo\":{\"@type\":\"ImageObject\",\"inLanguage\":\"fr-FR\",\"@id\":\"https:\\\/\\\/lasentinelle.dz\\\/#\\\/schema\\\/logo\\\/image\\\/\",\"url\":\"https:\\\/\\\/lasentinelle.dz\\\/wp-content\\\/uploads\\\/2021\\\/09\\\/logo-sentinelleSLOGAN-1.png\",\"contentUrl\":\"https:\\\/\\\/lasentinelle.dz\\\/wp-content\\\/uploads\\\/2021\\\/09\\\/logo-sentinelleSLOGAN-1.png\",\"width\":615,\"height\":142,\"caption\":\"Quotidien La Sentinelle\"},\"image\":{\"@id\":\"https:\\\/\\\/lasentinelle.dz\\\/#\\\/schema\\\/logo\\\/image\\\/\"},\"sameAs\":[\"https:\\\/\\\/www.facebook.com\\\/La-Sentinelle-104059864394773\"]},{\"@type\":\"Person\",\"@id\":\"https:\\\/\\\/lasentinelle.dz\\\/#\\\/schema\\\/person\\\/d865044e22e70a75174ce8bcad3acfb3\",\"name\":\"La Sentinelle\",\"image\":{\"@type\":\"ImageObject\",\"inLanguage\":\"fr-FR\",\"@id\":\"https:\\\/\\\/secure.gravatar.com\\\/avatar\\\/57de8e5d4b15d43fb361a71fbb36338450fe67865b528a43dd10ef7c51a20392?s=96&d=mm&r=g\",\"url\":\"https:\\\/\\\/secure.gravatar.com\\\/avatar\\\/57de8e5d4b15d43fb361a71fbb36338450fe67865b528a43dd10ef7c51a20392?s=96&d=mm&r=g\",\"contentUrl\":\"https:\\\/\\\/secure.gravatar.com\\\/avatar\\\/57de8e5d4b15d43fb361a71fbb36338450fe67865b528a43dd10ef7c51a20392?s=96&d=mm&r=g\",\"caption\":\"La Sentinelle\"},\"sameAs\":[\"http:\\\/\\\/www.lasentinelle.dz\"],\"url\":\"https:\\\/\\\/lasentinelle.dz\\\/author\\\/redaction\\\/\"}]}<\/script>\n<!-- \/ Yoast SEO plugin. -->","yoast_head_json":{"title":"Ahmed Mizab, expert en questions g\u00e9opolitiques et strat\u00e9giques\u00a0: \u00ab Le chantage marocain menace la s\u00e9curit\u00e9 espagnole \u00bb - La Sentinelle","robots":{"index":"index","follow":"follow","max-snippet":"max-snippet:-1","max-image-preview":"max-image-preview:large","max-video-preview":"max-video-preview:-1"},"canonical":"https:\/\/lasentinelle.dz\/index.php\/2022\/03\/22\/ahmed-mizab-expert-en-questions-geopolitiques-et-strategiques-le-chantage-marocain-menace-la-securite-espagnole\/","og_locale":"fr_FR","og_type":"article","og_title":"Ahmed Mizab, expert en questions g\u00e9opolitiques et strat\u00e9giques\u00a0: \u00ab Le chantage marocain menace la s\u00e9curit\u00e9 espagnole \u00bb - La Sentinelle","og_description":"L&rsquo;expert en questions g\u00e9opolitiques et strat\u00e9giques, le professeur Ahmed Mizab, a affirm\u00e9 que \u00abla d\u00e9marche sans pr\u00e9c\u00e9dent du Premier ministre","og_url":"https:\/\/lasentinelle.dz\/index.php\/2022\/03\/22\/ahmed-mizab-expert-en-questions-geopolitiques-et-strategiques-le-chantage-marocain-menace-la-securite-espagnole\/","og_site_name":"La Sentinelle","article_publisher":"https:\/\/www.facebook.com\/La-Sentinelle-104059864394773","article_published_time":"2022-03-21T23:01:00+00:00","og_image":[{"width":1602,"height":900,"url":"https:\/\/lasentinelle.dz\/wp-content\/uploads\/2021\/07\/ahmed-mizab.png","type":"image\/png"}],"author":"La Sentinelle","twitter_card":"summary_large_image","twitter_misc":{"\u00c9crit par":"La Sentinelle","Dur\u00e9e de lecture estim\u00e9e":"3 minutes"},"schema":{"@context":"https:\/\/schema.org","@graph":[{"@type":"Article","@id":"https:\/\/lasentinelle.dz\/index.php\/2022\/03\/22\/ahmed-mizab-expert-en-questions-geopolitiques-et-strategiques-le-chantage-marocain-menace-la-securite-espagnole\/#article","isPartOf":{"@id":"https:\/\/lasentinelle.dz\/index.php\/2022\/03\/22\/ahmed-mizab-expert-en-questions-geopolitiques-et-strategiques-le-chantage-marocain-menace-la-securite-espagnole\/"},"author":{"name":"La Sentinelle","@id":"https:\/\/lasentinelle.dz\/#\/schema\/person\/d865044e22e70a75174ce8bcad3acfb3"},"headline":"Ahmed Mizab, expert en questions g\u00e9opolitiques et strat\u00e9giques\u00a0: \u00ab Le chantage marocain menace la s\u00e9curit\u00e9 espagnole \u00bb","datePublished":"2022-03-21T23:01:00+00:00","mainEntityOfPage":{"@id":"https:\/\/lasentinelle.dz\/index.php\/2022\/03\/22\/ahmed-mizab-expert-en-questions-geopolitiques-et-strategiques-le-chantage-marocain-menace-la-securite-espagnole\/"},"wordCount":641,"commentCount":0,"publisher":{"@id":"https:\/\/lasentinelle.dz\/#organization"},"image":{"@id":"https:\/\/lasentinelle.dz\/index.php\/2022\/03\/22\/ahmed-mizab-expert-en-questions-geopolitiques-et-strategiques-le-chantage-marocain-menace-la-securite-espagnole\/#primaryimage"},"thumbnailUrl":"https:\/\/lasentinelle.dz\/wp-content\/uploads\/2021\/07\/ahmed-mizab.png","articleSection":["Actualit\u00e9"],"inLanguage":"fr-FR","potentialAction":[{"@type":"CommentAction","name":"Comment","target":["https:\/\/lasentinelle.dz\/index.php\/2022\/03\/22\/ahmed-mizab-expert-en-questions-geopolitiques-et-strategiques-le-chantage-marocain-menace-la-securite-espagnole\/#respond"]}]},{"@type":"WebPage","@id":"https:\/\/lasentinelle.dz\/index.php\/2022\/03\/22\/ahmed-mizab-expert-en-questions-geopolitiques-et-strategiques-le-chantage-marocain-menace-la-securite-espagnole\/","url":"https:\/\/lasentinelle.dz\/index.php\/2022\/03\/22\/ahmed-mizab-expert-en-questions-geopolitiques-et-strategiques-le-chantage-marocain-menace-la-securite-espagnole\/","name":"Ahmed Mizab, expert en questions g\u00e9opolitiques et strat\u00e9giques\u00a0: \u00ab Le chantage marocain menace la s\u00e9curit\u00e9 espagnole \u00bb - La Sentinelle","isPartOf":{"@id":"https:\/\/lasentinelle.dz\/#website"},"primaryImageOfPage":{"@id":"https:\/\/lasentinelle.dz\/index.php\/2022\/03\/22\/ahmed-mizab-expert-en-questions-geopolitiques-et-strategiques-le-chantage-marocain-menace-la-securite-espagnole\/#primaryimage"},"image":{"@id":"https:\/\/lasentinelle.dz\/index.php\/2022\/03\/22\/ahmed-mizab-expert-en-questions-geopolitiques-et-strategiques-le-chantage-marocain-menace-la-securite-espagnole\/#primaryimage"},"thumbnailUrl":"https:\/\/lasentinelle.dz\/wp-content\/uploads\/2021\/07\/ahmed-mizab.png","datePublished":"2022-03-21T23:01:00+00:00","breadcrumb":{"@id":"https:\/\/lasentinelle.dz\/index.php\/2022\/03\/22\/ahmed-mizab-expert-en-questions-geopolitiques-et-strategiques-le-chantage-marocain-menace-la-securite-espagnole\/#breadcrumb"},"inLanguage":"fr-FR","potentialAction":[{"@type":"ReadAction","target":["https:\/\/lasentinelle.dz\/index.php\/2022\/03\/22\/ahmed-mizab-expert-en-questions-geopolitiques-et-strategiques-le-chantage-marocain-menace-la-securite-espagnole\/"]}]},{"@type":"ImageObject","inLanguage":"fr-FR","@id":"https:\/\/lasentinelle.dz\/index.php\/2022\/03\/22\/ahmed-mizab-expert-en-questions-geopolitiques-et-strategiques-le-chantage-marocain-menace-la-securite-espagnole\/#primaryimage","url":"https:\/\/lasentinelle.dz\/wp-content\/uploads\/2021\/07\/ahmed-mizab.png","contentUrl":"https:\/\/lasentinelle.dz\/wp-content\/uploads\/2021\/07\/ahmed-mizab.png","width":1602,"height":900},{"@type":"BreadcrumbList","@id":"https:\/\/lasentinelle.dz\/index.php\/2022\/03\/22\/ahmed-mizab-expert-en-questions-geopolitiques-et-strategiques-le-chantage-marocain-menace-la-securite-espagnole\/#breadcrumb","itemListElement":[{"@type":"ListItem","position":1,"name":"Accueil","item":"https:\/\/lasentinelle.dz\/"},{"@type":"ListItem","position":2,"name":"Ahmed Mizab, expert en questions g\u00e9opolitiques et strat\u00e9giques\u00a0: \u00ab Le chantage marocain menace la s\u00e9curit\u00e9 espagnole \u00bb"}]},{"@type":"WebSite","@id":"https:\/\/lasentinelle.dz\/#website","url":"https:\/\/lasentinelle.dz\/","name":"La Sentinelle","description":"Quotidien national d&#039;information","publisher":{"@id":"https:\/\/lasentinelle.dz\/#organization"},"potentialAction":[{"@type":"SearchAction","target":{"@type":"EntryPoint","urlTemplate":"https:\/\/lasentinelle.dz\/?s={search_term_string}"},"query-input":{"@type":"PropertyValueSpecification","valueRequired":true,"valueName":"search_term_string"}}],"inLanguage":"fr-FR"},{"@type":"Organization","@id":"https:\/\/lasentinelle.dz\/#organization","name":"Quotidien La Sentinelle","url":"https:\/\/lasentinelle.dz\/","logo":{"@type":"ImageObject","inLanguage":"fr-FR","@id":"https:\/\/lasentinelle.dz\/#\/schema\/logo\/image\/","url":"https:\/\/lasentinelle.dz\/wp-content\/uploads\/2021\/09\/logo-sentinelleSLOGAN-1.png","contentUrl":"https:\/\/lasentinelle.dz\/wp-content\/uploads\/2021\/09\/logo-sentinelleSLOGAN-1.png","width":615,"height":142,"caption":"Quotidien La Sentinelle"},"image":{"@id":"https:\/\/lasentinelle.dz\/#\/schema\/logo\/image\/"},"sameAs":["https:\/\/www.facebook.com\/La-Sentinelle-104059864394773"]},{"@type":"Person","@id":"https:\/\/lasentinelle.dz\/#\/schema\/person\/d865044e22e70a75174ce8bcad3acfb3","name":"La Sentinelle","image":{"@type":"ImageObject","inLanguage":"fr-FR","@id":"https:\/\/secure.gravatar.com\/avatar\/57de8e5d4b15d43fb361a71fbb36338450fe67865b528a43dd10ef7c51a20392?s=96&d=mm&r=g","url":"https:\/\/secure.gravatar.com\/avatar\/57de8e5d4b15d43fb361a71fbb36338450fe67865b528a43dd10ef7c51a20392?s=96&d=mm&r=g","contentUrl":"https:\/\/secure.gravatar.com\/avatar\/57de8e5d4b15d43fb361a71fbb36338450fe67865b528a43dd10ef7c51a20392?s=96&d=mm&r=g","caption":"La Sentinelle"},"sameAs":["http:\/\/www.lasentinelle.dz"],"url":"https:\/\/lasentinelle.dz\/author\/redaction\/"}]}},"_links":{"self":[{"href":"https:\/\/lasentinelle.dz\/index.php\/wp-json\/wp\/v2\/posts\/18729","targetHints":{"allow":["GET"]}}],"collection":[{"href":"https:\/\/lasentinelle.dz\/index.php\/wp-json\/wp\/v2\/posts"}],"about":[{"href":"https:\/\/lasentinelle.dz\/index.php\/wp-json\/wp\/v2\/types\/post"}],"author":[{"embeddable":true,"href":"https:\/\/lasentinelle.dz\/index.php\/wp-json\/wp\/v2\/users\/3"}],"replies":[{"embeddable":true,"href":"https:\/\/lasentinelle.dz\/index.php\/wp-json\/wp\/v2\/comments?post=18729"}],"version-history":[{"count":1,"href":"https:\/\/lasentinelle.dz\/index.php\/wp-json\/wp\/v2\/posts\/18729\/revisions"}],"predecessor-version":[{"id":18733,"href":"https:\/\/lasentinelle.dz\/index.php\/wp-json\/wp\/v2\/posts\/18729\/revisions\/18733"}],"wp:featuredmedia":[{"embeddable":true,"href":"https:\/\/lasentinelle.dz\/index.php\/wp-json\/wp\/v2\/media\/1616"}],"wp:attachment":[{"href":"https:\/\/lasentinelle.dz\/index.php\/wp-json\/wp\/v2\/media?parent=18729"}],"wp:term":[{"taxonomy":"category","embeddable":true,"href":"https:\/\/lasentinelle.dz\/index.php\/wp-json\/wp\/v2\/categories?post=18729"},{"taxonomy":"post_tag","embeddable":true,"href":"https:\/\/lasentinelle.dz\/index.php\/wp-json\/wp\/v2\/tags?post=18729"}],"curies":[{"name":"wp","href":"https:\/\/api.w.org\/{rel}","templated":true}]}}