{"id":18743,"date":"2022-03-23T00:01:00","date_gmt":"2022-03-22T23:01:00","guid":{"rendered":"https:\/\/lasentinelle.dz\/?p=18743"},"modified":"2022-03-22T19:10:58","modified_gmt":"2022-03-22T18:10:58","slug":"le-ministre-du-travail-devant-le-conseil-de-la-nation-consolider-les-libertes-syndicales","status":"publish","type":"post","link":"https:\/\/lasentinelle.dz\/index.php\/2022\/03\/23\/le-ministre-du-travail-devant-le-conseil-de-la-nation-consolider-les-libertes-syndicales\/","title":{"rendered":"Le ministre du Travail devant le Conseil de la Nation\u00a0: Consolider les libert\u00e9s syndicales"},"content":{"rendered":"\n<p>\u00ab&nbsp;De par son contenu, le projet de loi modifiant et compl\u00e9tant la loi n\u00b0 90-14 du 2 juin 1990, relative aux modalit\u00e9s d&rsquo;exercice du droit syndical, aspire \u00e0 conf\u00e9rer aux libert\u00e9s syndicales un cadre juridique avanc\u00e9 et appropri\u00e9 pour les t\u00e2ches des organisations syndicales conform\u00e9ment aux normes internationales du travail&nbsp;\u00bb, a indiqu\u00e9 hier le ministre du Travail, de l&rsquo;Emploi et de la S\u00e9curit\u00e9 sociale. En pr\u00e9sentant ce projet d&rsquo;amendement lors d&rsquo;une s\u00e9ance pl\u00e9ni\u00e8re de l&rsquo;Assembl\u00e9e populaire nationale, Youcef Cherfa, a pr\u00e9cis\u00e9 que le texte \u00abrenforce les garanties juridiques qui autonomisent les travailleurs salari\u00e9s\u00bb. \u00abLes travailleurs peuvent cr\u00e9er librement des organisations syndicales sans discrimination pour d\u00e9fendre leurs int\u00e9r\u00eats moraux et mat\u00e9riels\u00bb. Abordant le contenu de ce projet de loi, le ministre a \u00e9voqu\u00e9 \u00abla modification des dispositions de l&rsquo;article 4 pour permettre aux organisations syndicales pr\u00e9alablement enregistr\u00e9es de constituer des f\u00e9d\u00e9rations et conf\u00e9d\u00e9rations, quel que soit le secteur d&rsquo;activit\u00e9 auquel appartiennent les employ\u00e9s\u00bb. Selon Cherfa, le projet \u00abd\u00e9finit \u00e9galement les conditions de constitution des f\u00e9d\u00e9rations et des conf\u00e9d\u00e9rations \u00bb. Il soulignera que \u00abla r\u00e9glementation fixe les conditions de cr\u00e9ation de ces organisations en exigeant que la constitution de la f\u00e9d\u00e9ration se compose d&rsquo;au moins trois organisations syndicales de salari\u00e9s l\u00e9galement constitu\u00e9es et d&rsquo;au moins deux f\u00e9d\u00e9rations ou au moins cinq organisations syndicales\u00bb. Dans le m\u00eame contexte, Youcef Cherfa a soulign\u00e9 que \u00abcet amendement permettra aux organisations syndicales de base d\u2019adh\u00e9rer aux mouvements syndicaux et garantira les droits fondamentaux au travail, le d\u00e9veloppement des cadres pour dialogue social et le renforcement des capacit\u00e9s des partenaires sociaux&nbsp;\u00bb. Le ministre a ajout\u00e9 que \u00able projet de loi renforce la protection des d\u00e9l\u00e9gu\u00e9s syndicaux contre le licenciement arbitraire en raison de leur pratique de l&rsquo;activit\u00e9 syndicale&nbsp;\u00bb. \u00ab&nbsp;Les dispositions contenues dans l&rsquo;article 56, renforcent les sanctions contre les contrevenants \u00bb, a-t-il ajout\u00e9. Il expliquera ensuite qu\u2019\u00ab en modifiant les dispositions des articles 59, 60 et 61, la loi r\u00e9glementant l\u2019exercice syndical devient dissuasive en cas d&rsquo;entrave \u00e0 la libert\u00e9 d&rsquo;exercice du droit syndical ou de compromettre la protection des d\u00e9l\u00e9gu\u00e9s et les repr\u00e9sentants syndicaux\u00bb. Le ministre a d\u00e9clar\u00e9 que le projet de loi \u00abs&rsquo;inscrit dans le cadre des efforts du gouvernement pour mettre en \u0153uvre les dispositions rapport\u00e9es par la Constitution de 2020, en particulier les dispositions de l&rsquo;article 69\u00bb. En ce sens, Cherfa a annonc\u00e9 que \u00able minist\u00e8re est en phase d\u2019\u00e9laboration&nbsp;&nbsp;d\u2019une loi-cadre pour le travail syndical. Elle sera soumise au Parlement \u00bb, a-t-il affirm\u00e9. Le ministre soulignera que \u00abcette loi-cadre r\u00e9glemente les diff\u00e9rents aspects li\u00e9s \u00e0 la libert\u00e9 et au droit des syndicalistes\u00bb. De son c\u00f4t\u00e9, la Commission de la sant\u00e9, des affaires sociales, du travail et de la solidarit\u00e9 nationale de l&rsquo;Assembl\u00e9e populaire nationale a affirm\u00e9 dans son rapport pr\u00e9liminaire que ce projet d&rsquo;amendement \u00ab renforce le dispositif l\u00e9gislatif et organisationnel en vigueur qui r\u00e9git le domaine des libert\u00e9s et des droits lors de l&rsquo;exercice du droit de se syndiquer\u00bb. La m\u00eame source a ajout\u00e9 qu\u2019il est \u00abdevenu n\u00e9cessaire de revoir la loi sur l&rsquo;exercice du droit syndical, de servir et de promouvoir le travail syndical et de d\u00e9terminer les modalit\u00e9s de sa pratique \u00bb. La commission de l\u2019APN appr\u00e9cie \u00ab&nbsp;l&rsquo;initiative du gouvernement d&rsquo;\u00e9laborer cette loi\u00bb. En attendant son approbation, ce paquet de projets de lois et d\u2019amendements de loi fait l\u2019objet de d\u00e9bats.&nbsp;&nbsp;<\/p>\n\n\n\n<p><strong>Salim Abdenour&nbsp;<\/strong><\/p>\n","protected":false},"excerpt":{"rendered":"<p>\u00ab&nbsp;De par son contenu, le projet de loi modifiant et compl\u00e9tant la loi n\u00b0 90-14 du 2 juin 1990, relative<\/p>\n","protected":false},"author":3,"featured_media":18785,"comment_status":"open","ping_status":"closed","sticky":false,"template":"","format":"standard","meta":{"colormag_page_container_layout":"default_layout","colormag_page_sidebar_layout":"default_layout","om_disable_all_campaigns":false,"_monsterinsights_skip_tracking":false,"_monsterinsights_sitenote_active":false,"_monsterinsights_sitenote_note":"","_monsterinsights_sitenote_category":0,"footnotes":"","_wpscppro_dont_share_socialmedia":false,"_wpscppro_custom_social_share_image":0,"_facebook_share_type":"","_twitter_share_type":"","_linkedin_share_type":"","_pinterest_share_type":"","_linkedin_share_type_page":"","_instagram_share_type":"","_medium_share_type":"","_threads_share_type":"","_google_business_share_type":"","_selected_social_profile":[],"_wpsp_enable_custom_social_template":false,"_wpsp_social_scheduling":{"enabled":false,"datetime":null,"platforms":[],"status":"template_only","dateOption":"today","timeOption":"now","customDays":"","customHours":"","customDate":"","customTime":"","schedulingType":"absolute"},"_wpsp_active_default_template":true},"categories":[27],"tags":[],"class_list":["post-18743","post","type-post","status-publish","format-standard","has-post-thumbnail","hentry","category-actualite"],"aioseo_notices":[],"yoast_head":"<!-- This site is optimized with the Yoast SEO plugin v27.5 - https:\/\/yoast.com\/product\/yoast-seo-wordpress\/ -->\n<title>Le ministre du Travail devant le Conseil de la Nation\u00a0: Consolider les libert\u00e9s syndicales - La Sentinelle<\/title>\n<meta name=\"robots\" content=\"index, follow, max-snippet:-1, max-image-preview:large, max-video-preview:-1\" \/>\n<link rel=\"canonical\" href=\"https:\/\/lasentinelle.dz\/index.php\/2022\/03\/23\/le-ministre-du-travail-devant-le-conseil-de-la-nation-consolider-les-libertes-syndicales\/\" \/>\n<meta property=\"og:locale\" content=\"fr_FR\" \/>\n<meta property=\"og:type\" content=\"article\" \/>\n<meta property=\"og:title\" content=\"Le ministre du Travail devant le Conseil de la Nation\u00a0: Consolider les libert\u00e9s syndicales - La Sentinelle\" \/>\n<meta property=\"og:description\" content=\"\u00ab&nbsp;De par son contenu, le projet de loi modifiant et compl\u00e9tant la loi n\u00b0 90-14 du 2 juin 1990, relative\" \/>\n<meta property=\"og:url\" content=\"https:\/\/lasentinelle.dz\/index.php\/2022\/03\/23\/le-ministre-du-travail-devant-le-conseil-de-la-nation-consolider-les-libertes-syndicales\/\" \/>\n<meta property=\"og:site_name\" content=\"La Sentinelle\" \/>\n<meta property=\"article:publisher\" content=\"https:\/\/www.facebook.com\/La-Sentinelle-104059864394773\" \/>\n<meta property=\"article:published_time\" content=\"2022-03-22T23:01:00+00:00\" \/>\n<meta property=\"og:image\" content=\"https:\/\/lasentinelle.dz\/wp-content\/uploads\/2022\/03\/slide-mtess-20012022.jpg\" \/>\n\t<meta property=\"og:image:width\" content=\"1490\" \/>\n\t<meta property=\"og:image:height\" content=\"844\" \/>\n\t<meta property=\"og:image:type\" content=\"image\/jpeg\" \/>\n<meta name=\"author\" content=\"La Sentinelle\" \/>\n<meta name=\"twitter:card\" content=\"summary_large_image\" \/>\n<meta name=\"twitter:label1\" content=\"\u00c9crit par\" \/>\n\t<meta name=\"twitter:data1\" content=\"La Sentinelle\" \/>\n\t<meta name=\"twitter:label2\" content=\"Dur\u00e9e de lecture estim\u00e9e\" \/>\n\t<meta name=\"twitter:data2\" content=\"3 minutes\" \/>\n<script type=\"application\/ld+json\" class=\"yoast-schema-graph\">{\"@context\":\"https:\\\/\\\/schema.org\",\"@graph\":[{\"@type\":\"Article\",\"@id\":\"https:\\\/\\\/lasentinelle.dz\\\/index.php\\\/2022\\\/03\\\/23\\\/le-ministre-du-travail-devant-le-conseil-de-la-nation-consolider-les-libertes-syndicales\\\/#article\",\"isPartOf\":{\"@id\":\"https:\\\/\\\/lasentinelle.dz\\\/index.php\\\/2022\\\/03\\\/23\\\/le-ministre-du-travail-devant-le-conseil-de-la-nation-consolider-les-libertes-syndicales\\\/\"},\"author\":{\"name\":\"La Sentinelle\",\"@id\":\"https:\\\/\\\/lasentinelle.dz\\\/#\\\/schema\\\/person\\\/d865044e22e70a75174ce8bcad3acfb3\"},\"headline\":\"Le ministre du Travail devant le Conseil de la Nation\u00a0: Consolider les libert\u00e9s syndicales\",\"datePublished\":\"2022-03-22T23:01:00+00:00\",\"mainEntityOfPage\":{\"@id\":\"https:\\\/\\\/lasentinelle.dz\\\/index.php\\\/2022\\\/03\\\/23\\\/le-ministre-du-travail-devant-le-conseil-de-la-nation-consolider-les-libertes-syndicales\\\/\"},\"wordCount\":652,\"commentCount\":0,\"publisher\":{\"@id\":\"https:\\\/\\\/lasentinelle.dz\\\/#organization\"},\"image\":{\"@id\":\"https:\\\/\\\/lasentinelle.dz\\\/index.php\\\/2022\\\/03\\\/23\\\/le-ministre-du-travail-devant-le-conseil-de-la-nation-consolider-les-libertes-syndicales\\\/#primaryimage\"},\"thumbnailUrl\":\"https:\\\/\\\/lasentinelle.dz\\\/wp-content\\\/uploads\\\/2022\\\/03\\\/slide-mtess-20012022.jpg\",\"articleSection\":[\"Actualit\u00e9\"],\"inLanguage\":\"fr-FR\",\"potentialAction\":[{\"@type\":\"CommentAction\",\"name\":\"Comment\",\"target\":[\"https:\\\/\\\/lasentinelle.dz\\\/index.php\\\/2022\\\/03\\\/23\\\/le-ministre-du-travail-devant-le-conseil-de-la-nation-consolider-les-libertes-syndicales\\\/#respond\"]}]},{\"@type\":\"WebPage\",\"@id\":\"https:\\\/\\\/lasentinelle.dz\\\/index.php\\\/2022\\\/03\\\/23\\\/le-ministre-du-travail-devant-le-conseil-de-la-nation-consolider-les-libertes-syndicales\\\/\",\"url\":\"https:\\\/\\\/lasentinelle.dz\\\/index.php\\\/2022\\\/03\\\/23\\\/le-ministre-du-travail-devant-le-conseil-de-la-nation-consolider-les-libertes-syndicales\\\/\",\"name\":\"Le ministre du Travail devant le Conseil de la Nation\u00a0: Consolider les libert\u00e9s syndicales - La Sentinelle\",\"isPartOf\":{\"@id\":\"https:\\\/\\\/lasentinelle.dz\\\/#website\"},\"primaryImageOfPage\":{\"@id\":\"https:\\\/\\\/lasentinelle.dz\\\/index.php\\\/2022\\\/03\\\/23\\\/le-ministre-du-travail-devant-le-conseil-de-la-nation-consolider-les-libertes-syndicales\\\/#primaryimage\"},\"image\":{\"@id\":\"https:\\\/\\\/lasentinelle.dz\\\/index.php\\\/2022\\\/03\\\/23\\\/le-ministre-du-travail-devant-le-conseil-de-la-nation-consolider-les-libertes-syndicales\\\/#primaryimage\"},\"thumbnailUrl\":\"https:\\\/\\\/lasentinelle.dz\\\/wp-content\\\/uploads\\\/2022\\\/03\\\/slide-mtess-20012022.jpg\",\"datePublished\":\"2022-03-22T23:01:00+00:00\",\"breadcrumb\":{\"@id\":\"https:\\\/\\\/lasentinelle.dz\\\/index.php\\\/2022\\\/03\\\/23\\\/le-ministre-du-travail-devant-le-conseil-de-la-nation-consolider-les-libertes-syndicales\\\/#breadcrumb\"},\"inLanguage\":\"fr-FR\",\"potentialAction\":[{\"@type\":\"ReadAction\",\"target\":[\"https:\\\/\\\/lasentinelle.dz\\\/index.php\\\/2022\\\/03\\\/23\\\/le-ministre-du-travail-devant-le-conseil-de-la-nation-consolider-les-libertes-syndicales\\\/\"]}]},{\"@type\":\"ImageObject\",\"inLanguage\":\"fr-FR\",\"@id\":\"https:\\\/\\\/lasentinelle.dz\\\/index.php\\\/2022\\\/03\\\/23\\\/le-ministre-du-travail-devant-le-conseil-de-la-nation-consolider-les-libertes-syndicales\\\/#primaryimage\",\"url\":\"https:\\\/\\\/lasentinelle.dz\\\/wp-content\\\/uploads\\\/2022\\\/03\\\/slide-mtess-20012022.jpg\",\"contentUrl\":\"https:\\\/\\\/lasentinelle.dz\\\/wp-content\\\/uploads\\\/2022\\\/03\\\/slide-mtess-20012022.jpg\",\"width\":1490,\"height\":844},{\"@type\":\"BreadcrumbList\",\"@id\":\"https:\\\/\\\/lasentinelle.dz\\\/index.php\\\/2022\\\/03\\\/23\\\/le-ministre-du-travail-devant-le-conseil-de-la-nation-consolider-les-libertes-syndicales\\\/#breadcrumb\",\"itemListElement\":[{\"@type\":\"ListItem\",\"position\":1,\"name\":\"Accueil\",\"item\":\"https:\\\/\\\/lasentinelle.dz\\\/\"},{\"@type\":\"ListItem\",\"position\":2,\"name\":\"Le ministre du Travail devant le Conseil de la Nation\u00a0: Consolider les libert\u00e9s syndicales\"}]},{\"@type\":\"WebSite\",\"@id\":\"https:\\\/\\\/lasentinelle.dz\\\/#website\",\"url\":\"https:\\\/\\\/lasentinelle.dz\\\/\",\"name\":\"La Sentinelle\",\"description\":\"Quotidien national d&#039;information\",\"publisher\":{\"@id\":\"https:\\\/\\\/lasentinelle.dz\\\/#organization\"},\"potentialAction\":[{\"@type\":\"SearchAction\",\"target\":{\"@type\":\"EntryPoint\",\"urlTemplate\":\"https:\\\/\\\/lasentinelle.dz\\\/?s={search_term_string}\"},\"query-input\":{\"@type\":\"PropertyValueSpecification\",\"valueRequired\":true,\"valueName\":\"search_term_string\"}}],\"inLanguage\":\"fr-FR\"},{\"@type\":\"Organization\",\"@id\":\"https:\\\/\\\/lasentinelle.dz\\\/#organization\",\"name\":\"Quotidien La Sentinelle\",\"url\":\"https:\\\/\\\/lasentinelle.dz\\\/\",\"logo\":{\"@type\":\"ImageObject\",\"inLanguage\":\"fr-FR\",\"@id\":\"https:\\\/\\\/lasentinelle.dz\\\/#\\\/schema\\\/logo\\\/image\\\/\",\"url\":\"https:\\\/\\\/lasentinelle.dz\\\/wp-content\\\/uploads\\\/2021\\\/09\\\/logo-sentinelleSLOGAN-1.png\",\"contentUrl\":\"https:\\\/\\\/lasentinelle.dz\\\/wp-content\\\/uploads\\\/2021\\\/09\\\/logo-sentinelleSLOGAN-1.png\",\"width\":615,\"height\":142,\"caption\":\"Quotidien La Sentinelle\"},\"image\":{\"@id\":\"https:\\\/\\\/lasentinelle.dz\\\/#\\\/schema\\\/logo\\\/image\\\/\"},\"sameAs\":[\"https:\\\/\\\/www.facebook.com\\\/La-Sentinelle-104059864394773\"]},{\"@type\":\"Person\",\"@id\":\"https:\\\/\\\/lasentinelle.dz\\\/#\\\/schema\\\/person\\\/d865044e22e70a75174ce8bcad3acfb3\",\"name\":\"La Sentinelle\",\"image\":{\"@type\":\"ImageObject\",\"inLanguage\":\"fr-FR\",\"@id\":\"https:\\\/\\\/secure.gravatar.com\\\/avatar\\\/57de8e5d4b15d43fb361a71fbb36338450fe67865b528a43dd10ef7c51a20392?s=96&d=mm&r=g\",\"url\":\"https:\\\/\\\/secure.gravatar.com\\\/avatar\\\/57de8e5d4b15d43fb361a71fbb36338450fe67865b528a43dd10ef7c51a20392?s=96&d=mm&r=g\",\"contentUrl\":\"https:\\\/\\\/secure.gravatar.com\\\/avatar\\\/57de8e5d4b15d43fb361a71fbb36338450fe67865b528a43dd10ef7c51a20392?s=96&d=mm&r=g\",\"caption\":\"La Sentinelle\"},\"sameAs\":[\"http:\\\/\\\/www.lasentinelle.dz\"],\"url\":\"https:\\\/\\\/lasentinelle.dz\\\/author\\\/redaction\\\/\"}]}<\/script>\n<!-- \/ Yoast SEO plugin. -->","yoast_head_json":{"title":"Le ministre du Travail devant le Conseil de la Nation\u00a0: Consolider les libert\u00e9s syndicales - La Sentinelle","robots":{"index":"index","follow":"follow","max-snippet":"max-snippet:-1","max-image-preview":"max-image-preview:large","max-video-preview":"max-video-preview:-1"},"canonical":"https:\/\/lasentinelle.dz\/index.php\/2022\/03\/23\/le-ministre-du-travail-devant-le-conseil-de-la-nation-consolider-les-libertes-syndicales\/","og_locale":"fr_FR","og_type":"article","og_title":"Le ministre du Travail devant le Conseil de la Nation\u00a0: Consolider les libert\u00e9s syndicales - La Sentinelle","og_description":"\u00ab&nbsp;De par son contenu, le projet de loi modifiant et compl\u00e9tant la loi n\u00b0 90-14 du 2 juin 1990, relative","og_url":"https:\/\/lasentinelle.dz\/index.php\/2022\/03\/23\/le-ministre-du-travail-devant-le-conseil-de-la-nation-consolider-les-libertes-syndicales\/","og_site_name":"La Sentinelle","article_publisher":"https:\/\/www.facebook.com\/La-Sentinelle-104059864394773","article_published_time":"2022-03-22T23:01:00+00:00","og_image":[{"width":1490,"height":844,"url":"https:\/\/lasentinelle.dz\/wp-content\/uploads\/2022\/03\/slide-mtess-20012022.jpg","type":"image\/jpeg"}],"author":"La Sentinelle","twitter_card":"summary_large_image","twitter_misc":{"\u00c9crit par":"La Sentinelle","Dur\u00e9e de lecture estim\u00e9e":"3 minutes"},"schema":{"@context":"https:\/\/schema.org","@graph":[{"@type":"Article","@id":"https:\/\/lasentinelle.dz\/index.php\/2022\/03\/23\/le-ministre-du-travail-devant-le-conseil-de-la-nation-consolider-les-libertes-syndicales\/#article","isPartOf":{"@id":"https:\/\/lasentinelle.dz\/index.php\/2022\/03\/23\/le-ministre-du-travail-devant-le-conseil-de-la-nation-consolider-les-libertes-syndicales\/"},"author":{"name":"La Sentinelle","@id":"https:\/\/lasentinelle.dz\/#\/schema\/person\/d865044e22e70a75174ce8bcad3acfb3"},"headline":"Le ministre du Travail devant le Conseil de la Nation\u00a0: Consolider les libert\u00e9s syndicales","datePublished":"2022-03-22T23:01:00+00:00","mainEntityOfPage":{"@id":"https:\/\/lasentinelle.dz\/index.php\/2022\/03\/23\/le-ministre-du-travail-devant-le-conseil-de-la-nation-consolider-les-libertes-syndicales\/"},"wordCount":652,"commentCount":0,"publisher":{"@id":"https:\/\/lasentinelle.dz\/#organization"},"image":{"@id":"https:\/\/lasentinelle.dz\/index.php\/2022\/03\/23\/le-ministre-du-travail-devant-le-conseil-de-la-nation-consolider-les-libertes-syndicales\/#primaryimage"},"thumbnailUrl":"https:\/\/lasentinelle.dz\/wp-content\/uploads\/2022\/03\/slide-mtess-20012022.jpg","articleSection":["Actualit\u00e9"],"inLanguage":"fr-FR","potentialAction":[{"@type":"CommentAction","name":"Comment","target":["https:\/\/lasentinelle.dz\/index.php\/2022\/03\/23\/le-ministre-du-travail-devant-le-conseil-de-la-nation-consolider-les-libertes-syndicales\/#respond"]}]},{"@type":"WebPage","@id":"https:\/\/lasentinelle.dz\/index.php\/2022\/03\/23\/le-ministre-du-travail-devant-le-conseil-de-la-nation-consolider-les-libertes-syndicales\/","url":"https:\/\/lasentinelle.dz\/index.php\/2022\/03\/23\/le-ministre-du-travail-devant-le-conseil-de-la-nation-consolider-les-libertes-syndicales\/","name":"Le ministre du Travail devant le Conseil de la Nation\u00a0: Consolider les libert\u00e9s syndicales - La Sentinelle","isPartOf":{"@id":"https:\/\/lasentinelle.dz\/#website"},"primaryImageOfPage":{"@id":"https:\/\/lasentinelle.dz\/index.php\/2022\/03\/23\/le-ministre-du-travail-devant-le-conseil-de-la-nation-consolider-les-libertes-syndicales\/#primaryimage"},"image":{"@id":"https:\/\/lasentinelle.dz\/index.php\/2022\/03\/23\/le-ministre-du-travail-devant-le-conseil-de-la-nation-consolider-les-libertes-syndicales\/#primaryimage"},"thumbnailUrl":"https:\/\/lasentinelle.dz\/wp-content\/uploads\/2022\/03\/slide-mtess-20012022.jpg","datePublished":"2022-03-22T23:01:00+00:00","breadcrumb":{"@id":"https:\/\/lasentinelle.dz\/index.php\/2022\/03\/23\/le-ministre-du-travail-devant-le-conseil-de-la-nation-consolider-les-libertes-syndicales\/#breadcrumb"},"inLanguage":"fr-FR","potentialAction":[{"@type":"ReadAction","target":["https:\/\/lasentinelle.dz\/index.php\/2022\/03\/23\/le-ministre-du-travail-devant-le-conseil-de-la-nation-consolider-les-libertes-syndicales\/"]}]},{"@type":"ImageObject","inLanguage":"fr-FR","@id":"https:\/\/lasentinelle.dz\/index.php\/2022\/03\/23\/le-ministre-du-travail-devant-le-conseil-de-la-nation-consolider-les-libertes-syndicales\/#primaryimage","url":"https:\/\/lasentinelle.dz\/wp-content\/uploads\/2022\/03\/slide-mtess-20012022.jpg","contentUrl":"https:\/\/lasentinelle.dz\/wp-content\/uploads\/2022\/03\/slide-mtess-20012022.jpg","width":1490,"height":844},{"@type":"BreadcrumbList","@id":"https:\/\/lasentinelle.dz\/index.php\/2022\/03\/23\/le-ministre-du-travail-devant-le-conseil-de-la-nation-consolider-les-libertes-syndicales\/#breadcrumb","itemListElement":[{"@type":"ListItem","position":1,"name":"Accueil","item":"https:\/\/lasentinelle.dz\/"},{"@type":"ListItem","position":2,"name":"Le ministre du Travail devant le Conseil de la Nation\u00a0: Consolider les libert\u00e9s syndicales"}]},{"@type":"WebSite","@id":"https:\/\/lasentinelle.dz\/#website","url":"https:\/\/lasentinelle.dz\/","name":"La Sentinelle","description":"Quotidien national d&#039;information","publisher":{"@id":"https:\/\/lasentinelle.dz\/#organization"},"potentialAction":[{"@type":"SearchAction","target":{"@type":"EntryPoint","urlTemplate":"https:\/\/lasentinelle.dz\/?s={search_term_string}"},"query-input":{"@type":"PropertyValueSpecification","valueRequired":true,"valueName":"search_term_string"}}],"inLanguage":"fr-FR"},{"@type":"Organization","@id":"https:\/\/lasentinelle.dz\/#organization","name":"Quotidien La Sentinelle","url":"https:\/\/lasentinelle.dz\/","logo":{"@type":"ImageObject","inLanguage":"fr-FR","@id":"https:\/\/lasentinelle.dz\/#\/schema\/logo\/image\/","url":"https:\/\/lasentinelle.dz\/wp-content\/uploads\/2021\/09\/logo-sentinelleSLOGAN-1.png","contentUrl":"https:\/\/lasentinelle.dz\/wp-content\/uploads\/2021\/09\/logo-sentinelleSLOGAN-1.png","width":615,"height":142,"caption":"Quotidien La Sentinelle"},"image":{"@id":"https:\/\/lasentinelle.dz\/#\/schema\/logo\/image\/"},"sameAs":["https:\/\/www.facebook.com\/La-Sentinelle-104059864394773"]},{"@type":"Person","@id":"https:\/\/lasentinelle.dz\/#\/schema\/person\/d865044e22e70a75174ce8bcad3acfb3","name":"La Sentinelle","image":{"@type":"ImageObject","inLanguage":"fr-FR","@id":"https:\/\/secure.gravatar.com\/avatar\/57de8e5d4b15d43fb361a71fbb36338450fe67865b528a43dd10ef7c51a20392?s=96&d=mm&r=g","url":"https:\/\/secure.gravatar.com\/avatar\/57de8e5d4b15d43fb361a71fbb36338450fe67865b528a43dd10ef7c51a20392?s=96&d=mm&r=g","contentUrl":"https:\/\/secure.gravatar.com\/avatar\/57de8e5d4b15d43fb361a71fbb36338450fe67865b528a43dd10ef7c51a20392?s=96&d=mm&r=g","caption":"La Sentinelle"},"sameAs":["http:\/\/www.lasentinelle.dz"],"url":"https:\/\/lasentinelle.dz\/author\/redaction\/"}]}},"_links":{"self":[{"href":"https:\/\/lasentinelle.dz\/index.php\/wp-json\/wp\/v2\/posts\/18743","targetHints":{"allow":["GET"]}}],"collection":[{"href":"https:\/\/lasentinelle.dz\/index.php\/wp-json\/wp\/v2\/posts"}],"about":[{"href":"https:\/\/lasentinelle.dz\/index.php\/wp-json\/wp\/v2\/types\/post"}],"author":[{"embeddable":true,"href":"https:\/\/lasentinelle.dz\/index.php\/wp-json\/wp\/v2\/users\/3"}],"replies":[{"embeddable":true,"href":"https:\/\/lasentinelle.dz\/index.php\/wp-json\/wp\/v2\/comments?post=18743"}],"version-history":[{"count":1,"href":"https:\/\/lasentinelle.dz\/index.php\/wp-json\/wp\/v2\/posts\/18743\/revisions"}],"predecessor-version":[{"id":18786,"href":"https:\/\/lasentinelle.dz\/index.php\/wp-json\/wp\/v2\/posts\/18743\/revisions\/18786"}],"wp:featuredmedia":[{"embeddable":true,"href":"https:\/\/lasentinelle.dz\/index.php\/wp-json\/wp\/v2\/media\/18785"}],"wp:attachment":[{"href":"https:\/\/lasentinelle.dz\/index.php\/wp-json\/wp\/v2\/media?parent=18743"}],"wp:term":[{"taxonomy":"category","embeddable":true,"href":"https:\/\/lasentinelle.dz\/index.php\/wp-json\/wp\/v2\/categories?post=18743"},{"taxonomy":"post_tag","embeddable":true,"href":"https:\/\/lasentinelle.dz\/index.php\/wp-json\/wp\/v2\/tags?post=18743"}],"curies":[{"name":"wp","href":"https:\/\/api.w.org\/{rel}","templated":true}]}}