{"id":18811,"date":"2022-03-24T00:01:00","date_gmt":"2022-03-23T23:01:00","guid":{"rendered":"https:\/\/lasentinelle.dz\/?p=18811"},"modified":"2022-03-23T16:28:55","modified_gmt":"2022-03-23T15:28:55","slug":"sidi-bel-abbes-les-apc-de-benbadis-et-mezaourou-gelees","status":"publish","type":"post","link":"https:\/\/lasentinelle.dz\/index.php\/2022\/03\/24\/sidi-bel-abbes-les-apc-de-benbadis-et-mezaourou-gelees\/","title":{"rendered":"Sidi Bel-Abbes\u00a0:\u00a0Les APC de Benbadis et Mezaourou gel\u00e9es"},"content":{"rendered":"\n<p>Les deux&nbsp;Assembl\u00e9es populaires communales de Benbadis et de Mezaourou sont bloqu\u00e9es.&nbsp;Les activit\u00e9s de leurs repr\u00e9sentants \u00e9lus sont gel\u00e9es.&nbsp;<\/p>\n\n\n\n<p>Cette mesure administrative vient d\u2019\u00eatre prononc\u00e9e par le wali de Sidi Bel-Abbes, Mustapha Limani. C\u2019est ce qu\u2019a indiqu\u00e9 ce dernier, expliquant que cette d\u00e9cision intervient suite \u00e0 l\u2019\u00e9chec de plusieurs tentatives de r\u00e8glement de la situation de blocage des deux municipalit\u00e9s, depuis les derni\u00e8res \u00e9lections locales. Selon le wali de Sidi Bel Abb\u00e8s,&nbsp;les&nbsp;entre&nbsp;les \u00e9lus des deux communes ont \u00abtotalement bloqu\u00e9 les activit\u00e9s des deux APC et retard\u00e9 leurs missions\u00bb. Ces retards sont de visu perceptibles au niveau des deux communes&nbsp;de&nbsp;Benbadis et Mezaourou. En raison de la \u00absituation conflictuelle et d\u2019imbroglio\u00bb relev\u00e9e, les deux municipalit\u00e9s, a-t-on expliqu\u00e9, vivent au rythme de la crise de la gestion des affaires et des pr\u00e9occupations, jug\u00e9es urgentes, des habitants des deux cit\u00e9s. Il s\u2019agit essentiellement des pr\u00e9paratifs pour le mois de Ramadhan, des listes des b\u00e9n\u00e9ficiaires des aides sociales \u00e0 savoir les 10.000 dinars destin\u00e9es aux familles n\u00e9cessiteuses. Selon la wilaya de Sidi Bel Abb\u00e9s, le P\/APC de Mezaourou s\u2019est oppos\u00e9 \u00e0 composer avec le secr\u00e9taire g\u00e9n\u00e9ral de la m\u00eame municipalit\u00e9, provoquant ainsi l\u2019arr\u00eat du&nbsp;&nbsp;traitement avec les fournisseurs approvisionnant les cantines scolaires de cette collectivit\u00e9. Les enfants scolaris\u00e9s, ajoutent les m\u00eames sources, se sont retrouv\u00e9s priv\u00e9s de leurs repas. \u00abEn attendant de solutionner cette situation dans un d\u00e9lai de 20 jours, la gestion administrative des deux communes a \u00e9t\u00e9 confi\u00e9e aux chefs des da\u00efras de Benbadis et de Telagh\u00bb, a d\u00e9clar\u00e9 le wali de Sidi Bel Abb\u00e8s. Dans l\u2019\u00e9ventuel cas de persistance de cette crise, la r\u00e9glementation est explicite : les deux assembl\u00e9es locales seront g\u00e9r\u00e9es par des administrateurs d\u00e9sign\u00e9s par la hi\u00e9rarchie.<\/p>\n\n\n\n<p><strong>Kada Benrahil<\/strong><\/p>\n","protected":false},"excerpt":{"rendered":"<p>Les deux&nbsp;Assembl\u00e9es populaires communales de Benbadis et de Mezaourou sont bloqu\u00e9es.&nbsp;Les activit\u00e9s de leurs repr\u00e9sentants \u00e9lus sont gel\u00e9es.&nbsp; Cette mesure<\/p>\n","protected":false},"author":3,"featured_media":18824,"comment_status":"open","ping_status":"closed","sticky":false,"template":"","format":"standard","meta":{"colormag_page_container_layout":"default_layout","colormag_page_sidebar_layout":"default_layout","om_disable_all_campaigns":false,"_monsterinsights_skip_tracking":false,"_monsterinsights_sitenote_active":false,"_monsterinsights_sitenote_note":"","_monsterinsights_sitenote_category":0,"footnotes":"","_wpscppro_dont_share_socialmedia":false,"_wpscppro_custom_social_share_image":0,"_facebook_share_type":"","_twitter_share_type":"","_linkedin_share_type":"","_pinterest_share_type":"","_linkedin_share_type_page":"","_instagram_share_type":"","_medium_share_type":"","_threads_share_type":"","_google_business_share_type":"","_selected_social_profile":[],"_wpsp_enable_custom_social_template":false,"_wpsp_social_scheduling":{"enabled":false,"datetime":null,"platforms":[],"status":"template_only","dateOption":"today","timeOption":"now","customDays":"","customHours":"","customDate":"","customTime":"","schedulingType":"absolute"},"_wpsp_active_default_template":true},"categories":[31],"tags":[],"class_list":["post-18811","post","type-post","status-publish","format-standard","has-post-thumbnail","hentry","category-regions"],"aioseo_notices":[],"yoast_head":"<!-- This site is optimized with the Yoast SEO plugin v27.4 - https:\/\/yoast.com\/product\/yoast-seo-wordpress\/ -->\n<title>Sidi Bel-Abbes\u00a0:\u00a0Les APC de Benbadis et Mezaourou gel\u00e9es - La Sentinelle<\/title>\n<meta name=\"robots\" content=\"index, follow, max-snippet:-1, max-image-preview:large, max-video-preview:-1\" \/>\n<link rel=\"canonical\" href=\"https:\/\/lasentinelle.dz\/index.php\/2022\/03\/24\/sidi-bel-abbes-les-apc-de-benbadis-et-mezaourou-gelees\/\" \/>\n<meta property=\"og:locale\" content=\"fr_FR\" \/>\n<meta property=\"og:type\" content=\"article\" \/>\n<meta property=\"og:title\" content=\"Sidi Bel-Abbes\u00a0:\u00a0Les APC de Benbadis et Mezaourou gel\u00e9es - La Sentinelle\" \/>\n<meta property=\"og:description\" content=\"Les deux&nbsp;Assembl\u00e9es populaires communales de Benbadis et de Mezaourou sont bloqu\u00e9es.&nbsp;Les activit\u00e9s de leurs repr\u00e9sentants \u00e9lus sont gel\u00e9es.&nbsp; Cette mesure\" \/>\n<meta property=\"og:url\" content=\"https:\/\/lasentinelle.dz\/index.php\/2022\/03\/24\/sidi-bel-abbes-les-apc-de-benbadis-et-mezaourou-gelees\/\" \/>\n<meta property=\"og:site_name\" content=\"La Sentinelle\" \/>\n<meta property=\"article:publisher\" content=\"https:\/\/www.facebook.com\/La-Sentinelle-104059864394773\" \/>\n<meta property=\"article:published_time\" content=\"2022-03-23T23:01:00+00:00\" \/>\n<meta property=\"og:image\" content=\"https:\/\/lasentinelle.dz\/wp-content\/uploads\/2022\/03\/APC.jpeg\" \/>\n\t<meta property=\"og:image:width\" content=\"620\" \/>\n\t<meta property=\"og:image:height\" content=\"410\" \/>\n\t<meta property=\"og:image:type\" content=\"image\/jpeg\" \/>\n<meta name=\"author\" content=\"La Sentinelle\" \/>\n<meta name=\"twitter:card\" content=\"summary_large_image\" \/>\n<meta name=\"twitter:label1\" content=\"\u00c9crit par\" \/>\n\t<meta name=\"twitter:data1\" content=\"La Sentinelle\" \/>\n\t<meta name=\"twitter:label2\" content=\"Dur\u00e9e de lecture estim\u00e9e\" \/>\n\t<meta name=\"twitter:data2\" content=\"2 minutes\" \/>\n<script type=\"application\/ld+json\" class=\"yoast-schema-graph\">{\"@context\":\"https:\\\/\\\/schema.org\",\"@graph\":[{\"@type\":\"Article\",\"@id\":\"https:\\\/\\\/lasentinelle.dz\\\/index.php\\\/2022\\\/03\\\/24\\\/sidi-bel-abbes-les-apc-de-benbadis-et-mezaourou-gelees\\\/#article\",\"isPartOf\":{\"@id\":\"https:\\\/\\\/lasentinelle.dz\\\/index.php\\\/2022\\\/03\\\/24\\\/sidi-bel-abbes-les-apc-de-benbadis-et-mezaourou-gelees\\\/\"},\"author\":{\"name\":\"La Sentinelle\",\"@id\":\"https:\\\/\\\/lasentinelle.dz\\\/#\\\/schema\\\/person\\\/d865044e22e70a75174ce8bcad3acfb3\"},\"headline\":\"Sidi Bel-Abbes\u00a0:\u00a0Les APC de Benbadis et Mezaourou gel\u00e9es\",\"datePublished\":\"2022-03-23T23:01:00+00:00\",\"mainEntityOfPage\":{\"@id\":\"https:\\\/\\\/lasentinelle.dz\\\/index.php\\\/2022\\\/03\\\/24\\\/sidi-bel-abbes-les-apc-de-benbadis-et-mezaourou-gelees\\\/\"},\"wordCount\":354,\"commentCount\":0,\"publisher\":{\"@id\":\"https:\\\/\\\/lasentinelle.dz\\\/#organization\"},\"image\":{\"@id\":\"https:\\\/\\\/lasentinelle.dz\\\/index.php\\\/2022\\\/03\\\/24\\\/sidi-bel-abbes-les-apc-de-benbadis-et-mezaourou-gelees\\\/#primaryimage\"},\"thumbnailUrl\":\"https:\\\/\\\/lasentinelle.dz\\\/wp-content\\\/uploads\\\/2022\\\/03\\\/APC.jpeg\",\"articleSection\":[\"R\u00e9gions\"],\"inLanguage\":\"fr-FR\",\"potentialAction\":[{\"@type\":\"CommentAction\",\"name\":\"Comment\",\"target\":[\"https:\\\/\\\/lasentinelle.dz\\\/index.php\\\/2022\\\/03\\\/24\\\/sidi-bel-abbes-les-apc-de-benbadis-et-mezaourou-gelees\\\/#respond\"]}]},{\"@type\":\"WebPage\",\"@id\":\"https:\\\/\\\/lasentinelle.dz\\\/index.php\\\/2022\\\/03\\\/24\\\/sidi-bel-abbes-les-apc-de-benbadis-et-mezaourou-gelees\\\/\",\"url\":\"https:\\\/\\\/lasentinelle.dz\\\/index.php\\\/2022\\\/03\\\/24\\\/sidi-bel-abbes-les-apc-de-benbadis-et-mezaourou-gelees\\\/\",\"name\":\"Sidi Bel-Abbes\u00a0:\u00a0Les APC de Benbadis et Mezaourou gel\u00e9es - La Sentinelle\",\"isPartOf\":{\"@id\":\"https:\\\/\\\/lasentinelle.dz\\\/#website\"},\"primaryImageOfPage\":{\"@id\":\"https:\\\/\\\/lasentinelle.dz\\\/index.php\\\/2022\\\/03\\\/24\\\/sidi-bel-abbes-les-apc-de-benbadis-et-mezaourou-gelees\\\/#primaryimage\"},\"image\":{\"@id\":\"https:\\\/\\\/lasentinelle.dz\\\/index.php\\\/2022\\\/03\\\/24\\\/sidi-bel-abbes-les-apc-de-benbadis-et-mezaourou-gelees\\\/#primaryimage\"},\"thumbnailUrl\":\"https:\\\/\\\/lasentinelle.dz\\\/wp-content\\\/uploads\\\/2022\\\/03\\\/APC.jpeg\",\"datePublished\":\"2022-03-23T23:01:00+00:00\",\"breadcrumb\":{\"@id\":\"https:\\\/\\\/lasentinelle.dz\\\/index.php\\\/2022\\\/03\\\/24\\\/sidi-bel-abbes-les-apc-de-benbadis-et-mezaourou-gelees\\\/#breadcrumb\"},\"inLanguage\":\"fr-FR\",\"potentialAction\":[{\"@type\":\"ReadAction\",\"target\":[\"https:\\\/\\\/lasentinelle.dz\\\/index.php\\\/2022\\\/03\\\/24\\\/sidi-bel-abbes-les-apc-de-benbadis-et-mezaourou-gelees\\\/\"]}]},{\"@type\":\"ImageObject\",\"inLanguage\":\"fr-FR\",\"@id\":\"https:\\\/\\\/lasentinelle.dz\\\/index.php\\\/2022\\\/03\\\/24\\\/sidi-bel-abbes-les-apc-de-benbadis-et-mezaourou-gelees\\\/#primaryimage\",\"url\":\"https:\\\/\\\/lasentinelle.dz\\\/wp-content\\\/uploads\\\/2022\\\/03\\\/APC.jpeg\",\"contentUrl\":\"https:\\\/\\\/lasentinelle.dz\\\/wp-content\\\/uploads\\\/2022\\\/03\\\/APC.jpeg\",\"width\":620,\"height\":410},{\"@type\":\"BreadcrumbList\",\"@id\":\"https:\\\/\\\/lasentinelle.dz\\\/index.php\\\/2022\\\/03\\\/24\\\/sidi-bel-abbes-les-apc-de-benbadis-et-mezaourou-gelees\\\/#breadcrumb\",\"itemListElement\":[{\"@type\":\"ListItem\",\"position\":1,\"name\":\"Accueil\",\"item\":\"https:\\\/\\\/lasentinelle.dz\\\/\"},{\"@type\":\"ListItem\",\"position\":2,\"name\":\"Sidi Bel-Abbes\u00a0:\u00a0Les APC de Benbadis et Mezaourou gel\u00e9es\"}]},{\"@type\":\"WebSite\",\"@id\":\"https:\\\/\\\/lasentinelle.dz\\\/#website\",\"url\":\"https:\\\/\\\/lasentinelle.dz\\\/\",\"name\":\"La Sentinelle\",\"description\":\"Quotidien national d&#039;information\",\"publisher\":{\"@id\":\"https:\\\/\\\/lasentinelle.dz\\\/#organization\"},\"potentialAction\":[{\"@type\":\"SearchAction\",\"target\":{\"@type\":\"EntryPoint\",\"urlTemplate\":\"https:\\\/\\\/lasentinelle.dz\\\/?s={search_term_string}\"},\"query-input\":{\"@type\":\"PropertyValueSpecification\",\"valueRequired\":true,\"valueName\":\"search_term_string\"}}],\"inLanguage\":\"fr-FR\"},{\"@type\":\"Organization\",\"@id\":\"https:\\\/\\\/lasentinelle.dz\\\/#organization\",\"name\":\"Quotidien La Sentinelle\",\"url\":\"https:\\\/\\\/lasentinelle.dz\\\/\",\"logo\":{\"@type\":\"ImageObject\",\"inLanguage\":\"fr-FR\",\"@id\":\"https:\\\/\\\/lasentinelle.dz\\\/#\\\/schema\\\/logo\\\/image\\\/\",\"url\":\"https:\\\/\\\/lasentinelle.dz\\\/wp-content\\\/uploads\\\/2021\\\/09\\\/logo-sentinelleSLOGAN-1.png\",\"contentUrl\":\"https:\\\/\\\/lasentinelle.dz\\\/wp-content\\\/uploads\\\/2021\\\/09\\\/logo-sentinelleSLOGAN-1.png\",\"width\":615,\"height\":142,\"caption\":\"Quotidien La Sentinelle\"},\"image\":{\"@id\":\"https:\\\/\\\/lasentinelle.dz\\\/#\\\/schema\\\/logo\\\/image\\\/\"},\"sameAs\":[\"https:\\\/\\\/www.facebook.com\\\/La-Sentinelle-104059864394773\"]},{\"@type\":\"Person\",\"@id\":\"https:\\\/\\\/lasentinelle.dz\\\/#\\\/schema\\\/person\\\/d865044e22e70a75174ce8bcad3acfb3\",\"name\":\"La Sentinelle\",\"image\":{\"@type\":\"ImageObject\",\"inLanguage\":\"fr-FR\",\"@id\":\"https:\\\/\\\/secure.gravatar.com\\\/avatar\\\/57de8e5d4b15d43fb361a71fbb36338450fe67865b528a43dd10ef7c51a20392?s=96&d=mm&r=g\",\"url\":\"https:\\\/\\\/secure.gravatar.com\\\/avatar\\\/57de8e5d4b15d43fb361a71fbb36338450fe67865b528a43dd10ef7c51a20392?s=96&d=mm&r=g\",\"contentUrl\":\"https:\\\/\\\/secure.gravatar.com\\\/avatar\\\/57de8e5d4b15d43fb361a71fbb36338450fe67865b528a43dd10ef7c51a20392?s=96&d=mm&r=g\",\"caption\":\"La Sentinelle\"},\"sameAs\":[\"http:\\\/\\\/www.lasentinelle.dz\"],\"url\":\"https:\\\/\\\/lasentinelle.dz\\\/author\\\/redaction\\\/\"}]}<\/script>\n<!-- \/ Yoast SEO plugin. -->","yoast_head_json":{"title":"Sidi Bel-Abbes\u00a0:\u00a0Les APC de Benbadis et Mezaourou gel\u00e9es - La Sentinelle","robots":{"index":"index","follow":"follow","max-snippet":"max-snippet:-1","max-image-preview":"max-image-preview:large","max-video-preview":"max-video-preview:-1"},"canonical":"https:\/\/lasentinelle.dz\/index.php\/2022\/03\/24\/sidi-bel-abbes-les-apc-de-benbadis-et-mezaourou-gelees\/","og_locale":"fr_FR","og_type":"article","og_title":"Sidi Bel-Abbes\u00a0:\u00a0Les APC de Benbadis et Mezaourou gel\u00e9es - La Sentinelle","og_description":"Les deux&nbsp;Assembl\u00e9es populaires communales de Benbadis et de Mezaourou sont bloqu\u00e9es.&nbsp;Les activit\u00e9s de leurs repr\u00e9sentants \u00e9lus sont gel\u00e9es.&nbsp; Cette mesure","og_url":"https:\/\/lasentinelle.dz\/index.php\/2022\/03\/24\/sidi-bel-abbes-les-apc-de-benbadis-et-mezaourou-gelees\/","og_site_name":"La Sentinelle","article_publisher":"https:\/\/www.facebook.com\/La-Sentinelle-104059864394773","article_published_time":"2022-03-23T23:01:00+00:00","og_image":[{"width":620,"height":410,"url":"https:\/\/lasentinelle.dz\/wp-content\/uploads\/2022\/03\/APC.jpeg","type":"image\/jpeg"}],"author":"La Sentinelle","twitter_card":"summary_large_image","twitter_misc":{"\u00c9crit par":"La Sentinelle","Dur\u00e9e de lecture estim\u00e9e":"2 minutes"},"schema":{"@context":"https:\/\/schema.org","@graph":[{"@type":"Article","@id":"https:\/\/lasentinelle.dz\/index.php\/2022\/03\/24\/sidi-bel-abbes-les-apc-de-benbadis-et-mezaourou-gelees\/#article","isPartOf":{"@id":"https:\/\/lasentinelle.dz\/index.php\/2022\/03\/24\/sidi-bel-abbes-les-apc-de-benbadis-et-mezaourou-gelees\/"},"author":{"name":"La Sentinelle","@id":"https:\/\/lasentinelle.dz\/#\/schema\/person\/d865044e22e70a75174ce8bcad3acfb3"},"headline":"Sidi Bel-Abbes\u00a0:\u00a0Les APC de Benbadis et Mezaourou gel\u00e9es","datePublished":"2022-03-23T23:01:00+00:00","mainEntityOfPage":{"@id":"https:\/\/lasentinelle.dz\/index.php\/2022\/03\/24\/sidi-bel-abbes-les-apc-de-benbadis-et-mezaourou-gelees\/"},"wordCount":354,"commentCount":0,"publisher":{"@id":"https:\/\/lasentinelle.dz\/#organization"},"image":{"@id":"https:\/\/lasentinelle.dz\/index.php\/2022\/03\/24\/sidi-bel-abbes-les-apc-de-benbadis-et-mezaourou-gelees\/#primaryimage"},"thumbnailUrl":"https:\/\/lasentinelle.dz\/wp-content\/uploads\/2022\/03\/APC.jpeg","articleSection":["R\u00e9gions"],"inLanguage":"fr-FR","potentialAction":[{"@type":"CommentAction","name":"Comment","target":["https:\/\/lasentinelle.dz\/index.php\/2022\/03\/24\/sidi-bel-abbes-les-apc-de-benbadis-et-mezaourou-gelees\/#respond"]}]},{"@type":"WebPage","@id":"https:\/\/lasentinelle.dz\/index.php\/2022\/03\/24\/sidi-bel-abbes-les-apc-de-benbadis-et-mezaourou-gelees\/","url":"https:\/\/lasentinelle.dz\/index.php\/2022\/03\/24\/sidi-bel-abbes-les-apc-de-benbadis-et-mezaourou-gelees\/","name":"Sidi Bel-Abbes\u00a0:\u00a0Les APC de Benbadis et Mezaourou gel\u00e9es - La Sentinelle","isPartOf":{"@id":"https:\/\/lasentinelle.dz\/#website"},"primaryImageOfPage":{"@id":"https:\/\/lasentinelle.dz\/index.php\/2022\/03\/24\/sidi-bel-abbes-les-apc-de-benbadis-et-mezaourou-gelees\/#primaryimage"},"image":{"@id":"https:\/\/lasentinelle.dz\/index.php\/2022\/03\/24\/sidi-bel-abbes-les-apc-de-benbadis-et-mezaourou-gelees\/#primaryimage"},"thumbnailUrl":"https:\/\/lasentinelle.dz\/wp-content\/uploads\/2022\/03\/APC.jpeg","datePublished":"2022-03-23T23:01:00+00:00","breadcrumb":{"@id":"https:\/\/lasentinelle.dz\/index.php\/2022\/03\/24\/sidi-bel-abbes-les-apc-de-benbadis-et-mezaourou-gelees\/#breadcrumb"},"inLanguage":"fr-FR","potentialAction":[{"@type":"ReadAction","target":["https:\/\/lasentinelle.dz\/index.php\/2022\/03\/24\/sidi-bel-abbes-les-apc-de-benbadis-et-mezaourou-gelees\/"]}]},{"@type":"ImageObject","inLanguage":"fr-FR","@id":"https:\/\/lasentinelle.dz\/index.php\/2022\/03\/24\/sidi-bel-abbes-les-apc-de-benbadis-et-mezaourou-gelees\/#primaryimage","url":"https:\/\/lasentinelle.dz\/wp-content\/uploads\/2022\/03\/APC.jpeg","contentUrl":"https:\/\/lasentinelle.dz\/wp-content\/uploads\/2022\/03\/APC.jpeg","width":620,"height":410},{"@type":"BreadcrumbList","@id":"https:\/\/lasentinelle.dz\/index.php\/2022\/03\/24\/sidi-bel-abbes-les-apc-de-benbadis-et-mezaourou-gelees\/#breadcrumb","itemListElement":[{"@type":"ListItem","position":1,"name":"Accueil","item":"https:\/\/lasentinelle.dz\/"},{"@type":"ListItem","position":2,"name":"Sidi Bel-Abbes\u00a0:\u00a0Les APC de Benbadis et Mezaourou gel\u00e9es"}]},{"@type":"WebSite","@id":"https:\/\/lasentinelle.dz\/#website","url":"https:\/\/lasentinelle.dz\/","name":"La Sentinelle","description":"Quotidien national d&#039;information","publisher":{"@id":"https:\/\/lasentinelle.dz\/#organization"},"potentialAction":[{"@type":"SearchAction","target":{"@type":"EntryPoint","urlTemplate":"https:\/\/lasentinelle.dz\/?s={search_term_string}"},"query-input":{"@type":"PropertyValueSpecification","valueRequired":true,"valueName":"search_term_string"}}],"inLanguage":"fr-FR"},{"@type":"Organization","@id":"https:\/\/lasentinelle.dz\/#organization","name":"Quotidien La Sentinelle","url":"https:\/\/lasentinelle.dz\/","logo":{"@type":"ImageObject","inLanguage":"fr-FR","@id":"https:\/\/lasentinelle.dz\/#\/schema\/logo\/image\/","url":"https:\/\/lasentinelle.dz\/wp-content\/uploads\/2021\/09\/logo-sentinelleSLOGAN-1.png","contentUrl":"https:\/\/lasentinelle.dz\/wp-content\/uploads\/2021\/09\/logo-sentinelleSLOGAN-1.png","width":615,"height":142,"caption":"Quotidien La Sentinelle"},"image":{"@id":"https:\/\/lasentinelle.dz\/#\/schema\/logo\/image\/"},"sameAs":["https:\/\/www.facebook.com\/La-Sentinelle-104059864394773"]},{"@type":"Person","@id":"https:\/\/lasentinelle.dz\/#\/schema\/person\/d865044e22e70a75174ce8bcad3acfb3","name":"La Sentinelle","image":{"@type":"ImageObject","inLanguage":"fr-FR","@id":"https:\/\/secure.gravatar.com\/avatar\/57de8e5d4b15d43fb361a71fbb36338450fe67865b528a43dd10ef7c51a20392?s=96&d=mm&r=g","url":"https:\/\/secure.gravatar.com\/avatar\/57de8e5d4b15d43fb361a71fbb36338450fe67865b528a43dd10ef7c51a20392?s=96&d=mm&r=g","contentUrl":"https:\/\/secure.gravatar.com\/avatar\/57de8e5d4b15d43fb361a71fbb36338450fe67865b528a43dd10ef7c51a20392?s=96&d=mm&r=g","caption":"La Sentinelle"},"sameAs":["http:\/\/www.lasentinelle.dz"],"url":"https:\/\/lasentinelle.dz\/author\/redaction\/"}]}},"_links":{"self":[{"href":"https:\/\/lasentinelle.dz\/index.php\/wp-json\/wp\/v2\/posts\/18811","targetHints":{"allow":["GET"]}}],"collection":[{"href":"https:\/\/lasentinelle.dz\/index.php\/wp-json\/wp\/v2\/posts"}],"about":[{"href":"https:\/\/lasentinelle.dz\/index.php\/wp-json\/wp\/v2\/types\/post"}],"author":[{"embeddable":true,"href":"https:\/\/lasentinelle.dz\/index.php\/wp-json\/wp\/v2\/users\/3"}],"replies":[{"embeddable":true,"href":"https:\/\/lasentinelle.dz\/index.php\/wp-json\/wp\/v2\/comments?post=18811"}],"version-history":[{"count":1,"href":"https:\/\/lasentinelle.dz\/index.php\/wp-json\/wp\/v2\/posts\/18811\/revisions"}],"predecessor-version":[{"id":18825,"href":"https:\/\/lasentinelle.dz\/index.php\/wp-json\/wp\/v2\/posts\/18811\/revisions\/18825"}],"wp:featuredmedia":[{"embeddable":true,"href":"https:\/\/lasentinelle.dz\/index.php\/wp-json\/wp\/v2\/media\/18824"}],"wp:attachment":[{"href":"https:\/\/lasentinelle.dz\/index.php\/wp-json\/wp\/v2\/media?parent=18811"}],"wp:term":[{"taxonomy":"category","embeddable":true,"href":"https:\/\/lasentinelle.dz\/index.php\/wp-json\/wp\/v2\/categories?post=18811"},{"taxonomy":"post_tag","embeddable":true,"href":"https:\/\/lasentinelle.dz\/index.php\/wp-json\/wp\/v2\/tags?post=18811"}],"curies":[{"name":"wp","href":"https:\/\/api.w.org\/{rel}","templated":true}]}}