{"id":18826,"date":"2022-03-24T00:01:00","date_gmt":"2022-03-23T23:01:00","guid":{"rendered":"https:\/\/lasentinelle.dz\/?p=18826"},"modified":"2022-03-23T18:46:13","modified_gmt":"2022-03-23T17:46:13","slug":"conseil-de-la-nation-la-loi-sur-le-reglement-budgetaire-examinee","status":"publish","type":"post","link":"https:\/\/lasentinelle.dz\/index.php\/2022\/03\/24\/conseil-de-la-nation-la-loi-sur-le-reglement-budgetaire-examinee\/","title":{"rendered":"Conseil de la Nation\u00a0: La loi sur le r\u00e8glement budg\u00e9taire examin\u00e9e"},"content":{"rendered":"\n<p>Le projet de loi portant r\u00e8glement budg\u00e9taire de l&rsquo;exercice 2019 a \u00e9t\u00e9 pr\u00e9sent\u00e9, avant-hier, devant la commission des Affaires \u00e9conomiques et financi\u00e8res du Conseil de la Nation par le ministre des Finances, Abderrahmane Raouya. Le premier argentier du pays a soulign\u00e9 \u00ab le cadrage macro\u00e9conomique et financier de la Loi de finances 2019, qui a pris en consid\u00e9ration les \u00e9volutions \u00e0 l&rsquo;\u00e9chelle nationale, notamment les orientations de moins d&rsquo;une ann\u00e9e des indicateurs macro\u00e9conomiques et financiers du premier semestre de 2018 \u00bb. Une \u00e9volution marqu\u00e9e notamment par une demande croissante au niveau mondial sur les produits des hydrocarbures.<\/p>\n\n\n\n<p>Dans son expos\u00e9, Raouya a estim\u00e9 \u00ab le d\u00e9ficit budg\u00e9taire enregistr\u00e9 en 2019 (y compris les d\u00e9penses impr\u00e9vues) \u00e0 quelques 1457 milliard de dinars, repr\u00e9sentant 7,13% du PIB \u00bb. Les recettes budg\u00e9taires s\u2019\u00e9tablissent, quant \u00e0 elles, selon le m\u00eame responsable, \u00e0 6594,65 milliards de dinars, soit +2,96% par rapport \u00e0 2018.&nbsp;&nbsp;En baisse de 406 milliards de dinars par rapport \u00e0 2018 (8441,60 milliards de dinars, les d\u00e9penses budg\u00e9taires globales de l&rsquo;Etat ex\u00e9cut\u00e9es lors de cet exercice avaient atteint 8035,06 milliards de dinars en 2019. Le ministre des Finances fera \u00e9tat par ailleurs d\u2019un solde comptable qui est pass\u00e9 en 2019 \u00e0 1952,25 milliards de dinars contre 1340,58 milliards de dinars en 2018. Raouya pr\u00e9cisera que le solde du Fonds de r\u00e9gulation des recettes a enregistr\u00e9 fin 2019 un montant de 305,5 milliards de dinars, suite au pr\u00e9l\u00e8vement, en f\u00e9vrier de la m\u00eame ann\u00e9e, de l\u2019\u00e9quivalent de 131,91 milliards de dinars destin\u00e9s au financement du d\u00e9ficit budg\u00e9taire du Tr\u00e9sor public accus\u00e9 en 2018.<\/p>\n\n\n\n<p>De son c\u00f4t\u00e9, le communiqu\u00e9 du Conseil de la Nation fait \u00e9galement \u00e9tat de restes \u00e0 recouvrer (RAR) estim\u00e9s \u00e0 13.133,74 milliards de dinars repr\u00e9sent\u00e9s par les recouvrements fiscaux (4886,573 milliards de dinars) et les recouvrements non fiscaux (8247,17 milliards de dinars). Les amendes judiciaires et condamnations financi\u00e8res sont, quant \u00e0 elles, transf\u00e9r\u00e9es aux services du minist\u00e8re de la Justice, ajoute la m\u00eame source. Cette derni\u00e8re a pr\u00e9cis\u00e9 que \u00ab cette op\u00e9ration permettra la r\u00e9vision des restes \u00e0 recouvrer dus \u00e0 l&rsquo;administration fiscale avec 5016,6 milliards de DA&nbsp;&nbsp;(incluant le montant&nbsp;&nbsp;de 130 milliards de DA enregistr\u00e9 au niveau de la direction des grandes entreprises DGE) \u00bb.<\/p>\n\n\n\n<p>Par ailleurs, le ministre des Finances n\u2019a pas manqu\u00e9 d\u2019expliquer au sujet des indicateurs du cadrage macro\u00e9conomique que \u00ab le taux de croissance \u00e9conomique en 2019 s&rsquo;est \u00e9tabli \u00e0 0,8%, contre 1,2%&nbsp;&nbsp;en 2018 (soit -0,4 point) \u00bb.&nbsp;&nbsp;Cependant et en comparaison avec les estimations de la&nbsp;&nbsp;loi de Finances \u00e9tablies \u00e0 2,6%, il s\u2019av\u00e8re que \u00ab l&rsquo;\u00e9cart est estim\u00e9 \u00e0 1,8 point, alors que le PIB en 2018 \u00e9tait de 20428,4 mds DA, et le PIB hors hydrocarbures r\u00e9alis\u00e9 en&nbsp;&nbsp;2019 a atteint&nbsp;&nbsp;16438 mds DA, contre 17406,7 mds DA pr\u00e9vus dans la loi de finances pour la m\u00eame ann\u00e9e, en plus de 15903,6 mds DA r\u00e9alis\u00e9s en 2018 \u00bb, ajoute le communiqu\u00e9.<\/p>\n\n\n\n<p>Enfin, \u00e9voquant le secteur des hydrocarbures, Raouya fera part de l\u2019enregistrement de 3990 milliards de dinars, soit 558,4 milliards de dinars de moins par rapport \u00e0 l&rsquo;exercice pr\u00e9c\u00e9dent o\u00f9 celle-ci s\u2019\u00e9tablissait \u00e0 4548,8 milliards de dinars, outre l\u2019\u00e9cart n\u00e9gatif de 263,9 mds DA en comparaison avec le montant pr\u00e9vu dans la loi de Finances (4254 milliards de dinars). Cependant, consid\u00e9rant le taux d\u2019inflation \u00e0 \u00ab 2%, contre 4,3% en 2018 \u00bb, le ministre des Finances a estim\u00e9 la valeur des exportations en 2019 \u00e0 \u00ab 35 milliards USD, soit une baisse de 6,1 milliards USD par rapport \u00e0 2018 (41,1 milliards USD). Les exportations des hydrocarbures ont atteint 32,9 milliards USD en 2019, contre 38,9 milliards USD en 2018 (une baisse de 6 milliards USD) \u00bb, ajoute-t-il. Raouya pr\u00e9cisera que \u00ab les importations des biens finis \u00e9taient de l&rsquo;ordre de 41,9 milliards USD, soit -2,1 milliards USD par rapport \u00e0 celles pr\u00e9vues (44 milliards USD) et -4,4 milliards USD comparativement \u00e0 celles r\u00e9alis\u00e9es en&nbsp;&nbsp;2018 (46,3 milliards USD) \u00bb.<\/p>\n\n\n\n<p>Enfin, le solde de la balance commerciale en 2019 a connu \u00ab un d\u00e9ficit de 6,9 Mds USD, contre 5,2 Mds USD en 2018, soit un solde n\u00e9gatif&nbsp;&nbsp;de 1,7 Mds USD. Les r\u00e9serves de change, hors or, ont atteint 62,8 Mds USD \u00e0 la fin 2019, contre 79,9 Mds USD r\u00e9alis\u00e9s en 2018 et 62 Mds USD pr\u00e9vus dans la loi de finances \u00bb, a affirm\u00e9 Raouya qui a, \u00e0 l\u2019issue de son expos\u00e9, \u00e9cout\u00e9 les observations sur les dispositions contenues des membres du Conseil de la Nation.&nbsp;<strong>Kamel Nait Ameur<\/strong><\/p>\n\n\n\n<p>`<\/p>\n","protected":false},"excerpt":{"rendered":"<p>Le projet de loi portant r\u00e8glement budg\u00e9taire de l&rsquo;exercice 2019 a \u00e9t\u00e9 pr\u00e9sent\u00e9, avant-hier, devant la commission des Affaires \u00e9conomiques<\/p>\n","protected":false},"author":3,"featured_media":18844,"comment_status":"open","ping_status":"closed","sticky":false,"template":"","format":"standard","meta":{"colormag_page_container_layout":"default_layout","colormag_page_sidebar_layout":"default_layout","om_disable_all_campaigns":false,"_monsterinsights_skip_tracking":false,"_monsterinsights_sitenote_active":false,"_monsterinsights_sitenote_note":"","_monsterinsights_sitenote_category":0,"footnotes":"","_wpscppro_dont_share_socialmedia":false,"_wpscppro_custom_social_share_image":0,"_facebook_share_type":"","_twitter_share_type":"","_linkedin_share_type":"","_pinterest_share_type":"","_linkedin_share_type_page":"","_instagram_share_type":"","_medium_share_type":"","_threads_share_type":"","_google_business_share_type":"","_selected_social_profile":[],"_wpsp_enable_custom_social_template":false,"_wpsp_social_scheduling":{"enabled":false,"datetime":null,"platforms":[],"status":"template_only","dateOption":"today","timeOption":"now","customDays":"","customHours":"","customDate":"","customTime":"","schedulingType":"absolute"},"_wpsp_active_default_template":true},"categories":[27],"tags":[],"class_list":["post-18826","post","type-post","status-publish","format-standard","has-post-thumbnail","hentry","category-actualite"],"aioseo_notices":[],"yoast_head":"<!-- This site is optimized with the Yoast SEO plugin v27.5 - https:\/\/yoast.com\/product\/yoast-seo-wordpress\/ -->\n<title>Conseil de la Nation\u00a0: La loi sur le r\u00e8glement budg\u00e9taire examin\u00e9e - La Sentinelle<\/title>\n<meta name=\"robots\" content=\"index, follow, max-snippet:-1, max-image-preview:large, max-video-preview:-1\" \/>\n<link rel=\"canonical\" href=\"https:\/\/lasentinelle.dz\/index.php\/2022\/03\/24\/conseil-de-la-nation-la-loi-sur-le-reglement-budgetaire-examinee\/\" \/>\n<meta property=\"og:locale\" content=\"fr_FR\" \/>\n<meta property=\"og:type\" content=\"article\" \/>\n<meta property=\"og:title\" content=\"Conseil de la Nation\u00a0: La loi sur le r\u00e8glement budg\u00e9taire examin\u00e9e - La Sentinelle\" \/>\n<meta property=\"og:description\" content=\"Le projet de loi portant r\u00e8glement budg\u00e9taire de l&rsquo;exercice 2019 a \u00e9t\u00e9 pr\u00e9sent\u00e9, avant-hier, devant la commission des Affaires \u00e9conomiques\" \/>\n<meta property=\"og:url\" content=\"https:\/\/lasentinelle.dz\/index.php\/2022\/03\/24\/conseil-de-la-nation-la-loi-sur-le-reglement-budgetaire-examinee\/\" \/>\n<meta property=\"og:site_name\" content=\"La Sentinelle\" \/>\n<meta property=\"article:publisher\" content=\"https:\/\/www.facebook.com\/La-Sentinelle-104059864394773\" \/>\n<meta property=\"article:published_time\" content=\"2022-03-23T23:01:00+00:00\" \/>\n<meta property=\"og:image\" content=\"https:\/\/lasentinelle.dz\/wp-content\/uploads\/2022\/03\/images-1-1.png\" \/>\n\t<meta property=\"og:image:width\" content=\"1744\" \/>\n\t<meta property=\"og:image:height\" content=\"900\" \/>\n\t<meta property=\"og:image:type\" content=\"image\/png\" \/>\n<meta name=\"author\" content=\"La Sentinelle\" \/>\n<meta name=\"twitter:card\" content=\"summary_large_image\" \/>\n<meta name=\"twitter:label1\" content=\"\u00c9crit par\" \/>\n\t<meta name=\"twitter:data1\" content=\"La Sentinelle\" \/>\n\t<meta name=\"twitter:label2\" content=\"Dur\u00e9e de lecture estim\u00e9e\" \/>\n\t<meta name=\"twitter:data2\" content=\"4 minutes\" \/>\n<script type=\"application\/ld+json\" class=\"yoast-schema-graph\">{\"@context\":\"https:\\\/\\\/schema.org\",\"@graph\":[{\"@type\":\"Article\",\"@id\":\"https:\\\/\\\/lasentinelle.dz\\\/index.php\\\/2022\\\/03\\\/24\\\/conseil-de-la-nation-la-loi-sur-le-reglement-budgetaire-examinee\\\/#article\",\"isPartOf\":{\"@id\":\"https:\\\/\\\/lasentinelle.dz\\\/index.php\\\/2022\\\/03\\\/24\\\/conseil-de-la-nation-la-loi-sur-le-reglement-budgetaire-examinee\\\/\"},\"author\":{\"name\":\"La Sentinelle\",\"@id\":\"https:\\\/\\\/lasentinelle.dz\\\/#\\\/schema\\\/person\\\/d865044e22e70a75174ce8bcad3acfb3\"},\"headline\":\"Conseil de la Nation\u00a0: La loi sur le r\u00e8glement budg\u00e9taire examin\u00e9e\",\"datePublished\":\"2022-03-23T23:01:00+00:00\",\"mainEntityOfPage\":{\"@id\":\"https:\\\/\\\/lasentinelle.dz\\\/index.php\\\/2022\\\/03\\\/24\\\/conseil-de-la-nation-la-loi-sur-le-reglement-budgetaire-examinee\\\/\"},\"wordCount\":750,\"commentCount\":0,\"publisher\":{\"@id\":\"https:\\\/\\\/lasentinelle.dz\\\/#organization\"},\"image\":{\"@id\":\"https:\\\/\\\/lasentinelle.dz\\\/index.php\\\/2022\\\/03\\\/24\\\/conseil-de-la-nation-la-loi-sur-le-reglement-budgetaire-examinee\\\/#primaryimage\"},\"thumbnailUrl\":\"https:\\\/\\\/lasentinelle.dz\\\/wp-content\\\/uploads\\\/2022\\\/03\\\/images-1-1.png\",\"articleSection\":[\"Actualit\u00e9\"],\"inLanguage\":\"fr-FR\",\"potentialAction\":[{\"@type\":\"CommentAction\",\"name\":\"Comment\",\"target\":[\"https:\\\/\\\/lasentinelle.dz\\\/index.php\\\/2022\\\/03\\\/24\\\/conseil-de-la-nation-la-loi-sur-le-reglement-budgetaire-examinee\\\/#respond\"]}]},{\"@type\":\"WebPage\",\"@id\":\"https:\\\/\\\/lasentinelle.dz\\\/index.php\\\/2022\\\/03\\\/24\\\/conseil-de-la-nation-la-loi-sur-le-reglement-budgetaire-examinee\\\/\",\"url\":\"https:\\\/\\\/lasentinelle.dz\\\/index.php\\\/2022\\\/03\\\/24\\\/conseil-de-la-nation-la-loi-sur-le-reglement-budgetaire-examinee\\\/\",\"name\":\"Conseil de la Nation\u00a0: La loi sur le r\u00e8glement budg\u00e9taire examin\u00e9e - La Sentinelle\",\"isPartOf\":{\"@id\":\"https:\\\/\\\/lasentinelle.dz\\\/#website\"},\"primaryImageOfPage\":{\"@id\":\"https:\\\/\\\/lasentinelle.dz\\\/index.php\\\/2022\\\/03\\\/24\\\/conseil-de-la-nation-la-loi-sur-le-reglement-budgetaire-examinee\\\/#primaryimage\"},\"image\":{\"@id\":\"https:\\\/\\\/lasentinelle.dz\\\/index.php\\\/2022\\\/03\\\/24\\\/conseil-de-la-nation-la-loi-sur-le-reglement-budgetaire-examinee\\\/#primaryimage\"},\"thumbnailUrl\":\"https:\\\/\\\/lasentinelle.dz\\\/wp-content\\\/uploads\\\/2022\\\/03\\\/images-1-1.png\",\"datePublished\":\"2022-03-23T23:01:00+00:00\",\"breadcrumb\":{\"@id\":\"https:\\\/\\\/lasentinelle.dz\\\/index.php\\\/2022\\\/03\\\/24\\\/conseil-de-la-nation-la-loi-sur-le-reglement-budgetaire-examinee\\\/#breadcrumb\"},\"inLanguage\":\"fr-FR\",\"potentialAction\":[{\"@type\":\"ReadAction\",\"target\":[\"https:\\\/\\\/lasentinelle.dz\\\/index.php\\\/2022\\\/03\\\/24\\\/conseil-de-la-nation-la-loi-sur-le-reglement-budgetaire-examinee\\\/\"]}]},{\"@type\":\"ImageObject\",\"inLanguage\":\"fr-FR\",\"@id\":\"https:\\\/\\\/lasentinelle.dz\\\/index.php\\\/2022\\\/03\\\/24\\\/conseil-de-la-nation-la-loi-sur-le-reglement-budgetaire-examinee\\\/#primaryimage\",\"url\":\"https:\\\/\\\/lasentinelle.dz\\\/wp-content\\\/uploads\\\/2022\\\/03\\\/images-1-1.png\",\"contentUrl\":\"https:\\\/\\\/lasentinelle.dz\\\/wp-content\\\/uploads\\\/2022\\\/03\\\/images-1-1.png\",\"width\":1744,\"height\":900},{\"@type\":\"BreadcrumbList\",\"@id\":\"https:\\\/\\\/lasentinelle.dz\\\/index.php\\\/2022\\\/03\\\/24\\\/conseil-de-la-nation-la-loi-sur-le-reglement-budgetaire-examinee\\\/#breadcrumb\",\"itemListElement\":[{\"@type\":\"ListItem\",\"position\":1,\"name\":\"Accueil\",\"item\":\"https:\\\/\\\/lasentinelle.dz\\\/\"},{\"@type\":\"ListItem\",\"position\":2,\"name\":\"Conseil de la Nation\u00a0: La loi sur le r\u00e8glement budg\u00e9taire examin\u00e9e\"}]},{\"@type\":\"WebSite\",\"@id\":\"https:\\\/\\\/lasentinelle.dz\\\/#website\",\"url\":\"https:\\\/\\\/lasentinelle.dz\\\/\",\"name\":\"La Sentinelle\",\"description\":\"Quotidien national d&#039;information\",\"publisher\":{\"@id\":\"https:\\\/\\\/lasentinelle.dz\\\/#organization\"},\"potentialAction\":[{\"@type\":\"SearchAction\",\"target\":{\"@type\":\"EntryPoint\",\"urlTemplate\":\"https:\\\/\\\/lasentinelle.dz\\\/?s={search_term_string}\"},\"query-input\":{\"@type\":\"PropertyValueSpecification\",\"valueRequired\":true,\"valueName\":\"search_term_string\"}}],\"inLanguage\":\"fr-FR\"},{\"@type\":\"Organization\",\"@id\":\"https:\\\/\\\/lasentinelle.dz\\\/#organization\",\"name\":\"Quotidien La Sentinelle\",\"url\":\"https:\\\/\\\/lasentinelle.dz\\\/\",\"logo\":{\"@type\":\"ImageObject\",\"inLanguage\":\"fr-FR\",\"@id\":\"https:\\\/\\\/lasentinelle.dz\\\/#\\\/schema\\\/logo\\\/image\\\/\",\"url\":\"https:\\\/\\\/lasentinelle.dz\\\/wp-content\\\/uploads\\\/2021\\\/09\\\/logo-sentinelleSLOGAN-1.png\",\"contentUrl\":\"https:\\\/\\\/lasentinelle.dz\\\/wp-content\\\/uploads\\\/2021\\\/09\\\/logo-sentinelleSLOGAN-1.png\",\"width\":615,\"height\":142,\"caption\":\"Quotidien La Sentinelle\"},\"image\":{\"@id\":\"https:\\\/\\\/lasentinelle.dz\\\/#\\\/schema\\\/logo\\\/image\\\/\"},\"sameAs\":[\"https:\\\/\\\/www.facebook.com\\\/La-Sentinelle-104059864394773\"]},{\"@type\":\"Person\",\"@id\":\"https:\\\/\\\/lasentinelle.dz\\\/#\\\/schema\\\/person\\\/d865044e22e70a75174ce8bcad3acfb3\",\"name\":\"La Sentinelle\",\"image\":{\"@type\":\"ImageObject\",\"inLanguage\":\"fr-FR\",\"@id\":\"https:\\\/\\\/secure.gravatar.com\\\/avatar\\\/57de8e5d4b15d43fb361a71fbb36338450fe67865b528a43dd10ef7c51a20392?s=96&d=mm&r=g\",\"url\":\"https:\\\/\\\/secure.gravatar.com\\\/avatar\\\/57de8e5d4b15d43fb361a71fbb36338450fe67865b528a43dd10ef7c51a20392?s=96&d=mm&r=g\",\"contentUrl\":\"https:\\\/\\\/secure.gravatar.com\\\/avatar\\\/57de8e5d4b15d43fb361a71fbb36338450fe67865b528a43dd10ef7c51a20392?s=96&d=mm&r=g\",\"caption\":\"La Sentinelle\"},\"sameAs\":[\"http:\\\/\\\/www.lasentinelle.dz\"],\"url\":\"https:\\\/\\\/lasentinelle.dz\\\/author\\\/redaction\\\/\"}]}<\/script>\n<!-- \/ Yoast SEO plugin. -->","yoast_head_json":{"title":"Conseil de la Nation\u00a0: La loi sur le r\u00e8glement budg\u00e9taire examin\u00e9e - La Sentinelle","robots":{"index":"index","follow":"follow","max-snippet":"max-snippet:-1","max-image-preview":"max-image-preview:large","max-video-preview":"max-video-preview:-1"},"canonical":"https:\/\/lasentinelle.dz\/index.php\/2022\/03\/24\/conseil-de-la-nation-la-loi-sur-le-reglement-budgetaire-examinee\/","og_locale":"fr_FR","og_type":"article","og_title":"Conseil de la Nation\u00a0: La loi sur le r\u00e8glement budg\u00e9taire examin\u00e9e - La Sentinelle","og_description":"Le projet de loi portant r\u00e8glement budg\u00e9taire de l&rsquo;exercice 2019 a \u00e9t\u00e9 pr\u00e9sent\u00e9, avant-hier, devant la commission des Affaires \u00e9conomiques","og_url":"https:\/\/lasentinelle.dz\/index.php\/2022\/03\/24\/conseil-de-la-nation-la-loi-sur-le-reglement-budgetaire-examinee\/","og_site_name":"La Sentinelle","article_publisher":"https:\/\/www.facebook.com\/La-Sentinelle-104059864394773","article_published_time":"2022-03-23T23:01:00+00:00","og_image":[{"width":1744,"height":900,"url":"https:\/\/lasentinelle.dz\/wp-content\/uploads\/2022\/03\/images-1-1.png","type":"image\/png"}],"author":"La Sentinelle","twitter_card":"summary_large_image","twitter_misc":{"\u00c9crit par":"La Sentinelle","Dur\u00e9e de lecture estim\u00e9e":"4 minutes"},"schema":{"@context":"https:\/\/schema.org","@graph":[{"@type":"Article","@id":"https:\/\/lasentinelle.dz\/index.php\/2022\/03\/24\/conseil-de-la-nation-la-loi-sur-le-reglement-budgetaire-examinee\/#article","isPartOf":{"@id":"https:\/\/lasentinelle.dz\/index.php\/2022\/03\/24\/conseil-de-la-nation-la-loi-sur-le-reglement-budgetaire-examinee\/"},"author":{"name":"La Sentinelle","@id":"https:\/\/lasentinelle.dz\/#\/schema\/person\/d865044e22e70a75174ce8bcad3acfb3"},"headline":"Conseil de la Nation\u00a0: La loi sur le r\u00e8glement budg\u00e9taire examin\u00e9e","datePublished":"2022-03-23T23:01:00+00:00","mainEntityOfPage":{"@id":"https:\/\/lasentinelle.dz\/index.php\/2022\/03\/24\/conseil-de-la-nation-la-loi-sur-le-reglement-budgetaire-examinee\/"},"wordCount":750,"commentCount":0,"publisher":{"@id":"https:\/\/lasentinelle.dz\/#organization"},"image":{"@id":"https:\/\/lasentinelle.dz\/index.php\/2022\/03\/24\/conseil-de-la-nation-la-loi-sur-le-reglement-budgetaire-examinee\/#primaryimage"},"thumbnailUrl":"https:\/\/lasentinelle.dz\/wp-content\/uploads\/2022\/03\/images-1-1.png","articleSection":["Actualit\u00e9"],"inLanguage":"fr-FR","potentialAction":[{"@type":"CommentAction","name":"Comment","target":["https:\/\/lasentinelle.dz\/index.php\/2022\/03\/24\/conseil-de-la-nation-la-loi-sur-le-reglement-budgetaire-examinee\/#respond"]}]},{"@type":"WebPage","@id":"https:\/\/lasentinelle.dz\/index.php\/2022\/03\/24\/conseil-de-la-nation-la-loi-sur-le-reglement-budgetaire-examinee\/","url":"https:\/\/lasentinelle.dz\/index.php\/2022\/03\/24\/conseil-de-la-nation-la-loi-sur-le-reglement-budgetaire-examinee\/","name":"Conseil de la Nation\u00a0: La loi sur le r\u00e8glement budg\u00e9taire examin\u00e9e - La Sentinelle","isPartOf":{"@id":"https:\/\/lasentinelle.dz\/#website"},"primaryImageOfPage":{"@id":"https:\/\/lasentinelle.dz\/index.php\/2022\/03\/24\/conseil-de-la-nation-la-loi-sur-le-reglement-budgetaire-examinee\/#primaryimage"},"image":{"@id":"https:\/\/lasentinelle.dz\/index.php\/2022\/03\/24\/conseil-de-la-nation-la-loi-sur-le-reglement-budgetaire-examinee\/#primaryimage"},"thumbnailUrl":"https:\/\/lasentinelle.dz\/wp-content\/uploads\/2022\/03\/images-1-1.png","datePublished":"2022-03-23T23:01:00+00:00","breadcrumb":{"@id":"https:\/\/lasentinelle.dz\/index.php\/2022\/03\/24\/conseil-de-la-nation-la-loi-sur-le-reglement-budgetaire-examinee\/#breadcrumb"},"inLanguage":"fr-FR","potentialAction":[{"@type":"ReadAction","target":["https:\/\/lasentinelle.dz\/index.php\/2022\/03\/24\/conseil-de-la-nation-la-loi-sur-le-reglement-budgetaire-examinee\/"]}]},{"@type":"ImageObject","inLanguage":"fr-FR","@id":"https:\/\/lasentinelle.dz\/index.php\/2022\/03\/24\/conseil-de-la-nation-la-loi-sur-le-reglement-budgetaire-examinee\/#primaryimage","url":"https:\/\/lasentinelle.dz\/wp-content\/uploads\/2022\/03\/images-1-1.png","contentUrl":"https:\/\/lasentinelle.dz\/wp-content\/uploads\/2022\/03\/images-1-1.png","width":1744,"height":900},{"@type":"BreadcrumbList","@id":"https:\/\/lasentinelle.dz\/index.php\/2022\/03\/24\/conseil-de-la-nation-la-loi-sur-le-reglement-budgetaire-examinee\/#breadcrumb","itemListElement":[{"@type":"ListItem","position":1,"name":"Accueil","item":"https:\/\/lasentinelle.dz\/"},{"@type":"ListItem","position":2,"name":"Conseil de la Nation\u00a0: La loi sur le r\u00e8glement budg\u00e9taire examin\u00e9e"}]},{"@type":"WebSite","@id":"https:\/\/lasentinelle.dz\/#website","url":"https:\/\/lasentinelle.dz\/","name":"La Sentinelle","description":"Quotidien national d&#039;information","publisher":{"@id":"https:\/\/lasentinelle.dz\/#organization"},"potentialAction":[{"@type":"SearchAction","target":{"@type":"EntryPoint","urlTemplate":"https:\/\/lasentinelle.dz\/?s={search_term_string}"},"query-input":{"@type":"PropertyValueSpecification","valueRequired":true,"valueName":"search_term_string"}}],"inLanguage":"fr-FR"},{"@type":"Organization","@id":"https:\/\/lasentinelle.dz\/#organization","name":"Quotidien La Sentinelle","url":"https:\/\/lasentinelle.dz\/","logo":{"@type":"ImageObject","inLanguage":"fr-FR","@id":"https:\/\/lasentinelle.dz\/#\/schema\/logo\/image\/","url":"https:\/\/lasentinelle.dz\/wp-content\/uploads\/2021\/09\/logo-sentinelleSLOGAN-1.png","contentUrl":"https:\/\/lasentinelle.dz\/wp-content\/uploads\/2021\/09\/logo-sentinelleSLOGAN-1.png","width":615,"height":142,"caption":"Quotidien La Sentinelle"},"image":{"@id":"https:\/\/lasentinelle.dz\/#\/schema\/logo\/image\/"},"sameAs":["https:\/\/www.facebook.com\/La-Sentinelle-104059864394773"]},{"@type":"Person","@id":"https:\/\/lasentinelle.dz\/#\/schema\/person\/d865044e22e70a75174ce8bcad3acfb3","name":"La Sentinelle","image":{"@type":"ImageObject","inLanguage":"fr-FR","@id":"https:\/\/secure.gravatar.com\/avatar\/57de8e5d4b15d43fb361a71fbb36338450fe67865b528a43dd10ef7c51a20392?s=96&d=mm&r=g","url":"https:\/\/secure.gravatar.com\/avatar\/57de8e5d4b15d43fb361a71fbb36338450fe67865b528a43dd10ef7c51a20392?s=96&d=mm&r=g","contentUrl":"https:\/\/secure.gravatar.com\/avatar\/57de8e5d4b15d43fb361a71fbb36338450fe67865b528a43dd10ef7c51a20392?s=96&d=mm&r=g","caption":"La Sentinelle"},"sameAs":["http:\/\/www.lasentinelle.dz"],"url":"https:\/\/lasentinelle.dz\/author\/redaction\/"}]}},"_links":{"self":[{"href":"https:\/\/lasentinelle.dz\/index.php\/wp-json\/wp\/v2\/posts\/18826","targetHints":{"allow":["GET"]}}],"collection":[{"href":"https:\/\/lasentinelle.dz\/index.php\/wp-json\/wp\/v2\/posts"}],"about":[{"href":"https:\/\/lasentinelle.dz\/index.php\/wp-json\/wp\/v2\/types\/post"}],"author":[{"embeddable":true,"href":"https:\/\/lasentinelle.dz\/index.php\/wp-json\/wp\/v2\/users\/3"}],"replies":[{"embeddable":true,"href":"https:\/\/lasentinelle.dz\/index.php\/wp-json\/wp\/v2\/comments?post=18826"}],"version-history":[{"count":1,"href":"https:\/\/lasentinelle.dz\/index.php\/wp-json\/wp\/v2\/posts\/18826\/revisions"}],"predecessor-version":[{"id":18852,"href":"https:\/\/lasentinelle.dz\/index.php\/wp-json\/wp\/v2\/posts\/18826\/revisions\/18852"}],"wp:featuredmedia":[{"embeddable":true,"href":"https:\/\/lasentinelle.dz\/index.php\/wp-json\/wp\/v2\/media\/18844"}],"wp:attachment":[{"href":"https:\/\/lasentinelle.dz\/index.php\/wp-json\/wp\/v2\/media?parent=18826"}],"wp:term":[{"taxonomy":"category","embeddable":true,"href":"https:\/\/lasentinelle.dz\/index.php\/wp-json\/wp\/v2\/categories?post=18826"},{"taxonomy":"post_tag","embeddable":true,"href":"https:\/\/lasentinelle.dz\/index.php\/wp-json\/wp\/v2\/tags?post=18826"}],"curies":[{"name":"wp","href":"https:\/\/api.w.org\/{rel}","templated":true}]}}