{"id":18835,"date":"2022-03-24T00:01:00","date_gmt":"2022-03-23T23:01:00","guid":{"rendered":"https:\/\/lasentinelle.dz\/?p=18835"},"modified":"2022-03-23T18:40:07","modified_gmt":"2022-03-23T17:40:07","slug":"feux-de-forets-le-plan-de-prevention-operationnel-apres-laid-el-fitr","status":"publish","type":"post","link":"https:\/\/lasentinelle.dz\/index.php\/2022\/03\/24\/feux-de-forets-le-plan-de-prevention-operationnel-apres-laid-el-fitr\/","title":{"rendered":"Feux de for\u00eats\u00a0:\u00a0Le plan de pr\u00e9vention op\u00e9rationnel apr\u00e8s l\u2019A\u00efd El Fitr"},"content":{"rendered":"\n<p>Le nouveau plan de pr\u00e9vention contre les feux de for\u00eats qui sera mis en \u0153uvre le mois de mai prochain, juste apr\u00e8s l&rsquo;A\u00efd El Fitr, entre ainsi dans sa phase finale, a fait savoir, mercredi, la directrice de la protection de la faune et de la flore, \u00e0 la Direction G\u00e9n\u00e9rale des For\u00eats (DGF), Mme Ilham Kabouya. Cette derni\u00e8re fera part d\u2019une \u00abr\u00e9flexion qui a \u00e9t\u00e9 men\u00e9e lors du conseil interminist\u00e9riel de 15 ao\u00fbt 2021 consacr\u00e9 au bilan des incendies de for\u00eat o\u00f9 une instruction \u00e9t\u00e9 donn\u00e9e au ministre de l\u2019Agriculture, \u00e0 travers la DGF, pour l\u2019\u00e9laboration d\u2019une nouvelle strat\u00e9gie de pr\u00e9vention et de lutte contre les incendies, qui se veut inclusive et prenant en compte la soci\u00e9t\u00e9 civile et les populations locales \u00bb.<\/p>\n\n\n\n<p>Dans son intervention lors d\u2019une \u00e9mission de la cha\u00eene trois de la radio nationale, Mme Ilham Khouya a affirm\u00e9 que \u00ab&nbsp;&nbsp;des s\u00e9ances de travails se d\u00e9roulent actuellement au niveau de notre tutelle pour finaliser ce plan d\u2019action. Un document final sanctionnant la r\u00e9flexion est fin pr\u00eat \u00e0 l\u2019application effective sur le terrain \u00bb. Ce passage \u00e0 la radio a \u00e9t\u00e9 \u00e9galement l\u2019occasion pour la directrice de la protection de la faune et de la flore d\u2019alerter sur l\u2019\u00e9tat d\u00e9plorable du patrimoine forestier national. \u00ab&nbsp;&nbsp;Dans certaines wilaya,&nbsp;&nbsp;il y a \u00e9norm\u00e9ment de d\u00e9p\u00e9rissement des essences foresti\u00e8res, m\u00eame si ces d\u00e9p\u00e9rissements sont signal\u00e9s un peu partout, dans toutes les r\u00e9gions \u00bb, d\u00e9plore-t-elle. Elle \u00e9voquera ce qu\u2019elle a qualifi\u00e9 \u00ab de danger \u00bb qui guette ce patrimoine. Mme Khouya avertira \u00e0 ce sujet que \u00ab certaines wilayas sont aujourd\u2019hui dans un \u00e9tat pr\u00e9occupant, notamment Djelfa, Batna et Sa\u00efda o\u00f9&nbsp;&nbsp;il y a \u00e9norm\u00e9ment de maladies d\u00e9clar\u00e9es sur les arbres suite au manque d\u2019eau qui a rendu ces massifs tr\u00e8s vuln\u00e9rables \u00bb.<\/p>\n\n\n\n<p>Incombant les causes de ce ph\u00e9nom\u00e8ne \u00ab aux changements climatiques qui perturbent la flore d\u2019une mani\u00e8re g\u00e9n\u00e9rale \u00bb, la m\u00eame responsable assure que ses services travaillent \u00aben \u00e9troite collaboration avec les scientifiques sur des essences qui r\u00e9sistent \u00e0 la s\u00e9cheresse et aux incendies de for\u00eats \u00bb. Le patrimoine forestier, recommande-t-elle, \u00ab doit passer par une gestion durable o\u00f9 chaque for\u00eat doit \u00eatre dot\u00e9e d\u2019un plan de gestion pour la pr\u00e9server et la valoriser \u00bb. Aussi pour agir contre ce ph\u00e9nom\u00e8ne, explique Mme Khouya, \u00ab la direction g\u00e9n\u00e9rale des for\u00eats a mis au point un programme&nbsp;&nbsp;&nbsp;pour l\u2019horizon 2021-2024 visant \u00e0 planter 30 000 hectares \u00bb. L\u2019invit\u00e9e de la radio pr\u00e9cisera \u00e9galement que \u00ab cette ann\u00e9e, nous avons plant\u00e9&nbsp;&nbsp;d\u00e9j\u00e0 10 millions de plants \u00bb. Un programme renforc\u00e9 par l\u2019int\u00e9gration d\u2019associations qui vont b\u00e9n\u00e9ficier de parcelles de terrain dans le domaine national forestier. Quelque \u00ab 466 conventions ont \u00e9t\u00e9 sign\u00e9es \u00e0 travers 43 wilayas \u00bb fera-t-elle savoir tout en assurant enfin qu\u2019 \u00ab il y a aussi tout le suivi qui se fait par la suite et c\u2019est ce qui va assurer la r\u00e9ussite de ces plantations et la p\u00e9rennit\u00e9 de nos for\u00eats \u00bb \u00bb, en pr\u00e9cisant que \u00ab c\u2019est une premi\u00e8re et nous allons continuer \u00bb.&nbsp;<\/p>\n\n\n\n<p><strong>Kamel Nait Ameur<\/strong><\/p>\n","protected":false},"excerpt":{"rendered":"<p>Le nouveau plan de pr\u00e9vention contre les feux de for\u00eats qui sera mis en \u0153uvre le mois de mai prochain,<\/p>\n","protected":false},"author":3,"featured_media":18838,"comment_status":"open","ping_status":"closed","sticky":false,"template":"","format":"standard","meta":{"colormag_page_container_layout":"default_layout","colormag_page_sidebar_layout":"default_layout","om_disable_all_campaigns":false,"_monsterinsights_skip_tracking":false,"_monsterinsights_sitenote_active":false,"_monsterinsights_sitenote_note":"","_monsterinsights_sitenote_category":0,"footnotes":"","_wpscppro_dont_share_socialmedia":false,"_wpscppro_custom_social_share_image":0,"_facebook_share_type":"","_twitter_share_type":"","_linkedin_share_type":"","_pinterest_share_type":"","_linkedin_share_type_page":"","_instagram_share_type":"","_medium_share_type":"","_threads_share_type":"","_google_business_share_type":"","_selected_social_profile":[],"_wpsp_enable_custom_social_template":false,"_wpsp_social_scheduling":{"enabled":false,"datetime":null,"platforms":[],"status":"template_only","dateOption":"today","timeOption":"now","customDays":"","customHours":"","customDate":"","customTime":"","schedulingType":"absolute"},"_wpsp_active_default_template":true},"categories":[27],"tags":[],"class_list":["post-18835","post","type-post","status-publish","format-standard","has-post-thumbnail","hentry","category-actualite"],"aioseo_notices":[],"yoast_head":"<!-- This site is optimized with the Yoast SEO plugin v27.5 - https:\/\/yoast.com\/product\/yoast-seo-wordpress\/ -->\n<title>Feux de for\u00eats\u00a0:\u00a0Le plan de pr\u00e9vention op\u00e9rationnel apr\u00e8s l\u2019A\u00efd El Fitr - La Sentinelle<\/title>\n<meta name=\"robots\" content=\"index, follow, max-snippet:-1, max-image-preview:large, max-video-preview:-1\" \/>\n<link rel=\"canonical\" href=\"https:\/\/lasentinelle.dz\/index.php\/2022\/03\/24\/feux-de-forets-le-plan-de-prevention-operationnel-apres-laid-el-fitr\/\" \/>\n<meta property=\"og:locale\" content=\"fr_FR\" \/>\n<meta property=\"og:type\" content=\"article\" \/>\n<meta property=\"og:title\" content=\"Feux de for\u00eats\u00a0:\u00a0Le plan de pr\u00e9vention op\u00e9rationnel apr\u00e8s l\u2019A\u00efd El Fitr - La Sentinelle\" \/>\n<meta property=\"og:description\" content=\"Le nouveau plan de pr\u00e9vention contre les feux de for\u00eats qui sera mis en \u0153uvre le mois de mai prochain,\" \/>\n<meta property=\"og:url\" content=\"https:\/\/lasentinelle.dz\/index.php\/2022\/03\/24\/feux-de-forets-le-plan-de-prevention-operationnel-apres-laid-el-fitr\/\" \/>\n<meta property=\"og:site_name\" content=\"La Sentinelle\" \/>\n<meta property=\"article:publisher\" content=\"https:\/\/www.facebook.com\/La-Sentinelle-104059864394773\" \/>\n<meta property=\"article:published_time\" content=\"2022-03-23T23:01:00+00:00\" \/>\n<meta property=\"og:image\" content=\"https:\/\/lasentinelle.dz\/wp-content\/uploads\/2022\/03\/feu-de-foret-1024x630.png\" \/>\n\t<meta property=\"og:image:width\" content=\"1024\" \/>\n\t<meta property=\"og:image:height\" content=\"630\" \/>\n\t<meta property=\"og:image:type\" content=\"image\/png\" \/>\n<meta name=\"author\" content=\"La Sentinelle\" \/>\n<meta name=\"twitter:card\" content=\"summary_large_image\" \/>\n<meta name=\"twitter:label1\" content=\"\u00c9crit par\" \/>\n\t<meta name=\"twitter:data1\" content=\"La Sentinelle\" \/>\n\t<meta name=\"twitter:label2\" content=\"Dur\u00e9e de lecture estim\u00e9e\" \/>\n\t<meta name=\"twitter:data2\" content=\"3 minutes\" \/>\n<script type=\"application\/ld+json\" class=\"yoast-schema-graph\">{\"@context\":\"https:\\\/\\\/schema.org\",\"@graph\":[{\"@type\":\"Article\",\"@id\":\"https:\\\/\\\/lasentinelle.dz\\\/index.php\\\/2022\\\/03\\\/24\\\/feux-de-forets-le-plan-de-prevention-operationnel-apres-laid-el-fitr\\\/#article\",\"isPartOf\":{\"@id\":\"https:\\\/\\\/lasentinelle.dz\\\/index.php\\\/2022\\\/03\\\/24\\\/feux-de-forets-le-plan-de-prevention-operationnel-apres-laid-el-fitr\\\/\"},\"author\":{\"name\":\"La Sentinelle\",\"@id\":\"https:\\\/\\\/lasentinelle.dz\\\/#\\\/schema\\\/person\\\/d865044e22e70a75174ce8bcad3acfb3\"},\"headline\":\"Feux de for\u00eats\u00a0:\u00a0Le plan de pr\u00e9vention op\u00e9rationnel apr\u00e8s l\u2019A\u00efd El Fitr\",\"datePublished\":\"2022-03-23T23:01:00+00:00\",\"mainEntityOfPage\":{\"@id\":\"https:\\\/\\\/lasentinelle.dz\\\/index.php\\\/2022\\\/03\\\/24\\\/feux-de-forets-le-plan-de-prevention-operationnel-apres-laid-el-fitr\\\/\"},\"wordCount\":587,\"commentCount\":0,\"publisher\":{\"@id\":\"https:\\\/\\\/lasentinelle.dz\\\/#organization\"},\"image\":{\"@id\":\"https:\\\/\\\/lasentinelle.dz\\\/index.php\\\/2022\\\/03\\\/24\\\/feux-de-forets-le-plan-de-prevention-operationnel-apres-laid-el-fitr\\\/#primaryimage\"},\"thumbnailUrl\":\"https:\\\/\\\/lasentinelle.dz\\\/wp-content\\\/uploads\\\/2022\\\/03\\\/feu-de-foret.png\",\"articleSection\":[\"Actualit\u00e9\"],\"inLanguage\":\"fr-FR\",\"potentialAction\":[{\"@type\":\"CommentAction\",\"name\":\"Comment\",\"target\":[\"https:\\\/\\\/lasentinelle.dz\\\/index.php\\\/2022\\\/03\\\/24\\\/feux-de-forets-le-plan-de-prevention-operationnel-apres-laid-el-fitr\\\/#respond\"]}]},{\"@type\":\"WebPage\",\"@id\":\"https:\\\/\\\/lasentinelle.dz\\\/index.php\\\/2022\\\/03\\\/24\\\/feux-de-forets-le-plan-de-prevention-operationnel-apres-laid-el-fitr\\\/\",\"url\":\"https:\\\/\\\/lasentinelle.dz\\\/index.php\\\/2022\\\/03\\\/24\\\/feux-de-forets-le-plan-de-prevention-operationnel-apres-laid-el-fitr\\\/\",\"name\":\"Feux de for\u00eats\u00a0:\u00a0Le plan de pr\u00e9vention op\u00e9rationnel apr\u00e8s l\u2019A\u00efd El Fitr - La Sentinelle\",\"isPartOf\":{\"@id\":\"https:\\\/\\\/lasentinelle.dz\\\/#website\"},\"primaryImageOfPage\":{\"@id\":\"https:\\\/\\\/lasentinelle.dz\\\/index.php\\\/2022\\\/03\\\/24\\\/feux-de-forets-le-plan-de-prevention-operationnel-apres-laid-el-fitr\\\/#primaryimage\"},\"image\":{\"@id\":\"https:\\\/\\\/lasentinelle.dz\\\/index.php\\\/2022\\\/03\\\/24\\\/feux-de-forets-le-plan-de-prevention-operationnel-apres-laid-el-fitr\\\/#primaryimage\"},\"thumbnailUrl\":\"https:\\\/\\\/lasentinelle.dz\\\/wp-content\\\/uploads\\\/2022\\\/03\\\/feu-de-foret.png\",\"datePublished\":\"2022-03-23T23:01:00+00:00\",\"breadcrumb\":{\"@id\":\"https:\\\/\\\/lasentinelle.dz\\\/index.php\\\/2022\\\/03\\\/24\\\/feux-de-forets-le-plan-de-prevention-operationnel-apres-laid-el-fitr\\\/#breadcrumb\"},\"inLanguage\":\"fr-FR\",\"potentialAction\":[{\"@type\":\"ReadAction\",\"target\":[\"https:\\\/\\\/lasentinelle.dz\\\/index.php\\\/2022\\\/03\\\/24\\\/feux-de-forets-le-plan-de-prevention-operationnel-apres-laid-el-fitr\\\/\"]}]},{\"@type\":\"ImageObject\",\"inLanguage\":\"fr-FR\",\"@id\":\"https:\\\/\\\/lasentinelle.dz\\\/index.php\\\/2022\\\/03\\\/24\\\/feux-de-forets-le-plan-de-prevention-operationnel-apres-laid-el-fitr\\\/#primaryimage\",\"url\":\"https:\\\/\\\/lasentinelle.dz\\\/wp-content\\\/uploads\\\/2022\\\/03\\\/feu-de-foret.png\",\"contentUrl\":\"https:\\\/\\\/lasentinelle.dz\\\/wp-content\\\/uploads\\\/2022\\\/03\\\/feu-de-foret.png\",\"width\":1464,\"height\":900},{\"@type\":\"BreadcrumbList\",\"@id\":\"https:\\\/\\\/lasentinelle.dz\\\/index.php\\\/2022\\\/03\\\/24\\\/feux-de-forets-le-plan-de-prevention-operationnel-apres-laid-el-fitr\\\/#breadcrumb\",\"itemListElement\":[{\"@type\":\"ListItem\",\"position\":1,\"name\":\"Accueil\",\"item\":\"https:\\\/\\\/lasentinelle.dz\\\/\"},{\"@type\":\"ListItem\",\"position\":2,\"name\":\"Feux de for\u00eats\u00a0:\u00a0Le plan de pr\u00e9vention op\u00e9rationnel apr\u00e8s l\u2019A\u00efd El Fitr\"}]},{\"@type\":\"WebSite\",\"@id\":\"https:\\\/\\\/lasentinelle.dz\\\/#website\",\"url\":\"https:\\\/\\\/lasentinelle.dz\\\/\",\"name\":\"La Sentinelle\",\"description\":\"Quotidien national d&#039;information\",\"publisher\":{\"@id\":\"https:\\\/\\\/lasentinelle.dz\\\/#organization\"},\"potentialAction\":[{\"@type\":\"SearchAction\",\"target\":{\"@type\":\"EntryPoint\",\"urlTemplate\":\"https:\\\/\\\/lasentinelle.dz\\\/?s={search_term_string}\"},\"query-input\":{\"@type\":\"PropertyValueSpecification\",\"valueRequired\":true,\"valueName\":\"search_term_string\"}}],\"inLanguage\":\"fr-FR\"},{\"@type\":\"Organization\",\"@id\":\"https:\\\/\\\/lasentinelle.dz\\\/#organization\",\"name\":\"Quotidien La Sentinelle\",\"url\":\"https:\\\/\\\/lasentinelle.dz\\\/\",\"logo\":{\"@type\":\"ImageObject\",\"inLanguage\":\"fr-FR\",\"@id\":\"https:\\\/\\\/lasentinelle.dz\\\/#\\\/schema\\\/logo\\\/image\\\/\",\"url\":\"https:\\\/\\\/lasentinelle.dz\\\/wp-content\\\/uploads\\\/2021\\\/09\\\/logo-sentinelleSLOGAN-1.png\",\"contentUrl\":\"https:\\\/\\\/lasentinelle.dz\\\/wp-content\\\/uploads\\\/2021\\\/09\\\/logo-sentinelleSLOGAN-1.png\",\"width\":615,\"height\":142,\"caption\":\"Quotidien La Sentinelle\"},\"image\":{\"@id\":\"https:\\\/\\\/lasentinelle.dz\\\/#\\\/schema\\\/logo\\\/image\\\/\"},\"sameAs\":[\"https:\\\/\\\/www.facebook.com\\\/La-Sentinelle-104059864394773\"]},{\"@type\":\"Person\",\"@id\":\"https:\\\/\\\/lasentinelle.dz\\\/#\\\/schema\\\/person\\\/d865044e22e70a75174ce8bcad3acfb3\",\"name\":\"La Sentinelle\",\"image\":{\"@type\":\"ImageObject\",\"inLanguage\":\"fr-FR\",\"@id\":\"https:\\\/\\\/secure.gravatar.com\\\/avatar\\\/57de8e5d4b15d43fb361a71fbb36338450fe67865b528a43dd10ef7c51a20392?s=96&d=mm&r=g\",\"url\":\"https:\\\/\\\/secure.gravatar.com\\\/avatar\\\/57de8e5d4b15d43fb361a71fbb36338450fe67865b528a43dd10ef7c51a20392?s=96&d=mm&r=g\",\"contentUrl\":\"https:\\\/\\\/secure.gravatar.com\\\/avatar\\\/57de8e5d4b15d43fb361a71fbb36338450fe67865b528a43dd10ef7c51a20392?s=96&d=mm&r=g\",\"caption\":\"La Sentinelle\"},\"sameAs\":[\"http:\\\/\\\/www.lasentinelle.dz\"],\"url\":\"https:\\\/\\\/lasentinelle.dz\\\/author\\\/redaction\\\/\"}]}<\/script>\n<!-- \/ Yoast SEO plugin. -->","yoast_head_json":{"title":"Feux de for\u00eats\u00a0:\u00a0Le plan de pr\u00e9vention op\u00e9rationnel apr\u00e8s l\u2019A\u00efd El Fitr - La Sentinelle","robots":{"index":"index","follow":"follow","max-snippet":"max-snippet:-1","max-image-preview":"max-image-preview:large","max-video-preview":"max-video-preview:-1"},"canonical":"https:\/\/lasentinelle.dz\/index.php\/2022\/03\/24\/feux-de-forets-le-plan-de-prevention-operationnel-apres-laid-el-fitr\/","og_locale":"fr_FR","og_type":"article","og_title":"Feux de for\u00eats\u00a0:\u00a0Le plan de pr\u00e9vention op\u00e9rationnel apr\u00e8s l\u2019A\u00efd El Fitr - La Sentinelle","og_description":"Le nouveau plan de pr\u00e9vention contre les feux de for\u00eats qui sera mis en \u0153uvre le mois de mai prochain,","og_url":"https:\/\/lasentinelle.dz\/index.php\/2022\/03\/24\/feux-de-forets-le-plan-de-prevention-operationnel-apres-laid-el-fitr\/","og_site_name":"La Sentinelle","article_publisher":"https:\/\/www.facebook.com\/La-Sentinelle-104059864394773","article_published_time":"2022-03-23T23:01:00+00:00","og_image":[{"width":1024,"height":630,"url":"https:\/\/lasentinelle.dz\/wp-content\/uploads\/2022\/03\/feu-de-foret-1024x630.png","type":"image\/png"}],"author":"La Sentinelle","twitter_card":"summary_large_image","twitter_misc":{"\u00c9crit par":"La Sentinelle","Dur\u00e9e de lecture estim\u00e9e":"3 minutes"},"schema":{"@context":"https:\/\/schema.org","@graph":[{"@type":"Article","@id":"https:\/\/lasentinelle.dz\/index.php\/2022\/03\/24\/feux-de-forets-le-plan-de-prevention-operationnel-apres-laid-el-fitr\/#article","isPartOf":{"@id":"https:\/\/lasentinelle.dz\/index.php\/2022\/03\/24\/feux-de-forets-le-plan-de-prevention-operationnel-apres-laid-el-fitr\/"},"author":{"name":"La Sentinelle","@id":"https:\/\/lasentinelle.dz\/#\/schema\/person\/d865044e22e70a75174ce8bcad3acfb3"},"headline":"Feux de for\u00eats\u00a0:\u00a0Le plan de pr\u00e9vention op\u00e9rationnel apr\u00e8s l\u2019A\u00efd El Fitr","datePublished":"2022-03-23T23:01:00+00:00","mainEntityOfPage":{"@id":"https:\/\/lasentinelle.dz\/index.php\/2022\/03\/24\/feux-de-forets-le-plan-de-prevention-operationnel-apres-laid-el-fitr\/"},"wordCount":587,"commentCount":0,"publisher":{"@id":"https:\/\/lasentinelle.dz\/#organization"},"image":{"@id":"https:\/\/lasentinelle.dz\/index.php\/2022\/03\/24\/feux-de-forets-le-plan-de-prevention-operationnel-apres-laid-el-fitr\/#primaryimage"},"thumbnailUrl":"https:\/\/lasentinelle.dz\/wp-content\/uploads\/2022\/03\/feu-de-foret.png","articleSection":["Actualit\u00e9"],"inLanguage":"fr-FR","potentialAction":[{"@type":"CommentAction","name":"Comment","target":["https:\/\/lasentinelle.dz\/index.php\/2022\/03\/24\/feux-de-forets-le-plan-de-prevention-operationnel-apres-laid-el-fitr\/#respond"]}]},{"@type":"WebPage","@id":"https:\/\/lasentinelle.dz\/index.php\/2022\/03\/24\/feux-de-forets-le-plan-de-prevention-operationnel-apres-laid-el-fitr\/","url":"https:\/\/lasentinelle.dz\/index.php\/2022\/03\/24\/feux-de-forets-le-plan-de-prevention-operationnel-apres-laid-el-fitr\/","name":"Feux de for\u00eats\u00a0:\u00a0Le plan de pr\u00e9vention op\u00e9rationnel apr\u00e8s l\u2019A\u00efd El Fitr - La Sentinelle","isPartOf":{"@id":"https:\/\/lasentinelle.dz\/#website"},"primaryImageOfPage":{"@id":"https:\/\/lasentinelle.dz\/index.php\/2022\/03\/24\/feux-de-forets-le-plan-de-prevention-operationnel-apres-laid-el-fitr\/#primaryimage"},"image":{"@id":"https:\/\/lasentinelle.dz\/index.php\/2022\/03\/24\/feux-de-forets-le-plan-de-prevention-operationnel-apres-laid-el-fitr\/#primaryimage"},"thumbnailUrl":"https:\/\/lasentinelle.dz\/wp-content\/uploads\/2022\/03\/feu-de-foret.png","datePublished":"2022-03-23T23:01:00+00:00","breadcrumb":{"@id":"https:\/\/lasentinelle.dz\/index.php\/2022\/03\/24\/feux-de-forets-le-plan-de-prevention-operationnel-apres-laid-el-fitr\/#breadcrumb"},"inLanguage":"fr-FR","potentialAction":[{"@type":"ReadAction","target":["https:\/\/lasentinelle.dz\/index.php\/2022\/03\/24\/feux-de-forets-le-plan-de-prevention-operationnel-apres-laid-el-fitr\/"]}]},{"@type":"ImageObject","inLanguage":"fr-FR","@id":"https:\/\/lasentinelle.dz\/index.php\/2022\/03\/24\/feux-de-forets-le-plan-de-prevention-operationnel-apres-laid-el-fitr\/#primaryimage","url":"https:\/\/lasentinelle.dz\/wp-content\/uploads\/2022\/03\/feu-de-foret.png","contentUrl":"https:\/\/lasentinelle.dz\/wp-content\/uploads\/2022\/03\/feu-de-foret.png","width":1464,"height":900},{"@type":"BreadcrumbList","@id":"https:\/\/lasentinelle.dz\/index.php\/2022\/03\/24\/feux-de-forets-le-plan-de-prevention-operationnel-apres-laid-el-fitr\/#breadcrumb","itemListElement":[{"@type":"ListItem","position":1,"name":"Accueil","item":"https:\/\/lasentinelle.dz\/"},{"@type":"ListItem","position":2,"name":"Feux de for\u00eats\u00a0:\u00a0Le plan de pr\u00e9vention op\u00e9rationnel apr\u00e8s l\u2019A\u00efd El Fitr"}]},{"@type":"WebSite","@id":"https:\/\/lasentinelle.dz\/#website","url":"https:\/\/lasentinelle.dz\/","name":"La Sentinelle","description":"Quotidien national d&#039;information","publisher":{"@id":"https:\/\/lasentinelle.dz\/#organization"},"potentialAction":[{"@type":"SearchAction","target":{"@type":"EntryPoint","urlTemplate":"https:\/\/lasentinelle.dz\/?s={search_term_string}"},"query-input":{"@type":"PropertyValueSpecification","valueRequired":true,"valueName":"search_term_string"}}],"inLanguage":"fr-FR"},{"@type":"Organization","@id":"https:\/\/lasentinelle.dz\/#organization","name":"Quotidien La Sentinelle","url":"https:\/\/lasentinelle.dz\/","logo":{"@type":"ImageObject","inLanguage":"fr-FR","@id":"https:\/\/lasentinelle.dz\/#\/schema\/logo\/image\/","url":"https:\/\/lasentinelle.dz\/wp-content\/uploads\/2021\/09\/logo-sentinelleSLOGAN-1.png","contentUrl":"https:\/\/lasentinelle.dz\/wp-content\/uploads\/2021\/09\/logo-sentinelleSLOGAN-1.png","width":615,"height":142,"caption":"Quotidien La Sentinelle"},"image":{"@id":"https:\/\/lasentinelle.dz\/#\/schema\/logo\/image\/"},"sameAs":["https:\/\/www.facebook.com\/La-Sentinelle-104059864394773"]},{"@type":"Person","@id":"https:\/\/lasentinelle.dz\/#\/schema\/person\/d865044e22e70a75174ce8bcad3acfb3","name":"La Sentinelle","image":{"@type":"ImageObject","inLanguage":"fr-FR","@id":"https:\/\/secure.gravatar.com\/avatar\/57de8e5d4b15d43fb361a71fbb36338450fe67865b528a43dd10ef7c51a20392?s=96&d=mm&r=g","url":"https:\/\/secure.gravatar.com\/avatar\/57de8e5d4b15d43fb361a71fbb36338450fe67865b528a43dd10ef7c51a20392?s=96&d=mm&r=g","contentUrl":"https:\/\/secure.gravatar.com\/avatar\/57de8e5d4b15d43fb361a71fbb36338450fe67865b528a43dd10ef7c51a20392?s=96&d=mm&r=g","caption":"La Sentinelle"},"sameAs":["http:\/\/www.lasentinelle.dz"],"url":"https:\/\/lasentinelle.dz\/author\/redaction\/"}]}},"_links":{"self":[{"href":"https:\/\/lasentinelle.dz\/index.php\/wp-json\/wp\/v2\/posts\/18835","targetHints":{"allow":["GET"]}}],"collection":[{"href":"https:\/\/lasentinelle.dz\/index.php\/wp-json\/wp\/v2\/posts"}],"about":[{"href":"https:\/\/lasentinelle.dz\/index.php\/wp-json\/wp\/v2\/types\/post"}],"author":[{"embeddable":true,"href":"https:\/\/lasentinelle.dz\/index.php\/wp-json\/wp\/v2\/users\/3"}],"replies":[{"embeddable":true,"href":"https:\/\/lasentinelle.dz\/index.php\/wp-json\/wp\/v2\/comments?post=18835"}],"version-history":[{"count":1,"href":"https:\/\/lasentinelle.dz\/index.php\/wp-json\/wp\/v2\/posts\/18835\/revisions"}],"predecessor-version":[{"id":18839,"href":"https:\/\/lasentinelle.dz\/index.php\/wp-json\/wp\/v2\/posts\/18835\/revisions\/18839"}],"wp:featuredmedia":[{"embeddable":true,"href":"https:\/\/lasentinelle.dz\/index.php\/wp-json\/wp\/v2\/media\/18838"}],"wp:attachment":[{"href":"https:\/\/lasentinelle.dz\/index.php\/wp-json\/wp\/v2\/media?parent=18835"}],"wp:term":[{"taxonomy":"category","embeddable":true,"href":"https:\/\/lasentinelle.dz\/index.php\/wp-json\/wp\/v2\/categories?post=18835"},{"taxonomy":"post_tag","embeddable":true,"href":"https:\/\/lasentinelle.dz\/index.php\/wp-json\/wp\/v2\/tags?post=18835"}],"curies":[{"name":"wp","href":"https:\/\/api.w.org\/{rel}","templated":true}]}}