{"id":18859,"date":"2022-03-24T00:01:00","date_gmt":"2022-03-23T23:01:00","guid":{"rendered":"https:\/\/lasentinelle.dz\/?p=18859"},"modified":"2022-03-23T19:21:51","modified_gmt":"2022-03-23T18:21:51","slug":"complexe-sider-el-hadjar-le-rond-a-beton-nest-pas-concerne-par-lexportation","status":"publish","type":"post","link":"https:\/\/lasentinelle.dz\/index.php\/2022\/03\/24\/complexe-sider-el-hadjar-le-rond-a-beton-nest-pas-concerne-par-lexportation\/","title":{"rendered":"Complexe Sider El Hadjar\u00a0:\u00a0Le rond \u00e0 b\u00e9ton n\u2019est pas concern\u00e9 par l\u2019exportation"},"content":{"rendered":"\n<p>Pour la direction g\u00e9n\u00e9rale du complexe sid\u00e9rurgique d\u2019El Hadjar, \u00e0&nbsp;&nbsp;Annaba, la production du rond \u00e0 b\u00e9ton est destin\u00e9e en priorit\u00e9&nbsp;\u00e0 la couverture des&nbsp;besoins du march\u00e9 national.<\/p>\n\n\n\n<p>&nbsp;C\u2019est ce qu\u2019a rapport\u00e9, hier, un communiqu\u00e9 \u00e9manant de la dDrection g\u00e9n\u00e9rale du complexe Sider. Selon le document \u00ab le complexe n\u2019a jamais export\u00e9 le rond \u00e0 b\u00e9ton et n\u2019a pas l\u2019intention de le faire \u00bb. Une clarification faite par Lotfi&nbsp;&nbsp;Kamel Manaa, directeur g\u00e9n\u00e9ral de Sider El Hadjar, en r\u00e9action&nbsp;&nbsp;aux informations relay\u00e9es par les m\u00e9dias sur l\u2019exportation des produits sid\u00e9rurgiques, dont le rond \u00e0 b\u00e9ton, entre autres. Rappelons qu\u2019il y\u2019a plus de deux semaines, Lotfi Kamel Manaa a d\u00e9clar\u00e9&nbsp;&nbsp;que le complexe a lanc\u00e9 l\u2019exportation des premi\u00e8res cargaisons des produits sid\u00e9rurgiques, retenues pour le premier trimestre de l\u2019exercice en cours. Il s\u2019agit, a pr\u00e9cis\u00e9 le directeur g\u00e9n\u00e9ral de Sider El Hadjar, de l\u2019exportation vers l\u2019Italie, l\u2019Espagne, la Turquie, le Niger, l\u2019Egypte, le Liban, la Syrie et la Tunisie de 2500 tonnes de produits plats,&nbsp;&nbsp;semi fini et produits secondaires, sans citer le rond \u00e0 b\u00e9ton. La d\u00e9claration du premier responsable de l\u2019usine d\u2019El Hadjar vient comme pour d\u00e9mentir l\u2019information circulant faisant \u00e9tat de l\u2019exportation du rond \u00e0 b\u00e9ton qui, depuis a donn\u00e9 lieux \u00e0 une sp\u00e9culation et une hausse du prix de produit. Par ailleurs, dans le sillage, le directeur g\u00e9n\u00e9ral de Sider a indiqu\u00e9&nbsp;&nbsp;que le complexe pr\u00e9voit d\u2019augmenter le volume des exportations des produits ferreux \u00e0 200.000 tonnes sur un total de production de 800.000 tonnes, en pr\u00e9cisant une fois de plus que le rond \u00e0 b\u00e9ton n\u2019est pas concern\u00e9 par l\u2019exportation.&nbsp;&nbsp;Lotfi&nbsp;&nbsp;Kamel Manaa a soulign\u00e9 que ce produit sid\u00e9rurgique est&nbsp;&nbsp;exclusivement r\u00e9serv\u00e9 pour les besoins du march\u00e9&nbsp;&nbsp;national et local. \u00c0 cet effet, le m\u00eame responsable a tenu \u00e0 confirmer&nbsp;&nbsp;que \u00ab le complexe n\u2019a jamais export\u00e9 le rond \u00e0 b\u00e9ton \u00bb. Il rappellera \u00e9galement que \u00ab le complexe sid\u00e9rurgique d\u2019El Hadjar a , en 2021, export\u00e9 150.000 tonnes de produits ferreux&nbsp;&nbsp;sur une production totale de plus de 500.000 tonnes de produits plats, longs et tubes sans soudure (TSS) et autres produits industriels et semi industriels \u00bb.&nbsp;<\/p>\n\n\n\n<p><strong>Sofia Chahine<\/strong><\/p>\n","protected":false},"excerpt":{"rendered":"<p>Pour la direction g\u00e9n\u00e9rale du complexe sid\u00e9rurgique d\u2019El Hadjar, \u00e0&nbsp;&nbsp;Annaba, la production du rond \u00e0 b\u00e9ton est destin\u00e9e en priorit\u00e9&nbsp;\u00e0<\/p>\n","protected":false},"author":3,"featured_media":18870,"comment_status":"open","ping_status":"closed","sticky":false,"template":"","format":"standard","meta":{"colormag_page_container_layout":"default_layout","colormag_page_sidebar_layout":"default_layout","om_disable_all_campaigns":false,"_monsterinsights_skip_tracking":false,"_monsterinsights_sitenote_active":false,"_monsterinsights_sitenote_note":"","_monsterinsights_sitenote_category":0,"footnotes":"","_wpscppro_dont_share_socialmedia":false,"_wpscppro_custom_social_share_image":0,"_facebook_share_type":"","_twitter_share_type":"","_linkedin_share_type":"","_pinterest_share_type":"","_linkedin_share_type_page":"","_instagram_share_type":"","_medium_share_type":"","_threads_share_type":"","_google_business_share_type":"","_selected_social_profile":[],"_wpsp_enable_custom_social_template":false,"_wpsp_social_scheduling":{"enabled":false,"datetime":null,"platforms":[],"status":"template_only","dateOption":"today","timeOption":"now","customDays":"","customHours":"","customDate":"","customTime":"","schedulingType":"absolute"},"_wpsp_active_default_template":true},"categories":[29],"tags":[],"class_list":["post-18859","post","type-post","status-publish","format-standard","has-post-thumbnail","hentry","category-economie"],"aioseo_notices":[],"yoast_head":"<!-- This site is optimized with the Yoast SEO plugin v27.5 - https:\/\/yoast.com\/product\/yoast-seo-wordpress\/ -->\n<title>Complexe Sider El Hadjar\u00a0:\u00a0Le rond \u00e0 b\u00e9ton n\u2019est pas concern\u00e9 par l\u2019exportation - La Sentinelle<\/title>\n<meta name=\"robots\" content=\"index, follow, max-snippet:-1, max-image-preview:large, max-video-preview:-1\" \/>\n<link rel=\"canonical\" href=\"https:\/\/lasentinelle.dz\/index.php\/2022\/03\/24\/complexe-sider-el-hadjar-le-rond-a-beton-nest-pas-concerne-par-lexportation\/\" \/>\n<meta property=\"og:locale\" content=\"fr_FR\" \/>\n<meta property=\"og:type\" content=\"article\" \/>\n<meta property=\"og:title\" content=\"Complexe Sider El Hadjar\u00a0:\u00a0Le rond \u00e0 b\u00e9ton n\u2019est pas concern\u00e9 par l\u2019exportation - La Sentinelle\" \/>\n<meta property=\"og:description\" content=\"Pour la direction g\u00e9n\u00e9rale du complexe sid\u00e9rurgique d\u2019El Hadjar, \u00e0&nbsp;&nbsp;Annaba, la production du rond \u00e0 b\u00e9ton est destin\u00e9e en priorit\u00e9&nbsp;\u00e0\" \/>\n<meta property=\"og:url\" content=\"https:\/\/lasentinelle.dz\/index.php\/2022\/03\/24\/complexe-sider-el-hadjar-le-rond-a-beton-nest-pas-concerne-par-lexportation\/\" \/>\n<meta property=\"og:site_name\" content=\"La Sentinelle\" \/>\n<meta property=\"article:publisher\" content=\"https:\/\/www.facebook.com\/La-Sentinelle-104059864394773\" \/>\n<meta property=\"article:published_time\" content=\"2022-03-23T23:01:00+00:00\" \/>\n<meta property=\"og:image\" content=\"https:\/\/lasentinelle.dz\/wp-content\/uploads\/2022\/03\/sidrurgie-el-hadjar.jpg\" \/>\n\t<meta property=\"og:image:width\" content=\"700\" \/>\n\t<meta property=\"og:image:height\" content=\"500\" \/>\n\t<meta property=\"og:image:type\" content=\"image\/jpeg\" \/>\n<meta name=\"author\" content=\"La Sentinelle\" \/>\n<meta name=\"twitter:card\" content=\"summary_large_image\" \/>\n<meta name=\"twitter:label1\" content=\"\u00c9crit par\" \/>\n\t<meta name=\"twitter:data1\" content=\"La Sentinelle\" \/>\n\t<meta name=\"twitter:label2\" content=\"Dur\u00e9e de lecture estim\u00e9e\" \/>\n\t<meta name=\"twitter:data2\" content=\"2 minutes\" \/>\n<script type=\"application\/ld+json\" class=\"yoast-schema-graph\">{\"@context\":\"https:\\\/\\\/schema.org\",\"@graph\":[{\"@type\":\"Article\",\"@id\":\"https:\\\/\\\/lasentinelle.dz\\\/index.php\\\/2022\\\/03\\\/24\\\/complexe-sider-el-hadjar-le-rond-a-beton-nest-pas-concerne-par-lexportation\\\/#article\",\"isPartOf\":{\"@id\":\"https:\\\/\\\/lasentinelle.dz\\\/index.php\\\/2022\\\/03\\\/24\\\/complexe-sider-el-hadjar-le-rond-a-beton-nest-pas-concerne-par-lexportation\\\/\"},\"author\":{\"name\":\"La Sentinelle\",\"@id\":\"https:\\\/\\\/lasentinelle.dz\\\/#\\\/schema\\\/person\\\/d865044e22e70a75174ce8bcad3acfb3\"},\"headline\":\"Complexe Sider El Hadjar\u00a0:\u00a0Le rond \u00e0 b\u00e9ton n\u2019est pas concern\u00e9 par l\u2019exportation\",\"datePublished\":\"2022-03-23T23:01:00+00:00\",\"mainEntityOfPage\":{\"@id\":\"https:\\\/\\\/lasentinelle.dz\\\/index.php\\\/2022\\\/03\\\/24\\\/complexe-sider-el-hadjar-le-rond-a-beton-nest-pas-concerne-par-lexportation\\\/\"},\"wordCount\":433,\"commentCount\":0,\"publisher\":{\"@id\":\"https:\\\/\\\/lasentinelle.dz\\\/#organization\"},\"image\":{\"@id\":\"https:\\\/\\\/lasentinelle.dz\\\/index.php\\\/2022\\\/03\\\/24\\\/complexe-sider-el-hadjar-le-rond-a-beton-nest-pas-concerne-par-lexportation\\\/#primaryimage\"},\"thumbnailUrl\":\"https:\\\/\\\/lasentinelle.dz\\\/wp-content\\\/uploads\\\/2022\\\/03\\\/sidrurgie-el-hadjar.jpg\",\"articleSection\":[\"\u00c9conomie\"],\"inLanguage\":\"fr-FR\",\"potentialAction\":[{\"@type\":\"CommentAction\",\"name\":\"Comment\",\"target\":[\"https:\\\/\\\/lasentinelle.dz\\\/index.php\\\/2022\\\/03\\\/24\\\/complexe-sider-el-hadjar-le-rond-a-beton-nest-pas-concerne-par-lexportation\\\/#respond\"]}]},{\"@type\":\"WebPage\",\"@id\":\"https:\\\/\\\/lasentinelle.dz\\\/index.php\\\/2022\\\/03\\\/24\\\/complexe-sider-el-hadjar-le-rond-a-beton-nest-pas-concerne-par-lexportation\\\/\",\"url\":\"https:\\\/\\\/lasentinelle.dz\\\/index.php\\\/2022\\\/03\\\/24\\\/complexe-sider-el-hadjar-le-rond-a-beton-nest-pas-concerne-par-lexportation\\\/\",\"name\":\"Complexe Sider El Hadjar\u00a0:\u00a0Le rond \u00e0 b\u00e9ton n\u2019est pas concern\u00e9 par l\u2019exportation - La Sentinelle\",\"isPartOf\":{\"@id\":\"https:\\\/\\\/lasentinelle.dz\\\/#website\"},\"primaryImageOfPage\":{\"@id\":\"https:\\\/\\\/lasentinelle.dz\\\/index.php\\\/2022\\\/03\\\/24\\\/complexe-sider-el-hadjar-le-rond-a-beton-nest-pas-concerne-par-lexportation\\\/#primaryimage\"},\"image\":{\"@id\":\"https:\\\/\\\/lasentinelle.dz\\\/index.php\\\/2022\\\/03\\\/24\\\/complexe-sider-el-hadjar-le-rond-a-beton-nest-pas-concerne-par-lexportation\\\/#primaryimage\"},\"thumbnailUrl\":\"https:\\\/\\\/lasentinelle.dz\\\/wp-content\\\/uploads\\\/2022\\\/03\\\/sidrurgie-el-hadjar.jpg\",\"datePublished\":\"2022-03-23T23:01:00+00:00\",\"breadcrumb\":{\"@id\":\"https:\\\/\\\/lasentinelle.dz\\\/index.php\\\/2022\\\/03\\\/24\\\/complexe-sider-el-hadjar-le-rond-a-beton-nest-pas-concerne-par-lexportation\\\/#breadcrumb\"},\"inLanguage\":\"fr-FR\",\"potentialAction\":[{\"@type\":\"ReadAction\",\"target\":[\"https:\\\/\\\/lasentinelle.dz\\\/index.php\\\/2022\\\/03\\\/24\\\/complexe-sider-el-hadjar-le-rond-a-beton-nest-pas-concerne-par-lexportation\\\/\"]}]},{\"@type\":\"ImageObject\",\"inLanguage\":\"fr-FR\",\"@id\":\"https:\\\/\\\/lasentinelle.dz\\\/index.php\\\/2022\\\/03\\\/24\\\/complexe-sider-el-hadjar-le-rond-a-beton-nest-pas-concerne-par-lexportation\\\/#primaryimage\",\"url\":\"https:\\\/\\\/lasentinelle.dz\\\/wp-content\\\/uploads\\\/2022\\\/03\\\/sidrurgie-el-hadjar.jpg\",\"contentUrl\":\"https:\\\/\\\/lasentinelle.dz\\\/wp-content\\\/uploads\\\/2022\\\/03\\\/sidrurgie-el-hadjar.jpg\",\"width\":700,\"height\":500},{\"@type\":\"BreadcrumbList\",\"@id\":\"https:\\\/\\\/lasentinelle.dz\\\/index.php\\\/2022\\\/03\\\/24\\\/complexe-sider-el-hadjar-le-rond-a-beton-nest-pas-concerne-par-lexportation\\\/#breadcrumb\",\"itemListElement\":[{\"@type\":\"ListItem\",\"position\":1,\"name\":\"Accueil\",\"item\":\"https:\\\/\\\/lasentinelle.dz\\\/\"},{\"@type\":\"ListItem\",\"position\":2,\"name\":\"Complexe Sider El Hadjar\u00a0:\u00a0Le rond \u00e0 b\u00e9ton n\u2019est pas concern\u00e9 par l\u2019exportation\"}]},{\"@type\":\"WebSite\",\"@id\":\"https:\\\/\\\/lasentinelle.dz\\\/#website\",\"url\":\"https:\\\/\\\/lasentinelle.dz\\\/\",\"name\":\"La Sentinelle\",\"description\":\"Quotidien national d&#039;information\",\"publisher\":{\"@id\":\"https:\\\/\\\/lasentinelle.dz\\\/#organization\"},\"potentialAction\":[{\"@type\":\"SearchAction\",\"target\":{\"@type\":\"EntryPoint\",\"urlTemplate\":\"https:\\\/\\\/lasentinelle.dz\\\/?s={search_term_string}\"},\"query-input\":{\"@type\":\"PropertyValueSpecification\",\"valueRequired\":true,\"valueName\":\"search_term_string\"}}],\"inLanguage\":\"fr-FR\"},{\"@type\":\"Organization\",\"@id\":\"https:\\\/\\\/lasentinelle.dz\\\/#organization\",\"name\":\"Quotidien La Sentinelle\",\"url\":\"https:\\\/\\\/lasentinelle.dz\\\/\",\"logo\":{\"@type\":\"ImageObject\",\"inLanguage\":\"fr-FR\",\"@id\":\"https:\\\/\\\/lasentinelle.dz\\\/#\\\/schema\\\/logo\\\/image\\\/\",\"url\":\"https:\\\/\\\/lasentinelle.dz\\\/wp-content\\\/uploads\\\/2021\\\/09\\\/logo-sentinelleSLOGAN-1.png\",\"contentUrl\":\"https:\\\/\\\/lasentinelle.dz\\\/wp-content\\\/uploads\\\/2021\\\/09\\\/logo-sentinelleSLOGAN-1.png\",\"width\":615,\"height\":142,\"caption\":\"Quotidien La Sentinelle\"},\"image\":{\"@id\":\"https:\\\/\\\/lasentinelle.dz\\\/#\\\/schema\\\/logo\\\/image\\\/\"},\"sameAs\":[\"https:\\\/\\\/www.facebook.com\\\/La-Sentinelle-104059864394773\"]},{\"@type\":\"Person\",\"@id\":\"https:\\\/\\\/lasentinelle.dz\\\/#\\\/schema\\\/person\\\/d865044e22e70a75174ce8bcad3acfb3\",\"name\":\"La Sentinelle\",\"image\":{\"@type\":\"ImageObject\",\"inLanguage\":\"fr-FR\",\"@id\":\"https:\\\/\\\/secure.gravatar.com\\\/avatar\\\/57de8e5d4b15d43fb361a71fbb36338450fe67865b528a43dd10ef7c51a20392?s=96&d=mm&r=g\",\"url\":\"https:\\\/\\\/secure.gravatar.com\\\/avatar\\\/57de8e5d4b15d43fb361a71fbb36338450fe67865b528a43dd10ef7c51a20392?s=96&d=mm&r=g\",\"contentUrl\":\"https:\\\/\\\/secure.gravatar.com\\\/avatar\\\/57de8e5d4b15d43fb361a71fbb36338450fe67865b528a43dd10ef7c51a20392?s=96&d=mm&r=g\",\"caption\":\"La Sentinelle\"},\"sameAs\":[\"http:\\\/\\\/www.lasentinelle.dz\"],\"url\":\"https:\\\/\\\/lasentinelle.dz\\\/author\\\/redaction\\\/\"}]}<\/script>\n<!-- \/ Yoast SEO plugin. -->","yoast_head_json":{"title":"Complexe Sider El Hadjar\u00a0:\u00a0Le rond \u00e0 b\u00e9ton n\u2019est pas concern\u00e9 par l\u2019exportation - La Sentinelle","robots":{"index":"index","follow":"follow","max-snippet":"max-snippet:-1","max-image-preview":"max-image-preview:large","max-video-preview":"max-video-preview:-1"},"canonical":"https:\/\/lasentinelle.dz\/index.php\/2022\/03\/24\/complexe-sider-el-hadjar-le-rond-a-beton-nest-pas-concerne-par-lexportation\/","og_locale":"fr_FR","og_type":"article","og_title":"Complexe Sider El Hadjar\u00a0:\u00a0Le rond \u00e0 b\u00e9ton n\u2019est pas concern\u00e9 par l\u2019exportation - La Sentinelle","og_description":"Pour la direction g\u00e9n\u00e9rale du complexe sid\u00e9rurgique d\u2019El Hadjar, \u00e0&nbsp;&nbsp;Annaba, la production du rond \u00e0 b\u00e9ton est destin\u00e9e en priorit\u00e9&nbsp;\u00e0","og_url":"https:\/\/lasentinelle.dz\/index.php\/2022\/03\/24\/complexe-sider-el-hadjar-le-rond-a-beton-nest-pas-concerne-par-lexportation\/","og_site_name":"La Sentinelle","article_publisher":"https:\/\/www.facebook.com\/La-Sentinelle-104059864394773","article_published_time":"2022-03-23T23:01:00+00:00","og_image":[{"width":700,"height":500,"url":"https:\/\/lasentinelle.dz\/wp-content\/uploads\/2022\/03\/sidrurgie-el-hadjar.jpg","type":"image\/jpeg"}],"author":"La Sentinelle","twitter_card":"summary_large_image","twitter_misc":{"\u00c9crit par":"La Sentinelle","Dur\u00e9e de lecture estim\u00e9e":"2 minutes"},"schema":{"@context":"https:\/\/schema.org","@graph":[{"@type":"Article","@id":"https:\/\/lasentinelle.dz\/index.php\/2022\/03\/24\/complexe-sider-el-hadjar-le-rond-a-beton-nest-pas-concerne-par-lexportation\/#article","isPartOf":{"@id":"https:\/\/lasentinelle.dz\/index.php\/2022\/03\/24\/complexe-sider-el-hadjar-le-rond-a-beton-nest-pas-concerne-par-lexportation\/"},"author":{"name":"La Sentinelle","@id":"https:\/\/lasentinelle.dz\/#\/schema\/person\/d865044e22e70a75174ce8bcad3acfb3"},"headline":"Complexe Sider El Hadjar\u00a0:\u00a0Le rond \u00e0 b\u00e9ton n\u2019est pas concern\u00e9 par l\u2019exportation","datePublished":"2022-03-23T23:01:00+00:00","mainEntityOfPage":{"@id":"https:\/\/lasentinelle.dz\/index.php\/2022\/03\/24\/complexe-sider-el-hadjar-le-rond-a-beton-nest-pas-concerne-par-lexportation\/"},"wordCount":433,"commentCount":0,"publisher":{"@id":"https:\/\/lasentinelle.dz\/#organization"},"image":{"@id":"https:\/\/lasentinelle.dz\/index.php\/2022\/03\/24\/complexe-sider-el-hadjar-le-rond-a-beton-nest-pas-concerne-par-lexportation\/#primaryimage"},"thumbnailUrl":"https:\/\/lasentinelle.dz\/wp-content\/uploads\/2022\/03\/sidrurgie-el-hadjar.jpg","articleSection":["\u00c9conomie"],"inLanguage":"fr-FR","potentialAction":[{"@type":"CommentAction","name":"Comment","target":["https:\/\/lasentinelle.dz\/index.php\/2022\/03\/24\/complexe-sider-el-hadjar-le-rond-a-beton-nest-pas-concerne-par-lexportation\/#respond"]}]},{"@type":"WebPage","@id":"https:\/\/lasentinelle.dz\/index.php\/2022\/03\/24\/complexe-sider-el-hadjar-le-rond-a-beton-nest-pas-concerne-par-lexportation\/","url":"https:\/\/lasentinelle.dz\/index.php\/2022\/03\/24\/complexe-sider-el-hadjar-le-rond-a-beton-nest-pas-concerne-par-lexportation\/","name":"Complexe Sider El Hadjar\u00a0:\u00a0Le rond \u00e0 b\u00e9ton n\u2019est pas concern\u00e9 par l\u2019exportation - La Sentinelle","isPartOf":{"@id":"https:\/\/lasentinelle.dz\/#website"},"primaryImageOfPage":{"@id":"https:\/\/lasentinelle.dz\/index.php\/2022\/03\/24\/complexe-sider-el-hadjar-le-rond-a-beton-nest-pas-concerne-par-lexportation\/#primaryimage"},"image":{"@id":"https:\/\/lasentinelle.dz\/index.php\/2022\/03\/24\/complexe-sider-el-hadjar-le-rond-a-beton-nest-pas-concerne-par-lexportation\/#primaryimage"},"thumbnailUrl":"https:\/\/lasentinelle.dz\/wp-content\/uploads\/2022\/03\/sidrurgie-el-hadjar.jpg","datePublished":"2022-03-23T23:01:00+00:00","breadcrumb":{"@id":"https:\/\/lasentinelle.dz\/index.php\/2022\/03\/24\/complexe-sider-el-hadjar-le-rond-a-beton-nest-pas-concerne-par-lexportation\/#breadcrumb"},"inLanguage":"fr-FR","potentialAction":[{"@type":"ReadAction","target":["https:\/\/lasentinelle.dz\/index.php\/2022\/03\/24\/complexe-sider-el-hadjar-le-rond-a-beton-nest-pas-concerne-par-lexportation\/"]}]},{"@type":"ImageObject","inLanguage":"fr-FR","@id":"https:\/\/lasentinelle.dz\/index.php\/2022\/03\/24\/complexe-sider-el-hadjar-le-rond-a-beton-nest-pas-concerne-par-lexportation\/#primaryimage","url":"https:\/\/lasentinelle.dz\/wp-content\/uploads\/2022\/03\/sidrurgie-el-hadjar.jpg","contentUrl":"https:\/\/lasentinelle.dz\/wp-content\/uploads\/2022\/03\/sidrurgie-el-hadjar.jpg","width":700,"height":500},{"@type":"BreadcrumbList","@id":"https:\/\/lasentinelle.dz\/index.php\/2022\/03\/24\/complexe-sider-el-hadjar-le-rond-a-beton-nest-pas-concerne-par-lexportation\/#breadcrumb","itemListElement":[{"@type":"ListItem","position":1,"name":"Accueil","item":"https:\/\/lasentinelle.dz\/"},{"@type":"ListItem","position":2,"name":"Complexe Sider El Hadjar\u00a0:\u00a0Le rond \u00e0 b\u00e9ton n\u2019est pas concern\u00e9 par l\u2019exportation"}]},{"@type":"WebSite","@id":"https:\/\/lasentinelle.dz\/#website","url":"https:\/\/lasentinelle.dz\/","name":"La Sentinelle","description":"Quotidien national d&#039;information","publisher":{"@id":"https:\/\/lasentinelle.dz\/#organization"},"potentialAction":[{"@type":"SearchAction","target":{"@type":"EntryPoint","urlTemplate":"https:\/\/lasentinelle.dz\/?s={search_term_string}"},"query-input":{"@type":"PropertyValueSpecification","valueRequired":true,"valueName":"search_term_string"}}],"inLanguage":"fr-FR"},{"@type":"Organization","@id":"https:\/\/lasentinelle.dz\/#organization","name":"Quotidien La Sentinelle","url":"https:\/\/lasentinelle.dz\/","logo":{"@type":"ImageObject","inLanguage":"fr-FR","@id":"https:\/\/lasentinelle.dz\/#\/schema\/logo\/image\/","url":"https:\/\/lasentinelle.dz\/wp-content\/uploads\/2021\/09\/logo-sentinelleSLOGAN-1.png","contentUrl":"https:\/\/lasentinelle.dz\/wp-content\/uploads\/2021\/09\/logo-sentinelleSLOGAN-1.png","width":615,"height":142,"caption":"Quotidien La Sentinelle"},"image":{"@id":"https:\/\/lasentinelle.dz\/#\/schema\/logo\/image\/"},"sameAs":["https:\/\/www.facebook.com\/La-Sentinelle-104059864394773"]},{"@type":"Person","@id":"https:\/\/lasentinelle.dz\/#\/schema\/person\/d865044e22e70a75174ce8bcad3acfb3","name":"La Sentinelle","image":{"@type":"ImageObject","inLanguage":"fr-FR","@id":"https:\/\/secure.gravatar.com\/avatar\/57de8e5d4b15d43fb361a71fbb36338450fe67865b528a43dd10ef7c51a20392?s=96&d=mm&r=g","url":"https:\/\/secure.gravatar.com\/avatar\/57de8e5d4b15d43fb361a71fbb36338450fe67865b528a43dd10ef7c51a20392?s=96&d=mm&r=g","contentUrl":"https:\/\/secure.gravatar.com\/avatar\/57de8e5d4b15d43fb361a71fbb36338450fe67865b528a43dd10ef7c51a20392?s=96&d=mm&r=g","caption":"La Sentinelle"},"sameAs":["http:\/\/www.lasentinelle.dz"],"url":"https:\/\/lasentinelle.dz\/author\/redaction\/"}]}},"_links":{"self":[{"href":"https:\/\/lasentinelle.dz\/index.php\/wp-json\/wp\/v2\/posts\/18859","targetHints":{"allow":["GET"]}}],"collection":[{"href":"https:\/\/lasentinelle.dz\/index.php\/wp-json\/wp\/v2\/posts"}],"about":[{"href":"https:\/\/lasentinelle.dz\/index.php\/wp-json\/wp\/v2\/types\/post"}],"author":[{"embeddable":true,"href":"https:\/\/lasentinelle.dz\/index.php\/wp-json\/wp\/v2\/users\/3"}],"replies":[{"embeddable":true,"href":"https:\/\/lasentinelle.dz\/index.php\/wp-json\/wp\/v2\/comments?post=18859"}],"version-history":[{"count":1,"href":"https:\/\/lasentinelle.dz\/index.php\/wp-json\/wp\/v2\/posts\/18859\/revisions"}],"predecessor-version":[{"id":18871,"href":"https:\/\/lasentinelle.dz\/index.php\/wp-json\/wp\/v2\/posts\/18859\/revisions\/18871"}],"wp:featuredmedia":[{"embeddable":true,"href":"https:\/\/lasentinelle.dz\/index.php\/wp-json\/wp\/v2\/media\/18870"}],"wp:attachment":[{"href":"https:\/\/lasentinelle.dz\/index.php\/wp-json\/wp\/v2\/media?parent=18859"}],"wp:term":[{"taxonomy":"category","embeddable":true,"href":"https:\/\/lasentinelle.dz\/index.php\/wp-json\/wp\/v2\/categories?post=18859"},{"taxonomy":"post_tag","embeddable":true,"href":"https:\/\/lasentinelle.dz\/index.php\/wp-json\/wp\/v2\/tags?post=18859"}],"curies":[{"name":"wp","href":"https:\/\/api.w.org\/{rel}","templated":true}]}}