{"id":18876,"date":"2022-03-24T00:05:00","date_gmt":"2022-03-23T23:05:00","guid":{"rendered":"https:\/\/lasentinelle.dz\/?p=18876"},"modified":"2022-03-23T19:28:27","modified_gmt":"2022-03-23T18:28:27","slug":"revirement-de-pedro-sanchez-sur-la-question-sahraouie-les-espagnols-battront-le-pave-samedi-a-madrid","status":"publish","type":"post","link":"https:\/\/lasentinelle.dz\/index.php\/2022\/03\/24\/revirement-de-pedro-sanchez-sur-la-question-sahraouie-les-espagnols-battront-le-pave-samedi-a-madrid\/","title":{"rendered":"Revirement de Pedro Sanchez sur la question sahraouie\u00a0: Les Espagnols battront le pav\u00e9 samedi \u00e0 Madrid"},"content":{"rendered":"\n<p>La r\u00e9cente d\u00e9cision du pr\u00e9sident du gouvernement espagnol Pedro Sanchez de s\u2019aligner sur les th\u00e8ses marocaines sur la question du Sahara occidental fait l\u2019unanimit\u00e9 contre. Classe politique, soci\u00e9t\u00e9 civile et experts critiquent vivement ce revirement per\u00e7u comme une capitulation du gouvernement face au chantage du Makhzen. D\u2019ailleurs les Espagnols se sont donn\u00e9s rendez-vous samedi \u00e0 Madrid pour une grande d\u00e9monstration destin\u00e9e \u00e0 faire part de leur m\u00e9contentement face \u00e0 cette atteinte aux principes d\u00e9fendus par l\u2019Espagne.<\/p>\n\n\n\n<p>En effet, une grande manifestation sera organis\u00e9e samedi \u00e0 Madrid contre la nouvelle position \u00ab\u00a0honteuse\u00a0\u00bb du gouvernement espagnol dirig\u00e9 par Pedro Sanchez sur la question sahraouie, a indiqu\u00e9 le militant politique espagnol Fernando Pereta. Ce dernier a soulign\u00e9 que la soci\u00e9t\u00e9 civile, la classe politique et les organisations syndicales en Espagne, \u00ab\u00a0sont pleinement conscientes de l&rsquo;ampleur du complot ourdi contre la juste cause sahraouie\u00a0\u00bb.<\/p>\n\n\n\n<p>Les Espagnols ont manifest\u00e9 mardi contre la nouvelle position du gouvernement Sanchez concernant la question du Sahara occidental. Les manifestants sont sortis dans plusieurs villes, dont S\u00e9ville, Saragosse et Malaga, brandissant les drapeaux sahraouis et exprimant leur soutien au peuple sahraoui et \u00e0 son juste combat pour la libert\u00e9 et l&rsquo;ind\u00e9pendance, et leur rejet de la d\u00e9cision de Madrid d&rsquo;abandonner sa position traditionnelle de neutralit\u00e9, et de soutenir le soi-disant \u00ab\u00a0plan d&rsquo;autonomie\u00a0\u00bb propos\u00e9 par l&rsquo;occupant marocain. Les manifestants ont appel\u00e9 au respect de la l\u00e9galit\u00e9 internationale, des r\u00e9solutions des Nations unies et \u00e0 la reconnaissance officielle des responsabilit\u00e9s historiques de l&rsquo;\u00c9tat espagnol dans le conflit du Sahara occidental.<\/p>\n\n\n\n<p>Les r\u00e9actions contre le revirement de Sanchez continuaient \u00e0 pleuvoir hier.&nbsp;&nbsp;Dans des d\u00e9clarations \u00e0 la presse, l&rsquo;ancien ministre espagnol des Affaires \u00e9trang\u00e8res Jos\u00e9 Manuel Garcia Margallo a condamn\u00e9 le changement de position du gouvernement espagnol concernant le Sahara Occidental, soulignant que \u00ab\u00a0toutes les justifications fournies par le gouvernement \u00e0 cet \u00e9gard sont fausses\u00a0\u00bb.&nbsp;L&rsquo;ancien responsable espagnol a&nbsp;estim\u00e9&nbsp;que \u00ab\u00a0changer ainsi la position sur le Sahara occidental est quelque chose que m\u00eame Franco n&rsquo;a pas os\u00e9 faire : sans en discuter en Conseil des ministres\u00a0\u00bb, ajoutant : \u00ab\u00a0C&rsquo;est un geste de despote, qui&nbsp;enfreinttoutes les r\u00e8gles de coexistence en politique \u00e9trang\u00e8re.&nbsp;L&rsquo;ancien ministre a soulign\u00e9 que la position du Parti populaire, soutenu par les forces politiques espagnoles, a toujours \u00e9t\u00e9 \u00ab\u00a0l&rsquo;adh\u00e9sion \u00e0 une solution finale et juste entre les deux partis qui garantisse au peuple du Sahara occidental son autod\u00e9termination conform\u00e9ment aux textes et chartes des Nations Unies.&nbsp;Quant au chercheur espagnol Alberto Maestre Afuente, il a d\u00e9crit, pour sa part, \u00ab\u00a0la gestion par l&rsquo;Etat espagnol du droit du peuple sahraoui comme caract\u00e9ris\u00e9e par le mensonge et la dissimulation, comme elle l&rsquo;a toujours \u00e9t\u00e9\u00a0\u00bb.&nbsp;Pour le chercheur sp\u00e9cialis\u00e9 dans les questions africaines, c&rsquo;est \u00ab\u00a0une chose honteuse que l&rsquo;Afrique ne se soit pas encore d\u00e9barrass\u00e9e de l&rsquo;h\u00e9g\u00e9monie du colonialisme \u00e0 cause de l&rsquo;Espagne\u00a0\u00bb.&nbsp;Commentant les d\u00e9clarations du ministre espagnol des Affaires \u00e9trang\u00e8res \u00e0 Bruxelles, dans lesquelles il a d\u00e9clar\u00e9 que \u00ab\u00a0l&rsquo;Espagne soutient (l&rsquo;envoy\u00e9 de l&rsquo;ONU) Staffan de Mistura dans sa mission de parvenir \u00e0 une solution dans le cadre des Nations unies\u00a0\u00bb, le chercheur a d\u00e9clar\u00e9 : \u00a0\u00bb c&rsquo;est l&rsquo;Espagne qui est \u00e9vasive et qui manipule les r\u00e9solutions des Nations Unies.\u00a0\u00bb&nbsp;&nbsp;Le repr\u00e9sentant du Front Polisario aupr\u00e8s des Nations unies, coordinateur avec la Minurso, Sidi Mohamed Omar, a appel\u00e9, pour sa part,&nbsp;l&rsquo;Espagne \u00ab\u00a0en tant que puissance administrante du Sahara occidental\u00a0\u00bb, \u00e0 assumer pleinement sa responsabilit\u00e9 juridique et historique et reconsid\u00e9rer sa nouvelle position qui entrave les efforts de l&rsquo;ONU \u00e0 parvenir \u00e0 une solution au conflit.<\/p>\n\n\n\n<p>Dans une lettre adress\u00e9e mardi au Secr\u00e9taire g\u00e9n\u00e9ral de l&rsquo;ONU, Antonio Guterres, concernant la nouvelle position du gouvernement espagnol sur le Sahara occidental, le responsable sahraoui a estim\u00e9 que celle-ci \u00ab\u00a0ne servira qu&rsquo;\u00e0 enhardir l&rsquo;Etat occupant du Maroc \u00e0 poursuivre son occupation militaire ill\u00e9gale de certaines parties du Sahara occidental\u00a0\u00bb.&nbsp;\u00ab\u00a0Au lieu d&rsquo;assumer sa responsabilit\u00e9 historique et morale l\u00e9galement \u00e9tablie envers le peuple du Sahara occidental, le gouvernement espagnol a opt\u00e9 pour une position regrettable, d&rsquo;autant plus qu&rsquo;il s&rsquo;\u00e9loigne de la politique traditionnelle espagnole \u00e0 l&rsquo;\u00e9gard du Sahara occidental\u00a0\u00bb, a d\u00e9plor\u00e9 l&rsquo;ambassadeur sahraoui.&nbsp;\u00ab\u00a0Le Front Polisario et le Gouvernement de la R\u00e9publique sahraouie (RASD) appellent l&rsquo;Espagne, en tant que puissance administrante du Sahara occidental, \u00e0 assumer pleinement sa responsabilit\u00e9 juridique et historique envers ce territoire et le destin de son peuple\u00a0\u00bb, a \u00e9crit M. Sidi Omar dans sa missive.&nbsp;A cet \u00e9gard, le Front Polisario et le Gouvernement de la RASD \u00ab\u00a0esp\u00e8rent que le Gouvernement espagnol reconsid\u00e9rera d&rsquo;urgence sa d\u00e9cision et veillera \u00e0 ce que l&rsquo;Espagne joue un r\u00f4le constructif dans les efforts internationaux visant \u00e0 parvenir \u00e0 une solution pacifique et durable fond\u00e9e sur l&rsquo;exercice par le peuple du Sahara occidental de son droit inali\u00e9nable \u00e0 l&rsquo;autod\u00e9termination et \u00e0 l&rsquo;ind\u00e9pendance\u00a0\u00bb, a poursuivi le repr\u00e9sentant du Polisario.&nbsp;Selon M. Sidi Omar, la nouvelle position de Madrid \u00ab\u00a0encouragera \u00e9galement l&rsquo;Etat occupant du Maroc \u00e0 persister dans son obstructionnisme d&rsquo;une mani\u00e8re qui entravera les efforts de l&rsquo;envoy\u00e9 personnel du secr\u00e9taire g\u00e9n\u00e9ral des Nations unies pour le Sahara occidental, M. Staffan de Mistura, et compromettra la perspective d&rsquo;une relance du processus de paix de l&rsquo;ONU, longtemps au point mort\u00a0\u00bb.<\/p>\n\n\n\n<p>R.I.<\/p>\n","protected":false},"excerpt":{"rendered":"<p>La r\u00e9cente d\u00e9cision du pr\u00e9sident du gouvernement espagnol Pedro Sanchez de s\u2019aligner sur les th\u00e8ses marocaines sur la question du<\/p>\n","protected":false},"author":3,"featured_media":18878,"comment_status":"open","ping_status":"closed","sticky":false,"template":"","format":"standard","meta":{"colormag_page_container_layout":"default_layout","colormag_page_sidebar_layout":"default_layout","om_disable_all_campaigns":false,"_monsterinsights_skip_tracking":false,"_monsterinsights_sitenote_active":false,"_monsterinsights_sitenote_note":"","_monsterinsights_sitenote_category":0,"footnotes":"","_wpscppro_dont_share_socialmedia":false,"_wpscppro_custom_social_share_image":0,"_facebook_share_type":"","_twitter_share_type":"","_linkedin_share_type":"","_pinterest_share_type":"","_linkedin_share_type_page":"","_instagram_share_type":"","_medium_share_type":"","_threads_share_type":"","_google_business_share_type":"","_selected_social_profile":[],"_wpsp_enable_custom_social_template":false,"_wpsp_social_scheduling":{"enabled":false,"datetime":null,"platforms":[],"status":"template_only","dateOption":"today","timeOption":"now","customDays":"","customHours":"","customDate":"","customTime":"","schedulingType":"absolute"},"_wpsp_active_default_template":true},"categories":[52,37],"tags":[],"class_list":["post-18876","post","type-post","status-publish","format-standard","has-post-thumbnail","hentry","category-a-la-une","category-monde"],"aioseo_notices":[],"yoast_head":"<!-- This site is optimized with the Yoast SEO plugin v27.5 - https:\/\/yoast.com\/product\/yoast-seo-wordpress\/ -->\n<title>Revirement de Pedro Sanchez sur la question sahraouie\u00a0: Les Espagnols battront le pav\u00e9 samedi \u00e0 Madrid - La Sentinelle<\/title>\n<meta name=\"robots\" content=\"index, follow, max-snippet:-1, max-image-preview:large, max-video-preview:-1\" \/>\n<link rel=\"canonical\" href=\"https:\/\/lasentinelle.dz\/index.php\/2022\/03\/24\/revirement-de-pedro-sanchez-sur-la-question-sahraouie-les-espagnols-battront-le-pave-samedi-a-madrid\/\" \/>\n<meta property=\"og:locale\" content=\"fr_FR\" \/>\n<meta property=\"og:type\" content=\"article\" \/>\n<meta property=\"og:title\" content=\"Revirement de Pedro Sanchez sur la question sahraouie\u00a0: Les Espagnols battront le pav\u00e9 samedi \u00e0 Madrid - La Sentinelle\" \/>\n<meta property=\"og:description\" content=\"La r\u00e9cente d\u00e9cision du pr\u00e9sident du gouvernement espagnol Pedro Sanchez de s\u2019aligner sur les th\u00e8ses marocaines sur la question du\" \/>\n<meta property=\"og:url\" content=\"https:\/\/lasentinelle.dz\/index.php\/2022\/03\/24\/revirement-de-pedro-sanchez-sur-la-question-sahraouie-les-espagnols-battront-le-pave-samedi-a-madrid\/\" \/>\n<meta property=\"og:site_name\" content=\"La Sentinelle\" \/>\n<meta property=\"article:publisher\" content=\"https:\/\/www.facebook.com\/La-Sentinelle-104059864394773\" \/>\n<meta property=\"article:published_time\" content=\"2022-03-23T23:05:00+00:00\" \/>\n<meta property=\"og:image\" content=\"https:\/\/lasentinelle.dz\/wp-content\/uploads\/2022\/03\/sidi-omar.png\" \/>\n\t<meta property=\"og:image:width\" content=\"1224\" \/>\n\t<meta property=\"og:image:height\" content=\"900\" \/>\n\t<meta property=\"og:image:type\" content=\"image\/png\" \/>\n<meta name=\"author\" content=\"La Sentinelle\" \/>\n<meta name=\"twitter:card\" content=\"summary_large_image\" \/>\n<meta name=\"twitter:label1\" content=\"\u00c9crit par\" \/>\n\t<meta name=\"twitter:data1\" content=\"La Sentinelle\" \/>\n\t<meta name=\"twitter:label2\" content=\"Dur\u00e9e de lecture estim\u00e9e\" \/>\n\t<meta name=\"twitter:data2\" content=\"5 minutes\" \/>\n<script type=\"application\/ld+json\" class=\"yoast-schema-graph\">{\"@context\":\"https:\\\/\\\/schema.org\",\"@graph\":[{\"@type\":\"Article\",\"@id\":\"https:\\\/\\\/lasentinelle.dz\\\/index.php\\\/2022\\\/03\\\/24\\\/revirement-de-pedro-sanchez-sur-la-question-sahraouie-les-espagnols-battront-le-pave-samedi-a-madrid\\\/#article\",\"isPartOf\":{\"@id\":\"https:\\\/\\\/lasentinelle.dz\\\/index.php\\\/2022\\\/03\\\/24\\\/revirement-de-pedro-sanchez-sur-la-question-sahraouie-les-espagnols-battront-le-pave-samedi-a-madrid\\\/\"},\"author\":{\"name\":\"La Sentinelle\",\"@id\":\"https:\\\/\\\/lasentinelle.dz\\\/#\\\/schema\\\/person\\\/d865044e22e70a75174ce8bcad3acfb3\"},\"headline\":\"Revirement de Pedro Sanchez sur la question sahraouie\u00a0: Les Espagnols battront le pav\u00e9 samedi \u00e0 Madrid\",\"datePublished\":\"2022-03-23T23:05:00+00:00\",\"mainEntityOfPage\":{\"@id\":\"https:\\\/\\\/lasentinelle.dz\\\/index.php\\\/2022\\\/03\\\/24\\\/revirement-de-pedro-sanchez-sur-la-question-sahraouie-les-espagnols-battront-le-pave-samedi-a-madrid\\\/\"},\"wordCount\":959,\"commentCount\":0,\"publisher\":{\"@id\":\"https:\\\/\\\/lasentinelle.dz\\\/#organization\"},\"image\":{\"@id\":\"https:\\\/\\\/lasentinelle.dz\\\/index.php\\\/2022\\\/03\\\/24\\\/revirement-de-pedro-sanchez-sur-la-question-sahraouie-les-espagnols-battront-le-pave-samedi-a-madrid\\\/#primaryimage\"},\"thumbnailUrl\":\"https:\\\/\\\/lasentinelle.dz\\\/wp-content\\\/uploads\\\/2022\\\/03\\\/sidi-omar.png\",\"articleSection\":[\"\u00c0 la Une\",\"Monde\"],\"inLanguage\":\"fr-FR\",\"potentialAction\":[{\"@type\":\"CommentAction\",\"name\":\"Comment\",\"target\":[\"https:\\\/\\\/lasentinelle.dz\\\/index.php\\\/2022\\\/03\\\/24\\\/revirement-de-pedro-sanchez-sur-la-question-sahraouie-les-espagnols-battront-le-pave-samedi-a-madrid\\\/#respond\"]}]},{\"@type\":\"WebPage\",\"@id\":\"https:\\\/\\\/lasentinelle.dz\\\/index.php\\\/2022\\\/03\\\/24\\\/revirement-de-pedro-sanchez-sur-la-question-sahraouie-les-espagnols-battront-le-pave-samedi-a-madrid\\\/\",\"url\":\"https:\\\/\\\/lasentinelle.dz\\\/index.php\\\/2022\\\/03\\\/24\\\/revirement-de-pedro-sanchez-sur-la-question-sahraouie-les-espagnols-battront-le-pave-samedi-a-madrid\\\/\",\"name\":\"Revirement de Pedro Sanchez sur la question sahraouie\u00a0: Les Espagnols battront le pav\u00e9 samedi \u00e0 Madrid - La Sentinelle\",\"isPartOf\":{\"@id\":\"https:\\\/\\\/lasentinelle.dz\\\/#website\"},\"primaryImageOfPage\":{\"@id\":\"https:\\\/\\\/lasentinelle.dz\\\/index.php\\\/2022\\\/03\\\/24\\\/revirement-de-pedro-sanchez-sur-la-question-sahraouie-les-espagnols-battront-le-pave-samedi-a-madrid\\\/#primaryimage\"},\"image\":{\"@id\":\"https:\\\/\\\/lasentinelle.dz\\\/index.php\\\/2022\\\/03\\\/24\\\/revirement-de-pedro-sanchez-sur-la-question-sahraouie-les-espagnols-battront-le-pave-samedi-a-madrid\\\/#primaryimage\"},\"thumbnailUrl\":\"https:\\\/\\\/lasentinelle.dz\\\/wp-content\\\/uploads\\\/2022\\\/03\\\/sidi-omar.png\",\"datePublished\":\"2022-03-23T23:05:00+00:00\",\"breadcrumb\":{\"@id\":\"https:\\\/\\\/lasentinelle.dz\\\/index.php\\\/2022\\\/03\\\/24\\\/revirement-de-pedro-sanchez-sur-la-question-sahraouie-les-espagnols-battront-le-pave-samedi-a-madrid\\\/#breadcrumb\"},\"inLanguage\":\"fr-FR\",\"potentialAction\":[{\"@type\":\"ReadAction\",\"target\":[\"https:\\\/\\\/lasentinelle.dz\\\/index.php\\\/2022\\\/03\\\/24\\\/revirement-de-pedro-sanchez-sur-la-question-sahraouie-les-espagnols-battront-le-pave-samedi-a-madrid\\\/\"]}]},{\"@type\":\"ImageObject\",\"inLanguage\":\"fr-FR\",\"@id\":\"https:\\\/\\\/lasentinelle.dz\\\/index.php\\\/2022\\\/03\\\/24\\\/revirement-de-pedro-sanchez-sur-la-question-sahraouie-les-espagnols-battront-le-pave-samedi-a-madrid\\\/#primaryimage\",\"url\":\"https:\\\/\\\/lasentinelle.dz\\\/wp-content\\\/uploads\\\/2022\\\/03\\\/sidi-omar.png\",\"contentUrl\":\"https:\\\/\\\/lasentinelle.dz\\\/wp-content\\\/uploads\\\/2022\\\/03\\\/sidi-omar.png\",\"width\":1224,\"height\":900},{\"@type\":\"BreadcrumbList\",\"@id\":\"https:\\\/\\\/lasentinelle.dz\\\/index.php\\\/2022\\\/03\\\/24\\\/revirement-de-pedro-sanchez-sur-la-question-sahraouie-les-espagnols-battront-le-pave-samedi-a-madrid\\\/#breadcrumb\",\"itemListElement\":[{\"@type\":\"ListItem\",\"position\":1,\"name\":\"Accueil\",\"item\":\"https:\\\/\\\/lasentinelle.dz\\\/\"},{\"@type\":\"ListItem\",\"position\":2,\"name\":\"Revirement de Pedro Sanchez sur la question sahraouie\u00a0: Les Espagnols battront le pav\u00e9 samedi \u00e0 Madrid\"}]},{\"@type\":\"WebSite\",\"@id\":\"https:\\\/\\\/lasentinelle.dz\\\/#website\",\"url\":\"https:\\\/\\\/lasentinelle.dz\\\/\",\"name\":\"La Sentinelle\",\"description\":\"Quotidien national d&#039;information\",\"publisher\":{\"@id\":\"https:\\\/\\\/lasentinelle.dz\\\/#organization\"},\"potentialAction\":[{\"@type\":\"SearchAction\",\"target\":{\"@type\":\"EntryPoint\",\"urlTemplate\":\"https:\\\/\\\/lasentinelle.dz\\\/?s={search_term_string}\"},\"query-input\":{\"@type\":\"PropertyValueSpecification\",\"valueRequired\":true,\"valueName\":\"search_term_string\"}}],\"inLanguage\":\"fr-FR\"},{\"@type\":\"Organization\",\"@id\":\"https:\\\/\\\/lasentinelle.dz\\\/#organization\",\"name\":\"Quotidien La Sentinelle\",\"url\":\"https:\\\/\\\/lasentinelle.dz\\\/\",\"logo\":{\"@type\":\"ImageObject\",\"inLanguage\":\"fr-FR\",\"@id\":\"https:\\\/\\\/lasentinelle.dz\\\/#\\\/schema\\\/logo\\\/image\\\/\",\"url\":\"https:\\\/\\\/lasentinelle.dz\\\/wp-content\\\/uploads\\\/2021\\\/09\\\/logo-sentinelleSLOGAN-1.png\",\"contentUrl\":\"https:\\\/\\\/lasentinelle.dz\\\/wp-content\\\/uploads\\\/2021\\\/09\\\/logo-sentinelleSLOGAN-1.png\",\"width\":615,\"height\":142,\"caption\":\"Quotidien La Sentinelle\"},\"image\":{\"@id\":\"https:\\\/\\\/lasentinelle.dz\\\/#\\\/schema\\\/logo\\\/image\\\/\"},\"sameAs\":[\"https:\\\/\\\/www.facebook.com\\\/La-Sentinelle-104059864394773\"]},{\"@type\":\"Person\",\"@id\":\"https:\\\/\\\/lasentinelle.dz\\\/#\\\/schema\\\/person\\\/d865044e22e70a75174ce8bcad3acfb3\",\"name\":\"La Sentinelle\",\"image\":{\"@type\":\"ImageObject\",\"inLanguage\":\"fr-FR\",\"@id\":\"https:\\\/\\\/secure.gravatar.com\\\/avatar\\\/57de8e5d4b15d43fb361a71fbb36338450fe67865b528a43dd10ef7c51a20392?s=96&d=mm&r=g\",\"url\":\"https:\\\/\\\/secure.gravatar.com\\\/avatar\\\/57de8e5d4b15d43fb361a71fbb36338450fe67865b528a43dd10ef7c51a20392?s=96&d=mm&r=g\",\"contentUrl\":\"https:\\\/\\\/secure.gravatar.com\\\/avatar\\\/57de8e5d4b15d43fb361a71fbb36338450fe67865b528a43dd10ef7c51a20392?s=96&d=mm&r=g\",\"caption\":\"La Sentinelle\"},\"sameAs\":[\"http:\\\/\\\/www.lasentinelle.dz\"],\"url\":\"https:\\\/\\\/lasentinelle.dz\\\/author\\\/redaction\\\/\"}]}<\/script>\n<!-- \/ Yoast SEO plugin. -->","yoast_head_json":{"title":"Revirement de Pedro Sanchez sur la question sahraouie\u00a0: Les Espagnols battront le pav\u00e9 samedi \u00e0 Madrid - La Sentinelle","robots":{"index":"index","follow":"follow","max-snippet":"max-snippet:-1","max-image-preview":"max-image-preview:large","max-video-preview":"max-video-preview:-1"},"canonical":"https:\/\/lasentinelle.dz\/index.php\/2022\/03\/24\/revirement-de-pedro-sanchez-sur-la-question-sahraouie-les-espagnols-battront-le-pave-samedi-a-madrid\/","og_locale":"fr_FR","og_type":"article","og_title":"Revirement de Pedro Sanchez sur la question sahraouie\u00a0: Les Espagnols battront le pav\u00e9 samedi \u00e0 Madrid - La Sentinelle","og_description":"La r\u00e9cente d\u00e9cision du pr\u00e9sident du gouvernement espagnol Pedro Sanchez de s\u2019aligner sur les th\u00e8ses marocaines sur la question du","og_url":"https:\/\/lasentinelle.dz\/index.php\/2022\/03\/24\/revirement-de-pedro-sanchez-sur-la-question-sahraouie-les-espagnols-battront-le-pave-samedi-a-madrid\/","og_site_name":"La Sentinelle","article_publisher":"https:\/\/www.facebook.com\/La-Sentinelle-104059864394773","article_published_time":"2022-03-23T23:05:00+00:00","og_image":[{"width":1224,"height":900,"url":"https:\/\/lasentinelle.dz\/wp-content\/uploads\/2022\/03\/sidi-omar.png","type":"image\/png"}],"author":"La Sentinelle","twitter_card":"summary_large_image","twitter_misc":{"\u00c9crit par":"La Sentinelle","Dur\u00e9e de lecture estim\u00e9e":"5 minutes"},"schema":{"@context":"https:\/\/schema.org","@graph":[{"@type":"Article","@id":"https:\/\/lasentinelle.dz\/index.php\/2022\/03\/24\/revirement-de-pedro-sanchez-sur-la-question-sahraouie-les-espagnols-battront-le-pave-samedi-a-madrid\/#article","isPartOf":{"@id":"https:\/\/lasentinelle.dz\/index.php\/2022\/03\/24\/revirement-de-pedro-sanchez-sur-la-question-sahraouie-les-espagnols-battront-le-pave-samedi-a-madrid\/"},"author":{"name":"La Sentinelle","@id":"https:\/\/lasentinelle.dz\/#\/schema\/person\/d865044e22e70a75174ce8bcad3acfb3"},"headline":"Revirement de Pedro Sanchez sur la question sahraouie\u00a0: Les Espagnols battront le pav\u00e9 samedi \u00e0 Madrid","datePublished":"2022-03-23T23:05:00+00:00","mainEntityOfPage":{"@id":"https:\/\/lasentinelle.dz\/index.php\/2022\/03\/24\/revirement-de-pedro-sanchez-sur-la-question-sahraouie-les-espagnols-battront-le-pave-samedi-a-madrid\/"},"wordCount":959,"commentCount":0,"publisher":{"@id":"https:\/\/lasentinelle.dz\/#organization"},"image":{"@id":"https:\/\/lasentinelle.dz\/index.php\/2022\/03\/24\/revirement-de-pedro-sanchez-sur-la-question-sahraouie-les-espagnols-battront-le-pave-samedi-a-madrid\/#primaryimage"},"thumbnailUrl":"https:\/\/lasentinelle.dz\/wp-content\/uploads\/2022\/03\/sidi-omar.png","articleSection":["\u00c0 la Une","Monde"],"inLanguage":"fr-FR","potentialAction":[{"@type":"CommentAction","name":"Comment","target":["https:\/\/lasentinelle.dz\/index.php\/2022\/03\/24\/revirement-de-pedro-sanchez-sur-la-question-sahraouie-les-espagnols-battront-le-pave-samedi-a-madrid\/#respond"]}]},{"@type":"WebPage","@id":"https:\/\/lasentinelle.dz\/index.php\/2022\/03\/24\/revirement-de-pedro-sanchez-sur-la-question-sahraouie-les-espagnols-battront-le-pave-samedi-a-madrid\/","url":"https:\/\/lasentinelle.dz\/index.php\/2022\/03\/24\/revirement-de-pedro-sanchez-sur-la-question-sahraouie-les-espagnols-battront-le-pave-samedi-a-madrid\/","name":"Revirement de Pedro Sanchez sur la question sahraouie\u00a0: Les Espagnols battront le pav\u00e9 samedi \u00e0 Madrid - La Sentinelle","isPartOf":{"@id":"https:\/\/lasentinelle.dz\/#website"},"primaryImageOfPage":{"@id":"https:\/\/lasentinelle.dz\/index.php\/2022\/03\/24\/revirement-de-pedro-sanchez-sur-la-question-sahraouie-les-espagnols-battront-le-pave-samedi-a-madrid\/#primaryimage"},"image":{"@id":"https:\/\/lasentinelle.dz\/index.php\/2022\/03\/24\/revirement-de-pedro-sanchez-sur-la-question-sahraouie-les-espagnols-battront-le-pave-samedi-a-madrid\/#primaryimage"},"thumbnailUrl":"https:\/\/lasentinelle.dz\/wp-content\/uploads\/2022\/03\/sidi-omar.png","datePublished":"2022-03-23T23:05:00+00:00","breadcrumb":{"@id":"https:\/\/lasentinelle.dz\/index.php\/2022\/03\/24\/revirement-de-pedro-sanchez-sur-la-question-sahraouie-les-espagnols-battront-le-pave-samedi-a-madrid\/#breadcrumb"},"inLanguage":"fr-FR","potentialAction":[{"@type":"ReadAction","target":["https:\/\/lasentinelle.dz\/index.php\/2022\/03\/24\/revirement-de-pedro-sanchez-sur-la-question-sahraouie-les-espagnols-battront-le-pave-samedi-a-madrid\/"]}]},{"@type":"ImageObject","inLanguage":"fr-FR","@id":"https:\/\/lasentinelle.dz\/index.php\/2022\/03\/24\/revirement-de-pedro-sanchez-sur-la-question-sahraouie-les-espagnols-battront-le-pave-samedi-a-madrid\/#primaryimage","url":"https:\/\/lasentinelle.dz\/wp-content\/uploads\/2022\/03\/sidi-omar.png","contentUrl":"https:\/\/lasentinelle.dz\/wp-content\/uploads\/2022\/03\/sidi-omar.png","width":1224,"height":900},{"@type":"BreadcrumbList","@id":"https:\/\/lasentinelle.dz\/index.php\/2022\/03\/24\/revirement-de-pedro-sanchez-sur-la-question-sahraouie-les-espagnols-battront-le-pave-samedi-a-madrid\/#breadcrumb","itemListElement":[{"@type":"ListItem","position":1,"name":"Accueil","item":"https:\/\/lasentinelle.dz\/"},{"@type":"ListItem","position":2,"name":"Revirement de Pedro Sanchez sur la question sahraouie\u00a0: Les Espagnols battront le pav\u00e9 samedi \u00e0 Madrid"}]},{"@type":"WebSite","@id":"https:\/\/lasentinelle.dz\/#website","url":"https:\/\/lasentinelle.dz\/","name":"La Sentinelle","description":"Quotidien national d&#039;information","publisher":{"@id":"https:\/\/lasentinelle.dz\/#organization"},"potentialAction":[{"@type":"SearchAction","target":{"@type":"EntryPoint","urlTemplate":"https:\/\/lasentinelle.dz\/?s={search_term_string}"},"query-input":{"@type":"PropertyValueSpecification","valueRequired":true,"valueName":"search_term_string"}}],"inLanguage":"fr-FR"},{"@type":"Organization","@id":"https:\/\/lasentinelle.dz\/#organization","name":"Quotidien La Sentinelle","url":"https:\/\/lasentinelle.dz\/","logo":{"@type":"ImageObject","inLanguage":"fr-FR","@id":"https:\/\/lasentinelle.dz\/#\/schema\/logo\/image\/","url":"https:\/\/lasentinelle.dz\/wp-content\/uploads\/2021\/09\/logo-sentinelleSLOGAN-1.png","contentUrl":"https:\/\/lasentinelle.dz\/wp-content\/uploads\/2021\/09\/logo-sentinelleSLOGAN-1.png","width":615,"height":142,"caption":"Quotidien La Sentinelle"},"image":{"@id":"https:\/\/lasentinelle.dz\/#\/schema\/logo\/image\/"},"sameAs":["https:\/\/www.facebook.com\/La-Sentinelle-104059864394773"]},{"@type":"Person","@id":"https:\/\/lasentinelle.dz\/#\/schema\/person\/d865044e22e70a75174ce8bcad3acfb3","name":"La Sentinelle","image":{"@type":"ImageObject","inLanguage":"fr-FR","@id":"https:\/\/secure.gravatar.com\/avatar\/57de8e5d4b15d43fb361a71fbb36338450fe67865b528a43dd10ef7c51a20392?s=96&d=mm&r=g","url":"https:\/\/secure.gravatar.com\/avatar\/57de8e5d4b15d43fb361a71fbb36338450fe67865b528a43dd10ef7c51a20392?s=96&d=mm&r=g","contentUrl":"https:\/\/secure.gravatar.com\/avatar\/57de8e5d4b15d43fb361a71fbb36338450fe67865b528a43dd10ef7c51a20392?s=96&d=mm&r=g","caption":"La Sentinelle"},"sameAs":["http:\/\/www.lasentinelle.dz"],"url":"https:\/\/lasentinelle.dz\/author\/redaction\/"}]}},"_links":{"self":[{"href":"https:\/\/lasentinelle.dz\/index.php\/wp-json\/wp\/v2\/posts\/18876","targetHints":{"allow":["GET"]}}],"collection":[{"href":"https:\/\/lasentinelle.dz\/index.php\/wp-json\/wp\/v2\/posts"}],"about":[{"href":"https:\/\/lasentinelle.dz\/index.php\/wp-json\/wp\/v2\/types\/post"}],"author":[{"embeddable":true,"href":"https:\/\/lasentinelle.dz\/index.php\/wp-json\/wp\/v2\/users\/3"}],"replies":[{"embeddable":true,"href":"https:\/\/lasentinelle.dz\/index.php\/wp-json\/wp\/v2\/comments?post=18876"}],"version-history":[{"count":1,"href":"https:\/\/lasentinelle.dz\/index.php\/wp-json\/wp\/v2\/posts\/18876\/revisions"}],"predecessor-version":[{"id":18877,"href":"https:\/\/lasentinelle.dz\/index.php\/wp-json\/wp\/v2\/posts\/18876\/revisions\/18877"}],"wp:featuredmedia":[{"embeddable":true,"href":"https:\/\/lasentinelle.dz\/index.php\/wp-json\/wp\/v2\/media\/18878"}],"wp:attachment":[{"href":"https:\/\/lasentinelle.dz\/index.php\/wp-json\/wp\/v2\/media?parent=18876"}],"wp:term":[{"taxonomy":"category","embeddable":true,"href":"https:\/\/lasentinelle.dz\/index.php\/wp-json\/wp\/v2\/categories?post=18876"},{"taxonomy":"post_tag","embeddable":true,"href":"https:\/\/lasentinelle.dz\/index.php\/wp-json\/wp\/v2\/tags?post=18876"}],"curies":[{"name":"wp","href":"https:\/\/api.w.org\/{rel}","templated":true}]}}