{"id":18884,"date":"2022-03-27T00:05:00","date_gmt":"2022-03-26T23:05:00","guid":{"rendered":"https:\/\/lasentinelle.dz\/?p=18884"},"modified":"2022-03-26T19:55:27","modified_gmt":"2022-03-26T18:55:27","slug":"lalgerie-bat-le-cameroun-et-prend-option-pour-le-mondial-la-vague-verte","status":"publish","type":"post","link":"https:\/\/lasentinelle.dz\/index.php\/2022\/03\/27\/lalgerie-bat-le-cameroun-et-prend-option-pour-le-mondial-la-vague-verte\/","title":{"rendered":"L\u2019Alg\u00e9rie bat le Cameroun et prend option pour le Mondial\u00a0:\u00a0La vague verte !\u00a0"},"content":{"rendered":"\n<p>La partie n\u2019a pas \u00e9t\u00e9 facile \u00e0 man\u0153uvrer, mais au fil des minutes, les joueurs de l\u2019Equipe nationale&nbsp;de football&nbsp;ont su comment g\u00e9rer le match et l\u2019emporter face au Cameroun sur la plus petite des marges.&nbsp;<\/p>\n\n\n\n<p>Ainsi, les Verts font d\u2019une pierre trois coups : Se relever apr\u00e8s la d\u00e9b\u00e2cle de la CAN-2021 sur ce m\u00eame stade de Japoma, vaincre le signe indien en battant pour la premi\u00e8re fois les Lions indomptables en match officiel, et prendre une option pour la qualification pour le Mondial-2022 au Qatar. Gr\u00e2ce \u00e0 une r\u00e9alisation du buteur historique de la s\u00e9lection, Islam Slimani, la bande \u00e0 Djamel Belmadi a r\u00e9ussi l\u2019essentiel, elle qui a eu des difficult\u00e9s \u00e0 rentrer dans le match. Cela a failli leur co\u00fbter cher, mais fort heureusement qu\u2019il y avait une d\u00e9fense \u00e0 cinq bien en place et un gardien de but, M\u2019bolhi en l\u2019occurrence, des grands jours. Les Camerounais se sont cr\u00e9\u00e9s les plus grosses occasions de but, mais l\u2019efficacit\u00e9 a \u00e9t\u00e9 alg\u00e9rienne. Slimani n\u2019est, d\u00e9sormais, qu\u2019\u00e0 un seul but du record de meilleur buteur des \u00e9liminatoires du Mondial, l\u2019Ivoirien Didier Drogba (18 buts), lui (Slimani) qui a inscrit sa 40e r\u00e9alisation avec les Verts. Maintenant que ce match est pli\u00e9, les Verts sont rentr\u00e9s \u00e0 Alger. Ils sont pleinement concentr\u00e9s sur la deuxi\u00e8me manche de cette double-confrontation, qui aura lieu mardi \u00e0 20h30 au stade Mustapha-Tchaker de Blida. \u00ab Rien n\u2019est encore jou\u00e9. Il faut garder les pieds sur terre \u00bb, a indiqu\u00e9 Belmadi lors de la conf\u00e9rence de presse d\u2019apr\u00e8s match. La deuxi\u00e8me manche sera rude, \u00e9tant donn\u00e9 que les Camerounais doivent et vont jouer leur va-tout dans l\u2019espoir de se relever et se qualifier pour le Mondial. Rigobert Song, le nouveau s\u00e9lectionner camerounais, a rat\u00e9 sa premi\u00e8re et va retenter sa chance pour rectifier le tir. Mais les Alg\u00e9riens savent ce qu\u2019ils doivent faire et ce que le peuple alg\u00e9rien attend d\u2019eux. Attendus en force dans les gradins du stade de Blida, les inconditionnels des Verts ont \u00e0 c\u0153ur de voir leurs joueurs les ravir et permettre \u00e0 l\u2019Alg\u00e9rie de se qualifier pour la 5e fois de son histoire au plus grand \u00e9v\u00e9nement plan\u00e9taire. Les co\u00e9quipiers du capitaine Mahrez ne veulent pas s\u2019arr\u00eater en si bon chemin, raison pour laquelle ils ne vont m\u00e9nager aucun effort pour r\u00e9pondre favorablement \u00e0 toutes les attentes.<\/p>\n\n\n\n<p><strong>Abderrahim Mahious&nbsp;&nbsp;<\/strong><\/p>\n","protected":false},"excerpt":{"rendered":"<p>La partie n\u2019a pas \u00e9t\u00e9 facile \u00e0 man\u0153uvrer, mais au fil des minutes, les joueurs de l\u2019Equipe nationale&nbsp;de football&nbsp;ont su<\/p>\n","protected":false},"author":3,"featured_media":18890,"comment_status":"open","ping_status":"closed","sticky":false,"template":"","format":"standard","meta":{"colormag_page_container_layout":"default_layout","colormag_page_sidebar_layout":"default_layout","om_disable_all_campaigns":false,"_monsterinsights_skip_tracking":false,"_monsterinsights_sitenote_active":false,"_monsterinsights_sitenote_note":"","_monsterinsights_sitenote_category":0,"footnotes":"","_wpscppro_dont_share_socialmedia":false,"_wpscppro_custom_social_share_image":0,"_facebook_share_type":"","_twitter_share_type":"","_linkedin_share_type":"","_pinterest_share_type":"","_linkedin_share_type_page":"","_instagram_share_type":"","_medium_share_type":"","_threads_share_type":"","_google_business_share_type":"","_selected_social_profile":[],"_wpsp_enable_custom_social_template":false,"_wpsp_social_scheduling":{"enabled":false,"datetime":null,"platforms":[],"status":"template_only","dateOption":"today","timeOption":"now","customDays":"","customHours":"","customDate":"","customTime":"","schedulingType":"absolute"},"_wpsp_active_default_template":true},"categories":[52,33],"tags":[],"class_list":["post-18884","post","type-post","status-publish","format-standard","has-post-thumbnail","hentry","category-a-la-une","category-sports"],"aioseo_notices":[],"yoast_head":"<!-- This site is optimized with the Yoast SEO plugin v27.4 - https:\/\/yoast.com\/product\/yoast-seo-wordpress\/ -->\n<title>L\u2019Alg\u00e9rie bat le Cameroun et prend option pour le Mondial\u00a0:\u00a0La vague verte !\u00a0 - La Sentinelle<\/title>\n<meta name=\"robots\" content=\"index, follow, max-snippet:-1, max-image-preview:large, max-video-preview:-1\" \/>\n<link rel=\"canonical\" href=\"https:\/\/lasentinelle.dz\/index.php\/2022\/03\/27\/lalgerie-bat-le-cameroun-et-prend-option-pour-le-mondial-la-vague-verte\/\" \/>\n<meta property=\"og:locale\" content=\"fr_FR\" \/>\n<meta property=\"og:type\" content=\"article\" \/>\n<meta property=\"og:title\" content=\"L\u2019Alg\u00e9rie bat le Cameroun et prend option pour le Mondial\u00a0:\u00a0La vague verte !\u00a0 - La Sentinelle\" \/>\n<meta property=\"og:description\" content=\"La partie n\u2019a pas \u00e9t\u00e9 facile \u00e0 man\u0153uvrer, mais au fil des minutes, les joueurs de l\u2019Equipe nationale&nbsp;de football&nbsp;ont su\" \/>\n<meta property=\"og:url\" content=\"https:\/\/lasentinelle.dz\/index.php\/2022\/03\/27\/lalgerie-bat-le-cameroun-et-prend-option-pour-le-mondial-la-vague-verte\/\" \/>\n<meta property=\"og:site_name\" content=\"La Sentinelle\" \/>\n<meta property=\"article:publisher\" content=\"https:\/\/www.facebook.com\/La-Sentinelle-104059864394773\" \/>\n<meta property=\"article:published_time\" content=\"2022-03-26T23:05:00+00:00\" \/>\n<meta property=\"og:image\" content=\"https:\/\/lasentinelle.dz\/wp-content\/uploads\/2022\/03\/EN-3.png\" \/>\n\t<meta property=\"og:image:width\" content=\"900\" \/>\n\t<meta property=\"og:image:height\" content=\"900\" \/>\n\t<meta property=\"og:image:type\" content=\"image\/png\" \/>\n<meta name=\"author\" content=\"La Sentinelle\" \/>\n<meta name=\"twitter:card\" content=\"summary_large_image\" \/>\n<meta name=\"twitter:label1\" content=\"\u00c9crit par\" \/>\n\t<meta name=\"twitter:data1\" content=\"La Sentinelle\" \/>\n\t<meta name=\"twitter:label2\" content=\"Dur\u00e9e de lecture estim\u00e9e\" \/>\n\t<meta name=\"twitter:data2\" content=\"2 minutes\" \/>\n<script type=\"application\/ld+json\" class=\"yoast-schema-graph\">{\"@context\":\"https:\\\/\\\/schema.org\",\"@graph\":[{\"@type\":\"Article\",\"@id\":\"https:\\\/\\\/lasentinelle.dz\\\/index.php\\\/2022\\\/03\\\/27\\\/lalgerie-bat-le-cameroun-et-prend-option-pour-le-mondial-la-vague-verte\\\/#article\",\"isPartOf\":{\"@id\":\"https:\\\/\\\/lasentinelle.dz\\\/index.php\\\/2022\\\/03\\\/27\\\/lalgerie-bat-le-cameroun-et-prend-option-pour-le-mondial-la-vague-verte\\\/\"},\"author\":{\"name\":\"La Sentinelle\",\"@id\":\"https:\\\/\\\/lasentinelle.dz\\\/#\\\/schema\\\/person\\\/d865044e22e70a75174ce8bcad3acfb3\"},\"headline\":\"L\u2019Alg\u00e9rie bat le Cameroun et prend option pour le Mondial\u00a0:\u00a0La vague verte !\u00a0\",\"datePublished\":\"2022-03-26T23:05:00+00:00\",\"mainEntityOfPage\":{\"@id\":\"https:\\\/\\\/lasentinelle.dz\\\/index.php\\\/2022\\\/03\\\/27\\\/lalgerie-bat-le-cameroun-et-prend-option-pour-le-mondial-la-vague-verte\\\/\"},\"wordCount\":450,\"commentCount\":0,\"publisher\":{\"@id\":\"https:\\\/\\\/lasentinelle.dz\\\/#organization\"},\"image\":{\"@id\":\"https:\\\/\\\/lasentinelle.dz\\\/index.php\\\/2022\\\/03\\\/27\\\/lalgerie-bat-le-cameroun-et-prend-option-pour-le-mondial-la-vague-verte\\\/#primaryimage\"},\"thumbnailUrl\":\"https:\\\/\\\/lasentinelle.dz\\\/wp-content\\\/uploads\\\/2022\\\/03\\\/EN-3.png\",\"articleSection\":[\"\u00c0 la Une\",\"Sports\"],\"inLanguage\":\"fr-FR\",\"potentialAction\":[{\"@type\":\"CommentAction\",\"name\":\"Comment\",\"target\":[\"https:\\\/\\\/lasentinelle.dz\\\/index.php\\\/2022\\\/03\\\/27\\\/lalgerie-bat-le-cameroun-et-prend-option-pour-le-mondial-la-vague-verte\\\/#respond\"]}]},{\"@type\":\"WebPage\",\"@id\":\"https:\\\/\\\/lasentinelle.dz\\\/index.php\\\/2022\\\/03\\\/27\\\/lalgerie-bat-le-cameroun-et-prend-option-pour-le-mondial-la-vague-verte\\\/\",\"url\":\"https:\\\/\\\/lasentinelle.dz\\\/index.php\\\/2022\\\/03\\\/27\\\/lalgerie-bat-le-cameroun-et-prend-option-pour-le-mondial-la-vague-verte\\\/\",\"name\":\"L\u2019Alg\u00e9rie bat le Cameroun et prend option pour le Mondial\u00a0:\u00a0La vague verte !\u00a0 - La Sentinelle\",\"isPartOf\":{\"@id\":\"https:\\\/\\\/lasentinelle.dz\\\/#website\"},\"primaryImageOfPage\":{\"@id\":\"https:\\\/\\\/lasentinelle.dz\\\/index.php\\\/2022\\\/03\\\/27\\\/lalgerie-bat-le-cameroun-et-prend-option-pour-le-mondial-la-vague-verte\\\/#primaryimage\"},\"image\":{\"@id\":\"https:\\\/\\\/lasentinelle.dz\\\/index.php\\\/2022\\\/03\\\/27\\\/lalgerie-bat-le-cameroun-et-prend-option-pour-le-mondial-la-vague-verte\\\/#primaryimage\"},\"thumbnailUrl\":\"https:\\\/\\\/lasentinelle.dz\\\/wp-content\\\/uploads\\\/2022\\\/03\\\/EN-3.png\",\"datePublished\":\"2022-03-26T23:05:00+00:00\",\"breadcrumb\":{\"@id\":\"https:\\\/\\\/lasentinelle.dz\\\/index.php\\\/2022\\\/03\\\/27\\\/lalgerie-bat-le-cameroun-et-prend-option-pour-le-mondial-la-vague-verte\\\/#breadcrumb\"},\"inLanguage\":\"fr-FR\",\"potentialAction\":[{\"@type\":\"ReadAction\",\"target\":[\"https:\\\/\\\/lasentinelle.dz\\\/index.php\\\/2022\\\/03\\\/27\\\/lalgerie-bat-le-cameroun-et-prend-option-pour-le-mondial-la-vague-verte\\\/\"]}]},{\"@type\":\"ImageObject\",\"inLanguage\":\"fr-FR\",\"@id\":\"https:\\\/\\\/lasentinelle.dz\\\/index.php\\\/2022\\\/03\\\/27\\\/lalgerie-bat-le-cameroun-et-prend-option-pour-le-mondial-la-vague-verte\\\/#primaryimage\",\"url\":\"https:\\\/\\\/lasentinelle.dz\\\/wp-content\\\/uploads\\\/2022\\\/03\\\/EN-3.png\",\"contentUrl\":\"https:\\\/\\\/lasentinelle.dz\\\/wp-content\\\/uploads\\\/2022\\\/03\\\/EN-3.png\",\"width\":900,\"height\":900},{\"@type\":\"BreadcrumbList\",\"@id\":\"https:\\\/\\\/lasentinelle.dz\\\/index.php\\\/2022\\\/03\\\/27\\\/lalgerie-bat-le-cameroun-et-prend-option-pour-le-mondial-la-vague-verte\\\/#breadcrumb\",\"itemListElement\":[{\"@type\":\"ListItem\",\"position\":1,\"name\":\"Accueil\",\"item\":\"https:\\\/\\\/lasentinelle.dz\\\/\"},{\"@type\":\"ListItem\",\"position\":2,\"name\":\"L\u2019Alg\u00e9rie bat le Cameroun et prend option pour le Mondial\u00a0:\u00a0La vague verte !\u00a0\"}]},{\"@type\":\"WebSite\",\"@id\":\"https:\\\/\\\/lasentinelle.dz\\\/#website\",\"url\":\"https:\\\/\\\/lasentinelle.dz\\\/\",\"name\":\"La Sentinelle\",\"description\":\"Quotidien national d&#039;information\",\"publisher\":{\"@id\":\"https:\\\/\\\/lasentinelle.dz\\\/#organization\"},\"potentialAction\":[{\"@type\":\"SearchAction\",\"target\":{\"@type\":\"EntryPoint\",\"urlTemplate\":\"https:\\\/\\\/lasentinelle.dz\\\/?s={search_term_string}\"},\"query-input\":{\"@type\":\"PropertyValueSpecification\",\"valueRequired\":true,\"valueName\":\"search_term_string\"}}],\"inLanguage\":\"fr-FR\"},{\"@type\":\"Organization\",\"@id\":\"https:\\\/\\\/lasentinelle.dz\\\/#organization\",\"name\":\"Quotidien La Sentinelle\",\"url\":\"https:\\\/\\\/lasentinelle.dz\\\/\",\"logo\":{\"@type\":\"ImageObject\",\"inLanguage\":\"fr-FR\",\"@id\":\"https:\\\/\\\/lasentinelle.dz\\\/#\\\/schema\\\/logo\\\/image\\\/\",\"url\":\"https:\\\/\\\/lasentinelle.dz\\\/wp-content\\\/uploads\\\/2021\\\/09\\\/logo-sentinelleSLOGAN-1.png\",\"contentUrl\":\"https:\\\/\\\/lasentinelle.dz\\\/wp-content\\\/uploads\\\/2021\\\/09\\\/logo-sentinelleSLOGAN-1.png\",\"width\":615,\"height\":142,\"caption\":\"Quotidien La Sentinelle\"},\"image\":{\"@id\":\"https:\\\/\\\/lasentinelle.dz\\\/#\\\/schema\\\/logo\\\/image\\\/\"},\"sameAs\":[\"https:\\\/\\\/www.facebook.com\\\/La-Sentinelle-104059864394773\"]},{\"@type\":\"Person\",\"@id\":\"https:\\\/\\\/lasentinelle.dz\\\/#\\\/schema\\\/person\\\/d865044e22e70a75174ce8bcad3acfb3\",\"name\":\"La Sentinelle\",\"image\":{\"@type\":\"ImageObject\",\"inLanguage\":\"fr-FR\",\"@id\":\"https:\\\/\\\/secure.gravatar.com\\\/avatar\\\/57de8e5d4b15d43fb361a71fbb36338450fe67865b528a43dd10ef7c51a20392?s=96&d=mm&r=g\",\"url\":\"https:\\\/\\\/secure.gravatar.com\\\/avatar\\\/57de8e5d4b15d43fb361a71fbb36338450fe67865b528a43dd10ef7c51a20392?s=96&d=mm&r=g\",\"contentUrl\":\"https:\\\/\\\/secure.gravatar.com\\\/avatar\\\/57de8e5d4b15d43fb361a71fbb36338450fe67865b528a43dd10ef7c51a20392?s=96&d=mm&r=g\",\"caption\":\"La Sentinelle\"},\"sameAs\":[\"http:\\\/\\\/www.lasentinelle.dz\"],\"url\":\"https:\\\/\\\/lasentinelle.dz\\\/author\\\/redaction\\\/\"}]}<\/script>\n<!-- \/ Yoast SEO plugin. -->","yoast_head_json":{"title":"L\u2019Alg\u00e9rie bat le Cameroun et prend option pour le Mondial\u00a0:\u00a0La vague verte !\u00a0 - La Sentinelle","robots":{"index":"index","follow":"follow","max-snippet":"max-snippet:-1","max-image-preview":"max-image-preview:large","max-video-preview":"max-video-preview:-1"},"canonical":"https:\/\/lasentinelle.dz\/index.php\/2022\/03\/27\/lalgerie-bat-le-cameroun-et-prend-option-pour-le-mondial-la-vague-verte\/","og_locale":"fr_FR","og_type":"article","og_title":"L\u2019Alg\u00e9rie bat le Cameroun et prend option pour le Mondial\u00a0:\u00a0La vague verte !\u00a0 - La Sentinelle","og_description":"La partie n\u2019a pas \u00e9t\u00e9 facile \u00e0 man\u0153uvrer, mais au fil des minutes, les joueurs de l\u2019Equipe nationale&nbsp;de football&nbsp;ont su","og_url":"https:\/\/lasentinelle.dz\/index.php\/2022\/03\/27\/lalgerie-bat-le-cameroun-et-prend-option-pour-le-mondial-la-vague-verte\/","og_site_name":"La Sentinelle","article_publisher":"https:\/\/www.facebook.com\/La-Sentinelle-104059864394773","article_published_time":"2022-03-26T23:05:00+00:00","og_image":[{"width":900,"height":900,"url":"https:\/\/lasentinelle.dz\/wp-content\/uploads\/2022\/03\/EN-3.png","type":"image\/png"}],"author":"La Sentinelle","twitter_card":"summary_large_image","twitter_misc":{"\u00c9crit par":"La Sentinelle","Dur\u00e9e de lecture estim\u00e9e":"2 minutes"},"schema":{"@context":"https:\/\/schema.org","@graph":[{"@type":"Article","@id":"https:\/\/lasentinelle.dz\/index.php\/2022\/03\/27\/lalgerie-bat-le-cameroun-et-prend-option-pour-le-mondial-la-vague-verte\/#article","isPartOf":{"@id":"https:\/\/lasentinelle.dz\/index.php\/2022\/03\/27\/lalgerie-bat-le-cameroun-et-prend-option-pour-le-mondial-la-vague-verte\/"},"author":{"name":"La Sentinelle","@id":"https:\/\/lasentinelle.dz\/#\/schema\/person\/d865044e22e70a75174ce8bcad3acfb3"},"headline":"L\u2019Alg\u00e9rie bat le Cameroun et prend option pour le Mondial\u00a0:\u00a0La vague verte !\u00a0","datePublished":"2022-03-26T23:05:00+00:00","mainEntityOfPage":{"@id":"https:\/\/lasentinelle.dz\/index.php\/2022\/03\/27\/lalgerie-bat-le-cameroun-et-prend-option-pour-le-mondial-la-vague-verte\/"},"wordCount":450,"commentCount":0,"publisher":{"@id":"https:\/\/lasentinelle.dz\/#organization"},"image":{"@id":"https:\/\/lasentinelle.dz\/index.php\/2022\/03\/27\/lalgerie-bat-le-cameroun-et-prend-option-pour-le-mondial-la-vague-verte\/#primaryimage"},"thumbnailUrl":"https:\/\/lasentinelle.dz\/wp-content\/uploads\/2022\/03\/EN-3.png","articleSection":["\u00c0 la Une","Sports"],"inLanguage":"fr-FR","potentialAction":[{"@type":"CommentAction","name":"Comment","target":["https:\/\/lasentinelle.dz\/index.php\/2022\/03\/27\/lalgerie-bat-le-cameroun-et-prend-option-pour-le-mondial-la-vague-verte\/#respond"]}]},{"@type":"WebPage","@id":"https:\/\/lasentinelle.dz\/index.php\/2022\/03\/27\/lalgerie-bat-le-cameroun-et-prend-option-pour-le-mondial-la-vague-verte\/","url":"https:\/\/lasentinelle.dz\/index.php\/2022\/03\/27\/lalgerie-bat-le-cameroun-et-prend-option-pour-le-mondial-la-vague-verte\/","name":"L\u2019Alg\u00e9rie bat le Cameroun et prend option pour le Mondial\u00a0:\u00a0La vague verte !\u00a0 - La Sentinelle","isPartOf":{"@id":"https:\/\/lasentinelle.dz\/#website"},"primaryImageOfPage":{"@id":"https:\/\/lasentinelle.dz\/index.php\/2022\/03\/27\/lalgerie-bat-le-cameroun-et-prend-option-pour-le-mondial-la-vague-verte\/#primaryimage"},"image":{"@id":"https:\/\/lasentinelle.dz\/index.php\/2022\/03\/27\/lalgerie-bat-le-cameroun-et-prend-option-pour-le-mondial-la-vague-verte\/#primaryimage"},"thumbnailUrl":"https:\/\/lasentinelle.dz\/wp-content\/uploads\/2022\/03\/EN-3.png","datePublished":"2022-03-26T23:05:00+00:00","breadcrumb":{"@id":"https:\/\/lasentinelle.dz\/index.php\/2022\/03\/27\/lalgerie-bat-le-cameroun-et-prend-option-pour-le-mondial-la-vague-verte\/#breadcrumb"},"inLanguage":"fr-FR","potentialAction":[{"@type":"ReadAction","target":["https:\/\/lasentinelle.dz\/index.php\/2022\/03\/27\/lalgerie-bat-le-cameroun-et-prend-option-pour-le-mondial-la-vague-verte\/"]}]},{"@type":"ImageObject","inLanguage":"fr-FR","@id":"https:\/\/lasentinelle.dz\/index.php\/2022\/03\/27\/lalgerie-bat-le-cameroun-et-prend-option-pour-le-mondial-la-vague-verte\/#primaryimage","url":"https:\/\/lasentinelle.dz\/wp-content\/uploads\/2022\/03\/EN-3.png","contentUrl":"https:\/\/lasentinelle.dz\/wp-content\/uploads\/2022\/03\/EN-3.png","width":900,"height":900},{"@type":"BreadcrumbList","@id":"https:\/\/lasentinelle.dz\/index.php\/2022\/03\/27\/lalgerie-bat-le-cameroun-et-prend-option-pour-le-mondial-la-vague-verte\/#breadcrumb","itemListElement":[{"@type":"ListItem","position":1,"name":"Accueil","item":"https:\/\/lasentinelle.dz\/"},{"@type":"ListItem","position":2,"name":"L\u2019Alg\u00e9rie bat le Cameroun et prend option pour le Mondial\u00a0:\u00a0La vague verte !\u00a0"}]},{"@type":"WebSite","@id":"https:\/\/lasentinelle.dz\/#website","url":"https:\/\/lasentinelle.dz\/","name":"La Sentinelle","description":"Quotidien national d&#039;information","publisher":{"@id":"https:\/\/lasentinelle.dz\/#organization"},"potentialAction":[{"@type":"SearchAction","target":{"@type":"EntryPoint","urlTemplate":"https:\/\/lasentinelle.dz\/?s={search_term_string}"},"query-input":{"@type":"PropertyValueSpecification","valueRequired":true,"valueName":"search_term_string"}}],"inLanguage":"fr-FR"},{"@type":"Organization","@id":"https:\/\/lasentinelle.dz\/#organization","name":"Quotidien La Sentinelle","url":"https:\/\/lasentinelle.dz\/","logo":{"@type":"ImageObject","inLanguage":"fr-FR","@id":"https:\/\/lasentinelle.dz\/#\/schema\/logo\/image\/","url":"https:\/\/lasentinelle.dz\/wp-content\/uploads\/2021\/09\/logo-sentinelleSLOGAN-1.png","contentUrl":"https:\/\/lasentinelle.dz\/wp-content\/uploads\/2021\/09\/logo-sentinelleSLOGAN-1.png","width":615,"height":142,"caption":"Quotidien La Sentinelle"},"image":{"@id":"https:\/\/lasentinelle.dz\/#\/schema\/logo\/image\/"},"sameAs":["https:\/\/www.facebook.com\/La-Sentinelle-104059864394773"]},{"@type":"Person","@id":"https:\/\/lasentinelle.dz\/#\/schema\/person\/d865044e22e70a75174ce8bcad3acfb3","name":"La Sentinelle","image":{"@type":"ImageObject","inLanguage":"fr-FR","@id":"https:\/\/secure.gravatar.com\/avatar\/57de8e5d4b15d43fb361a71fbb36338450fe67865b528a43dd10ef7c51a20392?s=96&d=mm&r=g","url":"https:\/\/secure.gravatar.com\/avatar\/57de8e5d4b15d43fb361a71fbb36338450fe67865b528a43dd10ef7c51a20392?s=96&d=mm&r=g","contentUrl":"https:\/\/secure.gravatar.com\/avatar\/57de8e5d4b15d43fb361a71fbb36338450fe67865b528a43dd10ef7c51a20392?s=96&d=mm&r=g","caption":"La Sentinelle"},"sameAs":["http:\/\/www.lasentinelle.dz"],"url":"https:\/\/lasentinelle.dz\/author\/redaction\/"}]}},"_links":{"self":[{"href":"https:\/\/lasentinelle.dz\/index.php\/wp-json\/wp\/v2\/posts\/18884","targetHints":{"allow":["GET"]}}],"collection":[{"href":"https:\/\/lasentinelle.dz\/index.php\/wp-json\/wp\/v2\/posts"}],"about":[{"href":"https:\/\/lasentinelle.dz\/index.php\/wp-json\/wp\/v2\/types\/post"}],"author":[{"embeddable":true,"href":"https:\/\/lasentinelle.dz\/index.php\/wp-json\/wp\/v2\/users\/3"}],"replies":[{"embeddable":true,"href":"https:\/\/lasentinelle.dz\/index.php\/wp-json\/wp\/v2\/comments?post=18884"}],"version-history":[{"count":1,"href":"https:\/\/lasentinelle.dz\/index.php\/wp-json\/wp\/v2\/posts\/18884\/revisions"}],"predecessor-version":[{"id":18891,"href":"https:\/\/lasentinelle.dz\/index.php\/wp-json\/wp\/v2\/posts\/18884\/revisions\/18891"}],"wp:featuredmedia":[{"embeddable":true,"href":"https:\/\/lasentinelle.dz\/index.php\/wp-json\/wp\/v2\/media\/18890"}],"wp:attachment":[{"href":"https:\/\/lasentinelle.dz\/index.php\/wp-json\/wp\/v2\/media?parent=18884"}],"wp:term":[{"taxonomy":"category","embeddable":true,"href":"https:\/\/lasentinelle.dz\/index.php\/wp-json\/wp\/v2\/categories?post=18884"},{"taxonomy":"post_tag","embeddable":true,"href":"https:\/\/lasentinelle.dz\/index.php\/wp-json\/wp\/v2\/tags?post=18884"}],"curies":[{"name":"wp","href":"https:\/\/api.w.org\/{rel}","templated":true}]}}