{"id":18889,"date":"2022-03-27T00:01:00","date_gmt":"2022-03-26T23:01:00","guid":{"rendered":"https:\/\/lasentinelle.dz\/?p=18889"},"modified":"2022-03-26T17:14:37","modified_gmt":"2022-03-26T16:14:37","slug":"annaba-30-milliards-de-centimes-pour-relooker-el-bouni","status":"publish","type":"post","link":"https:\/\/lasentinelle.dz\/index.php\/2022\/03\/27\/annaba-30-milliards-de-centimes-pour-relooker-el-bouni\/","title":{"rendered":"Annaba\u00a0:\u00a030 milliards\u00a0de centimes\u00a0pour relooker El Bouni"},"content":{"rendered":"\n<p>Subissant de plein fouet les affres d\u2019une gestion boiteuse occasionnant la d\u00e9gradation du cadre de vie urbain et environnemental, la commune d\u2019El Bouni vient de b\u00e9n\u00e9ficier d\u2019une enveloppe financi\u00e8re de 30 milliards de centimes pour l\u2019am\u00e9nagement urbain. La commune d\u2019El Bouni est l\u2019une des plus grandes communes du pays et la plus peupl\u00e9e en raison des nouvelles cit\u00e9s urbaines cr\u00e9\u00e9es dans le cadre de la r\u00e9sorption de l\u2019habitat pr\u00e9caire et les constructions illicites. Or, ces nouvelles cit\u00e9s se sont, au fil des ann\u00e9es, d\u00e9grad\u00e9es en raison de la d\u00e9t\u00e9rioration du r\u00e9seau routier et l\u2019absence de l\u2019\u00e9clairage public mais surtout la prolif\u00e9ration des ordures m\u00e9nag\u00e8res. Situation qualifi\u00e9e d\u2019insoutenable par les habitants, notamment les occupants des nouvelles cit\u00e9s,&nbsp;notamment celle de&nbsp;Bouzaaroura. Des actions de&nbsp;protestation pour r\u00e9clamer&nbsp;l\u2019am\u00e9lioration du cadre de vie ont \u00e9t\u00e9 observ\u00e9es moult fois par les habitants. Une revendication qualifi\u00e9e de l\u00e9gitime par les nouveaux \u00e9lus qui ont d\u00e9cid\u00e9 de faire d\u2019El Bouni la commune o\u00f9 il fait bon vivre \u00e0 travers le lancement d\u2019une vaste op\u00e9ration de lifting. Selon les pr\u00e9cisions apport\u00e9es par le P\/APC de cette commune,&nbsp;\u00ab&nbsp;les habitants d\u2019El Bouni sont en droit de demander l\u2019am\u00e9lioration de leur cadre de vie&nbsp;\u00bb.&nbsp;Selon le m\u00eame&nbsp;responsable, le programme d\u2019am\u00e9nagement tient compte de tous les aspects pour am\u00e9liorer le cadre de vie et l\u2019environnement. \u00c0 travers ce programme, il sera proc\u00e9d\u00e9 \u00e0 la r\u00e9fection des routes, la remise en \u00e9tat de l\u2019\u00e9clairage public d\u00e9fectueux dans la plupart des quartiers de la ville d\u2019El Bouni, nous-dit-on. Sont \u00e9galement retenus dans cette op\u00e9ration d\u2019am\u00e9nagement urbain, la r\u00e9habilitation du r\u00e9seau d\u2019assainissement et d\u2019\u00e9vacuation des eaux us\u00e9es ainsi que l\u2019entretien des espaces verts, a ajout\u00e9 le maire d\u2019El Bouni qui&nbsp;a pr\u00e9cis\u00e9&nbsp;qu\u2019outre Bouzaaroura,&nbsp;les sites d\u2019Essarouel, Chabia et Oued Enil&nbsp;sont concern\u00e9s par cette op\u00e9ration. Des r\u00e9gions et localit\u00e9s urbaines qui ne diff\u00e8rent en rien des zones d\u2019ombre. Un fait \u00e0 l\u2019origine de la prolif\u00e9ration du banditisme et la criminalit\u00e9&nbsp;en gangs de quartiers, notamment \u00e0 Bouzaaroura, Bidari et Oued Enil. Aujourd\u2019hui, la donne semble avoir chang\u00e9 \u00e0 la faveur des habitants des cit\u00e9s, quartiers et localit\u00e9s de la commune d\u2019El Bouni o\u00f9&nbsp;les chantiers tous azimut ont commenc\u00e9&nbsp;\u00e0 \u00eatre lanc\u00e9s.&nbsp;Des travaux de r\u00e9fection des routes rest\u00e9es impraticables des ann\u00e9es durant&nbsp;ont d\u2019ailleurs \u00e9t\u00e9 entam\u00e9s. S\u2019agissant de la cadence des travaux d\u2019am\u00e9nagement, notamment \u00e0 l\u2019approche du mois sacr\u00e9&nbsp;de Ramadhan&nbsp;et surtout la saison estivale, le&nbsp;P\/APC&nbsp;d\u2019El Bouni, semble tenir compte de la qualit\u00e9 des travaux et non de leur acc\u00e9l\u00e9ration.&nbsp;\u00ab&nbsp;Je pr\u00e9f\u00e8re des travaux de r\u00e9alisation qui r\u00e9pondent aux normes requises que de&nbsp;de me soucier de&nbsp;leur dur\u00e9e&nbsp;\u00bb, a expliqu\u00e9 l\u2019\u00e9lu qui n\u2019a pas omis de souligner&nbsp;qu\u2019il fera personnellement le suivi quotidien des op\u00e9rations relevant de ce programme d\u2019am\u00e9nagement urbain. En attendant de voir le nouveau visage de la commune de Sidi Ahmed El Bouni, il convient de rappeler qu\u2019une op\u00e9ration similaire avait, il y\u2019a quelques ann\u00e9es, \u00e9t\u00e9 lanc\u00e9e&nbsp;dans le m\u00eame cadre, mais jamais&nbsp;qu\u2019aucun am\u00e9nagement n\u2019ait&nbsp;\u00e9t\u00e9 op\u00e9r\u00e9&nbsp;malgr\u00e9 la mobilisation de&nbsp;80 milliards&nbsp;de centimes.<\/p>\n\n\n\n<p><strong>Sofia Chahine<\/strong><\/p>\n","protected":false},"excerpt":{"rendered":"<p>Subissant de plein fouet les affres d\u2019une gestion boiteuse occasionnant la d\u00e9gradation du cadre de vie urbain et environnemental, la<\/p>\n","protected":false},"author":3,"featured_media":18892,"comment_status":"open","ping_status":"closed","sticky":false,"template":"","format":"standard","meta":{"colormag_page_container_layout":"default_layout","colormag_page_sidebar_layout":"default_layout","om_disable_all_campaigns":false,"_monsterinsights_skip_tracking":false,"_monsterinsights_sitenote_active":false,"_monsterinsights_sitenote_note":"","_monsterinsights_sitenote_category":0,"footnotes":"","_wpscppro_dont_share_socialmedia":false,"_wpscppro_custom_social_share_image":0,"_facebook_share_type":"","_twitter_share_type":"","_linkedin_share_type":"","_pinterest_share_type":"","_linkedin_share_type_page":"","_instagram_share_type":"","_medium_share_type":"","_threads_share_type":"","_google_business_share_type":"","_selected_social_profile":[],"_wpsp_enable_custom_social_template":false,"_wpsp_social_scheduling":{"enabled":false,"datetime":null,"platforms":[],"status":"template_only","dateOption":"today","timeOption":"now","customDays":"","customHours":"","customDate":"","customTime":"","schedulingType":"absolute"},"_wpsp_active_default_template":true},"categories":[31],"tags":[],"class_list":["post-18889","post","type-post","status-publish","format-standard","has-post-thumbnail","hentry","category-regions"],"aioseo_notices":[],"yoast_head":"<!-- This site is optimized with the Yoast SEO plugin v27.5 - https:\/\/yoast.com\/product\/yoast-seo-wordpress\/ -->\n<title>Annaba\u00a0:\u00a030 milliards\u00a0de centimes\u00a0pour relooker El Bouni - La Sentinelle<\/title>\n<meta name=\"robots\" content=\"index, follow, max-snippet:-1, max-image-preview:large, max-video-preview:-1\" \/>\n<link rel=\"canonical\" href=\"https:\/\/lasentinelle.dz\/index.php\/2022\/03\/27\/annaba-30-milliards-de-centimes-pour-relooker-el-bouni\/\" \/>\n<meta property=\"og:locale\" content=\"fr_FR\" \/>\n<meta property=\"og:type\" content=\"article\" \/>\n<meta property=\"og:title\" content=\"Annaba\u00a0:\u00a030 milliards\u00a0de centimes\u00a0pour relooker El Bouni - La Sentinelle\" \/>\n<meta property=\"og:description\" content=\"Subissant de plein fouet les affres d\u2019une gestion boiteuse occasionnant la d\u00e9gradation du cadre de vie urbain et environnemental, la\" \/>\n<meta property=\"og:url\" content=\"https:\/\/lasentinelle.dz\/index.php\/2022\/03\/27\/annaba-30-milliards-de-centimes-pour-relooker-el-bouni\/\" \/>\n<meta property=\"og:site_name\" content=\"La Sentinelle\" \/>\n<meta property=\"article:publisher\" content=\"https:\/\/www.facebook.com\/La-Sentinelle-104059864394773\" \/>\n<meta property=\"article:published_time\" content=\"2022-03-26T23:01:00+00:00\" \/>\n<meta property=\"og:image\" content=\"https:\/\/lasentinelle.dz\/wp-content\/uploads\/2022\/03\/el-bouni.jpeg\" \/>\n\t<meta property=\"og:image:width\" content=\"500\" \/>\n\t<meta property=\"og:image:height\" content=\"375\" \/>\n\t<meta property=\"og:image:type\" content=\"image\/jpeg\" \/>\n<meta name=\"author\" content=\"La Sentinelle\" \/>\n<meta name=\"twitter:card\" content=\"summary_large_image\" \/>\n<meta name=\"twitter:label1\" content=\"\u00c9crit par\" \/>\n\t<meta name=\"twitter:data1\" content=\"La Sentinelle\" \/>\n\t<meta name=\"twitter:label2\" content=\"Dur\u00e9e de lecture estim\u00e9e\" \/>\n\t<meta name=\"twitter:data2\" content=\"3 minutes\" \/>\n<script type=\"application\/ld+json\" class=\"yoast-schema-graph\">{\"@context\":\"https:\\\/\\\/schema.org\",\"@graph\":[{\"@type\":\"Article\",\"@id\":\"https:\\\/\\\/lasentinelle.dz\\\/index.php\\\/2022\\\/03\\\/27\\\/annaba-30-milliards-de-centimes-pour-relooker-el-bouni\\\/#article\",\"isPartOf\":{\"@id\":\"https:\\\/\\\/lasentinelle.dz\\\/index.php\\\/2022\\\/03\\\/27\\\/annaba-30-milliards-de-centimes-pour-relooker-el-bouni\\\/\"},\"author\":{\"name\":\"La Sentinelle\",\"@id\":\"https:\\\/\\\/lasentinelle.dz\\\/#\\\/schema\\\/person\\\/d865044e22e70a75174ce8bcad3acfb3\"},\"headline\":\"Annaba\u00a0:\u00a030 milliards\u00a0de centimes\u00a0pour relooker El Bouni\",\"datePublished\":\"2022-03-26T23:01:00+00:00\",\"mainEntityOfPage\":{\"@id\":\"https:\\\/\\\/lasentinelle.dz\\\/index.php\\\/2022\\\/03\\\/27\\\/annaba-30-milliards-de-centimes-pour-relooker-el-bouni\\\/\"},\"wordCount\":656,\"commentCount\":0,\"publisher\":{\"@id\":\"https:\\\/\\\/lasentinelle.dz\\\/#organization\"},\"image\":{\"@id\":\"https:\\\/\\\/lasentinelle.dz\\\/index.php\\\/2022\\\/03\\\/27\\\/annaba-30-milliards-de-centimes-pour-relooker-el-bouni\\\/#primaryimage\"},\"thumbnailUrl\":\"https:\\\/\\\/lasentinelle.dz\\\/wp-content\\\/uploads\\\/2022\\\/03\\\/el-bouni.jpeg\",\"articleSection\":[\"R\u00e9gions\"],\"inLanguage\":\"fr-FR\",\"potentialAction\":[{\"@type\":\"CommentAction\",\"name\":\"Comment\",\"target\":[\"https:\\\/\\\/lasentinelle.dz\\\/index.php\\\/2022\\\/03\\\/27\\\/annaba-30-milliards-de-centimes-pour-relooker-el-bouni\\\/#respond\"]}]},{\"@type\":\"WebPage\",\"@id\":\"https:\\\/\\\/lasentinelle.dz\\\/index.php\\\/2022\\\/03\\\/27\\\/annaba-30-milliards-de-centimes-pour-relooker-el-bouni\\\/\",\"url\":\"https:\\\/\\\/lasentinelle.dz\\\/index.php\\\/2022\\\/03\\\/27\\\/annaba-30-milliards-de-centimes-pour-relooker-el-bouni\\\/\",\"name\":\"Annaba\u00a0:\u00a030 milliards\u00a0de centimes\u00a0pour relooker El Bouni - La Sentinelle\",\"isPartOf\":{\"@id\":\"https:\\\/\\\/lasentinelle.dz\\\/#website\"},\"primaryImageOfPage\":{\"@id\":\"https:\\\/\\\/lasentinelle.dz\\\/index.php\\\/2022\\\/03\\\/27\\\/annaba-30-milliards-de-centimes-pour-relooker-el-bouni\\\/#primaryimage\"},\"image\":{\"@id\":\"https:\\\/\\\/lasentinelle.dz\\\/index.php\\\/2022\\\/03\\\/27\\\/annaba-30-milliards-de-centimes-pour-relooker-el-bouni\\\/#primaryimage\"},\"thumbnailUrl\":\"https:\\\/\\\/lasentinelle.dz\\\/wp-content\\\/uploads\\\/2022\\\/03\\\/el-bouni.jpeg\",\"datePublished\":\"2022-03-26T23:01:00+00:00\",\"breadcrumb\":{\"@id\":\"https:\\\/\\\/lasentinelle.dz\\\/index.php\\\/2022\\\/03\\\/27\\\/annaba-30-milliards-de-centimes-pour-relooker-el-bouni\\\/#breadcrumb\"},\"inLanguage\":\"fr-FR\",\"potentialAction\":[{\"@type\":\"ReadAction\",\"target\":[\"https:\\\/\\\/lasentinelle.dz\\\/index.php\\\/2022\\\/03\\\/27\\\/annaba-30-milliards-de-centimes-pour-relooker-el-bouni\\\/\"]}]},{\"@type\":\"ImageObject\",\"inLanguage\":\"fr-FR\",\"@id\":\"https:\\\/\\\/lasentinelle.dz\\\/index.php\\\/2022\\\/03\\\/27\\\/annaba-30-milliards-de-centimes-pour-relooker-el-bouni\\\/#primaryimage\",\"url\":\"https:\\\/\\\/lasentinelle.dz\\\/wp-content\\\/uploads\\\/2022\\\/03\\\/el-bouni.jpeg\",\"contentUrl\":\"https:\\\/\\\/lasentinelle.dz\\\/wp-content\\\/uploads\\\/2022\\\/03\\\/el-bouni.jpeg\",\"width\":500,\"height\":375},{\"@type\":\"BreadcrumbList\",\"@id\":\"https:\\\/\\\/lasentinelle.dz\\\/index.php\\\/2022\\\/03\\\/27\\\/annaba-30-milliards-de-centimes-pour-relooker-el-bouni\\\/#breadcrumb\",\"itemListElement\":[{\"@type\":\"ListItem\",\"position\":1,\"name\":\"Accueil\",\"item\":\"https:\\\/\\\/lasentinelle.dz\\\/\"},{\"@type\":\"ListItem\",\"position\":2,\"name\":\"Annaba\u00a0:\u00a030 milliards\u00a0de centimes\u00a0pour relooker El Bouni\"}]},{\"@type\":\"WebSite\",\"@id\":\"https:\\\/\\\/lasentinelle.dz\\\/#website\",\"url\":\"https:\\\/\\\/lasentinelle.dz\\\/\",\"name\":\"La Sentinelle\",\"description\":\"Quotidien national d&#039;information\",\"publisher\":{\"@id\":\"https:\\\/\\\/lasentinelle.dz\\\/#organization\"},\"potentialAction\":[{\"@type\":\"SearchAction\",\"target\":{\"@type\":\"EntryPoint\",\"urlTemplate\":\"https:\\\/\\\/lasentinelle.dz\\\/?s={search_term_string}\"},\"query-input\":{\"@type\":\"PropertyValueSpecification\",\"valueRequired\":true,\"valueName\":\"search_term_string\"}}],\"inLanguage\":\"fr-FR\"},{\"@type\":\"Organization\",\"@id\":\"https:\\\/\\\/lasentinelle.dz\\\/#organization\",\"name\":\"Quotidien La Sentinelle\",\"url\":\"https:\\\/\\\/lasentinelle.dz\\\/\",\"logo\":{\"@type\":\"ImageObject\",\"inLanguage\":\"fr-FR\",\"@id\":\"https:\\\/\\\/lasentinelle.dz\\\/#\\\/schema\\\/logo\\\/image\\\/\",\"url\":\"https:\\\/\\\/lasentinelle.dz\\\/wp-content\\\/uploads\\\/2021\\\/09\\\/logo-sentinelleSLOGAN-1.png\",\"contentUrl\":\"https:\\\/\\\/lasentinelle.dz\\\/wp-content\\\/uploads\\\/2021\\\/09\\\/logo-sentinelleSLOGAN-1.png\",\"width\":615,\"height\":142,\"caption\":\"Quotidien La Sentinelle\"},\"image\":{\"@id\":\"https:\\\/\\\/lasentinelle.dz\\\/#\\\/schema\\\/logo\\\/image\\\/\"},\"sameAs\":[\"https:\\\/\\\/www.facebook.com\\\/La-Sentinelle-104059864394773\"]},{\"@type\":\"Person\",\"@id\":\"https:\\\/\\\/lasentinelle.dz\\\/#\\\/schema\\\/person\\\/d865044e22e70a75174ce8bcad3acfb3\",\"name\":\"La Sentinelle\",\"image\":{\"@type\":\"ImageObject\",\"inLanguage\":\"fr-FR\",\"@id\":\"https:\\\/\\\/secure.gravatar.com\\\/avatar\\\/57de8e5d4b15d43fb361a71fbb36338450fe67865b528a43dd10ef7c51a20392?s=96&d=mm&r=g\",\"url\":\"https:\\\/\\\/secure.gravatar.com\\\/avatar\\\/57de8e5d4b15d43fb361a71fbb36338450fe67865b528a43dd10ef7c51a20392?s=96&d=mm&r=g\",\"contentUrl\":\"https:\\\/\\\/secure.gravatar.com\\\/avatar\\\/57de8e5d4b15d43fb361a71fbb36338450fe67865b528a43dd10ef7c51a20392?s=96&d=mm&r=g\",\"caption\":\"La Sentinelle\"},\"sameAs\":[\"http:\\\/\\\/www.lasentinelle.dz\"],\"url\":\"https:\\\/\\\/lasentinelle.dz\\\/author\\\/redaction\\\/\"}]}<\/script>\n<!-- \/ Yoast SEO plugin. -->","yoast_head_json":{"title":"Annaba\u00a0:\u00a030 milliards\u00a0de centimes\u00a0pour relooker El Bouni - La Sentinelle","robots":{"index":"index","follow":"follow","max-snippet":"max-snippet:-1","max-image-preview":"max-image-preview:large","max-video-preview":"max-video-preview:-1"},"canonical":"https:\/\/lasentinelle.dz\/index.php\/2022\/03\/27\/annaba-30-milliards-de-centimes-pour-relooker-el-bouni\/","og_locale":"fr_FR","og_type":"article","og_title":"Annaba\u00a0:\u00a030 milliards\u00a0de centimes\u00a0pour relooker El Bouni - La Sentinelle","og_description":"Subissant de plein fouet les affres d\u2019une gestion boiteuse occasionnant la d\u00e9gradation du cadre de vie urbain et environnemental, la","og_url":"https:\/\/lasentinelle.dz\/index.php\/2022\/03\/27\/annaba-30-milliards-de-centimes-pour-relooker-el-bouni\/","og_site_name":"La Sentinelle","article_publisher":"https:\/\/www.facebook.com\/La-Sentinelle-104059864394773","article_published_time":"2022-03-26T23:01:00+00:00","og_image":[{"width":500,"height":375,"url":"https:\/\/lasentinelle.dz\/wp-content\/uploads\/2022\/03\/el-bouni.jpeg","type":"image\/jpeg"}],"author":"La Sentinelle","twitter_card":"summary_large_image","twitter_misc":{"\u00c9crit par":"La Sentinelle","Dur\u00e9e de lecture estim\u00e9e":"3 minutes"},"schema":{"@context":"https:\/\/schema.org","@graph":[{"@type":"Article","@id":"https:\/\/lasentinelle.dz\/index.php\/2022\/03\/27\/annaba-30-milliards-de-centimes-pour-relooker-el-bouni\/#article","isPartOf":{"@id":"https:\/\/lasentinelle.dz\/index.php\/2022\/03\/27\/annaba-30-milliards-de-centimes-pour-relooker-el-bouni\/"},"author":{"name":"La Sentinelle","@id":"https:\/\/lasentinelle.dz\/#\/schema\/person\/d865044e22e70a75174ce8bcad3acfb3"},"headline":"Annaba\u00a0:\u00a030 milliards\u00a0de centimes\u00a0pour relooker El Bouni","datePublished":"2022-03-26T23:01:00+00:00","mainEntityOfPage":{"@id":"https:\/\/lasentinelle.dz\/index.php\/2022\/03\/27\/annaba-30-milliards-de-centimes-pour-relooker-el-bouni\/"},"wordCount":656,"commentCount":0,"publisher":{"@id":"https:\/\/lasentinelle.dz\/#organization"},"image":{"@id":"https:\/\/lasentinelle.dz\/index.php\/2022\/03\/27\/annaba-30-milliards-de-centimes-pour-relooker-el-bouni\/#primaryimage"},"thumbnailUrl":"https:\/\/lasentinelle.dz\/wp-content\/uploads\/2022\/03\/el-bouni.jpeg","articleSection":["R\u00e9gions"],"inLanguage":"fr-FR","potentialAction":[{"@type":"CommentAction","name":"Comment","target":["https:\/\/lasentinelle.dz\/index.php\/2022\/03\/27\/annaba-30-milliards-de-centimes-pour-relooker-el-bouni\/#respond"]}]},{"@type":"WebPage","@id":"https:\/\/lasentinelle.dz\/index.php\/2022\/03\/27\/annaba-30-milliards-de-centimes-pour-relooker-el-bouni\/","url":"https:\/\/lasentinelle.dz\/index.php\/2022\/03\/27\/annaba-30-milliards-de-centimes-pour-relooker-el-bouni\/","name":"Annaba\u00a0:\u00a030 milliards\u00a0de centimes\u00a0pour relooker El Bouni - La Sentinelle","isPartOf":{"@id":"https:\/\/lasentinelle.dz\/#website"},"primaryImageOfPage":{"@id":"https:\/\/lasentinelle.dz\/index.php\/2022\/03\/27\/annaba-30-milliards-de-centimes-pour-relooker-el-bouni\/#primaryimage"},"image":{"@id":"https:\/\/lasentinelle.dz\/index.php\/2022\/03\/27\/annaba-30-milliards-de-centimes-pour-relooker-el-bouni\/#primaryimage"},"thumbnailUrl":"https:\/\/lasentinelle.dz\/wp-content\/uploads\/2022\/03\/el-bouni.jpeg","datePublished":"2022-03-26T23:01:00+00:00","breadcrumb":{"@id":"https:\/\/lasentinelle.dz\/index.php\/2022\/03\/27\/annaba-30-milliards-de-centimes-pour-relooker-el-bouni\/#breadcrumb"},"inLanguage":"fr-FR","potentialAction":[{"@type":"ReadAction","target":["https:\/\/lasentinelle.dz\/index.php\/2022\/03\/27\/annaba-30-milliards-de-centimes-pour-relooker-el-bouni\/"]}]},{"@type":"ImageObject","inLanguage":"fr-FR","@id":"https:\/\/lasentinelle.dz\/index.php\/2022\/03\/27\/annaba-30-milliards-de-centimes-pour-relooker-el-bouni\/#primaryimage","url":"https:\/\/lasentinelle.dz\/wp-content\/uploads\/2022\/03\/el-bouni.jpeg","contentUrl":"https:\/\/lasentinelle.dz\/wp-content\/uploads\/2022\/03\/el-bouni.jpeg","width":500,"height":375},{"@type":"BreadcrumbList","@id":"https:\/\/lasentinelle.dz\/index.php\/2022\/03\/27\/annaba-30-milliards-de-centimes-pour-relooker-el-bouni\/#breadcrumb","itemListElement":[{"@type":"ListItem","position":1,"name":"Accueil","item":"https:\/\/lasentinelle.dz\/"},{"@type":"ListItem","position":2,"name":"Annaba\u00a0:\u00a030 milliards\u00a0de centimes\u00a0pour relooker El Bouni"}]},{"@type":"WebSite","@id":"https:\/\/lasentinelle.dz\/#website","url":"https:\/\/lasentinelle.dz\/","name":"La Sentinelle","description":"Quotidien national d&#039;information","publisher":{"@id":"https:\/\/lasentinelle.dz\/#organization"},"potentialAction":[{"@type":"SearchAction","target":{"@type":"EntryPoint","urlTemplate":"https:\/\/lasentinelle.dz\/?s={search_term_string}"},"query-input":{"@type":"PropertyValueSpecification","valueRequired":true,"valueName":"search_term_string"}}],"inLanguage":"fr-FR"},{"@type":"Organization","@id":"https:\/\/lasentinelle.dz\/#organization","name":"Quotidien La Sentinelle","url":"https:\/\/lasentinelle.dz\/","logo":{"@type":"ImageObject","inLanguage":"fr-FR","@id":"https:\/\/lasentinelle.dz\/#\/schema\/logo\/image\/","url":"https:\/\/lasentinelle.dz\/wp-content\/uploads\/2021\/09\/logo-sentinelleSLOGAN-1.png","contentUrl":"https:\/\/lasentinelle.dz\/wp-content\/uploads\/2021\/09\/logo-sentinelleSLOGAN-1.png","width":615,"height":142,"caption":"Quotidien La Sentinelle"},"image":{"@id":"https:\/\/lasentinelle.dz\/#\/schema\/logo\/image\/"},"sameAs":["https:\/\/www.facebook.com\/La-Sentinelle-104059864394773"]},{"@type":"Person","@id":"https:\/\/lasentinelle.dz\/#\/schema\/person\/d865044e22e70a75174ce8bcad3acfb3","name":"La Sentinelle","image":{"@type":"ImageObject","inLanguage":"fr-FR","@id":"https:\/\/secure.gravatar.com\/avatar\/57de8e5d4b15d43fb361a71fbb36338450fe67865b528a43dd10ef7c51a20392?s=96&d=mm&r=g","url":"https:\/\/secure.gravatar.com\/avatar\/57de8e5d4b15d43fb361a71fbb36338450fe67865b528a43dd10ef7c51a20392?s=96&d=mm&r=g","contentUrl":"https:\/\/secure.gravatar.com\/avatar\/57de8e5d4b15d43fb361a71fbb36338450fe67865b528a43dd10ef7c51a20392?s=96&d=mm&r=g","caption":"La Sentinelle"},"sameAs":["http:\/\/www.lasentinelle.dz"],"url":"https:\/\/lasentinelle.dz\/author\/redaction\/"}]}},"_links":{"self":[{"href":"https:\/\/lasentinelle.dz\/index.php\/wp-json\/wp\/v2\/posts\/18889","targetHints":{"allow":["GET"]}}],"collection":[{"href":"https:\/\/lasentinelle.dz\/index.php\/wp-json\/wp\/v2\/posts"}],"about":[{"href":"https:\/\/lasentinelle.dz\/index.php\/wp-json\/wp\/v2\/types\/post"}],"author":[{"embeddable":true,"href":"https:\/\/lasentinelle.dz\/index.php\/wp-json\/wp\/v2\/users\/3"}],"replies":[{"embeddable":true,"href":"https:\/\/lasentinelle.dz\/index.php\/wp-json\/wp\/v2\/comments?post=18889"}],"version-history":[{"count":1,"href":"https:\/\/lasentinelle.dz\/index.php\/wp-json\/wp\/v2\/posts\/18889\/revisions"}],"predecessor-version":[{"id":18893,"href":"https:\/\/lasentinelle.dz\/index.php\/wp-json\/wp\/v2\/posts\/18889\/revisions\/18893"}],"wp:featuredmedia":[{"embeddable":true,"href":"https:\/\/lasentinelle.dz\/index.php\/wp-json\/wp\/v2\/media\/18892"}],"wp:attachment":[{"href":"https:\/\/lasentinelle.dz\/index.php\/wp-json\/wp\/v2\/media?parent=18889"}],"wp:term":[{"taxonomy":"category","embeddable":true,"href":"https:\/\/lasentinelle.dz\/index.php\/wp-json\/wp\/v2\/categories?post=18889"},{"taxonomy":"post_tag","embeddable":true,"href":"https:\/\/lasentinelle.dz\/index.php\/wp-json\/wp\/v2\/tags?post=18889"}],"curies":[{"name":"wp","href":"https:\/\/api.w.org\/{rel}","templated":true}]}}