{"id":18897,"date":"2022-03-27T00:05:00","date_gmt":"2022-03-26T23:05:00","guid":{"rendered":"https:\/\/lasentinelle.dz\/?p=18897"},"modified":"2022-03-26T19:54:19","modified_gmt":"2022-03-26T18:54:19","slug":"programme-de-developpement-du-sud-et-des-hauts-plateaux-le-gouvernement-remet-de-lordre-dans-ses-investissements","status":"publish","type":"post","link":"https:\/\/lasentinelle.dz\/index.php\/2022\/03\/27\/programme-de-developpement-du-sud-et-des-hauts-plateaux-le-gouvernement-remet-de-lordre-dans-ses-investissements\/","title":{"rendered":"Programme de d\u00e9veloppement du Sud et des Hauts-Plateaux\u00a0: Le Gouvernement remet de l\u2019ordre dans ses investissements"},"content":{"rendered":"\n<p>Le financement des projets d\u2019investissements publics par le tr\u00e9sor vient d\u2019\u00eatre revu par les pouvoirs publics qui comptent ainsi apporter de nouveaux m\u00e9canismes juridiques \u00e0 m\u00eame de recadrer les d\u00e9penses. Arrimer ce volet \u00e0 l\u2019esprit de la nouvelle d\u00e9marche visant \u00e0 rationaliser les d\u00e9penses de l\u2019Etat passe en effet par ce recadrage dans le volet financier qui souffrait par le pass\u00e9 de nombreuses failles dont notamment la r\u00e9\u00e9valuation des budgets.&nbsp;Une rationalisation qui pr\u00e9voit \u00e9galement et surtout l\u2019assainissement des comptes d\u2019affectation sp\u00e9ciaux. C\u2019est dans ce contexte justement que de nouvelles dispositions destin\u00e9es \u00e0 remettre de l\u2019ordre dans les comptes d\u2019affectation sp\u00e9ciaux destin\u00e9s \u00e0 la gestion des investissements publics dans le cadre des programmes de d\u00e9veloppement dans le Sud et les Hauts-Plateaux. C\u2019est dans ce contexte qu\u2019un d\u00e9cret ex\u00e9cutif vient&nbsp;qui fixe&nbsp;&nbsp;les modalit\u00e9s de fonctionnement&nbsp;&nbsp;du compte de gestion des op\u00e9rations d\u2019investissements publics&nbsp;qui devra d\u00e9sormais prendre en charge les d\u00e9penses li\u00e9es \u00e0 ces programmes vient d\u2019\u00eatre publi\u00e9. Un compte qui retrace l\u2019ensemble des d\u00e9penses li\u00e9es \u00e0 l\u2019ex\u00e9cution des projets d\u2019investissements inscrits ant\u00e9rieurement \u00e0 la date du 31 d\u00e9cembre 2021, dans le cadre du programme sp\u00e9cial de d\u00e9veloppement des wilayas du Sud et du programme compl\u00e9mentaire de d\u00e9veloppement des Hauts-Plateaux. Le d\u00e9cret prend \u00e9galement en charge le financement total ou partiel des d\u00e9penses li\u00e9es \u00e0 l\u2019ex\u00e9cution des projets d\u2019investissements inscrits ant\u00e9rieurement \u00e0 la date du 31 d\u00e9cembre 2021, dans le cadre des programmes et projets infrastructurels de d\u00e9veloppement des r\u00e9gions des Hauts-Plateaux, les d\u00e9penses li\u00e9es \u00e0 l\u2019ex\u00e9cution des projets d\u2019investissements publics financ\u00e9s conform\u00e9ment aux dispositions de l\u2019article 11 de la loi de finances compl\u00e9mentaire pour 2000.<\/p>\n\n\n\n<p>Par ailleurs, il convient de souligner que le d\u00e9cret prend en charge le volet des op\u00e9rations en cours de r\u00e9alisation intitul\u00e9 \u00ab Fonds sp\u00e9cial de d\u00e9veloppement des r\u00e9gions du&nbsp;Sud \u00bb et \u00ab Fonds sp\u00e9cial pour le d\u00e9veloppement \u00e9conomique des Hauts-Plateaux \u00bb inscrites par d\u00e9cision de la direction g\u00e9n\u00e9rale du Tr\u00e9sor en permettant la poursuite de leur ex\u00e9cution sur le solde des cr\u00e9dits de paiement allou\u00e9s pour l\u2019ann\u00e9e 2021, jusqu\u2019\u00e0 la cl\u00f4ture des op\u00e9rations en cours de r\u00e9alisation inscrites par d\u00e9cision de la direction g\u00e9n\u00e9rale du Tr\u00e9sor. Cependant, les op\u00e9rations en cours de r\u00e9alisation inscrites par d\u00e9cision du m\u00eame organisme financier&nbsp;&nbsp;n\u00e9cessitant une&nbsp;&nbsp;r\u00e9\u00e9valuation pour leur ach\u00e8vement, pourront faire l\u2019objet d\u2019une int\u00e9gration \u00e0 la nomenclature des investissements, par secteur et sous-secteur, sur des autorisations de programme et des cr\u00e9dits de paiement.&nbsp;Enfin, le financement de toutes les op\u00e9rations se fera, selon le m\u00eame d\u00e9cret, selon les moyens financiers disponibles.&nbsp;Le texte&nbsp;pr\u00e9cise \u00e0 ce sujet d\u2019ailleurs que \u00ab le paiement des d\u00e9penses des op\u00e9rations d\u2019investissements publics est pris en charge par le budget d\u2019\u00e9quipement de l\u2019Etat dans la limite des cr\u00e9dits de paiement disponibles.&nbsp;<\/p>\n\n\n\n<p><strong>Akli Amor<\/strong><\/p>\n","protected":false},"excerpt":{"rendered":"<p>Le financement des projets d\u2019investissements publics par le tr\u00e9sor vient d\u2019\u00eatre revu par les pouvoirs publics qui comptent ainsi apporter<\/p>\n","protected":false},"author":3,"featured_media":18904,"comment_status":"open","ping_status":"closed","sticky":false,"template":"","format":"standard","meta":{"colormag_page_container_layout":"default_layout","colormag_page_sidebar_layout":"default_layout","om_disable_all_campaigns":false,"_monsterinsights_skip_tracking":false,"_monsterinsights_sitenote_active":false,"_monsterinsights_sitenote_note":"","_monsterinsights_sitenote_category":0,"footnotes":"","_wpscppro_dont_share_socialmedia":false,"_wpscppro_custom_social_share_image":0,"_facebook_share_type":"","_twitter_share_type":"","_linkedin_share_type":"","_pinterest_share_type":"","_linkedin_share_type_page":"","_instagram_share_type":"","_medium_share_type":"","_threads_share_type":"","_google_business_share_type":"","_selected_social_profile":[],"_wpsp_enable_custom_social_template":false,"_wpsp_social_scheduling":{"enabled":false,"datetime":null,"platforms":[],"status":"template_only","dateOption":"today","timeOption":"now","customDays":"","customHours":"","customDate":"","customTime":"","schedulingType":"absolute"},"_wpsp_active_default_template":true},"categories":[52,27],"tags":[],"class_list":["post-18897","post","type-post","status-publish","format-standard","has-post-thumbnail","hentry","category-a-la-une","category-actualite"],"aioseo_notices":[],"yoast_head":"<!-- This site is optimized with the Yoast SEO plugin v27.5 - https:\/\/yoast.com\/product\/yoast-seo-wordpress\/ -->\n<title>Programme de d\u00e9veloppement du Sud et des Hauts-Plateaux\u00a0: Le Gouvernement remet de l\u2019ordre dans ses investissements - La Sentinelle<\/title>\n<meta name=\"robots\" content=\"index, follow, max-snippet:-1, max-image-preview:large, max-video-preview:-1\" \/>\n<link rel=\"canonical\" href=\"https:\/\/lasentinelle.dz\/index.php\/2022\/03\/27\/programme-de-developpement-du-sud-et-des-hauts-plateaux-le-gouvernement-remet-de-lordre-dans-ses-investissements\/\" \/>\n<meta property=\"og:locale\" content=\"fr_FR\" \/>\n<meta property=\"og:type\" content=\"article\" \/>\n<meta property=\"og:title\" content=\"Programme de d\u00e9veloppement du Sud et des Hauts-Plateaux\u00a0: Le Gouvernement remet de l\u2019ordre dans ses investissements - La Sentinelle\" \/>\n<meta property=\"og:description\" content=\"Le financement des projets d\u2019investissements publics par le tr\u00e9sor vient d\u2019\u00eatre revu par les pouvoirs publics qui comptent ainsi apporter\" \/>\n<meta property=\"og:url\" content=\"https:\/\/lasentinelle.dz\/index.php\/2022\/03\/27\/programme-de-developpement-du-sud-et-des-hauts-plateaux-le-gouvernement-remet-de-lordre-dans-ses-investissements\/\" \/>\n<meta property=\"og:site_name\" content=\"La Sentinelle\" \/>\n<meta property=\"article:publisher\" content=\"https:\/\/www.facebook.com\/La-Sentinelle-104059864394773\" \/>\n<meta property=\"article:published_time\" content=\"2022-03-26T23:05:00+00:00\" \/>\n<meta property=\"og:image\" content=\"https:\/\/lasentinelle.dz\/wp-content\/uploads\/2022\/03\/hopital-djanet.png\" \/>\n\t<meta property=\"og:image:width\" content=\"1427\" \/>\n\t<meta property=\"og:image:height\" content=\"900\" \/>\n\t<meta property=\"og:image:type\" content=\"image\/png\" \/>\n<meta name=\"author\" content=\"La Sentinelle\" \/>\n<meta name=\"twitter:card\" content=\"summary_large_image\" \/>\n<meta name=\"twitter:label1\" content=\"\u00c9crit par\" \/>\n\t<meta name=\"twitter:data1\" content=\"La Sentinelle\" \/>\n\t<meta name=\"twitter:label2\" content=\"Dur\u00e9e de lecture estim\u00e9e\" \/>\n\t<meta name=\"twitter:data2\" content=\"3 minutes\" \/>\n<script type=\"application\/ld+json\" class=\"yoast-schema-graph\">{\"@context\":\"https:\\\/\\\/schema.org\",\"@graph\":[{\"@type\":\"Article\",\"@id\":\"https:\\\/\\\/lasentinelle.dz\\\/index.php\\\/2022\\\/03\\\/27\\\/programme-de-developpement-du-sud-et-des-hauts-plateaux-le-gouvernement-remet-de-lordre-dans-ses-investissements\\\/#article\",\"isPartOf\":{\"@id\":\"https:\\\/\\\/lasentinelle.dz\\\/index.php\\\/2022\\\/03\\\/27\\\/programme-de-developpement-du-sud-et-des-hauts-plateaux-le-gouvernement-remet-de-lordre-dans-ses-investissements\\\/\"},\"author\":{\"name\":\"La Sentinelle\",\"@id\":\"https:\\\/\\\/lasentinelle.dz\\\/#\\\/schema\\\/person\\\/d865044e22e70a75174ce8bcad3acfb3\"},\"headline\":\"Programme de d\u00e9veloppement du Sud et des Hauts-Plateaux\u00a0: Le Gouvernement remet de l\u2019ordre dans ses investissements\",\"datePublished\":\"2022-03-26T23:05:00+00:00\",\"mainEntityOfPage\":{\"@id\":\"https:\\\/\\\/lasentinelle.dz\\\/index.php\\\/2022\\\/03\\\/27\\\/programme-de-developpement-du-sud-et-des-hauts-plateaux-le-gouvernement-remet-de-lordre-dans-ses-investissements\\\/\"},\"wordCount\":571,\"commentCount\":0,\"publisher\":{\"@id\":\"https:\\\/\\\/lasentinelle.dz\\\/#organization\"},\"image\":{\"@id\":\"https:\\\/\\\/lasentinelle.dz\\\/index.php\\\/2022\\\/03\\\/27\\\/programme-de-developpement-du-sud-et-des-hauts-plateaux-le-gouvernement-remet-de-lordre-dans-ses-investissements\\\/#primaryimage\"},\"thumbnailUrl\":\"https:\\\/\\\/lasentinelle.dz\\\/wp-content\\\/uploads\\\/2022\\\/03\\\/hopital-djanet.png\",\"articleSection\":[\"\u00c0 la Une\",\"Actualit\u00e9\"],\"inLanguage\":\"fr-FR\",\"potentialAction\":[{\"@type\":\"CommentAction\",\"name\":\"Comment\",\"target\":[\"https:\\\/\\\/lasentinelle.dz\\\/index.php\\\/2022\\\/03\\\/27\\\/programme-de-developpement-du-sud-et-des-hauts-plateaux-le-gouvernement-remet-de-lordre-dans-ses-investissements\\\/#respond\"]}]},{\"@type\":\"WebPage\",\"@id\":\"https:\\\/\\\/lasentinelle.dz\\\/index.php\\\/2022\\\/03\\\/27\\\/programme-de-developpement-du-sud-et-des-hauts-plateaux-le-gouvernement-remet-de-lordre-dans-ses-investissements\\\/\",\"url\":\"https:\\\/\\\/lasentinelle.dz\\\/index.php\\\/2022\\\/03\\\/27\\\/programme-de-developpement-du-sud-et-des-hauts-plateaux-le-gouvernement-remet-de-lordre-dans-ses-investissements\\\/\",\"name\":\"Programme de d\u00e9veloppement du Sud et des Hauts-Plateaux\u00a0: Le Gouvernement remet de l\u2019ordre dans ses investissements - La Sentinelle\",\"isPartOf\":{\"@id\":\"https:\\\/\\\/lasentinelle.dz\\\/#website\"},\"primaryImageOfPage\":{\"@id\":\"https:\\\/\\\/lasentinelle.dz\\\/index.php\\\/2022\\\/03\\\/27\\\/programme-de-developpement-du-sud-et-des-hauts-plateaux-le-gouvernement-remet-de-lordre-dans-ses-investissements\\\/#primaryimage\"},\"image\":{\"@id\":\"https:\\\/\\\/lasentinelle.dz\\\/index.php\\\/2022\\\/03\\\/27\\\/programme-de-developpement-du-sud-et-des-hauts-plateaux-le-gouvernement-remet-de-lordre-dans-ses-investissements\\\/#primaryimage\"},\"thumbnailUrl\":\"https:\\\/\\\/lasentinelle.dz\\\/wp-content\\\/uploads\\\/2022\\\/03\\\/hopital-djanet.png\",\"datePublished\":\"2022-03-26T23:05:00+00:00\",\"breadcrumb\":{\"@id\":\"https:\\\/\\\/lasentinelle.dz\\\/index.php\\\/2022\\\/03\\\/27\\\/programme-de-developpement-du-sud-et-des-hauts-plateaux-le-gouvernement-remet-de-lordre-dans-ses-investissements\\\/#breadcrumb\"},\"inLanguage\":\"fr-FR\",\"potentialAction\":[{\"@type\":\"ReadAction\",\"target\":[\"https:\\\/\\\/lasentinelle.dz\\\/index.php\\\/2022\\\/03\\\/27\\\/programme-de-developpement-du-sud-et-des-hauts-plateaux-le-gouvernement-remet-de-lordre-dans-ses-investissements\\\/\"]}]},{\"@type\":\"ImageObject\",\"inLanguage\":\"fr-FR\",\"@id\":\"https:\\\/\\\/lasentinelle.dz\\\/index.php\\\/2022\\\/03\\\/27\\\/programme-de-developpement-du-sud-et-des-hauts-plateaux-le-gouvernement-remet-de-lordre-dans-ses-investissements\\\/#primaryimage\",\"url\":\"https:\\\/\\\/lasentinelle.dz\\\/wp-content\\\/uploads\\\/2022\\\/03\\\/hopital-djanet.png\",\"contentUrl\":\"https:\\\/\\\/lasentinelle.dz\\\/wp-content\\\/uploads\\\/2022\\\/03\\\/hopital-djanet.png\",\"width\":1427,\"height\":900},{\"@type\":\"BreadcrumbList\",\"@id\":\"https:\\\/\\\/lasentinelle.dz\\\/index.php\\\/2022\\\/03\\\/27\\\/programme-de-developpement-du-sud-et-des-hauts-plateaux-le-gouvernement-remet-de-lordre-dans-ses-investissements\\\/#breadcrumb\",\"itemListElement\":[{\"@type\":\"ListItem\",\"position\":1,\"name\":\"Accueil\",\"item\":\"https:\\\/\\\/lasentinelle.dz\\\/\"},{\"@type\":\"ListItem\",\"position\":2,\"name\":\"Programme de d\u00e9veloppement du Sud et des Hauts-Plateaux\u00a0: Le Gouvernement remet de l\u2019ordre dans ses investissements\"}]},{\"@type\":\"WebSite\",\"@id\":\"https:\\\/\\\/lasentinelle.dz\\\/#website\",\"url\":\"https:\\\/\\\/lasentinelle.dz\\\/\",\"name\":\"La Sentinelle\",\"description\":\"Quotidien national d&#039;information\",\"publisher\":{\"@id\":\"https:\\\/\\\/lasentinelle.dz\\\/#organization\"},\"potentialAction\":[{\"@type\":\"SearchAction\",\"target\":{\"@type\":\"EntryPoint\",\"urlTemplate\":\"https:\\\/\\\/lasentinelle.dz\\\/?s={search_term_string}\"},\"query-input\":{\"@type\":\"PropertyValueSpecification\",\"valueRequired\":true,\"valueName\":\"search_term_string\"}}],\"inLanguage\":\"fr-FR\"},{\"@type\":\"Organization\",\"@id\":\"https:\\\/\\\/lasentinelle.dz\\\/#organization\",\"name\":\"Quotidien La Sentinelle\",\"url\":\"https:\\\/\\\/lasentinelle.dz\\\/\",\"logo\":{\"@type\":\"ImageObject\",\"inLanguage\":\"fr-FR\",\"@id\":\"https:\\\/\\\/lasentinelle.dz\\\/#\\\/schema\\\/logo\\\/image\\\/\",\"url\":\"https:\\\/\\\/lasentinelle.dz\\\/wp-content\\\/uploads\\\/2021\\\/09\\\/logo-sentinelleSLOGAN-1.png\",\"contentUrl\":\"https:\\\/\\\/lasentinelle.dz\\\/wp-content\\\/uploads\\\/2021\\\/09\\\/logo-sentinelleSLOGAN-1.png\",\"width\":615,\"height\":142,\"caption\":\"Quotidien La Sentinelle\"},\"image\":{\"@id\":\"https:\\\/\\\/lasentinelle.dz\\\/#\\\/schema\\\/logo\\\/image\\\/\"},\"sameAs\":[\"https:\\\/\\\/www.facebook.com\\\/La-Sentinelle-104059864394773\"]},{\"@type\":\"Person\",\"@id\":\"https:\\\/\\\/lasentinelle.dz\\\/#\\\/schema\\\/person\\\/d865044e22e70a75174ce8bcad3acfb3\",\"name\":\"La Sentinelle\",\"image\":{\"@type\":\"ImageObject\",\"inLanguage\":\"fr-FR\",\"@id\":\"https:\\\/\\\/secure.gravatar.com\\\/avatar\\\/57de8e5d4b15d43fb361a71fbb36338450fe67865b528a43dd10ef7c51a20392?s=96&d=mm&r=g\",\"url\":\"https:\\\/\\\/secure.gravatar.com\\\/avatar\\\/57de8e5d4b15d43fb361a71fbb36338450fe67865b528a43dd10ef7c51a20392?s=96&d=mm&r=g\",\"contentUrl\":\"https:\\\/\\\/secure.gravatar.com\\\/avatar\\\/57de8e5d4b15d43fb361a71fbb36338450fe67865b528a43dd10ef7c51a20392?s=96&d=mm&r=g\",\"caption\":\"La Sentinelle\"},\"sameAs\":[\"http:\\\/\\\/www.lasentinelle.dz\"],\"url\":\"https:\\\/\\\/lasentinelle.dz\\\/author\\\/redaction\\\/\"}]}<\/script>\n<!-- \/ Yoast SEO plugin. -->","yoast_head_json":{"title":"Programme de d\u00e9veloppement du Sud et des Hauts-Plateaux\u00a0: Le Gouvernement remet de l\u2019ordre dans ses investissements - La Sentinelle","robots":{"index":"index","follow":"follow","max-snippet":"max-snippet:-1","max-image-preview":"max-image-preview:large","max-video-preview":"max-video-preview:-1"},"canonical":"https:\/\/lasentinelle.dz\/index.php\/2022\/03\/27\/programme-de-developpement-du-sud-et-des-hauts-plateaux-le-gouvernement-remet-de-lordre-dans-ses-investissements\/","og_locale":"fr_FR","og_type":"article","og_title":"Programme de d\u00e9veloppement du Sud et des Hauts-Plateaux\u00a0: Le Gouvernement remet de l\u2019ordre dans ses investissements - La Sentinelle","og_description":"Le financement des projets d\u2019investissements publics par le tr\u00e9sor vient d\u2019\u00eatre revu par les pouvoirs publics qui comptent ainsi apporter","og_url":"https:\/\/lasentinelle.dz\/index.php\/2022\/03\/27\/programme-de-developpement-du-sud-et-des-hauts-plateaux-le-gouvernement-remet-de-lordre-dans-ses-investissements\/","og_site_name":"La Sentinelle","article_publisher":"https:\/\/www.facebook.com\/La-Sentinelle-104059864394773","article_published_time":"2022-03-26T23:05:00+00:00","og_image":[{"width":1427,"height":900,"url":"https:\/\/lasentinelle.dz\/wp-content\/uploads\/2022\/03\/hopital-djanet.png","type":"image\/png"}],"author":"La Sentinelle","twitter_card":"summary_large_image","twitter_misc":{"\u00c9crit par":"La Sentinelle","Dur\u00e9e de lecture estim\u00e9e":"3 minutes"},"schema":{"@context":"https:\/\/schema.org","@graph":[{"@type":"Article","@id":"https:\/\/lasentinelle.dz\/index.php\/2022\/03\/27\/programme-de-developpement-du-sud-et-des-hauts-plateaux-le-gouvernement-remet-de-lordre-dans-ses-investissements\/#article","isPartOf":{"@id":"https:\/\/lasentinelle.dz\/index.php\/2022\/03\/27\/programme-de-developpement-du-sud-et-des-hauts-plateaux-le-gouvernement-remet-de-lordre-dans-ses-investissements\/"},"author":{"name":"La Sentinelle","@id":"https:\/\/lasentinelle.dz\/#\/schema\/person\/d865044e22e70a75174ce8bcad3acfb3"},"headline":"Programme de d\u00e9veloppement du Sud et des Hauts-Plateaux\u00a0: Le Gouvernement remet de l\u2019ordre dans ses investissements","datePublished":"2022-03-26T23:05:00+00:00","mainEntityOfPage":{"@id":"https:\/\/lasentinelle.dz\/index.php\/2022\/03\/27\/programme-de-developpement-du-sud-et-des-hauts-plateaux-le-gouvernement-remet-de-lordre-dans-ses-investissements\/"},"wordCount":571,"commentCount":0,"publisher":{"@id":"https:\/\/lasentinelle.dz\/#organization"},"image":{"@id":"https:\/\/lasentinelle.dz\/index.php\/2022\/03\/27\/programme-de-developpement-du-sud-et-des-hauts-plateaux-le-gouvernement-remet-de-lordre-dans-ses-investissements\/#primaryimage"},"thumbnailUrl":"https:\/\/lasentinelle.dz\/wp-content\/uploads\/2022\/03\/hopital-djanet.png","articleSection":["\u00c0 la Une","Actualit\u00e9"],"inLanguage":"fr-FR","potentialAction":[{"@type":"CommentAction","name":"Comment","target":["https:\/\/lasentinelle.dz\/index.php\/2022\/03\/27\/programme-de-developpement-du-sud-et-des-hauts-plateaux-le-gouvernement-remet-de-lordre-dans-ses-investissements\/#respond"]}]},{"@type":"WebPage","@id":"https:\/\/lasentinelle.dz\/index.php\/2022\/03\/27\/programme-de-developpement-du-sud-et-des-hauts-plateaux-le-gouvernement-remet-de-lordre-dans-ses-investissements\/","url":"https:\/\/lasentinelle.dz\/index.php\/2022\/03\/27\/programme-de-developpement-du-sud-et-des-hauts-plateaux-le-gouvernement-remet-de-lordre-dans-ses-investissements\/","name":"Programme de d\u00e9veloppement du Sud et des Hauts-Plateaux\u00a0: Le Gouvernement remet de l\u2019ordre dans ses investissements - La Sentinelle","isPartOf":{"@id":"https:\/\/lasentinelle.dz\/#website"},"primaryImageOfPage":{"@id":"https:\/\/lasentinelle.dz\/index.php\/2022\/03\/27\/programme-de-developpement-du-sud-et-des-hauts-plateaux-le-gouvernement-remet-de-lordre-dans-ses-investissements\/#primaryimage"},"image":{"@id":"https:\/\/lasentinelle.dz\/index.php\/2022\/03\/27\/programme-de-developpement-du-sud-et-des-hauts-plateaux-le-gouvernement-remet-de-lordre-dans-ses-investissements\/#primaryimage"},"thumbnailUrl":"https:\/\/lasentinelle.dz\/wp-content\/uploads\/2022\/03\/hopital-djanet.png","datePublished":"2022-03-26T23:05:00+00:00","breadcrumb":{"@id":"https:\/\/lasentinelle.dz\/index.php\/2022\/03\/27\/programme-de-developpement-du-sud-et-des-hauts-plateaux-le-gouvernement-remet-de-lordre-dans-ses-investissements\/#breadcrumb"},"inLanguage":"fr-FR","potentialAction":[{"@type":"ReadAction","target":["https:\/\/lasentinelle.dz\/index.php\/2022\/03\/27\/programme-de-developpement-du-sud-et-des-hauts-plateaux-le-gouvernement-remet-de-lordre-dans-ses-investissements\/"]}]},{"@type":"ImageObject","inLanguage":"fr-FR","@id":"https:\/\/lasentinelle.dz\/index.php\/2022\/03\/27\/programme-de-developpement-du-sud-et-des-hauts-plateaux-le-gouvernement-remet-de-lordre-dans-ses-investissements\/#primaryimage","url":"https:\/\/lasentinelle.dz\/wp-content\/uploads\/2022\/03\/hopital-djanet.png","contentUrl":"https:\/\/lasentinelle.dz\/wp-content\/uploads\/2022\/03\/hopital-djanet.png","width":1427,"height":900},{"@type":"BreadcrumbList","@id":"https:\/\/lasentinelle.dz\/index.php\/2022\/03\/27\/programme-de-developpement-du-sud-et-des-hauts-plateaux-le-gouvernement-remet-de-lordre-dans-ses-investissements\/#breadcrumb","itemListElement":[{"@type":"ListItem","position":1,"name":"Accueil","item":"https:\/\/lasentinelle.dz\/"},{"@type":"ListItem","position":2,"name":"Programme de d\u00e9veloppement du Sud et des Hauts-Plateaux\u00a0: Le Gouvernement remet de l\u2019ordre dans ses investissements"}]},{"@type":"WebSite","@id":"https:\/\/lasentinelle.dz\/#website","url":"https:\/\/lasentinelle.dz\/","name":"La Sentinelle","description":"Quotidien national d&#039;information","publisher":{"@id":"https:\/\/lasentinelle.dz\/#organization"},"potentialAction":[{"@type":"SearchAction","target":{"@type":"EntryPoint","urlTemplate":"https:\/\/lasentinelle.dz\/?s={search_term_string}"},"query-input":{"@type":"PropertyValueSpecification","valueRequired":true,"valueName":"search_term_string"}}],"inLanguage":"fr-FR"},{"@type":"Organization","@id":"https:\/\/lasentinelle.dz\/#organization","name":"Quotidien La Sentinelle","url":"https:\/\/lasentinelle.dz\/","logo":{"@type":"ImageObject","inLanguage":"fr-FR","@id":"https:\/\/lasentinelle.dz\/#\/schema\/logo\/image\/","url":"https:\/\/lasentinelle.dz\/wp-content\/uploads\/2021\/09\/logo-sentinelleSLOGAN-1.png","contentUrl":"https:\/\/lasentinelle.dz\/wp-content\/uploads\/2021\/09\/logo-sentinelleSLOGAN-1.png","width":615,"height":142,"caption":"Quotidien La Sentinelle"},"image":{"@id":"https:\/\/lasentinelle.dz\/#\/schema\/logo\/image\/"},"sameAs":["https:\/\/www.facebook.com\/La-Sentinelle-104059864394773"]},{"@type":"Person","@id":"https:\/\/lasentinelle.dz\/#\/schema\/person\/d865044e22e70a75174ce8bcad3acfb3","name":"La Sentinelle","image":{"@type":"ImageObject","inLanguage":"fr-FR","@id":"https:\/\/secure.gravatar.com\/avatar\/57de8e5d4b15d43fb361a71fbb36338450fe67865b528a43dd10ef7c51a20392?s=96&d=mm&r=g","url":"https:\/\/secure.gravatar.com\/avatar\/57de8e5d4b15d43fb361a71fbb36338450fe67865b528a43dd10ef7c51a20392?s=96&d=mm&r=g","contentUrl":"https:\/\/secure.gravatar.com\/avatar\/57de8e5d4b15d43fb361a71fbb36338450fe67865b528a43dd10ef7c51a20392?s=96&d=mm&r=g","caption":"La Sentinelle"},"sameAs":["http:\/\/www.lasentinelle.dz"],"url":"https:\/\/lasentinelle.dz\/author\/redaction\/"}]}},"_links":{"self":[{"href":"https:\/\/lasentinelle.dz\/index.php\/wp-json\/wp\/v2\/posts\/18897","targetHints":{"allow":["GET"]}}],"collection":[{"href":"https:\/\/lasentinelle.dz\/index.php\/wp-json\/wp\/v2\/posts"}],"about":[{"href":"https:\/\/lasentinelle.dz\/index.php\/wp-json\/wp\/v2\/types\/post"}],"author":[{"embeddable":true,"href":"https:\/\/lasentinelle.dz\/index.php\/wp-json\/wp\/v2\/users\/3"}],"replies":[{"embeddable":true,"href":"https:\/\/lasentinelle.dz\/index.php\/wp-json\/wp\/v2\/comments?post=18897"}],"version-history":[{"count":1,"href":"https:\/\/lasentinelle.dz\/index.php\/wp-json\/wp\/v2\/posts\/18897\/revisions"}],"predecessor-version":[{"id":18905,"href":"https:\/\/lasentinelle.dz\/index.php\/wp-json\/wp\/v2\/posts\/18897\/revisions\/18905"}],"wp:featuredmedia":[{"embeddable":true,"href":"https:\/\/lasentinelle.dz\/index.php\/wp-json\/wp\/v2\/media\/18904"}],"wp:attachment":[{"href":"https:\/\/lasentinelle.dz\/index.php\/wp-json\/wp\/v2\/media?parent=18897"}],"wp:term":[{"taxonomy":"category","embeddable":true,"href":"https:\/\/lasentinelle.dz\/index.php\/wp-json\/wp\/v2\/categories?post=18897"},{"taxonomy":"post_tag","embeddable":true,"href":"https:\/\/lasentinelle.dz\/index.php\/wp-json\/wp\/v2\/tags?post=18897"}],"curies":[{"name":"wp","href":"https:\/\/api.w.org\/{rel}","templated":true}]}}