{"id":18966,"date":"2022-03-28T00:01:00","date_gmt":"2022-03-27T23:01:00","guid":{"rendered":"https:\/\/lasentinelle.dz\/?p=18966"},"modified":"2022-03-27T18:22:08","modified_gmt":"2022-03-27T17:22:08","slug":"adel-bensaci-president-du-conseil-national-pour-la-promotion-des-pme-il-faut-simplifier-les-textes","status":"publish","type":"post","link":"https:\/\/lasentinelle.dz\/index.php\/2022\/03\/28\/adel-bensaci-president-du-conseil-national-pour-la-promotion-des-pme-il-faut-simplifier-les-textes\/","title":{"rendered":"Adel Bensaci, pr\u00e9sident du Conseil national pour la promotion des PME\u00a0: \u00ab\u00a0Il faut simplifier les textes\u00a0\u00bb"},"content":{"rendered":"\n<p>Le pr\u00e9sident du Conseil national pour la promotion des petites et moyennes entreprises, Adel Bensaci, a plaid\u00e9 pour plus de facilitations en direction des PME et de l\u2019investissement.&nbsp;<\/p>\n\n\n\n<p>Intervenant hier \u00e0 l&rsquo;\u00c9mission \u00abL\u2019invit\u00e9 de la R\u00e9daction\u00bb de la Cha\u00eene 3 de la Radio Nationale, il a affirm\u00e9 que \u00abnous avons besoin d\u2019une simplification des textes\u00bb et consid\u00e8re que \u00able d\u00e9veloppement de l\u2019investissement et de l\u2019industrie n\u00e9cessitent une simplification des textes l\u00e9gislatifs r\u00e9gissant les diff\u00e9rents domaines d\u2019activit\u00e9s et qui constitue la solution\u00bb. D\u2019ailleurs, il a fait savoir que \u00abplus on rend le c\u00f4t\u00e9 l\u00e9gislatif complexe et plus on cr\u00e9e des entraves bureaucratiques\u00bb. \u00abPlus on va simplifier les choses, moins il y aura de bureaucratie\u00bb, a-t-il expliqu\u00e9. \u00abIl faut lib\u00e9rer les initiatives. Le code de l\u2019investissement, qui est tr\u00e8s attendu, prend \u00e9norm\u00e9ment de temps \u00bb, a-t-il d\u00e9plor\u00e9. Il a ajout\u00e9 que \u00abce code ne doit pas repr\u00e9senter un fardeau \u00e0 l\u2019investissement, mais remplir son r\u00f4le de cadrage r\u00e9glementaire\u00bb. Adel Bensaci a \u00e9galement appel\u00e9 pour \u00abla n\u00e9cessit\u00e9 de la stabilit\u00e9 juridique afin d\u2019assurer une bonne relance de l\u2019investissement. La stabilit\u00e9 des textes r\u00e9glementaires a \u00e9t\u00e9 le frein de l\u2019investissement. Nous en souffrons \u00e0 ce jour malheureusement\u00bb, a-t-il regrett\u00e9. Il rappelle que \u00abnous avons d\u00e9j\u00e0 un code de commerce qui permet de l\u00e9gif\u00e9rer sur les activit\u00e9s commerciales et l\u2019acte d\u2019investir par exemple\u00bb. \u00c9voquant \u00abla relance industrielle \u00bb, l\u2019invit\u00e9 de la R\u00e9daction estime que ce projet \u00abn\u00e9cessite une v\u00e9ritable maturation de toutes les politiques qui doivent \u00eatre mises en vigueur pour \u00e9viter les erreurs commises par le pass\u00e9\u00bb. \u00abIl faut apprendre de nos erreurs, c\u2019est la r\u00e8gle de base dans le management\u00bb, a-t-il encore une fois appel\u00e9. Il saluera l\u2019objectif de faire passer la part de l\u2019industrie de 6 \u00e0 15 % du PIB, donn\u00e9 par le Pr\u00e9sident Tebboune lors des assises sur la relance industrielle tenues en d\u00e9cembre dernier, Adel Bensaci indique qu\u2019\u00abau-del\u00e0 de cet objectif, il y a une v\u00e9ritable politique \u00e0 mettre en place par tous les minist\u00e8res \u00e0 savoir le minist\u00e8re de l\u2019Industrie, celui du Commerce et de l\u2019Emploi\u00bb. \u00abDerri\u00e8re cet objectif, a-t-il soulign\u00e9, il y a une v\u00e9ritable r\u00e9industrialisation du pays qui est en train de se faire\u00bb. \u00abJe dis cela parce que le travail n\u2019a pas \u00e9t\u00e9 commenc\u00e9 au mois de d\u00e9cembre dernier, mais il y a eu d\u00e9j\u00e0 des actions qui ont \u00e9t\u00e9 ent\u00e9rin\u00e9es il y a de cela plusieurs mois d\u00e9j\u00e0, \u00e0 partir de 2020 et 2021\u00bb, a-t-il soulign\u00e9. \u00abNous avons subi la contrainte de la transition politique en plus de l\u2019impact sur l\u2019\u00e9conomie induite par la crise de la Covid 19\u00bb dira l\u2019invit\u00e9 de l\u2019\u00e9mission. Adel Bensaci a salu\u00e9 \u00ables efforts du Groupe Sonatrach, travaillant pour la pr\u00e9-qualification de sous-traitants, notamment en ce qui concerne ses activit\u00e9s en amont \u00e0 savoir le forage, l\u2019exploration\u00bb. \u00abNous sommes en train de travailler pour le recouvrement de notre ind\u00e9pendance \u00e9conomique et industrielle \u00bb, a-t-il indiqu\u00e9. Il pr\u00e9cisera que \u00able r\u00f4le important de ses filiales est d\u2019aller, non seulement vers l\u2019int\u00e9gration de la pi\u00e8ce de rechange, mais de voir au-del\u00e0 de la fabrication d\u2019\u00e9l\u00e9ments de structures, d\u2019appareils de forage en entier en Alg\u00e9rie\u00bb. \u00abC\u2019est r\u00e9alisable \u00bb, a-t-il assur\u00e9, consid\u00e9rant que \u00abl\u2019Alg\u00e9rie poss\u00e8de tous les \u00e9l\u00e9ments et atouts le permettant \u00bb. Il s\u2019agit, selon Bensaci, \u00ab des centres de recherches et de d\u00e9veloppements, des centres techniques d\u2019expertise et les parties tierces qui nous manquaient\u00bb. \u00abTous les sous-traitants, priv\u00e9s ou publics, peuvent relever ce d\u00e9fi \u00bb, a-t-il affirm\u00e9, consid\u00e9rant qu\u2019\u00ab il n\u2019y a qu\u2019\u00e0 travers la fabrication des machines qu\u2019on arrivera \u00e0 int\u00e9grer la cha\u00eene des valeurs internationales\u00bb. \u00abNous ne pouvons pas rester uniquement sur la fabrication de pi\u00e8ces de rechange et de la sous traitance de base\u00bb, ajoutera-t-il. \u00abNous devons changer de paradigme faisant croire que \u00ab la sous traitance a \u00e9t\u00e9 consid\u00e9r\u00e9 comme un parent pauvre qu\u2019il fallait aider dans le cadre de la politique de soutien social aux entreprises\u00bb. En ce sens, il a cit\u00e9 la politique du d\u00e9veloppement du secteur des hydrocarbures, ayant opt\u00e9 pour \u00abune v\u00e9ritable industrie int\u00e9gr\u00e9e\u00bb. \u00abS\u2019il n&rsquo;y avait pas eu cette politique, nous serions rest\u00e9s toujours attach\u00e9s aux technologies import\u00e9es\u00bb, a-t-il soutenu. Tablant sur la r\u00e9organisation du secteur de l\u2019Industrie, le Conseil national pour la promotion des petites et moyennes entreprises se met en harmonie avec le minist\u00e8re de l\u2019Industrie en r\u00e9organisant par fili\u00e8re plusieurs secteurs strat\u00e9giques. Il s\u2019agit essentiellement de la m\u00e9canique, le textile, l\u2019agroalimentaire et l\u2019\u00e9lectronique. Plusieurs clusters par filiale ont \u00e9t\u00e9 constitu\u00e9s \u00e0 savoir le cluster de la m\u00e9canique de pr\u00e9cision, celui des boissons le cluster des \u00e9nergies renouvelables \u00bb. Cette r\u00e9organisation permettra d\u2019abord de pouvoir organiser les diff\u00e9rentes cha\u00eenes de valeurs en les arrimant avec les standards internationaux.&nbsp;<\/p>\n\n\n\n<p><strong>Salim Abdenour<\/strong><\/p>\n","protected":false},"excerpt":{"rendered":"<p>Le pr\u00e9sident du Conseil national pour la promotion des petites et moyennes entreprises, Adel Bensaci, a plaid\u00e9 pour plus de<\/p>\n","protected":false},"author":3,"featured_media":18967,"comment_status":"open","ping_status":"closed","sticky":false,"template":"","format":"standard","meta":{"colormag_page_container_layout":"default_layout","colormag_page_sidebar_layout":"default_layout","om_disable_all_campaigns":false,"_monsterinsights_skip_tracking":false,"_monsterinsights_sitenote_active":false,"_monsterinsights_sitenote_note":"","_monsterinsights_sitenote_category":0,"footnotes":"","_wpscppro_dont_share_socialmedia":false,"_wpscppro_custom_social_share_image":0,"_facebook_share_type":"","_twitter_share_type":"","_linkedin_share_type":"","_pinterest_share_type":"","_linkedin_share_type_page":"","_instagram_share_type":"","_medium_share_type":"","_threads_share_type":"","_google_business_share_type":"","_selected_social_profile":[],"_wpsp_enable_custom_social_template":false,"_wpsp_social_scheduling":{"enabled":false,"datetime":null,"platforms":[],"status":"template_only","dateOption":"today","timeOption":"now","customDays":"","customHours":"","customDate":"","customTime":"","schedulingType":"absolute"},"_wpsp_active_default_template":true},"categories":[29],"tags":[],"class_list":["post-18966","post","type-post","status-publish","format-standard","has-post-thumbnail","hentry","category-economie"],"aioseo_notices":[],"yoast_head":"<!-- This site is optimized with the Yoast SEO plugin v27.5 - https:\/\/yoast.com\/product\/yoast-seo-wordpress\/ -->\n<title>Adel Bensaci, pr\u00e9sident du Conseil national pour la promotion des PME\u00a0: \u00ab\u00a0Il faut simplifier les textes\u00a0\u00bb - La Sentinelle<\/title>\n<meta name=\"robots\" content=\"index, follow, max-snippet:-1, max-image-preview:large, max-video-preview:-1\" \/>\n<link rel=\"canonical\" href=\"https:\/\/lasentinelle.dz\/index.php\/2022\/03\/28\/adel-bensaci-president-du-conseil-national-pour-la-promotion-des-pme-il-faut-simplifier-les-textes\/\" \/>\n<meta property=\"og:locale\" content=\"fr_FR\" \/>\n<meta property=\"og:type\" content=\"article\" \/>\n<meta property=\"og:title\" content=\"Adel Bensaci, pr\u00e9sident du Conseil national pour la promotion des PME\u00a0: \u00ab\u00a0Il faut simplifier les textes\u00a0\u00bb - La Sentinelle\" \/>\n<meta property=\"og:description\" content=\"Le pr\u00e9sident du Conseil national pour la promotion des petites et moyennes entreprises, Adel Bensaci, a plaid\u00e9 pour plus de\" \/>\n<meta property=\"og:url\" content=\"https:\/\/lasentinelle.dz\/index.php\/2022\/03\/28\/adel-bensaci-president-du-conseil-national-pour-la-promotion-des-pme-il-faut-simplifier-les-textes\/\" \/>\n<meta property=\"og:site_name\" content=\"La Sentinelle\" \/>\n<meta property=\"article:publisher\" content=\"https:\/\/www.facebook.com\/La-Sentinelle-104059864394773\" \/>\n<meta property=\"article:published_time\" content=\"2022-03-27T23:01:00+00:00\" \/>\n<meta property=\"og:image\" content=\"https:\/\/lasentinelle.dz\/wp-content\/uploads\/2022\/03\/Adel-Bensaci.png\" \/>\n\t<meta property=\"og:image:width\" content=\"1361\" \/>\n\t<meta property=\"og:image:height\" content=\"900\" \/>\n\t<meta property=\"og:image:type\" content=\"image\/png\" \/>\n<meta name=\"author\" content=\"La Sentinelle\" \/>\n<meta name=\"twitter:card\" content=\"summary_large_image\" \/>\n<meta name=\"twitter:label1\" content=\"\u00c9crit par\" \/>\n\t<meta name=\"twitter:data1\" content=\"La Sentinelle\" \/>\n\t<meta name=\"twitter:label2\" content=\"Dur\u00e9e de lecture estim\u00e9e\" \/>\n\t<meta name=\"twitter:data2\" content=\"4 minutes\" \/>\n<script type=\"application\/ld+json\" class=\"yoast-schema-graph\">{\"@context\":\"https:\\\/\\\/schema.org\",\"@graph\":[{\"@type\":\"Article\",\"@id\":\"https:\\\/\\\/lasentinelle.dz\\\/index.php\\\/2022\\\/03\\\/28\\\/adel-bensaci-president-du-conseil-national-pour-la-promotion-des-pme-il-faut-simplifier-les-textes\\\/#article\",\"isPartOf\":{\"@id\":\"https:\\\/\\\/lasentinelle.dz\\\/index.php\\\/2022\\\/03\\\/28\\\/adel-bensaci-president-du-conseil-national-pour-la-promotion-des-pme-il-faut-simplifier-les-textes\\\/\"},\"author\":{\"name\":\"La Sentinelle\",\"@id\":\"https:\\\/\\\/lasentinelle.dz\\\/#\\\/schema\\\/person\\\/d865044e22e70a75174ce8bcad3acfb3\"},\"headline\":\"Adel Bensaci, pr\u00e9sident du Conseil national pour la promotion des PME\u00a0: \u00ab\u00a0Il faut simplifier les textes\u00a0\u00bb\",\"datePublished\":\"2022-03-27T23:01:00+00:00\",\"mainEntityOfPage\":{\"@id\":\"https:\\\/\\\/lasentinelle.dz\\\/index.php\\\/2022\\\/03\\\/28\\\/adel-bensaci-president-du-conseil-national-pour-la-promotion-des-pme-il-faut-simplifier-les-textes\\\/\"},\"wordCount\":894,\"commentCount\":0,\"publisher\":{\"@id\":\"https:\\\/\\\/lasentinelle.dz\\\/#organization\"},\"image\":{\"@id\":\"https:\\\/\\\/lasentinelle.dz\\\/index.php\\\/2022\\\/03\\\/28\\\/adel-bensaci-president-du-conseil-national-pour-la-promotion-des-pme-il-faut-simplifier-les-textes\\\/#primaryimage\"},\"thumbnailUrl\":\"https:\\\/\\\/lasentinelle.dz\\\/wp-content\\\/uploads\\\/2022\\\/03\\\/Adel-Bensaci.png\",\"articleSection\":[\"\u00c9conomie\"],\"inLanguage\":\"fr-FR\",\"potentialAction\":[{\"@type\":\"CommentAction\",\"name\":\"Comment\",\"target\":[\"https:\\\/\\\/lasentinelle.dz\\\/index.php\\\/2022\\\/03\\\/28\\\/adel-bensaci-president-du-conseil-national-pour-la-promotion-des-pme-il-faut-simplifier-les-textes\\\/#respond\"]}]},{\"@type\":\"WebPage\",\"@id\":\"https:\\\/\\\/lasentinelle.dz\\\/index.php\\\/2022\\\/03\\\/28\\\/adel-bensaci-president-du-conseil-national-pour-la-promotion-des-pme-il-faut-simplifier-les-textes\\\/\",\"url\":\"https:\\\/\\\/lasentinelle.dz\\\/index.php\\\/2022\\\/03\\\/28\\\/adel-bensaci-president-du-conseil-national-pour-la-promotion-des-pme-il-faut-simplifier-les-textes\\\/\",\"name\":\"Adel Bensaci, pr\u00e9sident du Conseil national pour la promotion des PME\u00a0: \u00ab\u00a0Il faut simplifier les textes\u00a0\u00bb - La Sentinelle\",\"isPartOf\":{\"@id\":\"https:\\\/\\\/lasentinelle.dz\\\/#website\"},\"primaryImageOfPage\":{\"@id\":\"https:\\\/\\\/lasentinelle.dz\\\/index.php\\\/2022\\\/03\\\/28\\\/adel-bensaci-president-du-conseil-national-pour-la-promotion-des-pme-il-faut-simplifier-les-textes\\\/#primaryimage\"},\"image\":{\"@id\":\"https:\\\/\\\/lasentinelle.dz\\\/index.php\\\/2022\\\/03\\\/28\\\/adel-bensaci-president-du-conseil-national-pour-la-promotion-des-pme-il-faut-simplifier-les-textes\\\/#primaryimage\"},\"thumbnailUrl\":\"https:\\\/\\\/lasentinelle.dz\\\/wp-content\\\/uploads\\\/2022\\\/03\\\/Adel-Bensaci.png\",\"datePublished\":\"2022-03-27T23:01:00+00:00\",\"breadcrumb\":{\"@id\":\"https:\\\/\\\/lasentinelle.dz\\\/index.php\\\/2022\\\/03\\\/28\\\/adel-bensaci-president-du-conseil-national-pour-la-promotion-des-pme-il-faut-simplifier-les-textes\\\/#breadcrumb\"},\"inLanguage\":\"fr-FR\",\"potentialAction\":[{\"@type\":\"ReadAction\",\"target\":[\"https:\\\/\\\/lasentinelle.dz\\\/index.php\\\/2022\\\/03\\\/28\\\/adel-bensaci-president-du-conseil-national-pour-la-promotion-des-pme-il-faut-simplifier-les-textes\\\/\"]}]},{\"@type\":\"ImageObject\",\"inLanguage\":\"fr-FR\",\"@id\":\"https:\\\/\\\/lasentinelle.dz\\\/index.php\\\/2022\\\/03\\\/28\\\/adel-bensaci-president-du-conseil-national-pour-la-promotion-des-pme-il-faut-simplifier-les-textes\\\/#primaryimage\",\"url\":\"https:\\\/\\\/lasentinelle.dz\\\/wp-content\\\/uploads\\\/2022\\\/03\\\/Adel-Bensaci.png\",\"contentUrl\":\"https:\\\/\\\/lasentinelle.dz\\\/wp-content\\\/uploads\\\/2022\\\/03\\\/Adel-Bensaci.png\",\"width\":1361,\"height\":900},{\"@type\":\"BreadcrumbList\",\"@id\":\"https:\\\/\\\/lasentinelle.dz\\\/index.php\\\/2022\\\/03\\\/28\\\/adel-bensaci-president-du-conseil-national-pour-la-promotion-des-pme-il-faut-simplifier-les-textes\\\/#breadcrumb\",\"itemListElement\":[{\"@type\":\"ListItem\",\"position\":1,\"name\":\"Accueil\",\"item\":\"https:\\\/\\\/lasentinelle.dz\\\/\"},{\"@type\":\"ListItem\",\"position\":2,\"name\":\"Adel Bensaci, pr\u00e9sident du Conseil national pour la promotion des PME\u00a0: \u00ab\u00a0Il faut simplifier les textes\u00a0\u00bb\"}]},{\"@type\":\"WebSite\",\"@id\":\"https:\\\/\\\/lasentinelle.dz\\\/#website\",\"url\":\"https:\\\/\\\/lasentinelle.dz\\\/\",\"name\":\"La Sentinelle\",\"description\":\"Quotidien national d&#039;information\",\"publisher\":{\"@id\":\"https:\\\/\\\/lasentinelle.dz\\\/#organization\"},\"potentialAction\":[{\"@type\":\"SearchAction\",\"target\":{\"@type\":\"EntryPoint\",\"urlTemplate\":\"https:\\\/\\\/lasentinelle.dz\\\/?s={search_term_string}\"},\"query-input\":{\"@type\":\"PropertyValueSpecification\",\"valueRequired\":true,\"valueName\":\"search_term_string\"}}],\"inLanguage\":\"fr-FR\"},{\"@type\":\"Organization\",\"@id\":\"https:\\\/\\\/lasentinelle.dz\\\/#organization\",\"name\":\"Quotidien La Sentinelle\",\"url\":\"https:\\\/\\\/lasentinelle.dz\\\/\",\"logo\":{\"@type\":\"ImageObject\",\"inLanguage\":\"fr-FR\",\"@id\":\"https:\\\/\\\/lasentinelle.dz\\\/#\\\/schema\\\/logo\\\/image\\\/\",\"url\":\"https:\\\/\\\/lasentinelle.dz\\\/wp-content\\\/uploads\\\/2021\\\/09\\\/logo-sentinelleSLOGAN-1.png\",\"contentUrl\":\"https:\\\/\\\/lasentinelle.dz\\\/wp-content\\\/uploads\\\/2021\\\/09\\\/logo-sentinelleSLOGAN-1.png\",\"width\":615,\"height\":142,\"caption\":\"Quotidien La Sentinelle\"},\"image\":{\"@id\":\"https:\\\/\\\/lasentinelle.dz\\\/#\\\/schema\\\/logo\\\/image\\\/\"},\"sameAs\":[\"https:\\\/\\\/www.facebook.com\\\/La-Sentinelle-104059864394773\"]},{\"@type\":\"Person\",\"@id\":\"https:\\\/\\\/lasentinelle.dz\\\/#\\\/schema\\\/person\\\/d865044e22e70a75174ce8bcad3acfb3\",\"name\":\"La Sentinelle\",\"image\":{\"@type\":\"ImageObject\",\"inLanguage\":\"fr-FR\",\"@id\":\"https:\\\/\\\/secure.gravatar.com\\\/avatar\\\/57de8e5d4b15d43fb361a71fbb36338450fe67865b528a43dd10ef7c51a20392?s=96&d=mm&r=g\",\"url\":\"https:\\\/\\\/secure.gravatar.com\\\/avatar\\\/57de8e5d4b15d43fb361a71fbb36338450fe67865b528a43dd10ef7c51a20392?s=96&d=mm&r=g\",\"contentUrl\":\"https:\\\/\\\/secure.gravatar.com\\\/avatar\\\/57de8e5d4b15d43fb361a71fbb36338450fe67865b528a43dd10ef7c51a20392?s=96&d=mm&r=g\",\"caption\":\"La Sentinelle\"},\"sameAs\":[\"http:\\\/\\\/www.lasentinelle.dz\"],\"url\":\"https:\\\/\\\/lasentinelle.dz\\\/author\\\/redaction\\\/\"}]}<\/script>\n<!-- \/ Yoast SEO plugin. -->","yoast_head_json":{"title":"Adel Bensaci, pr\u00e9sident du Conseil national pour la promotion des PME\u00a0: \u00ab\u00a0Il faut simplifier les textes\u00a0\u00bb - La Sentinelle","robots":{"index":"index","follow":"follow","max-snippet":"max-snippet:-1","max-image-preview":"max-image-preview:large","max-video-preview":"max-video-preview:-1"},"canonical":"https:\/\/lasentinelle.dz\/index.php\/2022\/03\/28\/adel-bensaci-president-du-conseil-national-pour-la-promotion-des-pme-il-faut-simplifier-les-textes\/","og_locale":"fr_FR","og_type":"article","og_title":"Adel Bensaci, pr\u00e9sident du Conseil national pour la promotion des PME\u00a0: \u00ab\u00a0Il faut simplifier les textes\u00a0\u00bb - La Sentinelle","og_description":"Le pr\u00e9sident du Conseil national pour la promotion des petites et moyennes entreprises, Adel Bensaci, a plaid\u00e9 pour plus de","og_url":"https:\/\/lasentinelle.dz\/index.php\/2022\/03\/28\/adel-bensaci-president-du-conseil-national-pour-la-promotion-des-pme-il-faut-simplifier-les-textes\/","og_site_name":"La Sentinelle","article_publisher":"https:\/\/www.facebook.com\/La-Sentinelle-104059864394773","article_published_time":"2022-03-27T23:01:00+00:00","og_image":[{"width":1361,"height":900,"url":"https:\/\/lasentinelle.dz\/wp-content\/uploads\/2022\/03\/Adel-Bensaci.png","type":"image\/png"}],"author":"La Sentinelle","twitter_card":"summary_large_image","twitter_misc":{"\u00c9crit par":"La Sentinelle","Dur\u00e9e de lecture estim\u00e9e":"4 minutes"},"schema":{"@context":"https:\/\/schema.org","@graph":[{"@type":"Article","@id":"https:\/\/lasentinelle.dz\/index.php\/2022\/03\/28\/adel-bensaci-president-du-conseil-national-pour-la-promotion-des-pme-il-faut-simplifier-les-textes\/#article","isPartOf":{"@id":"https:\/\/lasentinelle.dz\/index.php\/2022\/03\/28\/adel-bensaci-president-du-conseil-national-pour-la-promotion-des-pme-il-faut-simplifier-les-textes\/"},"author":{"name":"La Sentinelle","@id":"https:\/\/lasentinelle.dz\/#\/schema\/person\/d865044e22e70a75174ce8bcad3acfb3"},"headline":"Adel Bensaci, pr\u00e9sident du Conseil national pour la promotion des PME\u00a0: \u00ab\u00a0Il faut simplifier les textes\u00a0\u00bb","datePublished":"2022-03-27T23:01:00+00:00","mainEntityOfPage":{"@id":"https:\/\/lasentinelle.dz\/index.php\/2022\/03\/28\/adel-bensaci-president-du-conseil-national-pour-la-promotion-des-pme-il-faut-simplifier-les-textes\/"},"wordCount":894,"commentCount":0,"publisher":{"@id":"https:\/\/lasentinelle.dz\/#organization"},"image":{"@id":"https:\/\/lasentinelle.dz\/index.php\/2022\/03\/28\/adel-bensaci-president-du-conseil-national-pour-la-promotion-des-pme-il-faut-simplifier-les-textes\/#primaryimage"},"thumbnailUrl":"https:\/\/lasentinelle.dz\/wp-content\/uploads\/2022\/03\/Adel-Bensaci.png","articleSection":["\u00c9conomie"],"inLanguage":"fr-FR","potentialAction":[{"@type":"CommentAction","name":"Comment","target":["https:\/\/lasentinelle.dz\/index.php\/2022\/03\/28\/adel-bensaci-president-du-conseil-national-pour-la-promotion-des-pme-il-faut-simplifier-les-textes\/#respond"]}]},{"@type":"WebPage","@id":"https:\/\/lasentinelle.dz\/index.php\/2022\/03\/28\/adel-bensaci-president-du-conseil-national-pour-la-promotion-des-pme-il-faut-simplifier-les-textes\/","url":"https:\/\/lasentinelle.dz\/index.php\/2022\/03\/28\/adel-bensaci-president-du-conseil-national-pour-la-promotion-des-pme-il-faut-simplifier-les-textes\/","name":"Adel Bensaci, pr\u00e9sident du Conseil national pour la promotion des PME\u00a0: \u00ab\u00a0Il faut simplifier les textes\u00a0\u00bb - La Sentinelle","isPartOf":{"@id":"https:\/\/lasentinelle.dz\/#website"},"primaryImageOfPage":{"@id":"https:\/\/lasentinelle.dz\/index.php\/2022\/03\/28\/adel-bensaci-president-du-conseil-national-pour-la-promotion-des-pme-il-faut-simplifier-les-textes\/#primaryimage"},"image":{"@id":"https:\/\/lasentinelle.dz\/index.php\/2022\/03\/28\/adel-bensaci-president-du-conseil-national-pour-la-promotion-des-pme-il-faut-simplifier-les-textes\/#primaryimage"},"thumbnailUrl":"https:\/\/lasentinelle.dz\/wp-content\/uploads\/2022\/03\/Adel-Bensaci.png","datePublished":"2022-03-27T23:01:00+00:00","breadcrumb":{"@id":"https:\/\/lasentinelle.dz\/index.php\/2022\/03\/28\/adel-bensaci-president-du-conseil-national-pour-la-promotion-des-pme-il-faut-simplifier-les-textes\/#breadcrumb"},"inLanguage":"fr-FR","potentialAction":[{"@type":"ReadAction","target":["https:\/\/lasentinelle.dz\/index.php\/2022\/03\/28\/adel-bensaci-president-du-conseil-national-pour-la-promotion-des-pme-il-faut-simplifier-les-textes\/"]}]},{"@type":"ImageObject","inLanguage":"fr-FR","@id":"https:\/\/lasentinelle.dz\/index.php\/2022\/03\/28\/adel-bensaci-president-du-conseil-national-pour-la-promotion-des-pme-il-faut-simplifier-les-textes\/#primaryimage","url":"https:\/\/lasentinelle.dz\/wp-content\/uploads\/2022\/03\/Adel-Bensaci.png","contentUrl":"https:\/\/lasentinelle.dz\/wp-content\/uploads\/2022\/03\/Adel-Bensaci.png","width":1361,"height":900},{"@type":"BreadcrumbList","@id":"https:\/\/lasentinelle.dz\/index.php\/2022\/03\/28\/adel-bensaci-president-du-conseil-national-pour-la-promotion-des-pme-il-faut-simplifier-les-textes\/#breadcrumb","itemListElement":[{"@type":"ListItem","position":1,"name":"Accueil","item":"https:\/\/lasentinelle.dz\/"},{"@type":"ListItem","position":2,"name":"Adel Bensaci, pr\u00e9sident du Conseil national pour la promotion des PME\u00a0: \u00ab\u00a0Il faut simplifier les textes\u00a0\u00bb"}]},{"@type":"WebSite","@id":"https:\/\/lasentinelle.dz\/#website","url":"https:\/\/lasentinelle.dz\/","name":"La Sentinelle","description":"Quotidien national d&#039;information","publisher":{"@id":"https:\/\/lasentinelle.dz\/#organization"},"potentialAction":[{"@type":"SearchAction","target":{"@type":"EntryPoint","urlTemplate":"https:\/\/lasentinelle.dz\/?s={search_term_string}"},"query-input":{"@type":"PropertyValueSpecification","valueRequired":true,"valueName":"search_term_string"}}],"inLanguage":"fr-FR"},{"@type":"Organization","@id":"https:\/\/lasentinelle.dz\/#organization","name":"Quotidien La Sentinelle","url":"https:\/\/lasentinelle.dz\/","logo":{"@type":"ImageObject","inLanguage":"fr-FR","@id":"https:\/\/lasentinelle.dz\/#\/schema\/logo\/image\/","url":"https:\/\/lasentinelle.dz\/wp-content\/uploads\/2021\/09\/logo-sentinelleSLOGAN-1.png","contentUrl":"https:\/\/lasentinelle.dz\/wp-content\/uploads\/2021\/09\/logo-sentinelleSLOGAN-1.png","width":615,"height":142,"caption":"Quotidien La Sentinelle"},"image":{"@id":"https:\/\/lasentinelle.dz\/#\/schema\/logo\/image\/"},"sameAs":["https:\/\/www.facebook.com\/La-Sentinelle-104059864394773"]},{"@type":"Person","@id":"https:\/\/lasentinelle.dz\/#\/schema\/person\/d865044e22e70a75174ce8bcad3acfb3","name":"La Sentinelle","image":{"@type":"ImageObject","inLanguage":"fr-FR","@id":"https:\/\/secure.gravatar.com\/avatar\/57de8e5d4b15d43fb361a71fbb36338450fe67865b528a43dd10ef7c51a20392?s=96&d=mm&r=g","url":"https:\/\/secure.gravatar.com\/avatar\/57de8e5d4b15d43fb361a71fbb36338450fe67865b528a43dd10ef7c51a20392?s=96&d=mm&r=g","contentUrl":"https:\/\/secure.gravatar.com\/avatar\/57de8e5d4b15d43fb361a71fbb36338450fe67865b528a43dd10ef7c51a20392?s=96&d=mm&r=g","caption":"La Sentinelle"},"sameAs":["http:\/\/www.lasentinelle.dz"],"url":"https:\/\/lasentinelle.dz\/author\/redaction\/"}]}},"_links":{"self":[{"href":"https:\/\/lasentinelle.dz\/index.php\/wp-json\/wp\/v2\/posts\/18966","targetHints":{"allow":["GET"]}}],"collection":[{"href":"https:\/\/lasentinelle.dz\/index.php\/wp-json\/wp\/v2\/posts"}],"about":[{"href":"https:\/\/lasentinelle.dz\/index.php\/wp-json\/wp\/v2\/types\/post"}],"author":[{"embeddable":true,"href":"https:\/\/lasentinelle.dz\/index.php\/wp-json\/wp\/v2\/users\/3"}],"replies":[{"embeddable":true,"href":"https:\/\/lasentinelle.dz\/index.php\/wp-json\/wp\/v2\/comments?post=18966"}],"version-history":[{"count":1,"href":"https:\/\/lasentinelle.dz\/index.php\/wp-json\/wp\/v2\/posts\/18966\/revisions"}],"predecessor-version":[{"id":18968,"href":"https:\/\/lasentinelle.dz\/index.php\/wp-json\/wp\/v2\/posts\/18966\/revisions\/18968"}],"wp:featuredmedia":[{"embeddable":true,"href":"https:\/\/lasentinelle.dz\/index.php\/wp-json\/wp\/v2\/media\/18967"}],"wp:attachment":[{"href":"https:\/\/lasentinelle.dz\/index.php\/wp-json\/wp\/v2\/media?parent=18966"}],"wp:term":[{"taxonomy":"category","embeddable":true,"href":"https:\/\/lasentinelle.dz\/index.php\/wp-json\/wp\/v2\/categories?post=18966"},{"taxonomy":"post_tag","embeddable":true,"href":"https:\/\/lasentinelle.dz\/index.php\/wp-json\/wp\/v2\/tags?post=18966"}],"curies":[{"name":"wp","href":"https:\/\/api.w.org\/{rel}","templated":true}]}}