{"id":18975,"date":"2022-03-28T00:05:00","date_gmt":"2022-03-27T23:05:00","guid":{"rendered":"https:\/\/lasentinelle.dz\/?p=18975"},"modified":"2022-03-27T21:11:22","modified_gmt":"2022-03-27T20:11:22","slug":"crise-libyenne-lalgerie-reaffirme-sa-disponibilite-a-accompagner-la-reconciliation","status":"publish","type":"post","link":"https:\/\/lasentinelle.dz\/index.php\/2022\/03\/28\/crise-libyenne-lalgerie-reaffirme-sa-disponibilite-a-accompagner-la-reconciliation\/","title":{"rendered":"Crise libyenne\u00a0: L\u2019Alg\u00e9rie r\u00e9affirme sa disponibilit\u00e9 \u00e0 accompagner la r\u00e9conciliation"},"content":{"rendered":"\n<p>L&rsquo;Alg\u00e9rie a r\u00e9affirm\u00e9, depuis Doha, sa disponibilit\u00e9 \u00e0 partager son exp\u00e9rience en mati\u00e8re de R\u00e9conciliation nationale avec les bellig\u00e9rants libyens, mais aussi \u00e0 les accompagner pour r\u00e9aliser cet important projet en coop\u00e9ration avec la Commission de haut niveau relevant de l&rsquo;Union africaine charg\u00e9e de ce dossier.<\/p>\n\n\n\n<p>C\u2019est ce qu\u2019a indiqu\u00e9 le ministre des Affaires \u00e9trang\u00e8res et de la Communaut\u00e9 nationale \u00e0 l&rsquo;\u00e9tranger, Ramtane Lamamra, lors d&rsquo;une session intitul\u00e9e \u00abConstruire la stabilit\u00e9 en Libye\u00bb, dans le cadre de la 20e session du \u00abForum international de Doha\u00bb et dont les travaux ont commenc\u00e9 samedi. La rencontre a \u00e9t\u00e9 plac\u00e9e sous le th\u00e8me : \u00abTransformation vers une nouvelle \u00e8re\u00bb. \u00c9voquant plusieurs questions, Ramtane Lamamra a affirm\u00e9 que \u00abla crise libyenne est au c\u0153ur des pr\u00e9occupations de l&rsquo;Alg\u00e9rie, compte tenu des \u00e9volutions exig\u00e9es par la conjoncture actuelle\u00bb. Il a \u00e9galement d\u00e9clar\u00e9 que \u00abl&rsquo;Alg\u00e9rie, se basant sur sa propre exp\u00e9rience, souligne l&rsquo;importance de parvenir \u00e0 la r\u00e9conciliation nationale en Libye d&rsquo;une mani\u00e8re qui assure la fermeture de la page des diff\u00e9rends, qui garantisse la r\u00e9unification et l&rsquo;\u00e9loignement de la logique du gagnant et du perdant\u00bb. Et d\u2019ajouter que \u00able retour de la stabilit\u00e9 en Libye a besoin de la contribution de tous les enfants de ce pays fr\u00e8re dans le cadre d&rsquo;un projet national global et inclusif qui r\u00e9alise leurs aspirations l\u00e9gitimes \u00e0 construire un \u00c9tat d\u00e9mocratique et moderne fond\u00e9 sur l&rsquo;\u00e9galit\u00e9 des droits et des devoirs\u00bb. Dans ce contexte, il a pr\u00e9cis\u00e9 que \u00abl&rsquo;Alg\u00e9rie renouvelle sa disponibilit\u00e9 \u00e0 partager son exp\u00e9rience r\u00e9ussie dans ce domaine et \u00e0 accompagner les fr\u00e8res libyens vers la r\u00e9alisation de cet important projet, en coop\u00e9ration et coordination avec le comit\u00e9 de haut niveau de l&rsquo;Union africaine qui a \u00e9t\u00e9 affect\u00e9 \u00e0 ce dossier\u00bb. Le chef de la diplomatie alg\u00e9rienne a soulign\u00e9 \u00abl\u2019importance des \u00e9ch\u00e9ances \u00e9lectorales tant attendues en Libye\u00bb, notant que \u00abcette date, aussi importante soit-elle, d\u00e9pend du degr\u00e9 des progr\u00e8s accomplis dans le cadre du processus harmonieux et de compl\u00e9mentarit\u00e9 pour atteindre l&rsquo;objectif ultime de sortie de crise\u00bb. Il a \u00e9galement mise en exergue \u00abla n\u00e9cessit\u00e9 d&rsquo;\u00e9viter une multiplicit\u00e9 de voies et d&rsquo;initiatives qui affaibliraient le r\u00f4le pivot des Nations unies\u00bb, renouvelant, en revanche, \u00abl&rsquo;opposition de l&rsquo;Alg\u00e9rie\u00bb \u00e0 ce qui est convenu d&rsquo;appeler \u00able tourisme politique\u00bb par le biais duquel \u00abses promoteurs tentent de chercher un r\u00f4le r\u00e9gional fictif au d\u00e9triment des principaux int\u00e9r\u00eats du peuple libyen\u00bb, a-t-il d\u00e9clar\u00e9. Ramtane Lamamra a mis l\u2019accent sur \u00abl&rsquo;importance de pr\u00e9server le cessez-le-feu et d&rsquo;\u0153uvrer \u00e0 sa consolidation comme le gain le plus important r\u00e9alis\u00e9 au cours des deux derni\u00e8res ann\u00e9es \u00bb. Il a insist\u00e9 sur \u00abla n\u00e9cessit\u00e9 de redoubler d&rsquo;efforts pour pr\u00e9server et consolider cet accord en l\u2019ancrant \u00e0 travers le d\u00e9ploiement d&rsquo;observateurs internationaux et le retrait des forces \u00e9trang\u00e8res, des combattants \u00e9trangers et des mercenaires, ainsi que le respect de l&#8217;embargo sur les armes \u00e0 destination de la Libye\u00bb. Le Chef de la diplomatie alg\u00e9rienne a indiqu\u00e9 que \u00abcompte tenu des r\u00e9percussions directes de la crise libyenne sur les pays voisins, l\u2019Alg\u00e9rie se r\u00e9jouit de contribuer \u00e0 la r\u00e9alisation des objectifs du volet s\u00e9curitaire en coop\u00e9ration avec le comit\u00e9 5+5\u00bb, notant que \u00abce dossier \u00e9tait exprim\u00e9 de mani\u00e8re forte lors de la r\u00e9union d&rsquo;Alg\u00e9rie en ao\u00fbt dernier.<\/p>\n\n\n\n<p><strong>Malki Amar<\/strong><\/p>\n","protected":false},"excerpt":{"rendered":"<p>L&rsquo;Alg\u00e9rie a r\u00e9affirm\u00e9, depuis Doha, sa disponibilit\u00e9 \u00e0 partager son exp\u00e9rience en mati\u00e8re de R\u00e9conciliation nationale avec les bellig\u00e9rants libyens,<\/p>\n","protected":false},"author":3,"featured_media":18987,"comment_status":"open","ping_status":"closed","sticky":false,"template":"","format":"standard","meta":{"colormag_page_container_layout":"default_layout","colormag_page_sidebar_layout":"default_layout","om_disable_all_campaigns":false,"_monsterinsights_skip_tracking":false,"_monsterinsights_sitenote_active":false,"_monsterinsights_sitenote_note":"","_monsterinsights_sitenote_category":0,"footnotes":"","_wpscppro_dont_share_socialmedia":false,"_wpscppro_custom_social_share_image":0,"_facebook_share_type":"","_twitter_share_type":"","_linkedin_share_type":"","_pinterest_share_type":"","_linkedin_share_type_page":"","_instagram_share_type":"","_medium_share_type":"","_threads_share_type":"","_google_business_share_type":"","_selected_social_profile":[],"_wpsp_enable_custom_social_template":false,"_wpsp_social_scheduling":{"enabled":false,"datetime":null,"platforms":[],"status":"template_only","dateOption":"today","timeOption":"now","customDays":"","customHours":"","customDate":"","customTime":"","schedulingType":"absolute"},"_wpsp_active_default_template":true},"categories":[52,27],"tags":[],"class_list":["post-18975","post","type-post","status-publish","format-standard","has-post-thumbnail","hentry","category-a-la-une","category-actualite"],"aioseo_notices":[],"yoast_head":"<!-- This site is optimized with the Yoast SEO plugin v27.5 - https:\/\/yoast.com\/product\/yoast-seo-wordpress\/ -->\n<title>Crise libyenne\u00a0: L\u2019Alg\u00e9rie r\u00e9affirme sa disponibilit\u00e9 \u00e0 accompagner la r\u00e9conciliation - La Sentinelle<\/title>\n<meta name=\"robots\" content=\"index, follow, max-snippet:-1, max-image-preview:large, max-video-preview:-1\" \/>\n<link rel=\"canonical\" href=\"https:\/\/lasentinelle.dz\/index.php\/2022\/03\/28\/crise-libyenne-lalgerie-reaffirme-sa-disponibilite-a-accompagner-la-reconciliation\/\" \/>\n<meta property=\"og:locale\" content=\"fr_FR\" \/>\n<meta property=\"og:type\" content=\"article\" \/>\n<meta property=\"og:title\" content=\"Crise libyenne\u00a0: L\u2019Alg\u00e9rie r\u00e9affirme sa disponibilit\u00e9 \u00e0 accompagner la r\u00e9conciliation - La Sentinelle\" \/>\n<meta property=\"og:description\" content=\"L&rsquo;Alg\u00e9rie a r\u00e9affirm\u00e9, depuis Doha, sa disponibilit\u00e9 \u00e0 partager son exp\u00e9rience en mati\u00e8re de R\u00e9conciliation nationale avec les bellig\u00e9rants libyens,\" \/>\n<meta property=\"og:url\" content=\"https:\/\/lasentinelle.dz\/index.php\/2022\/03\/28\/crise-libyenne-lalgerie-reaffirme-sa-disponibilite-a-accompagner-la-reconciliation\/\" \/>\n<meta property=\"og:site_name\" content=\"La Sentinelle\" \/>\n<meta property=\"article:publisher\" content=\"https:\/\/www.facebook.com\/La-Sentinelle-104059864394773\" \/>\n<meta property=\"article:published_time\" content=\"2022-03-27T23:05:00+00:00\" \/>\n<meta property=\"og:image\" content=\"https:\/\/lasentinelle.dz\/wp-content\/uploads\/2022\/03\/lamamra-2.png\" \/>\n\t<meta property=\"og:image:width\" content=\"1200\" \/>\n\t<meta property=\"og:image:height\" content=\"900\" \/>\n\t<meta property=\"og:image:type\" content=\"image\/png\" \/>\n<meta name=\"author\" content=\"La Sentinelle\" \/>\n<meta name=\"twitter:card\" content=\"summary_large_image\" \/>\n<meta name=\"twitter:label1\" content=\"\u00c9crit par\" \/>\n\t<meta name=\"twitter:data1\" content=\"La Sentinelle\" \/>\n\t<meta name=\"twitter:label2\" content=\"Dur\u00e9e de lecture estim\u00e9e\" \/>\n\t<meta name=\"twitter:data2\" content=\"3 minutes\" \/>\n<script type=\"application\/ld+json\" class=\"yoast-schema-graph\">{\"@context\":\"https:\\\/\\\/schema.org\",\"@graph\":[{\"@type\":\"Article\",\"@id\":\"https:\\\/\\\/lasentinelle.dz\\\/index.php\\\/2022\\\/03\\\/28\\\/crise-libyenne-lalgerie-reaffirme-sa-disponibilite-a-accompagner-la-reconciliation\\\/#article\",\"isPartOf\":{\"@id\":\"https:\\\/\\\/lasentinelle.dz\\\/index.php\\\/2022\\\/03\\\/28\\\/crise-libyenne-lalgerie-reaffirme-sa-disponibilite-a-accompagner-la-reconciliation\\\/\"},\"author\":{\"name\":\"La Sentinelle\",\"@id\":\"https:\\\/\\\/lasentinelle.dz\\\/#\\\/schema\\\/person\\\/d865044e22e70a75174ce8bcad3acfb3\"},\"headline\":\"Crise libyenne\u00a0: L\u2019Alg\u00e9rie r\u00e9affirme sa disponibilit\u00e9 \u00e0 accompagner la r\u00e9conciliation\",\"datePublished\":\"2022-03-27T23:05:00+00:00\",\"mainEntityOfPage\":{\"@id\":\"https:\\\/\\\/lasentinelle.dz\\\/index.php\\\/2022\\\/03\\\/28\\\/crise-libyenne-lalgerie-reaffirme-sa-disponibilite-a-accompagner-la-reconciliation\\\/\"},\"wordCount\":627,\"commentCount\":0,\"publisher\":{\"@id\":\"https:\\\/\\\/lasentinelle.dz\\\/#organization\"},\"image\":{\"@id\":\"https:\\\/\\\/lasentinelle.dz\\\/index.php\\\/2022\\\/03\\\/28\\\/crise-libyenne-lalgerie-reaffirme-sa-disponibilite-a-accompagner-la-reconciliation\\\/#primaryimage\"},\"thumbnailUrl\":\"https:\\\/\\\/lasentinelle.dz\\\/wp-content\\\/uploads\\\/2022\\\/03\\\/lamamra-2.png\",\"articleSection\":[\"\u00c0 la Une\",\"Actualit\u00e9\"],\"inLanguage\":\"fr-FR\",\"potentialAction\":[{\"@type\":\"CommentAction\",\"name\":\"Comment\",\"target\":[\"https:\\\/\\\/lasentinelle.dz\\\/index.php\\\/2022\\\/03\\\/28\\\/crise-libyenne-lalgerie-reaffirme-sa-disponibilite-a-accompagner-la-reconciliation\\\/#respond\"]}]},{\"@type\":\"WebPage\",\"@id\":\"https:\\\/\\\/lasentinelle.dz\\\/index.php\\\/2022\\\/03\\\/28\\\/crise-libyenne-lalgerie-reaffirme-sa-disponibilite-a-accompagner-la-reconciliation\\\/\",\"url\":\"https:\\\/\\\/lasentinelle.dz\\\/index.php\\\/2022\\\/03\\\/28\\\/crise-libyenne-lalgerie-reaffirme-sa-disponibilite-a-accompagner-la-reconciliation\\\/\",\"name\":\"Crise libyenne\u00a0: L\u2019Alg\u00e9rie r\u00e9affirme sa disponibilit\u00e9 \u00e0 accompagner la r\u00e9conciliation - La Sentinelle\",\"isPartOf\":{\"@id\":\"https:\\\/\\\/lasentinelle.dz\\\/#website\"},\"primaryImageOfPage\":{\"@id\":\"https:\\\/\\\/lasentinelle.dz\\\/index.php\\\/2022\\\/03\\\/28\\\/crise-libyenne-lalgerie-reaffirme-sa-disponibilite-a-accompagner-la-reconciliation\\\/#primaryimage\"},\"image\":{\"@id\":\"https:\\\/\\\/lasentinelle.dz\\\/index.php\\\/2022\\\/03\\\/28\\\/crise-libyenne-lalgerie-reaffirme-sa-disponibilite-a-accompagner-la-reconciliation\\\/#primaryimage\"},\"thumbnailUrl\":\"https:\\\/\\\/lasentinelle.dz\\\/wp-content\\\/uploads\\\/2022\\\/03\\\/lamamra-2.png\",\"datePublished\":\"2022-03-27T23:05:00+00:00\",\"breadcrumb\":{\"@id\":\"https:\\\/\\\/lasentinelle.dz\\\/index.php\\\/2022\\\/03\\\/28\\\/crise-libyenne-lalgerie-reaffirme-sa-disponibilite-a-accompagner-la-reconciliation\\\/#breadcrumb\"},\"inLanguage\":\"fr-FR\",\"potentialAction\":[{\"@type\":\"ReadAction\",\"target\":[\"https:\\\/\\\/lasentinelle.dz\\\/index.php\\\/2022\\\/03\\\/28\\\/crise-libyenne-lalgerie-reaffirme-sa-disponibilite-a-accompagner-la-reconciliation\\\/\"]}]},{\"@type\":\"ImageObject\",\"inLanguage\":\"fr-FR\",\"@id\":\"https:\\\/\\\/lasentinelle.dz\\\/index.php\\\/2022\\\/03\\\/28\\\/crise-libyenne-lalgerie-reaffirme-sa-disponibilite-a-accompagner-la-reconciliation\\\/#primaryimage\",\"url\":\"https:\\\/\\\/lasentinelle.dz\\\/wp-content\\\/uploads\\\/2022\\\/03\\\/lamamra-2.png\",\"contentUrl\":\"https:\\\/\\\/lasentinelle.dz\\\/wp-content\\\/uploads\\\/2022\\\/03\\\/lamamra-2.png\",\"width\":1200,\"height\":900},{\"@type\":\"BreadcrumbList\",\"@id\":\"https:\\\/\\\/lasentinelle.dz\\\/index.php\\\/2022\\\/03\\\/28\\\/crise-libyenne-lalgerie-reaffirme-sa-disponibilite-a-accompagner-la-reconciliation\\\/#breadcrumb\",\"itemListElement\":[{\"@type\":\"ListItem\",\"position\":1,\"name\":\"Accueil\",\"item\":\"https:\\\/\\\/lasentinelle.dz\\\/\"},{\"@type\":\"ListItem\",\"position\":2,\"name\":\"Crise libyenne\u00a0: L\u2019Alg\u00e9rie r\u00e9affirme sa disponibilit\u00e9 \u00e0 accompagner la r\u00e9conciliation\"}]},{\"@type\":\"WebSite\",\"@id\":\"https:\\\/\\\/lasentinelle.dz\\\/#website\",\"url\":\"https:\\\/\\\/lasentinelle.dz\\\/\",\"name\":\"La Sentinelle\",\"description\":\"Quotidien national d&#039;information\",\"publisher\":{\"@id\":\"https:\\\/\\\/lasentinelle.dz\\\/#organization\"},\"potentialAction\":[{\"@type\":\"SearchAction\",\"target\":{\"@type\":\"EntryPoint\",\"urlTemplate\":\"https:\\\/\\\/lasentinelle.dz\\\/?s={search_term_string}\"},\"query-input\":{\"@type\":\"PropertyValueSpecification\",\"valueRequired\":true,\"valueName\":\"search_term_string\"}}],\"inLanguage\":\"fr-FR\"},{\"@type\":\"Organization\",\"@id\":\"https:\\\/\\\/lasentinelle.dz\\\/#organization\",\"name\":\"Quotidien La Sentinelle\",\"url\":\"https:\\\/\\\/lasentinelle.dz\\\/\",\"logo\":{\"@type\":\"ImageObject\",\"inLanguage\":\"fr-FR\",\"@id\":\"https:\\\/\\\/lasentinelle.dz\\\/#\\\/schema\\\/logo\\\/image\\\/\",\"url\":\"https:\\\/\\\/lasentinelle.dz\\\/wp-content\\\/uploads\\\/2021\\\/09\\\/logo-sentinelleSLOGAN-1.png\",\"contentUrl\":\"https:\\\/\\\/lasentinelle.dz\\\/wp-content\\\/uploads\\\/2021\\\/09\\\/logo-sentinelleSLOGAN-1.png\",\"width\":615,\"height\":142,\"caption\":\"Quotidien La Sentinelle\"},\"image\":{\"@id\":\"https:\\\/\\\/lasentinelle.dz\\\/#\\\/schema\\\/logo\\\/image\\\/\"},\"sameAs\":[\"https:\\\/\\\/www.facebook.com\\\/La-Sentinelle-104059864394773\"]},{\"@type\":\"Person\",\"@id\":\"https:\\\/\\\/lasentinelle.dz\\\/#\\\/schema\\\/person\\\/d865044e22e70a75174ce8bcad3acfb3\",\"name\":\"La Sentinelle\",\"image\":{\"@type\":\"ImageObject\",\"inLanguage\":\"fr-FR\",\"@id\":\"https:\\\/\\\/secure.gravatar.com\\\/avatar\\\/57de8e5d4b15d43fb361a71fbb36338450fe67865b528a43dd10ef7c51a20392?s=96&d=mm&r=g\",\"url\":\"https:\\\/\\\/secure.gravatar.com\\\/avatar\\\/57de8e5d4b15d43fb361a71fbb36338450fe67865b528a43dd10ef7c51a20392?s=96&d=mm&r=g\",\"contentUrl\":\"https:\\\/\\\/secure.gravatar.com\\\/avatar\\\/57de8e5d4b15d43fb361a71fbb36338450fe67865b528a43dd10ef7c51a20392?s=96&d=mm&r=g\",\"caption\":\"La Sentinelle\"},\"sameAs\":[\"http:\\\/\\\/www.lasentinelle.dz\"],\"url\":\"https:\\\/\\\/lasentinelle.dz\\\/author\\\/redaction\\\/\"}]}<\/script>\n<!-- \/ Yoast SEO plugin. -->","yoast_head_json":{"title":"Crise libyenne\u00a0: L\u2019Alg\u00e9rie r\u00e9affirme sa disponibilit\u00e9 \u00e0 accompagner la r\u00e9conciliation - La Sentinelle","robots":{"index":"index","follow":"follow","max-snippet":"max-snippet:-1","max-image-preview":"max-image-preview:large","max-video-preview":"max-video-preview:-1"},"canonical":"https:\/\/lasentinelle.dz\/index.php\/2022\/03\/28\/crise-libyenne-lalgerie-reaffirme-sa-disponibilite-a-accompagner-la-reconciliation\/","og_locale":"fr_FR","og_type":"article","og_title":"Crise libyenne\u00a0: L\u2019Alg\u00e9rie r\u00e9affirme sa disponibilit\u00e9 \u00e0 accompagner la r\u00e9conciliation - La Sentinelle","og_description":"L&rsquo;Alg\u00e9rie a r\u00e9affirm\u00e9, depuis Doha, sa disponibilit\u00e9 \u00e0 partager son exp\u00e9rience en mati\u00e8re de R\u00e9conciliation nationale avec les bellig\u00e9rants libyens,","og_url":"https:\/\/lasentinelle.dz\/index.php\/2022\/03\/28\/crise-libyenne-lalgerie-reaffirme-sa-disponibilite-a-accompagner-la-reconciliation\/","og_site_name":"La Sentinelle","article_publisher":"https:\/\/www.facebook.com\/La-Sentinelle-104059864394773","article_published_time":"2022-03-27T23:05:00+00:00","og_image":[{"width":1200,"height":900,"url":"https:\/\/lasentinelle.dz\/wp-content\/uploads\/2022\/03\/lamamra-2.png","type":"image\/png"}],"author":"La Sentinelle","twitter_card":"summary_large_image","twitter_misc":{"\u00c9crit par":"La Sentinelle","Dur\u00e9e de lecture estim\u00e9e":"3 minutes"},"schema":{"@context":"https:\/\/schema.org","@graph":[{"@type":"Article","@id":"https:\/\/lasentinelle.dz\/index.php\/2022\/03\/28\/crise-libyenne-lalgerie-reaffirme-sa-disponibilite-a-accompagner-la-reconciliation\/#article","isPartOf":{"@id":"https:\/\/lasentinelle.dz\/index.php\/2022\/03\/28\/crise-libyenne-lalgerie-reaffirme-sa-disponibilite-a-accompagner-la-reconciliation\/"},"author":{"name":"La Sentinelle","@id":"https:\/\/lasentinelle.dz\/#\/schema\/person\/d865044e22e70a75174ce8bcad3acfb3"},"headline":"Crise libyenne\u00a0: L\u2019Alg\u00e9rie r\u00e9affirme sa disponibilit\u00e9 \u00e0 accompagner la r\u00e9conciliation","datePublished":"2022-03-27T23:05:00+00:00","mainEntityOfPage":{"@id":"https:\/\/lasentinelle.dz\/index.php\/2022\/03\/28\/crise-libyenne-lalgerie-reaffirme-sa-disponibilite-a-accompagner-la-reconciliation\/"},"wordCount":627,"commentCount":0,"publisher":{"@id":"https:\/\/lasentinelle.dz\/#organization"},"image":{"@id":"https:\/\/lasentinelle.dz\/index.php\/2022\/03\/28\/crise-libyenne-lalgerie-reaffirme-sa-disponibilite-a-accompagner-la-reconciliation\/#primaryimage"},"thumbnailUrl":"https:\/\/lasentinelle.dz\/wp-content\/uploads\/2022\/03\/lamamra-2.png","articleSection":["\u00c0 la Une","Actualit\u00e9"],"inLanguage":"fr-FR","potentialAction":[{"@type":"CommentAction","name":"Comment","target":["https:\/\/lasentinelle.dz\/index.php\/2022\/03\/28\/crise-libyenne-lalgerie-reaffirme-sa-disponibilite-a-accompagner-la-reconciliation\/#respond"]}]},{"@type":"WebPage","@id":"https:\/\/lasentinelle.dz\/index.php\/2022\/03\/28\/crise-libyenne-lalgerie-reaffirme-sa-disponibilite-a-accompagner-la-reconciliation\/","url":"https:\/\/lasentinelle.dz\/index.php\/2022\/03\/28\/crise-libyenne-lalgerie-reaffirme-sa-disponibilite-a-accompagner-la-reconciliation\/","name":"Crise libyenne\u00a0: L\u2019Alg\u00e9rie r\u00e9affirme sa disponibilit\u00e9 \u00e0 accompagner la r\u00e9conciliation - La Sentinelle","isPartOf":{"@id":"https:\/\/lasentinelle.dz\/#website"},"primaryImageOfPage":{"@id":"https:\/\/lasentinelle.dz\/index.php\/2022\/03\/28\/crise-libyenne-lalgerie-reaffirme-sa-disponibilite-a-accompagner-la-reconciliation\/#primaryimage"},"image":{"@id":"https:\/\/lasentinelle.dz\/index.php\/2022\/03\/28\/crise-libyenne-lalgerie-reaffirme-sa-disponibilite-a-accompagner-la-reconciliation\/#primaryimage"},"thumbnailUrl":"https:\/\/lasentinelle.dz\/wp-content\/uploads\/2022\/03\/lamamra-2.png","datePublished":"2022-03-27T23:05:00+00:00","breadcrumb":{"@id":"https:\/\/lasentinelle.dz\/index.php\/2022\/03\/28\/crise-libyenne-lalgerie-reaffirme-sa-disponibilite-a-accompagner-la-reconciliation\/#breadcrumb"},"inLanguage":"fr-FR","potentialAction":[{"@type":"ReadAction","target":["https:\/\/lasentinelle.dz\/index.php\/2022\/03\/28\/crise-libyenne-lalgerie-reaffirme-sa-disponibilite-a-accompagner-la-reconciliation\/"]}]},{"@type":"ImageObject","inLanguage":"fr-FR","@id":"https:\/\/lasentinelle.dz\/index.php\/2022\/03\/28\/crise-libyenne-lalgerie-reaffirme-sa-disponibilite-a-accompagner-la-reconciliation\/#primaryimage","url":"https:\/\/lasentinelle.dz\/wp-content\/uploads\/2022\/03\/lamamra-2.png","contentUrl":"https:\/\/lasentinelle.dz\/wp-content\/uploads\/2022\/03\/lamamra-2.png","width":1200,"height":900},{"@type":"BreadcrumbList","@id":"https:\/\/lasentinelle.dz\/index.php\/2022\/03\/28\/crise-libyenne-lalgerie-reaffirme-sa-disponibilite-a-accompagner-la-reconciliation\/#breadcrumb","itemListElement":[{"@type":"ListItem","position":1,"name":"Accueil","item":"https:\/\/lasentinelle.dz\/"},{"@type":"ListItem","position":2,"name":"Crise libyenne\u00a0: L\u2019Alg\u00e9rie r\u00e9affirme sa disponibilit\u00e9 \u00e0 accompagner la r\u00e9conciliation"}]},{"@type":"WebSite","@id":"https:\/\/lasentinelle.dz\/#website","url":"https:\/\/lasentinelle.dz\/","name":"La Sentinelle","description":"Quotidien national d&#039;information","publisher":{"@id":"https:\/\/lasentinelle.dz\/#organization"},"potentialAction":[{"@type":"SearchAction","target":{"@type":"EntryPoint","urlTemplate":"https:\/\/lasentinelle.dz\/?s={search_term_string}"},"query-input":{"@type":"PropertyValueSpecification","valueRequired":true,"valueName":"search_term_string"}}],"inLanguage":"fr-FR"},{"@type":"Organization","@id":"https:\/\/lasentinelle.dz\/#organization","name":"Quotidien La Sentinelle","url":"https:\/\/lasentinelle.dz\/","logo":{"@type":"ImageObject","inLanguage":"fr-FR","@id":"https:\/\/lasentinelle.dz\/#\/schema\/logo\/image\/","url":"https:\/\/lasentinelle.dz\/wp-content\/uploads\/2021\/09\/logo-sentinelleSLOGAN-1.png","contentUrl":"https:\/\/lasentinelle.dz\/wp-content\/uploads\/2021\/09\/logo-sentinelleSLOGAN-1.png","width":615,"height":142,"caption":"Quotidien La Sentinelle"},"image":{"@id":"https:\/\/lasentinelle.dz\/#\/schema\/logo\/image\/"},"sameAs":["https:\/\/www.facebook.com\/La-Sentinelle-104059864394773"]},{"@type":"Person","@id":"https:\/\/lasentinelle.dz\/#\/schema\/person\/d865044e22e70a75174ce8bcad3acfb3","name":"La Sentinelle","image":{"@type":"ImageObject","inLanguage":"fr-FR","@id":"https:\/\/secure.gravatar.com\/avatar\/57de8e5d4b15d43fb361a71fbb36338450fe67865b528a43dd10ef7c51a20392?s=96&d=mm&r=g","url":"https:\/\/secure.gravatar.com\/avatar\/57de8e5d4b15d43fb361a71fbb36338450fe67865b528a43dd10ef7c51a20392?s=96&d=mm&r=g","contentUrl":"https:\/\/secure.gravatar.com\/avatar\/57de8e5d4b15d43fb361a71fbb36338450fe67865b528a43dd10ef7c51a20392?s=96&d=mm&r=g","caption":"La Sentinelle"},"sameAs":["http:\/\/www.lasentinelle.dz"],"url":"https:\/\/lasentinelle.dz\/author\/redaction\/"}]}},"_links":{"self":[{"href":"https:\/\/lasentinelle.dz\/index.php\/wp-json\/wp\/v2\/posts\/18975","targetHints":{"allow":["GET"]}}],"collection":[{"href":"https:\/\/lasentinelle.dz\/index.php\/wp-json\/wp\/v2\/posts"}],"about":[{"href":"https:\/\/lasentinelle.dz\/index.php\/wp-json\/wp\/v2\/types\/post"}],"author":[{"embeddable":true,"href":"https:\/\/lasentinelle.dz\/index.php\/wp-json\/wp\/v2\/users\/3"}],"replies":[{"embeddable":true,"href":"https:\/\/lasentinelle.dz\/index.php\/wp-json\/wp\/v2\/comments?post=18975"}],"version-history":[{"count":1,"href":"https:\/\/lasentinelle.dz\/index.php\/wp-json\/wp\/v2\/posts\/18975\/revisions"}],"predecessor-version":[{"id":18988,"href":"https:\/\/lasentinelle.dz\/index.php\/wp-json\/wp\/v2\/posts\/18975\/revisions\/18988"}],"wp:featuredmedia":[{"embeddable":true,"href":"https:\/\/lasentinelle.dz\/index.php\/wp-json\/wp\/v2\/media\/18987"}],"wp:attachment":[{"href":"https:\/\/lasentinelle.dz\/index.php\/wp-json\/wp\/v2\/media?parent=18975"}],"wp:term":[{"taxonomy":"category","embeddable":true,"href":"https:\/\/lasentinelle.dz\/index.php\/wp-json\/wp\/v2\/categories?post=18975"},{"taxonomy":"post_tag","embeddable":true,"href":"https:\/\/lasentinelle.dz\/index.php\/wp-json\/wp\/v2\/tags?post=18975"}],"curies":[{"name":"wp","href":"https:\/\/api.w.org\/{rel}","templated":true}]}}