{"id":19024,"date":"2022-03-29T00:01:00","date_gmt":"2022-03-28T23:01:00","guid":{"rendered":"https:\/\/lasentinelle.dz\/?p=19024"},"modified":"2022-03-28T18:27:23","modified_gmt":"2022-03-28T17:27:23","slug":"ruee-vers-la-normalisation-avec-lentite-sioniste-nouvelles-manifestations-prevues-demain-au-maroc","status":"publish","type":"post","link":"https:\/\/lasentinelle.dz\/index.php\/2022\/03\/29\/ruee-vers-la-normalisation-avec-lentite-sioniste-nouvelles-manifestations-prevues-demain-au-maroc\/","title":{"rendered":"Ru\u00e9e vers la normalisation avec l\u2019entit\u00e9 sioniste\u00a0: Nouvelles manifestations pr\u00e9vues demain au Maroc"},"content":{"rendered":"\n<p>Les Marocains ne d\u00e9col\u00e8rent pas et d\u00e9noncent avec force les politiques antinationales du Makhzen.&nbsp;<\/p>\n\n\n\n<p>Aux conditions socio-\u00e9conomiques invivables qui leur son impos\u00e9es par le r\u00e9gime de Mohamed VI, les Marocains rejettent la normalisation du Makhzen avec l\u2019entit\u00e9 sioniste. Et la participation du MAE marocain, Nacer Bourita, \u00e0 la r\u00e9union des \u00ab&nbsp;coalis\u00e9s&nbsp;\u00bb de la normalisation avec le secr\u00e9taire d\u2019Etat US Anthony Blinken ainsi que le ministre des affaires \u00e9trang\u00e8re de l\u2019entit\u00e9 sioniste ne fait qu\u2019alimenter le m\u00e9contentement populaire. Les Marocains ont d\u2019ailleurs d\u00e9cid\u00e9 de revenir \u00e0 la charge et d\u2019organiser de grandes manifestations afin d\u2019afficher leur rejet de cette politique.&nbsp;<\/p>\n\n\n\n<p>En effet, le Front marocain de soutien \u00e0 la Palestine a appel\u00e9, dimanche, \u00e0 des manifestations dans le royaume, le 30 mars \u00e0 l&rsquo;occasion de la Journ\u00e9e de la Terre palestinienne, d\u00e9non\u00e7ant ce qu&rsquo;il qualifie de \u00ab\u00a0ru\u00e9e vers la normalisation avec les sionistes\u00a0\u00bb.&nbsp;Dans une d\u00e9claration publi\u00e9e au terme de la r\u00e9union de son secr\u00e9tariat national, le Front marocain de soutien \u00e0 la Palestine et contre la normalisation avec l&rsquo;entit\u00e9 sioniste a appel\u00e9 \u00ab\u00a0toutes les forces nationales marocaines \u00e0 affirmer le soutien du peuple marocain aux droits du peuple palestinien\u00a0\u00bb.&nbsp;Les Marocains sont invit\u00e9s \u00e0 cette occasion \u00e0 la comm\u00e9moration \u00ab\u00a0individuelle\u00a0\u00bb et \u00ab\u00a0collective\u00a0\u00bb de la Journ\u00e9e de la Terre palestinienne, le 30 mars, marquant le souvenir des \u00e9v\u00e9nements de ce jour en 1976.&nbsp;Le front a \u00e9galement appel\u00e9 \u00ab\u00a0ses branches et composants \u00e0 la mobilisation de masse, pour la r\u00e9ussite de la cinqui\u00e8me Journ\u00e9e nationale de protestation contre la normalisation, pr\u00e9vue&nbsp;&nbsp;mercredi, sous le slogan : +Journ\u00e9e de la Terre : une lutte continue pour lib\u00e9rer la terre et renverser la normalisation+\u00a0\u00bb.&nbsp;&nbsp;&nbsp;&nbsp;&nbsp;<\/p>\n\n\n\n<p>Notons que de son c\u00f4t\u00e9, le mouvement marocain \u00ab\u00a0Al Adl Wal Ihsane\u00a0\u00bb (Justice et Bienfaisance) a renouvel\u00e9, en outre, sa condamnation de \u00ab\u00a0toutes les formes de normalisation avec l&rsquo;entit\u00e9 sioniste, y compris la normalisation dans le domaine de l&rsquo;\u00e9ducation qui vise \u00e0 effacer la cause palestinienne de la conscience de la jeunesse marocaine\u00a0\u00bb.<\/p>\n\n\n\n<p>Il&nbsp;a qualifi\u00e9 de \u00ab\u00a0tr\u00e8s critique\u00a0\u00bb la situation \u00e0 laquelle est confront\u00e9e la jeunesse marocaine dans tous les domaines, appelant cette frange de la soci\u00e9t\u00e9 \u00e0 redoubler d&rsquo;efforts pour contrer les stratag\u00e8mes de l&rsquo;Etat qui visent \u00e0 restreindre sa libert\u00e9 et r\u00e9pandre le d\u00e9sespoir et la frustration dans ses rangs.&nbsp;Dans un communiqu\u00e9 relay\u00e9 par des m\u00e9dias locaux, le Conseil national de ce mouvement a tenu l&rsquo;Etat marocain pour responsable de la tension qui r\u00e8gne dans le royaume et appel\u00e9 tous les mouvements de contestation de jeunes \u00e0 revendiquer leurs droits justes et l\u00e9gitimes,&nbsp;&nbsp;condamner \u00ab\u00a0l&rsquo;approche s\u00e9curitaire\u00a0\u00bb adopt\u00e9e par le Makhzen et d\u00e9noncer les \u00ab\u00a0arrestations continues de leurs militants\u00a0\u00bb.&nbsp;Il a notamment \u00e9voqu\u00e9 la situation d\u00e9sastreuse qui pr\u00e9vaut dans l&rsquo;\u00e9ducation, mettant en garde contre le danger li\u00e9 \u00ab\u00a0aux tensions sans pr\u00e9c\u00e9dent que conna\u00eet le secteur de l&rsquo;enseignement et l&rsquo;\u00e9chec continu du syst\u00e8me \u00e9ducatif et ses cons\u00e9quences, comme le ch\u00f4mage et la fuite des cerveaux\u00a0\u00bb.&nbsp;Dans ce contexte, le mouvement marocain \u00ab\u00a0Al Adl Wal Ihsane\u00a0\u00bb a exhort\u00e9 tous ceux qui sont attach\u00e9s \u00e0 leur pays \u00ab\u00a0\u00e0 prendre des mesures urgentes pour sauver l&rsquo;\u00e9cole publique et l&rsquo;universit\u00e9 marocaine de la d\u00e9cadence\u00a0\u00bb.&nbsp;Il a \u00e9galement appel\u00e9 \u00ab\u00a0la jeunesse marocaine \u00e0 \u00eatre plus vigilante et \u00e0 intensifier ses efforts afin de faire face \u00e0 tous les stratag\u00e8mes qui visent ses valeurs, portent atteinte \u00e0 ses droits, restreignent sa libert\u00e9 et r\u00e9pandent le d\u00e9sespoir et la frustration dans ses rangs\u00a0\u00bb.<\/p>\n\n\n\n<p>R.I.<\/p>\n","protected":false},"excerpt":{"rendered":"<p>Les Marocains ne d\u00e9col\u00e8rent pas et d\u00e9noncent avec force les politiques antinationales du Makhzen.&nbsp; Aux conditions socio-\u00e9conomiques invivables qui leur<\/p>\n","protected":false},"author":3,"featured_media":19029,"comment_status":"open","ping_status":"closed","sticky":false,"template":"","format":"standard","meta":{"colormag_page_container_layout":"default_layout","colormag_page_sidebar_layout":"default_layout","om_disable_all_campaigns":false,"_monsterinsights_skip_tracking":false,"_monsterinsights_sitenote_active":false,"_monsterinsights_sitenote_note":"","_monsterinsights_sitenote_category":0,"footnotes":"","_wpscppro_dont_share_socialmedia":false,"_wpscppro_custom_social_share_image":0,"_facebook_share_type":"","_twitter_share_type":"","_linkedin_share_type":"","_pinterest_share_type":"","_linkedin_share_type_page":"","_instagram_share_type":"","_medium_share_type":"","_threads_share_type":"","_google_business_share_type":"","_selected_social_profile":[],"_wpsp_enable_custom_social_template":false,"_wpsp_social_scheduling":{"enabled":false,"datetime":null,"platforms":[],"status":"template_only","dateOption":"today","timeOption":"now","customDays":"","customHours":"","customDate":"","customTime":"","schedulingType":"absolute"},"_wpsp_active_default_template":true},"categories":[37],"tags":[],"class_list":["post-19024","post","type-post","status-publish","format-standard","has-post-thumbnail","hentry","category-monde"],"aioseo_notices":[],"yoast_head":"<!-- This site is optimized with the Yoast SEO plugin v27.4 - https:\/\/yoast.com\/product\/yoast-seo-wordpress\/ -->\n<title>Ru\u00e9e vers la normalisation avec l\u2019entit\u00e9 sioniste\u00a0: Nouvelles manifestations pr\u00e9vues demain au Maroc - La Sentinelle<\/title>\n<meta name=\"robots\" content=\"index, follow, max-snippet:-1, max-image-preview:large, max-video-preview:-1\" \/>\n<link rel=\"canonical\" href=\"https:\/\/lasentinelle.dz\/index.php\/2022\/03\/29\/ruee-vers-la-normalisation-avec-lentite-sioniste-nouvelles-manifestations-prevues-demain-au-maroc\/\" \/>\n<meta property=\"og:locale\" content=\"fr_FR\" \/>\n<meta property=\"og:type\" content=\"article\" \/>\n<meta property=\"og:title\" content=\"Ru\u00e9e vers la normalisation avec l\u2019entit\u00e9 sioniste\u00a0: Nouvelles manifestations pr\u00e9vues demain au Maroc - La Sentinelle\" \/>\n<meta property=\"og:description\" content=\"Les Marocains ne d\u00e9col\u00e8rent pas et d\u00e9noncent avec force les politiques antinationales du Makhzen.&nbsp; Aux conditions socio-\u00e9conomiques invivables qui leur\" \/>\n<meta property=\"og:url\" content=\"https:\/\/lasentinelle.dz\/index.php\/2022\/03\/29\/ruee-vers-la-normalisation-avec-lentite-sioniste-nouvelles-manifestations-prevues-demain-au-maroc\/\" \/>\n<meta property=\"og:site_name\" content=\"La Sentinelle\" \/>\n<meta property=\"article:publisher\" content=\"https:\/\/www.facebook.com\/La-Sentinelle-104059864394773\" \/>\n<meta property=\"article:published_time\" content=\"2022-03-28T23:01:00+00:00\" \/>\n<meta property=\"og:image\" content=\"https:\/\/lasentinelle.dz\/wp-content\/uploads\/2022\/03\/maroc.png\" \/>\n\t<meta property=\"og:image:width\" content=\"1594\" \/>\n\t<meta property=\"og:image:height\" content=\"900\" \/>\n\t<meta property=\"og:image:type\" content=\"image\/png\" \/>\n<meta name=\"author\" content=\"La Sentinelle\" \/>\n<meta name=\"twitter:card\" content=\"summary_large_image\" \/>\n<meta name=\"twitter:label1\" content=\"\u00c9crit par\" \/>\n\t<meta name=\"twitter:data1\" content=\"La Sentinelle\" \/>\n\t<meta name=\"twitter:label2\" content=\"Dur\u00e9e de lecture estim\u00e9e\" \/>\n\t<meta name=\"twitter:data2\" content=\"3 minutes\" \/>\n<script type=\"application\/ld+json\" class=\"yoast-schema-graph\">{\"@context\":\"https:\\\/\\\/schema.org\",\"@graph\":[{\"@type\":\"Article\",\"@id\":\"https:\\\/\\\/lasentinelle.dz\\\/index.php\\\/2022\\\/03\\\/29\\\/ruee-vers-la-normalisation-avec-lentite-sioniste-nouvelles-manifestations-prevues-demain-au-maroc\\\/#article\",\"isPartOf\":{\"@id\":\"https:\\\/\\\/lasentinelle.dz\\\/index.php\\\/2022\\\/03\\\/29\\\/ruee-vers-la-normalisation-avec-lentite-sioniste-nouvelles-manifestations-prevues-demain-au-maroc\\\/\"},\"author\":{\"name\":\"La Sentinelle\",\"@id\":\"https:\\\/\\\/lasentinelle.dz\\\/#\\\/schema\\\/person\\\/d865044e22e70a75174ce8bcad3acfb3\"},\"headline\":\"Ru\u00e9e vers la normalisation avec l\u2019entit\u00e9 sioniste\u00a0: Nouvelles manifestations pr\u00e9vues demain au Maroc\",\"datePublished\":\"2022-03-28T23:01:00+00:00\",\"mainEntityOfPage\":{\"@id\":\"https:\\\/\\\/lasentinelle.dz\\\/index.php\\\/2022\\\/03\\\/29\\\/ruee-vers-la-normalisation-avec-lentite-sioniste-nouvelles-manifestations-prevues-demain-au-maroc\\\/\"},\"wordCount\":649,\"commentCount\":0,\"publisher\":{\"@id\":\"https:\\\/\\\/lasentinelle.dz\\\/#organization\"},\"image\":{\"@id\":\"https:\\\/\\\/lasentinelle.dz\\\/index.php\\\/2022\\\/03\\\/29\\\/ruee-vers-la-normalisation-avec-lentite-sioniste-nouvelles-manifestations-prevues-demain-au-maroc\\\/#primaryimage\"},\"thumbnailUrl\":\"https:\\\/\\\/lasentinelle.dz\\\/wp-content\\\/uploads\\\/2022\\\/03\\\/maroc.png\",\"articleSection\":[\"Monde\"],\"inLanguage\":\"fr-FR\",\"potentialAction\":[{\"@type\":\"CommentAction\",\"name\":\"Comment\",\"target\":[\"https:\\\/\\\/lasentinelle.dz\\\/index.php\\\/2022\\\/03\\\/29\\\/ruee-vers-la-normalisation-avec-lentite-sioniste-nouvelles-manifestations-prevues-demain-au-maroc\\\/#respond\"]}]},{\"@type\":\"WebPage\",\"@id\":\"https:\\\/\\\/lasentinelle.dz\\\/index.php\\\/2022\\\/03\\\/29\\\/ruee-vers-la-normalisation-avec-lentite-sioniste-nouvelles-manifestations-prevues-demain-au-maroc\\\/\",\"url\":\"https:\\\/\\\/lasentinelle.dz\\\/index.php\\\/2022\\\/03\\\/29\\\/ruee-vers-la-normalisation-avec-lentite-sioniste-nouvelles-manifestations-prevues-demain-au-maroc\\\/\",\"name\":\"Ru\u00e9e vers la normalisation avec l\u2019entit\u00e9 sioniste\u00a0: Nouvelles manifestations pr\u00e9vues demain au Maroc - La Sentinelle\",\"isPartOf\":{\"@id\":\"https:\\\/\\\/lasentinelle.dz\\\/#website\"},\"primaryImageOfPage\":{\"@id\":\"https:\\\/\\\/lasentinelle.dz\\\/index.php\\\/2022\\\/03\\\/29\\\/ruee-vers-la-normalisation-avec-lentite-sioniste-nouvelles-manifestations-prevues-demain-au-maroc\\\/#primaryimage\"},\"image\":{\"@id\":\"https:\\\/\\\/lasentinelle.dz\\\/index.php\\\/2022\\\/03\\\/29\\\/ruee-vers-la-normalisation-avec-lentite-sioniste-nouvelles-manifestations-prevues-demain-au-maroc\\\/#primaryimage\"},\"thumbnailUrl\":\"https:\\\/\\\/lasentinelle.dz\\\/wp-content\\\/uploads\\\/2022\\\/03\\\/maroc.png\",\"datePublished\":\"2022-03-28T23:01:00+00:00\",\"breadcrumb\":{\"@id\":\"https:\\\/\\\/lasentinelle.dz\\\/index.php\\\/2022\\\/03\\\/29\\\/ruee-vers-la-normalisation-avec-lentite-sioniste-nouvelles-manifestations-prevues-demain-au-maroc\\\/#breadcrumb\"},\"inLanguage\":\"fr-FR\",\"potentialAction\":[{\"@type\":\"ReadAction\",\"target\":[\"https:\\\/\\\/lasentinelle.dz\\\/index.php\\\/2022\\\/03\\\/29\\\/ruee-vers-la-normalisation-avec-lentite-sioniste-nouvelles-manifestations-prevues-demain-au-maroc\\\/\"]}]},{\"@type\":\"ImageObject\",\"inLanguage\":\"fr-FR\",\"@id\":\"https:\\\/\\\/lasentinelle.dz\\\/index.php\\\/2022\\\/03\\\/29\\\/ruee-vers-la-normalisation-avec-lentite-sioniste-nouvelles-manifestations-prevues-demain-au-maroc\\\/#primaryimage\",\"url\":\"https:\\\/\\\/lasentinelle.dz\\\/wp-content\\\/uploads\\\/2022\\\/03\\\/maroc.png\",\"contentUrl\":\"https:\\\/\\\/lasentinelle.dz\\\/wp-content\\\/uploads\\\/2022\\\/03\\\/maroc.png\",\"width\":1594,\"height\":900},{\"@type\":\"BreadcrumbList\",\"@id\":\"https:\\\/\\\/lasentinelle.dz\\\/index.php\\\/2022\\\/03\\\/29\\\/ruee-vers-la-normalisation-avec-lentite-sioniste-nouvelles-manifestations-prevues-demain-au-maroc\\\/#breadcrumb\",\"itemListElement\":[{\"@type\":\"ListItem\",\"position\":1,\"name\":\"Accueil\",\"item\":\"https:\\\/\\\/lasentinelle.dz\\\/\"},{\"@type\":\"ListItem\",\"position\":2,\"name\":\"Ru\u00e9e vers la normalisation avec l\u2019entit\u00e9 sioniste\u00a0: Nouvelles manifestations pr\u00e9vues demain au Maroc\"}]},{\"@type\":\"WebSite\",\"@id\":\"https:\\\/\\\/lasentinelle.dz\\\/#website\",\"url\":\"https:\\\/\\\/lasentinelle.dz\\\/\",\"name\":\"La Sentinelle\",\"description\":\"Quotidien national d&#039;information\",\"publisher\":{\"@id\":\"https:\\\/\\\/lasentinelle.dz\\\/#organization\"},\"potentialAction\":[{\"@type\":\"SearchAction\",\"target\":{\"@type\":\"EntryPoint\",\"urlTemplate\":\"https:\\\/\\\/lasentinelle.dz\\\/?s={search_term_string}\"},\"query-input\":{\"@type\":\"PropertyValueSpecification\",\"valueRequired\":true,\"valueName\":\"search_term_string\"}}],\"inLanguage\":\"fr-FR\"},{\"@type\":\"Organization\",\"@id\":\"https:\\\/\\\/lasentinelle.dz\\\/#organization\",\"name\":\"Quotidien La Sentinelle\",\"url\":\"https:\\\/\\\/lasentinelle.dz\\\/\",\"logo\":{\"@type\":\"ImageObject\",\"inLanguage\":\"fr-FR\",\"@id\":\"https:\\\/\\\/lasentinelle.dz\\\/#\\\/schema\\\/logo\\\/image\\\/\",\"url\":\"https:\\\/\\\/lasentinelle.dz\\\/wp-content\\\/uploads\\\/2021\\\/09\\\/logo-sentinelleSLOGAN-1.png\",\"contentUrl\":\"https:\\\/\\\/lasentinelle.dz\\\/wp-content\\\/uploads\\\/2021\\\/09\\\/logo-sentinelleSLOGAN-1.png\",\"width\":615,\"height\":142,\"caption\":\"Quotidien La Sentinelle\"},\"image\":{\"@id\":\"https:\\\/\\\/lasentinelle.dz\\\/#\\\/schema\\\/logo\\\/image\\\/\"},\"sameAs\":[\"https:\\\/\\\/www.facebook.com\\\/La-Sentinelle-104059864394773\"]},{\"@type\":\"Person\",\"@id\":\"https:\\\/\\\/lasentinelle.dz\\\/#\\\/schema\\\/person\\\/d865044e22e70a75174ce8bcad3acfb3\",\"name\":\"La Sentinelle\",\"image\":{\"@type\":\"ImageObject\",\"inLanguage\":\"fr-FR\",\"@id\":\"https:\\\/\\\/secure.gravatar.com\\\/avatar\\\/57de8e5d4b15d43fb361a71fbb36338450fe67865b528a43dd10ef7c51a20392?s=96&d=mm&r=g\",\"url\":\"https:\\\/\\\/secure.gravatar.com\\\/avatar\\\/57de8e5d4b15d43fb361a71fbb36338450fe67865b528a43dd10ef7c51a20392?s=96&d=mm&r=g\",\"contentUrl\":\"https:\\\/\\\/secure.gravatar.com\\\/avatar\\\/57de8e5d4b15d43fb361a71fbb36338450fe67865b528a43dd10ef7c51a20392?s=96&d=mm&r=g\",\"caption\":\"La Sentinelle\"},\"sameAs\":[\"http:\\\/\\\/www.lasentinelle.dz\"],\"url\":\"https:\\\/\\\/lasentinelle.dz\\\/author\\\/redaction\\\/\"}]}<\/script>\n<!-- \/ Yoast SEO plugin. -->","yoast_head_json":{"title":"Ru\u00e9e vers la normalisation avec l\u2019entit\u00e9 sioniste\u00a0: Nouvelles manifestations pr\u00e9vues demain au Maroc - La Sentinelle","robots":{"index":"index","follow":"follow","max-snippet":"max-snippet:-1","max-image-preview":"max-image-preview:large","max-video-preview":"max-video-preview:-1"},"canonical":"https:\/\/lasentinelle.dz\/index.php\/2022\/03\/29\/ruee-vers-la-normalisation-avec-lentite-sioniste-nouvelles-manifestations-prevues-demain-au-maroc\/","og_locale":"fr_FR","og_type":"article","og_title":"Ru\u00e9e vers la normalisation avec l\u2019entit\u00e9 sioniste\u00a0: Nouvelles manifestations pr\u00e9vues demain au Maroc - La Sentinelle","og_description":"Les Marocains ne d\u00e9col\u00e8rent pas et d\u00e9noncent avec force les politiques antinationales du Makhzen.&nbsp; Aux conditions socio-\u00e9conomiques invivables qui leur","og_url":"https:\/\/lasentinelle.dz\/index.php\/2022\/03\/29\/ruee-vers-la-normalisation-avec-lentite-sioniste-nouvelles-manifestations-prevues-demain-au-maroc\/","og_site_name":"La Sentinelle","article_publisher":"https:\/\/www.facebook.com\/La-Sentinelle-104059864394773","article_published_time":"2022-03-28T23:01:00+00:00","og_image":[{"width":1594,"height":900,"url":"https:\/\/lasentinelle.dz\/wp-content\/uploads\/2022\/03\/maroc.png","type":"image\/png"}],"author":"La Sentinelle","twitter_card":"summary_large_image","twitter_misc":{"\u00c9crit par":"La Sentinelle","Dur\u00e9e de lecture estim\u00e9e":"3 minutes"},"schema":{"@context":"https:\/\/schema.org","@graph":[{"@type":"Article","@id":"https:\/\/lasentinelle.dz\/index.php\/2022\/03\/29\/ruee-vers-la-normalisation-avec-lentite-sioniste-nouvelles-manifestations-prevues-demain-au-maroc\/#article","isPartOf":{"@id":"https:\/\/lasentinelle.dz\/index.php\/2022\/03\/29\/ruee-vers-la-normalisation-avec-lentite-sioniste-nouvelles-manifestations-prevues-demain-au-maroc\/"},"author":{"name":"La Sentinelle","@id":"https:\/\/lasentinelle.dz\/#\/schema\/person\/d865044e22e70a75174ce8bcad3acfb3"},"headline":"Ru\u00e9e vers la normalisation avec l\u2019entit\u00e9 sioniste\u00a0: Nouvelles manifestations pr\u00e9vues demain au Maroc","datePublished":"2022-03-28T23:01:00+00:00","mainEntityOfPage":{"@id":"https:\/\/lasentinelle.dz\/index.php\/2022\/03\/29\/ruee-vers-la-normalisation-avec-lentite-sioniste-nouvelles-manifestations-prevues-demain-au-maroc\/"},"wordCount":649,"commentCount":0,"publisher":{"@id":"https:\/\/lasentinelle.dz\/#organization"},"image":{"@id":"https:\/\/lasentinelle.dz\/index.php\/2022\/03\/29\/ruee-vers-la-normalisation-avec-lentite-sioniste-nouvelles-manifestations-prevues-demain-au-maroc\/#primaryimage"},"thumbnailUrl":"https:\/\/lasentinelle.dz\/wp-content\/uploads\/2022\/03\/maroc.png","articleSection":["Monde"],"inLanguage":"fr-FR","potentialAction":[{"@type":"CommentAction","name":"Comment","target":["https:\/\/lasentinelle.dz\/index.php\/2022\/03\/29\/ruee-vers-la-normalisation-avec-lentite-sioniste-nouvelles-manifestations-prevues-demain-au-maroc\/#respond"]}]},{"@type":"WebPage","@id":"https:\/\/lasentinelle.dz\/index.php\/2022\/03\/29\/ruee-vers-la-normalisation-avec-lentite-sioniste-nouvelles-manifestations-prevues-demain-au-maroc\/","url":"https:\/\/lasentinelle.dz\/index.php\/2022\/03\/29\/ruee-vers-la-normalisation-avec-lentite-sioniste-nouvelles-manifestations-prevues-demain-au-maroc\/","name":"Ru\u00e9e vers la normalisation avec l\u2019entit\u00e9 sioniste\u00a0: Nouvelles manifestations pr\u00e9vues demain au Maroc - La Sentinelle","isPartOf":{"@id":"https:\/\/lasentinelle.dz\/#website"},"primaryImageOfPage":{"@id":"https:\/\/lasentinelle.dz\/index.php\/2022\/03\/29\/ruee-vers-la-normalisation-avec-lentite-sioniste-nouvelles-manifestations-prevues-demain-au-maroc\/#primaryimage"},"image":{"@id":"https:\/\/lasentinelle.dz\/index.php\/2022\/03\/29\/ruee-vers-la-normalisation-avec-lentite-sioniste-nouvelles-manifestations-prevues-demain-au-maroc\/#primaryimage"},"thumbnailUrl":"https:\/\/lasentinelle.dz\/wp-content\/uploads\/2022\/03\/maroc.png","datePublished":"2022-03-28T23:01:00+00:00","breadcrumb":{"@id":"https:\/\/lasentinelle.dz\/index.php\/2022\/03\/29\/ruee-vers-la-normalisation-avec-lentite-sioniste-nouvelles-manifestations-prevues-demain-au-maroc\/#breadcrumb"},"inLanguage":"fr-FR","potentialAction":[{"@type":"ReadAction","target":["https:\/\/lasentinelle.dz\/index.php\/2022\/03\/29\/ruee-vers-la-normalisation-avec-lentite-sioniste-nouvelles-manifestations-prevues-demain-au-maroc\/"]}]},{"@type":"ImageObject","inLanguage":"fr-FR","@id":"https:\/\/lasentinelle.dz\/index.php\/2022\/03\/29\/ruee-vers-la-normalisation-avec-lentite-sioniste-nouvelles-manifestations-prevues-demain-au-maroc\/#primaryimage","url":"https:\/\/lasentinelle.dz\/wp-content\/uploads\/2022\/03\/maroc.png","contentUrl":"https:\/\/lasentinelle.dz\/wp-content\/uploads\/2022\/03\/maroc.png","width":1594,"height":900},{"@type":"BreadcrumbList","@id":"https:\/\/lasentinelle.dz\/index.php\/2022\/03\/29\/ruee-vers-la-normalisation-avec-lentite-sioniste-nouvelles-manifestations-prevues-demain-au-maroc\/#breadcrumb","itemListElement":[{"@type":"ListItem","position":1,"name":"Accueil","item":"https:\/\/lasentinelle.dz\/"},{"@type":"ListItem","position":2,"name":"Ru\u00e9e vers la normalisation avec l\u2019entit\u00e9 sioniste\u00a0: Nouvelles manifestations pr\u00e9vues demain au Maroc"}]},{"@type":"WebSite","@id":"https:\/\/lasentinelle.dz\/#website","url":"https:\/\/lasentinelle.dz\/","name":"La Sentinelle","description":"Quotidien national d&#039;information","publisher":{"@id":"https:\/\/lasentinelle.dz\/#organization"},"potentialAction":[{"@type":"SearchAction","target":{"@type":"EntryPoint","urlTemplate":"https:\/\/lasentinelle.dz\/?s={search_term_string}"},"query-input":{"@type":"PropertyValueSpecification","valueRequired":true,"valueName":"search_term_string"}}],"inLanguage":"fr-FR"},{"@type":"Organization","@id":"https:\/\/lasentinelle.dz\/#organization","name":"Quotidien La Sentinelle","url":"https:\/\/lasentinelle.dz\/","logo":{"@type":"ImageObject","inLanguage":"fr-FR","@id":"https:\/\/lasentinelle.dz\/#\/schema\/logo\/image\/","url":"https:\/\/lasentinelle.dz\/wp-content\/uploads\/2021\/09\/logo-sentinelleSLOGAN-1.png","contentUrl":"https:\/\/lasentinelle.dz\/wp-content\/uploads\/2021\/09\/logo-sentinelleSLOGAN-1.png","width":615,"height":142,"caption":"Quotidien La Sentinelle"},"image":{"@id":"https:\/\/lasentinelle.dz\/#\/schema\/logo\/image\/"},"sameAs":["https:\/\/www.facebook.com\/La-Sentinelle-104059864394773"]},{"@type":"Person","@id":"https:\/\/lasentinelle.dz\/#\/schema\/person\/d865044e22e70a75174ce8bcad3acfb3","name":"La Sentinelle","image":{"@type":"ImageObject","inLanguage":"fr-FR","@id":"https:\/\/secure.gravatar.com\/avatar\/57de8e5d4b15d43fb361a71fbb36338450fe67865b528a43dd10ef7c51a20392?s=96&d=mm&r=g","url":"https:\/\/secure.gravatar.com\/avatar\/57de8e5d4b15d43fb361a71fbb36338450fe67865b528a43dd10ef7c51a20392?s=96&d=mm&r=g","contentUrl":"https:\/\/secure.gravatar.com\/avatar\/57de8e5d4b15d43fb361a71fbb36338450fe67865b528a43dd10ef7c51a20392?s=96&d=mm&r=g","caption":"La Sentinelle"},"sameAs":["http:\/\/www.lasentinelle.dz"],"url":"https:\/\/lasentinelle.dz\/author\/redaction\/"}]}},"_links":{"self":[{"href":"https:\/\/lasentinelle.dz\/index.php\/wp-json\/wp\/v2\/posts\/19024","targetHints":{"allow":["GET"]}}],"collection":[{"href":"https:\/\/lasentinelle.dz\/index.php\/wp-json\/wp\/v2\/posts"}],"about":[{"href":"https:\/\/lasentinelle.dz\/index.php\/wp-json\/wp\/v2\/types\/post"}],"author":[{"embeddable":true,"href":"https:\/\/lasentinelle.dz\/index.php\/wp-json\/wp\/v2\/users\/3"}],"replies":[{"embeddable":true,"href":"https:\/\/lasentinelle.dz\/index.php\/wp-json\/wp\/v2\/comments?post=19024"}],"version-history":[{"count":1,"href":"https:\/\/lasentinelle.dz\/index.php\/wp-json\/wp\/v2\/posts\/19024\/revisions"}],"predecessor-version":[{"id":19030,"href":"https:\/\/lasentinelle.dz\/index.php\/wp-json\/wp\/v2\/posts\/19024\/revisions\/19030"}],"wp:featuredmedia":[{"embeddable":true,"href":"https:\/\/lasentinelle.dz\/index.php\/wp-json\/wp\/v2\/media\/19029"}],"wp:attachment":[{"href":"https:\/\/lasentinelle.dz\/index.php\/wp-json\/wp\/v2\/media?parent=19024"}],"wp:term":[{"taxonomy":"category","embeddable":true,"href":"https:\/\/lasentinelle.dz\/index.php\/wp-json\/wp\/v2\/categories?post=19024"},{"taxonomy":"post_tag","embeddable":true,"href":"https:\/\/lasentinelle.dz\/index.php\/wp-json\/wp\/v2\/tags?post=19024"}],"curies":[{"name":"wp","href":"https:\/\/api.w.org\/{rel}","templated":true}]}}