{"id":19025,"date":"2022-03-29T00:01:00","date_gmt":"2022-03-28T23:01:00","guid":{"rendered":"https:\/\/lasentinelle.dz\/?p=19025"},"modified":"2022-03-28T18:21:49","modified_gmt":"2022-03-28T17:21:49","slug":"annaba-des-equipements-pour-les-services-communaux-dhygiene","status":"publish","type":"post","link":"https:\/\/lasentinelle.dz\/index.php\/2022\/03\/29\/annaba-des-equipements-pour-les-services-communaux-dhygiene\/","title":{"rendered":"Annaba\u00a0: Des \u00e9quipements pour les services communaux d\u2019hygi\u00e8ne"},"content":{"rendered":"\n<p>La d\u00e9gradation du cadre de vie dans la ville d\u2019Annaba, li\u00e9e \u00e0 la prolif\u00e9ration des d\u00e9chets m\u00e9nagers, doit \u00eatre s\u00e9rieusement prise en charge.<\/p>\n\n\n\n<p>\u00c9tiquet\u00e9e pour son cadre environnemental repoussant en raison des ordures m\u00e9nag\u00e8res jonchant les quartiers et localit\u00e9s de la wilaya d\u2019Annaba, les autorit\u00e9s locales ont d\u00e9cid\u00e9 de prendre en charge la question de mani\u00e8re d\u00e9finitive. Les services charg\u00e9s de ramassage des ordures m\u00e9nag\u00e8res, ont de tout temps mis en avant la v\u00e9tust\u00e9 des \u00e9quipements dont les camions de ramassage. Ainsi , afin de mettre un terme \u00e0 ce r\u00e9current probl\u00e8me, qu\u2019est le ramassage des ordures m\u00e9nag\u00e8res qui est \u00e0 l\u2019origine de tant de d\u00e9sagr\u00e9ments d\u00e9nonc\u00e9s par les habitants, notamment du chef-lieu de la commune d\u2019Annaba, les autorit\u00e9s locales viennent de renforcer le parc roulant de la wilaya d\u2019Annaba, \u00e0 travers l\u2019acquisition de 20 camions \u00e0 bennes tasseuses neufs. Ces camions compresseurs seront d\u2019un grand apport pour le ramassage des d\u00e9chets m\u00e9nagers dans les diff\u00e9rents quartiers des 12 communes de la wilaya et soulager les \u00e9boueurs qui se voient souvent oblig\u00e9s de fournir de grands efforts, afin de mettre fin \u00e0 ce manque de civisme occasionn\u00e9 en grande partie par des populations irrespectueuses \u00e0 l\u2019\u00e9gard de ces agents de ramassage. Pour le moment, les dix camions r\u00e9ceptionn\u00e9s par la wilaya ont fait l\u2019objet d\u2019une v\u00e9rification de Djamel Eddine Berrimi lui-m\u00eame. Dix autres camions doivent \u00eatre r\u00e9ceptionn\u00e9s dans les jours \u00e0 venir et seront remis aux APC des 12 communes de la wilaya. La v\u00e9rification de ces \u00e9quipements de ramassage par le wali d\u2019Annaba n&rsquo;est pas anodine. Elle est un message direct aux utilisateurs de ces camions, afin de leur signifier que \u00ab&nbsp;le mat\u00e9riel est neuf et ne peut pas faire l\u2019objet d\u2019une quelconque panne&nbsp;\u00bb. Car, il est imp\u00e9ratif de souligner que, depuis des ann\u00e9es, plusieurs op\u00e9rations similaires ont \u00e9t\u00e9 min\u00e9es par l\u2019acquisition de mat\u00e9riel d\u00e9fectueux, pour lequel la wilaya d\u00e9bloque des montants colossaux, pour qu\u2019il se retrouve abandonn\u00e9 au niveau du parc. Subissant l\u2019usure des conditions climatiques, les \u00e9quipements sont, soit vendu en ferraille soit disparaissent sans laisser de trace. C\u2019est pourquoi, le wali d\u2019Annaba a d\u00e9cid\u00e9 de contr\u00f4ler les camions. Dans le m\u00eame sillage, cette nouvelle acquisition porte aussi un autre message aux travailleurs des services d\u2019hygi\u00e8ne qui se plaignent souvent du manque de moyens pour proc\u00e9der au ramassage des ordures m\u00e9nag\u00e8res. Aujourd\u2019hui, toutes les contraintes et les excuses ont \u00e9t\u00e9 lev\u00e9es, et il a appartient aux services d\u2019hygi\u00e8ne des APC, d\u2019accomplir leur t\u00e2che comme il se doit. Pour rappel, la ville d\u2019Annaba s\u2019est d\u00e9j\u00e0 dot\u00e9e de balayeuses \u00e0 brosses rotatives et d\u2019aspirateurs g\u00e9ants, qui vont mettre fin \u00e0 la dure t\u00e2che des balayeurs tra\u00eenant \u00e0 longueur de journ\u00e9e, des bacs \u00e0 ordures roulants \u00e0 travers les art\u00e8res la ville. Ces travailleurs communaux seront d\u2019un grand apport pour d\u2019autres travaux de voirie. Ainsi apr\u00e8s la remise il y a quelques temps, de bus de ramassage scolaire par le wali \u00e0 toutes les communes de la wilaya, le chef de l\u2019ex\u00e9cutif local a pris l\u2019initiative de penser \u00e0 l\u2019assainissement et d\u00e9barrasser ainsi les communes et les localit\u00e9s des d\u00e9charges sauvages, qui ternissent depuis des ann\u00e9es l\u2019image de la wilaya d\u2019Annaba.<\/p>\n\n\n\n<p><strong>Sofia Chahine<\/strong><\/p>\n","protected":false},"excerpt":{"rendered":"<p>La d\u00e9gradation du cadre de vie dans la ville d\u2019Annaba, li\u00e9e \u00e0 la prolif\u00e9ration des d\u00e9chets m\u00e9nagers, doit \u00eatre s\u00e9rieusement<\/p>\n","protected":false},"author":3,"featured_media":19026,"comment_status":"open","ping_status":"closed","sticky":false,"template":"","format":"standard","meta":{"colormag_page_container_layout":"default_layout","colormag_page_sidebar_layout":"default_layout","om_disable_all_campaigns":false,"_monsterinsights_skip_tracking":false,"_monsterinsights_sitenote_active":false,"_monsterinsights_sitenote_note":"","_monsterinsights_sitenote_category":0,"footnotes":"","_wpscppro_dont_share_socialmedia":false,"_wpscppro_custom_social_share_image":0,"_facebook_share_type":"","_twitter_share_type":"","_linkedin_share_type":"","_pinterest_share_type":"","_linkedin_share_type_page":"","_instagram_share_type":"","_medium_share_type":"","_threads_share_type":"","_google_business_share_type":"","_selected_social_profile":[],"_wpsp_enable_custom_social_template":false,"_wpsp_social_scheduling":{"enabled":false,"datetime":null,"platforms":[],"status":"template_only","dateOption":"today","timeOption":"now","customDays":"","customHours":"","customDate":"","customTime":"","schedulingType":"absolute"},"_wpsp_active_default_template":true},"categories":[31],"tags":[],"class_list":["post-19025","post","type-post","status-publish","format-standard","has-post-thumbnail","hentry","category-regions"],"aioseo_notices":[],"yoast_head":"<!-- This site is optimized with the Yoast SEO plugin v27.4 - https:\/\/yoast.com\/product\/yoast-seo-wordpress\/ -->\n<title>Annaba\u00a0: Des \u00e9quipements pour les services communaux d\u2019hygi\u00e8ne - La Sentinelle<\/title>\n<meta name=\"robots\" content=\"index, follow, max-snippet:-1, max-image-preview:large, max-video-preview:-1\" \/>\n<link rel=\"canonical\" href=\"https:\/\/lasentinelle.dz\/index.php\/2022\/03\/29\/annaba-des-equipements-pour-les-services-communaux-dhygiene\/\" \/>\n<meta property=\"og:locale\" content=\"fr_FR\" \/>\n<meta property=\"og:type\" content=\"article\" \/>\n<meta property=\"og:title\" content=\"Annaba\u00a0: Des \u00e9quipements pour les services communaux d\u2019hygi\u00e8ne - La Sentinelle\" \/>\n<meta property=\"og:description\" content=\"La d\u00e9gradation du cadre de vie dans la ville d\u2019Annaba, li\u00e9e \u00e0 la prolif\u00e9ration des d\u00e9chets m\u00e9nagers, doit \u00eatre s\u00e9rieusement\" \/>\n<meta property=\"og:url\" content=\"https:\/\/lasentinelle.dz\/index.php\/2022\/03\/29\/annaba-des-equipements-pour-les-services-communaux-dhygiene\/\" \/>\n<meta property=\"og:site_name\" content=\"La Sentinelle\" \/>\n<meta property=\"article:publisher\" content=\"https:\/\/www.facebook.com\/La-Sentinelle-104059864394773\" \/>\n<meta property=\"article:published_time\" content=\"2022-03-28T23:01:00+00:00\" \/>\n<meta property=\"og:image\" content=\"https:\/\/lasentinelle.dz\/wp-content\/uploads\/2022\/03\/annaba-1.jpeg\" \/>\n\t<meta property=\"og:image:width\" content=\"600\" \/>\n\t<meta property=\"og:image:height\" content=\"600\" \/>\n\t<meta property=\"og:image:type\" content=\"image\/jpeg\" \/>\n<meta name=\"author\" content=\"La Sentinelle\" \/>\n<meta name=\"twitter:card\" content=\"summary_large_image\" \/>\n<meta name=\"twitter:label1\" content=\"\u00c9crit par\" \/>\n\t<meta name=\"twitter:data1\" content=\"La Sentinelle\" \/>\n\t<meta name=\"twitter:label2\" content=\"Dur\u00e9e de lecture estim\u00e9e\" \/>\n\t<meta name=\"twitter:data2\" content=\"3 minutes\" \/>\n<script type=\"application\/ld+json\" class=\"yoast-schema-graph\">{\"@context\":\"https:\\\/\\\/schema.org\",\"@graph\":[{\"@type\":\"Article\",\"@id\":\"https:\\\/\\\/lasentinelle.dz\\\/index.php\\\/2022\\\/03\\\/29\\\/annaba-des-equipements-pour-les-services-communaux-dhygiene\\\/#article\",\"isPartOf\":{\"@id\":\"https:\\\/\\\/lasentinelle.dz\\\/index.php\\\/2022\\\/03\\\/29\\\/annaba-des-equipements-pour-les-services-communaux-dhygiene\\\/\"},\"author\":{\"name\":\"La Sentinelle\",\"@id\":\"https:\\\/\\\/lasentinelle.dz\\\/#\\\/schema\\\/person\\\/d865044e22e70a75174ce8bcad3acfb3\"},\"headline\":\"Annaba\u00a0: Des \u00e9quipements pour les services communaux d\u2019hygi\u00e8ne\",\"datePublished\":\"2022-03-28T23:01:00+00:00\",\"mainEntityOfPage\":{\"@id\":\"https:\\\/\\\/lasentinelle.dz\\\/index.php\\\/2022\\\/03\\\/29\\\/annaba-des-equipements-pour-les-services-communaux-dhygiene\\\/\"},\"wordCount\":619,\"commentCount\":0,\"publisher\":{\"@id\":\"https:\\\/\\\/lasentinelle.dz\\\/#organization\"},\"image\":{\"@id\":\"https:\\\/\\\/lasentinelle.dz\\\/index.php\\\/2022\\\/03\\\/29\\\/annaba-des-equipements-pour-les-services-communaux-dhygiene\\\/#primaryimage\"},\"thumbnailUrl\":\"https:\\\/\\\/lasentinelle.dz\\\/wp-content\\\/uploads\\\/2022\\\/03\\\/annaba-1.jpeg\",\"articleSection\":[\"R\u00e9gions\"],\"inLanguage\":\"fr-FR\",\"potentialAction\":[{\"@type\":\"CommentAction\",\"name\":\"Comment\",\"target\":[\"https:\\\/\\\/lasentinelle.dz\\\/index.php\\\/2022\\\/03\\\/29\\\/annaba-des-equipements-pour-les-services-communaux-dhygiene\\\/#respond\"]}]},{\"@type\":\"WebPage\",\"@id\":\"https:\\\/\\\/lasentinelle.dz\\\/index.php\\\/2022\\\/03\\\/29\\\/annaba-des-equipements-pour-les-services-communaux-dhygiene\\\/\",\"url\":\"https:\\\/\\\/lasentinelle.dz\\\/index.php\\\/2022\\\/03\\\/29\\\/annaba-des-equipements-pour-les-services-communaux-dhygiene\\\/\",\"name\":\"Annaba\u00a0: Des \u00e9quipements pour les services communaux d\u2019hygi\u00e8ne - La Sentinelle\",\"isPartOf\":{\"@id\":\"https:\\\/\\\/lasentinelle.dz\\\/#website\"},\"primaryImageOfPage\":{\"@id\":\"https:\\\/\\\/lasentinelle.dz\\\/index.php\\\/2022\\\/03\\\/29\\\/annaba-des-equipements-pour-les-services-communaux-dhygiene\\\/#primaryimage\"},\"image\":{\"@id\":\"https:\\\/\\\/lasentinelle.dz\\\/index.php\\\/2022\\\/03\\\/29\\\/annaba-des-equipements-pour-les-services-communaux-dhygiene\\\/#primaryimage\"},\"thumbnailUrl\":\"https:\\\/\\\/lasentinelle.dz\\\/wp-content\\\/uploads\\\/2022\\\/03\\\/annaba-1.jpeg\",\"datePublished\":\"2022-03-28T23:01:00+00:00\",\"breadcrumb\":{\"@id\":\"https:\\\/\\\/lasentinelle.dz\\\/index.php\\\/2022\\\/03\\\/29\\\/annaba-des-equipements-pour-les-services-communaux-dhygiene\\\/#breadcrumb\"},\"inLanguage\":\"fr-FR\",\"potentialAction\":[{\"@type\":\"ReadAction\",\"target\":[\"https:\\\/\\\/lasentinelle.dz\\\/index.php\\\/2022\\\/03\\\/29\\\/annaba-des-equipements-pour-les-services-communaux-dhygiene\\\/\"]}]},{\"@type\":\"ImageObject\",\"inLanguage\":\"fr-FR\",\"@id\":\"https:\\\/\\\/lasentinelle.dz\\\/index.php\\\/2022\\\/03\\\/29\\\/annaba-des-equipements-pour-les-services-communaux-dhygiene\\\/#primaryimage\",\"url\":\"https:\\\/\\\/lasentinelle.dz\\\/wp-content\\\/uploads\\\/2022\\\/03\\\/annaba-1.jpeg\",\"contentUrl\":\"https:\\\/\\\/lasentinelle.dz\\\/wp-content\\\/uploads\\\/2022\\\/03\\\/annaba-1.jpeg\",\"width\":600,\"height\":600},{\"@type\":\"BreadcrumbList\",\"@id\":\"https:\\\/\\\/lasentinelle.dz\\\/index.php\\\/2022\\\/03\\\/29\\\/annaba-des-equipements-pour-les-services-communaux-dhygiene\\\/#breadcrumb\",\"itemListElement\":[{\"@type\":\"ListItem\",\"position\":1,\"name\":\"Accueil\",\"item\":\"https:\\\/\\\/lasentinelle.dz\\\/\"},{\"@type\":\"ListItem\",\"position\":2,\"name\":\"Annaba\u00a0: Des \u00e9quipements pour les services communaux d\u2019hygi\u00e8ne\"}]},{\"@type\":\"WebSite\",\"@id\":\"https:\\\/\\\/lasentinelle.dz\\\/#website\",\"url\":\"https:\\\/\\\/lasentinelle.dz\\\/\",\"name\":\"La Sentinelle\",\"description\":\"Quotidien national d&#039;information\",\"publisher\":{\"@id\":\"https:\\\/\\\/lasentinelle.dz\\\/#organization\"},\"potentialAction\":[{\"@type\":\"SearchAction\",\"target\":{\"@type\":\"EntryPoint\",\"urlTemplate\":\"https:\\\/\\\/lasentinelle.dz\\\/?s={search_term_string}\"},\"query-input\":{\"@type\":\"PropertyValueSpecification\",\"valueRequired\":true,\"valueName\":\"search_term_string\"}}],\"inLanguage\":\"fr-FR\"},{\"@type\":\"Organization\",\"@id\":\"https:\\\/\\\/lasentinelle.dz\\\/#organization\",\"name\":\"Quotidien La Sentinelle\",\"url\":\"https:\\\/\\\/lasentinelle.dz\\\/\",\"logo\":{\"@type\":\"ImageObject\",\"inLanguage\":\"fr-FR\",\"@id\":\"https:\\\/\\\/lasentinelle.dz\\\/#\\\/schema\\\/logo\\\/image\\\/\",\"url\":\"https:\\\/\\\/lasentinelle.dz\\\/wp-content\\\/uploads\\\/2021\\\/09\\\/logo-sentinelleSLOGAN-1.png\",\"contentUrl\":\"https:\\\/\\\/lasentinelle.dz\\\/wp-content\\\/uploads\\\/2021\\\/09\\\/logo-sentinelleSLOGAN-1.png\",\"width\":615,\"height\":142,\"caption\":\"Quotidien La Sentinelle\"},\"image\":{\"@id\":\"https:\\\/\\\/lasentinelle.dz\\\/#\\\/schema\\\/logo\\\/image\\\/\"},\"sameAs\":[\"https:\\\/\\\/www.facebook.com\\\/La-Sentinelle-104059864394773\"]},{\"@type\":\"Person\",\"@id\":\"https:\\\/\\\/lasentinelle.dz\\\/#\\\/schema\\\/person\\\/d865044e22e70a75174ce8bcad3acfb3\",\"name\":\"La Sentinelle\",\"image\":{\"@type\":\"ImageObject\",\"inLanguage\":\"fr-FR\",\"@id\":\"https:\\\/\\\/secure.gravatar.com\\\/avatar\\\/57de8e5d4b15d43fb361a71fbb36338450fe67865b528a43dd10ef7c51a20392?s=96&d=mm&r=g\",\"url\":\"https:\\\/\\\/secure.gravatar.com\\\/avatar\\\/57de8e5d4b15d43fb361a71fbb36338450fe67865b528a43dd10ef7c51a20392?s=96&d=mm&r=g\",\"contentUrl\":\"https:\\\/\\\/secure.gravatar.com\\\/avatar\\\/57de8e5d4b15d43fb361a71fbb36338450fe67865b528a43dd10ef7c51a20392?s=96&d=mm&r=g\",\"caption\":\"La Sentinelle\"},\"sameAs\":[\"http:\\\/\\\/www.lasentinelle.dz\"],\"url\":\"https:\\\/\\\/lasentinelle.dz\\\/author\\\/redaction\\\/\"}]}<\/script>\n<!-- \/ Yoast SEO plugin. -->","yoast_head_json":{"title":"Annaba\u00a0: Des \u00e9quipements pour les services communaux d\u2019hygi\u00e8ne - La Sentinelle","robots":{"index":"index","follow":"follow","max-snippet":"max-snippet:-1","max-image-preview":"max-image-preview:large","max-video-preview":"max-video-preview:-1"},"canonical":"https:\/\/lasentinelle.dz\/index.php\/2022\/03\/29\/annaba-des-equipements-pour-les-services-communaux-dhygiene\/","og_locale":"fr_FR","og_type":"article","og_title":"Annaba\u00a0: Des \u00e9quipements pour les services communaux d\u2019hygi\u00e8ne - La Sentinelle","og_description":"La d\u00e9gradation du cadre de vie dans la ville d\u2019Annaba, li\u00e9e \u00e0 la prolif\u00e9ration des d\u00e9chets m\u00e9nagers, doit \u00eatre s\u00e9rieusement","og_url":"https:\/\/lasentinelle.dz\/index.php\/2022\/03\/29\/annaba-des-equipements-pour-les-services-communaux-dhygiene\/","og_site_name":"La Sentinelle","article_publisher":"https:\/\/www.facebook.com\/La-Sentinelle-104059864394773","article_published_time":"2022-03-28T23:01:00+00:00","og_image":[{"width":600,"height":600,"url":"https:\/\/lasentinelle.dz\/wp-content\/uploads\/2022\/03\/annaba-1.jpeg","type":"image\/jpeg"}],"author":"La Sentinelle","twitter_card":"summary_large_image","twitter_misc":{"\u00c9crit par":"La Sentinelle","Dur\u00e9e de lecture estim\u00e9e":"3 minutes"},"schema":{"@context":"https:\/\/schema.org","@graph":[{"@type":"Article","@id":"https:\/\/lasentinelle.dz\/index.php\/2022\/03\/29\/annaba-des-equipements-pour-les-services-communaux-dhygiene\/#article","isPartOf":{"@id":"https:\/\/lasentinelle.dz\/index.php\/2022\/03\/29\/annaba-des-equipements-pour-les-services-communaux-dhygiene\/"},"author":{"name":"La Sentinelle","@id":"https:\/\/lasentinelle.dz\/#\/schema\/person\/d865044e22e70a75174ce8bcad3acfb3"},"headline":"Annaba\u00a0: Des \u00e9quipements pour les services communaux d\u2019hygi\u00e8ne","datePublished":"2022-03-28T23:01:00+00:00","mainEntityOfPage":{"@id":"https:\/\/lasentinelle.dz\/index.php\/2022\/03\/29\/annaba-des-equipements-pour-les-services-communaux-dhygiene\/"},"wordCount":619,"commentCount":0,"publisher":{"@id":"https:\/\/lasentinelle.dz\/#organization"},"image":{"@id":"https:\/\/lasentinelle.dz\/index.php\/2022\/03\/29\/annaba-des-equipements-pour-les-services-communaux-dhygiene\/#primaryimage"},"thumbnailUrl":"https:\/\/lasentinelle.dz\/wp-content\/uploads\/2022\/03\/annaba-1.jpeg","articleSection":["R\u00e9gions"],"inLanguage":"fr-FR","potentialAction":[{"@type":"CommentAction","name":"Comment","target":["https:\/\/lasentinelle.dz\/index.php\/2022\/03\/29\/annaba-des-equipements-pour-les-services-communaux-dhygiene\/#respond"]}]},{"@type":"WebPage","@id":"https:\/\/lasentinelle.dz\/index.php\/2022\/03\/29\/annaba-des-equipements-pour-les-services-communaux-dhygiene\/","url":"https:\/\/lasentinelle.dz\/index.php\/2022\/03\/29\/annaba-des-equipements-pour-les-services-communaux-dhygiene\/","name":"Annaba\u00a0: Des \u00e9quipements pour les services communaux d\u2019hygi\u00e8ne - La Sentinelle","isPartOf":{"@id":"https:\/\/lasentinelle.dz\/#website"},"primaryImageOfPage":{"@id":"https:\/\/lasentinelle.dz\/index.php\/2022\/03\/29\/annaba-des-equipements-pour-les-services-communaux-dhygiene\/#primaryimage"},"image":{"@id":"https:\/\/lasentinelle.dz\/index.php\/2022\/03\/29\/annaba-des-equipements-pour-les-services-communaux-dhygiene\/#primaryimage"},"thumbnailUrl":"https:\/\/lasentinelle.dz\/wp-content\/uploads\/2022\/03\/annaba-1.jpeg","datePublished":"2022-03-28T23:01:00+00:00","breadcrumb":{"@id":"https:\/\/lasentinelle.dz\/index.php\/2022\/03\/29\/annaba-des-equipements-pour-les-services-communaux-dhygiene\/#breadcrumb"},"inLanguage":"fr-FR","potentialAction":[{"@type":"ReadAction","target":["https:\/\/lasentinelle.dz\/index.php\/2022\/03\/29\/annaba-des-equipements-pour-les-services-communaux-dhygiene\/"]}]},{"@type":"ImageObject","inLanguage":"fr-FR","@id":"https:\/\/lasentinelle.dz\/index.php\/2022\/03\/29\/annaba-des-equipements-pour-les-services-communaux-dhygiene\/#primaryimage","url":"https:\/\/lasentinelle.dz\/wp-content\/uploads\/2022\/03\/annaba-1.jpeg","contentUrl":"https:\/\/lasentinelle.dz\/wp-content\/uploads\/2022\/03\/annaba-1.jpeg","width":600,"height":600},{"@type":"BreadcrumbList","@id":"https:\/\/lasentinelle.dz\/index.php\/2022\/03\/29\/annaba-des-equipements-pour-les-services-communaux-dhygiene\/#breadcrumb","itemListElement":[{"@type":"ListItem","position":1,"name":"Accueil","item":"https:\/\/lasentinelle.dz\/"},{"@type":"ListItem","position":2,"name":"Annaba\u00a0: Des \u00e9quipements pour les services communaux d\u2019hygi\u00e8ne"}]},{"@type":"WebSite","@id":"https:\/\/lasentinelle.dz\/#website","url":"https:\/\/lasentinelle.dz\/","name":"La Sentinelle","description":"Quotidien national d&#039;information","publisher":{"@id":"https:\/\/lasentinelle.dz\/#organization"},"potentialAction":[{"@type":"SearchAction","target":{"@type":"EntryPoint","urlTemplate":"https:\/\/lasentinelle.dz\/?s={search_term_string}"},"query-input":{"@type":"PropertyValueSpecification","valueRequired":true,"valueName":"search_term_string"}}],"inLanguage":"fr-FR"},{"@type":"Organization","@id":"https:\/\/lasentinelle.dz\/#organization","name":"Quotidien La Sentinelle","url":"https:\/\/lasentinelle.dz\/","logo":{"@type":"ImageObject","inLanguage":"fr-FR","@id":"https:\/\/lasentinelle.dz\/#\/schema\/logo\/image\/","url":"https:\/\/lasentinelle.dz\/wp-content\/uploads\/2021\/09\/logo-sentinelleSLOGAN-1.png","contentUrl":"https:\/\/lasentinelle.dz\/wp-content\/uploads\/2021\/09\/logo-sentinelleSLOGAN-1.png","width":615,"height":142,"caption":"Quotidien La Sentinelle"},"image":{"@id":"https:\/\/lasentinelle.dz\/#\/schema\/logo\/image\/"},"sameAs":["https:\/\/www.facebook.com\/La-Sentinelle-104059864394773"]},{"@type":"Person","@id":"https:\/\/lasentinelle.dz\/#\/schema\/person\/d865044e22e70a75174ce8bcad3acfb3","name":"La Sentinelle","image":{"@type":"ImageObject","inLanguage":"fr-FR","@id":"https:\/\/secure.gravatar.com\/avatar\/57de8e5d4b15d43fb361a71fbb36338450fe67865b528a43dd10ef7c51a20392?s=96&d=mm&r=g","url":"https:\/\/secure.gravatar.com\/avatar\/57de8e5d4b15d43fb361a71fbb36338450fe67865b528a43dd10ef7c51a20392?s=96&d=mm&r=g","contentUrl":"https:\/\/secure.gravatar.com\/avatar\/57de8e5d4b15d43fb361a71fbb36338450fe67865b528a43dd10ef7c51a20392?s=96&d=mm&r=g","caption":"La Sentinelle"},"sameAs":["http:\/\/www.lasentinelle.dz"],"url":"https:\/\/lasentinelle.dz\/author\/redaction\/"}]}},"_links":{"self":[{"href":"https:\/\/lasentinelle.dz\/index.php\/wp-json\/wp\/v2\/posts\/19025","targetHints":{"allow":["GET"]}}],"collection":[{"href":"https:\/\/lasentinelle.dz\/index.php\/wp-json\/wp\/v2\/posts"}],"about":[{"href":"https:\/\/lasentinelle.dz\/index.php\/wp-json\/wp\/v2\/types\/post"}],"author":[{"embeddable":true,"href":"https:\/\/lasentinelle.dz\/index.php\/wp-json\/wp\/v2\/users\/3"}],"replies":[{"embeddable":true,"href":"https:\/\/lasentinelle.dz\/index.php\/wp-json\/wp\/v2\/comments?post=19025"}],"version-history":[{"count":1,"href":"https:\/\/lasentinelle.dz\/index.php\/wp-json\/wp\/v2\/posts\/19025\/revisions"}],"predecessor-version":[{"id":19027,"href":"https:\/\/lasentinelle.dz\/index.php\/wp-json\/wp\/v2\/posts\/19025\/revisions\/19027"}],"wp:featuredmedia":[{"embeddable":true,"href":"https:\/\/lasentinelle.dz\/index.php\/wp-json\/wp\/v2\/media\/19026"}],"wp:attachment":[{"href":"https:\/\/lasentinelle.dz\/index.php\/wp-json\/wp\/v2\/media?parent=19025"}],"wp:term":[{"taxonomy":"category","embeddable":true,"href":"https:\/\/lasentinelle.dz\/index.php\/wp-json\/wp\/v2\/categories?post=19025"},{"taxonomy":"post_tag","embeddable":true,"href":"https:\/\/lasentinelle.dz\/index.php\/wp-json\/wp\/v2\/tags?post=19025"}],"curies":[{"name":"wp","href":"https:\/\/api.w.org\/{rel}","templated":true}]}}