{"id":19028,"date":"2022-03-29T00:01:00","date_gmt":"2022-03-28T23:01:00","guid":{"rendered":"https:\/\/lasentinelle.dz\/?p=19028"},"modified":"2022-03-28T18:48:42","modified_gmt":"2022-03-28T17:48:42","slug":"droits-des-justiciables-les-senateurs-soulignent-la-necessite-de-disposer-de-magistrats-specialises","status":"publish","type":"post","link":"https:\/\/lasentinelle.dz\/index.php\/2022\/03\/29\/droits-des-justiciables-les-senateurs-soulignent-la-necessite-de-disposer-de-magistrats-specialises\/","title":{"rendered":"Droits des justiciables\u00a0: Les s\u00e9nateurs soulignent la n\u00e9cessit\u00e9 de disposer de magistrats sp\u00e9cialis\u00e9s\u00a0"},"content":{"rendered":"\n<p>Les membres du Conseil de la nation ont salu\u00e9 lundi les nouvelles dispositions contenues dans les projets de loi relatifs \u00e0 l&rsquo;organisation judiciaire, \u00e0 l&rsquo;assistance judiciaire et aux comp\u00e9tences du Conseil d&rsquo;Etat, jugeant n\u00e9cessaire de disposer, en parall\u00e8le, de magistrats sp\u00e9cialis\u00e9s, notamment dans les tribunaux administratifs, afin de prot\u00e9ger les droits des justiciables. Dans leurs interventions lors du d\u00e9bat des projets de loi pr\u00e9sent\u00e9s par le ministre de la Justice, Garde des Sceaux, Abderrachid Tabi, des membres du Conseil de la nation ont estim\u00e9 que les dispositions propos\u00e9es, en accord avec la Constitution de novembre 2020, \u00e9taient de nature \u00e0 renforcer la protection des libert\u00e9s individuelles et collectives et des droits des justiciables, appelant \u00e0 accorder un int\u00e9r\u00eat particulier \u00e0 la question de la formation et de la sp\u00e9cialisation des magistrats. Pour le s\u00e9nateur du parti du Front de lib\u00e9ration nationale (FLN), Fouad Sebouta, la nouvelle organisation judiciaire propos\u00e9e doit s&rsquo;accompagner d&rsquo;une \u00ab\u00a0formation s\u00e9rieuse et sp\u00e9cialis\u00e9e\u00a0\u00bb des magistrats, notamment dans les tribunaux administratifs.<\/p>\n\n\n\n<p>Son coll\u00e8gue du Rassemblement national d\u00e9mocratique (RND), Fouad Lakhal, a estim\u00e9 que la nouvelle organisation judiciaire \u00ab\u00a0s&rsquo;impose pour promouvoir le syst\u00e8me judiciaire national\u00a0\u00bb, appelant \u00e0 d\u00e9finir la comp\u00e9tence territoriale des cours de justice. Le membre du tiers pr\u00e9sidentiel, Azzouz Nasri, a, quant \u00e0 lui, propos\u00e9 d&rsquo;inclure dans la nouvelle organisation judiciaire \u00ab\u00a0les tribunaux maritimes compte tenu de leur importance dans la protection de l&rsquo;\u00e9conomie nationale\u00a0\u00bb. Le s\u00e9nateur a \u00e9galement appel\u00e9 \u00e0 d\u00e9finir \u00e0 quel niveau intervient le recours \u00e0 l&rsquo;assistance judiciaire dans les r\u00e9gions recul\u00e9es pour garantir le principe d&rsquo;\u00e9galit\u00e9 et les droits des justiciables.<\/p>\n\n\n\n<p>APS<\/p>\n","protected":false},"excerpt":{"rendered":"<p>Les membres du Conseil de la nation ont salu\u00e9 lundi les nouvelles dispositions contenues dans les projets de loi relatifs<\/p>\n","protected":false},"author":3,"featured_media":17110,"comment_status":"open","ping_status":"closed","sticky":false,"template":"","format":"standard","meta":{"colormag_page_container_layout":"default_layout","colormag_page_sidebar_layout":"default_layout","om_disable_all_campaigns":false,"_monsterinsights_skip_tracking":false,"_monsterinsights_sitenote_active":false,"_monsterinsights_sitenote_note":"","_monsterinsights_sitenote_category":0,"footnotes":"","_wpscppro_dont_share_socialmedia":false,"_wpscppro_custom_social_share_image":0,"_facebook_share_type":"","_twitter_share_type":"","_linkedin_share_type":"","_pinterest_share_type":"","_linkedin_share_type_page":"","_instagram_share_type":"","_medium_share_type":"","_threads_share_type":"","_google_business_share_type":"","_selected_social_profile":[],"_wpsp_enable_custom_social_template":false,"_wpsp_social_scheduling":{"enabled":false,"datetime":null,"platforms":[],"status":"template_only","dateOption":"today","timeOption":"now","customDays":"","customHours":"","customDate":"","customTime":"","schedulingType":"absolute"},"_wpsp_active_default_template":true},"categories":[27],"tags":[],"class_list":["post-19028","post","type-post","status-publish","format-standard","has-post-thumbnail","hentry","category-actualite"],"aioseo_notices":[],"yoast_head":"<!-- This site is optimized with the Yoast SEO plugin v27.4 - https:\/\/yoast.com\/product\/yoast-seo-wordpress\/ -->\n<title>Droits des justiciables\u00a0: Les s\u00e9nateurs soulignent la n\u00e9cessit\u00e9 de disposer de magistrats sp\u00e9cialis\u00e9s\u00a0 - La Sentinelle<\/title>\n<meta name=\"robots\" content=\"index, follow, max-snippet:-1, max-image-preview:large, max-video-preview:-1\" \/>\n<link rel=\"canonical\" href=\"https:\/\/lasentinelle.dz\/index.php\/2022\/03\/29\/droits-des-justiciables-les-senateurs-soulignent-la-necessite-de-disposer-de-magistrats-specialises\/\" \/>\n<meta property=\"og:locale\" content=\"fr_FR\" \/>\n<meta property=\"og:type\" content=\"article\" \/>\n<meta property=\"og:title\" content=\"Droits des justiciables\u00a0: Les s\u00e9nateurs soulignent la n\u00e9cessit\u00e9 de disposer de magistrats sp\u00e9cialis\u00e9s\u00a0 - La Sentinelle\" \/>\n<meta property=\"og:description\" content=\"Les membres du Conseil de la nation ont salu\u00e9 lundi les nouvelles dispositions contenues dans les projets de loi relatifs\" \/>\n<meta property=\"og:url\" content=\"https:\/\/lasentinelle.dz\/index.php\/2022\/03\/29\/droits-des-justiciables-les-senateurs-soulignent-la-necessite-de-disposer-de-magistrats-specialises\/\" \/>\n<meta property=\"og:site_name\" content=\"La Sentinelle\" \/>\n<meta property=\"article:publisher\" content=\"https:\/\/www.facebook.com\/La-Sentinelle-104059864394773\" \/>\n<meta property=\"article:published_time\" content=\"2022-03-28T23:01:00+00:00\" \/>\n<meta property=\"og:image\" content=\"https:\/\/lasentinelle.dz\/wp-content\/uploads\/2022\/02\/consiel-.png\" \/>\n\t<meta property=\"og:image:width\" content=\"1491\" \/>\n\t<meta property=\"og:image:height\" content=\"900\" \/>\n\t<meta property=\"og:image:type\" content=\"image\/png\" \/>\n<meta name=\"author\" content=\"La Sentinelle\" \/>\n<meta name=\"twitter:card\" content=\"summary_large_image\" \/>\n<meta name=\"twitter:label1\" content=\"\u00c9crit par\" \/>\n\t<meta name=\"twitter:data1\" content=\"La Sentinelle\" \/>\n\t<meta name=\"twitter:label2\" content=\"Dur\u00e9e de lecture estim\u00e9e\" \/>\n\t<meta name=\"twitter:data2\" content=\"2 minutes\" \/>\n<script type=\"application\/ld+json\" class=\"yoast-schema-graph\">{\"@context\":\"https:\\\/\\\/schema.org\",\"@graph\":[{\"@type\":\"Article\",\"@id\":\"https:\\\/\\\/lasentinelle.dz\\\/index.php\\\/2022\\\/03\\\/29\\\/droits-des-justiciables-les-senateurs-soulignent-la-necessite-de-disposer-de-magistrats-specialises\\\/#article\",\"isPartOf\":{\"@id\":\"https:\\\/\\\/lasentinelle.dz\\\/index.php\\\/2022\\\/03\\\/29\\\/droits-des-justiciables-les-senateurs-soulignent-la-necessite-de-disposer-de-magistrats-specialises\\\/\"},\"author\":{\"name\":\"La Sentinelle\",\"@id\":\"https:\\\/\\\/lasentinelle.dz\\\/#\\\/schema\\\/person\\\/d865044e22e70a75174ce8bcad3acfb3\"},\"headline\":\"Droits des justiciables\u00a0: Les s\u00e9nateurs soulignent la n\u00e9cessit\u00e9 de disposer de magistrats sp\u00e9cialis\u00e9s\u00a0\",\"datePublished\":\"2022-03-28T23:01:00+00:00\",\"mainEntityOfPage\":{\"@id\":\"https:\\\/\\\/lasentinelle.dz\\\/index.php\\\/2022\\\/03\\\/29\\\/droits-des-justiciables-les-senateurs-soulignent-la-necessite-de-disposer-de-magistrats-specialises\\\/\"},\"wordCount\":305,\"commentCount\":0,\"publisher\":{\"@id\":\"https:\\\/\\\/lasentinelle.dz\\\/#organization\"},\"image\":{\"@id\":\"https:\\\/\\\/lasentinelle.dz\\\/index.php\\\/2022\\\/03\\\/29\\\/droits-des-justiciables-les-senateurs-soulignent-la-necessite-de-disposer-de-magistrats-specialises\\\/#primaryimage\"},\"thumbnailUrl\":\"https:\\\/\\\/lasentinelle.dz\\\/wp-content\\\/uploads\\\/2022\\\/02\\\/consiel-.png\",\"articleSection\":[\"Actualit\u00e9\"],\"inLanguage\":\"fr-FR\",\"potentialAction\":[{\"@type\":\"CommentAction\",\"name\":\"Comment\",\"target\":[\"https:\\\/\\\/lasentinelle.dz\\\/index.php\\\/2022\\\/03\\\/29\\\/droits-des-justiciables-les-senateurs-soulignent-la-necessite-de-disposer-de-magistrats-specialises\\\/#respond\"]}]},{\"@type\":\"WebPage\",\"@id\":\"https:\\\/\\\/lasentinelle.dz\\\/index.php\\\/2022\\\/03\\\/29\\\/droits-des-justiciables-les-senateurs-soulignent-la-necessite-de-disposer-de-magistrats-specialises\\\/\",\"url\":\"https:\\\/\\\/lasentinelle.dz\\\/index.php\\\/2022\\\/03\\\/29\\\/droits-des-justiciables-les-senateurs-soulignent-la-necessite-de-disposer-de-magistrats-specialises\\\/\",\"name\":\"Droits des justiciables\u00a0: Les s\u00e9nateurs soulignent la n\u00e9cessit\u00e9 de disposer de magistrats sp\u00e9cialis\u00e9s\u00a0 - La Sentinelle\",\"isPartOf\":{\"@id\":\"https:\\\/\\\/lasentinelle.dz\\\/#website\"},\"primaryImageOfPage\":{\"@id\":\"https:\\\/\\\/lasentinelle.dz\\\/index.php\\\/2022\\\/03\\\/29\\\/droits-des-justiciables-les-senateurs-soulignent-la-necessite-de-disposer-de-magistrats-specialises\\\/#primaryimage\"},\"image\":{\"@id\":\"https:\\\/\\\/lasentinelle.dz\\\/index.php\\\/2022\\\/03\\\/29\\\/droits-des-justiciables-les-senateurs-soulignent-la-necessite-de-disposer-de-magistrats-specialises\\\/#primaryimage\"},\"thumbnailUrl\":\"https:\\\/\\\/lasentinelle.dz\\\/wp-content\\\/uploads\\\/2022\\\/02\\\/consiel-.png\",\"datePublished\":\"2022-03-28T23:01:00+00:00\",\"breadcrumb\":{\"@id\":\"https:\\\/\\\/lasentinelle.dz\\\/index.php\\\/2022\\\/03\\\/29\\\/droits-des-justiciables-les-senateurs-soulignent-la-necessite-de-disposer-de-magistrats-specialises\\\/#breadcrumb\"},\"inLanguage\":\"fr-FR\",\"potentialAction\":[{\"@type\":\"ReadAction\",\"target\":[\"https:\\\/\\\/lasentinelle.dz\\\/index.php\\\/2022\\\/03\\\/29\\\/droits-des-justiciables-les-senateurs-soulignent-la-necessite-de-disposer-de-magistrats-specialises\\\/\"]}]},{\"@type\":\"ImageObject\",\"inLanguage\":\"fr-FR\",\"@id\":\"https:\\\/\\\/lasentinelle.dz\\\/index.php\\\/2022\\\/03\\\/29\\\/droits-des-justiciables-les-senateurs-soulignent-la-necessite-de-disposer-de-magistrats-specialises\\\/#primaryimage\",\"url\":\"https:\\\/\\\/lasentinelle.dz\\\/wp-content\\\/uploads\\\/2022\\\/02\\\/consiel-.png\",\"contentUrl\":\"https:\\\/\\\/lasentinelle.dz\\\/wp-content\\\/uploads\\\/2022\\\/02\\\/consiel-.png\",\"width\":1491,\"height\":900},{\"@type\":\"BreadcrumbList\",\"@id\":\"https:\\\/\\\/lasentinelle.dz\\\/index.php\\\/2022\\\/03\\\/29\\\/droits-des-justiciables-les-senateurs-soulignent-la-necessite-de-disposer-de-magistrats-specialises\\\/#breadcrumb\",\"itemListElement\":[{\"@type\":\"ListItem\",\"position\":1,\"name\":\"Accueil\",\"item\":\"https:\\\/\\\/lasentinelle.dz\\\/\"},{\"@type\":\"ListItem\",\"position\":2,\"name\":\"Droits des justiciables\u00a0: Les s\u00e9nateurs soulignent la n\u00e9cessit\u00e9 de disposer de magistrats sp\u00e9cialis\u00e9s\u00a0\"}]},{\"@type\":\"WebSite\",\"@id\":\"https:\\\/\\\/lasentinelle.dz\\\/#website\",\"url\":\"https:\\\/\\\/lasentinelle.dz\\\/\",\"name\":\"La Sentinelle\",\"description\":\"Quotidien national d&#039;information\",\"publisher\":{\"@id\":\"https:\\\/\\\/lasentinelle.dz\\\/#organization\"},\"potentialAction\":[{\"@type\":\"SearchAction\",\"target\":{\"@type\":\"EntryPoint\",\"urlTemplate\":\"https:\\\/\\\/lasentinelle.dz\\\/?s={search_term_string}\"},\"query-input\":{\"@type\":\"PropertyValueSpecification\",\"valueRequired\":true,\"valueName\":\"search_term_string\"}}],\"inLanguage\":\"fr-FR\"},{\"@type\":\"Organization\",\"@id\":\"https:\\\/\\\/lasentinelle.dz\\\/#organization\",\"name\":\"Quotidien La Sentinelle\",\"url\":\"https:\\\/\\\/lasentinelle.dz\\\/\",\"logo\":{\"@type\":\"ImageObject\",\"inLanguage\":\"fr-FR\",\"@id\":\"https:\\\/\\\/lasentinelle.dz\\\/#\\\/schema\\\/logo\\\/image\\\/\",\"url\":\"https:\\\/\\\/lasentinelle.dz\\\/wp-content\\\/uploads\\\/2021\\\/09\\\/logo-sentinelleSLOGAN-1.png\",\"contentUrl\":\"https:\\\/\\\/lasentinelle.dz\\\/wp-content\\\/uploads\\\/2021\\\/09\\\/logo-sentinelleSLOGAN-1.png\",\"width\":615,\"height\":142,\"caption\":\"Quotidien La Sentinelle\"},\"image\":{\"@id\":\"https:\\\/\\\/lasentinelle.dz\\\/#\\\/schema\\\/logo\\\/image\\\/\"},\"sameAs\":[\"https:\\\/\\\/www.facebook.com\\\/La-Sentinelle-104059864394773\"]},{\"@type\":\"Person\",\"@id\":\"https:\\\/\\\/lasentinelle.dz\\\/#\\\/schema\\\/person\\\/d865044e22e70a75174ce8bcad3acfb3\",\"name\":\"La Sentinelle\",\"image\":{\"@type\":\"ImageObject\",\"inLanguage\":\"fr-FR\",\"@id\":\"https:\\\/\\\/secure.gravatar.com\\\/avatar\\\/57de8e5d4b15d43fb361a71fbb36338450fe67865b528a43dd10ef7c51a20392?s=96&d=mm&r=g\",\"url\":\"https:\\\/\\\/secure.gravatar.com\\\/avatar\\\/57de8e5d4b15d43fb361a71fbb36338450fe67865b528a43dd10ef7c51a20392?s=96&d=mm&r=g\",\"contentUrl\":\"https:\\\/\\\/secure.gravatar.com\\\/avatar\\\/57de8e5d4b15d43fb361a71fbb36338450fe67865b528a43dd10ef7c51a20392?s=96&d=mm&r=g\",\"caption\":\"La Sentinelle\"},\"sameAs\":[\"http:\\\/\\\/www.lasentinelle.dz\"],\"url\":\"https:\\\/\\\/lasentinelle.dz\\\/author\\\/redaction\\\/\"}]}<\/script>\n<!-- \/ Yoast SEO plugin. -->","yoast_head_json":{"title":"Droits des justiciables\u00a0: Les s\u00e9nateurs soulignent la n\u00e9cessit\u00e9 de disposer de magistrats sp\u00e9cialis\u00e9s\u00a0 - La Sentinelle","robots":{"index":"index","follow":"follow","max-snippet":"max-snippet:-1","max-image-preview":"max-image-preview:large","max-video-preview":"max-video-preview:-1"},"canonical":"https:\/\/lasentinelle.dz\/index.php\/2022\/03\/29\/droits-des-justiciables-les-senateurs-soulignent-la-necessite-de-disposer-de-magistrats-specialises\/","og_locale":"fr_FR","og_type":"article","og_title":"Droits des justiciables\u00a0: Les s\u00e9nateurs soulignent la n\u00e9cessit\u00e9 de disposer de magistrats sp\u00e9cialis\u00e9s\u00a0 - La Sentinelle","og_description":"Les membres du Conseil de la nation ont salu\u00e9 lundi les nouvelles dispositions contenues dans les projets de loi relatifs","og_url":"https:\/\/lasentinelle.dz\/index.php\/2022\/03\/29\/droits-des-justiciables-les-senateurs-soulignent-la-necessite-de-disposer-de-magistrats-specialises\/","og_site_name":"La Sentinelle","article_publisher":"https:\/\/www.facebook.com\/La-Sentinelle-104059864394773","article_published_time":"2022-03-28T23:01:00+00:00","og_image":[{"width":1491,"height":900,"url":"https:\/\/lasentinelle.dz\/wp-content\/uploads\/2022\/02\/consiel-.png","type":"image\/png"}],"author":"La Sentinelle","twitter_card":"summary_large_image","twitter_misc":{"\u00c9crit par":"La Sentinelle","Dur\u00e9e de lecture estim\u00e9e":"2 minutes"},"schema":{"@context":"https:\/\/schema.org","@graph":[{"@type":"Article","@id":"https:\/\/lasentinelle.dz\/index.php\/2022\/03\/29\/droits-des-justiciables-les-senateurs-soulignent-la-necessite-de-disposer-de-magistrats-specialises\/#article","isPartOf":{"@id":"https:\/\/lasentinelle.dz\/index.php\/2022\/03\/29\/droits-des-justiciables-les-senateurs-soulignent-la-necessite-de-disposer-de-magistrats-specialises\/"},"author":{"name":"La Sentinelle","@id":"https:\/\/lasentinelle.dz\/#\/schema\/person\/d865044e22e70a75174ce8bcad3acfb3"},"headline":"Droits des justiciables\u00a0: Les s\u00e9nateurs soulignent la n\u00e9cessit\u00e9 de disposer de magistrats sp\u00e9cialis\u00e9s\u00a0","datePublished":"2022-03-28T23:01:00+00:00","mainEntityOfPage":{"@id":"https:\/\/lasentinelle.dz\/index.php\/2022\/03\/29\/droits-des-justiciables-les-senateurs-soulignent-la-necessite-de-disposer-de-magistrats-specialises\/"},"wordCount":305,"commentCount":0,"publisher":{"@id":"https:\/\/lasentinelle.dz\/#organization"},"image":{"@id":"https:\/\/lasentinelle.dz\/index.php\/2022\/03\/29\/droits-des-justiciables-les-senateurs-soulignent-la-necessite-de-disposer-de-magistrats-specialises\/#primaryimage"},"thumbnailUrl":"https:\/\/lasentinelle.dz\/wp-content\/uploads\/2022\/02\/consiel-.png","articleSection":["Actualit\u00e9"],"inLanguage":"fr-FR","potentialAction":[{"@type":"CommentAction","name":"Comment","target":["https:\/\/lasentinelle.dz\/index.php\/2022\/03\/29\/droits-des-justiciables-les-senateurs-soulignent-la-necessite-de-disposer-de-magistrats-specialises\/#respond"]}]},{"@type":"WebPage","@id":"https:\/\/lasentinelle.dz\/index.php\/2022\/03\/29\/droits-des-justiciables-les-senateurs-soulignent-la-necessite-de-disposer-de-magistrats-specialises\/","url":"https:\/\/lasentinelle.dz\/index.php\/2022\/03\/29\/droits-des-justiciables-les-senateurs-soulignent-la-necessite-de-disposer-de-magistrats-specialises\/","name":"Droits des justiciables\u00a0: Les s\u00e9nateurs soulignent la n\u00e9cessit\u00e9 de disposer de magistrats sp\u00e9cialis\u00e9s\u00a0 - La Sentinelle","isPartOf":{"@id":"https:\/\/lasentinelle.dz\/#website"},"primaryImageOfPage":{"@id":"https:\/\/lasentinelle.dz\/index.php\/2022\/03\/29\/droits-des-justiciables-les-senateurs-soulignent-la-necessite-de-disposer-de-magistrats-specialises\/#primaryimage"},"image":{"@id":"https:\/\/lasentinelle.dz\/index.php\/2022\/03\/29\/droits-des-justiciables-les-senateurs-soulignent-la-necessite-de-disposer-de-magistrats-specialises\/#primaryimage"},"thumbnailUrl":"https:\/\/lasentinelle.dz\/wp-content\/uploads\/2022\/02\/consiel-.png","datePublished":"2022-03-28T23:01:00+00:00","breadcrumb":{"@id":"https:\/\/lasentinelle.dz\/index.php\/2022\/03\/29\/droits-des-justiciables-les-senateurs-soulignent-la-necessite-de-disposer-de-magistrats-specialises\/#breadcrumb"},"inLanguage":"fr-FR","potentialAction":[{"@type":"ReadAction","target":["https:\/\/lasentinelle.dz\/index.php\/2022\/03\/29\/droits-des-justiciables-les-senateurs-soulignent-la-necessite-de-disposer-de-magistrats-specialises\/"]}]},{"@type":"ImageObject","inLanguage":"fr-FR","@id":"https:\/\/lasentinelle.dz\/index.php\/2022\/03\/29\/droits-des-justiciables-les-senateurs-soulignent-la-necessite-de-disposer-de-magistrats-specialises\/#primaryimage","url":"https:\/\/lasentinelle.dz\/wp-content\/uploads\/2022\/02\/consiel-.png","contentUrl":"https:\/\/lasentinelle.dz\/wp-content\/uploads\/2022\/02\/consiel-.png","width":1491,"height":900},{"@type":"BreadcrumbList","@id":"https:\/\/lasentinelle.dz\/index.php\/2022\/03\/29\/droits-des-justiciables-les-senateurs-soulignent-la-necessite-de-disposer-de-magistrats-specialises\/#breadcrumb","itemListElement":[{"@type":"ListItem","position":1,"name":"Accueil","item":"https:\/\/lasentinelle.dz\/"},{"@type":"ListItem","position":2,"name":"Droits des justiciables\u00a0: Les s\u00e9nateurs soulignent la n\u00e9cessit\u00e9 de disposer de magistrats sp\u00e9cialis\u00e9s\u00a0"}]},{"@type":"WebSite","@id":"https:\/\/lasentinelle.dz\/#website","url":"https:\/\/lasentinelle.dz\/","name":"La Sentinelle","description":"Quotidien national d&#039;information","publisher":{"@id":"https:\/\/lasentinelle.dz\/#organization"},"potentialAction":[{"@type":"SearchAction","target":{"@type":"EntryPoint","urlTemplate":"https:\/\/lasentinelle.dz\/?s={search_term_string}"},"query-input":{"@type":"PropertyValueSpecification","valueRequired":true,"valueName":"search_term_string"}}],"inLanguage":"fr-FR"},{"@type":"Organization","@id":"https:\/\/lasentinelle.dz\/#organization","name":"Quotidien La Sentinelle","url":"https:\/\/lasentinelle.dz\/","logo":{"@type":"ImageObject","inLanguage":"fr-FR","@id":"https:\/\/lasentinelle.dz\/#\/schema\/logo\/image\/","url":"https:\/\/lasentinelle.dz\/wp-content\/uploads\/2021\/09\/logo-sentinelleSLOGAN-1.png","contentUrl":"https:\/\/lasentinelle.dz\/wp-content\/uploads\/2021\/09\/logo-sentinelleSLOGAN-1.png","width":615,"height":142,"caption":"Quotidien La Sentinelle"},"image":{"@id":"https:\/\/lasentinelle.dz\/#\/schema\/logo\/image\/"},"sameAs":["https:\/\/www.facebook.com\/La-Sentinelle-104059864394773"]},{"@type":"Person","@id":"https:\/\/lasentinelle.dz\/#\/schema\/person\/d865044e22e70a75174ce8bcad3acfb3","name":"La Sentinelle","image":{"@type":"ImageObject","inLanguage":"fr-FR","@id":"https:\/\/secure.gravatar.com\/avatar\/57de8e5d4b15d43fb361a71fbb36338450fe67865b528a43dd10ef7c51a20392?s=96&d=mm&r=g","url":"https:\/\/secure.gravatar.com\/avatar\/57de8e5d4b15d43fb361a71fbb36338450fe67865b528a43dd10ef7c51a20392?s=96&d=mm&r=g","contentUrl":"https:\/\/secure.gravatar.com\/avatar\/57de8e5d4b15d43fb361a71fbb36338450fe67865b528a43dd10ef7c51a20392?s=96&d=mm&r=g","caption":"La Sentinelle"},"sameAs":["http:\/\/www.lasentinelle.dz"],"url":"https:\/\/lasentinelle.dz\/author\/redaction\/"}]}},"_links":{"self":[{"href":"https:\/\/lasentinelle.dz\/index.php\/wp-json\/wp\/v2\/posts\/19028","targetHints":{"allow":["GET"]}}],"collection":[{"href":"https:\/\/lasentinelle.dz\/index.php\/wp-json\/wp\/v2\/posts"}],"about":[{"href":"https:\/\/lasentinelle.dz\/index.php\/wp-json\/wp\/v2\/types\/post"}],"author":[{"embeddable":true,"href":"https:\/\/lasentinelle.dz\/index.php\/wp-json\/wp\/v2\/users\/3"}],"replies":[{"embeddable":true,"href":"https:\/\/lasentinelle.dz\/index.php\/wp-json\/wp\/v2\/comments?post=19028"}],"version-history":[{"count":1,"href":"https:\/\/lasentinelle.dz\/index.php\/wp-json\/wp\/v2\/posts\/19028\/revisions"}],"predecessor-version":[{"id":19040,"href":"https:\/\/lasentinelle.dz\/index.php\/wp-json\/wp\/v2\/posts\/19028\/revisions\/19040"}],"wp:featuredmedia":[{"embeddable":true,"href":"https:\/\/lasentinelle.dz\/index.php\/wp-json\/wp\/v2\/media\/17110"}],"wp:attachment":[{"href":"https:\/\/lasentinelle.dz\/index.php\/wp-json\/wp\/v2\/media?parent=19028"}],"wp:term":[{"taxonomy":"category","embeddable":true,"href":"https:\/\/lasentinelle.dz\/index.php\/wp-json\/wp\/v2\/categories?post=19028"},{"taxonomy":"post_tag","embeddable":true,"href":"https:\/\/lasentinelle.dz\/index.php\/wp-json\/wp\/v2\/tags?post=19028"}],"curies":[{"name":"wp","href":"https:\/\/api.w.org\/{rel}","templated":true}]}}