{"id":19050,"date":"2022-03-29T00:05:00","date_gmt":"2022-03-28T23:05:00","guid":{"rendered":"https:\/\/lasentinelle.dz\/?p=19050"},"modified":"2022-03-28T19:57:36","modified_gmt":"2022-03-28T18:57:36","slug":"cybersecurite-un-enjeu-majeur-sur-fond-de-tensions-geopolitiques","status":"publish","type":"post","link":"https:\/\/lasentinelle.dz\/index.php\/2022\/03\/29\/cybersecurite-un-enjeu-majeur-sur-fond-de-tensions-geopolitiques\/","title":{"rendered":"Cybers\u00e9curit\u00e9\u00a0: Un enjeu majeur sur fond de tensions g\u00e9opolitiques"},"content":{"rendered":"\n<p>Avec l\u2019\u00e9mergence d\u2019internet, la cyber s\u00e9curit\u00e9 est d\u2019autant plus importante qu\u2019elle constitue une question de s\u00e9curit\u00e9 nationale.&nbsp;&nbsp;<\/p>\n\n\n\n<p>C\u2019est ce qu\u2019a affirm\u00e9, hier, l\u2019expert international en cyber s\u00e9curit\u00e9, Mehdi Gaouar. Intervenant sur les ondes de la chaine 3, l\u2019invit\u00e9 de la R\u00e9daction a fait \u00e9tat \u00abdes menaces li\u00e9es aux tensions g\u00e9opolitiques en plus d\u2019un ensemble de facteurs qui font que nous soyons dans une situation marqu\u00e9e par des menaces accrues\u00bb. Selon l\u2019expert, \u00ab un cyber criminel est l\u2019\u00e9quivalent d\u2019un tueur \u00e0 gage\u00bb. De plus, a-t-il ajout\u00e9, \u00ables cyber criminels sont de plus en plus comp\u00e9tents tandis que les attaques sont de plus en plus sophistiqu\u00e9es. Ils (les cybers criminels) se sont professionnalis\u00e9s\u00bb. \u00abIls vendent leurs services \u00e0 des \u00c9tats pour les utilis\u00e9s dans leurs conflits g\u00e9opolitiques\u00bb, avait expliqu\u00e9 Mehdi Gaouar, ajoutant que \u00abla menace du cyberespace et de nos donn\u00e9es sont devenues une question de souverainet\u00e9 nationale\u00bb. En ce sens, Mehdi Gaouar a soulign\u00e9 qu\u2019une \u00abpartie de la criminalit\u00e9 r\u00e9elle est transpos\u00e9e dans l\u2019espace virtuel\u00bb. \u00abIl nous appartient de f\u00e9d\u00e9rer nos comp\u00e9tences et nos moyens pour prot\u00e9ger l&rsquo;Alg\u00e9rie et ses&nbsp;&nbsp;institutions de ces menaces\u00bb, a pr\u00e9conis\u00e9 l\u2019invit\u00e9 de la R\u00e9daction, mettant l\u2019accent sur \u00abla n\u00e9cessit\u00e9 de faire de la cyber s\u00e9curit\u00e9 une v\u00e9ritable ligne de d\u00e9fense\u00bb. Selon cet expert, le \u00abnum\u00e9rique constitue la quatri\u00e8me arme venant apr\u00e8s l\u2019aviation, la marine et l\u2019arm\u00e9e de terre\u00bb.&nbsp;&nbsp;Actuellement la cyber-guerre&nbsp;&nbsp;est men\u00e9e avec \u00ab des actions, d\u2019Etat \u00e0 Etat, d&rsquo;espionnage, de sabotages et de d\u00e9stabilisations\u00bb, a- t-il fait savoir. Et d\u2019ajouter que \u00ables menaces sont diverses et vari\u00e9es \u00bb, expliquant qu\u2019 \u00abune moyenne de 200 virus qui apparaissent chaque jour touche \u00e0 tout ce qui a trait aux vuln\u00e9rabilit\u00e9s \u00bb. En plus, ajoutera-t-il \u00abd\u2019un ensemble de facteurs qui font qu\u2019aujourd\u2019hui on est dans une situation de menace accrue\u00bb. A la question de la position de l\u2019Alg\u00e9rie dans tous ces chamboulements, l\u2019intervenant estime que \u00ab l&rsquo;Alg\u00e9rie doit se doter de moyens pour assurer sa transition num\u00e9rique en mesure d&rsquo;arrimer son \u00e9conomie \u00e0 l&rsquo;\u00e9conomie mondiale \u00bb. Il soulignera que \u00abcette transition n\u00e9cessite cependant, pour notre pays, le d\u00e9veloppement d&rsquo;un \u00e9cosyst\u00e8me&nbsp;&nbsp;\u00e9conomique et num\u00e9rique de plus en plus dynamique\u00bb. Elle n\u00e9cessite \u00ab en plus d&rsquo;une infrastructure ad\u00e9quate, des&nbsp;&nbsp;comp\u00e9tences humaines qualifi\u00e9es\u00bb, dira-t-il. \u00c9voquant l\u2019autorit\u00e9 de contr\u00f4le des syst\u00e8mes d\u2019information cr\u00e9\u00e9e en 2020, Mehdi Gaouar estime qu\u2019il est \u00abimportant d\u2019avoir cette autorit\u00e9. Elle va jouer le r\u00f4le d\u2019informer sur les menaces, assurer la pr\u00e9vention, notamment au niveau des entreprises et d\u00e9finir les standards auxquels doivent ob\u00e9ir les op\u00e9rateurs vitaux. Elle permet \u00e9galement de d\u00e9finir les standards auxquels doivent ob\u00e9ir les op\u00e9rateurs vitaux\u00bb. Il s\u2019agit, selon Mehdi Gaouar, \u00ab des entreprises de distribution de l\u2019eau, de l\u2019\u00e9lectricit\u00e9 etc. Il faut mettre tous les moyens en avant pour contrer le cyber crime \u00e0 travers notamment une gouvernance efficiente, ax\u00e9e sur la formation de la ressource humaine et la sensibilisation \u00e0 la cyber-s\u00e9curit\u00e9\u00bb, a-t-il assur\u00e9, d\u2019autant plus qu\u2019il \u00aby a une exploitabilit\u00e9 massive des vuln\u00e9rabilit\u00e9s\u00bb. \u00abElle touche \u00e0 la fois les entreprises et les citoyens \u00bb, a-t-il r\u00e9v\u00e9l\u00e9. Et d\u2019expliquer que \u00ables formes de criminalit\u00e9 auxquelles on peut \u00eatre aujourd\u2019hui confront\u00e9s sur internet sont li\u00e9es au vol des donn\u00e9es qui font l\u2019objet de marchandage et de chantage. Le piratage est aujourd\u2019hui monnay\u00e9\u00bb, a-t-il dit.&nbsp;&nbsp;La cybercriminalit\u00e9 est multiple et vari\u00e9e. Elle comporte des piratages des donn\u00e9es contre des demandes de ran\u00e7ons, des attaques rendant indisponibles les syst\u00e8mes d\u2019informations, des attaques li\u00e9es au harc\u00e8lement portant le sceau d\u2019atteinte \u00e0 la vie priv\u00e9e et la libert\u00e9 individuelle. En plus des attaques ciblant la&nbsp;&nbsp;confidentialit\u00e9 des donn\u00e9es sans que la partie vis\u00e9e ne s&rsquo;en rende compte \u00ab ce volet touche beaucoup plus les adolescents. Il faut faire tr\u00e8s attention\u00bb, a-t-il averti.&nbsp;<\/p>\n\n\n\n<p><strong>Malki Amar<\/strong><\/p>\n","protected":false},"excerpt":{"rendered":"<p>Avec l\u2019\u00e9mergence d\u2019internet, la cyber s\u00e9curit\u00e9 est d\u2019autant plus importante qu\u2019elle constitue une question de s\u00e9curit\u00e9 nationale.&nbsp;&nbsp; C\u2019est ce qu\u2019a<\/p>\n","protected":false},"author":3,"featured_media":19060,"comment_status":"open","ping_status":"closed","sticky":false,"template":"","format":"standard","meta":{"colormag_page_container_layout":"default_layout","colormag_page_sidebar_layout":"default_layout","om_disable_all_campaigns":false,"_monsterinsights_skip_tracking":false,"_monsterinsights_sitenote_active":false,"_monsterinsights_sitenote_note":"","_monsterinsights_sitenote_category":0,"footnotes":"","_wpscppro_dont_share_socialmedia":false,"_wpscppro_custom_social_share_image":0,"_facebook_share_type":"","_twitter_share_type":"","_linkedin_share_type":"","_pinterest_share_type":"","_linkedin_share_type_page":"","_instagram_share_type":"","_medium_share_type":"","_threads_share_type":"","_google_business_share_type":"","_selected_social_profile":[],"_wpsp_enable_custom_social_template":false,"_wpsp_social_scheduling":{"enabled":false,"datetime":null,"platforms":[],"status":"template_only","dateOption":"today","timeOption":"now","customDays":"","customHours":"","customDate":"","customTime":"","schedulingType":"absolute"},"_wpsp_active_default_template":true},"categories":[52,27],"tags":[],"class_list":["post-19050","post","type-post","status-publish","format-standard","has-post-thumbnail","hentry","category-a-la-une","category-actualite"],"aioseo_notices":[],"yoast_head":"<!-- This site is optimized with the Yoast SEO plugin v27.5 - https:\/\/yoast.com\/product\/yoast-seo-wordpress\/ -->\n<title>Cybers\u00e9curit\u00e9\u00a0: Un enjeu majeur sur fond de tensions g\u00e9opolitiques - La Sentinelle<\/title>\n<meta name=\"robots\" content=\"index, follow, max-snippet:-1, max-image-preview:large, max-video-preview:-1\" \/>\n<link rel=\"canonical\" href=\"https:\/\/lasentinelle.dz\/index.php\/2022\/03\/29\/cybersecurite-un-enjeu-majeur-sur-fond-de-tensions-geopolitiques\/\" \/>\n<meta property=\"og:locale\" content=\"fr_FR\" \/>\n<meta property=\"og:type\" content=\"article\" \/>\n<meta property=\"og:title\" content=\"Cybers\u00e9curit\u00e9\u00a0: Un enjeu majeur sur fond de tensions g\u00e9opolitiques - La Sentinelle\" \/>\n<meta property=\"og:description\" content=\"Avec l\u2019\u00e9mergence d\u2019internet, la cyber s\u00e9curit\u00e9 est d\u2019autant plus importante qu\u2019elle constitue une question de s\u00e9curit\u00e9 nationale.&nbsp;&nbsp; C\u2019est ce qu\u2019a\" \/>\n<meta property=\"og:url\" content=\"https:\/\/lasentinelle.dz\/index.php\/2022\/03\/29\/cybersecurite-un-enjeu-majeur-sur-fond-de-tensions-geopolitiques\/\" \/>\n<meta property=\"og:site_name\" content=\"La Sentinelle\" \/>\n<meta property=\"article:publisher\" content=\"https:\/\/www.facebook.com\/La-Sentinelle-104059864394773\" \/>\n<meta property=\"article:published_time\" content=\"2022-03-28T23:05:00+00:00\" \/>\n<meta property=\"og:image\" content=\"https:\/\/lasentinelle.dz\/wp-content\/uploads\/2022\/03\/Cybersecurite.png\" \/>\n\t<meta property=\"og:image:width\" content=\"1889\" \/>\n\t<meta property=\"og:image:height\" content=\"900\" \/>\n\t<meta property=\"og:image:type\" content=\"image\/png\" \/>\n<meta name=\"author\" content=\"La Sentinelle\" \/>\n<meta name=\"twitter:card\" content=\"summary_large_image\" \/>\n<meta name=\"twitter:label1\" content=\"\u00c9crit par\" \/>\n\t<meta name=\"twitter:data1\" content=\"La Sentinelle\" \/>\n\t<meta name=\"twitter:label2\" content=\"Dur\u00e9e de lecture estim\u00e9e\" \/>\n\t<meta name=\"twitter:data2\" content=\"4 minutes\" \/>\n<script type=\"application\/ld+json\" class=\"yoast-schema-graph\">{\"@context\":\"https:\\\/\\\/schema.org\",\"@graph\":[{\"@type\":\"Article\",\"@id\":\"https:\\\/\\\/lasentinelle.dz\\\/index.php\\\/2022\\\/03\\\/29\\\/cybersecurite-un-enjeu-majeur-sur-fond-de-tensions-geopolitiques\\\/#article\",\"isPartOf\":{\"@id\":\"https:\\\/\\\/lasentinelle.dz\\\/index.php\\\/2022\\\/03\\\/29\\\/cybersecurite-un-enjeu-majeur-sur-fond-de-tensions-geopolitiques\\\/\"},\"author\":{\"name\":\"La Sentinelle\",\"@id\":\"https:\\\/\\\/lasentinelle.dz\\\/#\\\/schema\\\/person\\\/d865044e22e70a75174ce8bcad3acfb3\"},\"headline\":\"Cybers\u00e9curit\u00e9\u00a0: Un enjeu majeur sur fond de tensions g\u00e9opolitiques\",\"datePublished\":\"2022-03-28T23:05:00+00:00\",\"mainEntityOfPage\":{\"@id\":\"https:\\\/\\\/lasentinelle.dz\\\/index.php\\\/2022\\\/03\\\/29\\\/cybersecurite-un-enjeu-majeur-sur-fond-de-tensions-geopolitiques\\\/\"},\"wordCount\":740,\"commentCount\":0,\"publisher\":{\"@id\":\"https:\\\/\\\/lasentinelle.dz\\\/#organization\"},\"image\":{\"@id\":\"https:\\\/\\\/lasentinelle.dz\\\/index.php\\\/2022\\\/03\\\/29\\\/cybersecurite-un-enjeu-majeur-sur-fond-de-tensions-geopolitiques\\\/#primaryimage\"},\"thumbnailUrl\":\"https:\\\/\\\/lasentinelle.dz\\\/wp-content\\\/uploads\\\/2022\\\/03\\\/Cybersecurite.png\",\"articleSection\":[\"\u00c0 la Une\",\"Actualit\u00e9\"],\"inLanguage\":\"fr-FR\",\"potentialAction\":[{\"@type\":\"CommentAction\",\"name\":\"Comment\",\"target\":[\"https:\\\/\\\/lasentinelle.dz\\\/index.php\\\/2022\\\/03\\\/29\\\/cybersecurite-un-enjeu-majeur-sur-fond-de-tensions-geopolitiques\\\/#respond\"]}]},{\"@type\":\"WebPage\",\"@id\":\"https:\\\/\\\/lasentinelle.dz\\\/index.php\\\/2022\\\/03\\\/29\\\/cybersecurite-un-enjeu-majeur-sur-fond-de-tensions-geopolitiques\\\/\",\"url\":\"https:\\\/\\\/lasentinelle.dz\\\/index.php\\\/2022\\\/03\\\/29\\\/cybersecurite-un-enjeu-majeur-sur-fond-de-tensions-geopolitiques\\\/\",\"name\":\"Cybers\u00e9curit\u00e9\u00a0: Un enjeu majeur sur fond de tensions g\u00e9opolitiques - La Sentinelle\",\"isPartOf\":{\"@id\":\"https:\\\/\\\/lasentinelle.dz\\\/#website\"},\"primaryImageOfPage\":{\"@id\":\"https:\\\/\\\/lasentinelle.dz\\\/index.php\\\/2022\\\/03\\\/29\\\/cybersecurite-un-enjeu-majeur-sur-fond-de-tensions-geopolitiques\\\/#primaryimage\"},\"image\":{\"@id\":\"https:\\\/\\\/lasentinelle.dz\\\/index.php\\\/2022\\\/03\\\/29\\\/cybersecurite-un-enjeu-majeur-sur-fond-de-tensions-geopolitiques\\\/#primaryimage\"},\"thumbnailUrl\":\"https:\\\/\\\/lasentinelle.dz\\\/wp-content\\\/uploads\\\/2022\\\/03\\\/Cybersecurite.png\",\"datePublished\":\"2022-03-28T23:05:00+00:00\",\"breadcrumb\":{\"@id\":\"https:\\\/\\\/lasentinelle.dz\\\/index.php\\\/2022\\\/03\\\/29\\\/cybersecurite-un-enjeu-majeur-sur-fond-de-tensions-geopolitiques\\\/#breadcrumb\"},\"inLanguage\":\"fr-FR\",\"potentialAction\":[{\"@type\":\"ReadAction\",\"target\":[\"https:\\\/\\\/lasentinelle.dz\\\/index.php\\\/2022\\\/03\\\/29\\\/cybersecurite-un-enjeu-majeur-sur-fond-de-tensions-geopolitiques\\\/\"]}]},{\"@type\":\"ImageObject\",\"inLanguage\":\"fr-FR\",\"@id\":\"https:\\\/\\\/lasentinelle.dz\\\/index.php\\\/2022\\\/03\\\/29\\\/cybersecurite-un-enjeu-majeur-sur-fond-de-tensions-geopolitiques\\\/#primaryimage\",\"url\":\"https:\\\/\\\/lasentinelle.dz\\\/wp-content\\\/uploads\\\/2022\\\/03\\\/Cybersecurite.png\",\"contentUrl\":\"https:\\\/\\\/lasentinelle.dz\\\/wp-content\\\/uploads\\\/2022\\\/03\\\/Cybersecurite.png\",\"width\":1889,\"height\":900},{\"@type\":\"BreadcrumbList\",\"@id\":\"https:\\\/\\\/lasentinelle.dz\\\/index.php\\\/2022\\\/03\\\/29\\\/cybersecurite-un-enjeu-majeur-sur-fond-de-tensions-geopolitiques\\\/#breadcrumb\",\"itemListElement\":[{\"@type\":\"ListItem\",\"position\":1,\"name\":\"Accueil\",\"item\":\"https:\\\/\\\/lasentinelle.dz\\\/\"},{\"@type\":\"ListItem\",\"position\":2,\"name\":\"Cybers\u00e9curit\u00e9\u00a0: Un enjeu majeur sur fond de tensions g\u00e9opolitiques\"}]},{\"@type\":\"WebSite\",\"@id\":\"https:\\\/\\\/lasentinelle.dz\\\/#website\",\"url\":\"https:\\\/\\\/lasentinelle.dz\\\/\",\"name\":\"La Sentinelle\",\"description\":\"Quotidien national d&#039;information\",\"publisher\":{\"@id\":\"https:\\\/\\\/lasentinelle.dz\\\/#organization\"},\"potentialAction\":[{\"@type\":\"SearchAction\",\"target\":{\"@type\":\"EntryPoint\",\"urlTemplate\":\"https:\\\/\\\/lasentinelle.dz\\\/?s={search_term_string}\"},\"query-input\":{\"@type\":\"PropertyValueSpecification\",\"valueRequired\":true,\"valueName\":\"search_term_string\"}}],\"inLanguage\":\"fr-FR\"},{\"@type\":\"Organization\",\"@id\":\"https:\\\/\\\/lasentinelle.dz\\\/#organization\",\"name\":\"Quotidien La Sentinelle\",\"url\":\"https:\\\/\\\/lasentinelle.dz\\\/\",\"logo\":{\"@type\":\"ImageObject\",\"inLanguage\":\"fr-FR\",\"@id\":\"https:\\\/\\\/lasentinelle.dz\\\/#\\\/schema\\\/logo\\\/image\\\/\",\"url\":\"https:\\\/\\\/lasentinelle.dz\\\/wp-content\\\/uploads\\\/2021\\\/09\\\/logo-sentinelleSLOGAN-1.png\",\"contentUrl\":\"https:\\\/\\\/lasentinelle.dz\\\/wp-content\\\/uploads\\\/2021\\\/09\\\/logo-sentinelleSLOGAN-1.png\",\"width\":615,\"height\":142,\"caption\":\"Quotidien La Sentinelle\"},\"image\":{\"@id\":\"https:\\\/\\\/lasentinelle.dz\\\/#\\\/schema\\\/logo\\\/image\\\/\"},\"sameAs\":[\"https:\\\/\\\/www.facebook.com\\\/La-Sentinelle-104059864394773\"]},{\"@type\":\"Person\",\"@id\":\"https:\\\/\\\/lasentinelle.dz\\\/#\\\/schema\\\/person\\\/d865044e22e70a75174ce8bcad3acfb3\",\"name\":\"La Sentinelle\",\"image\":{\"@type\":\"ImageObject\",\"inLanguage\":\"fr-FR\",\"@id\":\"https:\\\/\\\/secure.gravatar.com\\\/avatar\\\/57de8e5d4b15d43fb361a71fbb36338450fe67865b528a43dd10ef7c51a20392?s=96&d=mm&r=g\",\"url\":\"https:\\\/\\\/secure.gravatar.com\\\/avatar\\\/57de8e5d4b15d43fb361a71fbb36338450fe67865b528a43dd10ef7c51a20392?s=96&d=mm&r=g\",\"contentUrl\":\"https:\\\/\\\/secure.gravatar.com\\\/avatar\\\/57de8e5d4b15d43fb361a71fbb36338450fe67865b528a43dd10ef7c51a20392?s=96&d=mm&r=g\",\"caption\":\"La Sentinelle\"},\"sameAs\":[\"http:\\\/\\\/www.lasentinelle.dz\"],\"url\":\"https:\\\/\\\/lasentinelle.dz\\\/author\\\/redaction\\\/\"}]}<\/script>\n<!-- \/ Yoast SEO plugin. -->","yoast_head_json":{"title":"Cybers\u00e9curit\u00e9\u00a0: Un enjeu majeur sur fond de tensions g\u00e9opolitiques - La Sentinelle","robots":{"index":"index","follow":"follow","max-snippet":"max-snippet:-1","max-image-preview":"max-image-preview:large","max-video-preview":"max-video-preview:-1"},"canonical":"https:\/\/lasentinelle.dz\/index.php\/2022\/03\/29\/cybersecurite-un-enjeu-majeur-sur-fond-de-tensions-geopolitiques\/","og_locale":"fr_FR","og_type":"article","og_title":"Cybers\u00e9curit\u00e9\u00a0: Un enjeu majeur sur fond de tensions g\u00e9opolitiques - La Sentinelle","og_description":"Avec l\u2019\u00e9mergence d\u2019internet, la cyber s\u00e9curit\u00e9 est d\u2019autant plus importante qu\u2019elle constitue une question de s\u00e9curit\u00e9 nationale.&nbsp;&nbsp; C\u2019est ce qu\u2019a","og_url":"https:\/\/lasentinelle.dz\/index.php\/2022\/03\/29\/cybersecurite-un-enjeu-majeur-sur-fond-de-tensions-geopolitiques\/","og_site_name":"La Sentinelle","article_publisher":"https:\/\/www.facebook.com\/La-Sentinelle-104059864394773","article_published_time":"2022-03-28T23:05:00+00:00","og_image":[{"width":1889,"height":900,"url":"https:\/\/lasentinelle.dz\/wp-content\/uploads\/2022\/03\/Cybersecurite.png","type":"image\/png"}],"author":"La Sentinelle","twitter_card":"summary_large_image","twitter_misc":{"\u00c9crit par":"La Sentinelle","Dur\u00e9e de lecture estim\u00e9e":"4 minutes"},"schema":{"@context":"https:\/\/schema.org","@graph":[{"@type":"Article","@id":"https:\/\/lasentinelle.dz\/index.php\/2022\/03\/29\/cybersecurite-un-enjeu-majeur-sur-fond-de-tensions-geopolitiques\/#article","isPartOf":{"@id":"https:\/\/lasentinelle.dz\/index.php\/2022\/03\/29\/cybersecurite-un-enjeu-majeur-sur-fond-de-tensions-geopolitiques\/"},"author":{"name":"La Sentinelle","@id":"https:\/\/lasentinelle.dz\/#\/schema\/person\/d865044e22e70a75174ce8bcad3acfb3"},"headline":"Cybers\u00e9curit\u00e9\u00a0: Un enjeu majeur sur fond de tensions g\u00e9opolitiques","datePublished":"2022-03-28T23:05:00+00:00","mainEntityOfPage":{"@id":"https:\/\/lasentinelle.dz\/index.php\/2022\/03\/29\/cybersecurite-un-enjeu-majeur-sur-fond-de-tensions-geopolitiques\/"},"wordCount":740,"commentCount":0,"publisher":{"@id":"https:\/\/lasentinelle.dz\/#organization"},"image":{"@id":"https:\/\/lasentinelle.dz\/index.php\/2022\/03\/29\/cybersecurite-un-enjeu-majeur-sur-fond-de-tensions-geopolitiques\/#primaryimage"},"thumbnailUrl":"https:\/\/lasentinelle.dz\/wp-content\/uploads\/2022\/03\/Cybersecurite.png","articleSection":["\u00c0 la Une","Actualit\u00e9"],"inLanguage":"fr-FR","potentialAction":[{"@type":"CommentAction","name":"Comment","target":["https:\/\/lasentinelle.dz\/index.php\/2022\/03\/29\/cybersecurite-un-enjeu-majeur-sur-fond-de-tensions-geopolitiques\/#respond"]}]},{"@type":"WebPage","@id":"https:\/\/lasentinelle.dz\/index.php\/2022\/03\/29\/cybersecurite-un-enjeu-majeur-sur-fond-de-tensions-geopolitiques\/","url":"https:\/\/lasentinelle.dz\/index.php\/2022\/03\/29\/cybersecurite-un-enjeu-majeur-sur-fond-de-tensions-geopolitiques\/","name":"Cybers\u00e9curit\u00e9\u00a0: Un enjeu majeur sur fond de tensions g\u00e9opolitiques - La Sentinelle","isPartOf":{"@id":"https:\/\/lasentinelle.dz\/#website"},"primaryImageOfPage":{"@id":"https:\/\/lasentinelle.dz\/index.php\/2022\/03\/29\/cybersecurite-un-enjeu-majeur-sur-fond-de-tensions-geopolitiques\/#primaryimage"},"image":{"@id":"https:\/\/lasentinelle.dz\/index.php\/2022\/03\/29\/cybersecurite-un-enjeu-majeur-sur-fond-de-tensions-geopolitiques\/#primaryimage"},"thumbnailUrl":"https:\/\/lasentinelle.dz\/wp-content\/uploads\/2022\/03\/Cybersecurite.png","datePublished":"2022-03-28T23:05:00+00:00","breadcrumb":{"@id":"https:\/\/lasentinelle.dz\/index.php\/2022\/03\/29\/cybersecurite-un-enjeu-majeur-sur-fond-de-tensions-geopolitiques\/#breadcrumb"},"inLanguage":"fr-FR","potentialAction":[{"@type":"ReadAction","target":["https:\/\/lasentinelle.dz\/index.php\/2022\/03\/29\/cybersecurite-un-enjeu-majeur-sur-fond-de-tensions-geopolitiques\/"]}]},{"@type":"ImageObject","inLanguage":"fr-FR","@id":"https:\/\/lasentinelle.dz\/index.php\/2022\/03\/29\/cybersecurite-un-enjeu-majeur-sur-fond-de-tensions-geopolitiques\/#primaryimage","url":"https:\/\/lasentinelle.dz\/wp-content\/uploads\/2022\/03\/Cybersecurite.png","contentUrl":"https:\/\/lasentinelle.dz\/wp-content\/uploads\/2022\/03\/Cybersecurite.png","width":1889,"height":900},{"@type":"BreadcrumbList","@id":"https:\/\/lasentinelle.dz\/index.php\/2022\/03\/29\/cybersecurite-un-enjeu-majeur-sur-fond-de-tensions-geopolitiques\/#breadcrumb","itemListElement":[{"@type":"ListItem","position":1,"name":"Accueil","item":"https:\/\/lasentinelle.dz\/"},{"@type":"ListItem","position":2,"name":"Cybers\u00e9curit\u00e9\u00a0: Un enjeu majeur sur fond de tensions g\u00e9opolitiques"}]},{"@type":"WebSite","@id":"https:\/\/lasentinelle.dz\/#website","url":"https:\/\/lasentinelle.dz\/","name":"La Sentinelle","description":"Quotidien national d&#039;information","publisher":{"@id":"https:\/\/lasentinelle.dz\/#organization"},"potentialAction":[{"@type":"SearchAction","target":{"@type":"EntryPoint","urlTemplate":"https:\/\/lasentinelle.dz\/?s={search_term_string}"},"query-input":{"@type":"PropertyValueSpecification","valueRequired":true,"valueName":"search_term_string"}}],"inLanguage":"fr-FR"},{"@type":"Organization","@id":"https:\/\/lasentinelle.dz\/#organization","name":"Quotidien La Sentinelle","url":"https:\/\/lasentinelle.dz\/","logo":{"@type":"ImageObject","inLanguage":"fr-FR","@id":"https:\/\/lasentinelle.dz\/#\/schema\/logo\/image\/","url":"https:\/\/lasentinelle.dz\/wp-content\/uploads\/2021\/09\/logo-sentinelleSLOGAN-1.png","contentUrl":"https:\/\/lasentinelle.dz\/wp-content\/uploads\/2021\/09\/logo-sentinelleSLOGAN-1.png","width":615,"height":142,"caption":"Quotidien La Sentinelle"},"image":{"@id":"https:\/\/lasentinelle.dz\/#\/schema\/logo\/image\/"},"sameAs":["https:\/\/www.facebook.com\/La-Sentinelle-104059864394773"]},{"@type":"Person","@id":"https:\/\/lasentinelle.dz\/#\/schema\/person\/d865044e22e70a75174ce8bcad3acfb3","name":"La Sentinelle","image":{"@type":"ImageObject","inLanguage":"fr-FR","@id":"https:\/\/secure.gravatar.com\/avatar\/57de8e5d4b15d43fb361a71fbb36338450fe67865b528a43dd10ef7c51a20392?s=96&d=mm&r=g","url":"https:\/\/secure.gravatar.com\/avatar\/57de8e5d4b15d43fb361a71fbb36338450fe67865b528a43dd10ef7c51a20392?s=96&d=mm&r=g","contentUrl":"https:\/\/secure.gravatar.com\/avatar\/57de8e5d4b15d43fb361a71fbb36338450fe67865b528a43dd10ef7c51a20392?s=96&d=mm&r=g","caption":"La Sentinelle"},"sameAs":["http:\/\/www.lasentinelle.dz"],"url":"https:\/\/lasentinelle.dz\/author\/redaction\/"}]}},"_links":{"self":[{"href":"https:\/\/lasentinelle.dz\/index.php\/wp-json\/wp\/v2\/posts\/19050","targetHints":{"allow":["GET"]}}],"collection":[{"href":"https:\/\/lasentinelle.dz\/index.php\/wp-json\/wp\/v2\/posts"}],"about":[{"href":"https:\/\/lasentinelle.dz\/index.php\/wp-json\/wp\/v2\/types\/post"}],"author":[{"embeddable":true,"href":"https:\/\/lasentinelle.dz\/index.php\/wp-json\/wp\/v2\/users\/3"}],"replies":[{"embeddable":true,"href":"https:\/\/lasentinelle.dz\/index.php\/wp-json\/wp\/v2\/comments?post=19050"}],"version-history":[{"count":1,"href":"https:\/\/lasentinelle.dz\/index.php\/wp-json\/wp\/v2\/posts\/19050\/revisions"}],"predecessor-version":[{"id":19061,"href":"https:\/\/lasentinelle.dz\/index.php\/wp-json\/wp\/v2\/posts\/19050\/revisions\/19061"}],"wp:featuredmedia":[{"embeddable":true,"href":"https:\/\/lasentinelle.dz\/index.php\/wp-json\/wp\/v2\/media\/19060"}],"wp:attachment":[{"href":"https:\/\/lasentinelle.dz\/index.php\/wp-json\/wp\/v2\/media?parent=19050"}],"wp:term":[{"taxonomy":"category","embeddable":true,"href":"https:\/\/lasentinelle.dz\/index.php\/wp-json\/wp\/v2\/categories?post=19050"},{"taxonomy":"post_tag","embeddable":true,"href":"https:\/\/lasentinelle.dz\/index.php\/wp-json\/wp\/v2\/tags?post=19050"}],"curies":[{"name":"wp","href":"https:\/\/api.w.org\/{rel}","templated":true}]}}