{"id":19056,"date":"2022-03-29T00:01:00","date_gmt":"2022-03-28T23:01:00","guid":{"rendered":"https:\/\/lasentinelle.dz\/?p=19056"},"modified":"2022-03-28T19:58:08","modified_gmt":"2022-03-28T18:58:08","slug":"transition-numerique-et-cybersecurite-le-prealable-dun-ecosysteme-dynamique","status":"publish","type":"post","link":"https:\/\/lasentinelle.dz\/index.php\/2022\/03\/29\/transition-numerique-et-cybersecurite-le-prealable-dun-ecosysteme-dynamique\/","title":{"rendered":"Transition num\u00e9rique et cybers\u00e9curit\u00e9\u00a0: Le pr\u00e9alable d\u2019un \u00e9cosyst\u00e8me dynamique"},"content":{"rendered":"\n<p>Organis\u00e9e par l&rsquo;entreprise \u00ab\u00a0iNet\u00a0\u00bb (Intelligent Network), la conf\u00e9rence qui s\u2019est d\u00e9roul\u00e9e dimanche \u00e0 Alger, en pr\u00e9sence du ministre d\u00e9l\u00e9gu\u00e9 aupr\u00e8s du Premier ministre, charg\u00e9 de l&rsquo;\u00e9conomie de la connaissance et des Start-up, Yacine El Mahdi Oualid, a \u00e9t\u00e9 l\u2019occasion pour des experts d\u2019\u00e9voquer les enjeux de la cyber s\u00e9curit\u00e9 en Alg\u00e9rie. Dans leurs interventions, ces derniers s\u2019accordent d\u2019ailleurs sur la n\u00e9cessit\u00e9 de faire de la cyber s\u00e9curit\u00e9 \u00ab une v\u00e9ritable ligne de d\u00e9fense pour prot\u00e9ger l&rsquo;Alg\u00e9rie, ses institutions, son \u00e9conomie et ses citoyens mais \u00e9galement pour assurer la confidentialit\u00e9, l&rsquo;int\u00e9grit\u00e9 et la disponibilit\u00e9 des donn\u00e9es \u00bb. Ouvrant le bal des interventions, le ministre d\u00e9l\u00e9gu\u00e9 aupr\u00e8s du Premier ministre, charg\u00e9 de l&rsquo;\u00e9conomie de la connaissance et des Start-up a fait savoir que \u00ab le gouvernement travaille sur des m\u00e9canismes pour pousser les grandes entreprises \u00e0 investir plus sur la s\u00e9curit\u00e9 informatique et \u00e0 mettre en place une strat\u00e9gie nationale de s\u00e9curit\u00e9 informatique pour r\u00e9duire la d\u00e9pendance \u00bb. Yacine El Mahdi Oualid&nbsp;&nbsp;soulignera que \u00ab les recherches en mati\u00e8re de cyber s\u00e9curit\u00e9 s&rsquo;effectuent en partie au niveau du secteur priv\u00e9 \u00bb. Il a d\u00e9plor\u00e9 que le nombre de startups activant dans la cyber s\u00e9curit\u00e9 en Alg\u00e9rie qui \u00ab n&rsquo;est pas tr\u00e8s important \u00bb. Le ministre dira ainsi que \u00ab l&rsquo;enjeu le plus important est de rep\u00e9rer les talents d\u2019autant plus que l&rsquo;Alg\u00e9rie compte de tr\u00e8s bons ing\u00e9nieurs en informatique et en cyber s\u00e9curit\u00e9, mais la plupart d&rsquo;entre eux se font offrir des perspectives \u00e0 l&rsquo;international \u00bb, explique-t-il. La directrice d&rsquo;iNet, Mme Fella Gaouar a, quant \u00e0 elle, estim\u00e9 que \u00ab la menace du cyberespace et de nos donn\u00e9es est devenue une question de souverainet\u00e9 nationale. Il nous appartient, en cons\u00e9quence, de f\u00e9d\u00e9rer nos comp\u00e9tences et nos moyens pour prot\u00e9ger l&rsquo;Alg\u00e9rie de ces menaces \u00bb. Elle recommandera de faire face en se dotant \u00ab de moyens pour assurer sa transition num\u00e9rique en mesure d&rsquo;arrimer son \u00e9conomie \u00e0 l&rsquo;\u00e9conomie mondiale \u00bb. La m\u00eame intervenante estimera d\u2019ailleurs que cette transition \u00ab n\u00e9cessite cependant, pour notre pays le d\u00e9veloppement d&rsquo;un \u00e9cosyst\u00e8me \u00e9conomique et num\u00e9rique de plus en plus dynamique \u00bb. Pour leur part, Mehdi Gaouar et Christophe Loba, tous deux experts dans le domaine, ont insist\u00e9 sur les moyens \u00e0 mobiliser dans l\u2019objectif de lutter contre les cyber crimes \u00e0 travers notamment une \u00ab gouvernance efficiente \u00bb ax\u00e9e sur la formation de la ressource humaine et la sensibilisation \u00e0 la cyber s\u00e9curit\u00e9. L&rsquo;\u00e9laboration de strat\u00e9gies de d\u00e9fense en cyber s\u00e9curit\u00e9 \u00e9tait \u00e9galement au menu des deux intervenants qui ont par ailleurs pr\u00e9sent\u00e9 un \u00e9ventail de solutions et outils permettant aux institutions, organisations et aux entreprises de renforcer la s\u00e9curit\u00e9 de leurs infrastructures et leurs donn\u00e9es.&nbsp;<\/p>\n\n\n\n<p><strong>Akli Amor<\/strong><\/p>\n","protected":false},"excerpt":{"rendered":"<p>Organis\u00e9e par l&rsquo;entreprise \u00ab\u00a0iNet\u00a0\u00bb (Intelligent Network), la conf\u00e9rence qui s\u2019est d\u00e9roul\u00e9e dimanche \u00e0 Alger, en pr\u00e9sence du ministre d\u00e9l\u00e9gu\u00e9 aupr\u00e8s<\/p>\n","protected":false},"author":3,"featured_media":19062,"comment_status":"open","ping_status":"closed","sticky":false,"template":"","format":"standard","meta":{"colormag_page_container_layout":"default_layout","colormag_page_sidebar_layout":"default_layout","om_disable_all_campaigns":false,"_monsterinsights_skip_tracking":false,"_monsterinsights_sitenote_active":false,"_monsterinsights_sitenote_note":"","_monsterinsights_sitenote_category":0,"footnotes":"","_wpscppro_dont_share_socialmedia":false,"_wpscppro_custom_social_share_image":0,"_facebook_share_type":"","_twitter_share_type":"","_linkedin_share_type":"","_pinterest_share_type":"","_linkedin_share_type_page":"","_instagram_share_type":"","_medium_share_type":"","_threads_share_type":"","_google_business_share_type":"","_selected_social_profile":[],"_wpsp_enable_custom_social_template":false,"_wpsp_social_scheduling":{"enabled":false,"datetime":null,"platforms":[],"status":"template_only","dateOption":"today","timeOption":"now","customDays":"","customHours":"","customDate":"","customTime":"","schedulingType":"absolute"},"_wpsp_active_default_template":true},"categories":[27],"tags":[],"class_list":["post-19056","post","type-post","status-publish","format-standard","has-post-thumbnail","hentry","category-actualite"],"aioseo_notices":[],"yoast_head":"<!-- This site is optimized with the Yoast SEO plugin v27.5 - https:\/\/yoast.com\/product\/yoast-seo-wordpress\/ -->\n<title>Transition num\u00e9rique et cybers\u00e9curit\u00e9\u00a0: Le pr\u00e9alable d\u2019un \u00e9cosyst\u00e8me dynamique - La Sentinelle<\/title>\n<meta name=\"robots\" content=\"index, follow, max-snippet:-1, max-image-preview:large, max-video-preview:-1\" \/>\n<link rel=\"canonical\" href=\"https:\/\/lasentinelle.dz\/index.php\/2022\/03\/29\/transition-numerique-et-cybersecurite-le-prealable-dun-ecosysteme-dynamique\/\" \/>\n<meta property=\"og:locale\" content=\"fr_FR\" \/>\n<meta property=\"og:type\" content=\"article\" \/>\n<meta property=\"og:title\" content=\"Transition num\u00e9rique et cybers\u00e9curit\u00e9\u00a0: Le pr\u00e9alable d\u2019un \u00e9cosyst\u00e8me dynamique - La Sentinelle\" \/>\n<meta property=\"og:description\" content=\"Organis\u00e9e par l&rsquo;entreprise \u00ab\u00a0iNet\u00a0\u00bb (Intelligent Network), la conf\u00e9rence qui s\u2019est d\u00e9roul\u00e9e dimanche \u00e0 Alger, en pr\u00e9sence du ministre d\u00e9l\u00e9gu\u00e9 aupr\u00e8s\" \/>\n<meta property=\"og:url\" content=\"https:\/\/lasentinelle.dz\/index.php\/2022\/03\/29\/transition-numerique-et-cybersecurite-le-prealable-dun-ecosysteme-dynamique\/\" \/>\n<meta property=\"og:site_name\" content=\"La Sentinelle\" \/>\n<meta property=\"article:publisher\" content=\"https:\/\/www.facebook.com\/La-Sentinelle-104059864394773\" \/>\n<meta property=\"article:published_time\" content=\"2022-03-28T23:01:00+00:00\" \/>\n<meta property=\"og:image\" content=\"https:\/\/lasentinelle.dz\/wp-content\/uploads\/2022\/03\/cybersecurite-\u00a9-AFDEL.png\" \/>\n\t<meta property=\"og:image:width\" content=\"499\" \/>\n\t<meta property=\"og:image:height\" content=\"370\" \/>\n\t<meta property=\"og:image:type\" content=\"image\/png\" \/>\n<meta name=\"author\" content=\"La Sentinelle\" \/>\n<meta name=\"twitter:card\" content=\"summary_large_image\" \/>\n<meta name=\"twitter:label1\" content=\"\u00c9crit par\" \/>\n\t<meta name=\"twitter:data1\" content=\"La Sentinelle\" \/>\n\t<meta name=\"twitter:label2\" content=\"Dur\u00e9e de lecture estim\u00e9e\" \/>\n\t<meta name=\"twitter:data2\" content=\"3 minutes\" \/>\n<script type=\"application\/ld+json\" class=\"yoast-schema-graph\">{\"@context\":\"https:\\\/\\\/schema.org\",\"@graph\":[{\"@type\":\"Article\",\"@id\":\"https:\\\/\\\/lasentinelle.dz\\\/index.php\\\/2022\\\/03\\\/29\\\/transition-numerique-et-cybersecurite-le-prealable-dun-ecosysteme-dynamique\\\/#article\",\"isPartOf\":{\"@id\":\"https:\\\/\\\/lasentinelle.dz\\\/index.php\\\/2022\\\/03\\\/29\\\/transition-numerique-et-cybersecurite-le-prealable-dun-ecosysteme-dynamique\\\/\"},\"author\":{\"name\":\"La Sentinelle\",\"@id\":\"https:\\\/\\\/lasentinelle.dz\\\/#\\\/schema\\\/person\\\/d865044e22e70a75174ce8bcad3acfb3\"},\"headline\":\"Transition num\u00e9rique et cybers\u00e9curit\u00e9\u00a0: Le pr\u00e9alable d\u2019un \u00e9cosyst\u00e8me dynamique\",\"datePublished\":\"2022-03-28T23:01:00+00:00\",\"mainEntityOfPage\":{\"@id\":\"https:\\\/\\\/lasentinelle.dz\\\/index.php\\\/2022\\\/03\\\/29\\\/transition-numerique-et-cybersecurite-le-prealable-dun-ecosysteme-dynamique\\\/\"},\"wordCount\":515,\"commentCount\":0,\"publisher\":{\"@id\":\"https:\\\/\\\/lasentinelle.dz\\\/#organization\"},\"image\":{\"@id\":\"https:\\\/\\\/lasentinelle.dz\\\/index.php\\\/2022\\\/03\\\/29\\\/transition-numerique-et-cybersecurite-le-prealable-dun-ecosysteme-dynamique\\\/#primaryimage\"},\"thumbnailUrl\":\"https:\\\/\\\/lasentinelle.dz\\\/wp-content\\\/uploads\\\/2022\\\/03\\\/cybersecurite-\u00a9-AFDEL.png\",\"articleSection\":[\"Actualit\u00e9\"],\"inLanguage\":\"fr-FR\",\"potentialAction\":[{\"@type\":\"CommentAction\",\"name\":\"Comment\",\"target\":[\"https:\\\/\\\/lasentinelle.dz\\\/index.php\\\/2022\\\/03\\\/29\\\/transition-numerique-et-cybersecurite-le-prealable-dun-ecosysteme-dynamique\\\/#respond\"]}]},{\"@type\":\"WebPage\",\"@id\":\"https:\\\/\\\/lasentinelle.dz\\\/index.php\\\/2022\\\/03\\\/29\\\/transition-numerique-et-cybersecurite-le-prealable-dun-ecosysteme-dynamique\\\/\",\"url\":\"https:\\\/\\\/lasentinelle.dz\\\/index.php\\\/2022\\\/03\\\/29\\\/transition-numerique-et-cybersecurite-le-prealable-dun-ecosysteme-dynamique\\\/\",\"name\":\"Transition num\u00e9rique et cybers\u00e9curit\u00e9\u00a0: Le pr\u00e9alable d\u2019un \u00e9cosyst\u00e8me dynamique - La Sentinelle\",\"isPartOf\":{\"@id\":\"https:\\\/\\\/lasentinelle.dz\\\/#website\"},\"primaryImageOfPage\":{\"@id\":\"https:\\\/\\\/lasentinelle.dz\\\/index.php\\\/2022\\\/03\\\/29\\\/transition-numerique-et-cybersecurite-le-prealable-dun-ecosysteme-dynamique\\\/#primaryimage\"},\"image\":{\"@id\":\"https:\\\/\\\/lasentinelle.dz\\\/index.php\\\/2022\\\/03\\\/29\\\/transition-numerique-et-cybersecurite-le-prealable-dun-ecosysteme-dynamique\\\/#primaryimage\"},\"thumbnailUrl\":\"https:\\\/\\\/lasentinelle.dz\\\/wp-content\\\/uploads\\\/2022\\\/03\\\/cybersecurite-\u00a9-AFDEL.png\",\"datePublished\":\"2022-03-28T23:01:00+00:00\",\"breadcrumb\":{\"@id\":\"https:\\\/\\\/lasentinelle.dz\\\/index.php\\\/2022\\\/03\\\/29\\\/transition-numerique-et-cybersecurite-le-prealable-dun-ecosysteme-dynamique\\\/#breadcrumb\"},\"inLanguage\":\"fr-FR\",\"potentialAction\":[{\"@type\":\"ReadAction\",\"target\":[\"https:\\\/\\\/lasentinelle.dz\\\/index.php\\\/2022\\\/03\\\/29\\\/transition-numerique-et-cybersecurite-le-prealable-dun-ecosysteme-dynamique\\\/\"]}]},{\"@type\":\"ImageObject\",\"inLanguage\":\"fr-FR\",\"@id\":\"https:\\\/\\\/lasentinelle.dz\\\/index.php\\\/2022\\\/03\\\/29\\\/transition-numerique-et-cybersecurite-le-prealable-dun-ecosysteme-dynamique\\\/#primaryimage\",\"url\":\"https:\\\/\\\/lasentinelle.dz\\\/wp-content\\\/uploads\\\/2022\\\/03\\\/cybersecurite-\u00a9-AFDEL.png\",\"contentUrl\":\"https:\\\/\\\/lasentinelle.dz\\\/wp-content\\\/uploads\\\/2022\\\/03\\\/cybersecurite-\u00a9-AFDEL.png\",\"width\":499,\"height\":370},{\"@type\":\"BreadcrumbList\",\"@id\":\"https:\\\/\\\/lasentinelle.dz\\\/index.php\\\/2022\\\/03\\\/29\\\/transition-numerique-et-cybersecurite-le-prealable-dun-ecosysteme-dynamique\\\/#breadcrumb\",\"itemListElement\":[{\"@type\":\"ListItem\",\"position\":1,\"name\":\"Accueil\",\"item\":\"https:\\\/\\\/lasentinelle.dz\\\/\"},{\"@type\":\"ListItem\",\"position\":2,\"name\":\"Transition num\u00e9rique et cybers\u00e9curit\u00e9\u00a0: Le pr\u00e9alable d\u2019un \u00e9cosyst\u00e8me dynamique\"}]},{\"@type\":\"WebSite\",\"@id\":\"https:\\\/\\\/lasentinelle.dz\\\/#website\",\"url\":\"https:\\\/\\\/lasentinelle.dz\\\/\",\"name\":\"La Sentinelle\",\"description\":\"Quotidien national d&#039;information\",\"publisher\":{\"@id\":\"https:\\\/\\\/lasentinelle.dz\\\/#organization\"},\"potentialAction\":[{\"@type\":\"SearchAction\",\"target\":{\"@type\":\"EntryPoint\",\"urlTemplate\":\"https:\\\/\\\/lasentinelle.dz\\\/?s={search_term_string}\"},\"query-input\":{\"@type\":\"PropertyValueSpecification\",\"valueRequired\":true,\"valueName\":\"search_term_string\"}}],\"inLanguage\":\"fr-FR\"},{\"@type\":\"Organization\",\"@id\":\"https:\\\/\\\/lasentinelle.dz\\\/#organization\",\"name\":\"Quotidien La Sentinelle\",\"url\":\"https:\\\/\\\/lasentinelle.dz\\\/\",\"logo\":{\"@type\":\"ImageObject\",\"inLanguage\":\"fr-FR\",\"@id\":\"https:\\\/\\\/lasentinelle.dz\\\/#\\\/schema\\\/logo\\\/image\\\/\",\"url\":\"https:\\\/\\\/lasentinelle.dz\\\/wp-content\\\/uploads\\\/2021\\\/09\\\/logo-sentinelleSLOGAN-1.png\",\"contentUrl\":\"https:\\\/\\\/lasentinelle.dz\\\/wp-content\\\/uploads\\\/2021\\\/09\\\/logo-sentinelleSLOGAN-1.png\",\"width\":615,\"height\":142,\"caption\":\"Quotidien La Sentinelle\"},\"image\":{\"@id\":\"https:\\\/\\\/lasentinelle.dz\\\/#\\\/schema\\\/logo\\\/image\\\/\"},\"sameAs\":[\"https:\\\/\\\/www.facebook.com\\\/La-Sentinelle-104059864394773\"]},{\"@type\":\"Person\",\"@id\":\"https:\\\/\\\/lasentinelle.dz\\\/#\\\/schema\\\/person\\\/d865044e22e70a75174ce8bcad3acfb3\",\"name\":\"La Sentinelle\",\"image\":{\"@type\":\"ImageObject\",\"inLanguage\":\"fr-FR\",\"@id\":\"https:\\\/\\\/secure.gravatar.com\\\/avatar\\\/57de8e5d4b15d43fb361a71fbb36338450fe67865b528a43dd10ef7c51a20392?s=96&d=mm&r=g\",\"url\":\"https:\\\/\\\/secure.gravatar.com\\\/avatar\\\/57de8e5d4b15d43fb361a71fbb36338450fe67865b528a43dd10ef7c51a20392?s=96&d=mm&r=g\",\"contentUrl\":\"https:\\\/\\\/secure.gravatar.com\\\/avatar\\\/57de8e5d4b15d43fb361a71fbb36338450fe67865b528a43dd10ef7c51a20392?s=96&d=mm&r=g\",\"caption\":\"La Sentinelle\"},\"sameAs\":[\"http:\\\/\\\/www.lasentinelle.dz\"],\"url\":\"https:\\\/\\\/lasentinelle.dz\\\/author\\\/redaction\\\/\"}]}<\/script>\n<!-- \/ Yoast SEO plugin. -->","yoast_head_json":{"title":"Transition num\u00e9rique et cybers\u00e9curit\u00e9\u00a0: Le pr\u00e9alable d\u2019un \u00e9cosyst\u00e8me dynamique - La Sentinelle","robots":{"index":"index","follow":"follow","max-snippet":"max-snippet:-1","max-image-preview":"max-image-preview:large","max-video-preview":"max-video-preview:-1"},"canonical":"https:\/\/lasentinelle.dz\/index.php\/2022\/03\/29\/transition-numerique-et-cybersecurite-le-prealable-dun-ecosysteme-dynamique\/","og_locale":"fr_FR","og_type":"article","og_title":"Transition num\u00e9rique et cybers\u00e9curit\u00e9\u00a0: Le pr\u00e9alable d\u2019un \u00e9cosyst\u00e8me dynamique - La Sentinelle","og_description":"Organis\u00e9e par l&rsquo;entreprise \u00ab\u00a0iNet\u00a0\u00bb (Intelligent Network), la conf\u00e9rence qui s\u2019est d\u00e9roul\u00e9e dimanche \u00e0 Alger, en pr\u00e9sence du ministre d\u00e9l\u00e9gu\u00e9 aupr\u00e8s","og_url":"https:\/\/lasentinelle.dz\/index.php\/2022\/03\/29\/transition-numerique-et-cybersecurite-le-prealable-dun-ecosysteme-dynamique\/","og_site_name":"La Sentinelle","article_publisher":"https:\/\/www.facebook.com\/La-Sentinelle-104059864394773","article_published_time":"2022-03-28T23:01:00+00:00","og_image":[{"width":499,"height":370,"url":"https:\/\/lasentinelle.dz\/wp-content\/uploads\/2022\/03\/cybersecurite-\u00a9-AFDEL.png","type":"image\/png"}],"author":"La Sentinelle","twitter_card":"summary_large_image","twitter_misc":{"\u00c9crit par":"La Sentinelle","Dur\u00e9e de lecture estim\u00e9e":"3 minutes"},"schema":{"@context":"https:\/\/schema.org","@graph":[{"@type":"Article","@id":"https:\/\/lasentinelle.dz\/index.php\/2022\/03\/29\/transition-numerique-et-cybersecurite-le-prealable-dun-ecosysteme-dynamique\/#article","isPartOf":{"@id":"https:\/\/lasentinelle.dz\/index.php\/2022\/03\/29\/transition-numerique-et-cybersecurite-le-prealable-dun-ecosysteme-dynamique\/"},"author":{"name":"La Sentinelle","@id":"https:\/\/lasentinelle.dz\/#\/schema\/person\/d865044e22e70a75174ce8bcad3acfb3"},"headline":"Transition num\u00e9rique et cybers\u00e9curit\u00e9\u00a0: Le pr\u00e9alable d\u2019un \u00e9cosyst\u00e8me dynamique","datePublished":"2022-03-28T23:01:00+00:00","mainEntityOfPage":{"@id":"https:\/\/lasentinelle.dz\/index.php\/2022\/03\/29\/transition-numerique-et-cybersecurite-le-prealable-dun-ecosysteme-dynamique\/"},"wordCount":515,"commentCount":0,"publisher":{"@id":"https:\/\/lasentinelle.dz\/#organization"},"image":{"@id":"https:\/\/lasentinelle.dz\/index.php\/2022\/03\/29\/transition-numerique-et-cybersecurite-le-prealable-dun-ecosysteme-dynamique\/#primaryimage"},"thumbnailUrl":"https:\/\/lasentinelle.dz\/wp-content\/uploads\/2022\/03\/cybersecurite-\u00a9-AFDEL.png","articleSection":["Actualit\u00e9"],"inLanguage":"fr-FR","potentialAction":[{"@type":"CommentAction","name":"Comment","target":["https:\/\/lasentinelle.dz\/index.php\/2022\/03\/29\/transition-numerique-et-cybersecurite-le-prealable-dun-ecosysteme-dynamique\/#respond"]}]},{"@type":"WebPage","@id":"https:\/\/lasentinelle.dz\/index.php\/2022\/03\/29\/transition-numerique-et-cybersecurite-le-prealable-dun-ecosysteme-dynamique\/","url":"https:\/\/lasentinelle.dz\/index.php\/2022\/03\/29\/transition-numerique-et-cybersecurite-le-prealable-dun-ecosysteme-dynamique\/","name":"Transition num\u00e9rique et cybers\u00e9curit\u00e9\u00a0: Le pr\u00e9alable d\u2019un \u00e9cosyst\u00e8me dynamique - La Sentinelle","isPartOf":{"@id":"https:\/\/lasentinelle.dz\/#website"},"primaryImageOfPage":{"@id":"https:\/\/lasentinelle.dz\/index.php\/2022\/03\/29\/transition-numerique-et-cybersecurite-le-prealable-dun-ecosysteme-dynamique\/#primaryimage"},"image":{"@id":"https:\/\/lasentinelle.dz\/index.php\/2022\/03\/29\/transition-numerique-et-cybersecurite-le-prealable-dun-ecosysteme-dynamique\/#primaryimage"},"thumbnailUrl":"https:\/\/lasentinelle.dz\/wp-content\/uploads\/2022\/03\/cybersecurite-\u00a9-AFDEL.png","datePublished":"2022-03-28T23:01:00+00:00","breadcrumb":{"@id":"https:\/\/lasentinelle.dz\/index.php\/2022\/03\/29\/transition-numerique-et-cybersecurite-le-prealable-dun-ecosysteme-dynamique\/#breadcrumb"},"inLanguage":"fr-FR","potentialAction":[{"@type":"ReadAction","target":["https:\/\/lasentinelle.dz\/index.php\/2022\/03\/29\/transition-numerique-et-cybersecurite-le-prealable-dun-ecosysteme-dynamique\/"]}]},{"@type":"ImageObject","inLanguage":"fr-FR","@id":"https:\/\/lasentinelle.dz\/index.php\/2022\/03\/29\/transition-numerique-et-cybersecurite-le-prealable-dun-ecosysteme-dynamique\/#primaryimage","url":"https:\/\/lasentinelle.dz\/wp-content\/uploads\/2022\/03\/cybersecurite-\u00a9-AFDEL.png","contentUrl":"https:\/\/lasentinelle.dz\/wp-content\/uploads\/2022\/03\/cybersecurite-\u00a9-AFDEL.png","width":499,"height":370},{"@type":"BreadcrumbList","@id":"https:\/\/lasentinelle.dz\/index.php\/2022\/03\/29\/transition-numerique-et-cybersecurite-le-prealable-dun-ecosysteme-dynamique\/#breadcrumb","itemListElement":[{"@type":"ListItem","position":1,"name":"Accueil","item":"https:\/\/lasentinelle.dz\/"},{"@type":"ListItem","position":2,"name":"Transition num\u00e9rique et cybers\u00e9curit\u00e9\u00a0: Le pr\u00e9alable d\u2019un \u00e9cosyst\u00e8me dynamique"}]},{"@type":"WebSite","@id":"https:\/\/lasentinelle.dz\/#website","url":"https:\/\/lasentinelle.dz\/","name":"La Sentinelle","description":"Quotidien national d&#039;information","publisher":{"@id":"https:\/\/lasentinelle.dz\/#organization"},"potentialAction":[{"@type":"SearchAction","target":{"@type":"EntryPoint","urlTemplate":"https:\/\/lasentinelle.dz\/?s={search_term_string}"},"query-input":{"@type":"PropertyValueSpecification","valueRequired":true,"valueName":"search_term_string"}}],"inLanguage":"fr-FR"},{"@type":"Organization","@id":"https:\/\/lasentinelle.dz\/#organization","name":"Quotidien La Sentinelle","url":"https:\/\/lasentinelle.dz\/","logo":{"@type":"ImageObject","inLanguage":"fr-FR","@id":"https:\/\/lasentinelle.dz\/#\/schema\/logo\/image\/","url":"https:\/\/lasentinelle.dz\/wp-content\/uploads\/2021\/09\/logo-sentinelleSLOGAN-1.png","contentUrl":"https:\/\/lasentinelle.dz\/wp-content\/uploads\/2021\/09\/logo-sentinelleSLOGAN-1.png","width":615,"height":142,"caption":"Quotidien La Sentinelle"},"image":{"@id":"https:\/\/lasentinelle.dz\/#\/schema\/logo\/image\/"},"sameAs":["https:\/\/www.facebook.com\/La-Sentinelle-104059864394773"]},{"@type":"Person","@id":"https:\/\/lasentinelle.dz\/#\/schema\/person\/d865044e22e70a75174ce8bcad3acfb3","name":"La Sentinelle","image":{"@type":"ImageObject","inLanguage":"fr-FR","@id":"https:\/\/secure.gravatar.com\/avatar\/57de8e5d4b15d43fb361a71fbb36338450fe67865b528a43dd10ef7c51a20392?s=96&d=mm&r=g","url":"https:\/\/secure.gravatar.com\/avatar\/57de8e5d4b15d43fb361a71fbb36338450fe67865b528a43dd10ef7c51a20392?s=96&d=mm&r=g","contentUrl":"https:\/\/secure.gravatar.com\/avatar\/57de8e5d4b15d43fb361a71fbb36338450fe67865b528a43dd10ef7c51a20392?s=96&d=mm&r=g","caption":"La Sentinelle"},"sameAs":["http:\/\/www.lasentinelle.dz"],"url":"https:\/\/lasentinelle.dz\/author\/redaction\/"}]}},"_links":{"self":[{"href":"https:\/\/lasentinelle.dz\/index.php\/wp-json\/wp\/v2\/posts\/19056","targetHints":{"allow":["GET"]}}],"collection":[{"href":"https:\/\/lasentinelle.dz\/index.php\/wp-json\/wp\/v2\/posts"}],"about":[{"href":"https:\/\/lasentinelle.dz\/index.php\/wp-json\/wp\/v2\/types\/post"}],"author":[{"embeddable":true,"href":"https:\/\/lasentinelle.dz\/index.php\/wp-json\/wp\/v2\/users\/3"}],"replies":[{"embeddable":true,"href":"https:\/\/lasentinelle.dz\/index.php\/wp-json\/wp\/v2\/comments?post=19056"}],"version-history":[{"count":1,"href":"https:\/\/lasentinelle.dz\/index.php\/wp-json\/wp\/v2\/posts\/19056\/revisions"}],"predecessor-version":[{"id":19063,"href":"https:\/\/lasentinelle.dz\/index.php\/wp-json\/wp\/v2\/posts\/19056\/revisions\/19063"}],"wp:featuredmedia":[{"embeddable":true,"href":"https:\/\/lasentinelle.dz\/index.php\/wp-json\/wp\/v2\/media\/19062"}],"wp:attachment":[{"href":"https:\/\/lasentinelle.dz\/index.php\/wp-json\/wp\/v2\/media?parent=19056"}],"wp:term":[{"taxonomy":"category","embeddable":true,"href":"https:\/\/lasentinelle.dz\/index.php\/wp-json\/wp\/v2\/categories?post=19056"},{"taxonomy":"post_tag","embeddable":true,"href":"https:\/\/lasentinelle.dz\/index.php\/wp-json\/wp\/v2\/tags?post=19056"}],"curies":[{"name":"wp","href":"https:\/\/api.w.org\/{rel}","templated":true}]}}