{"id":19068,"date":"2022-03-29T00:01:00","date_gmt":"2022-03-28T23:01:00","guid":{"rendered":"https:\/\/lasentinelle.dz\/?p=19068"},"modified":"2022-03-28T20:02:21","modified_gmt":"2022-03-28T19:02:21","slug":"transports-ferroviaires-priorite-aux-equipements-fabriques-localement","status":"publish","type":"post","link":"https:\/\/lasentinelle.dz\/index.php\/2022\/03\/29\/transports-ferroviaires-priorite-aux-equipements-fabriques-localement\/","title":{"rendered":"Transports ferroviaires\u00a0: Priorit\u00e9 aux \u00e9quipements fabriqu\u00e9s localement"},"content":{"rendered":"\n<p>Plusieurs recommandations ont \u00e9t\u00e9 donn\u00e9es par le nouveau ministre des Transports, Moundji Abdellah, qui s\u2019est r\u00e9uni hier avec les cadres de son d\u00e9partement minist\u00e9riel, le directeur de l\u2019Agence nationale d\u2019\u00e9tudes&nbsp;&nbsp;et du suivi de la r\u00e9alisation des investissements dans les transports ferroviaires, le directeur g\u00e9n\u00e9ral de la soci\u00e9t\u00e9 nationale des transports ferroviaires (SNTF) et le directeur g\u00e9n\u00e9ral de l\u2019Entreprise du M\u00e9tro d\u2019Alger. Les recommandations ont concern\u00e9s le volet de la r\u00e9alisation des projets de voies ferr\u00e9es dont notamment la n\u00e9cessit\u00e9 d\u2019int\u00e9grer les diff\u00e9rents \u00e9quipements fabriqu\u00e9s localement dans tous les projets en cours de r\u00e9alisation et les projets \u00e0 lancer dans l\u2019avenir.&nbsp;&nbsp;&nbsp;&nbsp;&nbsp;&nbsp;&nbsp;&nbsp;&nbsp;&nbsp;&nbsp;&nbsp;&nbsp;&nbsp;&nbsp;&nbsp;&nbsp;&nbsp;&nbsp;A ce chapitre justement, Moundji a mis l\u2019accent, devant les responsables concern\u00e9s, sur la \u00ab n\u00e9cessit\u00e9 de faire un recensement g\u00e9n\u00e9ral des besoins des entreprises activant dans le cr\u00e9neau des transports ferroviaires en ce qui concerne notamment les \u00e9quipements pour pouvoir les fabriquer localement \u00bb. Le travail de partenariat a \u00e9galement \u00e9t\u00e9 abord\u00e9 par le ministre des Transports qui a expliqu\u00e9 que cette m\u00e9thode sera \u00e0 m\u00eame de porter \u00e0 la hausse le taux d\u2019int\u00e9gration dans le domaine. Moundji soulignera \u00e9galement \u00ab l\u2019importance d\u2019int\u00e9grer dans le domaine des universit\u00e9s alg\u00e9riennes, des laboratoires de recherches scientifiques ainsi que les startups \u00bb. \u00ab Des partenaires incontournables \u00bb, estime-t-il, dans cette nouvelle strat\u00e9gie de d\u00e9veloppement des industries ferroviaires. A noter par ailleurs que les responsables pr\u00e9sents \u00e0 la r\u00e9union ont fait des pr\u00e9sentations d\u00e9taill\u00e9es sur les capacit\u00e9s et les moyens disponibles dans le cr\u00e9neau ainsi que les opportunit\u00e9s qui s\u2019offrent&nbsp;&nbsp;dans le domaine technique et op\u00e9rationnel. A rappeler \u00e9galement que le Secr\u00e9taire g\u00e9n\u00e9ral du minist\u00e8re des Transports, Mourad Khoukhi, qui intervenait jeudi pass\u00e9 \u00e0 l\u2019ouverture des travaux d&rsquo;une journ\u00e9e d&rsquo;\u00e9tude sur \u00ab les voies ferr\u00e9es en Alg\u00e9rie \u00bb au si\u00e8ge de l&rsquo;Institut national d&rsquo;\u00e9tudes de strat\u00e9gie globale (INESG) a fait savoir que \u00ab le secteur aspirait \u00e0 atteindre 6.300 km de voie ferr\u00e9e \u00e0 court terme \u00bb. Un objectif pour lequel, assure-t-il, \u00ab les pouvoirs publics avaient d\u00e9gag\u00e9 des moyens financiers consid\u00e9rables pour moderniser le r\u00e9seau ferroviaire et renforcer les moyens de transport des voyageurs et des marchandises \u00bb. Le m\u00eame intervenant fera \u00e9galement savoir que le r\u00e9seau ferroviaire national passera de 4.200 km de longueur actuellement \u00e0 6.300 km \u00e0 \u00ab court terme \u00bb puis \u00e0 12 500 km apr\u00e8s la finalisation de tous les programmes d&rsquo;investissements supervis\u00e9s par l&rsquo;Agence nationale d\u2019\u00e9tudes et de suivi de la r\u00e9alisation des investissements ferroviaires (ANESRIF). Un programme \u00ab d\u2019envergure \u00bb a d\u2019ailleurs \u00e9t\u00e9 \u00e9labor\u00e9 par la soci\u00e9t\u00e9 nationale des transports ferroviaires pour la r\u00e9habilitation et la r\u00e9novation des wagons de trains et l&rsquo;acquisition d&rsquo;un nouveau mat\u00e9riel de traction en vue de renforcer son parc et am\u00e9liorer ses services, a-t-il annonc\u00e9.&nbsp;<\/p>\n\n\n\n<p>Akli Amor<\/p>\n","protected":false},"excerpt":{"rendered":"<p>Plusieurs recommandations ont \u00e9t\u00e9 donn\u00e9es par le nouveau ministre des Transports, Moundji Abdellah, qui s\u2019est r\u00e9uni hier avec les cadres<\/p>\n","protected":false},"author":3,"featured_media":19074,"comment_status":"open","ping_status":"closed","sticky":false,"template":"","format":"standard","meta":{"colormag_page_container_layout":"default_layout","colormag_page_sidebar_layout":"default_layout","om_disable_all_campaigns":false,"_monsterinsights_skip_tracking":false,"_monsterinsights_sitenote_active":false,"_monsterinsights_sitenote_note":"","_monsterinsights_sitenote_category":0,"footnotes":"","_wpscppro_dont_share_socialmedia":false,"_wpscppro_custom_social_share_image":0,"_facebook_share_type":"","_twitter_share_type":"","_linkedin_share_type":"","_pinterest_share_type":"","_linkedin_share_type_page":"","_instagram_share_type":"","_medium_share_type":"","_threads_share_type":"","_google_business_share_type":"","_selected_social_profile":[],"_wpsp_enable_custom_social_template":false,"_wpsp_social_scheduling":{"enabled":false,"datetime":null,"platforms":[],"status":"template_only","dateOption":"today","timeOption":"now","customDays":"","customHours":"","customDate":"","customTime":"","schedulingType":"absolute"},"_wpsp_active_default_template":true},"categories":[29],"tags":[],"class_list":["post-19068","post","type-post","status-publish","format-standard","has-post-thumbnail","hentry","category-economie"],"aioseo_notices":[],"yoast_head":"<!-- This site is optimized with the Yoast SEO plugin v27.5 - https:\/\/yoast.com\/product\/yoast-seo-wordpress\/ -->\n<title>Transports ferroviaires\u00a0: Priorit\u00e9 aux \u00e9quipements fabriqu\u00e9s localement - La Sentinelle<\/title>\n<meta name=\"robots\" content=\"index, follow, max-snippet:-1, max-image-preview:large, max-video-preview:-1\" \/>\n<link rel=\"canonical\" href=\"https:\/\/lasentinelle.dz\/index.php\/2022\/03\/29\/transports-ferroviaires-priorite-aux-equipements-fabriques-localement\/\" \/>\n<meta property=\"og:locale\" content=\"fr_FR\" \/>\n<meta property=\"og:type\" content=\"article\" \/>\n<meta property=\"og:title\" content=\"Transports ferroviaires\u00a0: Priorit\u00e9 aux \u00e9quipements fabriqu\u00e9s localement - La Sentinelle\" \/>\n<meta property=\"og:description\" content=\"Plusieurs recommandations ont \u00e9t\u00e9 donn\u00e9es par le nouveau ministre des Transports, Moundji Abdellah, qui s\u2019est r\u00e9uni hier avec les cadres\" \/>\n<meta property=\"og:url\" content=\"https:\/\/lasentinelle.dz\/index.php\/2022\/03\/29\/transports-ferroviaires-priorite-aux-equipements-fabriques-localement\/\" \/>\n<meta property=\"og:site_name\" content=\"La Sentinelle\" \/>\n<meta property=\"article:publisher\" content=\"https:\/\/www.facebook.com\/La-Sentinelle-104059864394773\" \/>\n<meta property=\"article:published_time\" content=\"2022-03-28T23:01:00+00:00\" \/>\n<meta property=\"og:image\" content=\"https:\/\/lasentinelle.dz\/wp-content\/uploads\/2022\/03\/d-la-sntf-prete-pour-la-reprise-57644.jpg\" \/>\n\t<meta property=\"og:image:width\" content=\"620\" \/>\n\t<meta property=\"og:image:height\" content=\"412\" \/>\n\t<meta property=\"og:image:type\" content=\"image\/jpeg\" \/>\n<meta name=\"author\" content=\"La Sentinelle\" \/>\n<meta name=\"twitter:card\" content=\"summary_large_image\" \/>\n<meta name=\"twitter:label1\" content=\"\u00c9crit par\" \/>\n\t<meta name=\"twitter:data1\" content=\"La Sentinelle\" \/>\n\t<meta name=\"twitter:label2\" content=\"Dur\u00e9e de lecture estim\u00e9e\" \/>\n\t<meta name=\"twitter:data2\" content=\"3 minutes\" \/>\n<script type=\"application\/ld+json\" class=\"yoast-schema-graph\">{\"@context\":\"https:\\\/\\\/schema.org\",\"@graph\":[{\"@type\":\"Article\",\"@id\":\"https:\\\/\\\/lasentinelle.dz\\\/index.php\\\/2022\\\/03\\\/29\\\/transports-ferroviaires-priorite-aux-equipements-fabriques-localement\\\/#article\",\"isPartOf\":{\"@id\":\"https:\\\/\\\/lasentinelle.dz\\\/index.php\\\/2022\\\/03\\\/29\\\/transports-ferroviaires-priorite-aux-equipements-fabriques-localement\\\/\"},\"author\":{\"name\":\"La Sentinelle\",\"@id\":\"https:\\\/\\\/lasentinelle.dz\\\/#\\\/schema\\\/person\\\/d865044e22e70a75174ce8bcad3acfb3\"},\"headline\":\"Transports ferroviaires\u00a0: Priorit\u00e9 aux \u00e9quipements fabriqu\u00e9s localement\",\"datePublished\":\"2022-03-28T23:01:00+00:00\",\"mainEntityOfPage\":{\"@id\":\"https:\\\/\\\/lasentinelle.dz\\\/index.php\\\/2022\\\/03\\\/29\\\/transports-ferroviaires-priorite-aux-equipements-fabriques-localement\\\/\"},\"wordCount\":537,\"commentCount\":0,\"publisher\":{\"@id\":\"https:\\\/\\\/lasentinelle.dz\\\/#organization\"},\"image\":{\"@id\":\"https:\\\/\\\/lasentinelle.dz\\\/index.php\\\/2022\\\/03\\\/29\\\/transports-ferroviaires-priorite-aux-equipements-fabriques-localement\\\/#primaryimage\"},\"thumbnailUrl\":\"https:\\\/\\\/lasentinelle.dz\\\/wp-content\\\/uploads\\\/2022\\\/03\\\/d-la-sntf-prete-pour-la-reprise-57644.jpg\",\"articleSection\":[\"\u00c9conomie\"],\"inLanguage\":\"fr-FR\",\"potentialAction\":[{\"@type\":\"CommentAction\",\"name\":\"Comment\",\"target\":[\"https:\\\/\\\/lasentinelle.dz\\\/index.php\\\/2022\\\/03\\\/29\\\/transports-ferroviaires-priorite-aux-equipements-fabriques-localement\\\/#respond\"]}]},{\"@type\":\"WebPage\",\"@id\":\"https:\\\/\\\/lasentinelle.dz\\\/index.php\\\/2022\\\/03\\\/29\\\/transports-ferroviaires-priorite-aux-equipements-fabriques-localement\\\/\",\"url\":\"https:\\\/\\\/lasentinelle.dz\\\/index.php\\\/2022\\\/03\\\/29\\\/transports-ferroviaires-priorite-aux-equipements-fabriques-localement\\\/\",\"name\":\"Transports ferroviaires\u00a0: Priorit\u00e9 aux \u00e9quipements fabriqu\u00e9s localement - La Sentinelle\",\"isPartOf\":{\"@id\":\"https:\\\/\\\/lasentinelle.dz\\\/#website\"},\"primaryImageOfPage\":{\"@id\":\"https:\\\/\\\/lasentinelle.dz\\\/index.php\\\/2022\\\/03\\\/29\\\/transports-ferroviaires-priorite-aux-equipements-fabriques-localement\\\/#primaryimage\"},\"image\":{\"@id\":\"https:\\\/\\\/lasentinelle.dz\\\/index.php\\\/2022\\\/03\\\/29\\\/transports-ferroviaires-priorite-aux-equipements-fabriques-localement\\\/#primaryimage\"},\"thumbnailUrl\":\"https:\\\/\\\/lasentinelle.dz\\\/wp-content\\\/uploads\\\/2022\\\/03\\\/d-la-sntf-prete-pour-la-reprise-57644.jpg\",\"datePublished\":\"2022-03-28T23:01:00+00:00\",\"breadcrumb\":{\"@id\":\"https:\\\/\\\/lasentinelle.dz\\\/index.php\\\/2022\\\/03\\\/29\\\/transports-ferroviaires-priorite-aux-equipements-fabriques-localement\\\/#breadcrumb\"},\"inLanguage\":\"fr-FR\",\"potentialAction\":[{\"@type\":\"ReadAction\",\"target\":[\"https:\\\/\\\/lasentinelle.dz\\\/index.php\\\/2022\\\/03\\\/29\\\/transports-ferroviaires-priorite-aux-equipements-fabriques-localement\\\/\"]}]},{\"@type\":\"ImageObject\",\"inLanguage\":\"fr-FR\",\"@id\":\"https:\\\/\\\/lasentinelle.dz\\\/index.php\\\/2022\\\/03\\\/29\\\/transports-ferroviaires-priorite-aux-equipements-fabriques-localement\\\/#primaryimage\",\"url\":\"https:\\\/\\\/lasentinelle.dz\\\/wp-content\\\/uploads\\\/2022\\\/03\\\/d-la-sntf-prete-pour-la-reprise-57644.jpg\",\"contentUrl\":\"https:\\\/\\\/lasentinelle.dz\\\/wp-content\\\/uploads\\\/2022\\\/03\\\/d-la-sntf-prete-pour-la-reprise-57644.jpg\",\"width\":620,\"height\":412},{\"@type\":\"BreadcrumbList\",\"@id\":\"https:\\\/\\\/lasentinelle.dz\\\/index.php\\\/2022\\\/03\\\/29\\\/transports-ferroviaires-priorite-aux-equipements-fabriques-localement\\\/#breadcrumb\",\"itemListElement\":[{\"@type\":\"ListItem\",\"position\":1,\"name\":\"Accueil\",\"item\":\"https:\\\/\\\/lasentinelle.dz\\\/\"},{\"@type\":\"ListItem\",\"position\":2,\"name\":\"Transports ferroviaires\u00a0: Priorit\u00e9 aux \u00e9quipements fabriqu\u00e9s localement\"}]},{\"@type\":\"WebSite\",\"@id\":\"https:\\\/\\\/lasentinelle.dz\\\/#website\",\"url\":\"https:\\\/\\\/lasentinelle.dz\\\/\",\"name\":\"La Sentinelle\",\"description\":\"Quotidien national d&#039;information\",\"publisher\":{\"@id\":\"https:\\\/\\\/lasentinelle.dz\\\/#organization\"},\"potentialAction\":[{\"@type\":\"SearchAction\",\"target\":{\"@type\":\"EntryPoint\",\"urlTemplate\":\"https:\\\/\\\/lasentinelle.dz\\\/?s={search_term_string}\"},\"query-input\":{\"@type\":\"PropertyValueSpecification\",\"valueRequired\":true,\"valueName\":\"search_term_string\"}}],\"inLanguage\":\"fr-FR\"},{\"@type\":\"Organization\",\"@id\":\"https:\\\/\\\/lasentinelle.dz\\\/#organization\",\"name\":\"Quotidien La Sentinelle\",\"url\":\"https:\\\/\\\/lasentinelle.dz\\\/\",\"logo\":{\"@type\":\"ImageObject\",\"inLanguage\":\"fr-FR\",\"@id\":\"https:\\\/\\\/lasentinelle.dz\\\/#\\\/schema\\\/logo\\\/image\\\/\",\"url\":\"https:\\\/\\\/lasentinelle.dz\\\/wp-content\\\/uploads\\\/2021\\\/09\\\/logo-sentinelleSLOGAN-1.png\",\"contentUrl\":\"https:\\\/\\\/lasentinelle.dz\\\/wp-content\\\/uploads\\\/2021\\\/09\\\/logo-sentinelleSLOGAN-1.png\",\"width\":615,\"height\":142,\"caption\":\"Quotidien La Sentinelle\"},\"image\":{\"@id\":\"https:\\\/\\\/lasentinelle.dz\\\/#\\\/schema\\\/logo\\\/image\\\/\"},\"sameAs\":[\"https:\\\/\\\/www.facebook.com\\\/La-Sentinelle-104059864394773\"]},{\"@type\":\"Person\",\"@id\":\"https:\\\/\\\/lasentinelle.dz\\\/#\\\/schema\\\/person\\\/d865044e22e70a75174ce8bcad3acfb3\",\"name\":\"La Sentinelle\",\"image\":{\"@type\":\"ImageObject\",\"inLanguage\":\"fr-FR\",\"@id\":\"https:\\\/\\\/secure.gravatar.com\\\/avatar\\\/57de8e5d4b15d43fb361a71fbb36338450fe67865b528a43dd10ef7c51a20392?s=96&d=mm&r=g\",\"url\":\"https:\\\/\\\/secure.gravatar.com\\\/avatar\\\/57de8e5d4b15d43fb361a71fbb36338450fe67865b528a43dd10ef7c51a20392?s=96&d=mm&r=g\",\"contentUrl\":\"https:\\\/\\\/secure.gravatar.com\\\/avatar\\\/57de8e5d4b15d43fb361a71fbb36338450fe67865b528a43dd10ef7c51a20392?s=96&d=mm&r=g\",\"caption\":\"La Sentinelle\"},\"sameAs\":[\"http:\\\/\\\/www.lasentinelle.dz\"],\"url\":\"https:\\\/\\\/lasentinelle.dz\\\/author\\\/redaction\\\/\"}]}<\/script>\n<!-- \/ Yoast SEO plugin. -->","yoast_head_json":{"title":"Transports ferroviaires\u00a0: Priorit\u00e9 aux \u00e9quipements fabriqu\u00e9s localement - La Sentinelle","robots":{"index":"index","follow":"follow","max-snippet":"max-snippet:-1","max-image-preview":"max-image-preview:large","max-video-preview":"max-video-preview:-1"},"canonical":"https:\/\/lasentinelle.dz\/index.php\/2022\/03\/29\/transports-ferroviaires-priorite-aux-equipements-fabriques-localement\/","og_locale":"fr_FR","og_type":"article","og_title":"Transports ferroviaires\u00a0: Priorit\u00e9 aux \u00e9quipements fabriqu\u00e9s localement - La Sentinelle","og_description":"Plusieurs recommandations ont \u00e9t\u00e9 donn\u00e9es par le nouveau ministre des Transports, Moundji Abdellah, qui s\u2019est r\u00e9uni hier avec les cadres","og_url":"https:\/\/lasentinelle.dz\/index.php\/2022\/03\/29\/transports-ferroviaires-priorite-aux-equipements-fabriques-localement\/","og_site_name":"La Sentinelle","article_publisher":"https:\/\/www.facebook.com\/La-Sentinelle-104059864394773","article_published_time":"2022-03-28T23:01:00+00:00","og_image":[{"width":620,"height":412,"url":"https:\/\/lasentinelle.dz\/wp-content\/uploads\/2022\/03\/d-la-sntf-prete-pour-la-reprise-57644.jpg","type":"image\/jpeg"}],"author":"La Sentinelle","twitter_card":"summary_large_image","twitter_misc":{"\u00c9crit par":"La Sentinelle","Dur\u00e9e de lecture estim\u00e9e":"3 minutes"},"schema":{"@context":"https:\/\/schema.org","@graph":[{"@type":"Article","@id":"https:\/\/lasentinelle.dz\/index.php\/2022\/03\/29\/transports-ferroviaires-priorite-aux-equipements-fabriques-localement\/#article","isPartOf":{"@id":"https:\/\/lasentinelle.dz\/index.php\/2022\/03\/29\/transports-ferroviaires-priorite-aux-equipements-fabriques-localement\/"},"author":{"name":"La Sentinelle","@id":"https:\/\/lasentinelle.dz\/#\/schema\/person\/d865044e22e70a75174ce8bcad3acfb3"},"headline":"Transports ferroviaires\u00a0: Priorit\u00e9 aux \u00e9quipements fabriqu\u00e9s localement","datePublished":"2022-03-28T23:01:00+00:00","mainEntityOfPage":{"@id":"https:\/\/lasentinelle.dz\/index.php\/2022\/03\/29\/transports-ferroviaires-priorite-aux-equipements-fabriques-localement\/"},"wordCount":537,"commentCount":0,"publisher":{"@id":"https:\/\/lasentinelle.dz\/#organization"},"image":{"@id":"https:\/\/lasentinelle.dz\/index.php\/2022\/03\/29\/transports-ferroviaires-priorite-aux-equipements-fabriques-localement\/#primaryimage"},"thumbnailUrl":"https:\/\/lasentinelle.dz\/wp-content\/uploads\/2022\/03\/d-la-sntf-prete-pour-la-reprise-57644.jpg","articleSection":["\u00c9conomie"],"inLanguage":"fr-FR","potentialAction":[{"@type":"CommentAction","name":"Comment","target":["https:\/\/lasentinelle.dz\/index.php\/2022\/03\/29\/transports-ferroviaires-priorite-aux-equipements-fabriques-localement\/#respond"]}]},{"@type":"WebPage","@id":"https:\/\/lasentinelle.dz\/index.php\/2022\/03\/29\/transports-ferroviaires-priorite-aux-equipements-fabriques-localement\/","url":"https:\/\/lasentinelle.dz\/index.php\/2022\/03\/29\/transports-ferroviaires-priorite-aux-equipements-fabriques-localement\/","name":"Transports ferroviaires\u00a0: Priorit\u00e9 aux \u00e9quipements fabriqu\u00e9s localement - La Sentinelle","isPartOf":{"@id":"https:\/\/lasentinelle.dz\/#website"},"primaryImageOfPage":{"@id":"https:\/\/lasentinelle.dz\/index.php\/2022\/03\/29\/transports-ferroviaires-priorite-aux-equipements-fabriques-localement\/#primaryimage"},"image":{"@id":"https:\/\/lasentinelle.dz\/index.php\/2022\/03\/29\/transports-ferroviaires-priorite-aux-equipements-fabriques-localement\/#primaryimage"},"thumbnailUrl":"https:\/\/lasentinelle.dz\/wp-content\/uploads\/2022\/03\/d-la-sntf-prete-pour-la-reprise-57644.jpg","datePublished":"2022-03-28T23:01:00+00:00","breadcrumb":{"@id":"https:\/\/lasentinelle.dz\/index.php\/2022\/03\/29\/transports-ferroviaires-priorite-aux-equipements-fabriques-localement\/#breadcrumb"},"inLanguage":"fr-FR","potentialAction":[{"@type":"ReadAction","target":["https:\/\/lasentinelle.dz\/index.php\/2022\/03\/29\/transports-ferroviaires-priorite-aux-equipements-fabriques-localement\/"]}]},{"@type":"ImageObject","inLanguage":"fr-FR","@id":"https:\/\/lasentinelle.dz\/index.php\/2022\/03\/29\/transports-ferroviaires-priorite-aux-equipements-fabriques-localement\/#primaryimage","url":"https:\/\/lasentinelle.dz\/wp-content\/uploads\/2022\/03\/d-la-sntf-prete-pour-la-reprise-57644.jpg","contentUrl":"https:\/\/lasentinelle.dz\/wp-content\/uploads\/2022\/03\/d-la-sntf-prete-pour-la-reprise-57644.jpg","width":620,"height":412},{"@type":"BreadcrumbList","@id":"https:\/\/lasentinelle.dz\/index.php\/2022\/03\/29\/transports-ferroviaires-priorite-aux-equipements-fabriques-localement\/#breadcrumb","itemListElement":[{"@type":"ListItem","position":1,"name":"Accueil","item":"https:\/\/lasentinelle.dz\/"},{"@type":"ListItem","position":2,"name":"Transports ferroviaires\u00a0: Priorit\u00e9 aux \u00e9quipements fabriqu\u00e9s localement"}]},{"@type":"WebSite","@id":"https:\/\/lasentinelle.dz\/#website","url":"https:\/\/lasentinelle.dz\/","name":"La Sentinelle","description":"Quotidien national d&#039;information","publisher":{"@id":"https:\/\/lasentinelle.dz\/#organization"},"potentialAction":[{"@type":"SearchAction","target":{"@type":"EntryPoint","urlTemplate":"https:\/\/lasentinelle.dz\/?s={search_term_string}"},"query-input":{"@type":"PropertyValueSpecification","valueRequired":true,"valueName":"search_term_string"}}],"inLanguage":"fr-FR"},{"@type":"Organization","@id":"https:\/\/lasentinelle.dz\/#organization","name":"Quotidien La Sentinelle","url":"https:\/\/lasentinelle.dz\/","logo":{"@type":"ImageObject","inLanguage":"fr-FR","@id":"https:\/\/lasentinelle.dz\/#\/schema\/logo\/image\/","url":"https:\/\/lasentinelle.dz\/wp-content\/uploads\/2021\/09\/logo-sentinelleSLOGAN-1.png","contentUrl":"https:\/\/lasentinelle.dz\/wp-content\/uploads\/2021\/09\/logo-sentinelleSLOGAN-1.png","width":615,"height":142,"caption":"Quotidien La Sentinelle"},"image":{"@id":"https:\/\/lasentinelle.dz\/#\/schema\/logo\/image\/"},"sameAs":["https:\/\/www.facebook.com\/La-Sentinelle-104059864394773"]},{"@type":"Person","@id":"https:\/\/lasentinelle.dz\/#\/schema\/person\/d865044e22e70a75174ce8bcad3acfb3","name":"La Sentinelle","image":{"@type":"ImageObject","inLanguage":"fr-FR","@id":"https:\/\/secure.gravatar.com\/avatar\/57de8e5d4b15d43fb361a71fbb36338450fe67865b528a43dd10ef7c51a20392?s=96&d=mm&r=g","url":"https:\/\/secure.gravatar.com\/avatar\/57de8e5d4b15d43fb361a71fbb36338450fe67865b528a43dd10ef7c51a20392?s=96&d=mm&r=g","contentUrl":"https:\/\/secure.gravatar.com\/avatar\/57de8e5d4b15d43fb361a71fbb36338450fe67865b528a43dd10ef7c51a20392?s=96&d=mm&r=g","caption":"La Sentinelle"},"sameAs":["http:\/\/www.lasentinelle.dz"],"url":"https:\/\/lasentinelle.dz\/author\/redaction\/"}]}},"_links":{"self":[{"href":"https:\/\/lasentinelle.dz\/index.php\/wp-json\/wp\/v2\/posts\/19068","targetHints":{"allow":["GET"]}}],"collection":[{"href":"https:\/\/lasentinelle.dz\/index.php\/wp-json\/wp\/v2\/posts"}],"about":[{"href":"https:\/\/lasentinelle.dz\/index.php\/wp-json\/wp\/v2\/types\/post"}],"author":[{"embeddable":true,"href":"https:\/\/lasentinelle.dz\/index.php\/wp-json\/wp\/v2\/users\/3"}],"replies":[{"embeddable":true,"href":"https:\/\/lasentinelle.dz\/index.php\/wp-json\/wp\/v2\/comments?post=19068"}],"version-history":[{"count":1,"href":"https:\/\/lasentinelle.dz\/index.php\/wp-json\/wp\/v2\/posts\/19068\/revisions"}],"predecessor-version":[{"id":19075,"href":"https:\/\/lasentinelle.dz\/index.php\/wp-json\/wp\/v2\/posts\/19068\/revisions\/19075"}],"wp:featuredmedia":[{"embeddable":true,"href":"https:\/\/lasentinelle.dz\/index.php\/wp-json\/wp\/v2\/media\/19074"}],"wp:attachment":[{"href":"https:\/\/lasentinelle.dz\/index.php\/wp-json\/wp\/v2\/media?parent=19068"}],"wp:term":[{"taxonomy":"category","embeddable":true,"href":"https:\/\/lasentinelle.dz\/index.php\/wp-json\/wp\/v2\/categories?post=19068"},{"taxonomy":"post_tag","embeddable":true,"href":"https:\/\/lasentinelle.dz\/index.php\/wp-json\/wp\/v2\/tags?post=19068"}],"curies":[{"name":"wp","href":"https:\/\/api.w.org\/{rel}","templated":true}]}}